{"id":12694,"date":"2025-11-06T13:46:57","date_gmt":"2025-11-06T12:46:57","guid":{"rendered":"https:\/\/kunmedierne.dk\/thy\/?p=12694"},"modified":"2025-11-06T13:46:57","modified_gmt":"2025-11-06T12:46:57","slug":"laegeklinik-i-froestrup-skal-fra-1-december-drives-af-regionen","status":"publish","type":"post","link":"https:\/\/kunmedierne.dk\/thy\/laegeklinik-i-froestrup-skal-fra-1-december-drives-af-regionen\/","title":{"rendered":"L\u00e6geklinik i Fr\u00f8strup skal fra 1. december drives af regionen"},"content":{"rendered":"<p><strong>FR\u00d8STRUP:<\/strong> &#8220;K\u00e6re patient ved Fr\u00f8strup L\u00e6gehus&#8221;.<\/p>\n<p>S\u00e5dan indledes det brev, som patienterne hos Fr\u00f8strup L\u00e6gehus har modtaget fra Region Nordjylland med besked om, at l\u00e6gehusets ejer, l\u00e6ge Kim Villadsen, p\u00e5 grund af sygdom oph\u00f8rer med forkortet varsel.<\/p>\n<a class=\"dvrt-link\" onClick=\"cdmtrack_click(1130,jQuery(this));return false\" href=\"https:\/\/www.thistedforsikring.dk\/?utm_source=partnerskaber&amp;utm_campaign=kun_thy\"><img decoding=\"async\" style=\"width:100%;\" src=\"https:\/\/kunmedierne.dk\/thy\/wp-content\/uploads\/sites\/2\/2025\/04\/260409KunThyThisted-For-1.png\"><\/a><script>cdmtrack_view(1130);<\/script>\n<p>Derfor oph\u00f8rer Fr\u00f8strup L\u00e6gehus med virkning fra 1. december, men klinikken overtages samme dag af Region Nordjylland, som f\u00f8rer den videre under navnet Regionsklinik Fr\u00f8strup. L\u00e6gen havde oprindelig meddelt regionen, at han ville oph\u00f8re med klinikken fra 1. marts 2026.<\/p>\n<p><a href=\"https:\/\/kunmedierne.dk\/thy\/1634-patienter-i-froestrup-har-et-problem-laegen-er-syg-og-vil-ophoere-med-sin-praksis\/\">L\u00e6s ogs\u00e5: Patienter i Fr\u00f8strup har et problem: L\u00e6gen er syg og vil oph\u00f8re med sin praksis<\/a><\/p>\n<p>Klinikken vil fortsat have til huse i de nuv\u00e6rende lokaler og det nuv\u00e6rende personale vil fortsat arbejde i klinikken, fremg\u00e5r det af regionens brev til patienterne, som i forbindelse med \u00e6ndringen vil have ret til gratis l\u00e6geskift.<\/p>\n<div id=\"attachment_10878\" style=\"width: 1242px\" class=\"wp-caption alignnone\"><img loading=\"lazy\" decoding=\"async\" aria-describedby=\"caption-attachment-10878\" class=\"wp-image-10878 size-full\" src=\"https:\/\/kunmedierne.dk\/thy\/wp-content\/uploads\/sites\/2\/2025\/10\/Design-uden-navn-2025-10-01T174702.453.jpg\" alt=\"\" width=\"1232\" height=\"821\" srcset=\"https:\/\/kunmedierne.dk\/thy\/wp-content\/uploads\/sites\/2\/2025\/10\/Design-uden-navn-2025-10-01T174702.453.jpg 1232w, https:\/\/kunmedierne.dk\/thy\/wp-content\/uploads\/sites\/2\/2025\/10\/Design-uden-navn-2025-10-01T174702.453-300x200.jpg 300w, https:\/\/kunmedierne.dk\/thy\/wp-content\/uploads\/sites\/2\/2025\/10\/Design-uden-navn-2025-10-01T174702.453-1024x682.jpg 1024w, https:\/\/kunmedierne.dk\/thy\/wp-content\/uploads\/sites\/2\/2025\/10\/Design-uden-navn-2025-10-01T174702.453-510x340.jpg 510w\" sizes=\"auto, (max-width: 1232px) 100vw, 1232px\" \/><p id=\"caption-attachment-10878\" class=\"wp-caption-text\">Pia Buus Pinstrup forsikrer om, at regionen fortsat vil arbejde p\u00e5 at f\u00e5 en ny l\u00e6ge til Fr\u00f8strup, der vil etablere sin egen klinik. Foto: Region Nordjylland<\/p><\/div>\n<p>I en pressemeddelelse fra Region Nordjylland siger Pia forklarer Pia Buus Pinstrup (K), formand for Udvalget for Det N\u00e6re Sundhedsv\u00e6sen, at der p\u00e5 grund at udmeldingen om klinikkens oph\u00f8r og l\u00e6ges sygdom har v\u00e6ret en periode med ustabil adgang til en l\u00e6ge for borgerne i Fr\u00f8strup.<\/p>\n<p>&#8211; Derfor er jeg glad for, at vi nu f\u00e5r etableret et l\u00e6getilbud til borgerne, der kan skabe tryghed i lokalomr\u00e5det, siger Pia Buus Pinstrup.<\/p>\n<a class=\"dvrt-link\" onClick=\"cdmtrack_click(683,jQuery(this));return false\" href=\"https:\/\/vester-begr.dk\/?utm_source=google&amp;utm_medium=advative&amp;gad_source=1&amp;gclid=Cj0KCQjwtJ6_BhDWARIsAGanmKfl-hGVVjCYiOgSKoGoxrow4kvXybZsnruKJYTslvqZDywT6a9PCQwaAmBjEALw_wcB\"><img decoding=\"async\" style=\"width:100%;\" src=\"https:\/\/kunmedierne.dk\/thy\/wp-content\/uploads\/sites\/2\/2025\/03\/260203VesterHoukaer-02022026.jpg\"><\/a><script>cdmtrack_view(683);<\/script>\n<p>Hun forsikrer om, at regionen fortsat vil arbejde p\u00e5 at f\u00e5 en ny l\u00e6ge til Fr\u00f8strup, der vil etablere sin egen klinik.<\/p>\n<p>&#8211; Her ser vi heldigvis, at der de kommende \u00e5r bliver uddannet mange nye speciall\u00e6ger her i regionen, s\u00e5 jeg er overbevist om, at det vil lykkes p\u00e5 sigt, siger Pia Buus Pinstrup.<\/p>\n<p>L\u00e6geklinikken i Fr\u00f8strup har 1531 patienter, fremg\u00e5r det af pressemeddelelsen. Frem til 1. december skal de fortsat kontakte Fr\u00f8strup L\u00e6gehus ved behov for l\u00e6gehj\u00e6lp.<\/p>\n","protected":false},"excerpt":{"rendered":"<p>FR\u00d8STRUP: &#8220;K\u00e6re patient ved Fr\u00f8strup L\u00e6gehus&#8221;. S\u00e5dan indledes det brev, som patienterne hos Fr\u00f8strup L\u00e6gehus har modtaget fra Region Nordjylland med besked om, at l\u00e6gehusets ejer, l\u00e6ge Kim Villadsen, p\u00e5 grund af sygdom oph\u00f8rer med forkortet varsel. Derfor oph\u00f8rer Fr\u00f8strup L\u00e6gehus med virkning fra 1. december, men klinikken overtages samme dag af Region Nordjylland, som [&hellip;]<\/p>\n","protected":false},"author":4535,"featured_media":0,"comment_status":"closed","ping_status":"closed","sticky":false,"template":"","format":"standard","meta":{"_acf_changed":false,"footnotes":""},"categories":[24],"tags":[47],"class_list":["post-12694","post","type-post","status-publish","format-standard","hentry","category-lokalt","tag-sundhed"],"acf":[],"yoast_head":"<!-- This site is optimized with the Yoast SEO plugin v26.8 - https:\/\/yoast.com\/product\/yoast-seo-wordpress\/ -->\n<title>L\u00e6geklinik i Fr\u00f8strup skal fra 1. december drives af regionen - Thy<\/title>\n<meta name=\"robots\" content=\"index, follow, max-snippet:-1, max-image-preview:large, max-video-preview:-1\" \/>\n<link rel=\"canonical\" href=\"https:\/\/kunmedierne.dk\/thy\/laegeklinik-i-froestrup-skal-fra-1-december-drives-af-regionen\/\" \/>\n<meta property=\"og:locale\" content=\"da_DK\" \/>\n<meta property=\"og:type\" content=\"article\" \/>\n<meta property=\"og:title\" content=\"L\u00e6geklinik i Fr\u00f8strup skal fra 1. december drives af regionen - Thy\" \/>\n<meta property=\"og:description\" content=\"FR\u00d8STRUP: &#8220;K\u00e6re patient ved Fr\u00f8strup L\u00e6gehus&#8221;. S\u00e5dan indledes det brev, som patienterne hos Fr\u00f8strup L\u00e6gehus har modtaget fra Region Nordjylland med besked om, at l\u00e6gehusets ejer, l\u00e6ge Kim Villadsen, p\u00e5 grund af sygdom oph\u00f8rer med forkortet varsel. Derfor oph\u00f8rer Fr\u00f8strup L\u00e6gehus med virkning fra 1. december, men klinikken overtages samme dag af Region Nordjylland, som [&hellip;]\" \/>\n<meta property=\"og:url\" content=\"https:\/\/kunmedierne.dk\/thy\/laegeklinik-i-froestrup-skal-fra-1-december-drives-af-regionen\/\" \/>\n<meta property=\"og:site_name\" content=\"Thy\" \/>\n<meta property=\"article:published_time\" content=\"2025-11-06T12:46:57+00:00\" \/>\n<meta property=\"og:image\" content=\"https:\/\/kunmedierne.dk\/thy\/wp-content\/uploads\/sites\/2\/2025\/10\/Design-uden-navn-2025-10-01T174702.453.jpg\" \/>\n<meta name=\"author\" content=\"Jens Fogh Andersen\" \/>\n<meta name=\"twitter:card\" content=\"summary_large_image\" \/>\n<meta name=\"twitter:label1\" content=\"Skrevet af\" \/>\n\t<meta name=\"twitter:data1\" content=\"Jens Fogh Andersen\" \/>\n\t<meta name=\"twitter:label2\" content=\"Estimeret l\u00e6setid\" \/>\n\t<meta name=\"twitter:data2\" content=\"2 minutter\" \/>\n<script type=\"application\/ld+json\" class=\"yoast-schema-graph\">{\"@context\":\"https:\/\/schema.org\",\"@graph\":[{\"@type\":\"Article\",\"@id\":\"https:\/\/kunmedierne.dk\/thy\/laegeklinik-i-froestrup-skal-fra-1-december-drives-af-regionen\/#article\",\"isPartOf\":{\"@id\":\"https:\/\/kunmedierne.dk\/thy\/laegeklinik-i-froestrup-skal-fra-1-december-drives-af-regionen\/\"},\"author\":{\"name\":\"Jens Fogh Andersen\",\"@id\":\"https:\/\/kunmedierne.dk\/thy\/#\/schema\/person\/88f5be46809ca2a5533760eb574fef93\"},\"headline\":\"L\u00e6geklinik i Fr\u00f8strup skal fra 1. december drives af regionen\",\"datePublished\":\"2025-11-06T12:46:57+00:00\",\"mainEntityOfPage\":{\"@id\":\"https:\/\/kunmedierne.dk\/thy\/laegeklinik-i-froestrup-skal-fra-1-december-drives-af-regionen\/\"},\"wordCount\":372,\"publisher\":{\"@id\":\"https:\/\/kunmedierne.dk\/thy\/#organization\"},\"image\":{\"@id\":\"https:\/\/kunmedierne.dk\/thy\/laegeklinik-i-froestrup-skal-fra-1-december-drives-af-regionen\/#primaryimage\"},\"thumbnailUrl\":\"https:\/\/kunmedierne.dk\/thy\/wp-content\/uploads\/sites\/2\/2025\/10\/Design-uden-navn-2025-10-01T174702.453.jpg\",\"keywords\":[\"Sundhed\"],\"articleSection\":[\"Lokalt\"],\"inLanguage\":\"da-DK\"},{\"@type\":\"WebPage\",\"@id\":\"https:\/\/kunmedierne.dk\/thy\/laegeklinik-i-froestrup-skal-fra-1-december-drives-af-regionen\/\",\"url\":\"https:\/\/kunmedierne.dk\/thy\/laegeklinik-i-froestrup-skal-fra-1-december-drives-af-regionen\/\",\"name\":\"L\u00e6geklinik i Fr\u00f8strup skal fra 1. december drives af regionen - Thy\",\"isPartOf\":{\"@id\":\"https:\/\/kunmedierne.dk\/thy\/#website\"},\"primaryImageOfPage\":{\"@id\":\"https:\/\/kunmedierne.dk\/thy\/laegeklinik-i-froestrup-skal-fra-1-december-drives-af-regionen\/#primaryimage\"},\"image\":{\"@id\":\"https:\/\/kunmedierne.dk\/thy\/laegeklinik-i-froestrup-skal-fra-1-december-drives-af-regionen\/#primaryimage\"},\"thumbnailUrl\":\"https:\/\/kunmedierne.dk\/thy\/wp-content\/uploads\/sites\/2\/2025\/10\/Design-uden-navn-2025-10-01T174702.453.jpg\",\"datePublished\":\"2025-11-06T12:46:57+00:00\",\"breadcrumb\":{\"@id\":\"https:\/\/kunmedierne.dk\/thy\/laegeklinik-i-froestrup-skal-fra-1-december-drives-af-regionen\/#breadcrumb\"},\"inLanguage\":\"da-DK\",\"potentialAction\":[{\"@type\":\"ReadAction\",\"target\":[\"https:\/\/kunmedierne.dk\/thy\/laegeklinik-i-froestrup-skal-fra-1-december-drives-af-regionen\/\"]}]},{\"@type\":\"ImageObject\",\"inLanguage\":\"da-DK\",\"@id\":\"https:\/\/kunmedierne.dk\/thy\/laegeklinik-i-froestrup-skal-fra-1-december-drives-af-regionen\/#primaryimage\",\"url\":\"https:\/\/kunmedierne.dk\/thy\/wp-content\/uploads\/sites\/2\/2025\/10\/Design-uden-navn-2025-10-01T174702.453.jpg\",\"contentUrl\":\"https:\/\/kunmedierne.dk\/thy\/wp-content\/uploads\/sites\/2\/2025\/10\/Design-uden-navn-2025-10-01T174702.453.jpg\",\"width\":1232,\"height\":821},{\"@type\":\"BreadcrumbList\",\"@id\":\"https:\/\/kunmedierne.dk\/thy\/laegeklinik-i-froestrup-skal-fra-1-december-drives-af-regionen\/#breadcrumb\",\"itemListElement\":[{\"@type\":\"ListItem\",\"position\":1,\"name\":\"Home\",\"item\":\"https:\/\/kunmedierne.dk\/thy\/\"},{\"@type\":\"ListItem\",\"position\":2,\"name\":\"L\u00e6geklinik i Fr\u00f8strup skal fra 1. december drives af regionen\"}]},{\"@type\":\"WebSite\",\"@id\":\"https:\/\/kunmedierne.dk\/thy\/#website\",\"url\":\"https:\/\/kunmedierne.dk\/thy\/\",\"name\":\"Thy\",\"description\":\"et netmedie med journalistik om livet i Thy\",\"publisher\":{\"@id\":\"https:\/\/kunmedierne.dk\/thy\/#organization\"},\"potentialAction\":[{\"@type\":\"SearchAction\",\"target\":{\"@type\":\"EntryPoint\",\"urlTemplate\":\"https:\/\/kunmedierne.dk\/thy\/?s={search_term_string}\"},\"query-input\":{\"@type\":\"PropertyValueSpecification\",\"valueRequired\":true,\"valueName\":\"search_term_string\"}}],\"inLanguage\":\"da-DK\"},{\"@type\":\"Organization\",\"@id\":\"https:\/\/kunmedierne.dk\/thy\/#organization\",\"name\":\"Thy\",\"url\":\"https:\/\/kunmedierne.dk\/thy\/\",\"logo\":{\"@type\":\"ImageObject\",\"inLanguage\":\"da-DK\",\"@id\":\"https:\/\/kunmedierne.dk\/thy\/#\/schema\/logo\/image\/\",\"url\":\"https:\/\/kunmedierne.dk\/thy\/wp-content\/uploads\/sites\/2\/2025\/04\/kunthy-logo.svg\",\"contentUrl\":\"https:\/\/kunmedierne.dk\/thy\/wp-content\/uploads\/sites\/2\/2025\/04\/kunthy-logo.svg\",\"caption\":\"Thy\"},\"image\":{\"@id\":\"https:\/\/kunmedierne.dk\/thy\/#\/schema\/logo\/image\/\"}},{\"@type\":\"Person\",\"@id\":\"https:\/\/kunmedierne.dk\/thy\/#\/schema\/person\/88f5be46809ca2a5533760eb574fef93\",\"name\":\"Jens Fogh Andersen\",\"image\":{\"@type\":\"ImageObject\",\"inLanguage\":\"da-DK\",\"@id\":\"https:\/\/kunmedierne.dk\/thy\/#\/schema\/person\/image\/\",\"url\":\"https:\/\/secure.gravatar.com\/avatar\/2b367a4ef139b1c41dccc9ee7af926b81f8b4cca3359772e86c7fd5ced26c0a3?s=96&d=mm&r=g\",\"contentUrl\":\"https:\/\/secure.gravatar.com\/avatar\/2b367a4ef139b1c41dccc9ee7af926b81f8b4cca3359772e86c7fd5ced26c0a3?s=96&d=mm&r=g\",\"caption\":\"Jens Fogh Andersen\"},\"url\":\"https:\/\/kunmedierne.dk\/thy\/author\/jfa\/\"}]}<\/script>\n<!-- \/ Yoast SEO plugin. -->","yoast_head_json":{"title":"L\u00e6geklinik i Fr\u00f8strup skal fra 1. december drives af regionen - Thy","robots":{"index":"index","follow":"follow","max-snippet":"max-snippet:-1","max-image-preview":"max-image-preview:large","max-video-preview":"max-video-preview:-1"},"canonical":"https:\/\/kunmedierne.dk\/thy\/laegeklinik-i-froestrup-skal-fra-1-december-drives-af-regionen\/","og_locale":"da_DK","og_type":"article","og_title":"L\u00e6geklinik i Fr\u00f8strup skal fra 1. december drives af regionen - Thy","og_description":"FR\u00d8STRUP: &#8220;K\u00e6re patient ved Fr\u00f8strup L\u00e6gehus&#8221;. S\u00e5dan indledes det brev, som patienterne hos Fr\u00f8strup L\u00e6gehus har modtaget fra Region Nordjylland med besked om, at l\u00e6gehusets ejer, l\u00e6ge Kim Villadsen, p\u00e5 grund af sygdom oph\u00f8rer med forkortet varsel. Derfor oph\u00f8rer Fr\u00f8strup L\u00e6gehus med virkning fra 1. december, men klinikken overtages samme dag af Region Nordjylland, som [&hellip;]","og_url":"https:\/\/kunmedierne.dk\/thy\/laegeklinik-i-froestrup-skal-fra-1-december-drives-af-regionen\/","og_site_name":"Thy","article_published_time":"2025-11-06T12:46:57+00:00","og_image":[{"url":"https:\/\/kunmedierne.dk\/thy\/wp-content\/uploads\/sites\/2\/2025\/10\/Design-uden-navn-2025-10-01T174702.453.jpg","type":"","width":"","height":""}],"author":"Jens Fogh Andersen","twitter_card":"summary_large_image","twitter_misc":{"Skrevet af":"Jens Fogh Andersen","Estimeret l\u00e6setid":"2 minutter"},"schema":{"@context":"https:\/\/schema.org","@graph":[{"@type":"Article","@id":"https:\/\/kunmedierne.dk\/thy\/laegeklinik-i-froestrup-skal-fra-1-december-drives-af-regionen\/#article","isPartOf":{"@id":"https:\/\/kunmedierne.dk\/thy\/laegeklinik-i-froestrup-skal-fra-1-december-drives-af-regionen\/"},"author":{"name":"Jens Fogh Andersen","@id":"https:\/\/kunmedierne.dk\/thy\/#\/schema\/person\/88f5be46809ca2a5533760eb574fef93"},"headline":"L\u00e6geklinik i Fr\u00f8strup skal fra 1. december drives af regionen","datePublished":"2025-11-06T12:46:57+00:00","mainEntityOfPage":{"@id":"https:\/\/kunmedierne.dk\/thy\/laegeklinik-i-froestrup-skal-fra-1-december-drives-af-regionen\/"},"wordCount":372,"publisher":{"@id":"https:\/\/kunmedierne.dk\/thy\/#organization"},"image":{"@id":"https:\/\/kunmedierne.dk\/thy\/laegeklinik-i-froestrup-skal-fra-1-december-drives-af-regionen\/#primaryimage"},"thumbnailUrl":"https:\/\/kunmedierne.dk\/thy\/wp-content\/uploads\/sites\/2\/2025\/10\/Design-uden-navn-2025-10-01T174702.453.jpg","keywords":["Sundhed"],"articleSection":["Lokalt"],"inLanguage":"da-DK"},{"@type":"WebPage","@id":"https:\/\/kunmedierne.dk\/thy\/laegeklinik-i-froestrup-skal-fra-1-december-drives-af-regionen\/","url":"https:\/\/kunmedierne.dk\/thy\/laegeklinik-i-froestrup-skal-fra-1-december-drives-af-regionen\/","name":"L\u00e6geklinik i Fr\u00f8strup skal fra 1. december drives af regionen - Thy","isPartOf":{"@id":"https:\/\/kunmedierne.dk\/thy\/#website"},"primaryImageOfPage":{"@id":"https:\/\/kunmedierne.dk\/thy\/laegeklinik-i-froestrup-skal-fra-1-december-drives-af-regionen\/#primaryimage"},"image":{"@id":"https:\/\/kunmedierne.dk\/thy\/laegeklinik-i-froestrup-skal-fra-1-december-drives-af-regionen\/#primaryimage"},"thumbnailUrl":"https:\/\/kunmedierne.dk\/thy\/wp-content\/uploads\/sites\/2\/2025\/10\/Design-uden-navn-2025-10-01T174702.453.jpg","datePublished":"2025-11-06T12:46:57+00:00","breadcrumb":{"@id":"https:\/\/kunmedierne.dk\/thy\/laegeklinik-i-froestrup-skal-fra-1-december-drives-af-regionen\/#breadcrumb"},"inLanguage":"da-DK","potentialAction":[{"@type":"ReadAction","target":["https:\/\/kunmedierne.dk\/thy\/laegeklinik-i-froestrup-skal-fra-1-december-drives-af-regionen\/"]}]},{"@type":"ImageObject","inLanguage":"da-DK","@id":"https:\/\/kunmedierne.dk\/thy\/laegeklinik-i-froestrup-skal-fra-1-december-drives-af-regionen\/#primaryimage","url":"https:\/\/kunmedierne.dk\/thy\/wp-content\/uploads\/sites\/2\/2025\/10\/Design-uden-navn-2025-10-01T174702.453.jpg","contentUrl":"https:\/\/kunmedierne.dk\/thy\/wp-content\/uploads\/sites\/2\/2025\/10\/Design-uden-navn-2025-10-01T174702.453.jpg","width":1232,"height":821},{"@type":"BreadcrumbList","@id":"https:\/\/kunmedierne.dk\/thy\/laegeklinik-i-froestrup-skal-fra-1-december-drives-af-regionen\/#breadcrumb","itemListElement":[{"@type":"ListItem","position":1,"name":"Home","item":"https:\/\/kunmedierne.dk\/thy\/"},{"@type":"ListItem","position":2,"name":"L\u00e6geklinik i Fr\u00f8strup skal fra 1. december drives af regionen"}]},{"@type":"WebSite","@id":"https:\/\/kunmedierne.dk\/thy\/#website","url":"https:\/\/kunmedierne.dk\/thy\/","name":"Thy","description":"et netmedie med journalistik om livet i Thy","publisher":{"@id":"https:\/\/kunmedierne.dk\/thy\/#organization"},"potentialAction":[{"@type":"SearchAction","target":{"@type":"EntryPoint","urlTemplate":"https:\/\/kunmedierne.dk\/thy\/?s={search_term_string}"},"query-input":{"@type":"PropertyValueSpecification","valueRequired":true,"valueName":"search_term_string"}}],"inLanguage":"da-DK"},{"@type":"Organization","@id":"https:\/\/kunmedierne.dk\/thy\/#organization","name":"Thy","url":"https:\/\/kunmedierne.dk\/thy\/","logo":{"@type":"ImageObject","inLanguage":"da-DK","@id":"https:\/\/kunmedierne.dk\/thy\/#\/schema\/logo\/image\/","url":"https:\/\/kunmedierne.dk\/thy\/wp-content\/uploads\/sites\/2\/2025\/04\/kunthy-logo.svg","contentUrl":"https:\/\/kunmedierne.dk\/thy\/wp-content\/uploads\/sites\/2\/2025\/04\/kunthy-logo.svg","caption":"Thy"},"image":{"@id":"https:\/\/kunmedierne.dk\/thy\/#\/schema\/logo\/image\/"}},{"@type":"Person","@id":"https:\/\/kunmedierne.dk\/thy\/#\/schema\/person\/88f5be46809ca2a5533760eb574fef93","name":"Jens Fogh Andersen","image":{"@type":"ImageObject","inLanguage":"da-DK","@id":"https:\/\/kunmedierne.dk\/thy\/#\/schema\/person\/image\/","url":"https:\/\/secure.gravatar.com\/avatar\/2b367a4ef139b1c41dccc9ee7af926b81f8b4cca3359772e86c7fd5ced26c0a3?s=96&d=mm&r=g","contentUrl":"https:\/\/secure.gravatar.com\/avatar\/2b367a4ef139b1c41dccc9ee7af926b81f8b4cca3359772e86c7fd5ced26c0a3?s=96&d=mm&r=g","caption":"Jens Fogh Andersen"},"url":"https:\/\/kunmedierne.dk\/thy\/author\/jfa\/"}]}},"_links":{"self":[{"href":"https:\/\/kunmedierne.dk\/thy\/wp-json\/wp\/v2\/posts\/12694","targetHints":{"allow":["GET"]}}],"collection":[{"href":"https:\/\/kunmedierne.dk\/thy\/wp-json\/wp\/v2\/posts"}],"about":[{"href":"https:\/\/kunmedierne.dk\/thy\/wp-json\/wp\/v2\/types\/post"}],"author":[{"embeddable":true,"href":"https:\/\/kunmedierne.dk\/thy\/wp-json\/wp\/v2\/users\/4535"}],"replies":[{"embeddable":true,"href":"https:\/\/kunmedierne.dk\/thy\/wp-json\/wp\/v2\/comments?post=12694"}],"version-history":[{"count":5,"href":"https:\/\/kunmedierne.dk\/thy\/wp-json\/wp\/v2\/posts\/12694\/revisions"}],"predecessor-version":[{"id":12705,"href":"https:\/\/kunmedierne.dk\/thy\/wp-json\/wp\/v2\/posts\/12694\/revisions\/12705"}],"wp:attachment":[{"href":"https:\/\/kunmedierne.dk\/thy\/wp-json\/wp\/v2\/media?parent=12694"}],"wp:term":[{"taxonomy":"category","embeddable":true,"href":"https:\/\/kunmedierne.dk\/thy\/wp-json\/wp\/v2\/categories?post=12694"},{"taxonomy":"post_tag","embeddable":true,"href":"https:\/\/kunmedierne.dk\/thy\/wp-json\/wp\/v2\/tags?post=12694"}],"curies":[{"name":"wp","href":"https:\/\/api.w.org\/{rel}","templated":true}]}}