{"id":12659,"date":"2025-11-08T12:23:56","date_gmt":"2025-11-08T11:23:56","guid":{"rendered":"https:\/\/kunmedierne.dk\/thy\/?p=12659"},"modified":"2025-11-08T14:58:46","modified_gmt":"2025-11-08T13:58:46","slug":"ingen-skal-vaere-ensomme-vi-skal-huske-at-se-hinanden","status":"publish","type":"post","link":"https:\/\/kunmedierne.dk\/thy\/ingen-skal-vaere-ensomme-vi-skal-huske-at-se-hinanden\/","title":{"rendered":"<span>Ingen skal v\u00e6re ensomme: <\/span>Vi skal huske at se hinanden"},"content":{"rendered":"<p><strong>THISTED:\u00a0<\/strong>&#8211; Ensomhed er ikke kun mangel p\u00e5 selskab med andre. Det er ogs\u00e5 f\u00f8lelsen af frav\u00e6r af mening, tilh\u00f8r og mulighed for at bidrage.<\/p>\n<p>Ud over at v\u00e6re socialdemokratisk medlem af Thisted Kommunalbestyrelse er Susanne Olander ogs\u00e5 socialp\u00e6dagog og en blandt mange, som har f\u00f8lt sig ber\u00f8rt af den historie om ensomhed, Gitte Saugbjerg Thalund fra Thisted for nylig satte ord p\u00e5.<\/p>\n<a class=\"dvrt-link\" onClick=\"cdmtrack_click(4416,jQuery(this));return false\" href=\"https:\/\/sdrhaa.dk\/\"><img decoding=\"async\" style=\"width:100%;\" src=\"https:\/\/kunmedierne.dk\/thy\/wp-content\/uploads\/sites\/2\/2025\/05\/260302Din-gebyrvenlige-sparekasse_SHS_Thy-1.gif\"><\/a><script>cdmtrack_view(4416);<\/script>\n<p>Med afs\u00e6t i sin egen situation, beskrev hun, hvordan det er at leve med ensomhed og f\u00f8le sig overset af de omgivelser, hun gerne vil v\u00e6re en del af. Og hun gjorde det med en klar opfordring til de politikere, der vil s\u00e6tte retning for Thisted Kommune i de n\u00e6ste fire \u00e5r:<\/p>\n<p>&#8220;Jeg savner politisk fokus p\u00e5 ensomhed og nogle gode forslag til, hvordan dem af os, der lever en dagligdag med ensomhed, kan f\u00e5 en h\u00e5ndsr\u00e6kning til at blive en del af det liv, der foreg\u00e5r omkring os, men som jeg og mange andre ikke er en del af&#8221;, l\u00f8d opfordringen fra Gitte Saugbjerg Thalund.<\/p>\n<p>&#8211; Gittes historie er en p\u00e5mindelse om, hvor vigtigt det er at vi ser hinanden. Ensomhed rammer b\u00e5de unge, \u00e6ldre og mennesker med handicap, og det er en stor social udfordring i vores samfund, siger Susanne Olander og tilf\u00f8jer, at hun gennem sit arbejde har oplevet mange situationer, hvor mennesker af en eller anden grund pludselig ikke l\u00e6ngere er del af et f\u00e6llesskab.<\/p>\n<div id=\"attachment_12663\" style=\"width: 1242px\" class=\"wp-caption alignnone\"><img loading=\"lazy\" decoding=\"async\" aria-describedby=\"caption-attachment-12663\" class=\"wp-image-12663 size-full\" src=\"https:\/\/kunmedierne.dk\/thy\/wp-content\/uploads\/sites\/2\/2025\/11\/Design-uden-navn-2025-11-05T160727.366.jpg\" alt=\"\" width=\"1232\" height=\"821\" srcset=\"https:\/\/kunmedierne.dk\/thy\/wp-content\/uploads\/sites\/2\/2025\/11\/Design-uden-navn-2025-11-05T160727.366.jpg 1232w, https:\/\/kunmedierne.dk\/thy\/wp-content\/uploads\/sites\/2\/2025\/11\/Design-uden-navn-2025-11-05T160727.366-300x200.jpg 300w, https:\/\/kunmedierne.dk\/thy\/wp-content\/uploads\/sites\/2\/2025\/11\/Design-uden-navn-2025-11-05T160727.366-1024x682.jpg 1024w, https:\/\/kunmedierne.dk\/thy\/wp-content\/uploads\/sites\/2\/2025\/11\/Design-uden-navn-2025-11-05T160727.366-510x340.jpg 510w\" sizes=\"auto, (max-width: 1232px) 100vw, 1232px\" \/><p id=\"caption-attachment-12663\" class=\"wp-caption-text\">&#8211; Det er meget flot af Gitte, at hun har modet til at fort\u00e6lle om sin situation og r\u00e6kke ud efter hj\u00e6lp til at \u00e6ndre den, siger Susanne Olander. Foto: Jens Fogh-Andersen.<\/p><\/div>\n<p>&nbsp;<\/p>\n<p>&#8211; Det skal ikke v\u00e6re sv\u00e6rt at itales\u00e6tte ensomhed. Det kan v\u00e6re en b\u00e5de forpint og permanent tilstand fordi ensomhed ikke forsvinder af sig selv eller fjernes med et quick fix. Oplever man at v\u00e6re trist eller nedtrykt i en periode, g\u00e5r det som regel over. Ensomhed g\u00e5r ikke v\u00e6k og mange af de tilbud, vi har til borgere, er korte forl\u00f8b, som ikke rykker ret meget i forhold til et ensomt menneske, som ofte har brug for en fast og langvarig relation for at blive hjulpet, siger Susanne Olander.<\/p>\n<a class=\"dvrt-link\" onClick=\"cdmtrack_click(685,jQuery(this));return false\" href=\"https:\/\/wensien.dk\/begravelse\/?gad_source=1&gclid=Cj0KCQjwtJ6_BhDWARIsAGanmKcWw6hbeoepGti1oApJGHln52gMbg8EBRZ86__3P1AJZ5dcsw4ZvNEaAk7JEALw_wcB\"><img decoding=\"async\" style=\"width:100%;\" src=\"https:\/\/kunmedierne.dk\/thy\/wp-content\/uploads\/sites\/2\/2025\/03\/wensien-stenhugger.jpg\"><\/a><script>cdmtrack_view(685);<\/script>\n<p>Med tanke for, at ensomhed er noget, der rammer unge som \u00e6ldre foresl\u00e5r hun, at Thisted Kommune neds\u00e6tter et paragraf 17 stk. 4-udvalg mod ensomhed. Det er et udvalg som neds\u00e6ttes &#8220;til varetagelse af bestemte hverv eller til udf\u00f8relse af forberedende eller r\u00e5dgivende funktioner for kommunalbestyrelsen, \u00f8konomiudvalget eller de st\u00e5ende udvalg&#8221;<\/p>\n<p>&#8211; Udvalget kan sammens\u00e6ttes af mennesker med forskellige tilgange til problemet, s\u00e5 vi sammen kan finde l\u00f8sninger til at forebygge ensomhed og n\u00e5 ud til de borgere, der er ensomme. Det er en indsats som g\u00f8res bedre, hvis vi er f\u00e6lles om den, end hvis flere fors\u00f8ger uafh\u00e6ngigt af hinanden, siger Susanne Olander.<\/p>\n<p>Hun peger ogs\u00e5 p\u00e5, at Thisted kommune allerede har flere strategier p\u00e5 velf\u00e6rdsomr\u00e5det. En af dem, &#8220;Nye veje til velf\u00e6rd&#8221;, kan efter hendes mening ogs\u00e5 rumme en konkret indsats mod ensomhed.<\/p>\n<a class=\"dvrt-link\" onClick=\"cdmtrack_click(687,jQuery(this));return false\" href=\"https:\/\/konpap.dk\/?gad_source=1&gclid=Cj0KCQjwtJ6_BhDWARIsAGanmKfOBLC3RBm6obWL5sEb-mp4bsp5QjqWW4j4nx22y0YT2iMiXJcv3MoaApR_EALw_wcB\"><img decoding=\"async\" style=\"width:100%;\" src=\"https:\/\/kunmedierne.dk\/thy\/wp-content\/uploads\/sites\/2\/2025\/03\/redoffice.jpg\"><\/a><script>cdmtrack_view(687);<\/script>\n<p>Mange mennesker kan v\u00e6re ensomme, uden deres omgivelser er opm\u00e6rksom p\u00e5 det.<\/p>\n<p>&#8211; Jeg tror ikke, vi erkender omfanget af ensomhed f\u00f8r den eller de ensomme selv g\u00f8r opm\u00e6rksom p\u00e5, at de er ensomme &#8211; eller at nogen f\u00e5r \u00f8je for, at de er det. Problemet er desv\u00e6rre nok, at n\u00e5r et menneske f\u00f8rst er endt i ensomhed, s\u00e5 g\u00f8r det ikke l\u00e6ngere opm\u00e6rksom p\u00e5 sig selv og sit problem &#8211; og s\u00e5 er vi som samfund i den situation, at vores systemer mange gange ikke reagerer p\u00e5 problemer, som ikke er synlige eller m\u00e5lbare. Og ensomhed er et af de problemer, siger Susanne Olander.<\/p>\n<p>Selv blev hun r\u00f8rt, da hun l\u00e6ste Gittes historie.<\/p>\n<p>&#8211; Jeg synes, at det er meget flot af Gitte, at hun har modet til at fort\u00e6lle om sin situation og r\u00e6kke ud efter hj\u00e6lp til at \u00e6ndre den. Jeg tror p\u00e5, at vi som politikere, foreninger, frivillige, unge og \u00e6ldre i f\u00e6llesskab kan udvikle l\u00f8sninger som sikrer, at hverken Gitte eller andre bliver glemt. Vi skal sikre, at der er nogen til at gribe den h\u00e5nd, der r\u00e6kkes ud.<\/p>\n<a class=\"dvrt-link\" onClick=\"cdmtrack_click(685,jQuery(this));return false\" href=\"https:\/\/wensien.dk\/begravelse\/?gad_source=1&gclid=Cj0KCQjwtJ6_BhDWARIsAGanmKcWw6hbeoepGti1oApJGHln52gMbg8EBRZ86__3P1AJZ5dcsw4ZvNEaAk7JEALw_wcB\"><img decoding=\"async\" style=\"width:100%;\" src=\"https:\/\/kunmedierne.dk\/thy\/wp-content\/uploads\/sites\/2\/2025\/03\/wensien-stenhugger.jpg\"><\/a><script>cdmtrack_view(685);<\/script>\n<p>Susanne Olander understreger, at selv om det g\u00e5r st\u00e6rkt i dagligdagen, skal der v\u00e6re plads til at finde tid til at v\u00e6re noget for andre &#8211; og til at se de mennesker, som ikke f\u00f8ler sig set &#8211; og heller ikke r\u00e5be h\u00f8jt.<\/p>\n<p>&#8211; Som samfund m\u00e5 vi insistere p\u00e5 at komme ensomheden til livs, og g\u00f8re det som en del af indsatsen for at h\u00f8jne folkesundheden. F\u00e6llesskaber er en slags medicin for dem, der er del af et f\u00e6llesskab. Ingen beh\u00f8ver at v\u00e6re udenfor f\u00e6llesskabet og derfor skal vi have fokus p\u00e5 ensomhed, trivsel og f\u00e6llesskab b\u00e5de som en politisk prioritet og gennem konkret handling, siger hun.<\/p>\n","protected":false},"excerpt":{"rendered":"<p>THISTED:\u00a0&#8211; Ensomhed er ikke kun mangel p\u00e5 selskab med andre. Det er ogs\u00e5 f\u00f8lelsen af frav\u00e6r af mening, tilh\u00f8r og mulighed for at bidrage. Ud over at v\u00e6re socialdemokratisk medlem af Thisted Kommunalbestyrelse er Susanne Olander ogs\u00e5 socialp\u00e6dagog og en blandt mange, som har f\u00f8lt sig ber\u00f8rt af den historie om ensomhed, Gitte Saugbjerg Thalund [&hellip;]<\/p>\n","protected":false},"author":4535,"featured_media":0,"comment_status":"closed","ping_status":"closed","sticky":false,"template":"","format":"standard","meta":{"_acf_changed":false,"footnotes":""},"categories":[24],"tags":[89,38],"class_list":["post-12659","post","type-post","status-publish","format-standard","hentry","category-lokalt","tag-kommunalvalg","tag-mennesker"],"acf":[],"yoast_head":"<!-- This site is optimized with the Yoast SEO plugin v26.8 - https:\/\/yoast.com\/product\/yoast-seo-wordpress\/ -->\n<title>Ingen skal v\u00e6re ensomme: Vi skal huske at se hinanden - Thy<\/title>\n<meta name=\"robots\" content=\"index, follow, max-snippet:-1, max-image-preview:large, max-video-preview:-1\" \/>\n<link rel=\"canonical\" href=\"https:\/\/kunmedierne.dk\/thy\/ingen-skal-vaere-ensomme-vi-skal-huske-at-se-hinanden\/\" \/>\n<meta property=\"og:locale\" content=\"da_DK\" \/>\n<meta property=\"og:type\" content=\"article\" \/>\n<meta property=\"og:title\" content=\"Ingen skal v\u00e6re ensomme: Vi skal huske at se hinanden - Thy\" \/>\n<meta property=\"og:description\" content=\"THISTED:\u00a0&#8211; Ensomhed er ikke kun mangel p\u00e5 selskab med andre. Det er ogs\u00e5 f\u00f8lelsen af frav\u00e6r af mening, tilh\u00f8r og mulighed for at bidrage. Ud over at v\u00e6re socialdemokratisk medlem af Thisted Kommunalbestyrelse er Susanne Olander ogs\u00e5 socialp\u00e6dagog og en blandt mange, som har f\u00f8lt sig ber\u00f8rt af den historie om ensomhed, Gitte Saugbjerg Thalund [&hellip;]\" \/>\n<meta property=\"og:url\" content=\"https:\/\/kunmedierne.dk\/thy\/ingen-skal-vaere-ensomme-vi-skal-huske-at-se-hinanden\/\" \/>\n<meta property=\"og:site_name\" content=\"Thy\" \/>\n<meta property=\"article:published_time\" content=\"2025-11-08T11:23:56+00:00\" \/>\n<meta property=\"article:modified_time\" content=\"2025-11-08T13:58:46+00:00\" \/>\n<meta property=\"og:image\" content=\"https:\/\/kunmedierne.dk\/thy\/wp-content\/uploads\/sites\/2\/2025\/11\/Design-uden-navn-2025-11-05T160727.366.jpg\" \/>\n<meta name=\"author\" content=\"Jens Fogh Andersen\" \/>\n<meta name=\"twitter:card\" content=\"summary_large_image\" \/>\n<meta name=\"twitter:label1\" content=\"Skrevet af\" \/>\n\t<meta name=\"twitter:data1\" content=\"Jens Fogh Andersen\" \/>\n\t<meta name=\"twitter:label2\" content=\"Estimeret l\u00e6setid\" \/>\n\t<meta name=\"twitter:data2\" content=\"5 minutter\" \/>\n<script type=\"application\/ld+json\" class=\"yoast-schema-graph\">{\"@context\":\"https:\/\/schema.org\",\"@graph\":[{\"@type\":\"Article\",\"@id\":\"https:\/\/kunmedierne.dk\/thy\/ingen-skal-vaere-ensomme-vi-skal-huske-at-se-hinanden\/#article\",\"isPartOf\":{\"@id\":\"https:\/\/kunmedierne.dk\/thy\/ingen-skal-vaere-ensomme-vi-skal-huske-at-se-hinanden\/\"},\"author\":{\"name\":\"Jens Fogh Andersen\",\"@id\":\"https:\/\/kunmedierne.dk\/thy\/#\/schema\/person\/88f5be46809ca2a5533760eb574fef93\"},\"headline\":\"Ingen skal v\u00e6re ensomme: Vi skal huske at se hinanden\",\"datePublished\":\"2025-11-08T11:23:56+00:00\",\"dateModified\":\"2025-11-08T13:58:46+00:00\",\"mainEntityOfPage\":{\"@id\":\"https:\/\/kunmedierne.dk\/thy\/ingen-skal-vaere-ensomme-vi-skal-huske-at-se-hinanden\/\"},\"wordCount\":894,\"publisher\":{\"@id\":\"https:\/\/kunmedierne.dk\/thy\/#organization\"},\"image\":{\"@id\":\"https:\/\/kunmedierne.dk\/thy\/ingen-skal-vaere-ensomme-vi-skal-huske-at-se-hinanden\/#primaryimage\"},\"thumbnailUrl\":\"https:\/\/kunmedierne.dk\/thy\/wp-content\/uploads\/sites\/2\/2025\/11\/Design-uden-navn-2025-11-05T160727.366.jpg\",\"keywords\":[\"Kommunalvalg\",\"Mennesker\"],\"articleSection\":[\"Lokalt\"],\"inLanguage\":\"da-DK\"},{\"@type\":\"WebPage\",\"@id\":\"https:\/\/kunmedierne.dk\/thy\/ingen-skal-vaere-ensomme-vi-skal-huske-at-se-hinanden\/\",\"url\":\"https:\/\/kunmedierne.dk\/thy\/ingen-skal-vaere-ensomme-vi-skal-huske-at-se-hinanden\/\",\"name\":\"Ingen skal v\u00e6re ensomme: Vi skal huske at se hinanden - Thy\",\"isPartOf\":{\"@id\":\"https:\/\/kunmedierne.dk\/thy\/#website\"},\"primaryImageOfPage\":{\"@id\":\"https:\/\/kunmedierne.dk\/thy\/ingen-skal-vaere-ensomme-vi-skal-huske-at-se-hinanden\/#primaryimage\"},\"image\":{\"@id\":\"https:\/\/kunmedierne.dk\/thy\/ingen-skal-vaere-ensomme-vi-skal-huske-at-se-hinanden\/#primaryimage\"},\"thumbnailUrl\":\"https:\/\/kunmedierne.dk\/thy\/wp-content\/uploads\/sites\/2\/2025\/11\/Design-uden-navn-2025-11-05T160727.366.jpg\",\"datePublished\":\"2025-11-08T11:23:56+00:00\",\"dateModified\":\"2025-11-08T13:58:46+00:00\",\"breadcrumb\":{\"@id\":\"https:\/\/kunmedierne.dk\/thy\/ingen-skal-vaere-ensomme-vi-skal-huske-at-se-hinanden\/#breadcrumb\"},\"inLanguage\":\"da-DK\",\"potentialAction\":[{\"@type\":\"ReadAction\",\"target\":[\"https:\/\/kunmedierne.dk\/thy\/ingen-skal-vaere-ensomme-vi-skal-huske-at-se-hinanden\/\"]}]},{\"@type\":\"ImageObject\",\"inLanguage\":\"da-DK\",\"@id\":\"https:\/\/kunmedierne.dk\/thy\/ingen-skal-vaere-ensomme-vi-skal-huske-at-se-hinanden\/#primaryimage\",\"url\":\"https:\/\/kunmedierne.dk\/thy\/wp-content\/uploads\/sites\/2\/2025\/11\/Design-uden-navn-2025-11-05T160727.366.jpg\",\"contentUrl\":\"https:\/\/kunmedierne.dk\/thy\/wp-content\/uploads\/sites\/2\/2025\/11\/Design-uden-navn-2025-11-05T160727.366.jpg\",\"width\":1232,\"height\":821},{\"@type\":\"BreadcrumbList\",\"@id\":\"https:\/\/kunmedierne.dk\/thy\/ingen-skal-vaere-ensomme-vi-skal-huske-at-se-hinanden\/#breadcrumb\",\"itemListElement\":[{\"@type\":\"ListItem\",\"position\":1,\"name\":\"Home\",\"item\":\"https:\/\/kunmedierne.dk\/thy\/\"},{\"@type\":\"ListItem\",\"position\":2,\"name\":\"Ingen skal v\u00e6re ensomme: Vi skal huske at se hinanden\"}]},{\"@type\":\"WebSite\",\"@id\":\"https:\/\/kunmedierne.dk\/thy\/#website\",\"url\":\"https:\/\/kunmedierne.dk\/thy\/\",\"name\":\"Thy\",\"description\":\"et netmedie med journalistik om livet i Thy\",\"publisher\":{\"@id\":\"https:\/\/kunmedierne.dk\/thy\/#organization\"},\"potentialAction\":[{\"@type\":\"SearchAction\",\"target\":{\"@type\":\"EntryPoint\",\"urlTemplate\":\"https:\/\/kunmedierne.dk\/thy\/?s={search_term_string}\"},\"query-input\":{\"@type\":\"PropertyValueSpecification\",\"valueRequired\":true,\"valueName\":\"search_term_string\"}}],\"inLanguage\":\"da-DK\"},{\"@type\":\"Organization\",\"@id\":\"https:\/\/kunmedierne.dk\/thy\/#organization\",\"name\":\"Thy\",\"url\":\"https:\/\/kunmedierne.dk\/thy\/\",\"logo\":{\"@type\":\"ImageObject\",\"inLanguage\":\"da-DK\",\"@id\":\"https:\/\/kunmedierne.dk\/thy\/#\/schema\/logo\/image\/\",\"url\":\"https:\/\/kunmedierne.dk\/thy\/wp-content\/uploads\/sites\/2\/2025\/04\/kunthy-logo.svg\",\"contentUrl\":\"https:\/\/kunmedierne.dk\/thy\/wp-content\/uploads\/sites\/2\/2025\/04\/kunthy-logo.svg\",\"caption\":\"Thy\"},\"image\":{\"@id\":\"https:\/\/kunmedierne.dk\/thy\/#\/schema\/logo\/image\/\"}},{\"@type\":\"Person\",\"@id\":\"https:\/\/kunmedierne.dk\/thy\/#\/schema\/person\/88f5be46809ca2a5533760eb574fef93\",\"name\":\"Jens Fogh Andersen\",\"image\":{\"@type\":\"ImageObject\",\"inLanguage\":\"da-DK\",\"@id\":\"https:\/\/kunmedierne.dk\/thy\/#\/schema\/person\/image\/\",\"url\":\"https:\/\/secure.gravatar.com\/avatar\/2b367a4ef139b1c41dccc9ee7af926b81f8b4cca3359772e86c7fd5ced26c0a3?s=96&d=mm&r=g\",\"contentUrl\":\"https:\/\/secure.gravatar.com\/avatar\/2b367a4ef139b1c41dccc9ee7af926b81f8b4cca3359772e86c7fd5ced26c0a3?s=96&d=mm&r=g\",\"caption\":\"Jens Fogh Andersen\"},\"url\":\"https:\/\/kunmedierne.dk\/thy\/author\/jfa\/\"}]}<\/script>\n<!-- \/ Yoast SEO plugin. -->","yoast_head_json":{"title":"Ingen skal v\u00e6re ensomme: Vi skal huske at se hinanden - Thy","robots":{"index":"index","follow":"follow","max-snippet":"max-snippet:-1","max-image-preview":"max-image-preview:large","max-video-preview":"max-video-preview:-1"},"canonical":"https:\/\/kunmedierne.dk\/thy\/ingen-skal-vaere-ensomme-vi-skal-huske-at-se-hinanden\/","og_locale":"da_DK","og_type":"article","og_title":"Ingen skal v\u00e6re ensomme: Vi skal huske at se hinanden - Thy","og_description":"THISTED:\u00a0&#8211; Ensomhed er ikke kun mangel p\u00e5 selskab med andre. Det er ogs\u00e5 f\u00f8lelsen af frav\u00e6r af mening, tilh\u00f8r og mulighed for at bidrage. Ud over at v\u00e6re socialdemokratisk medlem af Thisted Kommunalbestyrelse er Susanne Olander ogs\u00e5 socialp\u00e6dagog og en blandt mange, som har f\u00f8lt sig ber\u00f8rt af den historie om ensomhed, Gitte Saugbjerg Thalund [&hellip;]","og_url":"https:\/\/kunmedierne.dk\/thy\/ingen-skal-vaere-ensomme-vi-skal-huske-at-se-hinanden\/","og_site_name":"Thy","article_published_time":"2025-11-08T11:23:56+00:00","article_modified_time":"2025-11-08T13:58:46+00:00","og_image":[{"url":"https:\/\/kunmedierne.dk\/thy\/wp-content\/uploads\/sites\/2\/2025\/11\/Design-uden-navn-2025-11-05T160727.366.jpg","type":"","width":"","height":""}],"author":"Jens Fogh Andersen","twitter_card":"summary_large_image","twitter_misc":{"Skrevet af":"Jens Fogh Andersen","Estimeret l\u00e6setid":"5 minutter"},"schema":{"@context":"https:\/\/schema.org","@graph":[{"@type":"Article","@id":"https:\/\/kunmedierne.dk\/thy\/ingen-skal-vaere-ensomme-vi-skal-huske-at-se-hinanden\/#article","isPartOf":{"@id":"https:\/\/kunmedierne.dk\/thy\/ingen-skal-vaere-ensomme-vi-skal-huske-at-se-hinanden\/"},"author":{"name":"Jens Fogh Andersen","@id":"https:\/\/kunmedierne.dk\/thy\/#\/schema\/person\/88f5be46809ca2a5533760eb574fef93"},"headline":"Ingen skal v\u00e6re ensomme: Vi skal huske at se hinanden","datePublished":"2025-11-08T11:23:56+00:00","dateModified":"2025-11-08T13:58:46+00:00","mainEntityOfPage":{"@id":"https:\/\/kunmedierne.dk\/thy\/ingen-skal-vaere-ensomme-vi-skal-huske-at-se-hinanden\/"},"wordCount":894,"publisher":{"@id":"https:\/\/kunmedierne.dk\/thy\/#organization"},"image":{"@id":"https:\/\/kunmedierne.dk\/thy\/ingen-skal-vaere-ensomme-vi-skal-huske-at-se-hinanden\/#primaryimage"},"thumbnailUrl":"https:\/\/kunmedierne.dk\/thy\/wp-content\/uploads\/sites\/2\/2025\/11\/Design-uden-navn-2025-11-05T160727.366.jpg","keywords":["Kommunalvalg","Mennesker"],"articleSection":["Lokalt"],"inLanguage":"da-DK"},{"@type":"WebPage","@id":"https:\/\/kunmedierne.dk\/thy\/ingen-skal-vaere-ensomme-vi-skal-huske-at-se-hinanden\/","url":"https:\/\/kunmedierne.dk\/thy\/ingen-skal-vaere-ensomme-vi-skal-huske-at-se-hinanden\/","name":"Ingen skal v\u00e6re ensomme: Vi skal huske at se hinanden - Thy","isPartOf":{"@id":"https:\/\/kunmedierne.dk\/thy\/#website"},"primaryImageOfPage":{"@id":"https:\/\/kunmedierne.dk\/thy\/ingen-skal-vaere-ensomme-vi-skal-huske-at-se-hinanden\/#primaryimage"},"image":{"@id":"https:\/\/kunmedierne.dk\/thy\/ingen-skal-vaere-ensomme-vi-skal-huske-at-se-hinanden\/#primaryimage"},"thumbnailUrl":"https:\/\/kunmedierne.dk\/thy\/wp-content\/uploads\/sites\/2\/2025\/11\/Design-uden-navn-2025-11-05T160727.366.jpg","datePublished":"2025-11-08T11:23:56+00:00","dateModified":"2025-11-08T13:58:46+00:00","breadcrumb":{"@id":"https:\/\/kunmedierne.dk\/thy\/ingen-skal-vaere-ensomme-vi-skal-huske-at-se-hinanden\/#breadcrumb"},"inLanguage":"da-DK","potentialAction":[{"@type":"ReadAction","target":["https:\/\/kunmedierne.dk\/thy\/ingen-skal-vaere-ensomme-vi-skal-huske-at-se-hinanden\/"]}]},{"@type":"ImageObject","inLanguage":"da-DK","@id":"https:\/\/kunmedierne.dk\/thy\/ingen-skal-vaere-ensomme-vi-skal-huske-at-se-hinanden\/#primaryimage","url":"https:\/\/kunmedierne.dk\/thy\/wp-content\/uploads\/sites\/2\/2025\/11\/Design-uden-navn-2025-11-05T160727.366.jpg","contentUrl":"https:\/\/kunmedierne.dk\/thy\/wp-content\/uploads\/sites\/2\/2025\/11\/Design-uden-navn-2025-11-05T160727.366.jpg","width":1232,"height":821},{"@type":"BreadcrumbList","@id":"https:\/\/kunmedierne.dk\/thy\/ingen-skal-vaere-ensomme-vi-skal-huske-at-se-hinanden\/#breadcrumb","itemListElement":[{"@type":"ListItem","position":1,"name":"Home","item":"https:\/\/kunmedierne.dk\/thy\/"},{"@type":"ListItem","position":2,"name":"Ingen skal v\u00e6re ensomme: Vi skal huske at se hinanden"}]},{"@type":"WebSite","@id":"https:\/\/kunmedierne.dk\/thy\/#website","url":"https:\/\/kunmedierne.dk\/thy\/","name":"Thy","description":"et netmedie med journalistik om livet i Thy","publisher":{"@id":"https:\/\/kunmedierne.dk\/thy\/#organization"},"potentialAction":[{"@type":"SearchAction","target":{"@type":"EntryPoint","urlTemplate":"https:\/\/kunmedierne.dk\/thy\/?s={search_term_string}"},"query-input":{"@type":"PropertyValueSpecification","valueRequired":true,"valueName":"search_term_string"}}],"inLanguage":"da-DK"},{"@type":"Organization","@id":"https:\/\/kunmedierne.dk\/thy\/#organization","name":"Thy","url":"https:\/\/kunmedierne.dk\/thy\/","logo":{"@type":"ImageObject","inLanguage":"da-DK","@id":"https:\/\/kunmedierne.dk\/thy\/#\/schema\/logo\/image\/","url":"https:\/\/kunmedierne.dk\/thy\/wp-content\/uploads\/sites\/2\/2025\/04\/kunthy-logo.svg","contentUrl":"https:\/\/kunmedierne.dk\/thy\/wp-content\/uploads\/sites\/2\/2025\/04\/kunthy-logo.svg","caption":"Thy"},"image":{"@id":"https:\/\/kunmedierne.dk\/thy\/#\/schema\/logo\/image\/"}},{"@type":"Person","@id":"https:\/\/kunmedierne.dk\/thy\/#\/schema\/person\/88f5be46809ca2a5533760eb574fef93","name":"Jens Fogh Andersen","image":{"@type":"ImageObject","inLanguage":"da-DK","@id":"https:\/\/kunmedierne.dk\/thy\/#\/schema\/person\/image\/","url":"https:\/\/secure.gravatar.com\/avatar\/2b367a4ef139b1c41dccc9ee7af926b81f8b4cca3359772e86c7fd5ced26c0a3?s=96&d=mm&r=g","contentUrl":"https:\/\/secure.gravatar.com\/avatar\/2b367a4ef139b1c41dccc9ee7af926b81f8b4cca3359772e86c7fd5ced26c0a3?s=96&d=mm&r=g","caption":"Jens Fogh Andersen"},"url":"https:\/\/kunmedierne.dk\/thy\/author\/jfa\/"}]}},"_links":{"self":[{"href":"https:\/\/kunmedierne.dk\/thy\/wp-json\/wp\/v2\/posts\/12659","targetHints":{"allow":["GET"]}}],"collection":[{"href":"https:\/\/kunmedierne.dk\/thy\/wp-json\/wp\/v2\/posts"}],"about":[{"href":"https:\/\/kunmedierne.dk\/thy\/wp-json\/wp\/v2\/types\/post"}],"author":[{"embeddable":true,"href":"https:\/\/kunmedierne.dk\/thy\/wp-json\/wp\/v2\/users\/4535"}],"replies":[{"embeddable":true,"href":"https:\/\/kunmedierne.dk\/thy\/wp-json\/wp\/v2\/comments?post=12659"}],"version-history":[{"count":13,"href":"https:\/\/kunmedierne.dk\/thy\/wp-json\/wp\/v2\/posts\/12659\/revisions"}],"predecessor-version":[{"id":12864,"href":"https:\/\/kunmedierne.dk\/thy\/wp-json\/wp\/v2\/posts\/12659\/revisions\/12864"}],"wp:attachment":[{"href":"https:\/\/kunmedierne.dk\/thy\/wp-json\/wp\/v2\/media?parent=12659"}],"wp:term":[{"taxonomy":"category","embeddable":true,"href":"https:\/\/kunmedierne.dk\/thy\/wp-json\/wp\/v2\/categories?post=12659"},{"taxonomy":"post_tag","embeddable":true,"href":"https:\/\/kunmedierne.dk\/thy\/wp-json\/wp\/v2\/tags?post=12659"}],"curies":[{"name":"wp","href":"https:\/\/api.w.org\/{rel}","templated":true}]}}