{"id":12637,"date":"2025-12-31T08:06:38","date_gmt":"2025-12-31T07:06:38","guid":{"rendered":"https:\/\/kunmedierne.dk\/thy\/?p=12637"},"modified":"2025-12-30T16:04:11","modified_gmt":"2025-12-30T15:04:11","slug":"direktoer-astrid-la-cour-vi-kunne-ikke-have-droemt-om-en-bedre-start-for-smk-thy","status":"publish","type":"post","link":"https:\/\/kunmedierne.dk\/thy\/direktoer-astrid-la-cour-vi-kunne-ikke-have-droemt-om-en-bedre-start-for-smk-thy\/","title":{"rendered":"<span>Direkt\u00f8r Astrid La Cour<\/span>: Vi kunne ikke have dr\u00f8mt om en bedre start for SMK Thy"},"content":{"rendered":"<h5><strong>Dette er en genudgivelse. Vi kigger tilbage p\u00e5 \u00e5ret der gik. Artiklen udkom f\u00f8rste gang de 5. november 2025<\/strong><\/h5>\n<p><strong>DOVERODDE:<\/strong>\u00a0G\u00e6sterne har st\u00e5et i k\u00f8 for at bes\u00f8ge SMK Thy, siden museet \u00e5bnede i nye rammer i slutningen af august 2025. I den nye museumsbygning har nationalgalleriet pr\u00e6senteret udstillingen<em>\u00a0<\/em><a href=\"https:\/\/smk.us15.list-manage.com\/track\/click?u=210ff4d8393906ca0a005d90d&amp;id=616406fe71&amp;e=b3012a8730\"><em>Rejsen fra Paris<\/em><\/a>\u00a0med nogle af de mest ikoniske v\u00e6rker fra SMK\u2019s samling af moderne fransk kunst.<\/p>\n<p>S\u00f8ndag 2. november slog SMK Thy d\u00f8rene op for sidste gang i \u00e5r. Dagen markerede dermed afrundingen p\u00e5 den f\u00f8rste s\u00e6son for nationalgalleriets permanente del i Doverodde i Sydthy.<\/p>\n<a class=\"dvrt-link\" onClick=\"cdmtrack_click(689,jQuery(this));return false\" href=\"https:\/\/www.thistedbolig.dk\"><img decoding=\"async\" style=\"width:100%;\" src=\"https:\/\/kunmedierne.dk\/thy\/wp-content\/uploads\/sites\/2\/2025\/03\/260414ThistedBoligApril-opslag-002-1.jpg\"><\/a><script>cdmtrack_view(689);<\/script>\n<p>I alt har 38.930 g\u00e6ster bes\u00f8gt museet siden indvielsen 29. august. Det skriver SMK Thy i en pressemeddelelse.<\/p>\n<p>Den f\u00f8rste s\u00e6son er dermed g\u00e5et endnu bedre, end SMK\u2019s direkt\u00f8r, Astrid la Cour, havde turdet h\u00e5be p\u00e5.<\/p>\n<p>&#8211; De seneste m\u00e5neder har v\u00e6ret meget overv\u00e6ldende, og vi er enormt taknemmelige over den modtagelse, vi har f\u00e5et, b\u00e5de lokalt, regionalt og nationalt. Ambitionen med SMK Thy er at g\u00f8re museets rige kunstsamling tilg\u00e6ngelig for flere danskere, og det er fantastisk at m\u00e6rke, hvor stor interesse der har v\u00e6ret. Lige nu er museet selvf\u00f8lgelig i en opstartsfase, og m\u00e5ske vil bes\u00f8gstallet stabilisere sig lidt de kommende \u00e5r. Men vi kunne ikke have dr\u00f8mt om en bedre start for SMK Thy, siger Astrid la Cour.<\/p>\n<a class=\"dvrt-link\" onClick=\"cdmtrack_click(685,jQuery(this));return false\" href=\"https:\/\/wensien.dk\/begravelse\/?gad_source=1&gclid=Cj0KCQjwtJ6_BhDWARIsAGanmKcWw6hbeoepGti1oApJGHln52gMbg8EBRZ86__3P1AJZ5dcsw4ZvNEaAk7JEALw_wcB\"><img decoding=\"async\" style=\"width:100%;\" src=\"https:\/\/kunmedierne.dk\/thy\/wp-content\/uploads\/sites\/2\/2025\/03\/wensien-stenhugger.jpg\"><\/a><script>cdmtrack_view(685);<\/script>\n<p>Det ny\u00e5bnede museum i Thy udg\u00f8res af en karakteristisk silo og et n\u00e6nsomt genopf\u00f8rt pakhus, tegnet af norsk-danske Reiulf Ramstad Arkitekter. Museet og \u00e5bningsudstillingen er blevet virkeliggjort med en gener\u00f8s bevilling fra A.P. M\u00f8ller og Hustru Chastine Mc-Kinney M\u00f8llers Fond til almene Formaal p\u00e5 50 millioner kroner.<\/p>\n<p>SMK har i samarbejde med Thisted Kommune v\u00e6ret til stede med aktiviteter i Doverodde siden 2018. Men f\u00f8rst med den nye museumsbygning er det blevet muligt at rykke v\u00e6rker fra hele Danmarks f\u00e6lles kunstsamling til Thy.<\/p>\n<a class=\"dvrt-link\" onClick=\"cdmtrack_click(689,jQuery(this));return false\" href=\"https:\/\/www.thistedbolig.dk\"><img decoding=\"async\" style=\"width:100%;\" src=\"https:\/\/kunmedierne.dk\/thy\/wp-content\/uploads\/sites\/2\/2025\/03\/260414ThistedBoligApril-opslag-002-1.jpg\"><\/a><script>cdmtrack_view(689);<\/script>\n<p>For borgmester i Thisted Kommune, Niels J\u00f8rgen Pedersen, v\u00e6kker det stor gl\u00e6de, at SMK Thy er blevet taget s\u00e5 godt imod.<\/p>\n<p>&#8211; Det har v\u00e6ret helt fantastisk at opleve den store interesse og fremm\u00f8det af b\u00e5de lokale og bes\u00f8gende udefra. Det bekr\u00e6fter os i, at kulturel udfoldelse ikke kun h\u00f8rer hjemme i hovedstaden \u2013 der er b\u00e5de plads, potentiale og passion for kunst og kultur helt ude ved kanten af Danmark, og det er vi stolte af at have holdt fast i troen p\u00e5 og nu v\u00e6re en del af, siger han.<\/p>\n<p>Til n\u00e6ste \u00e5r \u00e5bner SMK Thy for den f\u00f8rste fulde s\u00e6son, som l\u00f8ber fra 28. marts til 18. oktober 2026. Her kan museumsg\u00e6sterne opleve to helt nye udstillinger, der p\u00e5 forskellig vis belyser forholdet mellem menneske og natur.<\/p>\n<p>&nbsp;<\/p>\n","protected":false},"excerpt":{"rendered":"<p>Dette er en genudgivelse. Vi kigger tilbage p\u00e5 \u00e5ret der gik. Artiklen udkom f\u00f8rste gang de 5. november 2025 DOVERODDE:\u00a0G\u00e6sterne har st\u00e5et i k\u00f8 for at bes\u00f8ge SMK Thy, siden museet \u00e5bnede i nye rammer i slutningen af august 2025. I den nye museumsbygning har nationalgalleriet pr\u00e6senteret udstillingen\u00a0Rejsen fra Paris\u00a0med nogle af de mest ikoniske [&hellip;]<\/p>\n","protected":false},"author":1925,"featured_media":0,"comment_status":"closed","ping_status":"closed","sticky":false,"template":"","format":"standard","meta":{"_acf_changed":false,"footnotes":""},"categories":[21],"tags":[45],"class_list":["post-12637","post","type-post","status-publish","format-standard","hentry","category-kultur","tag-museer"],"acf":[],"yoast_head":"<!-- This site is optimized with the Yoast SEO plugin v26.8 - https:\/\/yoast.com\/product\/yoast-seo-wordpress\/ -->\n<title>Direkt\u00f8r Astrid La Cour: Vi kunne ikke have dr\u00f8mt om en bedre start for SMK Thy - Thy<\/title>\n<meta name=\"robots\" content=\"index, follow, max-snippet:-1, max-image-preview:large, max-video-preview:-1\" \/>\n<link rel=\"canonical\" href=\"https:\/\/kunmedierne.dk\/thy\/direktoer-astrid-la-cour-vi-kunne-ikke-have-droemt-om-en-bedre-start-for-smk-thy\/\" \/>\n<meta property=\"og:locale\" content=\"da_DK\" \/>\n<meta property=\"og:type\" content=\"article\" \/>\n<meta property=\"og:title\" content=\"Direkt\u00f8r Astrid La Cour: Vi kunne ikke have dr\u00f8mt om en bedre start for SMK Thy - Thy\" \/>\n<meta property=\"og:description\" content=\"Dette er en genudgivelse. Vi kigger tilbage p\u00e5 \u00e5ret der gik. Artiklen udkom f\u00f8rste gang de 5. november 2025 DOVERODDE:\u00a0G\u00e6sterne har st\u00e5et i k\u00f8 for at bes\u00f8ge SMK Thy, siden museet \u00e5bnede i nye rammer i slutningen af august 2025. I den nye museumsbygning har nationalgalleriet pr\u00e6senteret udstillingen\u00a0Rejsen fra Paris\u00a0med nogle af de mest ikoniske [&hellip;]\" \/>\n<meta property=\"og:url\" content=\"https:\/\/kunmedierne.dk\/thy\/direktoer-astrid-la-cour-vi-kunne-ikke-have-droemt-om-en-bedre-start-for-smk-thy\/\" \/>\n<meta property=\"og:site_name\" content=\"Thy\" \/>\n<meta property=\"article:published_time\" content=\"2025-12-31T07:06:38+00:00\" \/>\n<meta name=\"author\" content=\"Lone L\u00e6rke Krog\" \/>\n<meta name=\"twitter:card\" content=\"summary_large_image\" \/>\n<meta name=\"twitter:label1\" content=\"Skrevet af\" \/>\n\t<meta name=\"twitter:data1\" content=\"Lone L\u00e6rke Krog\" \/>\n\t<meta name=\"twitter:label2\" content=\"Estimeret l\u00e6setid\" \/>\n\t<meta name=\"twitter:data2\" content=\"3 minutter\" \/>\n<script type=\"application\/ld+json\" class=\"yoast-schema-graph\">{\"@context\":\"https:\/\/schema.org\",\"@graph\":[{\"@type\":\"Article\",\"@id\":\"https:\/\/kunmedierne.dk\/thy\/direktoer-astrid-la-cour-vi-kunne-ikke-have-droemt-om-en-bedre-start-for-smk-thy\/#article\",\"isPartOf\":{\"@id\":\"https:\/\/kunmedierne.dk\/thy\/direktoer-astrid-la-cour-vi-kunne-ikke-have-droemt-om-en-bedre-start-for-smk-thy\/\"},\"author\":{\"name\":\"Lone L\u00e6rke Krog\",\"@id\":\"https:\/\/kunmedierne.dk\/thy\/#\/schema\/person\/d266634ba6550d075ecf540d63b245d2\"},\"headline\":\"Direkt\u00f8r Astrid La Cour: Vi kunne ikke have dr\u00f8mt om en bedre start for SMK Thy\",\"datePublished\":\"2025-12-31T07:06:38+00:00\",\"mainEntityOfPage\":{\"@id\":\"https:\/\/kunmedierne.dk\/thy\/direktoer-astrid-la-cour-vi-kunne-ikke-have-droemt-om-en-bedre-start-for-smk-thy\/\"},\"wordCount\":502,\"publisher\":{\"@id\":\"https:\/\/kunmedierne.dk\/thy\/#organization\"},\"keywords\":[\"Museer\"],\"articleSection\":[\"Kultur\"],\"inLanguage\":\"da-DK\"},{\"@type\":\"WebPage\",\"@id\":\"https:\/\/kunmedierne.dk\/thy\/direktoer-astrid-la-cour-vi-kunne-ikke-have-droemt-om-en-bedre-start-for-smk-thy\/\",\"url\":\"https:\/\/kunmedierne.dk\/thy\/direktoer-astrid-la-cour-vi-kunne-ikke-have-droemt-om-en-bedre-start-for-smk-thy\/\",\"name\":\"Direkt\u00f8r Astrid La Cour: Vi kunne ikke have dr\u00f8mt om en bedre start for SMK Thy - Thy\",\"isPartOf\":{\"@id\":\"https:\/\/kunmedierne.dk\/thy\/#website\"},\"datePublished\":\"2025-12-31T07:06:38+00:00\",\"breadcrumb\":{\"@id\":\"https:\/\/kunmedierne.dk\/thy\/direktoer-astrid-la-cour-vi-kunne-ikke-have-droemt-om-en-bedre-start-for-smk-thy\/#breadcrumb\"},\"inLanguage\":\"da-DK\",\"potentialAction\":[{\"@type\":\"ReadAction\",\"target\":[\"https:\/\/kunmedierne.dk\/thy\/direktoer-astrid-la-cour-vi-kunne-ikke-have-droemt-om-en-bedre-start-for-smk-thy\/\"]}]},{\"@type\":\"BreadcrumbList\",\"@id\":\"https:\/\/kunmedierne.dk\/thy\/direktoer-astrid-la-cour-vi-kunne-ikke-have-droemt-om-en-bedre-start-for-smk-thy\/#breadcrumb\",\"itemListElement\":[{\"@type\":\"ListItem\",\"position\":1,\"name\":\"Home\",\"item\":\"https:\/\/kunmedierne.dk\/thy\/\"},{\"@type\":\"ListItem\",\"position\":2,\"name\":\"Direkt\u00f8r Astrid La Cour: Vi kunne ikke have dr\u00f8mt om en bedre start for SMK Thy\"}]},{\"@type\":\"WebSite\",\"@id\":\"https:\/\/kunmedierne.dk\/thy\/#website\",\"url\":\"https:\/\/kunmedierne.dk\/thy\/\",\"name\":\"Thy\",\"description\":\"et netmedie med journalistik om livet i Thy\",\"publisher\":{\"@id\":\"https:\/\/kunmedierne.dk\/thy\/#organization\"},\"potentialAction\":[{\"@type\":\"SearchAction\",\"target\":{\"@type\":\"EntryPoint\",\"urlTemplate\":\"https:\/\/kunmedierne.dk\/thy\/?s={search_term_string}\"},\"query-input\":{\"@type\":\"PropertyValueSpecification\",\"valueRequired\":true,\"valueName\":\"search_term_string\"}}],\"inLanguage\":\"da-DK\"},{\"@type\":\"Organization\",\"@id\":\"https:\/\/kunmedierne.dk\/thy\/#organization\",\"name\":\"Thy\",\"url\":\"https:\/\/kunmedierne.dk\/thy\/\",\"logo\":{\"@type\":\"ImageObject\",\"inLanguage\":\"da-DK\",\"@id\":\"https:\/\/kunmedierne.dk\/thy\/#\/schema\/logo\/image\/\",\"url\":\"https:\/\/kunmedierne.dk\/thy\/wp-content\/uploads\/sites\/2\/2025\/04\/kunthy-logo.svg\",\"contentUrl\":\"https:\/\/kunmedierne.dk\/thy\/wp-content\/uploads\/sites\/2\/2025\/04\/kunthy-logo.svg\",\"caption\":\"Thy\"},\"image\":{\"@id\":\"https:\/\/kunmedierne.dk\/thy\/#\/schema\/logo\/image\/\"}},{\"@type\":\"Person\",\"@id\":\"https:\/\/kunmedierne.dk\/thy\/#\/schema\/person\/d266634ba6550d075ecf540d63b245d2\",\"name\":\"Lone L\u00e6rke Krog\",\"image\":{\"@type\":\"ImageObject\",\"inLanguage\":\"da-DK\",\"@id\":\"https:\/\/kunmedierne.dk\/thy\/#\/schema\/person\/image\/\",\"url\":\"https:\/\/secure.gravatar.com\/avatar\/496ddc7080e56b4ac64cfd4e56bd6d1ee396fa3db1923aa22f11346f60bb135b?s=96&d=mm&r=g\",\"contentUrl\":\"https:\/\/secure.gravatar.com\/avatar\/496ddc7080e56b4ac64cfd4e56bd6d1ee396fa3db1923aa22f11346f60bb135b?s=96&d=mm&r=g\",\"caption\":\"Lone L\u00e6rke Krog\"},\"url\":\"https:\/\/kunmedierne.dk\/thy\/author\/llk\/\"}]}<\/script>\n<!-- \/ Yoast SEO plugin. -->","yoast_head_json":{"title":"Direkt\u00f8r Astrid La Cour: Vi kunne ikke have dr\u00f8mt om en bedre start for SMK Thy - Thy","robots":{"index":"index","follow":"follow","max-snippet":"max-snippet:-1","max-image-preview":"max-image-preview:large","max-video-preview":"max-video-preview:-1"},"canonical":"https:\/\/kunmedierne.dk\/thy\/direktoer-astrid-la-cour-vi-kunne-ikke-have-droemt-om-en-bedre-start-for-smk-thy\/","og_locale":"da_DK","og_type":"article","og_title":"Direkt\u00f8r Astrid La Cour: Vi kunne ikke have dr\u00f8mt om en bedre start for SMK Thy - Thy","og_description":"Dette er en genudgivelse. Vi kigger tilbage p\u00e5 \u00e5ret der gik. Artiklen udkom f\u00f8rste gang de 5. november 2025 DOVERODDE:\u00a0G\u00e6sterne har st\u00e5et i k\u00f8 for at bes\u00f8ge SMK Thy, siden museet \u00e5bnede i nye rammer i slutningen af august 2025. I den nye museumsbygning har nationalgalleriet pr\u00e6senteret udstillingen\u00a0Rejsen fra Paris\u00a0med nogle af de mest ikoniske [&hellip;]","og_url":"https:\/\/kunmedierne.dk\/thy\/direktoer-astrid-la-cour-vi-kunne-ikke-have-droemt-om-en-bedre-start-for-smk-thy\/","og_site_name":"Thy","article_published_time":"2025-12-31T07:06:38+00:00","author":"Lone L\u00e6rke Krog","twitter_card":"summary_large_image","twitter_misc":{"Skrevet af":"Lone L\u00e6rke Krog","Estimeret l\u00e6setid":"3 minutter"},"schema":{"@context":"https:\/\/schema.org","@graph":[{"@type":"Article","@id":"https:\/\/kunmedierne.dk\/thy\/direktoer-astrid-la-cour-vi-kunne-ikke-have-droemt-om-en-bedre-start-for-smk-thy\/#article","isPartOf":{"@id":"https:\/\/kunmedierne.dk\/thy\/direktoer-astrid-la-cour-vi-kunne-ikke-have-droemt-om-en-bedre-start-for-smk-thy\/"},"author":{"name":"Lone L\u00e6rke Krog","@id":"https:\/\/kunmedierne.dk\/thy\/#\/schema\/person\/d266634ba6550d075ecf540d63b245d2"},"headline":"Direkt\u00f8r Astrid La Cour: Vi kunne ikke have dr\u00f8mt om en bedre start for SMK Thy","datePublished":"2025-12-31T07:06:38+00:00","mainEntityOfPage":{"@id":"https:\/\/kunmedierne.dk\/thy\/direktoer-astrid-la-cour-vi-kunne-ikke-have-droemt-om-en-bedre-start-for-smk-thy\/"},"wordCount":502,"publisher":{"@id":"https:\/\/kunmedierne.dk\/thy\/#organization"},"keywords":["Museer"],"articleSection":["Kultur"],"inLanguage":"da-DK"},{"@type":"WebPage","@id":"https:\/\/kunmedierne.dk\/thy\/direktoer-astrid-la-cour-vi-kunne-ikke-have-droemt-om-en-bedre-start-for-smk-thy\/","url":"https:\/\/kunmedierne.dk\/thy\/direktoer-astrid-la-cour-vi-kunne-ikke-have-droemt-om-en-bedre-start-for-smk-thy\/","name":"Direkt\u00f8r Astrid La Cour: Vi kunne ikke have dr\u00f8mt om en bedre start for SMK Thy - Thy","isPartOf":{"@id":"https:\/\/kunmedierne.dk\/thy\/#website"},"datePublished":"2025-12-31T07:06:38+00:00","breadcrumb":{"@id":"https:\/\/kunmedierne.dk\/thy\/direktoer-astrid-la-cour-vi-kunne-ikke-have-droemt-om-en-bedre-start-for-smk-thy\/#breadcrumb"},"inLanguage":"da-DK","potentialAction":[{"@type":"ReadAction","target":["https:\/\/kunmedierne.dk\/thy\/direktoer-astrid-la-cour-vi-kunne-ikke-have-droemt-om-en-bedre-start-for-smk-thy\/"]}]},{"@type":"BreadcrumbList","@id":"https:\/\/kunmedierne.dk\/thy\/direktoer-astrid-la-cour-vi-kunne-ikke-have-droemt-om-en-bedre-start-for-smk-thy\/#breadcrumb","itemListElement":[{"@type":"ListItem","position":1,"name":"Home","item":"https:\/\/kunmedierne.dk\/thy\/"},{"@type":"ListItem","position":2,"name":"Direkt\u00f8r Astrid La Cour: Vi kunne ikke have dr\u00f8mt om en bedre start for SMK Thy"}]},{"@type":"WebSite","@id":"https:\/\/kunmedierne.dk\/thy\/#website","url":"https:\/\/kunmedierne.dk\/thy\/","name":"Thy","description":"et netmedie med journalistik om livet i Thy","publisher":{"@id":"https:\/\/kunmedierne.dk\/thy\/#organization"},"potentialAction":[{"@type":"SearchAction","target":{"@type":"EntryPoint","urlTemplate":"https:\/\/kunmedierne.dk\/thy\/?s={search_term_string}"},"query-input":{"@type":"PropertyValueSpecification","valueRequired":true,"valueName":"search_term_string"}}],"inLanguage":"da-DK"},{"@type":"Organization","@id":"https:\/\/kunmedierne.dk\/thy\/#organization","name":"Thy","url":"https:\/\/kunmedierne.dk\/thy\/","logo":{"@type":"ImageObject","inLanguage":"da-DK","@id":"https:\/\/kunmedierne.dk\/thy\/#\/schema\/logo\/image\/","url":"https:\/\/kunmedierne.dk\/thy\/wp-content\/uploads\/sites\/2\/2025\/04\/kunthy-logo.svg","contentUrl":"https:\/\/kunmedierne.dk\/thy\/wp-content\/uploads\/sites\/2\/2025\/04\/kunthy-logo.svg","caption":"Thy"},"image":{"@id":"https:\/\/kunmedierne.dk\/thy\/#\/schema\/logo\/image\/"}},{"@type":"Person","@id":"https:\/\/kunmedierne.dk\/thy\/#\/schema\/person\/d266634ba6550d075ecf540d63b245d2","name":"Lone L\u00e6rke Krog","image":{"@type":"ImageObject","inLanguage":"da-DK","@id":"https:\/\/kunmedierne.dk\/thy\/#\/schema\/person\/image\/","url":"https:\/\/secure.gravatar.com\/avatar\/496ddc7080e56b4ac64cfd4e56bd6d1ee396fa3db1923aa22f11346f60bb135b?s=96&d=mm&r=g","contentUrl":"https:\/\/secure.gravatar.com\/avatar\/496ddc7080e56b4ac64cfd4e56bd6d1ee396fa3db1923aa22f11346f60bb135b?s=96&d=mm&r=g","caption":"Lone L\u00e6rke Krog"},"url":"https:\/\/kunmedierne.dk\/thy\/author\/llk\/"}]}},"_links":{"self":[{"href":"https:\/\/kunmedierne.dk\/thy\/wp-json\/wp\/v2\/posts\/12637","targetHints":{"allow":["GET"]}}],"collection":[{"href":"https:\/\/kunmedierne.dk\/thy\/wp-json\/wp\/v2\/posts"}],"about":[{"href":"https:\/\/kunmedierne.dk\/thy\/wp-json\/wp\/v2\/types\/post"}],"author":[{"embeddable":true,"href":"https:\/\/kunmedierne.dk\/thy\/wp-json\/wp\/v2\/users\/1925"}],"replies":[{"embeddable":true,"href":"https:\/\/kunmedierne.dk\/thy\/wp-json\/wp\/v2\/comments?post=12637"}],"version-history":[{"count":6,"href":"https:\/\/kunmedierne.dk\/thy\/wp-json\/wp\/v2\/posts\/12637\/revisions"}],"predecessor-version":[{"id":14338,"href":"https:\/\/kunmedierne.dk\/thy\/wp-json\/wp\/v2\/posts\/12637\/revisions\/14338"}],"wp:attachment":[{"href":"https:\/\/kunmedierne.dk\/thy\/wp-json\/wp\/v2\/media?parent=12637"}],"wp:term":[{"taxonomy":"category","embeddable":true,"href":"https:\/\/kunmedierne.dk\/thy\/wp-json\/wp\/v2\/categories?post=12637"},{"taxonomy":"post_tag","embeddable":true,"href":"https:\/\/kunmedierne.dk\/thy\/wp-json\/wp\/v2\/tags?post=12637"}],"curies":[{"name":"wp","href":"https:\/\/api.w.org\/{rel}","templated":true}]}}