{"id":12627,"date":"2025-11-16T06:48:59","date_gmt":"2025-11-16T05:48:59","guid":{"rendered":"https:\/\/kunmedierne.dk\/thy\/?p=12627"},"modified":"2025-11-13T16:49:27","modified_gmt":"2025-11-13T15:49:27","slug":"flere-skal-melde-ind-paa-en-groen-dagsorden-hvis-fjorden-skal-blive-ren","status":"publish","type":"post","link":"https:\/\/kunmedierne.dk\/thy\/flere-skal-melde-ind-paa-en-groen-dagsorden-hvis-fjorden-skal-blive-ren\/","title":{"rendered":"Flere skal melde ind p\u00e5 en gr\u00f8n dagsorden, hvis fjorden skal blive ren"},"content":{"rendered":"<p><strong>THY:<\/strong> &#8211; Det er sejt at melde ud, som Jan har gjort. Flere burde have mod til at g\u00f8re det, men det er ogs\u00e5 et emne, hvor der er f\u00f8lelser p\u00e5 spil, og s\u00e5 ender tingene ofte med, at s\u00e6tte ord p\u00e5, hvis skyld det er mere end om at tale om at finde l\u00f8sninger i f\u00e6llesskab.<\/p>\n<a class=\"dvrt-link\" onClick=\"cdmtrack_click(685,jQuery(this));return false\" href=\"https:\/\/wensien.dk\/begravelse\/?gad_source=1&gclid=Cj0KCQjwtJ6_BhDWARIsAGanmKcWw6hbeoepGti1oApJGHln52gMbg8EBRZ86__3P1AJZ5dcsw4ZvNEaAk7JEALw_wcB\"><img decoding=\"async\" style=\"width:100%;\" src=\"https:\/\/kunmedierne.dk\/thy\/wp-content\/uploads\/sites\/2\/2025\/03\/wensien-stenhugger.jpg\"><\/a><script>cdmtrack_view(685);<\/script>\n<p>Kamilla Futtrup, spidskandidat for Enhedslisten i Thisted Kommune, synes ikke kun det var sejt, da Jan Jan Kloster Pedersen som v\u00e6lger i kommunen, satte ord p\u00e5, hvorfor han stemmer for en kommune, &#8220;hvor vi st\u00e5r sammen om at passe p\u00e5 vores vand og vores fjord&#8221;. Det g\u00f8r hende ogs\u00e5 glad.<\/p>\n<p>&#8211; Vi har brug for at flere melder ind p\u00e5 en gr\u00f8n dagsorden, siger Kamilla Futtrup.<\/p>\n<div id=\"attachment_12631\" style=\"width: 1242px\" class=\"wp-caption alignnone\"><img loading=\"lazy\" decoding=\"async\" aria-describedby=\"caption-attachment-12631\" class=\"wp-image-12631 size-full\" src=\"https:\/\/kunmedierne.dk\/thy\/wp-content\/uploads\/sites\/2\/2025\/11\/Design-uden-navn-2025-11-05T104815.785.jpg\" alt=\"\" width=\"1232\" height=\"821\" srcset=\"https:\/\/kunmedierne.dk\/thy\/wp-content\/uploads\/sites\/2\/2025\/11\/Design-uden-navn-2025-11-05T104815.785.jpg 1232w, https:\/\/kunmedierne.dk\/thy\/wp-content\/uploads\/sites\/2\/2025\/11\/Design-uden-navn-2025-11-05T104815.785-300x200.jpg 300w, https:\/\/kunmedierne.dk\/thy\/wp-content\/uploads\/sites\/2\/2025\/11\/Design-uden-navn-2025-11-05T104815.785-1024x682.jpg 1024w, https:\/\/kunmedierne.dk\/thy\/wp-content\/uploads\/sites\/2\/2025\/11\/Design-uden-navn-2025-11-05T104815.785-510x340.jpg 510w\" sizes=\"auto, (max-width: 1232px) 100vw, 1232px\" \/><p id=\"caption-attachment-12631\" class=\"wp-caption-text\">I valgkampen skilter Enhedslisten med, at Limfjorden skal v\u00e6re levende igen, sp\u00f8rgsm\u00e5let er hvordan og hvem der skal tage initiativ til konkrete handlinger. Foto: Jens Fogh-Andersen.<\/p><\/div>\n<p>&nbsp;<\/p>\n<p>Hendes eget parti skilter i denne valgkamp med, at Limfjorden skal v\u00e6re levende &#8211; igen. Lokalt har Enhedslisten v\u00e6ret initiativtager til &#8220;Borgergruppen for en levende Limfjord&#8221; &#8211; et initiativ som lige nu er mest synlig som en privat gruppe p\u00e5 Facebook med 124 medlemmer &#8211; og s\u00e5 er Enhedslisten landspolitisk ikke med i aftalen om gr\u00f8n trepart, som netop sigter mod at skabe et bedre vandmilj\u00f8.<\/p>\n<p>&#8211; Enhedslisten er ikke en del af aftalen om gr\u00f8n trepart, fordi vi ikke mener, den er ambiti\u00f8s nok og s\u00e5 er det vores holdning, at det er forureneren, som skal betale, siger Kamilla Futtrup.<\/p>\n<p>Ser hun p\u00e5 tingene med en lokal tilgang, vil hun ikke afvise, at det er sv\u00e6rt at f\u00e5 folk til at engagere sig aktivt i bestr\u00e6belserne for at sikre en renere Limfjord. Ikke mindst blandt de unge.<\/p>\n<p>&#8211; Det skal ikke v\u00e6re en sag, der er forbeholdt folk med en bestemt alder, og blandt andet initiativet &#8220;Dr\u00f8mme for Thy&#8221; har v\u00e6ret med til at s\u00e6tte ord p\u00e5 n\u00f8dvendigheden af en levende Limfjord og en levende natur, siger hun. &#8220;Dr\u00f8mme for Thy&#8221; er et forum, hvor folk i alderen fra 18 til 45 \u00e5r s\u00e6tter ord p\u00e5 deres dr\u00f8mme for fremtidens Thy.<\/p>\n<a class=\"dvrt-link\" onClick=\"cdmtrack_click(4416,jQuery(this));return false\" href=\"https:\/\/sdrhaa.dk\/\"><img decoding=\"async\" style=\"width:100%;\" src=\"https:\/\/kunmedierne.dk\/thy\/wp-content\/uploads\/sites\/2\/2025\/05\/260302Din-gebyrvenlige-sparekasse_SHS_Thy-1.gif\"><\/a><script>cdmtrack_view(4416);<\/script>\n<p>Men skal der handling bag b\u00e5de ordene om og tankerne for en renere Limfjord, er det et godt sted at starte, hvis der i Thisted Kommune er bred enighed om at leve op til hensigten med den gr\u00f8nne trepart.<\/p>\n<p>&#8211; I det hele taget undrer det mig, at der ikke har v\u00e6ret ret meget debat om den gr\u00f8nne trepart i kommunalbestyrelsen og slet ikke om den sk\u00e6vvridning, der skete i den lokale gr\u00f8nne trepart, da det medlem, som oprindelig var socialdemokrat, blev medlem af Venstre. M\u00e5ske skulle socialdemokraterne have v\u00e6ret mere synlige om det, siger Kamilla Futtrup.<\/p>\n<div id=\"attachment_12633\" style=\"width: 1242px\" class=\"wp-caption alignnone\"><img loading=\"lazy\" decoding=\"async\" aria-describedby=\"caption-attachment-12633\" class=\"wp-image-12633 size-full\" src=\"https:\/\/kunmedierne.dk\/thy\/wp-content\/uploads\/sites\/2\/2025\/11\/Design-uden-navn-2025-11-05T105033.666.jpg\" alt=\"\" width=\"1232\" height=\"821\" srcset=\"https:\/\/kunmedierne.dk\/thy\/wp-content\/uploads\/sites\/2\/2025\/11\/Design-uden-navn-2025-11-05T105033.666.jpg 1232w, https:\/\/kunmedierne.dk\/thy\/wp-content\/uploads\/sites\/2\/2025\/11\/Design-uden-navn-2025-11-05T105033.666-300x200.jpg 300w, https:\/\/kunmedierne.dk\/thy\/wp-content\/uploads\/sites\/2\/2025\/11\/Design-uden-navn-2025-11-05T105033.666-1024x682.jpg 1024w, https:\/\/kunmedierne.dk\/thy\/wp-content\/uploads\/sites\/2\/2025\/11\/Design-uden-navn-2025-11-05T105033.666-510x340.jpg 510w\" sizes=\"auto, (max-width: 1232px) 100vw, 1232px\" \/><p id=\"caption-attachment-12633\" class=\"wp-caption-text\">Kamilla Futtrup er &#8220;generelt h\u00e5befuld&#8221; n\u00e5r det g\u00e6lder muligheden af at f\u00e5 en sundere Limfjord, men h\u00e5b er ikke en strategi i sig selv, siger hun. Foto: Jens Fogh-Andersen.<\/p><\/div>\n<p>&nbsp;<\/p>\n<p>Hun taler for, at b\u00e5de Thisted Kommune og kommunens borgere har krav p\u00e5, at der findes l\u00f8sninger, som tilgodeser fjorden. Det skal ske gennem klogt og pragmatisk samarbejde.<\/p>\n<p>&#8211; Og ingen er i tvivl om m\u00e5let. Det fremg\u00e5r jo af den aftale, der er lavet. Men hvis vi skal finde gode lokale l\u00f8sninger, skal vi ogs\u00e5 lokalt anerkende, hvad det er for problemer, vi st\u00e5r overfor og hvordan vi finder de bedste l\u00f8sninger, siger hun.<\/p>\n<a class=\"dvrt-link\" onClick=\"cdmtrack_click(685,jQuery(this));return false\" href=\"https:\/\/wensien.dk\/begravelse\/?gad_source=1&gclid=Cj0KCQjwtJ6_BhDWARIsAGanmKcWw6hbeoepGti1oApJGHln52gMbg8EBRZ86__3P1AJZ5dcsw4ZvNEaAk7JEALw_wcB\"><img decoding=\"async\" style=\"width:100%;\" src=\"https:\/\/kunmedierne.dk\/thy\/wp-content\/uploads\/sites\/2\/2025\/03\/wensien-stenhugger.jpg\"><\/a><script>cdmtrack_view(685);<\/script>\n<p>Kamilla Futtrup tilf\u00f8jer, hun er &#8220;generelt h\u00e5befuld&#8221;.<\/p>\n<p>&#8211; Som udgangspunkt er jeg optimist, men h\u00e5b skal ikke v\u00e6re en strategi. Jeg blev skuffet, da den lokale trepart hev i h\u00e5ndbremsen efter f\u00f8rt at have signaleret optimisme og vilje til at opfylde aftalen.<\/p>\n<p>Selv om det nu st\u00e5r klart for de fleste, at Limfjorden beh\u00f8ver hj\u00e6lp for at f\u00e5 det bedre, er det ikke en meget synlig del af den lokale politiske dagsorden, men det b\u00f8r det v\u00e6re.<\/p>\n<a class=\"dvrt-link\" onClick=\"cdmtrack_click(4416,jQuery(this));return false\" href=\"https:\/\/sdrhaa.dk\/\"><img decoding=\"async\" style=\"width:100%;\" src=\"https:\/\/kunmedierne.dk\/thy\/wp-content\/uploads\/sites\/2\/2025\/05\/260302Din-gebyrvenlige-sparekasse_SHS_Thy-1.gif\"><\/a><script>cdmtrack_view(4416);<\/script>\n<p>&#8211; Jeg er ikke blind for opgaven. Den er vigtig og jeg deler visionen om en renere fjord og en bedre natur. Det kr\u00e6ver en indsats at rette op p\u00e5 tingene, men ogs\u00e5 at det sker med blik for Thy og for det, der g\u00f8r omr\u00e5det specielt, siger Kamilla Futtrup som h\u00e5ber, at hun kan f\u00e5 flere til at s\u00e6tte en lokal, politisk dagsorden til gavn for b\u00e5de fjorden og naturen.<\/p>\n<p>&#8211; Efter valget 18. november g\u00e5r Enhedslisten sammen med SF og De Radikale til konstitueringsforhandlingerne med at krav om, at Thisted kommune lever op til aftalen om den gr\u00f8nne trepart, men ogs\u00e5, at vi skal have st\u00f8rre ambitioner p\u00e5 naturens vegne. Egentlig er det slet ikke en diskussion, hvor vi skal v\u00e6re enige, for de m\u00e5l, der skal opfyldes, er helt klare. Opgaven er at vi f\u00e5r en l\u00f8sning, der tilgodeser fjord og natur. Politisk kan vi ikke fortsat v\u00e6lge den gr\u00f8nne dagsorden fra og st\u00e5 med h\u00e6nderne i lommen. Det vil v\u00e6re et svigt b\u00e5de nu og fremover.<\/p>\n","protected":false},"excerpt":{"rendered":"<p>THY: &#8211; Det er sejt at melde ud, som Jan har gjort. Flere burde have mod til at g\u00f8re det, men det er ogs\u00e5 et emne, hvor der er f\u00f8lelser p\u00e5 spil, og s\u00e5 ender tingene ofte med, at s\u00e6tte ord p\u00e5, hvis skyld det er mere end om at tale om at finde l\u00f8sninger [&hellip;]<\/p>\n","protected":false},"author":4535,"featured_media":0,"comment_status":"closed","ping_status":"closed","sticky":false,"template":"","format":"standard","meta":{"_acf_changed":false,"footnotes":""},"categories":[24],"tags":[89,48,49],"class_list":["post-12627","post","type-post","status-publish","format-standard","hentry","category-lokalt","tag-kommunalvalg","tag-miljoe","tag-natur"],"acf":[],"yoast_head":"<!-- This site is optimized with the Yoast SEO plugin v26.8 - https:\/\/yoast.com\/product\/yoast-seo-wordpress\/ -->\n<title>Flere skal melde ind p\u00e5 en gr\u00f8n dagsorden, hvis fjorden skal blive ren - Thy<\/title>\n<meta name=\"robots\" content=\"index, follow, max-snippet:-1, max-image-preview:large, max-video-preview:-1\" \/>\n<link rel=\"canonical\" href=\"https:\/\/kunmedierne.dk\/thy\/flere-skal-melde-ind-paa-en-groen-dagsorden-hvis-fjorden-skal-blive-ren\/\" \/>\n<meta property=\"og:locale\" content=\"da_DK\" \/>\n<meta property=\"og:type\" content=\"article\" \/>\n<meta property=\"og:title\" content=\"Flere skal melde ind p\u00e5 en gr\u00f8n dagsorden, hvis fjorden skal blive ren - Thy\" \/>\n<meta property=\"og:description\" content=\"THY: &#8211; Det er sejt at melde ud, som Jan har gjort. Flere burde have mod til at g\u00f8re det, men det er ogs\u00e5 et emne, hvor der er f\u00f8lelser p\u00e5 spil, og s\u00e5 ender tingene ofte med, at s\u00e6tte ord p\u00e5, hvis skyld det er mere end om at tale om at finde l\u00f8sninger [&hellip;]\" \/>\n<meta property=\"og:url\" content=\"https:\/\/kunmedierne.dk\/thy\/flere-skal-melde-ind-paa-en-groen-dagsorden-hvis-fjorden-skal-blive-ren\/\" \/>\n<meta property=\"og:site_name\" content=\"Thy\" \/>\n<meta property=\"article:published_time\" content=\"2025-11-16T05:48:59+00:00\" \/>\n<meta property=\"og:image\" content=\"https:\/\/kunmedierne.dk\/thy\/wp-content\/uploads\/sites\/2\/2025\/11\/Design-uden-navn-2025-11-05T104815.785.jpg\" \/>\n<meta name=\"author\" content=\"Jens Fogh Andersen\" \/>\n<meta name=\"twitter:card\" content=\"summary_large_image\" \/>\n<meta name=\"twitter:label1\" content=\"Skrevet af\" \/>\n\t<meta name=\"twitter:data1\" content=\"Jens Fogh Andersen\" \/>\n\t<meta name=\"twitter:label2\" content=\"Estimeret l\u00e6setid\" \/>\n\t<meta name=\"twitter:data2\" content=\"5 minutter\" \/>\n<script type=\"application\/ld+json\" class=\"yoast-schema-graph\">{\"@context\":\"https:\/\/schema.org\",\"@graph\":[{\"@type\":\"Article\",\"@id\":\"https:\/\/kunmedierne.dk\/thy\/flere-skal-melde-ind-paa-en-groen-dagsorden-hvis-fjorden-skal-blive-ren\/#article\",\"isPartOf\":{\"@id\":\"https:\/\/kunmedierne.dk\/thy\/flere-skal-melde-ind-paa-en-groen-dagsorden-hvis-fjorden-skal-blive-ren\/\"},\"author\":{\"name\":\"Jens Fogh Andersen\",\"@id\":\"https:\/\/kunmedierne.dk\/thy\/#\/schema\/person\/88f5be46809ca2a5533760eb574fef93\"},\"headline\":\"Flere skal melde ind p\u00e5 en gr\u00f8n dagsorden, hvis fjorden skal blive ren\",\"datePublished\":\"2025-11-16T05:48:59+00:00\",\"mainEntityOfPage\":{\"@id\":\"https:\/\/kunmedierne.dk\/thy\/flere-skal-melde-ind-paa-en-groen-dagsorden-hvis-fjorden-skal-blive-ren\/\"},\"wordCount\":908,\"publisher\":{\"@id\":\"https:\/\/kunmedierne.dk\/thy\/#organization\"},\"image\":{\"@id\":\"https:\/\/kunmedierne.dk\/thy\/flere-skal-melde-ind-paa-en-groen-dagsorden-hvis-fjorden-skal-blive-ren\/#primaryimage\"},\"thumbnailUrl\":\"https:\/\/kunmedierne.dk\/thy\/wp-content\/uploads\/sites\/2\/2025\/11\/Design-uden-navn-2025-11-05T104815.785.jpg\",\"keywords\":[\"Kommunalvalg\",\"Milj\u00f8\",\"Natur\"],\"articleSection\":[\"Lokalt\"],\"inLanguage\":\"da-DK\"},{\"@type\":\"WebPage\",\"@id\":\"https:\/\/kunmedierne.dk\/thy\/flere-skal-melde-ind-paa-en-groen-dagsorden-hvis-fjorden-skal-blive-ren\/\",\"url\":\"https:\/\/kunmedierne.dk\/thy\/flere-skal-melde-ind-paa-en-groen-dagsorden-hvis-fjorden-skal-blive-ren\/\",\"name\":\"Flere skal melde ind p\u00e5 en gr\u00f8n dagsorden, hvis fjorden skal blive ren - Thy\",\"isPartOf\":{\"@id\":\"https:\/\/kunmedierne.dk\/thy\/#website\"},\"primaryImageOfPage\":{\"@id\":\"https:\/\/kunmedierne.dk\/thy\/flere-skal-melde-ind-paa-en-groen-dagsorden-hvis-fjorden-skal-blive-ren\/#primaryimage\"},\"image\":{\"@id\":\"https:\/\/kunmedierne.dk\/thy\/flere-skal-melde-ind-paa-en-groen-dagsorden-hvis-fjorden-skal-blive-ren\/#primaryimage\"},\"thumbnailUrl\":\"https:\/\/kunmedierne.dk\/thy\/wp-content\/uploads\/sites\/2\/2025\/11\/Design-uden-navn-2025-11-05T104815.785.jpg\",\"datePublished\":\"2025-11-16T05:48:59+00:00\",\"breadcrumb\":{\"@id\":\"https:\/\/kunmedierne.dk\/thy\/flere-skal-melde-ind-paa-en-groen-dagsorden-hvis-fjorden-skal-blive-ren\/#breadcrumb\"},\"inLanguage\":\"da-DK\",\"potentialAction\":[{\"@type\":\"ReadAction\",\"target\":[\"https:\/\/kunmedierne.dk\/thy\/flere-skal-melde-ind-paa-en-groen-dagsorden-hvis-fjorden-skal-blive-ren\/\"]}]},{\"@type\":\"ImageObject\",\"inLanguage\":\"da-DK\",\"@id\":\"https:\/\/kunmedierne.dk\/thy\/flere-skal-melde-ind-paa-en-groen-dagsorden-hvis-fjorden-skal-blive-ren\/#primaryimage\",\"url\":\"https:\/\/kunmedierne.dk\/thy\/wp-content\/uploads\/sites\/2\/2025\/11\/Design-uden-navn-2025-11-05T104815.785.jpg\",\"contentUrl\":\"https:\/\/kunmedierne.dk\/thy\/wp-content\/uploads\/sites\/2\/2025\/11\/Design-uden-navn-2025-11-05T104815.785.jpg\",\"width\":1232,\"height\":821},{\"@type\":\"BreadcrumbList\",\"@id\":\"https:\/\/kunmedierne.dk\/thy\/flere-skal-melde-ind-paa-en-groen-dagsorden-hvis-fjorden-skal-blive-ren\/#breadcrumb\",\"itemListElement\":[{\"@type\":\"ListItem\",\"position\":1,\"name\":\"Home\",\"item\":\"https:\/\/kunmedierne.dk\/thy\/\"},{\"@type\":\"ListItem\",\"position\":2,\"name\":\"Flere skal melde ind p\u00e5 en gr\u00f8n dagsorden, hvis fjorden skal blive ren\"}]},{\"@type\":\"WebSite\",\"@id\":\"https:\/\/kunmedierne.dk\/thy\/#website\",\"url\":\"https:\/\/kunmedierne.dk\/thy\/\",\"name\":\"Thy\",\"description\":\"et netmedie med journalistik om livet i Thy\",\"publisher\":{\"@id\":\"https:\/\/kunmedierne.dk\/thy\/#organization\"},\"potentialAction\":[{\"@type\":\"SearchAction\",\"target\":{\"@type\":\"EntryPoint\",\"urlTemplate\":\"https:\/\/kunmedierne.dk\/thy\/?s={search_term_string}\"},\"query-input\":{\"@type\":\"PropertyValueSpecification\",\"valueRequired\":true,\"valueName\":\"search_term_string\"}}],\"inLanguage\":\"da-DK\"},{\"@type\":\"Organization\",\"@id\":\"https:\/\/kunmedierne.dk\/thy\/#organization\",\"name\":\"Thy\",\"url\":\"https:\/\/kunmedierne.dk\/thy\/\",\"logo\":{\"@type\":\"ImageObject\",\"inLanguage\":\"da-DK\",\"@id\":\"https:\/\/kunmedierne.dk\/thy\/#\/schema\/logo\/image\/\",\"url\":\"https:\/\/kunmedierne.dk\/thy\/wp-content\/uploads\/sites\/2\/2025\/04\/kunthy-logo.svg\",\"contentUrl\":\"https:\/\/kunmedierne.dk\/thy\/wp-content\/uploads\/sites\/2\/2025\/04\/kunthy-logo.svg\",\"caption\":\"Thy\"},\"image\":{\"@id\":\"https:\/\/kunmedierne.dk\/thy\/#\/schema\/logo\/image\/\"}},{\"@type\":\"Person\",\"@id\":\"https:\/\/kunmedierne.dk\/thy\/#\/schema\/person\/88f5be46809ca2a5533760eb574fef93\",\"name\":\"Jens Fogh Andersen\",\"image\":{\"@type\":\"ImageObject\",\"inLanguage\":\"da-DK\",\"@id\":\"https:\/\/kunmedierne.dk\/thy\/#\/schema\/person\/image\/\",\"url\":\"https:\/\/secure.gravatar.com\/avatar\/2b367a4ef139b1c41dccc9ee7af926b81f8b4cca3359772e86c7fd5ced26c0a3?s=96&d=mm&r=g\",\"contentUrl\":\"https:\/\/secure.gravatar.com\/avatar\/2b367a4ef139b1c41dccc9ee7af926b81f8b4cca3359772e86c7fd5ced26c0a3?s=96&d=mm&r=g\",\"caption\":\"Jens Fogh Andersen\"},\"url\":\"https:\/\/kunmedierne.dk\/thy\/author\/jfa\/\"}]}<\/script>\n<!-- \/ Yoast SEO plugin. -->","yoast_head_json":{"title":"Flere skal melde ind p\u00e5 en gr\u00f8n dagsorden, hvis fjorden skal blive ren - Thy","robots":{"index":"index","follow":"follow","max-snippet":"max-snippet:-1","max-image-preview":"max-image-preview:large","max-video-preview":"max-video-preview:-1"},"canonical":"https:\/\/kunmedierne.dk\/thy\/flere-skal-melde-ind-paa-en-groen-dagsorden-hvis-fjorden-skal-blive-ren\/","og_locale":"da_DK","og_type":"article","og_title":"Flere skal melde ind p\u00e5 en gr\u00f8n dagsorden, hvis fjorden skal blive ren - Thy","og_description":"THY: &#8211; Det er sejt at melde ud, som Jan har gjort. Flere burde have mod til at g\u00f8re det, men det er ogs\u00e5 et emne, hvor der er f\u00f8lelser p\u00e5 spil, og s\u00e5 ender tingene ofte med, at s\u00e6tte ord p\u00e5, hvis skyld det er mere end om at tale om at finde l\u00f8sninger [&hellip;]","og_url":"https:\/\/kunmedierne.dk\/thy\/flere-skal-melde-ind-paa-en-groen-dagsorden-hvis-fjorden-skal-blive-ren\/","og_site_name":"Thy","article_published_time":"2025-11-16T05:48:59+00:00","og_image":[{"url":"https:\/\/kunmedierne.dk\/thy\/wp-content\/uploads\/sites\/2\/2025\/11\/Design-uden-navn-2025-11-05T104815.785.jpg","type":"","width":"","height":""}],"author":"Jens Fogh Andersen","twitter_card":"summary_large_image","twitter_misc":{"Skrevet af":"Jens Fogh Andersen","Estimeret l\u00e6setid":"5 minutter"},"schema":{"@context":"https:\/\/schema.org","@graph":[{"@type":"Article","@id":"https:\/\/kunmedierne.dk\/thy\/flere-skal-melde-ind-paa-en-groen-dagsorden-hvis-fjorden-skal-blive-ren\/#article","isPartOf":{"@id":"https:\/\/kunmedierne.dk\/thy\/flere-skal-melde-ind-paa-en-groen-dagsorden-hvis-fjorden-skal-blive-ren\/"},"author":{"name":"Jens Fogh Andersen","@id":"https:\/\/kunmedierne.dk\/thy\/#\/schema\/person\/88f5be46809ca2a5533760eb574fef93"},"headline":"Flere skal melde ind p\u00e5 en gr\u00f8n dagsorden, hvis fjorden skal blive ren","datePublished":"2025-11-16T05:48:59+00:00","mainEntityOfPage":{"@id":"https:\/\/kunmedierne.dk\/thy\/flere-skal-melde-ind-paa-en-groen-dagsorden-hvis-fjorden-skal-blive-ren\/"},"wordCount":908,"publisher":{"@id":"https:\/\/kunmedierne.dk\/thy\/#organization"},"image":{"@id":"https:\/\/kunmedierne.dk\/thy\/flere-skal-melde-ind-paa-en-groen-dagsorden-hvis-fjorden-skal-blive-ren\/#primaryimage"},"thumbnailUrl":"https:\/\/kunmedierne.dk\/thy\/wp-content\/uploads\/sites\/2\/2025\/11\/Design-uden-navn-2025-11-05T104815.785.jpg","keywords":["Kommunalvalg","Milj\u00f8","Natur"],"articleSection":["Lokalt"],"inLanguage":"da-DK"},{"@type":"WebPage","@id":"https:\/\/kunmedierne.dk\/thy\/flere-skal-melde-ind-paa-en-groen-dagsorden-hvis-fjorden-skal-blive-ren\/","url":"https:\/\/kunmedierne.dk\/thy\/flere-skal-melde-ind-paa-en-groen-dagsorden-hvis-fjorden-skal-blive-ren\/","name":"Flere skal melde ind p\u00e5 en gr\u00f8n dagsorden, hvis fjorden skal blive ren - Thy","isPartOf":{"@id":"https:\/\/kunmedierne.dk\/thy\/#website"},"primaryImageOfPage":{"@id":"https:\/\/kunmedierne.dk\/thy\/flere-skal-melde-ind-paa-en-groen-dagsorden-hvis-fjorden-skal-blive-ren\/#primaryimage"},"image":{"@id":"https:\/\/kunmedierne.dk\/thy\/flere-skal-melde-ind-paa-en-groen-dagsorden-hvis-fjorden-skal-blive-ren\/#primaryimage"},"thumbnailUrl":"https:\/\/kunmedierne.dk\/thy\/wp-content\/uploads\/sites\/2\/2025\/11\/Design-uden-navn-2025-11-05T104815.785.jpg","datePublished":"2025-11-16T05:48:59+00:00","breadcrumb":{"@id":"https:\/\/kunmedierne.dk\/thy\/flere-skal-melde-ind-paa-en-groen-dagsorden-hvis-fjorden-skal-blive-ren\/#breadcrumb"},"inLanguage":"da-DK","potentialAction":[{"@type":"ReadAction","target":["https:\/\/kunmedierne.dk\/thy\/flere-skal-melde-ind-paa-en-groen-dagsorden-hvis-fjorden-skal-blive-ren\/"]}]},{"@type":"ImageObject","inLanguage":"da-DK","@id":"https:\/\/kunmedierne.dk\/thy\/flere-skal-melde-ind-paa-en-groen-dagsorden-hvis-fjorden-skal-blive-ren\/#primaryimage","url":"https:\/\/kunmedierne.dk\/thy\/wp-content\/uploads\/sites\/2\/2025\/11\/Design-uden-navn-2025-11-05T104815.785.jpg","contentUrl":"https:\/\/kunmedierne.dk\/thy\/wp-content\/uploads\/sites\/2\/2025\/11\/Design-uden-navn-2025-11-05T104815.785.jpg","width":1232,"height":821},{"@type":"BreadcrumbList","@id":"https:\/\/kunmedierne.dk\/thy\/flere-skal-melde-ind-paa-en-groen-dagsorden-hvis-fjorden-skal-blive-ren\/#breadcrumb","itemListElement":[{"@type":"ListItem","position":1,"name":"Home","item":"https:\/\/kunmedierne.dk\/thy\/"},{"@type":"ListItem","position":2,"name":"Flere skal melde ind p\u00e5 en gr\u00f8n dagsorden, hvis fjorden skal blive ren"}]},{"@type":"WebSite","@id":"https:\/\/kunmedierne.dk\/thy\/#website","url":"https:\/\/kunmedierne.dk\/thy\/","name":"Thy","description":"et netmedie med journalistik om livet i Thy","publisher":{"@id":"https:\/\/kunmedierne.dk\/thy\/#organization"},"potentialAction":[{"@type":"SearchAction","target":{"@type":"EntryPoint","urlTemplate":"https:\/\/kunmedierne.dk\/thy\/?s={search_term_string}"},"query-input":{"@type":"PropertyValueSpecification","valueRequired":true,"valueName":"search_term_string"}}],"inLanguage":"da-DK"},{"@type":"Organization","@id":"https:\/\/kunmedierne.dk\/thy\/#organization","name":"Thy","url":"https:\/\/kunmedierne.dk\/thy\/","logo":{"@type":"ImageObject","inLanguage":"da-DK","@id":"https:\/\/kunmedierne.dk\/thy\/#\/schema\/logo\/image\/","url":"https:\/\/kunmedierne.dk\/thy\/wp-content\/uploads\/sites\/2\/2025\/04\/kunthy-logo.svg","contentUrl":"https:\/\/kunmedierne.dk\/thy\/wp-content\/uploads\/sites\/2\/2025\/04\/kunthy-logo.svg","caption":"Thy"},"image":{"@id":"https:\/\/kunmedierne.dk\/thy\/#\/schema\/logo\/image\/"}},{"@type":"Person","@id":"https:\/\/kunmedierne.dk\/thy\/#\/schema\/person\/88f5be46809ca2a5533760eb574fef93","name":"Jens Fogh Andersen","image":{"@type":"ImageObject","inLanguage":"da-DK","@id":"https:\/\/kunmedierne.dk\/thy\/#\/schema\/person\/image\/","url":"https:\/\/secure.gravatar.com\/avatar\/2b367a4ef139b1c41dccc9ee7af926b81f8b4cca3359772e86c7fd5ced26c0a3?s=96&d=mm&r=g","contentUrl":"https:\/\/secure.gravatar.com\/avatar\/2b367a4ef139b1c41dccc9ee7af926b81f8b4cca3359772e86c7fd5ced26c0a3?s=96&d=mm&r=g","caption":"Jens Fogh Andersen"},"url":"https:\/\/kunmedierne.dk\/thy\/author\/jfa\/"}]}},"_links":{"self":[{"href":"https:\/\/kunmedierne.dk\/thy\/wp-json\/wp\/v2\/posts\/12627","targetHints":{"allow":["GET"]}}],"collection":[{"href":"https:\/\/kunmedierne.dk\/thy\/wp-json\/wp\/v2\/posts"}],"about":[{"href":"https:\/\/kunmedierne.dk\/thy\/wp-json\/wp\/v2\/types\/post"}],"author":[{"embeddable":true,"href":"https:\/\/kunmedierne.dk\/thy\/wp-json\/wp\/v2\/users\/4535"}],"replies":[{"embeddable":true,"href":"https:\/\/kunmedierne.dk\/thy\/wp-json\/wp\/v2\/comments?post=12627"}],"version-history":[{"count":14,"href":"https:\/\/kunmedierne.dk\/thy\/wp-json\/wp\/v2\/posts\/12627\/revisions"}],"predecessor-version":[{"id":13188,"href":"https:\/\/kunmedierne.dk\/thy\/wp-json\/wp\/v2\/posts\/12627\/revisions\/13188"}],"wp:attachment":[{"href":"https:\/\/kunmedierne.dk\/thy\/wp-json\/wp\/v2\/media?parent=12627"}],"wp:term":[{"taxonomy":"category","embeddable":true,"href":"https:\/\/kunmedierne.dk\/thy\/wp-json\/wp\/v2\/categories?post=12627"},{"taxonomy":"post_tag","embeddable":true,"href":"https:\/\/kunmedierne.dk\/thy\/wp-json\/wp\/v2\/tags?post=12627"}],"curies":[{"name":"wp","href":"https:\/\/api.w.org\/{rel}","templated":true}]}}