{"id":1238,"date":"2025-04-06T16:28:51","date_gmt":"2025-04-06T14:28:51","guid":{"rendered":"https:\/\/kunmedierne.dk\/thy\/?p=1238"},"modified":"2025-04-04T17:56:23","modified_gmt":"2025-04-04T15:56:23","slug":"saa-er-det-slut-sidste-penge-fra-sydthy-digters-mindelegat","status":"publish","type":"post","link":"https:\/\/kunmedierne.dk\/thy\/saa-er-det-slut-sidste-penge-fra-sydthy-digters-mindelegat\/","title":{"rendered":"S\u00e5 er det slut: Sidste penge fra Sydthy-digters mindelegat"},"content":{"rendered":"<div class=\"punkt\">\n<div id=\"sagsfremstillingContainer\">\n<p>SYDTHY: I 1995 blev der for f\u00f8rste gang uddelt penge fra digteren Hans Bakgaards Mindelegat af 1995. Det sker igen i \u00e5r, men denne gang er den sidste.<\/p>\n<p>I \u00e5r er der er der 36.620,58 kr. til udlodning til tre af de i alt 12 personer, som denne gang har s\u00f8gt om penge fra legatet. Sundhed, Kultur og Fritid anbefaler, at \u00e5rets legatmodtagere er Laurits Balker J\u00f8rgensen og Camelia Elias, som hver f\u00e5r 15.000 kr., samt Johannes M\u00f8ller Therkelsen som tildeles 6.620 kr.<\/p>\n<a class=\"dvrt-link\" onClick=\"cdmtrack_click(683,jQuery(this));return false\" href=\"https:\/\/vester-begr.dk\/?utm_source=google&amp;utm_medium=advative&amp;gad_source=1&amp;gclid=Cj0KCQjwtJ6_BhDWARIsAGanmKfl-hGVVjCYiOgSKoGoxrow4kvXybZsnruKJYTslvqZDywT6a9PCQwaAmBjEALw_wcB\"><img decoding=\"async\" style=\"width:100%;\" src=\"https:\/\/kunmedierne.dk\/thy\/wp-content\/uploads\/sites\/2\/2025\/03\/260203VesterHoukaer-02022026.jpg\"><\/a><script>cdmtrack_view(683);<\/script>\n<p>Forfatteren Laurits Balker J\u00f8rgensen er opvokset og bosat i Thisted Kommune og har s\u00f8gt st\u00f8tte til udvikling og videre udgivelse af hans kommende digtsamling &#8220;Hey Guys Hey Guys(!!)&#8221;.<\/p>\n<p>Cameilia Elias, forfatter og forel\u00e6gger bosat i Thisted Kommune, har s\u00f8gt om st\u00f8tte til at konsolidere sine forlagsaktiviteter, herunder udgivelse af tosprogede titler og nye udgivelser med lokalt isl\u00e6t som i sin allerede publicerede erindringsbog &#8220;Agger &#8211; L\u00e5nte Minder&#8221;.<\/p>\n<p>Johannes M\u00f8ller Therkelsen skriver og producerer musik under navnet &#8220;Havdreng&#8221;. Han er opvokset og bosat i Thisted Kommune og har s\u00f8gt legatet om st\u00f8tte til PR og udgivelse af et f\u00e6rdigt album.<\/p>\n<p>Efter legatets fundats var legatbestyrelsen Sydthy Kommunes kulturelle udvalg udpeget som legatbestyrelse. Men efter kommunesammenl\u00e6gningen i 2007 overgik udlodningen af midler fra legatet til Thisted Kommunes kulturudvalg, som i dag er forankret i Sundheds-, Kultur- og Fritidsudvalget. Hans Bakgaards Mindelegat blev med Civilstyrelsens godkendelse opl\u00f8st i 2021 og med udbetalingen af dette \u00e5rs legatportioner er de sidste legatmidler fordelt.<\/p>\n<a class=\"dvrt-link\" onClick=\"cdmtrack_click(683,jQuery(this));return false\" href=\"https:\/\/vester-begr.dk\/?utm_source=google&amp;utm_medium=advative&amp;gad_source=1&amp;gclid=Cj0KCQjwtJ6_BhDWARIsAGanmKfl-hGVVjCYiOgSKoGoxrow4kvXybZsnruKJYTslvqZDywT6a9PCQwaAmBjEALw_wcB\"><img decoding=\"async\" style=\"width:100%;\" src=\"https:\/\/kunmedierne.dk\/thy\/wp-content\/uploads\/sites\/2\/2025\/03\/260203VesterHoukaer-02022026.jpg\"><\/a><script>cdmtrack_view(683);<\/script>\n<p>Som en sidste formalitet skal f\u00f8rst kommunens sundheds- kultur- og fritidsudvalg og dern\u00e6st kommunalbestyrelsen godkende fordelingen af legatets sidste midler blandt de tre modtagere. Det sker henholdsvis 9. og 29. april<\/p>\n<p><span class=\"TextRun SCXW54791098 BCX8\" xml:lang=\"DA-DK\" data-contrast=\"auto\"><span class=\"NormalTextRun SCXW54791098 BCX8\">Den sidste uddeling af legatet markeres i<\/span><span class=\"NormalTextRun SCXW54791098 BCX8\">\u00a0<\/span><span class=\"NormalTextRun SCXW54791098 BCX8\">samarbejde med Museum Thy, som har en mindestue<\/span><span class=\"NormalTextRun SCXW54791098 BCX8\">\u00a0for Hans\u00a0<\/span><span class=\"NormalTextRun SpellingErrorV2Themed SCXW54791098 BCX8\">Bakgaard<\/span><span class=\"NormalTextRun SCXW54791098 BCX8\">\u00a0p\u00e5 Heltborg Museum.<\/span><\/span><span class=\"EOP SCXW54791098 BCX8\" data-ccp-props=\"{\"> Det fremg\u00e5r af dagsordenen til n\u00e6ste uges m\u00f8de i kommunens sundheds- kultur- og fritidsudvalg.<\/span><\/p>\n<\/div>\n<\/div>\n","protected":false},"excerpt":{"rendered":"<p>SYDTHY: I 1995 blev der for f\u00f8rste gang uddelt penge fra digteren Hans Bakgaards Mindelegat af 1995. Det sker igen i \u00e5r, men denne gang er den sidste. I \u00e5r er der er der 36.620,58 kr. til udlodning til tre af de i alt 12 personer, som denne gang har s\u00f8gt om penge fra legatet. [&hellip;]<\/p>\n","protected":false},"author":4535,"featured_media":0,"comment_status":"closed","ping_status":"closed","sticky":false,"template":"","format":"standard","meta":{"_acf_changed":false,"footnotes":""},"categories":[21],"tags":[38],"class_list":["post-1238","post","type-post","status-publish","format-standard","hentry","category-kultur","tag-mennesker"],"acf":[],"yoast_head":"<!-- This site is optimized with the Yoast SEO plugin v26.8 - https:\/\/yoast.com\/product\/yoast-seo-wordpress\/ -->\n<title>S\u00e5 er det slut: Sidste penge fra Sydthy-digters mindelegat - Thy<\/title>\n<meta name=\"robots\" content=\"index, follow, max-snippet:-1, max-image-preview:large, max-video-preview:-1\" \/>\n<link rel=\"canonical\" href=\"https:\/\/kunmedierne.dk\/thy\/saa-er-det-slut-sidste-penge-fra-sydthy-digters-mindelegat\/\" \/>\n<meta property=\"og:locale\" content=\"da_DK\" \/>\n<meta property=\"og:type\" content=\"article\" \/>\n<meta property=\"og:title\" content=\"S\u00e5 er det slut: Sidste penge fra Sydthy-digters mindelegat - Thy\" \/>\n<meta property=\"og:description\" content=\"SYDTHY: I 1995 blev der for f\u00f8rste gang uddelt penge fra digteren Hans Bakgaards Mindelegat af 1995. Det sker igen i \u00e5r, men denne gang er den sidste. I \u00e5r er der er der 36.620,58 kr. til udlodning til tre af de i alt 12 personer, som denne gang har s\u00f8gt om penge fra legatet. [&hellip;]\" \/>\n<meta property=\"og:url\" content=\"https:\/\/kunmedierne.dk\/thy\/saa-er-det-slut-sidste-penge-fra-sydthy-digters-mindelegat\/\" \/>\n<meta property=\"og:site_name\" content=\"Thy\" \/>\n<meta property=\"article:published_time\" content=\"2025-04-06T14:28:51+00:00\" \/>\n<meta name=\"author\" content=\"Jens Fogh Andersen\" \/>\n<meta name=\"twitter:card\" content=\"summary_large_image\" \/>\n<meta name=\"twitter:label1\" content=\"Skrevet af\" \/>\n\t<meta name=\"twitter:data1\" content=\"Jens Fogh Andersen\" \/>\n\t<meta name=\"twitter:label2\" content=\"Estimeret l\u00e6setid\" \/>\n\t<meta name=\"twitter:data2\" content=\"2 minutter\" \/>\n<script type=\"application\/ld+json\" class=\"yoast-schema-graph\">{\"@context\":\"https:\/\/schema.org\",\"@graph\":[{\"@type\":\"Article\",\"@id\":\"https:\/\/kunmedierne.dk\/thy\/saa-er-det-slut-sidste-penge-fra-sydthy-digters-mindelegat\/#article\",\"isPartOf\":{\"@id\":\"https:\/\/kunmedierne.dk\/thy\/saa-er-det-slut-sidste-penge-fra-sydthy-digters-mindelegat\/\"},\"author\":{\"name\":\"Jens Fogh Andersen\",\"@id\":\"https:\/\/kunmedierne.dk\/thy\/#\/schema\/person\/88f5be46809ca2a5533760eb574fef93\"},\"headline\":\"S\u00e5 er det slut: Sidste penge fra Sydthy-digters mindelegat\",\"datePublished\":\"2025-04-06T14:28:51+00:00\",\"mainEntityOfPage\":{\"@id\":\"https:\/\/kunmedierne.dk\/thy\/saa-er-det-slut-sidste-penge-fra-sydthy-digters-mindelegat\/\"},\"wordCount\":334,\"publisher\":{\"@id\":\"https:\/\/kunmedierne.dk\/thy\/#organization\"},\"keywords\":[\"Mennesker\"],\"articleSection\":[\"Kultur\"],\"inLanguage\":\"da-DK\"},{\"@type\":\"WebPage\",\"@id\":\"https:\/\/kunmedierne.dk\/thy\/saa-er-det-slut-sidste-penge-fra-sydthy-digters-mindelegat\/\",\"url\":\"https:\/\/kunmedierne.dk\/thy\/saa-er-det-slut-sidste-penge-fra-sydthy-digters-mindelegat\/\",\"name\":\"S\u00e5 er det slut: Sidste penge fra Sydthy-digters mindelegat - Thy\",\"isPartOf\":{\"@id\":\"https:\/\/kunmedierne.dk\/thy\/#website\"},\"datePublished\":\"2025-04-06T14:28:51+00:00\",\"breadcrumb\":{\"@id\":\"https:\/\/kunmedierne.dk\/thy\/saa-er-det-slut-sidste-penge-fra-sydthy-digters-mindelegat\/#breadcrumb\"},\"inLanguage\":\"da-DK\",\"potentialAction\":[{\"@type\":\"ReadAction\",\"target\":[\"https:\/\/kunmedierne.dk\/thy\/saa-er-det-slut-sidste-penge-fra-sydthy-digters-mindelegat\/\"]}]},{\"@type\":\"BreadcrumbList\",\"@id\":\"https:\/\/kunmedierne.dk\/thy\/saa-er-det-slut-sidste-penge-fra-sydthy-digters-mindelegat\/#breadcrumb\",\"itemListElement\":[{\"@type\":\"ListItem\",\"position\":1,\"name\":\"Home\",\"item\":\"https:\/\/kunmedierne.dk\/thy\/\"},{\"@type\":\"ListItem\",\"position\":2,\"name\":\"S\u00e5 er det slut: Sidste penge fra Sydthy-digters mindelegat\"}]},{\"@type\":\"WebSite\",\"@id\":\"https:\/\/kunmedierne.dk\/thy\/#website\",\"url\":\"https:\/\/kunmedierne.dk\/thy\/\",\"name\":\"Thy\",\"description\":\"et netmedie med journalistik om livet i Thy\",\"publisher\":{\"@id\":\"https:\/\/kunmedierne.dk\/thy\/#organization\"},\"potentialAction\":[{\"@type\":\"SearchAction\",\"target\":{\"@type\":\"EntryPoint\",\"urlTemplate\":\"https:\/\/kunmedierne.dk\/thy\/?s={search_term_string}\"},\"query-input\":{\"@type\":\"PropertyValueSpecification\",\"valueRequired\":true,\"valueName\":\"search_term_string\"}}],\"inLanguage\":\"da-DK\"},{\"@type\":\"Organization\",\"@id\":\"https:\/\/kunmedierne.dk\/thy\/#organization\",\"name\":\"Thy\",\"url\":\"https:\/\/kunmedierne.dk\/thy\/\",\"logo\":{\"@type\":\"ImageObject\",\"inLanguage\":\"da-DK\",\"@id\":\"https:\/\/kunmedierne.dk\/thy\/#\/schema\/logo\/image\/\",\"url\":\"https:\/\/kunmedierne.dk\/thy\/wp-content\/uploads\/sites\/2\/2025\/04\/kunthy-logo.svg\",\"contentUrl\":\"https:\/\/kunmedierne.dk\/thy\/wp-content\/uploads\/sites\/2\/2025\/04\/kunthy-logo.svg\",\"caption\":\"Thy\"},\"image\":{\"@id\":\"https:\/\/kunmedierne.dk\/thy\/#\/schema\/logo\/image\/\"}},{\"@type\":\"Person\",\"@id\":\"https:\/\/kunmedierne.dk\/thy\/#\/schema\/person\/88f5be46809ca2a5533760eb574fef93\",\"name\":\"Jens Fogh Andersen\",\"image\":{\"@type\":\"ImageObject\",\"inLanguage\":\"da-DK\",\"@id\":\"https:\/\/kunmedierne.dk\/thy\/#\/schema\/person\/image\/\",\"url\":\"https:\/\/secure.gravatar.com\/avatar\/2b367a4ef139b1c41dccc9ee7af926b81f8b4cca3359772e86c7fd5ced26c0a3?s=96&d=mm&r=g\",\"contentUrl\":\"https:\/\/secure.gravatar.com\/avatar\/2b367a4ef139b1c41dccc9ee7af926b81f8b4cca3359772e86c7fd5ced26c0a3?s=96&d=mm&r=g\",\"caption\":\"Jens Fogh Andersen\"},\"url\":\"https:\/\/kunmedierne.dk\/thy\/author\/jfa\/\"}]}<\/script>\n<!-- \/ Yoast SEO plugin. -->","yoast_head_json":{"title":"S\u00e5 er det slut: Sidste penge fra Sydthy-digters mindelegat - Thy","robots":{"index":"index","follow":"follow","max-snippet":"max-snippet:-1","max-image-preview":"max-image-preview:large","max-video-preview":"max-video-preview:-1"},"canonical":"https:\/\/kunmedierne.dk\/thy\/saa-er-det-slut-sidste-penge-fra-sydthy-digters-mindelegat\/","og_locale":"da_DK","og_type":"article","og_title":"S\u00e5 er det slut: Sidste penge fra Sydthy-digters mindelegat - Thy","og_description":"SYDTHY: I 1995 blev der for f\u00f8rste gang uddelt penge fra digteren Hans Bakgaards Mindelegat af 1995. Det sker igen i \u00e5r, men denne gang er den sidste. I \u00e5r er der er der 36.620,58 kr. til udlodning til tre af de i alt 12 personer, som denne gang har s\u00f8gt om penge fra legatet. [&hellip;]","og_url":"https:\/\/kunmedierne.dk\/thy\/saa-er-det-slut-sidste-penge-fra-sydthy-digters-mindelegat\/","og_site_name":"Thy","article_published_time":"2025-04-06T14:28:51+00:00","author":"Jens Fogh Andersen","twitter_card":"summary_large_image","twitter_misc":{"Skrevet af":"Jens Fogh Andersen","Estimeret l\u00e6setid":"2 minutter"},"schema":{"@context":"https:\/\/schema.org","@graph":[{"@type":"Article","@id":"https:\/\/kunmedierne.dk\/thy\/saa-er-det-slut-sidste-penge-fra-sydthy-digters-mindelegat\/#article","isPartOf":{"@id":"https:\/\/kunmedierne.dk\/thy\/saa-er-det-slut-sidste-penge-fra-sydthy-digters-mindelegat\/"},"author":{"name":"Jens Fogh Andersen","@id":"https:\/\/kunmedierne.dk\/thy\/#\/schema\/person\/88f5be46809ca2a5533760eb574fef93"},"headline":"S\u00e5 er det slut: Sidste penge fra Sydthy-digters mindelegat","datePublished":"2025-04-06T14:28:51+00:00","mainEntityOfPage":{"@id":"https:\/\/kunmedierne.dk\/thy\/saa-er-det-slut-sidste-penge-fra-sydthy-digters-mindelegat\/"},"wordCount":334,"publisher":{"@id":"https:\/\/kunmedierne.dk\/thy\/#organization"},"keywords":["Mennesker"],"articleSection":["Kultur"],"inLanguage":"da-DK"},{"@type":"WebPage","@id":"https:\/\/kunmedierne.dk\/thy\/saa-er-det-slut-sidste-penge-fra-sydthy-digters-mindelegat\/","url":"https:\/\/kunmedierne.dk\/thy\/saa-er-det-slut-sidste-penge-fra-sydthy-digters-mindelegat\/","name":"S\u00e5 er det slut: Sidste penge fra Sydthy-digters mindelegat - Thy","isPartOf":{"@id":"https:\/\/kunmedierne.dk\/thy\/#website"},"datePublished":"2025-04-06T14:28:51+00:00","breadcrumb":{"@id":"https:\/\/kunmedierne.dk\/thy\/saa-er-det-slut-sidste-penge-fra-sydthy-digters-mindelegat\/#breadcrumb"},"inLanguage":"da-DK","potentialAction":[{"@type":"ReadAction","target":["https:\/\/kunmedierne.dk\/thy\/saa-er-det-slut-sidste-penge-fra-sydthy-digters-mindelegat\/"]}]},{"@type":"BreadcrumbList","@id":"https:\/\/kunmedierne.dk\/thy\/saa-er-det-slut-sidste-penge-fra-sydthy-digters-mindelegat\/#breadcrumb","itemListElement":[{"@type":"ListItem","position":1,"name":"Home","item":"https:\/\/kunmedierne.dk\/thy\/"},{"@type":"ListItem","position":2,"name":"S\u00e5 er det slut: Sidste penge fra Sydthy-digters mindelegat"}]},{"@type":"WebSite","@id":"https:\/\/kunmedierne.dk\/thy\/#website","url":"https:\/\/kunmedierne.dk\/thy\/","name":"Thy","description":"et netmedie med journalistik om livet i Thy","publisher":{"@id":"https:\/\/kunmedierne.dk\/thy\/#organization"},"potentialAction":[{"@type":"SearchAction","target":{"@type":"EntryPoint","urlTemplate":"https:\/\/kunmedierne.dk\/thy\/?s={search_term_string}"},"query-input":{"@type":"PropertyValueSpecification","valueRequired":true,"valueName":"search_term_string"}}],"inLanguage":"da-DK"},{"@type":"Organization","@id":"https:\/\/kunmedierne.dk\/thy\/#organization","name":"Thy","url":"https:\/\/kunmedierne.dk\/thy\/","logo":{"@type":"ImageObject","inLanguage":"da-DK","@id":"https:\/\/kunmedierne.dk\/thy\/#\/schema\/logo\/image\/","url":"https:\/\/kunmedierne.dk\/thy\/wp-content\/uploads\/sites\/2\/2025\/04\/kunthy-logo.svg","contentUrl":"https:\/\/kunmedierne.dk\/thy\/wp-content\/uploads\/sites\/2\/2025\/04\/kunthy-logo.svg","caption":"Thy"},"image":{"@id":"https:\/\/kunmedierne.dk\/thy\/#\/schema\/logo\/image\/"}},{"@type":"Person","@id":"https:\/\/kunmedierne.dk\/thy\/#\/schema\/person\/88f5be46809ca2a5533760eb574fef93","name":"Jens Fogh Andersen","image":{"@type":"ImageObject","inLanguage":"da-DK","@id":"https:\/\/kunmedierne.dk\/thy\/#\/schema\/person\/image\/","url":"https:\/\/secure.gravatar.com\/avatar\/2b367a4ef139b1c41dccc9ee7af926b81f8b4cca3359772e86c7fd5ced26c0a3?s=96&d=mm&r=g","contentUrl":"https:\/\/secure.gravatar.com\/avatar\/2b367a4ef139b1c41dccc9ee7af926b81f8b4cca3359772e86c7fd5ced26c0a3?s=96&d=mm&r=g","caption":"Jens Fogh Andersen"},"url":"https:\/\/kunmedierne.dk\/thy\/author\/jfa\/"}]}},"_links":{"self":[{"href":"https:\/\/kunmedierne.dk\/thy\/wp-json\/wp\/v2\/posts\/1238","targetHints":{"allow":["GET"]}}],"collection":[{"href":"https:\/\/kunmedierne.dk\/thy\/wp-json\/wp\/v2\/posts"}],"about":[{"href":"https:\/\/kunmedierne.dk\/thy\/wp-json\/wp\/v2\/types\/post"}],"author":[{"embeddable":true,"href":"https:\/\/kunmedierne.dk\/thy\/wp-json\/wp\/v2\/users\/4535"}],"replies":[{"embeddable":true,"href":"https:\/\/kunmedierne.dk\/thy\/wp-json\/wp\/v2\/comments?post=1238"}],"version-history":[{"count":10,"href":"https:\/\/kunmedierne.dk\/thy\/wp-json\/wp\/v2\/posts\/1238\/revisions"}],"predecessor-version":[{"id":1251,"href":"https:\/\/kunmedierne.dk\/thy\/wp-json\/wp\/v2\/posts\/1238\/revisions\/1251"}],"wp:attachment":[{"href":"https:\/\/kunmedierne.dk\/thy\/wp-json\/wp\/v2\/media?parent=1238"}],"wp:term":[{"taxonomy":"category","embeddable":true,"href":"https:\/\/kunmedierne.dk\/thy\/wp-json\/wp\/v2\/categories?post=1238"},{"taxonomy":"post_tag","embeddable":true,"href":"https:\/\/kunmedierne.dk\/thy\/wp-json\/wp\/v2\/tags?post=1238"}],"curies":[{"name":"wp","href":"https:\/\/api.w.org\/{rel}","templated":true}]}}