{"id":12213,"date":"2025-12-25T09:45:37","date_gmt":"2025-12-25T08:45:37","guid":{"rendered":"https:\/\/kunmedierne.dk\/thy\/?p=12213"},"modified":"2025-12-05T09:47:31","modified_gmt":"2025-12-05T08:47:31","slug":"jernalderboplads-dukker-op-under-mulden-i-elsted","status":"publish","type":"post","link":"https:\/\/kunmedierne.dk\/thy\/jernalderboplads-dukker-op-under-mulden-i-elsted\/","title":{"rendered":"Jernalderboplads dukker op under mulden i Elsted"},"content":{"rendered":"<h5><strong>Dette er en genudgivelse. Vi kigger tilbage p\u00e5 \u00e5ret der gik. Artiklen udkom f\u00f8rste gang den 29. oktober 2025<\/strong><\/h5>\n<p><strong>ELSTED:<\/strong> Museumsinspekt\u00f8r Gitte Lambertsen Hjortlund er nordjyde, og derfor kan hun n\u00e6sten ikke f\u00e5 sig selv til at bruge de store ord om den aktuelle udgravning i Elsted.<\/p>\n<p>&#8211; Det er lidt specielt, at vi har noget, der er s\u00e5 godt bevaret fra den tid, siger hun f\u00f8rst.<\/p>\n<p>Men s\u00e5 kommer det alligevel:<\/p>\n<p>&#8211; Det er faktisk ret fantastisk!<\/p>\n<p>Thy er rig p\u00e5 fortidsminder s\u00e6rligt fra bronzealderen og fra jernalderen, men den aktuelle udgravning ved Engk\u00e6rbro i Elsted er speciel p\u00e5 den m\u00e5de, at bopladsen er fra yngre jernalder. Det kaldes ogs\u00e5 romersk jernalder og omfatter perioden fra Kristi f\u00f8dsel og 2-300 \u00e5r frem.<\/p>\n<a class=\"dvrt-link\" onClick=\"cdmtrack_click(685,jQuery(this));return false\" href=\"https:\/\/wensien.dk\/begravelse\/?gad_source=1&gclid=Cj0KCQjwtJ6_BhDWARIsAGanmKcWw6hbeoepGti1oApJGHln52gMbg8EBRZ86__3P1AJZ5dcsw4ZvNEaAk7JEALw_wcB\"><img decoding=\"async\" style=\"width:100%;\" src=\"https:\/\/kunmedierne.dk\/thy\/wp-content\/uploads\/sites\/2\/2025\/03\/wensien-stenhugger.jpg\"><\/a><script>cdmtrack_view(685);<\/script>\n<p>Elsted er politisk prioriteret som centrum i den gr\u00f8nne omstilling, Energizone Midtthy, og det f\u00f8rste skridt er at opf\u00f8re et stort biogasanl\u00e6g. Inden dette store anl\u00e6gsarbejde unders\u00f8ger Museum Thy, hvad undergrunden i et 3,6 hektar stort omr\u00e5de rummer af historiske vidnesbyrd om vore forf\u00e6dre.<\/p>\n<p>Gitte Lambertsen Hjortlund fort\u00e6ller, at der i 2023 blev lavet en forunders\u00f8gelse p\u00e5 stedet, der afsl\u00f8rede s\u00e5vel stolpehuller som kulturlag i form af byh\u00f8je.<\/p>\n<p>&#8211; N\u00e5r der er byh\u00f8je, kan vi v\u00e6re heldige at finde gulvlag, ildsteder og v\u00e6gge. Vi kan f\u00e5 indblik i, hvordan husene har v\u00e6ret indrettet og hvordan det levede liv har v\u00e6ret dengang, fort\u00e6ller hun.<\/p>\n<div id=\"attachment_12247\" style=\"width: 1242px\" class=\"wp-caption alignnone\"><img loading=\"lazy\" decoding=\"async\" aria-describedby=\"caption-attachment-12247\" class=\"wp-image-12247 size-full\" src=\"https:\/\/kunmedierne.dk\/thy\/wp-content\/uploads\/sites\/2\/2025\/10\/Unavngivet-1232-x-802-px-2025-10-28T185421.020.jpg\" alt=\"\" width=\"1232\" height=\"802\" srcset=\"https:\/\/kunmedierne.dk\/thy\/wp-content\/uploads\/sites\/2\/2025\/10\/Unavngivet-1232-x-802-px-2025-10-28T185421.020.jpg 1232w, https:\/\/kunmedierne.dk\/thy\/wp-content\/uploads\/sites\/2\/2025\/10\/Unavngivet-1232-x-802-px-2025-10-28T185421.020-300x195.jpg 300w, https:\/\/kunmedierne.dk\/thy\/wp-content\/uploads\/sites\/2\/2025\/10\/Unavngivet-1232-x-802-px-2025-10-28T185421.020-1024x667.jpg 1024w, https:\/\/kunmedierne.dk\/thy\/wp-content\/uploads\/sites\/2\/2025\/10\/Unavngivet-1232-x-802-px-2025-10-28T185421.020-510x332.jpg 510w\" sizes=\"auto, (max-width: 1232px) 100vw, 1232px\" \/><p id=\"caption-attachment-12247\" class=\"wp-caption-text\">Stenbel\u00e6gning ved indgangen til langhuset. I baggrunden ses ark\u00e6ologerne Martin Sejr Nielsen og Stina Urke Brunstadt. Foto: Lone L\u00e6rke Krog.<\/p><\/div>\n<p>Selve udgravningen begyndte 9. september, og bopladsens struktur bliver efterh\u00e5nden klarlagt, idet der er fundet spor af flere huse &#8211; langhuse og udhuse, g\u00e5rdspladser og stier i et 2500 kvadratmeter stort omr\u00e5de p\u00e5 marken sydvest for den nedlagte landbrugsejendom.<\/p>\n<p>&#8211; Vi er positivt overrasket over, hvor godt bevaret kulturlagene er, lyder det fra museumsinspekt\u00f8ren.<\/p>\n<a class=\"dvrt-link\" onClick=\"cdmtrack_click(685,jQuery(this));return false\" href=\"https:\/\/wensien.dk\/begravelse\/?gad_source=1&gclid=Cj0KCQjwtJ6_BhDWARIsAGanmKcWw6hbeoepGti1oApJGHln52gMbg8EBRZ86__3P1AJZ5dcsw4ZvNEaAk7JEALw_wcB\"><img decoding=\"async\" style=\"width:100%;\" src=\"https:\/\/kunmedierne.dk\/thy\/wp-content\/uploads\/sites\/2\/2025\/03\/wensien-stenhugger.jpg\"><\/a><script>cdmtrack_view(685);<\/script>\n<p>Ved et grundigt arbejde med skovle og graveredskaber har stens\u00e6tningerne ved de to indgange til hvert langhus \u00e5benbaret sig, og der er spor efter ildsteder og lergulve.<\/p>\n<p>Gitte Hjortlund fort\u00e6ller, hvordan man p\u00e5 farverne i jordlaget kan afl\u00e6se fortidens liv.<\/p>\n<p>De gule og meget faste lag jord afsl\u00f8rer lergulvene, og r\u00f8d farve afsl\u00f8rer resterne af den t\u00f8rv, der har v\u00e6ret brugt til ildstederne.<\/p>\n<p>En okkerr\u00f8d farve er til geng\u00e6ld tegn p\u00e5 jern, der er g\u00e5et i opl\u00f8sning.<\/p>\n<a class=\"dvrt-link\" onClick=\"cdmtrack_click(4416,jQuery(this));return false\" href=\"https:\/\/sdrhaa.dk\/\"><img decoding=\"async\" style=\"width:100%;\" src=\"https:\/\/kunmedierne.dk\/thy\/wp-content\/uploads\/sites\/2\/2025\/05\/260302Din-gebyrvenlige-sparekasse_SHS_Thy-1.gif\"><\/a><script>cdmtrack_view(4416);<\/script>\n<p>Ark\u00e6ologerne har indtil videre kun fundet en enkelt bevaret jerngenstand, nemlig en n\u00f8gle. Den vil blive sendt til et laboratorium, hvor den bliver skannet og tidsbestemt.<\/p>\n<p>Andre vidnesbyrd om det levede liv i jernalderen er dyreknogler og en st\u00f8rre m\u00e6ngde kv\u00e6rnsten. Der er b\u00e5de skubbekv\u00e6rn og drejekv\u00e6rn.<\/p>\n<div id=\"attachment_12248\" style=\"width: 1242px\" class=\"wp-caption alignnone\"><img loading=\"lazy\" decoding=\"async\" aria-describedby=\"caption-attachment-12248\" class=\"wp-image-12248 size-full\" src=\"https:\/\/kunmedierne.dk\/thy\/wp-content\/uploads\/sites\/2\/2025\/10\/Unavngivet-1232-x-802-px-2025-10-28T185857.693.jpg\" alt=\"\" width=\"1232\" height=\"802\" srcset=\"https:\/\/kunmedierne.dk\/thy\/wp-content\/uploads\/sites\/2\/2025\/10\/Unavngivet-1232-x-802-px-2025-10-28T185857.693.jpg 1232w, https:\/\/kunmedierne.dk\/thy\/wp-content\/uploads\/sites\/2\/2025\/10\/Unavngivet-1232-x-802-px-2025-10-28T185857.693-300x195.jpg 300w, https:\/\/kunmedierne.dk\/thy\/wp-content\/uploads\/sites\/2\/2025\/10\/Unavngivet-1232-x-802-px-2025-10-28T185857.693-1024x667.jpg 1024w, https:\/\/kunmedierne.dk\/thy\/wp-content\/uploads\/sites\/2\/2025\/10\/Unavngivet-1232-x-802-px-2025-10-28T185857.693-510x332.jpg 510w\" sizes=\"auto, (max-width: 1232px) 100vw, 1232px\" \/><p id=\"caption-attachment-12248\" class=\"wp-caption-text\">Drejekv\u00e6rn. Foto: Lone L\u00e6rke Krog.<\/p><\/div>\n<p>&nbsp;<\/p>\n<div id=\"attachment_12249\" style=\"width: 1242px\" class=\"wp-caption alignnone\"><img loading=\"lazy\" decoding=\"async\" aria-describedby=\"caption-attachment-12249\" class=\"wp-image-12249 size-full\" src=\"https:\/\/kunmedierne.dk\/thy\/wp-content\/uploads\/sites\/2\/2025\/10\/Unavngivet-1232-x-802-px-2025-10-28T185758.562.jpg\" alt=\"\" width=\"1232\" height=\"802\" srcset=\"https:\/\/kunmedierne.dk\/thy\/wp-content\/uploads\/sites\/2\/2025\/10\/Unavngivet-1232-x-802-px-2025-10-28T185758.562.jpg 1232w, https:\/\/kunmedierne.dk\/thy\/wp-content\/uploads\/sites\/2\/2025\/10\/Unavngivet-1232-x-802-px-2025-10-28T185758.562-300x195.jpg 300w, https:\/\/kunmedierne.dk\/thy\/wp-content\/uploads\/sites\/2\/2025\/10\/Unavngivet-1232-x-802-px-2025-10-28T185758.562-1024x667.jpg 1024w, https:\/\/kunmedierne.dk\/thy\/wp-content\/uploads\/sites\/2\/2025\/10\/Unavngivet-1232-x-802-px-2025-10-28T185758.562-510x332.jpg 510w\" sizes=\"auto, (max-width: 1232px) 100vw, 1232px\" \/><p id=\"caption-attachment-12249\" class=\"wp-caption-text\">Pottesk\u00e5r med ornamentik. Foto: Lone L\u00e6rke Krog.<\/p><\/div>\n<p>Og s\u00e5 er der fundet en m\u00e6ngde pottesk\u00e5r, der med deres s\u00e6rlige form ogs\u00e5 er med til at tidsf\u00e6ste bopladsen til den yngre jernalder.<\/p>\n<p>Sp\u00e6ndende ornamentik p\u00e5 nogle af pottesk\u00e5rene fort\u00e6ller desuden, at jernalderfolket fra Elsted er blevet inspireret af folkeslag fra midt- og sydeuropa.<\/p>\n<p>&#8211; Keramikken viser helt klart, at de har haft kontakter ud i verden, pointerer Gitte Hjortlund &#8211; med henvisning til romerriget.<\/p>\n<p>Et af de mere kendte danske fortidsfund fra samme tid er Gundestrupkarret, der er af s\u00f8lv og ornamenteret med mytiske skildringer og gudefigurer.<\/p>\n<a class=\"dvrt-link\" onClick=\"cdmtrack_click(687,jQuery(this));return false\" href=\"https:\/\/konpap.dk\/?gad_source=1&gclid=Cj0KCQjwtJ6_BhDWARIsAGanmKfOBLC3RBm6obWL5sEb-mp4bsp5QjqWW4j4nx22y0YT2iMiXJcv3MoaApR_EALw_wcB\"><img decoding=\"async\" style=\"width:100%;\" src=\"https:\/\/kunmedierne.dk\/thy\/wp-content\/uploads\/sites\/2\/2025\/03\/redoffice.jpg\"><\/a><script>cdmtrack_view(687);<\/script>\n<p>Indtil videre har ark\u00e6ologerne ikke fundet hverken knive, \u00f8kser, smykker eller andre ting af metal, men det kan skyldes, at folk tog det med, n\u00e5r de flyttede.<\/p>\n<p>&#8211; Vores dr\u00f8m er altid at finde en brandtomt efter et hus, hvor de ikke har n\u00e5et at rydde det hele inden branden fik fat. Men det har vi ikke fundet her endnu. Hvis vi er heldige finder vi et offerkar med indhold &#8211; m\u00e5ske med rester af korn.<\/p>\n<div id=\"attachment_12250\" style=\"width: 1242px\" class=\"wp-caption alignnone\"><img loading=\"lazy\" decoding=\"async\" aria-describedby=\"caption-attachment-12250\" class=\"wp-image-12250 size-full\" src=\"https:\/\/kunmedierne.dk\/thy\/wp-content\/uploads\/sites\/2\/2025\/10\/Unavngivet-1232-x-802-px-2025-10-28T185945.575.jpg\" alt=\"\" width=\"1232\" height=\"802\" srcset=\"https:\/\/kunmedierne.dk\/thy\/wp-content\/uploads\/sites\/2\/2025\/10\/Unavngivet-1232-x-802-px-2025-10-28T185945.575.jpg 1232w, https:\/\/kunmedierne.dk\/thy\/wp-content\/uploads\/sites\/2\/2025\/10\/Unavngivet-1232-x-802-px-2025-10-28T185945.575-300x195.jpg 300w, https:\/\/kunmedierne.dk\/thy\/wp-content\/uploads\/sites\/2\/2025\/10\/Unavngivet-1232-x-802-px-2025-10-28T185945.575-1024x667.jpg 1024w, https:\/\/kunmedierne.dk\/thy\/wp-content\/uploads\/sites\/2\/2025\/10\/Unavngivet-1232-x-802-px-2025-10-28T185945.575-510x332.jpg 510w\" sizes=\"auto, (max-width: 1232px) 100vw, 1232px\" \/><p id=\"caption-attachment-12250\" class=\"wp-caption-text\">Br\u00e6ndt tr\u00e6planke &#8211; cirka 2000 \u00e5r gammel. Foto: Lone L\u00e6rke Krog.<\/p><\/div>\n<p>Men selv om der ikke er fundet en brandtomt, har ark\u00e6ologerne fundet stumper af br\u00e6ndt tr\u00e6.<\/p>\n<p>&#8211; Det er nok den st\u00f8rste overraskelse, at vi har fundet bevaret br\u00e6ndt tr\u00e6 fra planker i husene, siger Gitte Hjortlund.<\/p>\n<p>Tr\u00e6et skal nu analyseres, s\u00e5dan at man kan afd\u00e6kke tr\u00e6sorten og m\u00e5ske dens oprindelse.<\/p>\n<p>Der var ikke meget skov i Thy for 2000 \u00e5r siden, og ofte har man bygget af det, man lige kunne finde, selv om det ikke var det bedste materiale. V\u00e6ggene var lavet af t\u00f8rv med lerklining. Men man formoder, at en del af den b\u00e6rende konstruktion til langhusene er bygget af solidt tr\u00e6 fra andre dele af landet.<\/p>\n<p>&#8211; De har h\u00f8jst sandsynligt handlet sig til noget af det, siger Gitte Hjortlund.<\/p>\n<a class=\"dvrt-link\" onClick=\"cdmtrack_click(685,jQuery(this));return false\" href=\"https:\/\/wensien.dk\/begravelse\/?gad_source=1&gclid=Cj0KCQjwtJ6_BhDWARIsAGanmKcWw6hbeoepGti1oApJGHln52gMbg8EBRZ86__3P1AJZ5dcsw4ZvNEaAk7JEALw_wcB\"><img decoding=\"async\" style=\"width:100%;\" src=\"https:\/\/kunmedierne.dk\/thy\/wp-content\/uploads\/sites\/2\/2025\/03\/wensien-stenhugger.jpg\"><\/a><script>cdmtrack_view(685);<\/script>\n<p>Hun bem\u00e6rker i \u00f8vrigt, at folkene i jernalderens Elsted har etableret sig n\u00e6r de 3000 \u00e5r gamle gravh\u00f8je fra bronzealderen.<\/p>\n<p>&#8211; De har sikkert gerne villet bo t\u00e6t ved forf\u00e6drene, og desuden har gravh\u00f8jene tjent som en slags pejlem\u00e6rker for datidens folk.<\/p>\n<p>Mellem bronzealder og jernalder forandrede afskedsritualerne med de d\u00f8de sig. I stedet for at begrave sine sl\u00e6gtninge, gik man over til at br\u00e6nde dem og derefter gemme asken i urner.<\/p>\n<p>Ark\u00e6ologerne i Elsted har endnu ikke fundet spor efter de d\u00f8de.<\/p>\n<p>&#8211; Vi har ikke fundet gravpladsen endnu. Det er et mysterium, lyder det fra museumsinspekt\u00f8ren.<\/p>\n<p>Fredag 31. oktober om eftermiddagen klokken 15-17 er der \u00e5ben udgravning p\u00e5 ark\u00e6ologernes arbejdsplads ved Engk\u00e6rbro 9 i Elsted, hvor der vil v\u00e6re masser af fort\u00e6llinger om jernalderlivet, og Gitte Hjortlund lover, at der ogs\u00e5 vil v\u00e6re mulighed for at kigge n\u00e6rmere p\u00e5 nogle af de mere interessante pottesk\u00e5r.<\/p>\n<p>Dette er en unik mulighed, for n\u00e5r udgravningen er slut om nogle uger, forsvinder vinduet til yngre jernalder p\u00e5 dette sted, n\u00e5r anl\u00e6gsarbejdet til biogasanl\u00e6gget begynder.<\/p>\n<p><a href=\"https:\/\/museumthy.dk\/thy-6683-gadegaard\/\">L\u00e6s mere om jernalderbostedet og udgravningen.<\/a><\/p>\n<p>&nbsp;<\/p>\n<div id=\"attachment_12264\" style=\"width: 1242px\" class=\"wp-caption alignnone\"><img loading=\"lazy\" decoding=\"async\" aria-describedby=\"caption-attachment-12264\" class=\"wp-image-12264 size-full\" src=\"https:\/\/kunmedierne.dk\/thy\/wp-content\/uploads\/sites\/2\/2025\/10\/Unavngivet-1232-x-802-px-2025-10-29T061416.766.jpg\" alt=\"\" width=\"1232\" height=\"802\" srcset=\"https:\/\/kunmedierne.dk\/thy\/wp-content\/uploads\/sites\/2\/2025\/10\/Unavngivet-1232-x-802-px-2025-10-29T061416.766.jpg 1232w, https:\/\/kunmedierne.dk\/thy\/wp-content\/uploads\/sites\/2\/2025\/10\/Unavngivet-1232-x-802-px-2025-10-29T061416.766-300x195.jpg 300w, https:\/\/kunmedierne.dk\/thy\/wp-content\/uploads\/sites\/2\/2025\/10\/Unavngivet-1232-x-802-px-2025-10-29T061416.766-1024x667.jpg 1024w, https:\/\/kunmedierne.dk\/thy\/wp-content\/uploads\/sites\/2\/2025\/10\/Unavngivet-1232-x-802-px-2025-10-29T061416.766-510x332.jpg 510w\" sizes=\"auto, (max-width: 1232px) 100vw, 1232px\" \/><p id=\"caption-attachment-12264\" class=\"wp-caption-text\">Udgravningen set fra luften 13. oktober. Dronefoto: Museum Thy.<\/p><\/div>\n<p>&nbsp;<\/p>\n","protected":false},"excerpt":{"rendered":"<p>Dette er en genudgivelse. Vi kigger tilbage p\u00e5 \u00e5ret der gik. Artiklen udkom f\u00f8rste gang den 29. oktober 2025 ELSTED: Museumsinspekt\u00f8r Gitte Lambertsen Hjortlund er nordjyde, og derfor kan hun n\u00e6sten ikke f\u00e5 sig selv til at bruge de store ord om den aktuelle udgravning i Elsted. &#8211; Det er lidt specielt, at vi har [&hellip;]<\/p>\n","protected":false},"author":1925,"featured_media":0,"comment_status":"closed","ping_status":"closed","sticky":false,"template":"","format":"standard","meta":{"_acf_changed":false,"footnotes":""},"categories":[24],"tags":[46,45],"class_list":["post-12213","post","type-post","status-publish","format-standard","hentry","category-lokalt","tag-historie","tag-museer"],"acf":[],"yoast_head":"<!-- This site is optimized with the Yoast SEO plugin v26.8 - https:\/\/yoast.com\/product\/yoast-seo-wordpress\/ -->\n<title>Jernalderboplads dukker op under mulden i Elsted - Thy<\/title>\n<meta name=\"robots\" content=\"index, follow, max-snippet:-1, max-image-preview:large, max-video-preview:-1\" \/>\n<link rel=\"canonical\" href=\"https:\/\/kunmedierne.dk\/thy\/jernalderboplads-dukker-op-under-mulden-i-elsted\/\" \/>\n<meta property=\"og:locale\" content=\"da_DK\" \/>\n<meta property=\"og:type\" content=\"article\" \/>\n<meta property=\"og:title\" content=\"Jernalderboplads dukker op under mulden i Elsted - Thy\" \/>\n<meta property=\"og:description\" content=\"Dette er en genudgivelse. Vi kigger tilbage p\u00e5 \u00e5ret der gik. Artiklen udkom f\u00f8rste gang den 29. oktober 2025 ELSTED: Museumsinspekt\u00f8r Gitte Lambertsen Hjortlund er nordjyde, og derfor kan hun n\u00e6sten ikke f\u00e5 sig selv til at bruge de store ord om den aktuelle udgravning i Elsted. &#8211; Det er lidt specielt, at vi har [&hellip;]\" \/>\n<meta property=\"og:url\" content=\"https:\/\/kunmedierne.dk\/thy\/jernalderboplads-dukker-op-under-mulden-i-elsted\/\" \/>\n<meta property=\"og:site_name\" content=\"Thy\" \/>\n<meta property=\"article:published_time\" content=\"2025-12-25T08:45:37+00:00\" \/>\n<meta property=\"og:image\" content=\"https:\/\/kunmedierne.dk\/thy\/wp-content\/uploads\/sites\/2\/2025\/10\/Unavngivet-1232-x-802-px-2025-10-28T185421.020.jpg\" \/>\n<meta name=\"author\" content=\"Lone L\u00e6rke Krog\" \/>\n<meta name=\"twitter:card\" content=\"summary_large_image\" \/>\n<meta name=\"twitter:label1\" content=\"Skrevet af\" \/>\n\t<meta name=\"twitter:data1\" content=\"Lone L\u00e6rke Krog\" \/>\n\t<meta name=\"twitter:label2\" content=\"Estimeret l\u00e6setid\" \/>\n\t<meta name=\"twitter:data2\" content=\"7 minutter\" \/>\n<script type=\"application\/ld+json\" class=\"yoast-schema-graph\">{\"@context\":\"https:\/\/schema.org\",\"@graph\":[{\"@type\":\"Article\",\"@id\":\"https:\/\/kunmedierne.dk\/thy\/jernalderboplads-dukker-op-under-mulden-i-elsted\/#article\",\"isPartOf\":{\"@id\":\"https:\/\/kunmedierne.dk\/thy\/jernalderboplads-dukker-op-under-mulden-i-elsted\/\"},\"author\":{\"name\":\"Lone L\u00e6rke Krog\",\"@id\":\"https:\/\/kunmedierne.dk\/thy\/#\/schema\/person\/d266634ba6550d075ecf540d63b245d2\"},\"headline\":\"Jernalderboplads dukker op under mulden i Elsted\",\"datePublished\":\"2025-12-25T08:45:37+00:00\",\"mainEntityOfPage\":{\"@id\":\"https:\/\/kunmedierne.dk\/thy\/jernalderboplads-dukker-op-under-mulden-i-elsted\/\"},\"wordCount\":1080,\"publisher\":{\"@id\":\"https:\/\/kunmedierne.dk\/thy\/#organization\"},\"image\":{\"@id\":\"https:\/\/kunmedierne.dk\/thy\/jernalderboplads-dukker-op-under-mulden-i-elsted\/#primaryimage\"},\"thumbnailUrl\":\"https:\/\/kunmedierne.dk\/thy\/wp-content\/uploads\/sites\/2\/2025\/10\/Unavngivet-1232-x-802-px-2025-10-28T185421.020.jpg\",\"keywords\":[\"Historie\",\"Museer\"],\"articleSection\":[\"Lokalt\"],\"inLanguage\":\"da-DK\"},{\"@type\":\"WebPage\",\"@id\":\"https:\/\/kunmedierne.dk\/thy\/jernalderboplads-dukker-op-under-mulden-i-elsted\/\",\"url\":\"https:\/\/kunmedierne.dk\/thy\/jernalderboplads-dukker-op-under-mulden-i-elsted\/\",\"name\":\"Jernalderboplads dukker op under mulden i Elsted - Thy\",\"isPartOf\":{\"@id\":\"https:\/\/kunmedierne.dk\/thy\/#website\"},\"primaryImageOfPage\":{\"@id\":\"https:\/\/kunmedierne.dk\/thy\/jernalderboplads-dukker-op-under-mulden-i-elsted\/#primaryimage\"},\"image\":{\"@id\":\"https:\/\/kunmedierne.dk\/thy\/jernalderboplads-dukker-op-under-mulden-i-elsted\/#primaryimage\"},\"thumbnailUrl\":\"https:\/\/kunmedierne.dk\/thy\/wp-content\/uploads\/sites\/2\/2025\/10\/Unavngivet-1232-x-802-px-2025-10-28T185421.020.jpg\",\"datePublished\":\"2025-12-25T08:45:37+00:00\",\"breadcrumb\":{\"@id\":\"https:\/\/kunmedierne.dk\/thy\/jernalderboplads-dukker-op-under-mulden-i-elsted\/#breadcrumb\"},\"inLanguage\":\"da-DK\",\"potentialAction\":[{\"@type\":\"ReadAction\",\"target\":[\"https:\/\/kunmedierne.dk\/thy\/jernalderboplads-dukker-op-under-mulden-i-elsted\/\"]}]},{\"@type\":\"ImageObject\",\"inLanguage\":\"da-DK\",\"@id\":\"https:\/\/kunmedierne.dk\/thy\/jernalderboplads-dukker-op-under-mulden-i-elsted\/#primaryimage\",\"url\":\"https:\/\/kunmedierne.dk\/thy\/wp-content\/uploads\/sites\/2\/2025\/10\/Unavngivet-1232-x-802-px-2025-10-28T185421.020.jpg\",\"contentUrl\":\"https:\/\/kunmedierne.dk\/thy\/wp-content\/uploads\/sites\/2\/2025\/10\/Unavngivet-1232-x-802-px-2025-10-28T185421.020.jpg\",\"width\":1232,\"height\":802},{\"@type\":\"BreadcrumbList\",\"@id\":\"https:\/\/kunmedierne.dk\/thy\/jernalderboplads-dukker-op-under-mulden-i-elsted\/#breadcrumb\",\"itemListElement\":[{\"@type\":\"ListItem\",\"position\":1,\"name\":\"Home\",\"item\":\"https:\/\/kunmedierne.dk\/thy\/\"},{\"@type\":\"ListItem\",\"position\":2,\"name\":\"Jernalderboplads dukker op under mulden i Elsted\"}]},{\"@type\":\"WebSite\",\"@id\":\"https:\/\/kunmedierne.dk\/thy\/#website\",\"url\":\"https:\/\/kunmedierne.dk\/thy\/\",\"name\":\"Thy\",\"description\":\"et netmedie med journalistik om livet i Thy\",\"publisher\":{\"@id\":\"https:\/\/kunmedierne.dk\/thy\/#organization\"},\"potentialAction\":[{\"@type\":\"SearchAction\",\"target\":{\"@type\":\"EntryPoint\",\"urlTemplate\":\"https:\/\/kunmedierne.dk\/thy\/?s={search_term_string}\"},\"query-input\":{\"@type\":\"PropertyValueSpecification\",\"valueRequired\":true,\"valueName\":\"search_term_string\"}}],\"inLanguage\":\"da-DK\"},{\"@type\":\"Organization\",\"@id\":\"https:\/\/kunmedierne.dk\/thy\/#organization\",\"name\":\"Thy\",\"url\":\"https:\/\/kunmedierne.dk\/thy\/\",\"logo\":{\"@type\":\"ImageObject\",\"inLanguage\":\"da-DK\",\"@id\":\"https:\/\/kunmedierne.dk\/thy\/#\/schema\/logo\/image\/\",\"url\":\"https:\/\/kunmedierne.dk\/thy\/wp-content\/uploads\/sites\/2\/2025\/04\/kunthy-logo.svg\",\"contentUrl\":\"https:\/\/kunmedierne.dk\/thy\/wp-content\/uploads\/sites\/2\/2025\/04\/kunthy-logo.svg\",\"caption\":\"Thy\"},\"image\":{\"@id\":\"https:\/\/kunmedierne.dk\/thy\/#\/schema\/logo\/image\/\"}},{\"@type\":\"Person\",\"@id\":\"https:\/\/kunmedierne.dk\/thy\/#\/schema\/person\/d266634ba6550d075ecf540d63b245d2\",\"name\":\"Lone L\u00e6rke Krog\",\"image\":{\"@type\":\"ImageObject\",\"inLanguage\":\"da-DK\",\"@id\":\"https:\/\/kunmedierne.dk\/thy\/#\/schema\/person\/image\/\",\"url\":\"https:\/\/secure.gravatar.com\/avatar\/496ddc7080e56b4ac64cfd4e56bd6d1ee396fa3db1923aa22f11346f60bb135b?s=96&d=mm&r=g\",\"contentUrl\":\"https:\/\/secure.gravatar.com\/avatar\/496ddc7080e56b4ac64cfd4e56bd6d1ee396fa3db1923aa22f11346f60bb135b?s=96&d=mm&r=g\",\"caption\":\"Lone L\u00e6rke Krog\"},\"url\":\"https:\/\/kunmedierne.dk\/thy\/author\/llk\/\"}]}<\/script>\n<!-- \/ Yoast SEO plugin. -->","yoast_head_json":{"title":"Jernalderboplads dukker op under mulden i Elsted - Thy","robots":{"index":"index","follow":"follow","max-snippet":"max-snippet:-1","max-image-preview":"max-image-preview:large","max-video-preview":"max-video-preview:-1"},"canonical":"https:\/\/kunmedierne.dk\/thy\/jernalderboplads-dukker-op-under-mulden-i-elsted\/","og_locale":"da_DK","og_type":"article","og_title":"Jernalderboplads dukker op under mulden i Elsted - Thy","og_description":"Dette er en genudgivelse. Vi kigger tilbage p\u00e5 \u00e5ret der gik. Artiklen udkom f\u00f8rste gang den 29. oktober 2025 ELSTED: Museumsinspekt\u00f8r Gitte Lambertsen Hjortlund er nordjyde, og derfor kan hun n\u00e6sten ikke f\u00e5 sig selv til at bruge de store ord om den aktuelle udgravning i Elsted. &#8211; Det er lidt specielt, at vi har [&hellip;]","og_url":"https:\/\/kunmedierne.dk\/thy\/jernalderboplads-dukker-op-under-mulden-i-elsted\/","og_site_name":"Thy","article_published_time":"2025-12-25T08:45:37+00:00","og_image":[{"url":"https:\/\/kunmedierne.dk\/thy\/wp-content\/uploads\/sites\/2\/2025\/10\/Unavngivet-1232-x-802-px-2025-10-28T185421.020.jpg","type":"","width":"","height":""}],"author":"Lone L\u00e6rke Krog","twitter_card":"summary_large_image","twitter_misc":{"Skrevet af":"Lone L\u00e6rke Krog","Estimeret l\u00e6setid":"7 minutter"},"schema":{"@context":"https:\/\/schema.org","@graph":[{"@type":"Article","@id":"https:\/\/kunmedierne.dk\/thy\/jernalderboplads-dukker-op-under-mulden-i-elsted\/#article","isPartOf":{"@id":"https:\/\/kunmedierne.dk\/thy\/jernalderboplads-dukker-op-under-mulden-i-elsted\/"},"author":{"name":"Lone L\u00e6rke Krog","@id":"https:\/\/kunmedierne.dk\/thy\/#\/schema\/person\/d266634ba6550d075ecf540d63b245d2"},"headline":"Jernalderboplads dukker op under mulden i Elsted","datePublished":"2025-12-25T08:45:37+00:00","mainEntityOfPage":{"@id":"https:\/\/kunmedierne.dk\/thy\/jernalderboplads-dukker-op-under-mulden-i-elsted\/"},"wordCount":1080,"publisher":{"@id":"https:\/\/kunmedierne.dk\/thy\/#organization"},"image":{"@id":"https:\/\/kunmedierne.dk\/thy\/jernalderboplads-dukker-op-under-mulden-i-elsted\/#primaryimage"},"thumbnailUrl":"https:\/\/kunmedierne.dk\/thy\/wp-content\/uploads\/sites\/2\/2025\/10\/Unavngivet-1232-x-802-px-2025-10-28T185421.020.jpg","keywords":["Historie","Museer"],"articleSection":["Lokalt"],"inLanguage":"da-DK"},{"@type":"WebPage","@id":"https:\/\/kunmedierne.dk\/thy\/jernalderboplads-dukker-op-under-mulden-i-elsted\/","url":"https:\/\/kunmedierne.dk\/thy\/jernalderboplads-dukker-op-under-mulden-i-elsted\/","name":"Jernalderboplads dukker op under mulden i Elsted - Thy","isPartOf":{"@id":"https:\/\/kunmedierne.dk\/thy\/#website"},"primaryImageOfPage":{"@id":"https:\/\/kunmedierne.dk\/thy\/jernalderboplads-dukker-op-under-mulden-i-elsted\/#primaryimage"},"image":{"@id":"https:\/\/kunmedierne.dk\/thy\/jernalderboplads-dukker-op-under-mulden-i-elsted\/#primaryimage"},"thumbnailUrl":"https:\/\/kunmedierne.dk\/thy\/wp-content\/uploads\/sites\/2\/2025\/10\/Unavngivet-1232-x-802-px-2025-10-28T185421.020.jpg","datePublished":"2025-12-25T08:45:37+00:00","breadcrumb":{"@id":"https:\/\/kunmedierne.dk\/thy\/jernalderboplads-dukker-op-under-mulden-i-elsted\/#breadcrumb"},"inLanguage":"da-DK","potentialAction":[{"@type":"ReadAction","target":["https:\/\/kunmedierne.dk\/thy\/jernalderboplads-dukker-op-under-mulden-i-elsted\/"]}]},{"@type":"ImageObject","inLanguage":"da-DK","@id":"https:\/\/kunmedierne.dk\/thy\/jernalderboplads-dukker-op-under-mulden-i-elsted\/#primaryimage","url":"https:\/\/kunmedierne.dk\/thy\/wp-content\/uploads\/sites\/2\/2025\/10\/Unavngivet-1232-x-802-px-2025-10-28T185421.020.jpg","contentUrl":"https:\/\/kunmedierne.dk\/thy\/wp-content\/uploads\/sites\/2\/2025\/10\/Unavngivet-1232-x-802-px-2025-10-28T185421.020.jpg","width":1232,"height":802},{"@type":"BreadcrumbList","@id":"https:\/\/kunmedierne.dk\/thy\/jernalderboplads-dukker-op-under-mulden-i-elsted\/#breadcrumb","itemListElement":[{"@type":"ListItem","position":1,"name":"Home","item":"https:\/\/kunmedierne.dk\/thy\/"},{"@type":"ListItem","position":2,"name":"Jernalderboplads dukker op under mulden i Elsted"}]},{"@type":"WebSite","@id":"https:\/\/kunmedierne.dk\/thy\/#website","url":"https:\/\/kunmedierne.dk\/thy\/","name":"Thy","description":"et netmedie med journalistik om livet i Thy","publisher":{"@id":"https:\/\/kunmedierne.dk\/thy\/#organization"},"potentialAction":[{"@type":"SearchAction","target":{"@type":"EntryPoint","urlTemplate":"https:\/\/kunmedierne.dk\/thy\/?s={search_term_string}"},"query-input":{"@type":"PropertyValueSpecification","valueRequired":true,"valueName":"search_term_string"}}],"inLanguage":"da-DK"},{"@type":"Organization","@id":"https:\/\/kunmedierne.dk\/thy\/#organization","name":"Thy","url":"https:\/\/kunmedierne.dk\/thy\/","logo":{"@type":"ImageObject","inLanguage":"da-DK","@id":"https:\/\/kunmedierne.dk\/thy\/#\/schema\/logo\/image\/","url":"https:\/\/kunmedierne.dk\/thy\/wp-content\/uploads\/sites\/2\/2025\/04\/kunthy-logo.svg","contentUrl":"https:\/\/kunmedierne.dk\/thy\/wp-content\/uploads\/sites\/2\/2025\/04\/kunthy-logo.svg","caption":"Thy"},"image":{"@id":"https:\/\/kunmedierne.dk\/thy\/#\/schema\/logo\/image\/"}},{"@type":"Person","@id":"https:\/\/kunmedierne.dk\/thy\/#\/schema\/person\/d266634ba6550d075ecf540d63b245d2","name":"Lone L\u00e6rke Krog","image":{"@type":"ImageObject","inLanguage":"da-DK","@id":"https:\/\/kunmedierne.dk\/thy\/#\/schema\/person\/image\/","url":"https:\/\/secure.gravatar.com\/avatar\/496ddc7080e56b4ac64cfd4e56bd6d1ee396fa3db1923aa22f11346f60bb135b?s=96&d=mm&r=g","contentUrl":"https:\/\/secure.gravatar.com\/avatar\/496ddc7080e56b4ac64cfd4e56bd6d1ee396fa3db1923aa22f11346f60bb135b?s=96&d=mm&r=g","caption":"Lone L\u00e6rke Krog"},"url":"https:\/\/kunmedierne.dk\/thy\/author\/llk\/"}]}},"_links":{"self":[{"href":"https:\/\/kunmedierne.dk\/thy\/wp-json\/wp\/v2\/posts\/12213","targetHints":{"allow":["GET"]}}],"collection":[{"href":"https:\/\/kunmedierne.dk\/thy\/wp-json\/wp\/v2\/posts"}],"about":[{"href":"https:\/\/kunmedierne.dk\/thy\/wp-json\/wp\/v2\/types\/post"}],"author":[{"embeddable":true,"href":"https:\/\/kunmedierne.dk\/thy\/wp-json\/wp\/v2\/users\/1925"}],"replies":[{"embeddable":true,"href":"https:\/\/kunmedierne.dk\/thy\/wp-json\/wp\/v2\/comments?post=12213"}],"version-history":[{"count":15,"href":"https:\/\/kunmedierne.dk\/thy\/wp-json\/wp\/v2\/posts\/12213\/revisions"}],"predecessor-version":[{"id":14347,"href":"https:\/\/kunmedierne.dk\/thy\/wp-json\/wp\/v2\/posts\/12213\/revisions\/14347"}],"wp:attachment":[{"href":"https:\/\/kunmedierne.dk\/thy\/wp-json\/wp\/v2\/media?parent=12213"}],"wp:term":[{"taxonomy":"category","embeddable":true,"href":"https:\/\/kunmedierne.dk\/thy\/wp-json\/wp\/v2\/categories?post=12213"},{"taxonomy":"post_tag","embeddable":true,"href":"https:\/\/kunmedierne.dk\/thy\/wp-json\/wp\/v2\/tags?post=12213"}],"curies":[{"name":"wp","href":"https:\/\/api.w.org\/{rel}","templated":true}]}}