{"id":11533,"date":"2025-10-17T11:39:23","date_gmt":"2025-10-17T09:39:23","guid":{"rendered":"https:\/\/kunmedierne.dk\/thy\/?p=11533"},"modified":"2025-10-17T17:39:05","modified_gmt":"2025-10-17T15:39:05","slug":"borgerne-har-talt-stor-tilfredshed-med-thisted-kommunes-hjemmepleje","status":"publish","type":"post","link":"https:\/\/kunmedierne.dk\/thy\/borgerne-har-talt-stor-tilfredshed-med-thisted-kommunes-hjemmepleje\/","title":{"rendered":"Borgerne har talt: Stor tilfredshed med Thisted Kommunes hjemmepleje"},"content":{"rendered":"<p><strong>THISTED:<\/strong> Modtagerne af hjemmehj\u00e6lp i Thisted kommune er for langt de flestes vedkommende enten tilfredse eller meget tilfredse med den hj\u00e6lp, de modtager.<\/p>\n<a class=\"dvrt-link\" onClick=\"cdmtrack_click(687,jQuery(this));return false\" href=\"https:\/\/konpap.dk\/?gad_source=1&gclid=Cj0KCQjwtJ6_BhDWARIsAGanmKfOBLC3RBm6obWL5sEb-mp4bsp5QjqWW4j4nx22y0YT2iMiXJcv3MoaApR_EALw_wcB\"><img decoding=\"async\" style=\"width:100%;\" src=\"https:\/\/kunmedierne.dk\/thy\/wp-content\/uploads\/sites\/2\/2025\/03\/redoffice.jpg\"><\/a><script>cdmtrack_view(687);<\/script>\n<p>Det fremg\u00e5r af en landsd\u00e6kkende unders\u00f8gelse af brugertilfredsheden med hjemmehj\u00e6lp. I unders\u00f8gelsen, der er lavet af Danmarks Statistik for \u00c6ldreministeriet, var 948 borgere i Thisted Kommune inviteret til at deltage, 394 borgere besvarede unders\u00f8gelsen. Det giver en svarprocent p\u00e5 42. P\u00e5 landsplan var svarprocenten 43.<\/p>\n<p>Blandt de 394 besvarelser var 52 procent tilfredse med hjemmehj\u00e6lpen, 33 procent svarede, at de var meget tilfredse med den hj\u00e6lp. 10 procent var hverken tilfredse eller utilfredse mede hj\u00e6lpen, mens fem procent enten var utilfredse eller meget utilfredse med hjemmehj\u00e6lpen.<\/p>\n<div id=\"attachment_5026\" style=\"width: 1242px\" class=\"wp-caption alignnone\"><img loading=\"lazy\" decoding=\"async\" aria-describedby=\"caption-attachment-5026\" class=\"wp-image-5026 size-full\" src=\"https:\/\/kunmedierne.dk\/thy\/wp-content\/uploads\/sites\/2\/2025\/06\/Design-uden-navn-2025-06-06T190642.488.jpg\" alt=\"\" width=\"1232\" height=\"821\" srcset=\"https:\/\/kunmedierne.dk\/thy\/wp-content\/uploads\/sites\/2\/2025\/06\/Design-uden-navn-2025-06-06T190642.488.jpg 1232w, https:\/\/kunmedierne.dk\/thy\/wp-content\/uploads\/sites\/2\/2025\/06\/Design-uden-navn-2025-06-06T190642.488-300x200.jpg 300w, https:\/\/kunmedierne.dk\/thy\/wp-content\/uploads\/sites\/2\/2025\/06\/Design-uden-navn-2025-06-06T190642.488-1024x682.jpg 1024w, https:\/\/kunmedierne.dk\/thy\/wp-content\/uploads\/sites\/2\/2025\/06\/Design-uden-navn-2025-06-06T190642.488-510x340.jpg 510w\" sizes=\"auto, (max-width: 1232px) 100vw, 1232px\" \/><p id=\"caption-attachment-5026\" class=\"wp-caption-text\">I Thisted Kommune er 85 procent af de borgere, der modtager hjemmehj\u00e6lp, enten tilfredse eller meget tilfredse med den hj\u00e6lp, de f\u00e5r.<\/p><\/div>\n<p>&nbsp;<\/p>\n<p><span class=\"NormalTextRun SCXW40634334 BCX8\">P\u00e5 landsplan er 78 procent af de borgere, der modtager hjemmehj\u00e6lp enten tilfredse eller meget tilfredse. I Thisted Kommune er det 85 procent, fremg\u00e5r det af unders\u00f8gelsen.<\/span><\/p>\n<p>Unders\u00f8gelsens resultater placerer Thisted Kommune blandt de 10 kommuner i landet, hvor modtagerne af hjemmehj\u00e6lp er mest tilfredse. Det gl\u00e6der Henrik Gregersen, V, formand for Thisted Kommunes social- og seniorudvalg.<\/p>\n<p>&#8211; Vi kan da kun v\u00e6re glade for unders\u00f8gelsens resultater. Den viser stort tilfredshed blandt de borgere, der modtager hjemmehj\u00e6lp, men er i h\u00f8j grad ogs\u00e5 en cadeau til medarbejderne i hjemmeplejen, siger Henrik Gregersen.<\/p>\n<a class=\"dvrt-link\" onClick=\"cdmtrack_click(4416,jQuery(this));return false\" href=\"https:\/\/sdrhaa.dk\/\"><img decoding=\"async\" style=\"width:100%;\" src=\"https:\/\/kunmedierne.dk\/thy\/wp-content\/uploads\/sites\/2\/2025\/05\/260302Din-gebyrvenlige-sparekasse_SHS_Thy-1.gif\"><\/a><script>cdmtrack_view(4416);<\/script>\n<p>Udvalgsformanden tilf\u00f8jer, at &#8220;mavefornemmelsen var god&#8221; allerede inden unders\u00f8gelses resultater kom.<\/p>\n<p>&#8211; Erfaringerne med at lade medarbejderen i hjemmeplejen arbejde i selvstyrende teams har v\u00e6ret gode og gjort det muligt bi h\u00f8jere grad at tage hensyn til, hvad der fungerer bedst i det daglige samarbejde mellem den borger, der f\u00e5r hjemmehj\u00e6lp og de medarbejdere, der leverer hj\u00e6lpen. Det \u00f8ger tilfredsheden hos borgerne, og \u00f8ger motivationen blandt medarbejderne, siger Henrik Gregersen.<\/p>\n<div id=\"attachment_10964\" style=\"width: 1242px\" class=\"wp-caption alignnone\"><img loading=\"lazy\" decoding=\"async\" aria-describedby=\"caption-attachment-10964\" class=\"wp-image-10964 size-full\" src=\"https:\/\/kunmedierne.dk\/thy\/wp-content\/uploads\/sites\/2\/2025\/10\/Design-uden-navn-2025-10-03T113453.162.jpg\" alt=\"\" width=\"1232\" height=\"821\" srcset=\"https:\/\/kunmedierne.dk\/thy\/wp-content\/uploads\/sites\/2\/2025\/10\/Design-uden-navn-2025-10-03T113453.162.jpg 1232w, https:\/\/kunmedierne.dk\/thy\/wp-content\/uploads\/sites\/2\/2025\/10\/Design-uden-navn-2025-10-03T113453.162-300x200.jpg 300w, https:\/\/kunmedierne.dk\/thy\/wp-content\/uploads\/sites\/2\/2025\/10\/Design-uden-navn-2025-10-03T113453.162-1024x682.jpg 1024w, https:\/\/kunmedierne.dk\/thy\/wp-content\/uploads\/sites\/2\/2025\/10\/Design-uden-navn-2025-10-03T113453.162-510x340.jpg 510w\" sizes=\"auto, (max-width: 1232px) 100vw, 1232px\" \/><p id=\"caption-attachment-10964\" class=\"wp-caption-text\">&#8211; Hjemmeplejen er godkendt af brugerne selv, siger Henrik Gregersen, V, formand for Thisted Kommunes social- og seniorudvalg.<\/p><\/div>\n<p>&nbsp;<\/p>\n<p>Han ser unders\u00f8gelsens resultater som udtryk for, at det er modtagerne af hjemmehj\u00e6lp, der selv har godkendt den eller de ydelser, de modtager.<\/p>\n<p>&#8211; Hjemmeplejen er godkendt af brugerne selv. Det ser jeg som et udtryk for, at tingene lykkes i m\u00f8det mellem borgeren og de medarbejdere, der leverer hj\u00e6lpen. Og n\u00e5r det fungerer, f\u00e5r vi et godt resultat til gl\u00e6de for alle, siger Henrik Gregersen.<\/p>\n<p>Af unders\u00f8gelsens resultater fremg\u00e5r blandt andet at de er de \u00e6ldre borgere, der er mest tilfredse med hjemmehj\u00e6lpen. I aldersgruppen mellem 85 og 89 \u00e5r er 90 procent tilfredse eller meget tilfredse med hj\u00e6lpen mens der blandt borgere i alderen fra 67 til 69 \u00e5r er 79 procent, som enten er tilfredse eller meget tilfredse.<\/p>\n<a class=\"dvrt-link\" onClick=\"cdmtrack_click(18790,jQuery(this));return false\" href=\"https:\/\/thymors.dk\/sponsorater\/15-til-faellesskabet?utm_source=kunthy&amp;utm_medium=annonce&amp;utm_campaign=sponsorater\"><img decoding=\"async\" style=\"width:100%;\" src=\"https:\/\/kunmedierne.dk\/thy\/wp-content\/uploads\/sites\/2\/2026\/03\/260407ThyMors-energi_faellesskab_generel-1.jpg\"><\/a><script>cdmtrack_view(18790);<\/script>\n<p>Blandt de borgere, der bor alene, er 55 procent tilfredse, og 30 procent meget tilfredse med den hj\u00e6lp de f\u00e5r, mens samboende borgere for 42 procents vedkommende er tilfredse med hj\u00e6lpen. 42 procent er meget tilfredse.<\/p>\n<p>Unders\u00f8gelsen ser ogs\u00e5 p\u00e5 tilfredsheden med hj\u00e6lpen, hvis den henholdsvis leveres af kommunen eller af en privat leverand\u00f8r. Her svarer 86 procent af de borgere, der modtager hjemmehj\u00e6lp fra kommunen at de er tilfredse eller meget tilfredse, mens tre procent tilkendegiver, at de er utilfredse eller meget utilfredse.<\/p>\n<p>Blandt modtagerne af hjemmehj\u00e6lp fra private leverand\u00f8rer er 83 procent tilfredse eller meget tilfredse, mens seks procent er utilfredse eller meget utilfredse.<\/p>\n","protected":false},"excerpt":{"rendered":"<p>THISTED: Modtagerne af hjemmehj\u00e6lp i Thisted kommune er for langt de flestes vedkommende enten tilfredse eller meget tilfredse med den hj\u00e6lp, de modtager. Det fremg\u00e5r af en landsd\u00e6kkende unders\u00f8gelse af brugertilfredsheden med hjemmehj\u00e6lp. I unders\u00f8gelsen, der er lavet af Danmarks Statistik for \u00c6ldreministeriet, var 948 borgere i Thisted Kommune inviteret til at deltage, 394 borgere [&hellip;]<\/p>\n","protected":false},"author":4535,"featured_media":0,"comment_status":"closed","ping_status":"closed","sticky":false,"template":"","format":"standard","meta":{"_acf_changed":false,"footnotes":""},"categories":[24],"tags":[73,47],"class_list":["post-11533","post","type-post","status-publish","format-standard","hentry","category-lokalt","tag-socialpolitik","tag-sundhed"],"acf":[],"yoast_head":"<!-- This site is optimized with the Yoast SEO plugin v26.8 - https:\/\/yoast.com\/product\/yoast-seo-wordpress\/ -->\n<title>Borgerne har talt: Stor tilfredshed med Thisted Kommunes hjemmepleje - Thy<\/title>\n<meta name=\"robots\" content=\"index, follow, max-snippet:-1, max-image-preview:large, max-video-preview:-1\" \/>\n<link rel=\"canonical\" href=\"https:\/\/kunmedierne.dk\/thy\/borgerne-har-talt-stor-tilfredshed-med-thisted-kommunes-hjemmepleje\/\" \/>\n<meta property=\"og:locale\" content=\"da_DK\" \/>\n<meta property=\"og:type\" content=\"article\" \/>\n<meta property=\"og:title\" content=\"Borgerne har talt: Stor tilfredshed med Thisted Kommunes hjemmepleje - Thy\" \/>\n<meta property=\"og:description\" content=\"THISTED: Modtagerne af hjemmehj\u00e6lp i Thisted kommune er for langt de flestes vedkommende enten tilfredse eller meget tilfredse med den hj\u00e6lp, de modtager. Det fremg\u00e5r af en landsd\u00e6kkende unders\u00f8gelse af brugertilfredsheden med hjemmehj\u00e6lp. I unders\u00f8gelsen, der er lavet af Danmarks Statistik for \u00c6ldreministeriet, var 948 borgere i Thisted Kommune inviteret til at deltage, 394 borgere [&hellip;]\" \/>\n<meta property=\"og:url\" content=\"https:\/\/kunmedierne.dk\/thy\/borgerne-har-talt-stor-tilfredshed-med-thisted-kommunes-hjemmepleje\/\" \/>\n<meta property=\"og:site_name\" content=\"Thy\" \/>\n<meta property=\"article:published_time\" content=\"2025-10-17T09:39:23+00:00\" \/>\n<meta property=\"article:modified_time\" content=\"2025-10-17T15:39:05+00:00\" \/>\n<meta property=\"og:image\" content=\"https:\/\/kunmedierne.dk\/thy\/wp-content\/uploads\/sites\/2\/2025\/06\/Design-uden-navn-2025-06-06T190642.488.jpg\" \/>\n<meta name=\"author\" content=\"Jens Fogh Andersen\" \/>\n<meta name=\"twitter:card\" content=\"summary_large_image\" \/>\n<meta name=\"twitter:label1\" content=\"Skrevet af\" \/>\n\t<meta name=\"twitter:data1\" content=\"Jens Fogh Andersen\" \/>\n\t<meta name=\"twitter:label2\" content=\"Estimeret l\u00e6setid\" \/>\n\t<meta name=\"twitter:data2\" content=\"4 minutter\" \/>\n<script type=\"application\/ld+json\" class=\"yoast-schema-graph\">{\"@context\":\"https:\/\/schema.org\",\"@graph\":[{\"@type\":\"Article\",\"@id\":\"https:\/\/kunmedierne.dk\/thy\/borgerne-har-talt-stor-tilfredshed-med-thisted-kommunes-hjemmepleje\/#article\",\"isPartOf\":{\"@id\":\"https:\/\/kunmedierne.dk\/thy\/borgerne-har-talt-stor-tilfredshed-med-thisted-kommunes-hjemmepleje\/\"},\"author\":{\"name\":\"Jens Fogh Andersen\",\"@id\":\"https:\/\/kunmedierne.dk\/thy\/#\/schema\/person\/88f5be46809ca2a5533760eb574fef93\"},\"headline\":\"Borgerne har talt: Stor tilfredshed med Thisted Kommunes hjemmepleje\",\"datePublished\":\"2025-10-17T09:39:23+00:00\",\"dateModified\":\"2025-10-17T15:39:05+00:00\",\"mainEntityOfPage\":{\"@id\":\"https:\/\/kunmedierne.dk\/thy\/borgerne-har-talt-stor-tilfredshed-med-thisted-kommunes-hjemmepleje\/\"},\"wordCount\":597,\"publisher\":{\"@id\":\"https:\/\/kunmedierne.dk\/thy\/#organization\"},\"image\":{\"@id\":\"https:\/\/kunmedierne.dk\/thy\/borgerne-har-talt-stor-tilfredshed-med-thisted-kommunes-hjemmepleje\/#primaryimage\"},\"thumbnailUrl\":\"https:\/\/kunmedierne.dk\/thy\/wp-content\/uploads\/sites\/2\/2025\/06\/Design-uden-navn-2025-06-06T190642.488.jpg\",\"keywords\":[\"Socialpolitik\",\"Sundhed\"],\"articleSection\":[\"Lokalt\"],\"inLanguage\":\"da-DK\"},{\"@type\":\"WebPage\",\"@id\":\"https:\/\/kunmedierne.dk\/thy\/borgerne-har-talt-stor-tilfredshed-med-thisted-kommunes-hjemmepleje\/\",\"url\":\"https:\/\/kunmedierne.dk\/thy\/borgerne-har-talt-stor-tilfredshed-med-thisted-kommunes-hjemmepleje\/\",\"name\":\"Borgerne har talt: Stor tilfredshed med Thisted Kommunes hjemmepleje - Thy\",\"isPartOf\":{\"@id\":\"https:\/\/kunmedierne.dk\/thy\/#website\"},\"primaryImageOfPage\":{\"@id\":\"https:\/\/kunmedierne.dk\/thy\/borgerne-har-talt-stor-tilfredshed-med-thisted-kommunes-hjemmepleje\/#primaryimage\"},\"image\":{\"@id\":\"https:\/\/kunmedierne.dk\/thy\/borgerne-har-talt-stor-tilfredshed-med-thisted-kommunes-hjemmepleje\/#primaryimage\"},\"thumbnailUrl\":\"https:\/\/kunmedierne.dk\/thy\/wp-content\/uploads\/sites\/2\/2025\/06\/Design-uden-navn-2025-06-06T190642.488.jpg\",\"datePublished\":\"2025-10-17T09:39:23+00:00\",\"dateModified\":\"2025-10-17T15:39:05+00:00\",\"breadcrumb\":{\"@id\":\"https:\/\/kunmedierne.dk\/thy\/borgerne-har-talt-stor-tilfredshed-med-thisted-kommunes-hjemmepleje\/#breadcrumb\"},\"inLanguage\":\"da-DK\",\"potentialAction\":[{\"@type\":\"ReadAction\",\"target\":[\"https:\/\/kunmedierne.dk\/thy\/borgerne-har-talt-stor-tilfredshed-med-thisted-kommunes-hjemmepleje\/\"]}]},{\"@type\":\"ImageObject\",\"inLanguage\":\"da-DK\",\"@id\":\"https:\/\/kunmedierne.dk\/thy\/borgerne-har-talt-stor-tilfredshed-med-thisted-kommunes-hjemmepleje\/#primaryimage\",\"url\":\"https:\/\/kunmedierne.dk\/thy\/wp-content\/uploads\/sites\/2\/2025\/06\/Design-uden-navn-2025-06-06T190642.488.jpg\",\"contentUrl\":\"https:\/\/kunmedierne.dk\/thy\/wp-content\/uploads\/sites\/2\/2025\/06\/Design-uden-navn-2025-06-06T190642.488.jpg\",\"width\":1232,\"height\":821,\"caption\":\"Hjemmepleje\"},{\"@type\":\"BreadcrumbList\",\"@id\":\"https:\/\/kunmedierne.dk\/thy\/borgerne-har-talt-stor-tilfredshed-med-thisted-kommunes-hjemmepleje\/#breadcrumb\",\"itemListElement\":[{\"@type\":\"ListItem\",\"position\":1,\"name\":\"Home\",\"item\":\"https:\/\/kunmedierne.dk\/thy\/\"},{\"@type\":\"ListItem\",\"position\":2,\"name\":\"Borgerne har talt: Stor tilfredshed med Thisted Kommunes hjemmepleje\"}]},{\"@type\":\"WebSite\",\"@id\":\"https:\/\/kunmedierne.dk\/thy\/#website\",\"url\":\"https:\/\/kunmedierne.dk\/thy\/\",\"name\":\"Thy\",\"description\":\"et netmedie med journalistik om livet i Thy\",\"publisher\":{\"@id\":\"https:\/\/kunmedierne.dk\/thy\/#organization\"},\"potentialAction\":[{\"@type\":\"SearchAction\",\"target\":{\"@type\":\"EntryPoint\",\"urlTemplate\":\"https:\/\/kunmedierne.dk\/thy\/?s={search_term_string}\"},\"query-input\":{\"@type\":\"PropertyValueSpecification\",\"valueRequired\":true,\"valueName\":\"search_term_string\"}}],\"inLanguage\":\"da-DK\"},{\"@type\":\"Organization\",\"@id\":\"https:\/\/kunmedierne.dk\/thy\/#organization\",\"name\":\"Thy\",\"url\":\"https:\/\/kunmedierne.dk\/thy\/\",\"logo\":{\"@type\":\"ImageObject\",\"inLanguage\":\"da-DK\",\"@id\":\"https:\/\/kunmedierne.dk\/thy\/#\/schema\/logo\/image\/\",\"url\":\"https:\/\/kunmedierne.dk\/thy\/wp-content\/uploads\/sites\/2\/2025\/04\/kunthy-logo.svg\",\"contentUrl\":\"https:\/\/kunmedierne.dk\/thy\/wp-content\/uploads\/sites\/2\/2025\/04\/kunthy-logo.svg\",\"caption\":\"Thy\"},\"image\":{\"@id\":\"https:\/\/kunmedierne.dk\/thy\/#\/schema\/logo\/image\/\"}},{\"@type\":\"Person\",\"@id\":\"https:\/\/kunmedierne.dk\/thy\/#\/schema\/person\/88f5be46809ca2a5533760eb574fef93\",\"name\":\"Jens Fogh Andersen\",\"image\":{\"@type\":\"ImageObject\",\"inLanguage\":\"da-DK\",\"@id\":\"https:\/\/kunmedierne.dk\/thy\/#\/schema\/person\/image\/\",\"url\":\"https:\/\/secure.gravatar.com\/avatar\/2b367a4ef139b1c41dccc9ee7af926b81f8b4cca3359772e86c7fd5ced26c0a3?s=96&d=mm&r=g\",\"contentUrl\":\"https:\/\/secure.gravatar.com\/avatar\/2b367a4ef139b1c41dccc9ee7af926b81f8b4cca3359772e86c7fd5ced26c0a3?s=96&d=mm&r=g\",\"caption\":\"Jens Fogh Andersen\"},\"url\":\"https:\/\/kunmedierne.dk\/thy\/author\/jfa\/\"}]}<\/script>\n<!-- \/ Yoast SEO plugin. -->","yoast_head_json":{"title":"Borgerne har talt: Stor tilfredshed med Thisted Kommunes hjemmepleje - Thy","robots":{"index":"index","follow":"follow","max-snippet":"max-snippet:-1","max-image-preview":"max-image-preview:large","max-video-preview":"max-video-preview:-1"},"canonical":"https:\/\/kunmedierne.dk\/thy\/borgerne-har-talt-stor-tilfredshed-med-thisted-kommunes-hjemmepleje\/","og_locale":"da_DK","og_type":"article","og_title":"Borgerne har talt: Stor tilfredshed med Thisted Kommunes hjemmepleje - Thy","og_description":"THISTED: Modtagerne af hjemmehj\u00e6lp i Thisted kommune er for langt de flestes vedkommende enten tilfredse eller meget tilfredse med den hj\u00e6lp, de modtager. Det fremg\u00e5r af en landsd\u00e6kkende unders\u00f8gelse af brugertilfredsheden med hjemmehj\u00e6lp. I unders\u00f8gelsen, der er lavet af Danmarks Statistik for \u00c6ldreministeriet, var 948 borgere i Thisted Kommune inviteret til at deltage, 394 borgere [&hellip;]","og_url":"https:\/\/kunmedierne.dk\/thy\/borgerne-har-talt-stor-tilfredshed-med-thisted-kommunes-hjemmepleje\/","og_site_name":"Thy","article_published_time":"2025-10-17T09:39:23+00:00","article_modified_time":"2025-10-17T15:39:05+00:00","og_image":[{"url":"https:\/\/kunmedierne.dk\/thy\/wp-content\/uploads\/sites\/2\/2025\/06\/Design-uden-navn-2025-06-06T190642.488.jpg","type":"","width":"","height":""}],"author":"Jens Fogh Andersen","twitter_card":"summary_large_image","twitter_misc":{"Skrevet af":"Jens Fogh Andersen","Estimeret l\u00e6setid":"4 minutter"},"schema":{"@context":"https:\/\/schema.org","@graph":[{"@type":"Article","@id":"https:\/\/kunmedierne.dk\/thy\/borgerne-har-talt-stor-tilfredshed-med-thisted-kommunes-hjemmepleje\/#article","isPartOf":{"@id":"https:\/\/kunmedierne.dk\/thy\/borgerne-har-talt-stor-tilfredshed-med-thisted-kommunes-hjemmepleje\/"},"author":{"name":"Jens Fogh Andersen","@id":"https:\/\/kunmedierne.dk\/thy\/#\/schema\/person\/88f5be46809ca2a5533760eb574fef93"},"headline":"Borgerne har talt: Stor tilfredshed med Thisted Kommunes hjemmepleje","datePublished":"2025-10-17T09:39:23+00:00","dateModified":"2025-10-17T15:39:05+00:00","mainEntityOfPage":{"@id":"https:\/\/kunmedierne.dk\/thy\/borgerne-har-talt-stor-tilfredshed-med-thisted-kommunes-hjemmepleje\/"},"wordCount":597,"publisher":{"@id":"https:\/\/kunmedierne.dk\/thy\/#organization"},"image":{"@id":"https:\/\/kunmedierne.dk\/thy\/borgerne-har-talt-stor-tilfredshed-med-thisted-kommunes-hjemmepleje\/#primaryimage"},"thumbnailUrl":"https:\/\/kunmedierne.dk\/thy\/wp-content\/uploads\/sites\/2\/2025\/06\/Design-uden-navn-2025-06-06T190642.488.jpg","keywords":["Socialpolitik","Sundhed"],"articleSection":["Lokalt"],"inLanguage":"da-DK"},{"@type":"WebPage","@id":"https:\/\/kunmedierne.dk\/thy\/borgerne-har-talt-stor-tilfredshed-med-thisted-kommunes-hjemmepleje\/","url":"https:\/\/kunmedierne.dk\/thy\/borgerne-har-talt-stor-tilfredshed-med-thisted-kommunes-hjemmepleje\/","name":"Borgerne har talt: Stor tilfredshed med Thisted Kommunes hjemmepleje - Thy","isPartOf":{"@id":"https:\/\/kunmedierne.dk\/thy\/#website"},"primaryImageOfPage":{"@id":"https:\/\/kunmedierne.dk\/thy\/borgerne-har-talt-stor-tilfredshed-med-thisted-kommunes-hjemmepleje\/#primaryimage"},"image":{"@id":"https:\/\/kunmedierne.dk\/thy\/borgerne-har-talt-stor-tilfredshed-med-thisted-kommunes-hjemmepleje\/#primaryimage"},"thumbnailUrl":"https:\/\/kunmedierne.dk\/thy\/wp-content\/uploads\/sites\/2\/2025\/06\/Design-uden-navn-2025-06-06T190642.488.jpg","datePublished":"2025-10-17T09:39:23+00:00","dateModified":"2025-10-17T15:39:05+00:00","breadcrumb":{"@id":"https:\/\/kunmedierne.dk\/thy\/borgerne-har-talt-stor-tilfredshed-med-thisted-kommunes-hjemmepleje\/#breadcrumb"},"inLanguage":"da-DK","potentialAction":[{"@type":"ReadAction","target":["https:\/\/kunmedierne.dk\/thy\/borgerne-har-talt-stor-tilfredshed-med-thisted-kommunes-hjemmepleje\/"]}]},{"@type":"ImageObject","inLanguage":"da-DK","@id":"https:\/\/kunmedierne.dk\/thy\/borgerne-har-talt-stor-tilfredshed-med-thisted-kommunes-hjemmepleje\/#primaryimage","url":"https:\/\/kunmedierne.dk\/thy\/wp-content\/uploads\/sites\/2\/2025\/06\/Design-uden-navn-2025-06-06T190642.488.jpg","contentUrl":"https:\/\/kunmedierne.dk\/thy\/wp-content\/uploads\/sites\/2\/2025\/06\/Design-uden-navn-2025-06-06T190642.488.jpg","width":1232,"height":821,"caption":"Hjemmepleje"},{"@type":"BreadcrumbList","@id":"https:\/\/kunmedierne.dk\/thy\/borgerne-har-talt-stor-tilfredshed-med-thisted-kommunes-hjemmepleje\/#breadcrumb","itemListElement":[{"@type":"ListItem","position":1,"name":"Home","item":"https:\/\/kunmedierne.dk\/thy\/"},{"@type":"ListItem","position":2,"name":"Borgerne har talt: Stor tilfredshed med Thisted Kommunes hjemmepleje"}]},{"@type":"WebSite","@id":"https:\/\/kunmedierne.dk\/thy\/#website","url":"https:\/\/kunmedierne.dk\/thy\/","name":"Thy","description":"et netmedie med journalistik om livet i Thy","publisher":{"@id":"https:\/\/kunmedierne.dk\/thy\/#organization"},"potentialAction":[{"@type":"SearchAction","target":{"@type":"EntryPoint","urlTemplate":"https:\/\/kunmedierne.dk\/thy\/?s={search_term_string}"},"query-input":{"@type":"PropertyValueSpecification","valueRequired":true,"valueName":"search_term_string"}}],"inLanguage":"da-DK"},{"@type":"Organization","@id":"https:\/\/kunmedierne.dk\/thy\/#organization","name":"Thy","url":"https:\/\/kunmedierne.dk\/thy\/","logo":{"@type":"ImageObject","inLanguage":"da-DK","@id":"https:\/\/kunmedierne.dk\/thy\/#\/schema\/logo\/image\/","url":"https:\/\/kunmedierne.dk\/thy\/wp-content\/uploads\/sites\/2\/2025\/04\/kunthy-logo.svg","contentUrl":"https:\/\/kunmedierne.dk\/thy\/wp-content\/uploads\/sites\/2\/2025\/04\/kunthy-logo.svg","caption":"Thy"},"image":{"@id":"https:\/\/kunmedierne.dk\/thy\/#\/schema\/logo\/image\/"}},{"@type":"Person","@id":"https:\/\/kunmedierne.dk\/thy\/#\/schema\/person\/88f5be46809ca2a5533760eb574fef93","name":"Jens Fogh Andersen","image":{"@type":"ImageObject","inLanguage":"da-DK","@id":"https:\/\/kunmedierne.dk\/thy\/#\/schema\/person\/image\/","url":"https:\/\/secure.gravatar.com\/avatar\/2b367a4ef139b1c41dccc9ee7af926b81f8b4cca3359772e86c7fd5ced26c0a3?s=96&d=mm&r=g","contentUrl":"https:\/\/secure.gravatar.com\/avatar\/2b367a4ef139b1c41dccc9ee7af926b81f8b4cca3359772e86c7fd5ced26c0a3?s=96&d=mm&r=g","caption":"Jens Fogh Andersen"},"url":"https:\/\/kunmedierne.dk\/thy\/author\/jfa\/"}]}},"_links":{"self":[{"href":"https:\/\/kunmedierne.dk\/thy\/wp-json\/wp\/v2\/posts\/11533","targetHints":{"allow":["GET"]}}],"collection":[{"href":"https:\/\/kunmedierne.dk\/thy\/wp-json\/wp\/v2\/posts"}],"about":[{"href":"https:\/\/kunmedierne.dk\/thy\/wp-json\/wp\/v2\/types\/post"}],"author":[{"embeddable":true,"href":"https:\/\/kunmedierne.dk\/thy\/wp-json\/wp\/v2\/users\/4535"}],"replies":[{"embeddable":true,"href":"https:\/\/kunmedierne.dk\/thy\/wp-json\/wp\/v2\/comments?post=11533"}],"version-history":[{"count":12,"href":"https:\/\/kunmedierne.dk\/thy\/wp-json\/wp\/v2\/posts\/11533\/revisions"}],"predecessor-version":[{"id":11602,"href":"https:\/\/kunmedierne.dk\/thy\/wp-json\/wp\/v2\/posts\/11533\/revisions\/11602"}],"wp:attachment":[{"href":"https:\/\/kunmedierne.dk\/thy\/wp-json\/wp\/v2\/media?parent=11533"}],"wp:term":[{"taxonomy":"category","embeddable":true,"href":"https:\/\/kunmedierne.dk\/thy\/wp-json\/wp\/v2\/categories?post=11533"},{"taxonomy":"post_tag","embeddable":true,"href":"https:\/\/kunmedierne.dk\/thy\/wp-json\/wp\/v2\/tags?post=11533"}],"curies":[{"name":"wp","href":"https:\/\/api.w.org\/{rel}","templated":true}]}}