{"id":10955,"date":"2025-10-04T07:03:01","date_gmt":"2025-10-04T05:03:01","guid":{"rendered":"https:\/\/kunmedierne.dk\/thy\/?p=10955"},"modified":"2025-10-04T12:44:30","modified_gmt":"2025-10-04T10:44:30","slug":"klar-melding-fra-politiker-tiden-er-loebet-fra-halfester-med-alkohol-for-unge-under-18-aar","status":"publish","type":"post","link":"https:\/\/kunmedierne.dk\/thy\/klar-melding-fra-politiker-tiden-er-loebet-fra-halfester-med-alkohol-for-unge-under-18-aar\/","title":{"rendered":"Klar melding fra politiker: Tiden er l\u00f8bet fra halfester med alkohol til unge under 18 \u00e5r"},"content":{"rendered":"<p><strong>THISTED:<\/strong> &#8220;Thisted Kommune har en interesse i at sikre idr\u00e6tshallerne og minihallernes drift&#8230;.&#8221;<\/p>\n<p>S\u00e5dan st\u00e5r der i det f\u00f8rste afsnit p\u00e5 side tre i kommunens nye &#8220;Haltilskudsmodel for selvejende haller i Thisted Kommune&#8221;, som f\u00e5r virkning fra 1. januar 2026.<\/p>\n<a class=\"dvrt-link\" onClick=\"cdmtrack_click(685,jQuery(this));return false\" href=\"https:\/\/wensien.dk\/begravelse\/?gad_source=1&gclid=Cj0KCQjwtJ6_BhDWARIsAGanmKcWw6hbeoepGti1oApJGHln52gMbg8EBRZ86__3P1AJZ5dcsw4ZvNEaAk7JEALw_wcB\"><img decoding=\"async\" style=\"width:100%;\" src=\"https:\/\/kunmedierne.dk\/thy\/wp-content\/uploads\/sites\/2\/2025\/03\/wensien-stenhugger.jpg\"><\/a><script>cdmtrack_view(685);<\/script>\n<p>Modellen har v\u00e6ret i h\u00f8ring hos hallerne inden den 24. september blev godkendt i kommunens sundheds-, fritids- og kulturudvalg.<\/p>\n<p>Det skete uden der kom bem\u00e6rkninger til tre punkter i modellen, som alle har et sundhedsperspektiv.<\/p>\n<p>Der m\u00e5 ikke ryges eller indtages nikotinprodukter i hallerne, har hallen en caf\u00e9 skal den tilbyde sunde alternativer i udvalget af mad og drikke og s\u00e5 st\u00e5r der klart og tydelig p\u00e5 side fire i det ni sider lange dokument, at det med den nye haltilskudsmodel er slut med at stille &#8220;lokaler til r\u00e5dighed for arrangementer, hvor b\u00f8rn under 18 \u00e5r indtager alkohol&#8221;.<\/p>\n<div id=\"attachment_10977\" style=\"width: 1242px\" class=\"wp-caption alignnone\"><img loading=\"lazy\" decoding=\"async\" aria-describedby=\"caption-attachment-10977\" class=\"wp-image-10977 size-full\" src=\"https:\/\/kunmedierne.dk\/thy\/wp-content\/uploads\/sites\/2\/2025\/10\/Design-uden-navn-2025-10-03T130229.783.jpg\" alt=\"\" width=\"1232\" height=\"821\" srcset=\"https:\/\/kunmedierne.dk\/thy\/wp-content\/uploads\/sites\/2\/2025\/10\/Design-uden-navn-2025-10-03T130229.783.jpg 1232w, https:\/\/kunmedierne.dk\/thy\/wp-content\/uploads\/sites\/2\/2025\/10\/Design-uden-navn-2025-10-03T130229.783-300x200.jpg 300w, https:\/\/kunmedierne.dk\/thy\/wp-content\/uploads\/sites\/2\/2025\/10\/Design-uden-navn-2025-10-03T130229.783-1024x682.jpg 1024w, https:\/\/kunmedierne.dk\/thy\/wp-content\/uploads\/sites\/2\/2025\/10\/Design-uden-navn-2025-10-03T130229.783-510x340.jpg 510w\" sizes=\"auto, (max-width: 1232px) 100vw, 1232px\" \/><p id=\"caption-attachment-10977\" class=\"wp-caption-text\">\u00d8l og alkohol h\u00f8rer ikke hjemme i hallerne, som ikke l\u00e6ngere m\u00e5 stille lokaler til r\u00e5dighed for arrangementer, hvor b\u00f8rn og unge under 18 \u00e5r indtager alkohol.<\/p><\/div>\n<p>Det er i tr\u00e5d med Sundhedsstyrelsens anbefaling om, at unge under 18 \u00e5r helt undg\u00e5r alkohol og fordi\u00a0&#8220;Thisted Kommune arbejder for et ungeliv, hvor tydelige og n\u00e6rv\u00e6rende voksne skaber rammer for og viser vejen til positive sociale f\u00e6llesskaber og inspirerende ungemilj\u00f8er, hvor rusmidler fylder mindre&#8221;, st\u00e5r der p\u00e5 side fire i tilskudsmodellen.<\/p>\n<p>&#8211; Helt generelt er det ikke OK at servere alkohol for unge under 18 \u00e5r. Det har det egentlig aldrig v\u00e6ret &#8211; og heller ikke i en idr\u00e6tshal. Dengang det skete, var det en anden tid, men nu st\u00e5r det bare skrevet sort p\u00e5 hvidt i haltilskudsmodellen som en retningslinje, der spiller ind i kommunens andre strategier der ogs\u00e5 arbejder med b\u00f8rneliv, siger Torben Overgaard, K, formand for kommunens sundheds-, kultur og fritidsudvalg.<\/p>\n<p>&nbsp;<\/p>\n<p><strong>Opbakning til indsatsen<\/strong><\/p>\n<p>Han tilf\u00f8jer, at det, kommunen nu har besluttet som en del af tilskudsmodellen, allerede har v\u00e6ret praksis i flere \u00e5r i andre kommuner.<\/p>\n<p>&#8211; N\u00e5r vi taler om sundhed og forebyggelse blandt unge, tror jeg der er bred politisk opbakning til den indsats, vi laver, men jeg have ikke forestillet mig, at det var et forbud mod at stille lokaler til r\u00e5dighed for arrangementer, hvor unge under 18 \u00e5r indtager alkohol der kom i fokus, fordi vi laver en ny model for fordelingen af ni millioner kommunale kroner i haltilskud, siger udvalgsformanden.<\/p>\n<a class=\"dvrt-link\" onClick=\"cdmtrack_click(687,jQuery(this));return false\" href=\"https:\/\/konpap.dk\/?gad_source=1&gclid=Cj0KCQjwtJ6_BhDWARIsAGanmKfOBLC3RBm6obWL5sEb-mp4bsp5QjqWW4j4nx22y0YT2iMiXJcv3MoaApR_EALw_wcB\"><img decoding=\"async\" style=\"width:100%;\" src=\"https:\/\/kunmedierne.dk\/thy\/wp-content\/uploads\/sites\/2\/2025\/03\/redoffice.jpg\"><\/a><script>cdmtrack_view(687);<\/script>\n<p>Punktet om nul alkohol til unge under 18 har udl\u00f8st kraftige reaktioner. Ikke fra en hal, men fra foreningen Bondebal, som i de seneste 15 \u00e5r har arrangeret bondeballer i Hann\u00e6s Hallen. Bondebal en nu 30 \u00e5r gammel tradition, hvor &#8220;vi (har) st\u00e5et skulder ved skulder med omkring 40 frivillige hj\u00e6lpere til hvert arrangement. Vi har sikret, at de unge kunne feste under opsyn, i trygge rammer, og med klare regler&#8221;, fremg\u00e5r det af et Facebook-opslag fra foreningen bag Bondebal.<\/p>\n<p>Til ballerne i hallen m\u00e5 unge under 18 \u00e5r feste og drikke alkohol, men det sker under opsyn af voksne, og hvis det ikke sker i hallen, fester de unge nok et andet sted. Uden opsyn af voksne, lyder rationalet i foreningens opslag p\u00e5 Facebook.<\/p>\n<p>&nbsp;<\/p>\n<p><strong>&#8211; Vi har v\u00e6ret lydh\u00f8re<\/strong><\/p>\n<p>&#8211; Der er delte holdninger til det, vi laver, og fair nok. Vi undrer os bare over, at vi ikke er blevet h\u00f8rt f\u00f8r vi selv erfarede, at det fra 1. januar ikke l\u00e6ngere er muligt at holde Bondebal for unge fra 8. klasse og op til 17 \u00e5r i Hann\u00e6s Hallen. Vi har altid v\u00e6ret \u00e5bne om det vi laver, s\u00e5 alle har vidst, at vi er her, siger Jens Lyhne H\u00f8jbak fra foreningen Bondebal.<\/p>\n<p>Torben Overgaard forklarer, at hallerne er blevet h\u00f8rt. Der er sendt materiale ud, der har v\u00e6ret ringet til den enkelte hal og afholdt onlinem\u00f8der om den nye tilskudsmodel.<\/p>\n<p>&#8211; Vi har v\u00e6ret lydh\u00f8re overfor hallernes kommentarer, men er g\u00e5et ud fra, at vi var i dialog med den enkelte hal. Hvis den havde set et problem i forhold til en lejer eller en aktivitet, s\u00e5 burde hallen have taget det op som del af dialogen. Og det er ikke sket her, siger Torben Overgaard.<\/p>\n<p>&nbsp;<\/p>\n<p><strong>Nye vinde bl\u00e6ser<\/strong><\/p>\n<p>Jens Lyhne H\u00f8jbak mener ikke, at der med det nuv\u00e6rende set-up for bondeballerne, kan findes andre steder at holde bal for netop den m\u00e5lgruppe. Men foreningen vil fortsat lave arrangementer for b\u00f8rn i Hann\u00e6s Hallen, lave arrangementer med alkohol for plus 18-\u00e5rige og vil ogs\u00e5 arrangere &#8220;Stenh\u00f8jfester&#8221; for udviklingsh\u00e6mmede. Overskuddet fra festerne bruges til st\u00f8tte for blandt andet foreninger i \u00d8sterild-Hann\u00e6s Skoledistrikt.<\/p>\n<a class=\"dvrt-link\" onClick=\"cdmtrack_click(4416,jQuery(this));return false\" href=\"https:\/\/sdrhaa.dk\/\"><img decoding=\"async\" style=\"width:100%;\" src=\"https:\/\/kunmedierne.dk\/thy\/wp-content\/uploads\/sites\/2\/2025\/05\/260302Din-gebyrvenlige-sparekasse_SHS_Thy-1.gif\"><\/a><script>cdmtrack_view(4416);<\/script>\n<p>&#8211; Jeg tror, at vi er ramt at de nye vinde, der bl\u00e6ser og m\u00e5ske ogs\u00e5 af en ny politisk stemning til at at lave et bal med adgang til alkohol for netop den aldersgruppe. Det kan vi ikke l\u00e6ngere, heller ikke selv om det sker helt kontrolleret og under opsyn af ansvarlige voksne. Det har v\u00e6ret frustrerende, og vi har haft brug for at f\u00e5 luft for vores frustrationer, siger Jens Lyhne H\u00f8jbak, som savner svar p\u00e5 sp\u00f8rgsm\u00e5let: Hvad skal der s\u00e5 laves, som er sp\u00e6ndende for unge i den aldersgruppe.<\/p>\n<p>&#8211; Jeg h\u00e5ber, der er forst\u00e5else for, at der godt kan holdes fest for unge i Hann\u00e6s Hallen, men ogs\u00e5 for, at det ser en fest uden alkohol. Bondebal skal have ros for at have udviklet deres koncept med andre tilbud. M\u00e5ske kan foreningen ogs\u00e5 g\u00f8re det, n\u00e5r det g\u00e6lder festerne for de unge under 18 \u00e5r, siger Torben Overgaard.<\/p>\n<p>&nbsp;<\/p>\n<p><strong>Ungeliv uden rusmidler<\/strong><\/p>\n<p>Thisted Kommune er en blandt 14 danske kommuner, som i samarbejde med Sundhedsstyrelsen og TrygFonden arbejder for at udvikle en dansk model for, hvordan kommunerne kan skabe rammen om et ungeliv uden rusmidler.<\/p>\n<p>Forebyggelsesprogrammet med overskriften &#8220;F\u00e6lles om Ungelivet&#8221; vil frem til 2028 sammen med for\u00e6ldre og lokale akt\u00f8rer s\u00e6tte fokus p\u00e5 at skabe et ungeliv, hvor tydelige og n\u00e6rv\u00e6rende voksne er med til at forme rammerne og vise vejen til positive f\u00e6llesskaber og inspirerende milj\u00f8er for unge.<\/p>\n<div id=\"attachment_5851\" style=\"width: 1242px\" class=\"wp-caption alignnone\"><img loading=\"lazy\" decoding=\"async\" aria-describedby=\"caption-attachment-5851\" class=\"wp-image-5851 size-full\" src=\"https:\/\/kunmedierne.dk\/thy\/wp-content\/uploads\/sites\/2\/2025\/06\/Design-uden-navn-2025-06-27T104714.498.jpg\" alt=\"\" width=\"1232\" height=\"821\" srcset=\"https:\/\/kunmedierne.dk\/thy\/wp-content\/uploads\/sites\/2\/2025\/06\/Design-uden-navn-2025-06-27T104714.498.jpg 1232w, https:\/\/kunmedierne.dk\/thy\/wp-content\/uploads\/sites\/2\/2025\/06\/Design-uden-navn-2025-06-27T104714.498-300x200.jpg 300w, https:\/\/kunmedierne.dk\/thy\/wp-content\/uploads\/sites\/2\/2025\/06\/Design-uden-navn-2025-06-27T104714.498-1024x682.jpg 1024w, https:\/\/kunmedierne.dk\/thy\/wp-content\/uploads\/sites\/2\/2025\/06\/Design-uden-navn-2025-06-27T104714.498-510x340.jpg 510w\" sizes=\"auto, (max-width: 1232px) 100vw, 1232px\" \/><p id=\"caption-attachment-5851\" class=\"wp-caption-text\">Vi skal arbejde for at tilbyde f\u00e6llesskaber uden alkohol for b\u00f8rn og unge, siger Elise Rasmussen, programleder for F\u00e6lles om Ungelivet.<\/p><\/div>\n<div class=\"span-3\">\n<div id=\"gb_ContentPlaceHolderDefault_bottomGrid_ctl06_ctl03\" class=\"module multi-box align-center card\">\n<div class=\"text\">\n<div class=\"rich-text\">\n<p>&nbsp;<\/p>\n<p>Blandt de ting, der fokuseres p\u00e5, er at skabe st\u00e6rke f\u00e6llesskaber og aktive fritidsinteresser som n\u00f8gle til at forebygge unges brug af rusmidler og motivere for\u00e6ldre og lokalsamfund til aktivt at skabe st\u00e6rke rusmiddelfrie f\u00e6llesskaber og milj\u00f8er for b\u00f8rn og unge, fremg\u00e5r det af kommunens hjemmeside.<\/p>\n<a class=\"dvrt-link\" onClick=\"cdmtrack_click(689,jQuery(this));return false\" href=\"https:\/\/www.thistedbolig.dk\"><img decoding=\"async\" style=\"width:100%;\" src=\"https:\/\/kunmedierne.dk\/thy\/wp-content\/uploads\/sites\/2\/2025\/03\/260414ThistedBoligApril-opslag-002-1.jpg\"><\/a><script>cdmtrack_view(689);<\/script>\n<p>Elise Rasmussen er programleder for F\u00e6lles om Ungelivet. Hun understreger, at Sundhedsstyrelsen har en klar holdning til, at der ikke skal serveres alkohol til unger under 18 \u00e5r.<\/p>\n<p>&#8211; Derfor giver det god mening, at der ikke skal serveres alkohol til b\u00f8rn i hallerne, men jeg h\u00e5ber bestemt, at der fortsat vil v\u00e6re energi til at lave arrangementer for unge i Hann\u00e6s Hallen. Bare uden alkohol, for det er flot, at de form\u00e5r at samle s\u00e5 mange unge. Vi vil gerne v\u00e6re med til at lave noget sammen, men uden alkohol, og her er vi nok for langt fra hinanden, siger Elise Rasmussen.<\/p>\n<p>Hun mener, at parterne taler forbi hinanden n\u00e5r det handler om at l\u00e6re b\u00f8rn at drikke.<\/p>\n<p>&#8211; Det skal man ikke. Heller ikke n\u00e5r der er voksne, som passer p\u00e5 dem. I stedet skal vi arbejde for at tilbyde f\u00e6llesskaber uden alkohol, for er b\u00f8rn og unge f\u00f8rst v\u00e6nnet til at feste med alkohol, s\u00e5 er der skabt en forventning om, at der fortsat skal festes med alkohol. Med den viden, vi har i dag, tager vi ikke noget fra b\u00f8rn og unge, fordi de ikke kan feste med alkohol. Det beh\u00f8ver ikke at v\u00e6re et omdrejningspunkt alle steder, siger Elise Rasmussen.<\/p>\n<\/div>\n<\/div>\n<\/div>\n<\/div>\n","protected":false},"excerpt":{"rendered":"<p>THISTED: &#8220;Thisted Kommune har en interesse i at sikre idr\u00e6tshallerne og minihallernes drift&#8230;.&#8221; S\u00e5dan st\u00e5r der i det f\u00f8rste afsnit p\u00e5 side tre i kommunens nye &#8220;Haltilskudsmodel for selvejende haller i Thisted Kommune&#8221;, som f\u00e5r virkning fra 1. januar 2026. Modellen har v\u00e6ret i h\u00f8ring hos hallerne inden den 24. september blev godkendt i kommunens [&hellip;]<\/p>\n","protected":false},"author":4535,"featured_media":0,"comment_status":"closed","ping_status":"closed","sticky":false,"template":"","format":"standard","meta":{"_acf_changed":false,"footnotes":""},"categories":[24],"tags":[52,47,74],"class_list":["post-10955","post","type-post","status-publish","format-standard","hentry","category-lokalt","tag-fritid","tag-sundhed","tag-ungdomsliv"],"acf":[],"yoast_head":"<!-- This site is optimized with the Yoast SEO plugin v26.8 - https:\/\/yoast.com\/product\/yoast-seo-wordpress\/ -->\n<title>Klar melding fra politiker: Tiden er l\u00f8bet fra halfester med alkohol til unge under 18 \u00e5r - Thy<\/title>\n<meta name=\"robots\" content=\"index, follow, max-snippet:-1, max-image-preview:large, max-video-preview:-1\" \/>\n<link rel=\"canonical\" href=\"https:\/\/kunmedierne.dk\/thy\/klar-melding-fra-politiker-tiden-er-loebet-fra-halfester-med-alkohol-for-unge-under-18-aar\/\" \/>\n<meta property=\"og:locale\" content=\"da_DK\" \/>\n<meta property=\"og:type\" content=\"article\" \/>\n<meta property=\"og:title\" content=\"Klar melding fra politiker: Tiden er l\u00f8bet fra halfester med alkohol til unge under 18 \u00e5r - Thy\" \/>\n<meta property=\"og:description\" content=\"THISTED: &#8220;Thisted Kommune har en interesse i at sikre idr\u00e6tshallerne og minihallernes drift&#8230;.&#8221; S\u00e5dan st\u00e5r der i det f\u00f8rste afsnit p\u00e5 side tre i kommunens nye &#8220;Haltilskudsmodel for selvejende haller i Thisted Kommune&#8221;, som f\u00e5r virkning fra 1. januar 2026. Modellen har v\u00e6ret i h\u00f8ring hos hallerne inden den 24. september blev godkendt i kommunens [&hellip;]\" \/>\n<meta property=\"og:url\" content=\"https:\/\/kunmedierne.dk\/thy\/klar-melding-fra-politiker-tiden-er-loebet-fra-halfester-med-alkohol-for-unge-under-18-aar\/\" \/>\n<meta property=\"og:site_name\" content=\"Thy\" \/>\n<meta property=\"article:published_time\" content=\"2025-10-04T05:03:01+00:00\" \/>\n<meta property=\"article:modified_time\" content=\"2025-10-04T10:44:30+00:00\" \/>\n<meta property=\"og:image\" content=\"https:\/\/kunmedierne.dk\/thy\/wp-content\/uploads\/sites\/2\/2025\/10\/Design-uden-navn-2025-10-03T130229.783.jpg\" \/>\n<meta name=\"author\" content=\"Jens Fogh Andersen\" \/>\n<meta name=\"twitter:card\" content=\"summary_large_image\" \/>\n<meta name=\"twitter:label1\" content=\"Skrevet af\" \/>\n\t<meta name=\"twitter:data1\" content=\"Jens Fogh Andersen\" \/>\n\t<meta name=\"twitter:label2\" content=\"Estimeret l\u00e6setid\" \/>\n\t<meta name=\"twitter:data2\" content=\"8 minutter\" \/>\n<script type=\"application\/ld+json\" class=\"yoast-schema-graph\">{\"@context\":\"https:\/\/schema.org\",\"@graph\":[{\"@type\":\"Article\",\"@id\":\"https:\/\/kunmedierne.dk\/thy\/klar-melding-fra-politiker-tiden-er-loebet-fra-halfester-med-alkohol-for-unge-under-18-aar\/#article\",\"isPartOf\":{\"@id\":\"https:\/\/kunmedierne.dk\/thy\/klar-melding-fra-politiker-tiden-er-loebet-fra-halfester-med-alkohol-for-unge-under-18-aar\/\"},\"author\":{\"name\":\"Jens Fogh Andersen\",\"@id\":\"https:\/\/kunmedierne.dk\/thy\/#\/schema\/person\/88f5be46809ca2a5533760eb574fef93\"},\"headline\":\"Klar melding fra politiker: Tiden er l\u00f8bet fra halfester med alkohol til unge under 18 \u00e5r\",\"datePublished\":\"2025-10-04T05:03:01+00:00\",\"dateModified\":\"2025-10-04T10:44:30+00:00\",\"mainEntityOfPage\":{\"@id\":\"https:\/\/kunmedierne.dk\/thy\/klar-melding-fra-politiker-tiden-er-loebet-fra-halfester-med-alkohol-for-unge-under-18-aar\/\"},\"wordCount\":1382,\"publisher\":{\"@id\":\"https:\/\/kunmedierne.dk\/thy\/#organization\"},\"image\":{\"@id\":\"https:\/\/kunmedierne.dk\/thy\/klar-melding-fra-politiker-tiden-er-loebet-fra-halfester-med-alkohol-for-unge-under-18-aar\/#primaryimage\"},\"thumbnailUrl\":\"https:\/\/kunmedierne.dk\/thy\/wp-content\/uploads\/sites\/2\/2025\/10\/Design-uden-navn-2025-10-03T130229.783.jpg\",\"keywords\":[\"Fritid\",\"Sundhed\",\"Ungdomsliv\"],\"articleSection\":[\"Lokalt\"],\"inLanguage\":\"da-DK\"},{\"@type\":\"WebPage\",\"@id\":\"https:\/\/kunmedierne.dk\/thy\/klar-melding-fra-politiker-tiden-er-loebet-fra-halfester-med-alkohol-for-unge-under-18-aar\/\",\"url\":\"https:\/\/kunmedierne.dk\/thy\/klar-melding-fra-politiker-tiden-er-loebet-fra-halfester-med-alkohol-for-unge-under-18-aar\/\",\"name\":\"Klar melding fra politiker: Tiden er l\u00f8bet fra halfester med alkohol til unge under 18 \u00e5r - Thy\",\"isPartOf\":{\"@id\":\"https:\/\/kunmedierne.dk\/thy\/#website\"},\"primaryImageOfPage\":{\"@id\":\"https:\/\/kunmedierne.dk\/thy\/klar-melding-fra-politiker-tiden-er-loebet-fra-halfester-med-alkohol-for-unge-under-18-aar\/#primaryimage\"},\"image\":{\"@id\":\"https:\/\/kunmedierne.dk\/thy\/klar-melding-fra-politiker-tiden-er-loebet-fra-halfester-med-alkohol-for-unge-under-18-aar\/#primaryimage\"},\"thumbnailUrl\":\"https:\/\/kunmedierne.dk\/thy\/wp-content\/uploads\/sites\/2\/2025\/10\/Design-uden-navn-2025-10-03T130229.783.jpg\",\"datePublished\":\"2025-10-04T05:03:01+00:00\",\"dateModified\":\"2025-10-04T10:44:30+00:00\",\"breadcrumb\":{\"@id\":\"https:\/\/kunmedierne.dk\/thy\/klar-melding-fra-politiker-tiden-er-loebet-fra-halfester-med-alkohol-for-unge-under-18-aar\/#breadcrumb\"},\"inLanguage\":\"da-DK\",\"potentialAction\":[{\"@type\":\"ReadAction\",\"target\":[\"https:\/\/kunmedierne.dk\/thy\/klar-melding-fra-politiker-tiden-er-loebet-fra-halfester-med-alkohol-for-unge-under-18-aar\/\"]}]},{\"@type\":\"ImageObject\",\"inLanguage\":\"da-DK\",\"@id\":\"https:\/\/kunmedierne.dk\/thy\/klar-melding-fra-politiker-tiden-er-loebet-fra-halfester-med-alkohol-for-unge-under-18-aar\/#primaryimage\",\"url\":\"https:\/\/kunmedierne.dk\/thy\/wp-content\/uploads\/sites\/2\/2025\/10\/Design-uden-navn-2025-10-03T130229.783.jpg\",\"contentUrl\":\"https:\/\/kunmedierne.dk\/thy\/wp-content\/uploads\/sites\/2\/2025\/10\/Design-uden-navn-2025-10-03T130229.783.jpg\",\"width\":1232,\"height\":821},{\"@type\":\"BreadcrumbList\",\"@id\":\"https:\/\/kunmedierne.dk\/thy\/klar-melding-fra-politiker-tiden-er-loebet-fra-halfester-med-alkohol-for-unge-under-18-aar\/#breadcrumb\",\"itemListElement\":[{\"@type\":\"ListItem\",\"position\":1,\"name\":\"Home\",\"item\":\"https:\/\/kunmedierne.dk\/thy\/\"},{\"@type\":\"ListItem\",\"position\":2,\"name\":\"Klar melding fra politiker: Tiden er l\u00f8bet fra halfester med alkohol til unge under 18 \u00e5r\"}]},{\"@type\":\"WebSite\",\"@id\":\"https:\/\/kunmedierne.dk\/thy\/#website\",\"url\":\"https:\/\/kunmedierne.dk\/thy\/\",\"name\":\"Thy\",\"description\":\"et netmedie med journalistik om livet i Thy\",\"publisher\":{\"@id\":\"https:\/\/kunmedierne.dk\/thy\/#organization\"},\"potentialAction\":[{\"@type\":\"SearchAction\",\"target\":{\"@type\":\"EntryPoint\",\"urlTemplate\":\"https:\/\/kunmedierne.dk\/thy\/?s={search_term_string}\"},\"query-input\":{\"@type\":\"PropertyValueSpecification\",\"valueRequired\":true,\"valueName\":\"search_term_string\"}}],\"inLanguage\":\"da-DK\"},{\"@type\":\"Organization\",\"@id\":\"https:\/\/kunmedierne.dk\/thy\/#organization\",\"name\":\"Thy\",\"url\":\"https:\/\/kunmedierne.dk\/thy\/\",\"logo\":{\"@type\":\"ImageObject\",\"inLanguage\":\"da-DK\",\"@id\":\"https:\/\/kunmedierne.dk\/thy\/#\/schema\/logo\/image\/\",\"url\":\"https:\/\/kunmedierne.dk\/thy\/wp-content\/uploads\/sites\/2\/2025\/04\/kunthy-logo.svg\",\"contentUrl\":\"https:\/\/kunmedierne.dk\/thy\/wp-content\/uploads\/sites\/2\/2025\/04\/kunthy-logo.svg\",\"caption\":\"Thy\"},\"image\":{\"@id\":\"https:\/\/kunmedierne.dk\/thy\/#\/schema\/logo\/image\/\"}},{\"@type\":\"Person\",\"@id\":\"https:\/\/kunmedierne.dk\/thy\/#\/schema\/person\/88f5be46809ca2a5533760eb574fef93\",\"name\":\"Jens Fogh Andersen\",\"image\":{\"@type\":\"ImageObject\",\"inLanguage\":\"da-DK\",\"@id\":\"https:\/\/kunmedierne.dk\/thy\/#\/schema\/person\/image\/\",\"url\":\"https:\/\/secure.gravatar.com\/avatar\/2b367a4ef139b1c41dccc9ee7af926b81f8b4cca3359772e86c7fd5ced26c0a3?s=96&d=mm&r=g\",\"contentUrl\":\"https:\/\/secure.gravatar.com\/avatar\/2b367a4ef139b1c41dccc9ee7af926b81f8b4cca3359772e86c7fd5ced26c0a3?s=96&d=mm&r=g\",\"caption\":\"Jens Fogh Andersen\"},\"url\":\"https:\/\/kunmedierne.dk\/thy\/author\/jfa\/\"}]}<\/script>\n<!-- \/ Yoast SEO plugin. -->","yoast_head_json":{"title":"Klar melding fra politiker: Tiden er l\u00f8bet fra halfester med alkohol til unge under 18 \u00e5r - Thy","robots":{"index":"index","follow":"follow","max-snippet":"max-snippet:-1","max-image-preview":"max-image-preview:large","max-video-preview":"max-video-preview:-1"},"canonical":"https:\/\/kunmedierne.dk\/thy\/klar-melding-fra-politiker-tiden-er-loebet-fra-halfester-med-alkohol-for-unge-under-18-aar\/","og_locale":"da_DK","og_type":"article","og_title":"Klar melding fra politiker: Tiden er l\u00f8bet fra halfester med alkohol til unge under 18 \u00e5r - Thy","og_description":"THISTED: &#8220;Thisted Kommune har en interesse i at sikre idr\u00e6tshallerne og minihallernes drift&#8230;.&#8221; S\u00e5dan st\u00e5r der i det f\u00f8rste afsnit p\u00e5 side tre i kommunens nye &#8220;Haltilskudsmodel for selvejende haller i Thisted Kommune&#8221;, som f\u00e5r virkning fra 1. januar 2026. Modellen har v\u00e6ret i h\u00f8ring hos hallerne inden den 24. september blev godkendt i kommunens [&hellip;]","og_url":"https:\/\/kunmedierne.dk\/thy\/klar-melding-fra-politiker-tiden-er-loebet-fra-halfester-med-alkohol-for-unge-under-18-aar\/","og_site_name":"Thy","article_published_time":"2025-10-04T05:03:01+00:00","article_modified_time":"2025-10-04T10:44:30+00:00","og_image":[{"url":"https:\/\/kunmedierne.dk\/thy\/wp-content\/uploads\/sites\/2\/2025\/10\/Design-uden-navn-2025-10-03T130229.783.jpg","type":"","width":"","height":""}],"author":"Jens Fogh Andersen","twitter_card":"summary_large_image","twitter_misc":{"Skrevet af":"Jens Fogh Andersen","Estimeret l\u00e6setid":"8 minutter"},"schema":{"@context":"https:\/\/schema.org","@graph":[{"@type":"Article","@id":"https:\/\/kunmedierne.dk\/thy\/klar-melding-fra-politiker-tiden-er-loebet-fra-halfester-med-alkohol-for-unge-under-18-aar\/#article","isPartOf":{"@id":"https:\/\/kunmedierne.dk\/thy\/klar-melding-fra-politiker-tiden-er-loebet-fra-halfester-med-alkohol-for-unge-under-18-aar\/"},"author":{"name":"Jens Fogh Andersen","@id":"https:\/\/kunmedierne.dk\/thy\/#\/schema\/person\/88f5be46809ca2a5533760eb574fef93"},"headline":"Klar melding fra politiker: Tiden er l\u00f8bet fra halfester med alkohol til unge under 18 \u00e5r","datePublished":"2025-10-04T05:03:01+00:00","dateModified":"2025-10-04T10:44:30+00:00","mainEntityOfPage":{"@id":"https:\/\/kunmedierne.dk\/thy\/klar-melding-fra-politiker-tiden-er-loebet-fra-halfester-med-alkohol-for-unge-under-18-aar\/"},"wordCount":1382,"publisher":{"@id":"https:\/\/kunmedierne.dk\/thy\/#organization"},"image":{"@id":"https:\/\/kunmedierne.dk\/thy\/klar-melding-fra-politiker-tiden-er-loebet-fra-halfester-med-alkohol-for-unge-under-18-aar\/#primaryimage"},"thumbnailUrl":"https:\/\/kunmedierne.dk\/thy\/wp-content\/uploads\/sites\/2\/2025\/10\/Design-uden-navn-2025-10-03T130229.783.jpg","keywords":["Fritid","Sundhed","Ungdomsliv"],"articleSection":["Lokalt"],"inLanguage":"da-DK"},{"@type":"WebPage","@id":"https:\/\/kunmedierne.dk\/thy\/klar-melding-fra-politiker-tiden-er-loebet-fra-halfester-med-alkohol-for-unge-under-18-aar\/","url":"https:\/\/kunmedierne.dk\/thy\/klar-melding-fra-politiker-tiden-er-loebet-fra-halfester-med-alkohol-for-unge-under-18-aar\/","name":"Klar melding fra politiker: Tiden er l\u00f8bet fra halfester med alkohol til unge under 18 \u00e5r - Thy","isPartOf":{"@id":"https:\/\/kunmedierne.dk\/thy\/#website"},"primaryImageOfPage":{"@id":"https:\/\/kunmedierne.dk\/thy\/klar-melding-fra-politiker-tiden-er-loebet-fra-halfester-med-alkohol-for-unge-under-18-aar\/#primaryimage"},"image":{"@id":"https:\/\/kunmedierne.dk\/thy\/klar-melding-fra-politiker-tiden-er-loebet-fra-halfester-med-alkohol-for-unge-under-18-aar\/#primaryimage"},"thumbnailUrl":"https:\/\/kunmedierne.dk\/thy\/wp-content\/uploads\/sites\/2\/2025\/10\/Design-uden-navn-2025-10-03T130229.783.jpg","datePublished":"2025-10-04T05:03:01+00:00","dateModified":"2025-10-04T10:44:30+00:00","breadcrumb":{"@id":"https:\/\/kunmedierne.dk\/thy\/klar-melding-fra-politiker-tiden-er-loebet-fra-halfester-med-alkohol-for-unge-under-18-aar\/#breadcrumb"},"inLanguage":"da-DK","potentialAction":[{"@type":"ReadAction","target":["https:\/\/kunmedierne.dk\/thy\/klar-melding-fra-politiker-tiden-er-loebet-fra-halfester-med-alkohol-for-unge-under-18-aar\/"]}]},{"@type":"ImageObject","inLanguage":"da-DK","@id":"https:\/\/kunmedierne.dk\/thy\/klar-melding-fra-politiker-tiden-er-loebet-fra-halfester-med-alkohol-for-unge-under-18-aar\/#primaryimage","url":"https:\/\/kunmedierne.dk\/thy\/wp-content\/uploads\/sites\/2\/2025\/10\/Design-uden-navn-2025-10-03T130229.783.jpg","contentUrl":"https:\/\/kunmedierne.dk\/thy\/wp-content\/uploads\/sites\/2\/2025\/10\/Design-uden-navn-2025-10-03T130229.783.jpg","width":1232,"height":821},{"@type":"BreadcrumbList","@id":"https:\/\/kunmedierne.dk\/thy\/klar-melding-fra-politiker-tiden-er-loebet-fra-halfester-med-alkohol-for-unge-under-18-aar\/#breadcrumb","itemListElement":[{"@type":"ListItem","position":1,"name":"Home","item":"https:\/\/kunmedierne.dk\/thy\/"},{"@type":"ListItem","position":2,"name":"Klar melding fra politiker: Tiden er l\u00f8bet fra halfester med alkohol til unge under 18 \u00e5r"}]},{"@type":"WebSite","@id":"https:\/\/kunmedierne.dk\/thy\/#website","url":"https:\/\/kunmedierne.dk\/thy\/","name":"Thy","description":"et netmedie med journalistik om livet i Thy","publisher":{"@id":"https:\/\/kunmedierne.dk\/thy\/#organization"},"potentialAction":[{"@type":"SearchAction","target":{"@type":"EntryPoint","urlTemplate":"https:\/\/kunmedierne.dk\/thy\/?s={search_term_string}"},"query-input":{"@type":"PropertyValueSpecification","valueRequired":true,"valueName":"search_term_string"}}],"inLanguage":"da-DK"},{"@type":"Organization","@id":"https:\/\/kunmedierne.dk\/thy\/#organization","name":"Thy","url":"https:\/\/kunmedierne.dk\/thy\/","logo":{"@type":"ImageObject","inLanguage":"da-DK","@id":"https:\/\/kunmedierne.dk\/thy\/#\/schema\/logo\/image\/","url":"https:\/\/kunmedierne.dk\/thy\/wp-content\/uploads\/sites\/2\/2025\/04\/kunthy-logo.svg","contentUrl":"https:\/\/kunmedierne.dk\/thy\/wp-content\/uploads\/sites\/2\/2025\/04\/kunthy-logo.svg","caption":"Thy"},"image":{"@id":"https:\/\/kunmedierne.dk\/thy\/#\/schema\/logo\/image\/"}},{"@type":"Person","@id":"https:\/\/kunmedierne.dk\/thy\/#\/schema\/person\/88f5be46809ca2a5533760eb574fef93","name":"Jens Fogh Andersen","image":{"@type":"ImageObject","inLanguage":"da-DK","@id":"https:\/\/kunmedierne.dk\/thy\/#\/schema\/person\/image\/","url":"https:\/\/secure.gravatar.com\/avatar\/2b367a4ef139b1c41dccc9ee7af926b81f8b4cca3359772e86c7fd5ced26c0a3?s=96&d=mm&r=g","contentUrl":"https:\/\/secure.gravatar.com\/avatar\/2b367a4ef139b1c41dccc9ee7af926b81f8b4cca3359772e86c7fd5ced26c0a3?s=96&d=mm&r=g","caption":"Jens Fogh Andersen"},"url":"https:\/\/kunmedierne.dk\/thy\/author\/jfa\/"}]}},"_links":{"self":[{"href":"https:\/\/kunmedierne.dk\/thy\/wp-json\/wp\/v2\/posts\/10955","targetHints":{"allow":["GET"]}}],"collection":[{"href":"https:\/\/kunmedierne.dk\/thy\/wp-json\/wp\/v2\/posts"}],"about":[{"href":"https:\/\/kunmedierne.dk\/thy\/wp-json\/wp\/v2\/types\/post"}],"author":[{"embeddable":true,"href":"https:\/\/kunmedierne.dk\/thy\/wp-json\/wp\/v2\/users\/4535"}],"replies":[{"embeddable":true,"href":"https:\/\/kunmedierne.dk\/thy\/wp-json\/wp\/v2\/comments?post=10955"}],"version-history":[{"count":15,"href":"https:\/\/kunmedierne.dk\/thy\/wp-json\/wp\/v2\/posts\/10955\/revisions"}],"predecessor-version":[{"id":11023,"href":"https:\/\/kunmedierne.dk\/thy\/wp-json\/wp\/v2\/posts\/10955\/revisions\/11023"}],"wp:attachment":[{"href":"https:\/\/kunmedierne.dk\/thy\/wp-json\/wp\/v2\/media?parent=10955"}],"wp:term":[{"taxonomy":"category","embeddable":true,"href":"https:\/\/kunmedierne.dk\/thy\/wp-json\/wp\/v2\/categories?post=10955"},{"taxonomy":"post_tag","embeddable":true,"href":"https:\/\/kunmedierne.dk\/thy\/wp-json\/wp\/v2\/tags?post=10955"}],"curies":[{"name":"wp","href":"https:\/\/api.w.org\/{rel}","templated":true}]}}