{"id":10833,"date":"2025-10-02T07:24:11","date_gmt":"2025-10-02T05:24:11","guid":{"rendered":"https:\/\/kunmedierne.dk\/thy\/?p=10833"},"modified":"2025-10-02T10:26:09","modified_gmt":"2025-10-02T08:26:09","slug":"alt-klar-til-10-oktober-groen-loeber-til-baun-plantage-rulles-ud","status":"publish","type":"post","link":"https:\/\/kunmedierne.dk\/thy\/alt-klar-til-10-oktober-groen-loeber-til-baun-plantage-rulles-ud\/","title":{"rendered":"Alt klar til 10. oktober: Gr\u00f8n l\u00f8ber til Baun Plantage rulles ud"},"content":{"rendered":"<p><em>Artiklen er opdateret 02-10-25 kl. 10.25 med oplysning om flere samarbejdspartnere i sti-projektet.<\/em><\/p>\n<p><strong>THISTED:\u00a0<\/strong>F\u00f8rst kom Tingstrup S\u00f8 som et nyt, gr\u00f8nt og byn\u00e6rt rekreativt omr\u00e5de og nu bliver s\u00f8en et af flere stop p\u00e5 Den Gr\u00f8nne L\u00f8ber, en gr\u00f8n forbindelse mellem Thisted by og Baun Plantage. L\u00f8beren er rullet ud, men endnu mangler p\u00e6lene med de piktogrammer, der markerer stiens forl\u00f8b at blive sat op.<\/p>\n<a class=\"dvrt-link\" onClick=\"cdmtrack_click(18790,jQuery(this));return false\" href=\"https:\/\/thymors.dk\/sponsorater\/15-til-faellesskabet?utm_source=kunthy&amp;utm_medium=annonce&amp;utm_campaign=sponsorater\"><img decoding=\"async\" style=\"width:100%;\" src=\"https:\/\/kunmedierne.dk\/thy\/wp-content\/uploads\/sites\/2\/2026\/03\/260407ThyMors-energi_faellesskab_generel-1.jpg\"><\/a><script>cdmtrack_view(18790);<\/script>\n<p>&#8211; Men det bliver de. Vi er f\u00e6rdige inden 10. oktober, n\u00e5r Den Gr\u00f8nne L\u00f8ber indvies, siger Frede \u00d8stergaard, St\u00f8tteforeningen Tingstrup S\u00f8 &#8211; eller bare STS.<\/p>\n<p><a href=\"https:\/\/kunmedierne.dk\/thy\/groen-loeber-fra-thisted-by-til-baun-plantage\/\">L\u00e6s ogs\u00e5: Gr\u00f8n l\u00f8ber fra Thisted by til Baun Plantage<\/a><\/p>\n<p>Han har v\u00e6ret en del af et projekt, der har v\u00e6ret under udvikling siden slutningen af 1980&#8217;erne, dengang med tanke for at lave den Tingstrup S\u00f8, som nu er m\u00e5let for en spadseretur for mere end 100 mennesker dagligt og som inden l\u00e6nge bliver et af de markante punkter p\u00e5 Den Gr\u00f8nne L\u00f8ber ligesom den nye skov p\u00e5 Hejrh\u00f8j.<\/p>\n<div id=\"attachment_10293\" style=\"width: 1242px\" class=\"wp-caption alignnone\"><img loading=\"lazy\" decoding=\"async\" aria-describedby=\"caption-attachment-10293\" class=\"wp-image-10293 size-full\" src=\"https:\/\/kunmedierne.dk\/thy\/wp-content\/uploads\/sites\/2\/2025\/09\/Design-uden-navn-2025-09-22T120957.308.jpg\" alt=\"\" width=\"1232\" height=\"821\" srcset=\"https:\/\/kunmedierne.dk\/thy\/wp-content\/uploads\/sites\/2\/2025\/09\/Design-uden-navn-2025-09-22T120957.308.jpg 1232w, https:\/\/kunmedierne.dk\/thy\/wp-content\/uploads\/sites\/2\/2025\/09\/Design-uden-navn-2025-09-22T120957.308-300x200.jpg 300w, https:\/\/kunmedierne.dk\/thy\/wp-content\/uploads\/sites\/2\/2025\/09\/Design-uden-navn-2025-09-22T120957.308-1024x682.jpg 1024w, https:\/\/kunmedierne.dk\/thy\/wp-content\/uploads\/sites\/2\/2025\/09\/Design-uden-navn-2025-09-22T120957.308-510x340.jpg 510w\" sizes=\"auto, (max-width: 1232px) 100vw, 1232px\" \/><p id=\"caption-attachment-10293\" class=\"wp-caption-text\">Den r\u00f8de streg p\u00e5 kortet viser forl\u00f8bet af Den Gr\u00f8nne L\u00f8ber &#8211; her med udgangspunkt p\u00e5 Store Torv og Baun Plantage som m\u00e5l. Tanken er at lade l\u00f8beren forts\u00e6tte videre til Hjardalvej og Torsted Plantage<\/p><\/div>\n<p>&#8211; Det hele startede med en plan om en s\u00f8 &#8211; og s\u00e5 har tingene bare udviklet sig, siger Frede \u00d8stergaard som opfordrer alle med lyst til en frisk travetur til at tage en tur ad stien fra Thisted by til Baun Plantage. Det er en tur p\u00e5 omkring 14 kilometer ud og hjem.<\/p>\n<p>Stien indvies 10. oktober klokken 9 med \u00e5bningstale og snoreklip p\u00e5 den gamle sk\u00f8jtebane ved Plantagevej i Thisted. N\u00e5r den formelle del af indvielsen er overst\u00e5et, vil 250 b\u00f8rn fra Tingstrup Skole og Thisted Friskole blive sendt ud p\u00e5 stien.<\/p>\n<a class=\"dvrt-link\" onClick=\"cdmtrack_click(687,jQuery(this));return false\" href=\"https:\/\/konpap.dk\/?gad_source=1&gclid=Cj0KCQjwtJ6_BhDWARIsAGanmKfOBLC3RBm6obWL5sEb-mp4bsp5QjqWW4j4nx22y0YT2iMiXJcv3MoaApR_EALw_wcB\"><img decoding=\"async\" style=\"width:100%;\" src=\"https:\/\/kunmedierne.dk\/thy\/wp-content\/uploads\/sites\/2\/2025\/03\/redoffice.jpg\"><\/a><script>cdmtrack_view(687);<\/script>\n<p>&#8211; Jeg regner ikke med, at de tager turen helt ud til Baun Plantage, m\u00e5ske komme de store elever ud til Hejrh\u00f8j Skov, f\u00f8r de vender om. Vi regner med, at \u00e5bningsarrangementet er slut henad klokken 11, n\u00e5r b\u00f8rnene har f\u00e5et p\u00f8lsehorn, lagkage og juice ovenp\u00e5 turen, siger Frede \u00d8stergaard.<\/p>\n<div id=\"attachment_10305\" style=\"width: 1242px\" class=\"wp-caption alignnone\"><img loading=\"lazy\" decoding=\"async\" aria-describedby=\"caption-attachment-10305\" class=\"wp-image-10305 size-full\" src=\"https:\/\/kunmedierne.dk\/thy\/wp-content\/uploads\/sites\/2\/2025\/09\/Design-uden-navn-2025-09-22T152329.289.jpg\" alt=\"\" width=\"1232\" height=\"821\" srcset=\"https:\/\/kunmedierne.dk\/thy\/wp-content\/uploads\/sites\/2\/2025\/09\/Design-uden-navn-2025-09-22T152329.289.jpg 1232w, https:\/\/kunmedierne.dk\/thy\/wp-content\/uploads\/sites\/2\/2025\/09\/Design-uden-navn-2025-09-22T152329.289-300x200.jpg 300w, https:\/\/kunmedierne.dk\/thy\/wp-content\/uploads\/sites\/2\/2025\/09\/Design-uden-navn-2025-09-22T152329.289-1024x682.jpg 1024w, https:\/\/kunmedierne.dk\/thy\/wp-content\/uploads\/sites\/2\/2025\/09\/Design-uden-navn-2025-09-22T152329.289-510x340.jpg 510w\" sizes=\"auto, (max-width: 1232px) 100vw, 1232px\" \/><p id=\"caption-attachment-10305\" class=\"wp-caption-text\">Den Gr\u00f8nne L\u00f8ber er klar til brug, men inden indvielsen 10. oktober er forl\u00f8bet af stien afm\u00e6rket med gr\u00f8nne piktogrammer.<\/p><\/div>\n<p>Stien er mere end et markeret forl\u00f8b i terr\u00e6net. Den er anlagt som en rigtig sti og det har v\u00e6ret muligt takket en r\u00e6kke donationer. Sparekassen Thy&#8217;s Fond har st\u00f8ttet med 200.000 kroner. Samme bel\u00f8b er der kommet fra Friluftsr\u00e5det, mens Nordeafonden har st\u00f8ttet med 70.000 kroner.<\/p>\n<p>&#8211; Oveni donationerne har vi f\u00e5et yderligere 500.000 kroner fra Thisted Kommune og pengene har gjort det muligt at anl\u00e6gge Den Gr\u00f8nne L\u00f8ber som en grusbelagt sti &#8211; og som et helt selvst\u00e6ndigt projekt i godt samarbejde b\u00e5de med kommunen og med Naturstyrelsen, som ejer Hejrh\u00f8j Skov og Baun Plantage, hvor stien kobler sig p\u00e5 de stier, Naturstyrelsen har lavet her, siger Frede \u00d8stergaard.<\/p>\n<p><span data-olk-copy-source=\"MessageBody\">Han tilf\u00f8jer, at stiprojektet har nydt godt af et fantastisk samarbejde med g\u00e5rdejer Thomas Kristoffersen, Skinnerupg\u00e5rd, samt g\u00e5rdejer\u00a0 Morten Yde Kirk, Tousg\u00e5rd. De har begge stillet jord til r\u00e5dighed, s\u00e5 projektet kunne gennemf\u00f8res<\/span><\/p>\n<a class=\"dvrt-link\" onClick=\"cdmtrack_click(1130,jQuery(this));return false\" href=\"https:\/\/www.thistedforsikring.dk\/?utm_source=partnerskaber&amp;utm_campaign=kun_thy\"><img decoding=\"async\" style=\"width:100%;\" src=\"https:\/\/kunmedierne.dk\/thy\/wp-content\/uploads\/sites\/2\/2025\/04\/260409KunThyThisted-For-1.png\"><\/a><script>cdmtrack_view(1130);<\/script>\n<p>Han tilf\u00f8jer, at Den Gr\u00f8nne L\u00f8ber skal optages p\u00e5 listen &#8220;De Danske Naturstier&#8221;. S\u00e5 bliver den b\u00e5de markedsf\u00f8rt og der bliver mulighed for at f\u00e5 yderligere st\u00f8tte.<\/p>\n<p>Selv om l\u00f8beren lige nu er rullet ud til Baun Plantage er det planen, at den skal forl\u00e6nges, s\u00e5 den n\u00e5r ud til Hjardalvej og Torsted Plantage &#8211; og m\u00e5ske engang ad \u00e5re, bliver afm\u00e6rket gennem plantagen og helt ud til havet ved Klitm\u00f8ller.<\/p>\n","protected":false},"excerpt":{"rendered":"<p>Artiklen er opdateret 02-10-25 kl. 10.25 med oplysning om flere samarbejdspartnere i sti-projektet. THISTED:\u00a0F\u00f8rst kom Tingstrup S\u00f8 som et nyt, gr\u00f8nt og byn\u00e6rt rekreativt omr\u00e5de og nu bliver s\u00f8en et af flere stop p\u00e5 Den Gr\u00f8nne L\u00f8ber, en gr\u00f8n forbindelse mellem Thisted by og Baun Plantage. L\u00f8beren er rullet ud, men endnu mangler p\u00e6lene med [&hellip;]<\/p>\n","protected":false},"author":4535,"featured_media":0,"comment_status":"closed","ping_status":"closed","sticky":false,"template":"","format":"standard","meta":{"_acf_changed":false,"footnotes":""},"categories":[24],"tags":[52,49,47],"class_list":["post-10833","post","type-post","status-publish","format-standard","hentry","category-lokalt","tag-fritid","tag-natur","tag-sundhed"],"acf":[],"yoast_head":"<!-- This site is optimized with the Yoast SEO plugin v26.8 - https:\/\/yoast.com\/product\/yoast-seo-wordpress\/ -->\n<title>Alt klar til 10. oktober: Gr\u00f8n l\u00f8ber til Baun Plantage rulles ud - Thy<\/title>\n<meta name=\"robots\" content=\"index, follow, max-snippet:-1, max-image-preview:large, max-video-preview:-1\" \/>\n<link rel=\"canonical\" href=\"https:\/\/kunmedierne.dk\/thy\/alt-klar-til-10-oktober-groen-loeber-til-baun-plantage-rulles-ud\/\" \/>\n<meta property=\"og:locale\" content=\"da_DK\" \/>\n<meta property=\"og:type\" content=\"article\" \/>\n<meta property=\"og:title\" content=\"Alt klar til 10. oktober: Gr\u00f8n l\u00f8ber til Baun Plantage rulles ud - Thy\" \/>\n<meta property=\"og:description\" content=\"Artiklen er opdateret 02-10-25 kl. 10.25 med oplysning om flere samarbejdspartnere i sti-projektet. THISTED:\u00a0F\u00f8rst kom Tingstrup S\u00f8 som et nyt, gr\u00f8nt og byn\u00e6rt rekreativt omr\u00e5de og nu bliver s\u00f8en et af flere stop p\u00e5 Den Gr\u00f8nne L\u00f8ber, en gr\u00f8n forbindelse mellem Thisted by og Baun Plantage. L\u00f8beren er rullet ud, men endnu mangler p\u00e6lene med [&hellip;]\" \/>\n<meta property=\"og:url\" content=\"https:\/\/kunmedierne.dk\/thy\/alt-klar-til-10-oktober-groen-loeber-til-baun-plantage-rulles-ud\/\" \/>\n<meta property=\"og:site_name\" content=\"Thy\" \/>\n<meta property=\"article:published_time\" content=\"2025-10-02T05:24:11+00:00\" \/>\n<meta property=\"article:modified_time\" content=\"2025-10-02T08:26:09+00:00\" \/>\n<meta property=\"og:image\" content=\"https:\/\/kunmedierne.dk\/thy\/wp-content\/uploads\/sites\/2\/2025\/09\/Design-uden-navn-2025-09-22T120957.308.jpg\" \/>\n<meta name=\"author\" content=\"Jens Fogh Andersen\" \/>\n<meta name=\"twitter:card\" content=\"summary_large_image\" \/>\n<meta name=\"twitter:label1\" content=\"Skrevet af\" \/>\n\t<meta name=\"twitter:data1\" content=\"Jens Fogh Andersen\" \/>\n\t<meta name=\"twitter:label2\" content=\"Estimeret l\u00e6setid\" \/>\n\t<meta name=\"twitter:data2\" content=\"4 minutter\" \/>\n<script type=\"application\/ld+json\" class=\"yoast-schema-graph\">{\"@context\":\"https:\/\/schema.org\",\"@graph\":[{\"@type\":\"Article\",\"@id\":\"https:\/\/kunmedierne.dk\/thy\/alt-klar-til-10-oktober-groen-loeber-til-baun-plantage-rulles-ud\/#article\",\"isPartOf\":{\"@id\":\"https:\/\/kunmedierne.dk\/thy\/alt-klar-til-10-oktober-groen-loeber-til-baun-plantage-rulles-ud\/\"},\"author\":{\"name\":\"Jens Fogh Andersen\",\"@id\":\"https:\/\/kunmedierne.dk\/thy\/#\/schema\/person\/88f5be46809ca2a5533760eb574fef93\"},\"headline\":\"Alt klar til 10. oktober: Gr\u00f8n l\u00f8ber til Baun Plantage rulles ud\",\"datePublished\":\"2025-10-02T05:24:11+00:00\",\"dateModified\":\"2025-10-02T08:26:09+00:00\",\"mainEntityOfPage\":{\"@id\":\"https:\/\/kunmedierne.dk\/thy\/alt-klar-til-10-oktober-groen-loeber-til-baun-plantage-rulles-ud\/\"},\"wordCount\":681,\"publisher\":{\"@id\":\"https:\/\/kunmedierne.dk\/thy\/#organization\"},\"image\":{\"@id\":\"https:\/\/kunmedierne.dk\/thy\/alt-klar-til-10-oktober-groen-loeber-til-baun-plantage-rulles-ud\/#primaryimage\"},\"thumbnailUrl\":\"https:\/\/kunmedierne.dk\/thy\/wp-content\/uploads\/sites\/2\/2025\/09\/Design-uden-navn-2025-09-22T120957.308.jpg\",\"keywords\":[\"Fritid\",\"Natur\",\"Sundhed\"],\"articleSection\":[\"Lokalt\"],\"inLanguage\":\"da-DK\"},{\"@type\":\"WebPage\",\"@id\":\"https:\/\/kunmedierne.dk\/thy\/alt-klar-til-10-oktober-groen-loeber-til-baun-plantage-rulles-ud\/\",\"url\":\"https:\/\/kunmedierne.dk\/thy\/alt-klar-til-10-oktober-groen-loeber-til-baun-plantage-rulles-ud\/\",\"name\":\"Alt klar til 10. oktober: Gr\u00f8n l\u00f8ber til Baun Plantage rulles ud - Thy\",\"isPartOf\":{\"@id\":\"https:\/\/kunmedierne.dk\/thy\/#website\"},\"primaryImageOfPage\":{\"@id\":\"https:\/\/kunmedierne.dk\/thy\/alt-klar-til-10-oktober-groen-loeber-til-baun-plantage-rulles-ud\/#primaryimage\"},\"image\":{\"@id\":\"https:\/\/kunmedierne.dk\/thy\/alt-klar-til-10-oktober-groen-loeber-til-baun-plantage-rulles-ud\/#primaryimage\"},\"thumbnailUrl\":\"https:\/\/kunmedierne.dk\/thy\/wp-content\/uploads\/sites\/2\/2025\/09\/Design-uden-navn-2025-09-22T120957.308.jpg\",\"datePublished\":\"2025-10-02T05:24:11+00:00\",\"dateModified\":\"2025-10-02T08:26:09+00:00\",\"breadcrumb\":{\"@id\":\"https:\/\/kunmedierne.dk\/thy\/alt-klar-til-10-oktober-groen-loeber-til-baun-plantage-rulles-ud\/#breadcrumb\"},\"inLanguage\":\"da-DK\",\"potentialAction\":[{\"@type\":\"ReadAction\",\"target\":[\"https:\/\/kunmedierne.dk\/thy\/alt-klar-til-10-oktober-groen-loeber-til-baun-plantage-rulles-ud\/\"]}]},{\"@type\":\"ImageObject\",\"inLanguage\":\"da-DK\",\"@id\":\"https:\/\/kunmedierne.dk\/thy\/alt-klar-til-10-oktober-groen-loeber-til-baun-plantage-rulles-ud\/#primaryimage\",\"url\":\"https:\/\/kunmedierne.dk\/thy\/wp-content\/uploads\/sites\/2\/2025\/09\/Design-uden-navn-2025-09-22T120957.308.jpg\",\"contentUrl\":\"https:\/\/kunmedierne.dk\/thy\/wp-content\/uploads\/sites\/2\/2025\/09\/Design-uden-navn-2025-09-22T120957.308.jpg\",\"width\":1232,\"height\":821},{\"@type\":\"BreadcrumbList\",\"@id\":\"https:\/\/kunmedierne.dk\/thy\/alt-klar-til-10-oktober-groen-loeber-til-baun-plantage-rulles-ud\/#breadcrumb\",\"itemListElement\":[{\"@type\":\"ListItem\",\"position\":1,\"name\":\"Home\",\"item\":\"https:\/\/kunmedierne.dk\/thy\/\"},{\"@type\":\"ListItem\",\"position\":2,\"name\":\"Alt klar til 10. oktober: Gr\u00f8n l\u00f8ber til Baun Plantage rulles ud\"}]},{\"@type\":\"WebSite\",\"@id\":\"https:\/\/kunmedierne.dk\/thy\/#website\",\"url\":\"https:\/\/kunmedierne.dk\/thy\/\",\"name\":\"Thy\",\"description\":\"et netmedie med journalistik om livet i Thy\",\"publisher\":{\"@id\":\"https:\/\/kunmedierne.dk\/thy\/#organization\"},\"potentialAction\":[{\"@type\":\"SearchAction\",\"target\":{\"@type\":\"EntryPoint\",\"urlTemplate\":\"https:\/\/kunmedierne.dk\/thy\/?s={search_term_string}\"},\"query-input\":{\"@type\":\"PropertyValueSpecification\",\"valueRequired\":true,\"valueName\":\"search_term_string\"}}],\"inLanguage\":\"da-DK\"},{\"@type\":\"Organization\",\"@id\":\"https:\/\/kunmedierne.dk\/thy\/#organization\",\"name\":\"Thy\",\"url\":\"https:\/\/kunmedierne.dk\/thy\/\",\"logo\":{\"@type\":\"ImageObject\",\"inLanguage\":\"da-DK\",\"@id\":\"https:\/\/kunmedierne.dk\/thy\/#\/schema\/logo\/image\/\",\"url\":\"https:\/\/kunmedierne.dk\/thy\/wp-content\/uploads\/sites\/2\/2025\/04\/kunthy-logo.svg\",\"contentUrl\":\"https:\/\/kunmedierne.dk\/thy\/wp-content\/uploads\/sites\/2\/2025\/04\/kunthy-logo.svg\",\"caption\":\"Thy\"},\"image\":{\"@id\":\"https:\/\/kunmedierne.dk\/thy\/#\/schema\/logo\/image\/\"}},{\"@type\":\"Person\",\"@id\":\"https:\/\/kunmedierne.dk\/thy\/#\/schema\/person\/88f5be46809ca2a5533760eb574fef93\",\"name\":\"Jens Fogh Andersen\",\"image\":{\"@type\":\"ImageObject\",\"inLanguage\":\"da-DK\",\"@id\":\"https:\/\/kunmedierne.dk\/thy\/#\/schema\/person\/image\/\",\"url\":\"https:\/\/secure.gravatar.com\/avatar\/2b367a4ef139b1c41dccc9ee7af926b81f8b4cca3359772e86c7fd5ced26c0a3?s=96&d=mm&r=g\",\"contentUrl\":\"https:\/\/secure.gravatar.com\/avatar\/2b367a4ef139b1c41dccc9ee7af926b81f8b4cca3359772e86c7fd5ced26c0a3?s=96&d=mm&r=g\",\"caption\":\"Jens Fogh Andersen\"},\"url\":\"https:\/\/kunmedierne.dk\/thy\/author\/jfa\/\"}]}<\/script>\n<!-- \/ Yoast SEO plugin. -->","yoast_head_json":{"title":"Alt klar til 10. oktober: Gr\u00f8n l\u00f8ber til Baun Plantage rulles ud - Thy","robots":{"index":"index","follow":"follow","max-snippet":"max-snippet:-1","max-image-preview":"max-image-preview:large","max-video-preview":"max-video-preview:-1"},"canonical":"https:\/\/kunmedierne.dk\/thy\/alt-klar-til-10-oktober-groen-loeber-til-baun-plantage-rulles-ud\/","og_locale":"da_DK","og_type":"article","og_title":"Alt klar til 10. oktober: Gr\u00f8n l\u00f8ber til Baun Plantage rulles ud - Thy","og_description":"Artiklen er opdateret 02-10-25 kl. 10.25 med oplysning om flere samarbejdspartnere i sti-projektet. THISTED:\u00a0F\u00f8rst kom Tingstrup S\u00f8 som et nyt, gr\u00f8nt og byn\u00e6rt rekreativt omr\u00e5de og nu bliver s\u00f8en et af flere stop p\u00e5 Den Gr\u00f8nne L\u00f8ber, en gr\u00f8n forbindelse mellem Thisted by og Baun Plantage. L\u00f8beren er rullet ud, men endnu mangler p\u00e6lene med [&hellip;]","og_url":"https:\/\/kunmedierne.dk\/thy\/alt-klar-til-10-oktober-groen-loeber-til-baun-plantage-rulles-ud\/","og_site_name":"Thy","article_published_time":"2025-10-02T05:24:11+00:00","article_modified_time":"2025-10-02T08:26:09+00:00","og_image":[{"url":"https:\/\/kunmedierne.dk\/thy\/wp-content\/uploads\/sites\/2\/2025\/09\/Design-uden-navn-2025-09-22T120957.308.jpg","type":"","width":"","height":""}],"author":"Jens Fogh Andersen","twitter_card":"summary_large_image","twitter_misc":{"Skrevet af":"Jens Fogh Andersen","Estimeret l\u00e6setid":"4 minutter"},"schema":{"@context":"https:\/\/schema.org","@graph":[{"@type":"Article","@id":"https:\/\/kunmedierne.dk\/thy\/alt-klar-til-10-oktober-groen-loeber-til-baun-plantage-rulles-ud\/#article","isPartOf":{"@id":"https:\/\/kunmedierne.dk\/thy\/alt-klar-til-10-oktober-groen-loeber-til-baun-plantage-rulles-ud\/"},"author":{"name":"Jens Fogh Andersen","@id":"https:\/\/kunmedierne.dk\/thy\/#\/schema\/person\/88f5be46809ca2a5533760eb574fef93"},"headline":"Alt klar til 10. oktober: Gr\u00f8n l\u00f8ber til Baun Plantage rulles ud","datePublished":"2025-10-02T05:24:11+00:00","dateModified":"2025-10-02T08:26:09+00:00","mainEntityOfPage":{"@id":"https:\/\/kunmedierne.dk\/thy\/alt-klar-til-10-oktober-groen-loeber-til-baun-plantage-rulles-ud\/"},"wordCount":681,"publisher":{"@id":"https:\/\/kunmedierne.dk\/thy\/#organization"},"image":{"@id":"https:\/\/kunmedierne.dk\/thy\/alt-klar-til-10-oktober-groen-loeber-til-baun-plantage-rulles-ud\/#primaryimage"},"thumbnailUrl":"https:\/\/kunmedierne.dk\/thy\/wp-content\/uploads\/sites\/2\/2025\/09\/Design-uden-navn-2025-09-22T120957.308.jpg","keywords":["Fritid","Natur","Sundhed"],"articleSection":["Lokalt"],"inLanguage":"da-DK"},{"@type":"WebPage","@id":"https:\/\/kunmedierne.dk\/thy\/alt-klar-til-10-oktober-groen-loeber-til-baun-plantage-rulles-ud\/","url":"https:\/\/kunmedierne.dk\/thy\/alt-klar-til-10-oktober-groen-loeber-til-baun-plantage-rulles-ud\/","name":"Alt klar til 10. oktober: Gr\u00f8n l\u00f8ber til Baun Plantage rulles ud - Thy","isPartOf":{"@id":"https:\/\/kunmedierne.dk\/thy\/#website"},"primaryImageOfPage":{"@id":"https:\/\/kunmedierne.dk\/thy\/alt-klar-til-10-oktober-groen-loeber-til-baun-plantage-rulles-ud\/#primaryimage"},"image":{"@id":"https:\/\/kunmedierne.dk\/thy\/alt-klar-til-10-oktober-groen-loeber-til-baun-plantage-rulles-ud\/#primaryimage"},"thumbnailUrl":"https:\/\/kunmedierne.dk\/thy\/wp-content\/uploads\/sites\/2\/2025\/09\/Design-uden-navn-2025-09-22T120957.308.jpg","datePublished":"2025-10-02T05:24:11+00:00","dateModified":"2025-10-02T08:26:09+00:00","breadcrumb":{"@id":"https:\/\/kunmedierne.dk\/thy\/alt-klar-til-10-oktober-groen-loeber-til-baun-plantage-rulles-ud\/#breadcrumb"},"inLanguage":"da-DK","potentialAction":[{"@type":"ReadAction","target":["https:\/\/kunmedierne.dk\/thy\/alt-klar-til-10-oktober-groen-loeber-til-baun-plantage-rulles-ud\/"]}]},{"@type":"ImageObject","inLanguage":"da-DK","@id":"https:\/\/kunmedierne.dk\/thy\/alt-klar-til-10-oktober-groen-loeber-til-baun-plantage-rulles-ud\/#primaryimage","url":"https:\/\/kunmedierne.dk\/thy\/wp-content\/uploads\/sites\/2\/2025\/09\/Design-uden-navn-2025-09-22T120957.308.jpg","contentUrl":"https:\/\/kunmedierne.dk\/thy\/wp-content\/uploads\/sites\/2\/2025\/09\/Design-uden-navn-2025-09-22T120957.308.jpg","width":1232,"height":821},{"@type":"BreadcrumbList","@id":"https:\/\/kunmedierne.dk\/thy\/alt-klar-til-10-oktober-groen-loeber-til-baun-plantage-rulles-ud\/#breadcrumb","itemListElement":[{"@type":"ListItem","position":1,"name":"Home","item":"https:\/\/kunmedierne.dk\/thy\/"},{"@type":"ListItem","position":2,"name":"Alt klar til 10. oktober: Gr\u00f8n l\u00f8ber til Baun Plantage rulles ud"}]},{"@type":"WebSite","@id":"https:\/\/kunmedierne.dk\/thy\/#website","url":"https:\/\/kunmedierne.dk\/thy\/","name":"Thy","description":"et netmedie med journalistik om livet i Thy","publisher":{"@id":"https:\/\/kunmedierne.dk\/thy\/#organization"},"potentialAction":[{"@type":"SearchAction","target":{"@type":"EntryPoint","urlTemplate":"https:\/\/kunmedierne.dk\/thy\/?s={search_term_string}"},"query-input":{"@type":"PropertyValueSpecification","valueRequired":true,"valueName":"search_term_string"}}],"inLanguage":"da-DK"},{"@type":"Organization","@id":"https:\/\/kunmedierne.dk\/thy\/#organization","name":"Thy","url":"https:\/\/kunmedierne.dk\/thy\/","logo":{"@type":"ImageObject","inLanguage":"da-DK","@id":"https:\/\/kunmedierne.dk\/thy\/#\/schema\/logo\/image\/","url":"https:\/\/kunmedierne.dk\/thy\/wp-content\/uploads\/sites\/2\/2025\/04\/kunthy-logo.svg","contentUrl":"https:\/\/kunmedierne.dk\/thy\/wp-content\/uploads\/sites\/2\/2025\/04\/kunthy-logo.svg","caption":"Thy"},"image":{"@id":"https:\/\/kunmedierne.dk\/thy\/#\/schema\/logo\/image\/"}},{"@type":"Person","@id":"https:\/\/kunmedierne.dk\/thy\/#\/schema\/person\/88f5be46809ca2a5533760eb574fef93","name":"Jens Fogh Andersen","image":{"@type":"ImageObject","inLanguage":"da-DK","@id":"https:\/\/kunmedierne.dk\/thy\/#\/schema\/person\/image\/","url":"https:\/\/secure.gravatar.com\/avatar\/2b367a4ef139b1c41dccc9ee7af926b81f8b4cca3359772e86c7fd5ced26c0a3?s=96&d=mm&r=g","contentUrl":"https:\/\/secure.gravatar.com\/avatar\/2b367a4ef139b1c41dccc9ee7af926b81f8b4cca3359772e86c7fd5ced26c0a3?s=96&d=mm&r=g","caption":"Jens Fogh Andersen"},"url":"https:\/\/kunmedierne.dk\/thy\/author\/jfa\/"}]}},"_links":{"self":[{"href":"https:\/\/kunmedierne.dk\/thy\/wp-json\/wp\/v2\/posts\/10833","targetHints":{"allow":["GET"]}}],"collection":[{"href":"https:\/\/kunmedierne.dk\/thy\/wp-json\/wp\/v2\/posts"}],"about":[{"href":"https:\/\/kunmedierne.dk\/thy\/wp-json\/wp\/v2\/types\/post"}],"author":[{"embeddable":true,"href":"https:\/\/kunmedierne.dk\/thy\/wp-json\/wp\/v2\/users\/4535"}],"replies":[{"embeddable":true,"href":"https:\/\/kunmedierne.dk\/thy\/wp-json\/wp\/v2\/comments?post=10833"}],"version-history":[{"count":14,"href":"https:\/\/kunmedierne.dk\/thy\/wp-json\/wp\/v2\/posts\/10833\/revisions"}],"predecessor-version":[{"id":10898,"href":"https:\/\/kunmedierne.dk\/thy\/wp-json\/wp\/v2\/posts\/10833\/revisions\/10898"}],"wp:attachment":[{"href":"https:\/\/kunmedierne.dk\/thy\/wp-json\/wp\/v2\/media?parent=10833"}],"wp:term":[{"taxonomy":"category","embeddable":true,"href":"https:\/\/kunmedierne.dk\/thy\/wp-json\/wp\/v2\/categories?post=10833"},{"taxonomy":"post_tag","embeddable":true,"href":"https:\/\/kunmedierne.dk\/thy\/wp-json\/wp\/v2\/tags?post=10833"}],"curies":[{"name":"wp","href":"https:\/\/api.w.org\/{rel}","templated":true}]}}