{"id":10784,"date":"2025-10-01T18:38:33","date_gmt":"2025-10-01T16:38:33","guid":{"rendered":"https:\/\/kunmedierne.dk\/thy\/?p=10784"},"modified":"2025-10-01T18:39:59","modified_gmt":"2025-10-01T16:39:59","slug":"1634-patienter-i-froestrup-har-et-problem-laegen-er-syg-og-vil-ophoere-med-sin-praksis","status":"publish","type":"post","link":"https:\/\/kunmedierne.dk\/thy\/1634-patienter-i-froestrup-har-et-problem-laegen-er-syg-og-vil-ophoere-med-sin-praksis\/","title":{"rendered":"1634 patienter i Fr\u00f8strup har et problem: L\u00e6gen er syg og vil oph\u00f8re med sin praksis"},"content":{"rendered":"<p><strong>FR\u00d8STRUP:<\/strong> F\u00f8rste marts i \u00e5r overtog l\u00e6ge Kim David Villadsen l\u00e6geklinikken i Fr\u00f8strup, som siden 2019 har haft til huse i lokaler p\u00e5 plejecenter Trye.<\/p>\n<p>&#8220;Vi er meget glade for, at Kim David Villadsen har lyst til at sikre den fremtidige l\u00e6gedrift i omr\u00e5det, og vi ser frem til samarbejdet&#8221;. S\u00e5dan l\u00f8d det dengang i en pressemeddelelse fra Pia Buus Pinstrup (K), formand for Udvalget for Det N\u00e6re Sundhedsv\u00e6sen i Region Nordjylland.<\/p>\n<a class=\"dvrt-link\" onClick=\"cdmtrack_click(687,jQuery(this));return false\" href=\"https:\/\/konpap.dk\/?gad_source=1&gclid=Cj0KCQjwtJ6_BhDWARIsAGanmKfOBLC3RBm6obWL5sEb-mp4bsp5QjqWW4j4nx22y0YT2iMiXJcv3MoaApR_EALw_wcB\"><img decoding=\"async\" style=\"width:100%;\" src=\"https:\/\/kunmedierne.dk\/thy\/wp-content\/uploads\/sites\/2\/2025\/03\/redoffice.jpg\"><\/a><script>cdmtrack_view(687);<\/script>\n<p>Nu, godt et halvt \u00e5r senere er der tvivl om l\u00e6gebetjeningen i Fr\u00f8strup og omegn, hvor 1634 patienter &#8211; tallet fremg\u00e5r af udvalgets dagsorden til m\u00f8det 3. september i \u00e5r &#8211; er tilknyttet den en mands betjente praksis p\u00e5 Trye. Her fremg\u00e5r det nemlig af teksten p\u00e5 en seddel i d\u00f8ren ind til klinikken, at l\u00e6gen er syg.<\/p>\n<p>Derfor, fremg\u00e5r det, skal folk med akut behov for l\u00e6gehj\u00e6lp kontakte et andet l\u00e6gehus eller efter klokken 16 ringe til vagtl\u00e6gen. Andre patienter, som ikke har en forudg\u00e5ende aftale med l\u00e6gen, henvises til at ringe til regionsklinikken i Fjerritslev.<\/p>\n<div id=\"attachment_10785\" style=\"width: 1242px\" class=\"wp-caption alignnone\"><img loading=\"lazy\" decoding=\"async\" aria-describedby=\"caption-attachment-10785\" class=\"wp-image-10785 size-full\" src=\"https:\/\/kunmedierne.dk\/thy\/wp-content\/uploads\/sites\/2\/2025\/09\/Design-uden-navn-2025-09-30T153837.961.jpg\" alt=\"\" width=\"1232\" height=\"821\" srcset=\"https:\/\/kunmedierne.dk\/thy\/wp-content\/uploads\/sites\/2\/2025\/09\/Design-uden-navn-2025-09-30T153837.961.jpg 1232w, https:\/\/kunmedierne.dk\/thy\/wp-content\/uploads\/sites\/2\/2025\/09\/Design-uden-navn-2025-09-30T153837.961-300x200.jpg 300w, https:\/\/kunmedierne.dk\/thy\/wp-content\/uploads\/sites\/2\/2025\/09\/Design-uden-navn-2025-09-30T153837.961-1024x682.jpg 1024w, https:\/\/kunmedierne.dk\/thy\/wp-content\/uploads\/sites\/2\/2025\/09\/Design-uden-navn-2025-09-30T153837.961-510x340.jpg 510w\" sizes=\"auto, (max-width: 1232px) 100vw, 1232px\" \/><p id=\"caption-attachment-10785\" class=\"wp-caption-text\">Kontakt et andet l\u00e6gehus eller ring til vagtl\u00e6gen, fremg\u00e5r det det af opslaget i d\u00f8ren til klinikken &#8211; eller ring 112 ved pludselig opst\u00e5et sygdom. Privatfoto<\/p><\/div>\n<p>&nbsp;<\/p>\n<p>L\u00e6gens sygemelding er imidlertid ikke den eneste udfordring. Allerede 12. august varslede Kim Villadsen Region Nordjylland om at han \u00f8nskede at oph\u00f8re med sin praksis i Fr\u00f8strup pr. 1. marts 2026, men gjorde samtidig opm\u00e6rksom p\u00e5, at han gerne ville oph\u00f8re f\u00f8r den dato. Derfor afgav han dispostionsretten over ydernummeret til regionen.<\/p>\n<p>Ydernummeret blev derfor annonceret ledigt i begyndelsen af september med henblik p\u00e5 at indhente tilbud fra praktiserende l\u00e6ger, som \u00f8nsker at drive klinikken videre p\u00e5 almindelige overenskomstm\u00e6ssige vilk\u00e5r, fremg\u00e5r det af sagsfremstillingen til regionens udvalg for det n\u00e6re sundhedsv\u00e6sen, som havde sagen p\u00e5 dagsordenen til sit m\u00f8de 3. september.<\/p>\n<a class=\"dvrt-link\" onClick=\"cdmtrack_click(18790,jQuery(this));return false\" href=\"https:\/\/thymors.dk\/sponsorater\/15-til-faellesskabet?utm_source=kunthy&amp;utm_medium=annonce&amp;utm_campaign=sponsorater\"><img decoding=\"async\" style=\"width:100%;\" src=\"https:\/\/kunmedierne.dk\/thy\/wp-content\/uploads\/sites\/2\/2026\/03\/260407ThyMors-energi_faellesskab_generel-1.jpg\"><\/a><script>cdmtrack_view(18790);<\/script>\n<p>Nu har udvalget igen haft l\u00e6ged\u00e6kningen i Fr\u00f8strup p\u00e5 dagsordenen til m\u00f8det 1. oktober.<\/p>\n<p>&#8211; Situationen er mega \u00e6rgerlig. Der er langt til l\u00e6gen for dem, der bor i omr\u00e5det, men vi skal nok finde en ny l\u00e6ge. Vi fastholder ydernummeret i Fr\u00f8strup, siger Pia Buus Pinstrup efter udvalgets m\u00f8de.<\/p>\n<p>Med tanke for, at det kun er godt et halvt \u00e5r siden, at der kom en ny l\u00e6ge i klinikken konstaterer udvalgsformanden, at hun ikke kan huske en situation, hvor en l\u00e6ge efter s\u00e5 kort tid \u00f8nsker at oph\u00f8re med sin praksis.<\/p>\n<div id=\"attachment_10878\" style=\"width: 1242px\" class=\"wp-caption alignnone\"><img loading=\"lazy\" decoding=\"async\" aria-describedby=\"caption-attachment-10878\" class=\"wp-image-10878 size-full\" src=\"https:\/\/kunmedierne.dk\/thy\/wp-content\/uploads\/sites\/2\/2025\/10\/Design-uden-navn-2025-10-01T174702.453.jpg\" alt=\"\" width=\"1232\" height=\"821\" srcset=\"https:\/\/kunmedierne.dk\/thy\/wp-content\/uploads\/sites\/2\/2025\/10\/Design-uden-navn-2025-10-01T174702.453.jpg 1232w, https:\/\/kunmedierne.dk\/thy\/wp-content\/uploads\/sites\/2\/2025\/10\/Design-uden-navn-2025-10-01T174702.453-300x200.jpg 300w, https:\/\/kunmedierne.dk\/thy\/wp-content\/uploads\/sites\/2\/2025\/10\/Design-uden-navn-2025-10-01T174702.453-1024x682.jpg 1024w, https:\/\/kunmedierne.dk\/thy\/wp-content\/uploads\/sites\/2\/2025\/10\/Design-uden-navn-2025-10-01T174702.453-510x340.jpg 510w\" sizes=\"auto, (max-width: 1232px) 100vw, 1232px\" \/><p id=\"caption-attachment-10878\" class=\"wp-caption-text\">Pia Buus Pinstrup kalder situationen mega \u00e6rgerlig. Der er langt til l\u00e6gen for dem, der bor i omr\u00e5det, men vi skal nok finde en ny l\u00e6ge, siger hun. Foto: Region Nordjylland.<\/p><\/div>\n<p>&nbsp;<\/p>\n<p>&#8211; Selvf\u00f8lgelig er vi tr\u00e6tte af den situation, vi st\u00e5r i, siger Pia Buus Pinstrup, for til trods for, at regionen har annonceret, at der er et ledigt ydernummer i Fr\u00f8strup, som kan overtages af en anden praktiserende l\u00e6ge senest 1. marts n\u00e6ste \u00e5r, har ingen vist interesse for at g\u00f8re det. I hvert fald ikke fra den dato.<\/p>\n<p>&#8211; Vi har f\u00e5et en interessetilkendegivelse, men med en senere overtagelse, siger udvalgsformanden og understreger, at hun er meget optaget af, at ydernummeret i Fr\u00f8trup opretholdes.<\/p>\n<p>&#8211; Finder vi ikke en l\u00e6ge, der vil overtage klinikken senest 1. marts n\u00e6ste \u00e5r, bliver den f\u00f8rt videre som en regionsklinik, siger Pia Buus Pinstrup.<\/p>\n<a class=\"dvrt-link\" onClick=\"cdmtrack_click(689,jQuery(this));return false\" href=\"https:\/\/www.thistedbolig.dk\"><img decoding=\"async\" style=\"width:100%;\" src=\"https:\/\/kunmedierne.dk\/thy\/wp-content\/uploads\/sites\/2\/2025\/03\/260414ThistedBoligApril-opslag-002-1.jpg\"><\/a><script>cdmtrack_view(689);<\/script>\n<p>P\u00e5 den korte bane er l\u00e6gens sygemelding \u00e5rsag til bekymring i lokalomr\u00e5det, hvor flere har konstateret, at der ikke er mulighed for at se en l\u00e6ge p\u00e5 klinikken og at der er langt til andre l\u00e6ger, hvor det kan v\u00e6re sv\u00e6rt at f\u00e5 en tid.<\/p>\n<p>&#8211; Bliver en praktiserende l\u00e6ge syg, er det den almindelige arbejdsgang, at l\u00e6gen selv finder en vikar, der kan tage over eller laver en aftale med en eller flere andre praksisser, der kan d\u00e6kke ind under sygdom. En l\u00e6gepraksis er l\u00e6gens egen forretning, s\u00e5 regionen kan ikke g\u00e5 ind og overtage, s\u00e5 l\u00e6nge l\u00e6gen har sit ydernummer. S\u00e5 er l\u00e6gen syg, er det hans ansvar at finde en afl\u00f8ser, indtil han er rask, siger Pia Buus Pinstrup.<\/p>\n<p>Det har ikke v\u00e6ret muligt at f\u00e5 kontakt til den sygemeldte l\u00e6ge, men til TV MidtVest oplyser han, at han ikke vil kommentere p\u00e5, hvorfor han opgiver sin klinik og heller ikke p\u00e5, hvordan l\u00e6ged\u00e6kningen for borgerne i Fr\u00f8strup bliver frem mod 1. marts n\u00e6ste \u00e5r.<\/p>\n","protected":false},"excerpt":{"rendered":"<p>FR\u00d8STRUP: F\u00f8rste marts i \u00e5r overtog l\u00e6ge Kim David Villadsen l\u00e6geklinikken i Fr\u00f8strup, som siden 2019 har haft til huse i lokaler p\u00e5 plejecenter Trye. &#8220;Vi er meget glade for, at Kim David Villadsen har lyst til at sikre den fremtidige l\u00e6gedrift i omr\u00e5det, og vi ser frem til samarbejdet&#8221;. S\u00e5dan l\u00f8d det dengang i [&hellip;]<\/p>\n","protected":false},"author":4535,"featured_media":0,"comment_status":"closed","ping_status":"closed","sticky":false,"template":"","format":"standard","meta":{"_acf_changed":false,"footnotes":""},"categories":[24],"tags":[47],"class_list":["post-10784","post","type-post","status-publish","format-standard","hentry","category-lokalt","tag-sundhed"],"acf":[],"yoast_head":"<!-- This site is optimized with the Yoast SEO plugin v26.8 - https:\/\/yoast.com\/product\/yoast-seo-wordpress\/ -->\n<title>1634 patienter i Fr\u00f8strup har et problem: L\u00e6gen er syg og vil oph\u00f8re med sin praksis - Thy<\/title>\n<meta name=\"robots\" content=\"index, follow, max-snippet:-1, max-image-preview:large, max-video-preview:-1\" \/>\n<link rel=\"canonical\" href=\"https:\/\/kunmedierne.dk\/thy\/1634-patienter-i-froestrup-har-et-problem-laegen-er-syg-og-vil-ophoere-med-sin-praksis\/\" \/>\n<meta property=\"og:locale\" content=\"da_DK\" \/>\n<meta property=\"og:type\" content=\"article\" \/>\n<meta property=\"og:title\" content=\"1634 patienter i Fr\u00f8strup har et problem: L\u00e6gen er syg og vil oph\u00f8re med sin praksis - Thy\" \/>\n<meta property=\"og:description\" content=\"FR\u00d8STRUP: F\u00f8rste marts i \u00e5r overtog l\u00e6ge Kim David Villadsen l\u00e6geklinikken i Fr\u00f8strup, som siden 2019 har haft til huse i lokaler p\u00e5 plejecenter Trye. &#8220;Vi er meget glade for, at Kim David Villadsen har lyst til at sikre den fremtidige l\u00e6gedrift i omr\u00e5det, og vi ser frem til samarbejdet&#8221;. S\u00e5dan l\u00f8d det dengang i [&hellip;]\" \/>\n<meta property=\"og:url\" content=\"https:\/\/kunmedierne.dk\/thy\/1634-patienter-i-froestrup-har-et-problem-laegen-er-syg-og-vil-ophoere-med-sin-praksis\/\" \/>\n<meta property=\"og:site_name\" content=\"Thy\" \/>\n<meta property=\"article:published_time\" content=\"2025-10-01T16:38:33+00:00\" \/>\n<meta property=\"article:modified_time\" content=\"2025-10-01T16:39:59+00:00\" \/>\n<meta property=\"og:image\" content=\"https:\/\/kunmedierne.dk\/thy\/wp-content\/uploads\/sites\/2\/2025\/09\/Design-uden-navn-2025-09-30T153837.961.jpg\" \/>\n<meta name=\"author\" content=\"Jens Fogh Andersen\" \/>\n<meta name=\"twitter:card\" content=\"summary_large_image\" \/>\n<meta name=\"twitter:label1\" content=\"Skrevet af\" \/>\n\t<meta name=\"twitter:data1\" content=\"Jens Fogh Andersen\" \/>\n\t<meta name=\"twitter:label2\" content=\"Estimeret l\u00e6setid\" \/>\n\t<meta name=\"twitter:data2\" content=\"5 minutter\" \/>\n<script type=\"application\/ld+json\" class=\"yoast-schema-graph\">{\"@context\":\"https:\/\/schema.org\",\"@graph\":[{\"@type\":\"Article\",\"@id\":\"https:\/\/kunmedierne.dk\/thy\/1634-patienter-i-froestrup-har-et-problem-laegen-er-syg-og-vil-ophoere-med-sin-praksis\/#article\",\"isPartOf\":{\"@id\":\"https:\/\/kunmedierne.dk\/thy\/1634-patienter-i-froestrup-har-et-problem-laegen-er-syg-og-vil-ophoere-med-sin-praksis\/\"},\"author\":{\"name\":\"Jens Fogh Andersen\",\"@id\":\"https:\/\/kunmedierne.dk\/thy\/#\/schema\/person\/88f5be46809ca2a5533760eb574fef93\"},\"headline\":\"1634 patienter i Fr\u00f8strup har et problem: L\u00e6gen er syg og vil oph\u00f8re med sin praksis\",\"datePublished\":\"2025-10-01T16:38:33+00:00\",\"dateModified\":\"2025-10-01T16:39:59+00:00\",\"mainEntityOfPage\":{\"@id\":\"https:\/\/kunmedierne.dk\/thy\/1634-patienter-i-froestrup-har-et-problem-laegen-er-syg-og-vil-ophoere-med-sin-praksis\/\"},\"wordCount\":816,\"publisher\":{\"@id\":\"https:\/\/kunmedierne.dk\/thy\/#organization\"},\"image\":{\"@id\":\"https:\/\/kunmedierne.dk\/thy\/1634-patienter-i-froestrup-har-et-problem-laegen-er-syg-og-vil-ophoere-med-sin-praksis\/#primaryimage\"},\"thumbnailUrl\":\"https:\/\/kunmedierne.dk\/thy\/wp-content\/uploads\/sites\/2\/2025\/09\/Design-uden-navn-2025-09-30T153837.961.jpg\",\"keywords\":[\"Sundhed\"],\"articleSection\":[\"Lokalt\"],\"inLanguage\":\"da-DK\"},{\"@type\":\"WebPage\",\"@id\":\"https:\/\/kunmedierne.dk\/thy\/1634-patienter-i-froestrup-har-et-problem-laegen-er-syg-og-vil-ophoere-med-sin-praksis\/\",\"url\":\"https:\/\/kunmedierne.dk\/thy\/1634-patienter-i-froestrup-har-et-problem-laegen-er-syg-og-vil-ophoere-med-sin-praksis\/\",\"name\":\"1634 patienter i Fr\u00f8strup har et problem: L\u00e6gen er syg og vil oph\u00f8re med sin praksis - Thy\",\"isPartOf\":{\"@id\":\"https:\/\/kunmedierne.dk\/thy\/#website\"},\"primaryImageOfPage\":{\"@id\":\"https:\/\/kunmedierne.dk\/thy\/1634-patienter-i-froestrup-har-et-problem-laegen-er-syg-og-vil-ophoere-med-sin-praksis\/#primaryimage\"},\"image\":{\"@id\":\"https:\/\/kunmedierne.dk\/thy\/1634-patienter-i-froestrup-har-et-problem-laegen-er-syg-og-vil-ophoere-med-sin-praksis\/#primaryimage\"},\"thumbnailUrl\":\"https:\/\/kunmedierne.dk\/thy\/wp-content\/uploads\/sites\/2\/2025\/09\/Design-uden-navn-2025-09-30T153837.961.jpg\",\"datePublished\":\"2025-10-01T16:38:33+00:00\",\"dateModified\":\"2025-10-01T16:39:59+00:00\",\"breadcrumb\":{\"@id\":\"https:\/\/kunmedierne.dk\/thy\/1634-patienter-i-froestrup-har-et-problem-laegen-er-syg-og-vil-ophoere-med-sin-praksis\/#breadcrumb\"},\"inLanguage\":\"da-DK\",\"potentialAction\":[{\"@type\":\"ReadAction\",\"target\":[\"https:\/\/kunmedierne.dk\/thy\/1634-patienter-i-froestrup-har-et-problem-laegen-er-syg-og-vil-ophoere-med-sin-praksis\/\"]}]},{\"@type\":\"ImageObject\",\"inLanguage\":\"da-DK\",\"@id\":\"https:\/\/kunmedierne.dk\/thy\/1634-patienter-i-froestrup-har-et-problem-laegen-er-syg-og-vil-ophoere-med-sin-praksis\/#primaryimage\",\"url\":\"https:\/\/kunmedierne.dk\/thy\/wp-content\/uploads\/sites\/2\/2025\/09\/Design-uden-navn-2025-09-30T153837.961.jpg\",\"contentUrl\":\"https:\/\/kunmedierne.dk\/thy\/wp-content\/uploads\/sites\/2\/2025\/09\/Design-uden-navn-2025-09-30T153837.961.jpg\",\"width\":1232,\"height\":821},{\"@type\":\"BreadcrumbList\",\"@id\":\"https:\/\/kunmedierne.dk\/thy\/1634-patienter-i-froestrup-har-et-problem-laegen-er-syg-og-vil-ophoere-med-sin-praksis\/#breadcrumb\",\"itemListElement\":[{\"@type\":\"ListItem\",\"position\":1,\"name\":\"Home\",\"item\":\"https:\/\/kunmedierne.dk\/thy\/\"},{\"@type\":\"ListItem\",\"position\":2,\"name\":\"1634 patienter i Fr\u00f8strup har et problem: L\u00e6gen er syg og vil oph\u00f8re med sin praksis\"}]},{\"@type\":\"WebSite\",\"@id\":\"https:\/\/kunmedierne.dk\/thy\/#website\",\"url\":\"https:\/\/kunmedierne.dk\/thy\/\",\"name\":\"Thy\",\"description\":\"et netmedie med journalistik om livet i Thy\",\"publisher\":{\"@id\":\"https:\/\/kunmedierne.dk\/thy\/#organization\"},\"potentialAction\":[{\"@type\":\"SearchAction\",\"target\":{\"@type\":\"EntryPoint\",\"urlTemplate\":\"https:\/\/kunmedierne.dk\/thy\/?s={search_term_string}\"},\"query-input\":{\"@type\":\"PropertyValueSpecification\",\"valueRequired\":true,\"valueName\":\"search_term_string\"}}],\"inLanguage\":\"da-DK\"},{\"@type\":\"Organization\",\"@id\":\"https:\/\/kunmedierne.dk\/thy\/#organization\",\"name\":\"Thy\",\"url\":\"https:\/\/kunmedierne.dk\/thy\/\",\"logo\":{\"@type\":\"ImageObject\",\"inLanguage\":\"da-DK\",\"@id\":\"https:\/\/kunmedierne.dk\/thy\/#\/schema\/logo\/image\/\",\"url\":\"https:\/\/kunmedierne.dk\/thy\/wp-content\/uploads\/sites\/2\/2025\/04\/kunthy-logo.svg\",\"contentUrl\":\"https:\/\/kunmedierne.dk\/thy\/wp-content\/uploads\/sites\/2\/2025\/04\/kunthy-logo.svg\",\"caption\":\"Thy\"},\"image\":{\"@id\":\"https:\/\/kunmedierne.dk\/thy\/#\/schema\/logo\/image\/\"}},{\"@type\":\"Person\",\"@id\":\"https:\/\/kunmedierne.dk\/thy\/#\/schema\/person\/88f5be46809ca2a5533760eb574fef93\",\"name\":\"Jens Fogh Andersen\",\"image\":{\"@type\":\"ImageObject\",\"inLanguage\":\"da-DK\",\"@id\":\"https:\/\/kunmedierne.dk\/thy\/#\/schema\/person\/image\/\",\"url\":\"https:\/\/secure.gravatar.com\/avatar\/2b367a4ef139b1c41dccc9ee7af926b81f8b4cca3359772e86c7fd5ced26c0a3?s=96&d=mm&r=g\",\"contentUrl\":\"https:\/\/secure.gravatar.com\/avatar\/2b367a4ef139b1c41dccc9ee7af926b81f8b4cca3359772e86c7fd5ced26c0a3?s=96&d=mm&r=g\",\"caption\":\"Jens Fogh Andersen\"},\"url\":\"https:\/\/kunmedierne.dk\/thy\/author\/jfa\/\"}]}<\/script>\n<!-- \/ Yoast SEO plugin. -->","yoast_head_json":{"title":"1634 patienter i Fr\u00f8strup har et problem: L\u00e6gen er syg og vil oph\u00f8re med sin praksis - Thy","robots":{"index":"index","follow":"follow","max-snippet":"max-snippet:-1","max-image-preview":"max-image-preview:large","max-video-preview":"max-video-preview:-1"},"canonical":"https:\/\/kunmedierne.dk\/thy\/1634-patienter-i-froestrup-har-et-problem-laegen-er-syg-og-vil-ophoere-med-sin-praksis\/","og_locale":"da_DK","og_type":"article","og_title":"1634 patienter i Fr\u00f8strup har et problem: L\u00e6gen er syg og vil oph\u00f8re med sin praksis - Thy","og_description":"FR\u00d8STRUP: F\u00f8rste marts i \u00e5r overtog l\u00e6ge Kim David Villadsen l\u00e6geklinikken i Fr\u00f8strup, som siden 2019 har haft til huse i lokaler p\u00e5 plejecenter Trye. &#8220;Vi er meget glade for, at Kim David Villadsen har lyst til at sikre den fremtidige l\u00e6gedrift i omr\u00e5det, og vi ser frem til samarbejdet&#8221;. S\u00e5dan l\u00f8d det dengang i [&hellip;]","og_url":"https:\/\/kunmedierne.dk\/thy\/1634-patienter-i-froestrup-har-et-problem-laegen-er-syg-og-vil-ophoere-med-sin-praksis\/","og_site_name":"Thy","article_published_time":"2025-10-01T16:38:33+00:00","article_modified_time":"2025-10-01T16:39:59+00:00","og_image":[{"url":"https:\/\/kunmedierne.dk\/thy\/wp-content\/uploads\/sites\/2\/2025\/09\/Design-uden-navn-2025-09-30T153837.961.jpg","type":"","width":"","height":""}],"author":"Jens Fogh Andersen","twitter_card":"summary_large_image","twitter_misc":{"Skrevet af":"Jens Fogh Andersen","Estimeret l\u00e6setid":"5 minutter"},"schema":{"@context":"https:\/\/schema.org","@graph":[{"@type":"Article","@id":"https:\/\/kunmedierne.dk\/thy\/1634-patienter-i-froestrup-har-et-problem-laegen-er-syg-og-vil-ophoere-med-sin-praksis\/#article","isPartOf":{"@id":"https:\/\/kunmedierne.dk\/thy\/1634-patienter-i-froestrup-har-et-problem-laegen-er-syg-og-vil-ophoere-med-sin-praksis\/"},"author":{"name":"Jens Fogh Andersen","@id":"https:\/\/kunmedierne.dk\/thy\/#\/schema\/person\/88f5be46809ca2a5533760eb574fef93"},"headline":"1634 patienter i Fr\u00f8strup har et problem: L\u00e6gen er syg og vil oph\u00f8re med sin praksis","datePublished":"2025-10-01T16:38:33+00:00","dateModified":"2025-10-01T16:39:59+00:00","mainEntityOfPage":{"@id":"https:\/\/kunmedierne.dk\/thy\/1634-patienter-i-froestrup-har-et-problem-laegen-er-syg-og-vil-ophoere-med-sin-praksis\/"},"wordCount":816,"publisher":{"@id":"https:\/\/kunmedierne.dk\/thy\/#organization"},"image":{"@id":"https:\/\/kunmedierne.dk\/thy\/1634-patienter-i-froestrup-har-et-problem-laegen-er-syg-og-vil-ophoere-med-sin-praksis\/#primaryimage"},"thumbnailUrl":"https:\/\/kunmedierne.dk\/thy\/wp-content\/uploads\/sites\/2\/2025\/09\/Design-uden-navn-2025-09-30T153837.961.jpg","keywords":["Sundhed"],"articleSection":["Lokalt"],"inLanguage":"da-DK"},{"@type":"WebPage","@id":"https:\/\/kunmedierne.dk\/thy\/1634-patienter-i-froestrup-har-et-problem-laegen-er-syg-og-vil-ophoere-med-sin-praksis\/","url":"https:\/\/kunmedierne.dk\/thy\/1634-patienter-i-froestrup-har-et-problem-laegen-er-syg-og-vil-ophoere-med-sin-praksis\/","name":"1634 patienter i Fr\u00f8strup har et problem: L\u00e6gen er syg og vil oph\u00f8re med sin praksis - Thy","isPartOf":{"@id":"https:\/\/kunmedierne.dk\/thy\/#website"},"primaryImageOfPage":{"@id":"https:\/\/kunmedierne.dk\/thy\/1634-patienter-i-froestrup-har-et-problem-laegen-er-syg-og-vil-ophoere-med-sin-praksis\/#primaryimage"},"image":{"@id":"https:\/\/kunmedierne.dk\/thy\/1634-patienter-i-froestrup-har-et-problem-laegen-er-syg-og-vil-ophoere-med-sin-praksis\/#primaryimage"},"thumbnailUrl":"https:\/\/kunmedierne.dk\/thy\/wp-content\/uploads\/sites\/2\/2025\/09\/Design-uden-navn-2025-09-30T153837.961.jpg","datePublished":"2025-10-01T16:38:33+00:00","dateModified":"2025-10-01T16:39:59+00:00","breadcrumb":{"@id":"https:\/\/kunmedierne.dk\/thy\/1634-patienter-i-froestrup-har-et-problem-laegen-er-syg-og-vil-ophoere-med-sin-praksis\/#breadcrumb"},"inLanguage":"da-DK","potentialAction":[{"@type":"ReadAction","target":["https:\/\/kunmedierne.dk\/thy\/1634-patienter-i-froestrup-har-et-problem-laegen-er-syg-og-vil-ophoere-med-sin-praksis\/"]}]},{"@type":"ImageObject","inLanguage":"da-DK","@id":"https:\/\/kunmedierne.dk\/thy\/1634-patienter-i-froestrup-har-et-problem-laegen-er-syg-og-vil-ophoere-med-sin-praksis\/#primaryimage","url":"https:\/\/kunmedierne.dk\/thy\/wp-content\/uploads\/sites\/2\/2025\/09\/Design-uden-navn-2025-09-30T153837.961.jpg","contentUrl":"https:\/\/kunmedierne.dk\/thy\/wp-content\/uploads\/sites\/2\/2025\/09\/Design-uden-navn-2025-09-30T153837.961.jpg","width":1232,"height":821},{"@type":"BreadcrumbList","@id":"https:\/\/kunmedierne.dk\/thy\/1634-patienter-i-froestrup-har-et-problem-laegen-er-syg-og-vil-ophoere-med-sin-praksis\/#breadcrumb","itemListElement":[{"@type":"ListItem","position":1,"name":"Home","item":"https:\/\/kunmedierne.dk\/thy\/"},{"@type":"ListItem","position":2,"name":"1634 patienter i Fr\u00f8strup har et problem: L\u00e6gen er syg og vil oph\u00f8re med sin praksis"}]},{"@type":"WebSite","@id":"https:\/\/kunmedierne.dk\/thy\/#website","url":"https:\/\/kunmedierne.dk\/thy\/","name":"Thy","description":"et netmedie med journalistik om livet i Thy","publisher":{"@id":"https:\/\/kunmedierne.dk\/thy\/#organization"},"potentialAction":[{"@type":"SearchAction","target":{"@type":"EntryPoint","urlTemplate":"https:\/\/kunmedierne.dk\/thy\/?s={search_term_string}"},"query-input":{"@type":"PropertyValueSpecification","valueRequired":true,"valueName":"search_term_string"}}],"inLanguage":"da-DK"},{"@type":"Organization","@id":"https:\/\/kunmedierne.dk\/thy\/#organization","name":"Thy","url":"https:\/\/kunmedierne.dk\/thy\/","logo":{"@type":"ImageObject","inLanguage":"da-DK","@id":"https:\/\/kunmedierne.dk\/thy\/#\/schema\/logo\/image\/","url":"https:\/\/kunmedierne.dk\/thy\/wp-content\/uploads\/sites\/2\/2025\/04\/kunthy-logo.svg","contentUrl":"https:\/\/kunmedierne.dk\/thy\/wp-content\/uploads\/sites\/2\/2025\/04\/kunthy-logo.svg","caption":"Thy"},"image":{"@id":"https:\/\/kunmedierne.dk\/thy\/#\/schema\/logo\/image\/"}},{"@type":"Person","@id":"https:\/\/kunmedierne.dk\/thy\/#\/schema\/person\/88f5be46809ca2a5533760eb574fef93","name":"Jens Fogh Andersen","image":{"@type":"ImageObject","inLanguage":"da-DK","@id":"https:\/\/kunmedierne.dk\/thy\/#\/schema\/person\/image\/","url":"https:\/\/secure.gravatar.com\/avatar\/2b367a4ef139b1c41dccc9ee7af926b81f8b4cca3359772e86c7fd5ced26c0a3?s=96&d=mm&r=g","contentUrl":"https:\/\/secure.gravatar.com\/avatar\/2b367a4ef139b1c41dccc9ee7af926b81f8b4cca3359772e86c7fd5ced26c0a3?s=96&d=mm&r=g","caption":"Jens Fogh Andersen"},"url":"https:\/\/kunmedierne.dk\/thy\/author\/jfa\/"}]}},"_links":{"self":[{"href":"https:\/\/kunmedierne.dk\/thy\/wp-json\/wp\/v2\/posts\/10784","targetHints":{"allow":["GET"]}}],"collection":[{"href":"https:\/\/kunmedierne.dk\/thy\/wp-json\/wp\/v2\/posts"}],"about":[{"href":"https:\/\/kunmedierne.dk\/thy\/wp-json\/wp\/v2\/types\/post"}],"author":[{"embeddable":true,"href":"https:\/\/kunmedierne.dk\/thy\/wp-json\/wp\/v2\/users\/4535"}],"replies":[{"embeddable":true,"href":"https:\/\/kunmedierne.dk\/thy\/wp-json\/wp\/v2\/comments?post=10784"}],"version-history":[{"count":18,"href":"https:\/\/kunmedierne.dk\/thy\/wp-json\/wp\/v2\/posts\/10784\/revisions"}],"predecessor-version":[{"id":10889,"href":"https:\/\/kunmedierne.dk\/thy\/wp-json\/wp\/v2\/posts\/10784\/revisions\/10889"}],"wp:attachment":[{"href":"https:\/\/kunmedierne.dk\/thy\/wp-json\/wp\/v2\/media?parent=10784"}],"wp:term":[{"taxonomy":"category","embeddable":true,"href":"https:\/\/kunmedierne.dk\/thy\/wp-json\/wp\/v2\/categories?post=10784"},{"taxonomy":"post_tag","embeddable":true,"href":"https:\/\/kunmedierne.dk\/thy\/wp-json\/wp\/v2\/tags?post=10784"}],"curies":[{"name":"wp","href":"https:\/\/api.w.org\/{rel}","templated":true}]}}