{"id":10641,"date":"2025-09-26T21:02:41","date_gmt":"2025-09-26T19:02:41","guid":{"rendered":"https:\/\/kunmedierne.dk\/thy\/?p=10641"},"modified":"2025-09-26T21:02:41","modified_gmt":"2025-09-26T19:02:41","slug":"frivillige-i-thy-alle-har-en-vaerdi-for-nogen","status":"publish","type":"post","link":"https:\/\/kunmedierne.dk\/thy\/frivillige-i-thy-alle-har-en-vaerdi-for-nogen\/","title":{"rendered":"Frivillige i Thy: Alle har en v\u00e6rdi for nogen"},"content":{"rendered":"<p><strong>THY-HANN\u00c6S:<\/strong> &#8211; Det frivillige sociale arbejde er i konstant udvikling, og nye tilbud kommer til. Jeg vil ikke fremh\u00e6ve nogle frem for andre, alle har en v\u00e6rdi for nogen.<\/p>\n<p>S\u00e5dan l\u00f8d det blandt andet, da formand for FrivilligThy, Ellen Kirk Jensen, b\u00f8d velkommen i teltet p\u00e5 Store Torv i Thisted fredag eftermiddag &#8211; til det h\u00f8jeste antal deltagende foreninger nogensinde.<\/p>\n<p>Tina F\u00f8rby Larsen er en af dem, der har m\u00e6rket, hvor v\u00e6rdifuldt det kan v\u00e6re, n\u00e5r nogen r\u00e6kker ud og hj\u00e6lper midt i den st\u00f8rste n\u00f8d.<\/p>\n<p>Tina F\u00f8rby Larsen havde en s\u00f8n p\u00e5 to \u00e5r og tvillinger p\u00e5 tre m\u00e5neder, da hendes mand d\u00f8de af en hjernetumor efter kort tids sygdom.<\/p>\n<a class=\"dvrt-link\" onClick=\"cdmtrack_click(4416,jQuery(this));return false\" href=\"https:\/\/sdrhaa.dk\/\"><img decoding=\"async\" style=\"width:100%;\" src=\"https:\/\/kunmedierne.dk\/thy\/wp-content\/uploads\/sites\/2\/2025\/05\/260302Din-gebyrvenlige-sparekasse_SHS_Thy-1.gif\"><\/a><script>cdmtrack_view(4416);<\/script>\n<p>Hun stred sig igennem de f\u00f8rste m\u00e5neder, idet hendes for\u00e6ldre hjalp s\u00e5 godt de kunne.<\/p>\n<p>Et \u00e5rs tid efter s\u00e5 Tinas mor en annonce i avisen fra en socialr\u00e5dgiver, Lone M\u00f8ller, der efter inspiration fra England \u00f8nskede at etablere Home-Start i Danmark.<\/p>\n<p>&#8211; Jeg ringede til Lone M\u00f8ller, og hun satte sig straks ind i bilen og k\u00f8rte til Thy i en snestorm. Dagen efter havde hun fundet en familieven til mig, fort\u00e6ller Tina F\u00f8rby Larsen.<\/p>\n<p>Denne familieven var Rikke Riis Kirk, der i dag er koordinator i Home-Start Thy &#8211; den f\u00f8rste danske afdeling, der blev etableret for 17 \u00e5r siden.<\/p>\n<p>Tina F\u00f8rby Larsen fort\u00e6ller om v\u00e6rdien af den hj\u00e6lp hun fik dengang:<\/p>\n<p>&#8211; Den bet\u00f8d, at mine for\u00e6ldre kunne v\u00e6re bedstefor\u00e6ldre igen, i stedet for altid at skulle ordne vasket\u00f8j. Hvis ikke jeg havde f\u00e5et en familieven, var jeg ikke kommet s\u00e5 hurtigt videre i mit liv, som jeg gjorde, fort\u00e6ller Tina F\u00f8rby Larsen.<\/p>\n<a class=\"dvrt-link\" onClick=\"cdmtrack_click(687,jQuery(this));return false\" href=\"https:\/\/konpap.dk\/?gad_source=1&gclid=Cj0KCQjwtJ6_BhDWARIsAGanmKfOBLC3RBm6obWL5sEb-mp4bsp5QjqWW4j4nx22y0YT2iMiXJcv3MoaApR_EALw_wcB\"><img decoding=\"async\" style=\"width:100%;\" src=\"https:\/\/kunmedierne.dk\/thy\/wp-content\/uploads\/sites\/2\/2025\/03\/redoffice.jpg\"><\/a><script>cdmtrack_view(687);<\/script>\n<p>Efter et halvt \u00e5r med st\u00f8tte, fik Tina mod p\u00e5 selv at blive en familieven, og nu &#8211; 17 \u00e5r senere &#8211; er hun ambassad\u00f8r for Home Start og tager ud og fort\u00e6ller om foreningen &#8211; og sin egen historie.<\/p>\n<p>N\u00e5r foreningen f\u00e5r en henvendelse med et \u00f8nske om at f\u00e5 en familieven, laver Rikke Kirk et match med en af de frivillige familievenner. Konceptet er, at den frivillige tager ud og hj\u00e6lper to timer om ugen til det, der nu er brug for &#8211; og denne st\u00f8tte varer s\u00e5 ved, indtil familien kommer oven vande igen.<\/p>\n<p>Home-Start er kun \u00e9n blandt mange foreninger, der arbejder med frivilligt socialt arbejde i Thy, og 38 er repr\u00e6senteret p\u00e5 Frivillig Fredag.<\/p>\n<p>Et kig rundt i teltet viser en stor variation. Hjerteforeningen, Dansk Blindesamfund, Hjerneskadeforeningen, Gigtforeningen, Netv\u00e6rkscafeen og Osteoporoseforeningen samt mange flere.<\/p>\n<div id=\"attachment_10648\" style=\"width: 1242px\" class=\"wp-caption alignnone\"><img loading=\"lazy\" decoding=\"async\" aria-describedby=\"caption-attachment-10648\" class=\"wp-image-10648 size-full\" src=\"https:\/\/kunmedierne.dk\/thy\/wp-content\/uploads\/sites\/2\/2025\/09\/Unavngivet-1232-x-802-px-2025-09-26T204449.886.jpg\" alt=\"\" width=\"1232\" height=\"802\" srcset=\"https:\/\/kunmedierne.dk\/thy\/wp-content\/uploads\/sites\/2\/2025\/09\/Unavngivet-1232-x-802-px-2025-09-26T204449.886.jpg 1232w, https:\/\/kunmedierne.dk\/thy\/wp-content\/uploads\/sites\/2\/2025\/09\/Unavngivet-1232-x-802-px-2025-09-26T204449.886-300x195.jpg 300w, https:\/\/kunmedierne.dk\/thy\/wp-content\/uploads\/sites\/2\/2025\/09\/Unavngivet-1232-x-802-px-2025-09-26T204449.886-1024x667.jpg 1024w, https:\/\/kunmedierne.dk\/thy\/wp-content\/uploads\/sites\/2\/2025\/09\/Unavngivet-1232-x-802-px-2025-09-26T204449.886-510x332.jpg 510w\" sizes=\"auto, (max-width: 1232px) 100vw, 1232px\" \/><p id=\"caption-attachment-10648\" class=\"wp-caption-text\">V\u00e5getjenesten i det nordlige Thy favner 23 personer, der er med til at sikre, at ingen d\u00f8r alene. Fra venstre er det koordinator Ingrid Hundahl samt Lene Hundal og Jette Kristensen.<\/p><\/div>\n<p>&nbsp;<\/p>\n<p>V\u00e5getjenesten er ogs\u00e5 til stede for at fort\u00e6lle om sin mission, &#8220;ingen b\u00f8r d\u00f8 alene&#8221;.<\/p>\n<p>Ingrid Hundahl er koordinator for 23 v\u00e5gere i den nordlige del af Thisted Kommune.<\/p>\n<p>&#8211; Det er mest om natten, vi v\u00e5ger. Det er om natten, de p\u00e5r\u00f8rende gerne vil aflastes, siger Ingrid Hundahl.<\/p>\n<a class=\"dvrt-link\" onClick=\"cdmtrack_click(683,jQuery(this));return false\" href=\"https:\/\/vester-begr.dk\/?utm_source=google&amp;utm_medium=advative&amp;gad_source=1&amp;gclid=Cj0KCQjwtJ6_BhDWARIsAGanmKfl-hGVVjCYiOgSKoGoxrow4kvXybZsnruKJYTslvqZDywT6a9PCQwaAmBjEALw_wcB\"><img decoding=\"async\" style=\"width:100%;\" src=\"https:\/\/kunmedierne.dk\/thy\/wp-content\/uploads\/sites\/2\/2025\/03\/260203VesterHoukaer-02022026.jpg\"><\/a><script>cdmtrack_view(683);<\/script>\n<p>V\u00e5getjenesten f\u00e5r henvendelser fra plejehjem, sygehus, bosteder og p\u00e5r\u00f8rende om hj\u00e6lp, n\u00e5r et menneske ligger for d\u00f8den.<\/p>\n<p>Og vagten som v\u00e5ger er p\u00e5 tre timer ad gangen.<\/p>\n<p>Mange af v\u00e5gerne har en baggrund inden for social- og sundhedssektoren, men det er ikke en betingelse for, at man kan v\u00e6re med i korpset. Hvis man har interesse i det og kontakter v\u00e5getjenesten, vil man typisk komme til en samtale og derefter f\u00e5 en grundig introduktion til dette frivillige arbejde.<\/p>\n<p>&#8211; Vi er nok nu. Vi kan godt f\u00e5 det til at h\u00e6nge sammen, siger Ingrid Hundahl, der selv er klar ved telefonen d\u00f8gnet rundt.<\/p>\n<p>V\u00e5getjenesten s\u00f8rger alts\u00e5 for ledsagelse p\u00e5 den allersidste del af livet.<\/p>\n<div id=\"attachment_10649\" style=\"width: 1242px\" class=\"wp-caption alignnone\"><img loading=\"lazy\" decoding=\"async\" aria-describedby=\"caption-attachment-10649\" class=\"wp-image-10649 size-full\" src=\"https:\/\/kunmedierne.dk\/thy\/wp-content\/uploads\/sites\/2\/2025\/09\/Unavngivet-1232-x-802-px-2025-09-26T204412.517.jpg\" alt=\"\" width=\"1232\" height=\"802\" srcset=\"https:\/\/kunmedierne.dk\/thy\/wp-content\/uploads\/sites\/2\/2025\/09\/Unavngivet-1232-x-802-px-2025-09-26T204412.517.jpg 1232w, https:\/\/kunmedierne.dk\/thy\/wp-content\/uploads\/sites\/2\/2025\/09\/Unavngivet-1232-x-802-px-2025-09-26T204412.517-300x195.jpg 300w, https:\/\/kunmedierne.dk\/thy\/wp-content\/uploads\/sites\/2\/2025\/09\/Unavngivet-1232-x-802-px-2025-09-26T204412.517-1024x667.jpg 1024w, https:\/\/kunmedierne.dk\/thy\/wp-content\/uploads\/sites\/2\/2025\/09\/Unavngivet-1232-x-802-px-2025-09-26T204412.517-510x332.jpg 510w\" sizes=\"auto, (max-width: 1232px) 100vw, 1232px\" \/><p id=\"caption-attachment-10649\" class=\"wp-caption-text\">Mette Vammen arbejder for at rekruttere sygeplejestuderende til et projekt, der skal mindske ulighed i sundhed.<\/p><\/div>\n<p>I en anden ende af teltet st\u00e5r Mette Dahl Vammen, der er ansat af organisationen Social Sundhed. Hun h\u00e5ber at f\u00e5 skabt et frivilligt korps af brobyggere, der kan hj\u00e6lpe almindelige borgere i m\u00f8det med sundhedsv\u00e6senet og dermed v\u00e6re med til at \u00f8ge den sociale lighed i sundhed.<\/p>\n<p>Da forhenv\u00e6rende chefredakt\u00f8r p\u00e5 Thisted Dagblad og tidligere medlem af bestyrelsen i FrivilligThy, Hans Peter Kragh, holdt talen ved Frivillig Fredag, var det med overskriften &#8220;L\u00e6ngst muligt i eget liv&#8221;.<\/p>\n<a class=\"dvrt-link\" onClick=\"cdmtrack_click(1130,jQuery(this));return false\" href=\"https:\/\/www.thistedforsikring.dk\/?utm_source=partnerskaber&amp;utm_campaign=kun_thy\"><img decoding=\"async\" style=\"width:100%;\" src=\"https:\/\/kunmedierne.dk\/thy\/wp-content\/uploads\/sites\/2\/2025\/04\/260409KunThyThisted-For-1.png\"><\/a><script>cdmtrack_view(1130);<\/script>\n<p>Han fortalte, hvordan fundamentet i hans eget liv var krakeleret, da hustruen blev alvorligt syg i 2017. Han fortalte, hvordan det havde hjulpet ham at komme med i en selvhj\u00e6lpsgruppe, hjulpet i gang af to navngivne kvinder fra FrivilligThy.<\/p>\n<p>&#8211; Heldigvis er der mennesker som blandt andet Karen Margrethe og Ingerlise, der er i stand til at virke som katalysatorer og bidrage til, at medmennesker igen kan f\u00e5 lov til at leve l\u00e6ngst muligt i eget liv. Det lykkes naturligvis og desv\u00e6rre ikke altid, men n\u00e5r det lykkes, er det et fornemt bevis p\u00e5, at frivilligt arbejde har en s\u00e6rlig v\u00e6rdi, sagde Hans Peter Kragh.<\/p>\n<p>Han fremh\u00e6vede, at godt to mio. danskere bidrager til det frivillige arbejde. Det svarer til godt 40 procent.<\/p>\n<p>&#8211; Det er meningsfyldt &#8211; is\u00e6r over for medborgere, der oplever deres eget liv som meningsl\u00f8st. I frivillige skaber meningsfuldhed eller i hvert fald mindre meningsl\u00f8shed og mindre h\u00e5bl\u00f8shed, fordi I har nogle holdninger og st\u00e5r for nogle v\u00e6rdier, som viser, at I &#8211; sagt i g\u00e5se\u00f8jne &#8211; ikke alene er mennesker, men i allerh\u00f8jeste grad medmennesker.<\/p>\n<div id=\"attachment_10647\" style=\"width: 1242px\" class=\"wp-caption alignnone\"><img loading=\"lazy\" decoding=\"async\" aria-describedby=\"caption-attachment-10647\" class=\"wp-image-10647 size-full\" src=\"https:\/\/kunmedierne.dk\/thy\/wp-content\/uploads\/sites\/2\/2025\/09\/Unavngivet-1232-x-802-px-2025-09-26T204543.963.jpg\" alt=\"\" width=\"1232\" height=\"802\" srcset=\"https:\/\/kunmedierne.dk\/thy\/wp-content\/uploads\/sites\/2\/2025\/09\/Unavngivet-1232-x-802-px-2025-09-26T204543.963.jpg 1232w, https:\/\/kunmedierne.dk\/thy\/wp-content\/uploads\/sites\/2\/2025\/09\/Unavngivet-1232-x-802-px-2025-09-26T204543.963-300x195.jpg 300w, https:\/\/kunmedierne.dk\/thy\/wp-content\/uploads\/sites\/2\/2025\/09\/Unavngivet-1232-x-802-px-2025-09-26T204543.963-1024x667.jpg 1024w, https:\/\/kunmedierne.dk\/thy\/wp-content\/uploads\/sites\/2\/2025\/09\/Unavngivet-1232-x-802-px-2025-09-26T204543.963-510x332.jpg 510w\" sizes=\"auto, (max-width: 1232px) 100vw, 1232px\" \/><p id=\"caption-attachment-10647\" class=\"wp-caption-text\">Formand for FrivilligThy, Ellen Kirk Jensen, takkede forhenv\u00e6rende redakt\u00f8r p\u00e5 Thisted Dagblad, Hans Peter Kragh, for den fine tale, som han holdt ved Frivillig Fredag.<\/p><\/div>\n<p>Et af den slags mennesker er Frank Gertsen fra Tjernobylforeningen, der som det sidste indslag p\u00e5 Frivillig Fredag blev hyldet ved uddelingen af \u00c5rets Frivilligpris.<\/p>\n<p>&#8211; Frank har gennem en \u00e5rr\u00e6kke trukket et k\u00e6mpestort l\u00e6s i Tjernobylforeningen, b\u00e5de i forhold til den \u00e5rlige sommerlejr i Bulbjerg og i Tjernobylforeningens genbrugsbutik.<\/p>\n<p>&#8211; Frank g\u00e5r til alle opgaver med et smil og glimt i \u00f8jet, og man er aldrig i tvivl om, hvor vigtige opgaverne i Tjernobylforeningen er for Frank, l\u00f8d det fra formanden for FrivilligThy, Ellen Kirk Jensen, da hun takkede Frank Gertsen for den store indsats gennem \u00e5rene i foreningen, der nu er under afvikling.<\/p>\n<p>&nbsp;<\/p>\n<p>&nbsp;<\/p>\n<p>&nbsp;<\/p>\n<p>&nbsp;<\/p>\n<p>&nbsp;<\/p>\n","protected":false},"excerpt":{"rendered":"<p>THY-HANN\u00c6S: &#8211; Det frivillige sociale arbejde er i konstant udvikling, og nye tilbud kommer til. Jeg vil ikke fremh\u00e6ve nogle frem for andre, alle har en v\u00e6rdi for nogen. S\u00e5dan l\u00f8d det blandt andet, da formand for FrivilligThy, Ellen Kirk Jensen, b\u00f8d velkommen i teltet p\u00e5 Store Torv i Thisted fredag eftermiddag &#8211; til det [&hellip;]<\/p>\n","protected":false},"author":1925,"featured_media":0,"comment_status":"closed","ping_status":"closed","sticky":false,"template":"","format":"standard","meta":{"_acf_changed":false,"footnotes":""},"categories":[24],"tags":[38,47],"class_list":["post-10641","post","type-post","status-publish","format-standard","hentry","category-lokalt","tag-mennesker","tag-sundhed"],"acf":[],"yoast_head":"<!-- This site is optimized with the Yoast SEO plugin v26.8 - https:\/\/yoast.com\/product\/yoast-seo-wordpress\/ -->\n<title>Frivillige i Thy: Alle har en v\u00e6rdi for nogen - Thy<\/title>\n<meta name=\"robots\" content=\"index, follow, max-snippet:-1, max-image-preview:large, max-video-preview:-1\" \/>\n<link rel=\"canonical\" href=\"https:\/\/kunmedierne.dk\/thy\/frivillige-i-thy-alle-har-en-vaerdi-for-nogen\/\" \/>\n<meta property=\"og:locale\" content=\"da_DK\" \/>\n<meta property=\"og:type\" content=\"article\" \/>\n<meta property=\"og:title\" content=\"Frivillige i Thy: Alle har en v\u00e6rdi for nogen - Thy\" \/>\n<meta property=\"og:description\" content=\"THY-HANN\u00c6S: &#8211; Det frivillige sociale arbejde er i konstant udvikling, og nye tilbud kommer til. Jeg vil ikke fremh\u00e6ve nogle frem for andre, alle har en v\u00e6rdi for nogen. S\u00e5dan l\u00f8d det blandt andet, da formand for FrivilligThy, Ellen Kirk Jensen, b\u00f8d velkommen i teltet p\u00e5 Store Torv i Thisted fredag eftermiddag &#8211; til det [&hellip;]\" \/>\n<meta property=\"og:url\" content=\"https:\/\/kunmedierne.dk\/thy\/frivillige-i-thy-alle-har-en-vaerdi-for-nogen\/\" \/>\n<meta property=\"og:site_name\" content=\"Thy\" \/>\n<meta property=\"article:published_time\" content=\"2025-09-26T19:02:41+00:00\" \/>\n<meta property=\"og:image\" content=\"https:\/\/kunmedierne.dk\/thy\/wp-content\/uploads\/sites\/2\/2025\/09\/Unavngivet-1232-x-802-px-2025-09-26T204449.886.jpg\" \/>\n<meta name=\"author\" content=\"Lone L\u00e6rke Krog\" \/>\n<meta name=\"twitter:card\" content=\"summary_large_image\" \/>\n<meta name=\"twitter:label1\" content=\"Skrevet af\" \/>\n\t<meta name=\"twitter:data1\" content=\"Lone L\u00e6rke Krog\" \/>\n\t<meta name=\"twitter:label2\" content=\"Estimeret l\u00e6setid\" \/>\n\t<meta name=\"twitter:data2\" content=\"7 minutter\" \/>\n<script type=\"application\/ld+json\" class=\"yoast-schema-graph\">{\"@context\":\"https:\/\/schema.org\",\"@graph\":[{\"@type\":\"Article\",\"@id\":\"https:\/\/kunmedierne.dk\/thy\/frivillige-i-thy-alle-har-en-vaerdi-for-nogen\/#article\",\"isPartOf\":{\"@id\":\"https:\/\/kunmedierne.dk\/thy\/frivillige-i-thy-alle-har-en-vaerdi-for-nogen\/\"},\"author\":{\"name\":\"Lone L\u00e6rke Krog\",\"@id\":\"https:\/\/kunmedierne.dk\/thy\/#\/schema\/person\/d266634ba6550d075ecf540d63b245d2\"},\"headline\":\"Frivillige i Thy: Alle har en v\u00e6rdi for nogen\",\"datePublished\":\"2025-09-26T19:02:41+00:00\",\"mainEntityOfPage\":{\"@id\":\"https:\/\/kunmedierne.dk\/thy\/frivillige-i-thy-alle-har-en-vaerdi-for-nogen\/\"},\"wordCount\":1151,\"publisher\":{\"@id\":\"https:\/\/kunmedierne.dk\/thy\/#organization\"},\"image\":{\"@id\":\"https:\/\/kunmedierne.dk\/thy\/frivillige-i-thy-alle-har-en-vaerdi-for-nogen\/#primaryimage\"},\"thumbnailUrl\":\"https:\/\/kunmedierne.dk\/thy\/wp-content\/uploads\/sites\/2\/2025\/09\/Unavngivet-1232-x-802-px-2025-09-26T204449.886.jpg\",\"keywords\":[\"Mennesker\",\"Sundhed\"],\"articleSection\":[\"Lokalt\"],\"inLanguage\":\"da-DK\"},{\"@type\":\"WebPage\",\"@id\":\"https:\/\/kunmedierne.dk\/thy\/frivillige-i-thy-alle-har-en-vaerdi-for-nogen\/\",\"url\":\"https:\/\/kunmedierne.dk\/thy\/frivillige-i-thy-alle-har-en-vaerdi-for-nogen\/\",\"name\":\"Frivillige i Thy: Alle har en v\u00e6rdi for nogen - Thy\",\"isPartOf\":{\"@id\":\"https:\/\/kunmedierne.dk\/thy\/#website\"},\"primaryImageOfPage\":{\"@id\":\"https:\/\/kunmedierne.dk\/thy\/frivillige-i-thy-alle-har-en-vaerdi-for-nogen\/#primaryimage\"},\"image\":{\"@id\":\"https:\/\/kunmedierne.dk\/thy\/frivillige-i-thy-alle-har-en-vaerdi-for-nogen\/#primaryimage\"},\"thumbnailUrl\":\"https:\/\/kunmedierne.dk\/thy\/wp-content\/uploads\/sites\/2\/2025\/09\/Unavngivet-1232-x-802-px-2025-09-26T204449.886.jpg\",\"datePublished\":\"2025-09-26T19:02:41+00:00\",\"breadcrumb\":{\"@id\":\"https:\/\/kunmedierne.dk\/thy\/frivillige-i-thy-alle-har-en-vaerdi-for-nogen\/#breadcrumb\"},\"inLanguage\":\"da-DK\",\"potentialAction\":[{\"@type\":\"ReadAction\",\"target\":[\"https:\/\/kunmedierne.dk\/thy\/frivillige-i-thy-alle-har-en-vaerdi-for-nogen\/\"]}]},{\"@type\":\"ImageObject\",\"inLanguage\":\"da-DK\",\"@id\":\"https:\/\/kunmedierne.dk\/thy\/frivillige-i-thy-alle-har-en-vaerdi-for-nogen\/#primaryimage\",\"url\":\"https:\/\/kunmedierne.dk\/thy\/wp-content\/uploads\/sites\/2\/2025\/09\/Unavngivet-1232-x-802-px-2025-09-26T204449.886.jpg\",\"contentUrl\":\"https:\/\/kunmedierne.dk\/thy\/wp-content\/uploads\/sites\/2\/2025\/09\/Unavngivet-1232-x-802-px-2025-09-26T204449.886.jpg\",\"width\":1232,\"height\":802},{\"@type\":\"BreadcrumbList\",\"@id\":\"https:\/\/kunmedierne.dk\/thy\/frivillige-i-thy-alle-har-en-vaerdi-for-nogen\/#breadcrumb\",\"itemListElement\":[{\"@type\":\"ListItem\",\"position\":1,\"name\":\"Home\",\"item\":\"https:\/\/kunmedierne.dk\/thy\/\"},{\"@type\":\"ListItem\",\"position\":2,\"name\":\"Frivillige i Thy: Alle har en v\u00e6rdi for nogen\"}]},{\"@type\":\"WebSite\",\"@id\":\"https:\/\/kunmedierne.dk\/thy\/#website\",\"url\":\"https:\/\/kunmedierne.dk\/thy\/\",\"name\":\"Thy\",\"description\":\"et netmedie med journalistik om livet i Thy\",\"publisher\":{\"@id\":\"https:\/\/kunmedierne.dk\/thy\/#organization\"},\"potentialAction\":[{\"@type\":\"SearchAction\",\"target\":{\"@type\":\"EntryPoint\",\"urlTemplate\":\"https:\/\/kunmedierne.dk\/thy\/?s={search_term_string}\"},\"query-input\":{\"@type\":\"PropertyValueSpecification\",\"valueRequired\":true,\"valueName\":\"search_term_string\"}}],\"inLanguage\":\"da-DK\"},{\"@type\":\"Organization\",\"@id\":\"https:\/\/kunmedierne.dk\/thy\/#organization\",\"name\":\"Thy\",\"url\":\"https:\/\/kunmedierne.dk\/thy\/\",\"logo\":{\"@type\":\"ImageObject\",\"inLanguage\":\"da-DK\",\"@id\":\"https:\/\/kunmedierne.dk\/thy\/#\/schema\/logo\/image\/\",\"url\":\"https:\/\/kunmedierne.dk\/thy\/wp-content\/uploads\/sites\/2\/2025\/04\/kunthy-logo.svg\",\"contentUrl\":\"https:\/\/kunmedierne.dk\/thy\/wp-content\/uploads\/sites\/2\/2025\/04\/kunthy-logo.svg\",\"caption\":\"Thy\"},\"image\":{\"@id\":\"https:\/\/kunmedierne.dk\/thy\/#\/schema\/logo\/image\/\"}},{\"@type\":\"Person\",\"@id\":\"https:\/\/kunmedierne.dk\/thy\/#\/schema\/person\/d266634ba6550d075ecf540d63b245d2\",\"name\":\"Lone L\u00e6rke Krog\",\"image\":{\"@type\":\"ImageObject\",\"inLanguage\":\"da-DK\",\"@id\":\"https:\/\/kunmedierne.dk\/thy\/#\/schema\/person\/image\/\",\"url\":\"https:\/\/secure.gravatar.com\/avatar\/496ddc7080e56b4ac64cfd4e56bd6d1ee396fa3db1923aa22f11346f60bb135b?s=96&d=mm&r=g\",\"contentUrl\":\"https:\/\/secure.gravatar.com\/avatar\/496ddc7080e56b4ac64cfd4e56bd6d1ee396fa3db1923aa22f11346f60bb135b?s=96&d=mm&r=g\",\"caption\":\"Lone L\u00e6rke Krog\"},\"url\":\"https:\/\/kunmedierne.dk\/thy\/author\/llk\/\"}]}<\/script>\n<!-- \/ Yoast SEO plugin. -->","yoast_head_json":{"title":"Frivillige i Thy: Alle har en v\u00e6rdi for nogen - Thy","robots":{"index":"index","follow":"follow","max-snippet":"max-snippet:-1","max-image-preview":"max-image-preview:large","max-video-preview":"max-video-preview:-1"},"canonical":"https:\/\/kunmedierne.dk\/thy\/frivillige-i-thy-alle-har-en-vaerdi-for-nogen\/","og_locale":"da_DK","og_type":"article","og_title":"Frivillige i Thy: Alle har en v\u00e6rdi for nogen - Thy","og_description":"THY-HANN\u00c6S: &#8211; Det frivillige sociale arbejde er i konstant udvikling, og nye tilbud kommer til. Jeg vil ikke fremh\u00e6ve nogle frem for andre, alle har en v\u00e6rdi for nogen. S\u00e5dan l\u00f8d det blandt andet, da formand for FrivilligThy, Ellen Kirk Jensen, b\u00f8d velkommen i teltet p\u00e5 Store Torv i Thisted fredag eftermiddag &#8211; til det [&hellip;]","og_url":"https:\/\/kunmedierne.dk\/thy\/frivillige-i-thy-alle-har-en-vaerdi-for-nogen\/","og_site_name":"Thy","article_published_time":"2025-09-26T19:02:41+00:00","og_image":[{"url":"https:\/\/kunmedierne.dk\/thy\/wp-content\/uploads\/sites\/2\/2025\/09\/Unavngivet-1232-x-802-px-2025-09-26T204449.886.jpg","type":"","width":"","height":""}],"author":"Lone L\u00e6rke Krog","twitter_card":"summary_large_image","twitter_misc":{"Skrevet af":"Lone L\u00e6rke Krog","Estimeret l\u00e6setid":"7 minutter"},"schema":{"@context":"https:\/\/schema.org","@graph":[{"@type":"Article","@id":"https:\/\/kunmedierne.dk\/thy\/frivillige-i-thy-alle-har-en-vaerdi-for-nogen\/#article","isPartOf":{"@id":"https:\/\/kunmedierne.dk\/thy\/frivillige-i-thy-alle-har-en-vaerdi-for-nogen\/"},"author":{"name":"Lone L\u00e6rke Krog","@id":"https:\/\/kunmedierne.dk\/thy\/#\/schema\/person\/d266634ba6550d075ecf540d63b245d2"},"headline":"Frivillige i Thy: Alle har en v\u00e6rdi for nogen","datePublished":"2025-09-26T19:02:41+00:00","mainEntityOfPage":{"@id":"https:\/\/kunmedierne.dk\/thy\/frivillige-i-thy-alle-har-en-vaerdi-for-nogen\/"},"wordCount":1151,"publisher":{"@id":"https:\/\/kunmedierne.dk\/thy\/#organization"},"image":{"@id":"https:\/\/kunmedierne.dk\/thy\/frivillige-i-thy-alle-har-en-vaerdi-for-nogen\/#primaryimage"},"thumbnailUrl":"https:\/\/kunmedierne.dk\/thy\/wp-content\/uploads\/sites\/2\/2025\/09\/Unavngivet-1232-x-802-px-2025-09-26T204449.886.jpg","keywords":["Mennesker","Sundhed"],"articleSection":["Lokalt"],"inLanguage":"da-DK"},{"@type":"WebPage","@id":"https:\/\/kunmedierne.dk\/thy\/frivillige-i-thy-alle-har-en-vaerdi-for-nogen\/","url":"https:\/\/kunmedierne.dk\/thy\/frivillige-i-thy-alle-har-en-vaerdi-for-nogen\/","name":"Frivillige i Thy: Alle har en v\u00e6rdi for nogen - Thy","isPartOf":{"@id":"https:\/\/kunmedierne.dk\/thy\/#website"},"primaryImageOfPage":{"@id":"https:\/\/kunmedierne.dk\/thy\/frivillige-i-thy-alle-har-en-vaerdi-for-nogen\/#primaryimage"},"image":{"@id":"https:\/\/kunmedierne.dk\/thy\/frivillige-i-thy-alle-har-en-vaerdi-for-nogen\/#primaryimage"},"thumbnailUrl":"https:\/\/kunmedierne.dk\/thy\/wp-content\/uploads\/sites\/2\/2025\/09\/Unavngivet-1232-x-802-px-2025-09-26T204449.886.jpg","datePublished":"2025-09-26T19:02:41+00:00","breadcrumb":{"@id":"https:\/\/kunmedierne.dk\/thy\/frivillige-i-thy-alle-har-en-vaerdi-for-nogen\/#breadcrumb"},"inLanguage":"da-DK","potentialAction":[{"@type":"ReadAction","target":["https:\/\/kunmedierne.dk\/thy\/frivillige-i-thy-alle-har-en-vaerdi-for-nogen\/"]}]},{"@type":"ImageObject","inLanguage":"da-DK","@id":"https:\/\/kunmedierne.dk\/thy\/frivillige-i-thy-alle-har-en-vaerdi-for-nogen\/#primaryimage","url":"https:\/\/kunmedierne.dk\/thy\/wp-content\/uploads\/sites\/2\/2025\/09\/Unavngivet-1232-x-802-px-2025-09-26T204449.886.jpg","contentUrl":"https:\/\/kunmedierne.dk\/thy\/wp-content\/uploads\/sites\/2\/2025\/09\/Unavngivet-1232-x-802-px-2025-09-26T204449.886.jpg","width":1232,"height":802},{"@type":"BreadcrumbList","@id":"https:\/\/kunmedierne.dk\/thy\/frivillige-i-thy-alle-har-en-vaerdi-for-nogen\/#breadcrumb","itemListElement":[{"@type":"ListItem","position":1,"name":"Home","item":"https:\/\/kunmedierne.dk\/thy\/"},{"@type":"ListItem","position":2,"name":"Frivillige i Thy: Alle har en v\u00e6rdi for nogen"}]},{"@type":"WebSite","@id":"https:\/\/kunmedierne.dk\/thy\/#website","url":"https:\/\/kunmedierne.dk\/thy\/","name":"Thy","description":"et netmedie med journalistik om livet i Thy","publisher":{"@id":"https:\/\/kunmedierne.dk\/thy\/#organization"},"potentialAction":[{"@type":"SearchAction","target":{"@type":"EntryPoint","urlTemplate":"https:\/\/kunmedierne.dk\/thy\/?s={search_term_string}"},"query-input":{"@type":"PropertyValueSpecification","valueRequired":true,"valueName":"search_term_string"}}],"inLanguage":"da-DK"},{"@type":"Organization","@id":"https:\/\/kunmedierne.dk\/thy\/#organization","name":"Thy","url":"https:\/\/kunmedierne.dk\/thy\/","logo":{"@type":"ImageObject","inLanguage":"da-DK","@id":"https:\/\/kunmedierne.dk\/thy\/#\/schema\/logo\/image\/","url":"https:\/\/kunmedierne.dk\/thy\/wp-content\/uploads\/sites\/2\/2025\/04\/kunthy-logo.svg","contentUrl":"https:\/\/kunmedierne.dk\/thy\/wp-content\/uploads\/sites\/2\/2025\/04\/kunthy-logo.svg","caption":"Thy"},"image":{"@id":"https:\/\/kunmedierne.dk\/thy\/#\/schema\/logo\/image\/"}},{"@type":"Person","@id":"https:\/\/kunmedierne.dk\/thy\/#\/schema\/person\/d266634ba6550d075ecf540d63b245d2","name":"Lone L\u00e6rke Krog","image":{"@type":"ImageObject","inLanguage":"da-DK","@id":"https:\/\/kunmedierne.dk\/thy\/#\/schema\/person\/image\/","url":"https:\/\/secure.gravatar.com\/avatar\/496ddc7080e56b4ac64cfd4e56bd6d1ee396fa3db1923aa22f11346f60bb135b?s=96&d=mm&r=g","contentUrl":"https:\/\/secure.gravatar.com\/avatar\/496ddc7080e56b4ac64cfd4e56bd6d1ee396fa3db1923aa22f11346f60bb135b?s=96&d=mm&r=g","caption":"Lone L\u00e6rke Krog"},"url":"https:\/\/kunmedierne.dk\/thy\/author\/llk\/"}]}},"_links":{"self":[{"href":"https:\/\/kunmedierne.dk\/thy\/wp-json\/wp\/v2\/posts\/10641","targetHints":{"allow":["GET"]}}],"collection":[{"href":"https:\/\/kunmedierne.dk\/thy\/wp-json\/wp\/v2\/posts"}],"about":[{"href":"https:\/\/kunmedierne.dk\/thy\/wp-json\/wp\/v2\/types\/post"}],"author":[{"embeddable":true,"href":"https:\/\/kunmedierne.dk\/thy\/wp-json\/wp\/v2\/users\/1925"}],"replies":[{"embeddable":true,"href":"https:\/\/kunmedierne.dk\/thy\/wp-json\/wp\/v2\/comments?post=10641"}],"version-history":[{"count":6,"href":"https:\/\/kunmedierne.dk\/thy\/wp-json\/wp\/v2\/posts\/10641\/revisions"}],"predecessor-version":[{"id":10652,"href":"https:\/\/kunmedierne.dk\/thy\/wp-json\/wp\/v2\/posts\/10641\/revisions\/10652"}],"wp:attachment":[{"href":"https:\/\/kunmedierne.dk\/thy\/wp-json\/wp\/v2\/media?parent=10641"}],"wp:term":[{"taxonomy":"category","embeddable":true,"href":"https:\/\/kunmedierne.dk\/thy\/wp-json\/wp\/v2\/categories?post=10641"},{"taxonomy":"post_tag","embeddable":true,"href":"https:\/\/kunmedierne.dk\/thy\/wp-json\/wp\/v2\/tags?post=10641"}],"curies":[{"name":"wp","href":"https:\/\/api.w.org\/{rel}","templated":true}]}}