{"id":10292,"date":"2025-09-22T18:35:20","date_gmt":"2025-09-22T16:35:20","guid":{"rendered":"https:\/\/kunmedierne.dk\/thy\/?p=10292"},"modified":"2025-09-22T15:35:40","modified_gmt":"2025-09-22T13:35:40","slug":"groen-loeber-fra-thisted-by-til-baun-plantage","status":"publish","type":"post","link":"https:\/\/kunmedierne.dk\/thy\/groen-loeber-fra-thisted-by-til-baun-plantage\/","title":{"rendered":"Gr\u00f8n l\u00f8ber fra Thisted by til Baun Plantage"},"content":{"rendered":"<p><strong>TINGSTRUP:<\/strong> P\u00e5 et tidspunkt er der etableret en vandrerute hele vejen fra Limfjorden ved Thisted og p\u00e5 sigt, gennem Nationalpark Thy helt ud til havet ved Klitm\u00f8ller.<\/p>\n<p>Det er m\u00e5let, men forel\u00f8big er der grund til at gl\u00e6de sig over, at St\u00f8tteforeningen Tingstrup S\u00f8, STS, er s\u00e5 lagt, at den ikke blot har v\u00e6ret drivkraft bag den byn\u00e6re Tingstrup S\u00f8 og vandrestier omkring s\u00f8en nu ogs\u00e5 har rullet Den Gr\u00f8nne L\u00f8ber ud p\u00e5 str\u00e6kningen fra Storetorv i Thisted til Baun Plantage.<\/p>\n<a class=\"dvrt-link\" onClick=\"cdmtrack_click(689,jQuery(this));return false\" href=\"https:\/\/www.thistedbolig.dk\"><img decoding=\"async\" style=\"width:100%;\" src=\"https:\/\/kunmedierne.dk\/thy\/wp-content\/uploads\/sites\/2\/2025\/03\/260414ThistedBoligApril-opslag-002-1.jpg\"><\/a><script>cdmtrack_view(689);<\/script>\n<p>10. oktober, i forbindelse med Skolernes Motionsdag indvies de i alt 5,7 kilometer af Den Gr\u00f8nne L\u00f8ber, som g\u00e5r fra Storetorv til Baun Plantage &#8211; og retur ad samme vej &#8211; plus en to kilometer lang rundstr\u00e6kning i plantagen.<\/p>\n<p>P\u00e5 sigt er det planen at lade Den Gr\u00f8nne L\u00f8ber forts\u00e6tte fra Baun Plantage videre ud til Hjardalvej og Torsted Plantage &#8211; og derfra videre til Klitm\u00f8ller. Engang.<\/p>\n<p>&#8211; Vi har delt projektet Den Gr\u00f8nne L\u00f8ber op i to etaper, fordi vi p\u00e5 sigt vil etablere en forbindelse fra Baun Plantage til Thorsted Plantage og videre derfra til Nationalpark Thy og ud til kysten. Men det ligger lidt ud i fremtiden.<\/p>\n<div id=\"attachment_10293\" style=\"width: 1242px\" class=\"wp-caption alignnone\"><img loading=\"lazy\" decoding=\"async\" aria-describedby=\"caption-attachment-10293\" class=\"wp-image-10293 size-full\" src=\"https:\/\/kunmedierne.dk\/thy\/wp-content\/uploads\/sites\/2\/2025\/09\/Design-uden-navn-2025-09-22T120957.308.jpg\" alt=\"\" width=\"1232\" height=\"821\" srcset=\"https:\/\/kunmedierne.dk\/thy\/wp-content\/uploads\/sites\/2\/2025\/09\/Design-uden-navn-2025-09-22T120957.308.jpg 1232w, https:\/\/kunmedierne.dk\/thy\/wp-content\/uploads\/sites\/2\/2025\/09\/Design-uden-navn-2025-09-22T120957.308-300x200.jpg 300w, https:\/\/kunmedierne.dk\/thy\/wp-content\/uploads\/sites\/2\/2025\/09\/Design-uden-navn-2025-09-22T120957.308-1024x682.jpg 1024w, https:\/\/kunmedierne.dk\/thy\/wp-content\/uploads\/sites\/2\/2025\/09\/Design-uden-navn-2025-09-22T120957.308-510x340.jpg 510w\" sizes=\"auto, (max-width: 1232px) 100vw, 1232px\" \/><p id=\"caption-attachment-10293\" class=\"wp-caption-text\">Kortet viser forl\u00f8bet af Den Gr\u00f8nne L\u00f8ber, som nu n\u00e5r ud til Baun Plantage. P\u00e5 sigt skal stiforbindelse forl\u00e6nges ud til Hjardalvej og Torsted Plantage. Her er det ambitionen, at den skal forts\u00e6tte gennem plantagen og Nationalpark Thy ud til kysten ved Klitm\u00f8ller.<\/p><\/div>\n<p>&nbsp;<\/p>\n<p>Det siger Frede \u00d8stergaard, formand for St\u00f8tteforeningen Tingstrup S\u00f8, har siden slutningen af 1980\u00b4erne har v\u00e6ret aktiv i bestr\u00e6belserne p\u00e5 f\u00f8rst at f\u00e5 anlagt Tingstrup S\u00f8 og siden for at f\u00e5 udbygget omr\u00e5det ved s\u00f8en med faciliteter og rekreative stiforbindelser.<\/p>\n<a class=\"dvrt-link\" onClick=\"cdmtrack_click(685,jQuery(this));return false\" href=\"https:\/\/wensien.dk\/begravelse\/?gad_source=1&gclid=Cj0KCQjwtJ6_BhDWARIsAGanmKcWw6hbeoepGti1oApJGHln52gMbg8EBRZ86__3P1AJZ5dcsw4ZvNEaAk7JEALw_wcB\"><img decoding=\"async\" style=\"width:100%;\" src=\"https:\/\/kunmedierne.dk\/thy\/wp-content\/uploads\/sites\/2\/2025\/03\/wensien-stenhugger.jpg\"><\/a><script>cdmtrack_view(685);<\/script>\n<p>Men STS er nu s\u00e5 langt med projektet Den Gr\u00f8nne L\u00f8ber, at der er skabt et samlet stiforl\u00f8b fra Thisted Midtby, enten fra Havnetorvet, hvor Den Bl\u00e5 L\u00f8ber langs fjorden passerer i dag, eller fra Storetorv gennem Christiansgave, forbi kolonihaverne ved Skovengen og Oluf Gades Minde og ud til Tingstrup S\u00f8.<\/p>\n<p>Fra s\u00f8en er der i dag stier ud til den nye Hejrh\u00f8j Skov og videre Hejrh\u00f8jvej.<\/p>\n<div id=\"attachment_10305\" style=\"width: 1242px\" class=\"wp-caption alignnone\"><img loading=\"lazy\" decoding=\"async\" aria-describedby=\"caption-attachment-10305\" class=\"wp-image-10305 size-full\" src=\"https:\/\/kunmedierne.dk\/thy\/wp-content\/uploads\/sites\/2\/2025\/09\/Design-uden-navn-2025-09-22T152329.289.jpg\" alt=\"\" width=\"1232\" height=\"821\" srcset=\"https:\/\/kunmedierne.dk\/thy\/wp-content\/uploads\/sites\/2\/2025\/09\/Design-uden-navn-2025-09-22T152329.289.jpg 1232w, https:\/\/kunmedierne.dk\/thy\/wp-content\/uploads\/sites\/2\/2025\/09\/Design-uden-navn-2025-09-22T152329.289-300x200.jpg 300w, https:\/\/kunmedierne.dk\/thy\/wp-content\/uploads\/sites\/2\/2025\/09\/Design-uden-navn-2025-09-22T152329.289-1024x682.jpg 1024w, https:\/\/kunmedierne.dk\/thy\/wp-content\/uploads\/sites\/2\/2025\/09\/Design-uden-navn-2025-09-22T152329.289-510x340.jpg 510w\" sizes=\"auto, (max-width: 1232px) 100vw, 1232px\" \/><p id=\"caption-attachment-10305\" class=\"wp-caption-text\">Vadestedstien og Hejrh\u00f8j Skov er ogs\u00e5 en del af Den Gr\u00f8nne L\u00f8ber undervejs til Baun Plantage. Foto: Jens Fogh-Andersen.<\/p><\/div>\n<p>&nbsp;<\/p>\n<p>-Ruten stopper ikke her. Vi anvender Hejrh\u00f8jvej, der er udlagt som cykelsti samt gangsti til Skinnerup. Her har vi f\u00e5et en aftale med ejeren af Skinnerupg\u00e5rd om at benytte en fin markvej fra Tranh\u00f8jvej op til Baun Plantage, hvor vi tilsluttes de eksisterende stier i det fantastiske omr\u00e5de, oplyser Frede \u00d8stergaard.<\/p>\n<p>Han har tidligere fortalt, at Den Gr\u00f8nne L\u00f8ber skal g\u00e5 ad allerede etablere stier, som nogen steder skal forbedres &#8211; og s\u00e5 skal l\u00f8beren m\u00e6rkes op. Det sker ogs\u00e5, for nu har Den Gr\u00f8nne L\u00f8ber f\u00e5et sit eget logo som i mods\u00e6tning til det piktogram, der bruges ved den Bl\u00e5 L\u00f8ber er udformet med gr\u00f8nne b\u00f8lger, som del af det grafiske udtryk.<\/p>\n<div id=\"attachment_10294\" style=\"width: 1242px\" class=\"wp-caption alignnone\"><img loading=\"lazy\" decoding=\"async\" aria-describedby=\"caption-attachment-10294\" class=\"wp-image-10294 size-full\" src=\"https:\/\/kunmedierne.dk\/thy\/wp-content\/uploads\/sites\/2\/2025\/09\/Design-uden-navn-2025-09-22T121923.432.jpg\" alt=\"\" width=\"1232\" height=\"821\" srcset=\"https:\/\/kunmedierne.dk\/thy\/wp-content\/uploads\/sites\/2\/2025\/09\/Design-uden-navn-2025-09-22T121923.432.jpg 1232w, https:\/\/kunmedierne.dk\/thy\/wp-content\/uploads\/sites\/2\/2025\/09\/Design-uden-navn-2025-09-22T121923.432-300x200.jpg 300w, https:\/\/kunmedierne.dk\/thy\/wp-content\/uploads\/sites\/2\/2025\/09\/Design-uden-navn-2025-09-22T121923.432-1024x682.jpg 1024w, https:\/\/kunmedierne.dk\/thy\/wp-content\/uploads\/sites\/2\/2025\/09\/Design-uden-navn-2025-09-22T121923.432-510x340.jpg 510w\" sizes=\"auto, (max-width: 1232px) 100vw, 1232px\" \/><p id=\"caption-attachment-10294\" class=\"wp-caption-text\">Den Gr\u00f8nne L\u00f8ber har sit eget piktogram. Det skal sammen med retningspile markere forl\u00f8bet af ruten, som forel\u00f8big n\u00e5r ud til Baun Plantage.<\/p><\/div>\n<p>&nbsp;<\/p>\n<p>Forbindelsen er der allerede. Den skal bare m\u00e6rkes op, siger Frede \u00d8stergaard og tilf\u00f8jer, at der p\u00e5 str\u00e6kningen langs \u00e5en ved kolonihaverne er en udfordring. Her er stien meget sumpet tre m\u00e5neder om \u00e5ret, men det kan l\u00f8ses ved at k\u00f8re stabil grus p\u00e5 &#8211; og i samarbejde med kommunen.<\/p>\n<a class=\"dvrt-link\" onClick=\"cdmtrack_click(683,jQuery(this));return false\" href=\"https:\/\/vester-begr.dk\/?utm_source=google&amp;utm_medium=advative&amp;gad_source=1&amp;gclid=Cj0KCQjwtJ6_BhDWARIsAGanmKfl-hGVVjCYiOgSKoGoxrow4kvXybZsnruKJYTslvqZDywT6a9PCQwaAmBjEALw_wcB\"><img decoding=\"async\" style=\"width:100%;\" src=\"https:\/\/kunmedierne.dk\/thy\/wp-content\/uploads\/sites\/2\/2025\/03\/260203VesterHoukaer-02022026.jpg\"><\/a><script>cdmtrack_view(683);<\/script>\n<p>STS har senest arbejdet p\u00e5 at f\u00e5 forbedret den del af stien, der forl\u00f8ber p\u00e5 str\u00e6kning fra den gamle sk\u00f8jtebane for enden af Plantagevej i udkanten af Christiansgave ud til cykelstien, der forl\u00f8bere parallelt med Over Engen. Her har det s\u00e6rligt i efter\u00e5rs- og vinterperioden v\u00e6ret v\u00e5dt at f\u00e6rdes til fods.<\/p>\n<div id=\"attachment_10306\" style=\"width: 1242px\" class=\"wp-caption alignnone\"><img loading=\"lazy\" decoding=\"async\" aria-describedby=\"caption-attachment-10306\" class=\"wp-image-10306 size-full\" src=\"https:\/\/kunmedierne.dk\/thy\/wp-content\/uploads\/sites\/2\/2025\/09\/Design-uden-navn-2025-09-22T152407.327.jpg\" alt=\"\" width=\"1232\" height=\"821\" srcset=\"https:\/\/kunmedierne.dk\/thy\/wp-content\/uploads\/sites\/2\/2025\/09\/Design-uden-navn-2025-09-22T152407.327.jpg 1232w, https:\/\/kunmedierne.dk\/thy\/wp-content\/uploads\/sites\/2\/2025\/09\/Design-uden-navn-2025-09-22T152407.327-300x200.jpg 300w, https:\/\/kunmedierne.dk\/thy\/wp-content\/uploads\/sites\/2\/2025\/09\/Design-uden-navn-2025-09-22T152407.327-1024x682.jpg 1024w, https:\/\/kunmedierne.dk\/thy\/wp-content\/uploads\/sites\/2\/2025\/09\/Design-uden-navn-2025-09-22T152407.327-510x340.jpg 510w\" sizes=\"auto, (max-width: 1232px) 100vw, 1232px\" \/><p id=\"caption-attachment-10306\" class=\"wp-caption-text\">Tingstrup S\u00f8 er et markant punkt p\u00e5 den Gr\u00f8nne L\u00f8ber &#8211; en en tur rundt om s\u00f8en er ogs\u00e5 en mulighed. Foto: Jens Fogh-Andersen<\/p><\/div>\n<p>&nbsp;<\/p>\n<p>&#8211; Vi vil kunne bruge Den Gr\u00f8nne L\u00f8ber hele \u00e5ret uden man skal g\u00e5 eller l\u00f8be i gummist\u00f8vler. Derfor er det vigtigt, at vi har f\u00e5et anlagt en sti med fast underlag, der kan bruges, forklarer Frede \u00d8stergaard.<\/p>\n<p>Hele Den Gr\u00f8nne L\u00f8ber p\u00e5 str\u00e6kningen fra Storetorv i Thisted til Baun Plantage samt rundturen i Baun Plantage vil v\u00e6re f\u00e6rdig i slutningen af september, afm\u00e6rket med piktogrammer og retningspile.<\/p>\n<p>Indvielsen af stien er planlagt til fredag 10. oktober, hvor skolerne har motionsdag.<\/p>\n<p>&nbsp;<\/p>\n<p>&nbsp;<\/p>\n","protected":false},"excerpt":{"rendered":"<p>TINGSTRUP: P\u00e5 et tidspunkt er der etableret en vandrerute hele vejen fra Limfjorden ved Thisted og p\u00e5 sigt, gennem Nationalpark Thy helt ud til havet ved Klitm\u00f8ller. Det er m\u00e5let, men forel\u00f8big er der grund til at gl\u00e6de sig over, at St\u00f8tteforeningen Tingstrup S\u00f8, STS, er s\u00e5 lagt, at den ikke blot har v\u00e6ret drivkraft [&hellip;]<\/p>\n","protected":false},"author":4535,"featured_media":0,"comment_status":"closed","ping_status":"closed","sticky":false,"template":"","format":"standard","meta":{"_acf_changed":false,"footnotes":""},"categories":[24],"tags":[52,49,47],"class_list":["post-10292","post","type-post","status-publish","format-standard","hentry","category-lokalt","tag-fritid","tag-natur","tag-sundhed"],"acf":[],"yoast_head":"<!-- This site is optimized with the Yoast SEO plugin v26.8 - https:\/\/yoast.com\/product\/yoast-seo-wordpress\/ -->\n<title>Gr\u00f8n l\u00f8ber fra Thisted by til Baun Plantage - Thy<\/title>\n<meta name=\"robots\" content=\"index, follow, max-snippet:-1, max-image-preview:large, max-video-preview:-1\" \/>\n<link rel=\"canonical\" href=\"https:\/\/kunmedierne.dk\/thy\/groen-loeber-fra-thisted-by-til-baun-plantage\/\" \/>\n<meta property=\"og:locale\" content=\"da_DK\" \/>\n<meta property=\"og:type\" content=\"article\" \/>\n<meta property=\"og:title\" content=\"Gr\u00f8n l\u00f8ber fra Thisted by til Baun Plantage - Thy\" \/>\n<meta property=\"og:description\" content=\"TINGSTRUP: P\u00e5 et tidspunkt er der etableret en vandrerute hele vejen fra Limfjorden ved Thisted og p\u00e5 sigt, gennem Nationalpark Thy helt ud til havet ved Klitm\u00f8ller. Det er m\u00e5let, men forel\u00f8big er der grund til at gl\u00e6de sig over, at St\u00f8tteforeningen Tingstrup S\u00f8, STS, er s\u00e5 lagt, at den ikke blot har v\u00e6ret drivkraft [&hellip;]\" \/>\n<meta property=\"og:url\" content=\"https:\/\/kunmedierne.dk\/thy\/groen-loeber-fra-thisted-by-til-baun-plantage\/\" \/>\n<meta property=\"og:site_name\" content=\"Thy\" \/>\n<meta property=\"article:published_time\" content=\"2025-09-22T16:35:20+00:00\" \/>\n<meta property=\"og:image\" content=\"https:\/\/kunmedierne.dk\/thy\/wp-content\/uploads\/sites\/2\/2025\/09\/Design-uden-navn-2025-09-22T120957.308.jpg\" \/>\n<meta name=\"author\" content=\"Jens Fogh Andersen\" \/>\n<meta name=\"twitter:card\" content=\"summary_large_image\" \/>\n<meta name=\"twitter:label1\" content=\"Skrevet af\" \/>\n\t<meta name=\"twitter:data1\" content=\"Jens Fogh Andersen\" \/>\n\t<meta name=\"twitter:label2\" content=\"Estimeret l\u00e6setid\" \/>\n\t<meta name=\"twitter:data2\" content=\"5 minutter\" \/>\n<script type=\"application\/ld+json\" class=\"yoast-schema-graph\">{\"@context\":\"https:\/\/schema.org\",\"@graph\":[{\"@type\":\"Article\",\"@id\":\"https:\/\/kunmedierne.dk\/thy\/groen-loeber-fra-thisted-by-til-baun-plantage\/#article\",\"isPartOf\":{\"@id\":\"https:\/\/kunmedierne.dk\/thy\/groen-loeber-fra-thisted-by-til-baun-plantage\/\"},\"author\":{\"name\":\"Jens Fogh Andersen\",\"@id\":\"https:\/\/kunmedierne.dk\/thy\/#\/schema\/person\/88f5be46809ca2a5533760eb574fef93\"},\"headline\":\"Gr\u00f8n l\u00f8ber fra Thisted by til Baun Plantage\",\"datePublished\":\"2025-09-22T16:35:20+00:00\",\"mainEntityOfPage\":{\"@id\":\"https:\/\/kunmedierne.dk\/thy\/groen-loeber-fra-thisted-by-til-baun-plantage\/\"},\"wordCount\":843,\"publisher\":{\"@id\":\"https:\/\/kunmedierne.dk\/thy\/#organization\"},\"image\":{\"@id\":\"https:\/\/kunmedierne.dk\/thy\/groen-loeber-fra-thisted-by-til-baun-plantage\/#primaryimage\"},\"thumbnailUrl\":\"https:\/\/kunmedierne.dk\/thy\/wp-content\/uploads\/sites\/2\/2025\/09\/Design-uden-navn-2025-09-22T120957.308.jpg\",\"keywords\":[\"Fritid\",\"Natur\",\"Sundhed\"],\"articleSection\":[\"Lokalt\"],\"inLanguage\":\"da-DK\"},{\"@type\":\"WebPage\",\"@id\":\"https:\/\/kunmedierne.dk\/thy\/groen-loeber-fra-thisted-by-til-baun-plantage\/\",\"url\":\"https:\/\/kunmedierne.dk\/thy\/groen-loeber-fra-thisted-by-til-baun-plantage\/\",\"name\":\"Gr\u00f8n l\u00f8ber fra Thisted by til Baun Plantage - Thy\",\"isPartOf\":{\"@id\":\"https:\/\/kunmedierne.dk\/thy\/#website\"},\"primaryImageOfPage\":{\"@id\":\"https:\/\/kunmedierne.dk\/thy\/groen-loeber-fra-thisted-by-til-baun-plantage\/#primaryimage\"},\"image\":{\"@id\":\"https:\/\/kunmedierne.dk\/thy\/groen-loeber-fra-thisted-by-til-baun-plantage\/#primaryimage\"},\"thumbnailUrl\":\"https:\/\/kunmedierne.dk\/thy\/wp-content\/uploads\/sites\/2\/2025\/09\/Design-uden-navn-2025-09-22T120957.308.jpg\",\"datePublished\":\"2025-09-22T16:35:20+00:00\",\"breadcrumb\":{\"@id\":\"https:\/\/kunmedierne.dk\/thy\/groen-loeber-fra-thisted-by-til-baun-plantage\/#breadcrumb\"},\"inLanguage\":\"da-DK\",\"potentialAction\":[{\"@type\":\"ReadAction\",\"target\":[\"https:\/\/kunmedierne.dk\/thy\/groen-loeber-fra-thisted-by-til-baun-plantage\/\"]}]},{\"@type\":\"ImageObject\",\"inLanguage\":\"da-DK\",\"@id\":\"https:\/\/kunmedierne.dk\/thy\/groen-loeber-fra-thisted-by-til-baun-plantage\/#primaryimage\",\"url\":\"https:\/\/kunmedierne.dk\/thy\/wp-content\/uploads\/sites\/2\/2025\/09\/Design-uden-navn-2025-09-22T120957.308.jpg\",\"contentUrl\":\"https:\/\/kunmedierne.dk\/thy\/wp-content\/uploads\/sites\/2\/2025\/09\/Design-uden-navn-2025-09-22T120957.308.jpg\",\"width\":1232,\"height\":821},{\"@type\":\"BreadcrumbList\",\"@id\":\"https:\/\/kunmedierne.dk\/thy\/groen-loeber-fra-thisted-by-til-baun-plantage\/#breadcrumb\",\"itemListElement\":[{\"@type\":\"ListItem\",\"position\":1,\"name\":\"Home\",\"item\":\"https:\/\/kunmedierne.dk\/thy\/\"},{\"@type\":\"ListItem\",\"position\":2,\"name\":\"Gr\u00f8n l\u00f8ber fra Thisted by til Baun Plantage\"}]},{\"@type\":\"WebSite\",\"@id\":\"https:\/\/kunmedierne.dk\/thy\/#website\",\"url\":\"https:\/\/kunmedierne.dk\/thy\/\",\"name\":\"Thy\",\"description\":\"et netmedie med journalistik om livet i Thy\",\"publisher\":{\"@id\":\"https:\/\/kunmedierne.dk\/thy\/#organization\"},\"potentialAction\":[{\"@type\":\"SearchAction\",\"target\":{\"@type\":\"EntryPoint\",\"urlTemplate\":\"https:\/\/kunmedierne.dk\/thy\/?s={search_term_string}\"},\"query-input\":{\"@type\":\"PropertyValueSpecification\",\"valueRequired\":true,\"valueName\":\"search_term_string\"}}],\"inLanguage\":\"da-DK\"},{\"@type\":\"Organization\",\"@id\":\"https:\/\/kunmedierne.dk\/thy\/#organization\",\"name\":\"Thy\",\"url\":\"https:\/\/kunmedierne.dk\/thy\/\",\"logo\":{\"@type\":\"ImageObject\",\"inLanguage\":\"da-DK\",\"@id\":\"https:\/\/kunmedierne.dk\/thy\/#\/schema\/logo\/image\/\",\"url\":\"https:\/\/kunmedierne.dk\/thy\/wp-content\/uploads\/sites\/2\/2025\/04\/kunthy-logo.svg\",\"contentUrl\":\"https:\/\/kunmedierne.dk\/thy\/wp-content\/uploads\/sites\/2\/2025\/04\/kunthy-logo.svg\",\"caption\":\"Thy\"},\"image\":{\"@id\":\"https:\/\/kunmedierne.dk\/thy\/#\/schema\/logo\/image\/\"}},{\"@type\":\"Person\",\"@id\":\"https:\/\/kunmedierne.dk\/thy\/#\/schema\/person\/88f5be46809ca2a5533760eb574fef93\",\"name\":\"Jens Fogh Andersen\",\"image\":{\"@type\":\"ImageObject\",\"inLanguage\":\"da-DK\",\"@id\":\"https:\/\/kunmedierne.dk\/thy\/#\/schema\/person\/image\/\",\"url\":\"https:\/\/secure.gravatar.com\/avatar\/2b367a4ef139b1c41dccc9ee7af926b81f8b4cca3359772e86c7fd5ced26c0a3?s=96&d=mm&r=g\",\"contentUrl\":\"https:\/\/secure.gravatar.com\/avatar\/2b367a4ef139b1c41dccc9ee7af926b81f8b4cca3359772e86c7fd5ced26c0a3?s=96&d=mm&r=g\",\"caption\":\"Jens Fogh Andersen\"},\"url\":\"https:\/\/kunmedierne.dk\/thy\/author\/jfa\/\"}]}<\/script>\n<!-- \/ Yoast SEO plugin. -->","yoast_head_json":{"title":"Gr\u00f8n l\u00f8ber fra Thisted by til Baun Plantage - Thy","robots":{"index":"index","follow":"follow","max-snippet":"max-snippet:-1","max-image-preview":"max-image-preview:large","max-video-preview":"max-video-preview:-1"},"canonical":"https:\/\/kunmedierne.dk\/thy\/groen-loeber-fra-thisted-by-til-baun-plantage\/","og_locale":"da_DK","og_type":"article","og_title":"Gr\u00f8n l\u00f8ber fra Thisted by til Baun Plantage - Thy","og_description":"TINGSTRUP: P\u00e5 et tidspunkt er der etableret en vandrerute hele vejen fra Limfjorden ved Thisted og p\u00e5 sigt, gennem Nationalpark Thy helt ud til havet ved Klitm\u00f8ller. Det er m\u00e5let, men forel\u00f8big er der grund til at gl\u00e6de sig over, at St\u00f8tteforeningen Tingstrup S\u00f8, STS, er s\u00e5 lagt, at den ikke blot har v\u00e6ret drivkraft [&hellip;]","og_url":"https:\/\/kunmedierne.dk\/thy\/groen-loeber-fra-thisted-by-til-baun-plantage\/","og_site_name":"Thy","article_published_time":"2025-09-22T16:35:20+00:00","og_image":[{"url":"https:\/\/kunmedierne.dk\/thy\/wp-content\/uploads\/sites\/2\/2025\/09\/Design-uden-navn-2025-09-22T120957.308.jpg","type":"","width":"","height":""}],"author":"Jens Fogh Andersen","twitter_card":"summary_large_image","twitter_misc":{"Skrevet af":"Jens Fogh Andersen","Estimeret l\u00e6setid":"5 minutter"},"schema":{"@context":"https:\/\/schema.org","@graph":[{"@type":"Article","@id":"https:\/\/kunmedierne.dk\/thy\/groen-loeber-fra-thisted-by-til-baun-plantage\/#article","isPartOf":{"@id":"https:\/\/kunmedierne.dk\/thy\/groen-loeber-fra-thisted-by-til-baun-plantage\/"},"author":{"name":"Jens Fogh Andersen","@id":"https:\/\/kunmedierne.dk\/thy\/#\/schema\/person\/88f5be46809ca2a5533760eb574fef93"},"headline":"Gr\u00f8n l\u00f8ber fra Thisted by til Baun Plantage","datePublished":"2025-09-22T16:35:20+00:00","mainEntityOfPage":{"@id":"https:\/\/kunmedierne.dk\/thy\/groen-loeber-fra-thisted-by-til-baun-plantage\/"},"wordCount":843,"publisher":{"@id":"https:\/\/kunmedierne.dk\/thy\/#organization"},"image":{"@id":"https:\/\/kunmedierne.dk\/thy\/groen-loeber-fra-thisted-by-til-baun-plantage\/#primaryimage"},"thumbnailUrl":"https:\/\/kunmedierne.dk\/thy\/wp-content\/uploads\/sites\/2\/2025\/09\/Design-uden-navn-2025-09-22T120957.308.jpg","keywords":["Fritid","Natur","Sundhed"],"articleSection":["Lokalt"],"inLanguage":"da-DK"},{"@type":"WebPage","@id":"https:\/\/kunmedierne.dk\/thy\/groen-loeber-fra-thisted-by-til-baun-plantage\/","url":"https:\/\/kunmedierne.dk\/thy\/groen-loeber-fra-thisted-by-til-baun-plantage\/","name":"Gr\u00f8n l\u00f8ber fra Thisted by til Baun Plantage - Thy","isPartOf":{"@id":"https:\/\/kunmedierne.dk\/thy\/#website"},"primaryImageOfPage":{"@id":"https:\/\/kunmedierne.dk\/thy\/groen-loeber-fra-thisted-by-til-baun-plantage\/#primaryimage"},"image":{"@id":"https:\/\/kunmedierne.dk\/thy\/groen-loeber-fra-thisted-by-til-baun-plantage\/#primaryimage"},"thumbnailUrl":"https:\/\/kunmedierne.dk\/thy\/wp-content\/uploads\/sites\/2\/2025\/09\/Design-uden-navn-2025-09-22T120957.308.jpg","datePublished":"2025-09-22T16:35:20+00:00","breadcrumb":{"@id":"https:\/\/kunmedierne.dk\/thy\/groen-loeber-fra-thisted-by-til-baun-plantage\/#breadcrumb"},"inLanguage":"da-DK","potentialAction":[{"@type":"ReadAction","target":["https:\/\/kunmedierne.dk\/thy\/groen-loeber-fra-thisted-by-til-baun-plantage\/"]}]},{"@type":"ImageObject","inLanguage":"da-DK","@id":"https:\/\/kunmedierne.dk\/thy\/groen-loeber-fra-thisted-by-til-baun-plantage\/#primaryimage","url":"https:\/\/kunmedierne.dk\/thy\/wp-content\/uploads\/sites\/2\/2025\/09\/Design-uden-navn-2025-09-22T120957.308.jpg","contentUrl":"https:\/\/kunmedierne.dk\/thy\/wp-content\/uploads\/sites\/2\/2025\/09\/Design-uden-navn-2025-09-22T120957.308.jpg","width":1232,"height":821},{"@type":"BreadcrumbList","@id":"https:\/\/kunmedierne.dk\/thy\/groen-loeber-fra-thisted-by-til-baun-plantage\/#breadcrumb","itemListElement":[{"@type":"ListItem","position":1,"name":"Home","item":"https:\/\/kunmedierne.dk\/thy\/"},{"@type":"ListItem","position":2,"name":"Gr\u00f8n l\u00f8ber fra Thisted by til Baun Plantage"}]},{"@type":"WebSite","@id":"https:\/\/kunmedierne.dk\/thy\/#website","url":"https:\/\/kunmedierne.dk\/thy\/","name":"Thy","description":"et netmedie med journalistik om livet i Thy","publisher":{"@id":"https:\/\/kunmedierne.dk\/thy\/#organization"},"potentialAction":[{"@type":"SearchAction","target":{"@type":"EntryPoint","urlTemplate":"https:\/\/kunmedierne.dk\/thy\/?s={search_term_string}"},"query-input":{"@type":"PropertyValueSpecification","valueRequired":true,"valueName":"search_term_string"}}],"inLanguage":"da-DK"},{"@type":"Organization","@id":"https:\/\/kunmedierne.dk\/thy\/#organization","name":"Thy","url":"https:\/\/kunmedierne.dk\/thy\/","logo":{"@type":"ImageObject","inLanguage":"da-DK","@id":"https:\/\/kunmedierne.dk\/thy\/#\/schema\/logo\/image\/","url":"https:\/\/kunmedierne.dk\/thy\/wp-content\/uploads\/sites\/2\/2025\/04\/kunthy-logo.svg","contentUrl":"https:\/\/kunmedierne.dk\/thy\/wp-content\/uploads\/sites\/2\/2025\/04\/kunthy-logo.svg","caption":"Thy"},"image":{"@id":"https:\/\/kunmedierne.dk\/thy\/#\/schema\/logo\/image\/"}},{"@type":"Person","@id":"https:\/\/kunmedierne.dk\/thy\/#\/schema\/person\/88f5be46809ca2a5533760eb574fef93","name":"Jens Fogh Andersen","image":{"@type":"ImageObject","inLanguage":"da-DK","@id":"https:\/\/kunmedierne.dk\/thy\/#\/schema\/person\/image\/","url":"https:\/\/secure.gravatar.com\/avatar\/2b367a4ef139b1c41dccc9ee7af926b81f8b4cca3359772e86c7fd5ced26c0a3?s=96&d=mm&r=g","contentUrl":"https:\/\/secure.gravatar.com\/avatar\/2b367a4ef139b1c41dccc9ee7af926b81f8b4cca3359772e86c7fd5ced26c0a3?s=96&d=mm&r=g","caption":"Jens Fogh Andersen"},"url":"https:\/\/kunmedierne.dk\/thy\/author\/jfa\/"}]}},"_links":{"self":[{"href":"https:\/\/kunmedierne.dk\/thy\/wp-json\/wp\/v2\/posts\/10292","targetHints":{"allow":["GET"]}}],"collection":[{"href":"https:\/\/kunmedierne.dk\/thy\/wp-json\/wp\/v2\/posts"}],"about":[{"href":"https:\/\/kunmedierne.dk\/thy\/wp-json\/wp\/v2\/types\/post"}],"author":[{"embeddable":true,"href":"https:\/\/kunmedierne.dk\/thy\/wp-json\/wp\/v2\/users\/4535"}],"replies":[{"embeddable":true,"href":"https:\/\/kunmedierne.dk\/thy\/wp-json\/wp\/v2\/comments?post=10292"}],"version-history":[{"count":10,"href":"https:\/\/kunmedierne.dk\/thy\/wp-json\/wp\/v2\/posts\/10292\/revisions"}],"predecessor-version":[{"id":10309,"href":"https:\/\/kunmedierne.dk\/thy\/wp-json\/wp\/v2\/posts\/10292\/revisions\/10309"}],"wp:attachment":[{"href":"https:\/\/kunmedierne.dk\/thy\/wp-json\/wp\/v2\/media?parent=10292"}],"wp:term":[{"taxonomy":"category","embeddable":true,"href":"https:\/\/kunmedierne.dk\/thy\/wp-json\/wp\/v2\/categories?post=10292"},{"taxonomy":"post_tag","embeddable":true,"href":"https:\/\/kunmedierne.dk\/thy\/wp-json\/wp\/v2\/tags?post=10292"}],"curies":[{"name":"wp","href":"https:\/\/api.w.org\/{rel}","templated":true}]}}