{"id":10158,"date":"2025-09-21T21:10:51","date_gmt":"2025-09-21T19:10:51","guid":{"rendered":"https:\/\/kunmedierne.dk\/thy\/?p=10158"},"modified":"2025-09-21T21:09:45","modified_gmt":"2025-09-21T19:09:45","slug":"flere-patienter-kan-naeste-aar-behandles-paa-sygehuset-i-thisted","status":"publish","type":"post","link":"https:\/\/kunmedierne.dk\/thy\/flere-patienter-kan-naeste-aar-behandles-paa-sygehuset-i-thisted\/","title":{"rendered":"Flere patienter kan n\u00e6ste \u00e5r behandles p\u00e5 sygehuset i Thisted"},"content":{"rendered":"<p><strong>THY-MORS:<\/strong> Et samlet regionsr\u00e5det i Region Nordjylland har netop indg\u00e5et et forlig om budgettet for 2026, hvor der afs\u00e6ttes en kvart millard mere til sundhedsomr\u00e5det &#8211; n\u00e6rmere bestemt 236 millioner kroner.<\/p>\n<p>Det er jo ikke nemt at forholde sig til s\u00e5 store bel\u00f8b, s\u00e5 KunThy har spurgt to lokalt valgte politikere i regionsr\u00e5det, hvad de vil fremh\u00e6ve af s\u00e6rlig betydning for sygehuset i Thisted og s\u00e6rligt for patienterne fra Thy og Mors.<\/p>\n<p>Lina Jespersen, Klitm\u00f8ller, er praktiserende l\u00e6ge i Thisted og valgt for Venstre. Hanne Korsgaard, Thisted, er socialr\u00e5dgiver, tidligere familier\u00e5dgivningschef i Thisted Kommune og valgt for Socialdemokratiet.<\/p>\n<a class=\"dvrt-link\" onClick=\"cdmtrack_click(1130,jQuery(this));return false\" href=\"https:\/\/www.thistedforsikring.dk\/?utm_source=partnerskaber&amp;utm_campaign=kun_thy\"><img decoding=\"async\" style=\"width:100%;\" src=\"https:\/\/kunmedierne.dk\/thy\/wp-content\/uploads\/sites\/2\/2025\/04\/260409KunThyThisted-For-1.png\"><\/a><script>cdmtrack_view(1130);<\/script>\n<p>De to politikere fremh\u00e6ver begge 6,3 mio. kr., der er sat af til forbedring af kapaciteten inden for gigtsygdomme og mave-tarm sygdomme p\u00e5 Aalborg Universitetshospital i Thisted.<\/p>\n<p>&#8211; Det er godt for sygehuset, at man f\u00e5r flere specialiserede behandlinger lagt ud decentralt. Det passer ogs\u00e5 godt ind i politikken om at styrke det n\u00e6re sundhedsv\u00e6sen, understreger Lina Jespersen, der er formand for sundhedsudvalget under regionsr\u00e5det.<\/p>\n<p>Hanne Korsgaard, der er medlem af forretningsudvalget under regionsr\u00e5det, oplyser, at 1212 gigtpatienter og 1184 mavetarmpatienter fra Thy og Mors i 2024 m\u00e5tte rejse til Hj\u00f8rring eller Aalborg for blive udredt eller f\u00e5 medicinsk behandling.<\/p>\n<p>N\u00e5r der i budgettet for 2026 er afsat 6,3 mio. kr. betyder det helt bogstaveligt, at patienterne fremover vil kunne blive tilset i Thisted to gange om ugen inden for de to medicinske specialer.<\/p>\n<a class=\"dvrt-link\" onClick=\"cdmtrack_click(685,jQuery(this));return false\" href=\"https:\/\/wensien.dk\/begravelse\/?gad_source=1&gclid=Cj0KCQjwtJ6_BhDWARIsAGanmKcWw6hbeoepGti1oApJGHln52gMbg8EBRZ86__3P1AJZ5dcsw4ZvNEaAk7JEALw_wcB\"><img decoding=\"async\" style=\"width:100%;\" src=\"https:\/\/kunmedierne.dk\/thy\/wp-content\/uploads\/sites\/2\/2025\/03\/wensien-stenhugger.jpg\"><\/a><script>cdmtrack_view(685);<\/script>\n<p>Helt konkret vil Aalborg Universitetshospital Thisted f\u00e5 tilf\u00f8rt 1,5 speciall\u00e6gestillig inden for bindev\u00e6vssygdomme og \u00e9n speciall\u00e6ge inden for mave-tarmsygdomme. Der vil v\u00e6re en tilsvarende sygeplejerskenormering p\u00e5 de to omr\u00e5der.<\/p>\n<p>&#8211; Det er et stort l\u00f8ft til vores lokale sygehus, og det vil helt klart ogs\u00e5 betyde noget for at tiltr\u00e6kke uddannelsesl\u00e6ger, siger Hanne Korsgaard.<\/p>\n<p>Hanne Korsgaard kontaktes j\u00e6vnligt af borgere, der har \u00f8nske om lettere adgang til behandling p\u00e5 visse omr\u00e5der, og hun fremh\u00e6ver den betydning, det for eksempel har haft for patienter med \u00f8jensygdommen AMD, at de nu kan f\u00e5 fem minutters behandling hver 14. dag i Thisted &#8211; og dermed slippe for turen til Aalborg.<\/p>\n<p>&#8211; Det er helt fantastisk, at vi har kunnet f\u00e5 s\u00e5dan en opgave til Thisted, siger hun.<\/p>\n<p>Begge politikere n\u00e6vner ogs\u00e5 et andet element i budgetaftalen, der kan f\u00e5 betydning for sygehuset i Thisted og patienter i Thy og p\u00e5 Mors.<\/p>\n<a class=\"dvrt-link\" onClick=\"cdmtrack_click(1130,jQuery(this));return false\" href=\"https:\/\/www.thistedforsikring.dk\/?utm_source=partnerskaber&amp;utm_campaign=kun_thy\"><img decoding=\"async\" style=\"width:100%;\" src=\"https:\/\/kunmedierne.dk\/thy\/wp-content\/uploads\/sites\/2\/2025\/04\/260409KunThyThisted-For-1.png\"><\/a><script>cdmtrack_view(1130);<\/script>\n<p>Det drejer sig om de 70 mio. kr., der er sat af til at nedbringe ventelisterne.<\/p>\n<p>&#8211; Thisted skal ogs\u00e5 v\u00e6re med til at sikre det. Jeg regner med, at vi benytter alle vores matrikler, siger Lina Jespersen.<\/p>\n<p>Begge regionsr\u00e5dsmedlemmer fra Thy n\u00e6vner, at tre operationsstuer i Thisted er ved at blive opgraderet.<\/p>\n<p>Hanne Korsgaard:<\/p>\n<p>&#8211; Jeg snakkede forleden med \u00e9n, der ventede et halvt \u00e5r p\u00e5 operation for gr\u00f8n st\u00e6r. Det er jo ikke holdbart.<\/p>\n<p>Sigtet er, at budgetaftalen kan nedbringe ventelister og give flere opgaver decentralt.<\/p>\n<p>&#8211; N\u00e5r jeg er valgt i Thy, er jeg v\u00e6ldig optaget af, at Thisted Sygehus kan f\u00e5 s\u00e5 mange patienter som muligt inden for de specialer, hvor det kan lade sig g\u00f8re, understreger Hanne Korsgaard.<\/p>\n<a class=\"dvrt-link\" onClick=\"cdmtrack_click(687,jQuery(this));return false\" href=\"https:\/\/konpap.dk\/?gad_source=1&gclid=Cj0KCQjwtJ6_BhDWARIsAGanmKfOBLC3RBm6obWL5sEb-mp4bsp5QjqWW4j4nx22y0YT2iMiXJcv3MoaApR_EALw_wcB\"><img decoding=\"async\" style=\"width:100%;\" src=\"https:\/\/kunmedierne.dk\/thy\/wp-content\/uploads\/sites\/2\/2025\/03\/redoffice.jpg\"><\/a><script>cdmtrack_view(687);<\/script>\n<p>De to regionsr\u00e5dspolitikere n\u00e6vner ogs\u00e5 mindre udgiftstunge men vigtige elementer i budgetaftalen.<\/p>\n<p>Lina Jespersen fort\u00e6ller, at akutmodtagelsen i Thisted ogs\u00e5 er i fokus ved en aftale om uddannelse af personale i at h\u00e5ndtere socialt udsatte. Det handler meget om kommunikation.<\/p>\n<p>&#8211; Vi oplever helt vildt stor interesse fra personalet i at komme p\u00e5 de her kurser, fort\u00e6ller hun.<\/p>\n<p>Hanne Korsgaard n\u00e6vner ogs\u00e5 en delaftale, der betyder, at Aalborg Universitetshospital Thisted f\u00e5r otte evalueringsforl\u00f8b for udenlandske sygeplejersker &#8211; evalueringsforl\u00f8b, der er n\u00f8dvendige hvis de skal have autorisation til at arbejde i Danmark.<\/p>\n<p>&nbsp;<\/p>\n<blockquote>\n<h2>Nedslag i budgetaftalen<\/h2>\n<p>70 millioner kroner til nedbringelse af ventetiderne generelt<\/p>\n<ul>\n<li>I 2026 er der afsat 70 millioner kroner. Midlerne fordeles p\u00e5 de specialer, hvor der opleves s\u00e6rligt lange ventetider.<\/li>\n<\/ul>\n<ul>\n<li>Heriblandt er der afsat penge \u00f8rem\u00e6rket de mest tr\u00e6ngte specialer. Herunder ortop\u00e6dkirurgi, urologi, demens- og h\u00f8reomr\u00e5det.\u00a0 For is\u00e6r demens- og h\u00f8reomr\u00e5det er der i \u00f8jeblikket lange ventelister, som man \u00f8nsker at g\u00f8re en s\u00e6rlig indsats for at nedbringe.<\/li>\n<\/ul>\n<p>Midler til robustg\u00f8relse af hospitalerne<\/p>\n<ul>\n<li>Cirka 40 millioner kroner afs\u00e6ttes til robustg\u00f8relse af hospitalerne. De mindre matrikler styrkes, hvor der bl.a. Investeres over 4 millioner i akutmodtagelsen p\u00e5 Regionshospital Nordjylland og \u00f8get kapacitet til diabetesbehandling. Herudover afs\u00e6ttes der 6,3 millioner til forbedring af kapacitet indenfor gigt og mave- og tarmsygdomme p\u00e5 Aalborg Universitetshospital, Thisted.<\/li>\n<\/ul>\n<ul>\n<li>Der afs\u00e6ttes 6 millioner kroner til kr\u00e6ftomr\u00e5det. Midlerne skal g\u00e5 dels til konsolidering af kapaciteten p\u00e5 omr\u00e5det, bl.a. i forhold til brystkr\u00e6ftscreening, dels til igangs\u00e6ttelse af ny avanceret behandling p\u00e5 Aalborg Universitetshospital, som sikrer nordjyske kr\u00e6ftpatienter behandling i n\u00e6rmilj\u00f8et.<\/li>\n<\/ul>\n<p>45 millioner kroner til flytningen til Hospitalsbyen<\/p>\n<ul>\n<li>I 2026 flytter Aalborg Universitetshospital til Hospitalsbyen i Aalborg \u00d8st. I 2026 vil der blive tilf\u00f8rt yderligere 45 millioner kroner til at underst\u00f8tte flytteopgaven &#8211; ud over de i forvejen afsatte midler tidligere \u00e5r. I de 45 millioner kroner er der ogs\u00e5 indeholdt udgifterne relateret til at sikre de ansatte gratis parkering i Hospitalsbyen.<\/li>\n<\/ul>\n<p>31,5 millioner kroner til psykiatrien<\/p>\n<ul>\n<li>Psykiatrien er under et massivt pres, og der er fortsat udfordringer med lange ventetider, s\u00e6rligt i B\u00f8rne- og Ungepsykiatrien. Med den nye budgetaftale tilf\u00f8res der derfor yderligere ca. 31,5 millioner kroner til psykiatrien til yderligere robustg\u00f8relse, blandt andet til udredning og behandling af ADHD og autisme blandt b\u00f8rn og unge.<\/li>\n<\/ul>\n<p>14 millioner kroner til den kollektive trafik<\/p>\n<ul>\n<li>Den kollektive trafik, herunder s\u00e6rligt togdriften, er ramt af stigende udgifter b\u00e5de grundet en ny CO\u2082-afgift og udvidelsen af den regionale togdrift til Himmerland. Omr\u00e5det tilf\u00f8res 14 millioner kroner for at sikre, at serviceniveauet kan fastholdes, og der vil ogs\u00e5 ske en styrkelse af indsatser for samk\u00f8rsel.<\/li>\n<\/ul>\n<p>29 millioner kroner til uddannelse af flere speciall\u00e6ger samt akutsygeplejersker<\/p>\n<ul>\n<li>Som konsekvens af den \u00f8gede dimensionering p\u00e5 l\u00e6geuddannelsen p\u00e5 Aalborg Universitet tilf\u00f8res hospitalerne 13 millioner kroner ekstra til at sikre yderligere mulighed for at l\u00e6ger kan uddannes til speciall\u00e6ger samt uddannelse af akutsygeplejersker.<\/li>\n<\/ul>\n<p>Indsatser i relationer til kvinders sundhed<\/p>\n<ul>\n<li>Det er aftalt, at der skal afs\u00e6ttes 2 millioner kroner til indsatser i relation til kvinders sundhed. Der laves en specialiseret indsats for endometriose i Region Nordjylland. Det er aftalt, at bel\u00f8bet i 2027 bliver h\u00e6vet til 3 millioner.<\/li>\n<\/ul>\n<p>7,5 millioner kroner til indsatser rettet mod socialt udsatte borgere<\/p>\n<ul>\n<li>I budget 2025 blev der afsat midler til at styrke indsatsen for socialt udsatte borgere i Region Nordjylland. Der blev igangsat arbejde med at oprette flexteams tilknyttet akuthospitalerne, og denne ordning skal nu udvides og tilf\u00f8res yderligere midler i 2026. Heraf g\u00e5r 2 millioner til st\u00f8tte af lokale organisationer med fokus p\u00e5 omr\u00e5det i 2026.<\/li>\n<\/ul>\n<p>Midler til gennemf\u00f8rsel af st\u00f8rre anl\u00e6gsprojekter<\/p><\/blockquote>\n<ul>\n<li>\n<blockquote><p>P\u00e5 anl\u00e6gsomr\u00e5det prioriteres gennemf\u00f8rslen af de st\u00f8rre og allerede planlagte projekter. Det omfatter etableringen af ny neurorehabilitering i Br\u00f8nderslev, opf\u00f8relsen af en ny behandlingsbygning i Hj\u00f8rring, etableringen af patient- og barselshotel i Hospitalsbyen og den fortsatte udflytning fra Sydmatriklen til Hospitalsbyen i Aalborg \u00d8st.<\/p><\/blockquote>\n<\/li>\n<li>Kilde: Region Nordjylland.<\/li>\n<\/ul>\n<p><a href=\"https:\/\/rn.dk\/-\/media\/Rn_dk\/Om-Region-Nordjylland\/Budget-og-regnskab\/Budget-2026\/Budget-2026-Sammen-om-fremtiden.pdf\">Den samlede aftale kan findes l\u00e6ses ved at trykke her.<\/a><\/p>\n","protected":false},"excerpt":{"rendered":"<p>THY-MORS: Et samlet regionsr\u00e5det i Region Nordjylland har netop indg\u00e5et et forlig om budgettet for 2026, hvor der afs\u00e6ttes en kvart millard mere til sundhedsomr\u00e5det &#8211; n\u00e6rmere bestemt 236 millioner kroner. Det er jo ikke nemt at forholde sig til s\u00e5 store bel\u00f8b, s\u00e5 KunThy har spurgt to lokalt valgte politikere i regionsr\u00e5det, hvad de [&hellip;]<\/p>\n","protected":false},"author":1925,"featured_media":0,"comment_status":"closed","ping_status":"closed","sticky":false,"template":"","format":"standard","meta":{"_acf_changed":false,"footnotes":""},"categories":[24],"tags":[47],"class_list":["post-10158","post","type-post","status-publish","format-standard","hentry","category-lokalt","tag-sundhed"],"acf":[],"yoast_head":"<!-- This site is optimized with the Yoast SEO plugin v26.8 - https:\/\/yoast.com\/product\/yoast-seo-wordpress\/ -->\n<title>Flere patienter kan n\u00e6ste \u00e5r behandles p\u00e5 sygehuset i Thisted - Thy<\/title>\n<meta name=\"robots\" content=\"index, follow, max-snippet:-1, max-image-preview:large, max-video-preview:-1\" \/>\n<link rel=\"canonical\" href=\"https:\/\/kunmedierne.dk\/thy\/flere-patienter-kan-naeste-aar-behandles-paa-sygehuset-i-thisted\/\" \/>\n<meta property=\"og:locale\" content=\"da_DK\" \/>\n<meta property=\"og:type\" content=\"article\" \/>\n<meta property=\"og:title\" content=\"Flere patienter kan n\u00e6ste \u00e5r behandles p\u00e5 sygehuset i Thisted - Thy\" \/>\n<meta property=\"og:description\" content=\"THY-MORS: Et samlet regionsr\u00e5det i Region Nordjylland har netop indg\u00e5et et forlig om budgettet for 2026, hvor der afs\u00e6ttes en kvart millard mere til sundhedsomr\u00e5det &#8211; n\u00e6rmere bestemt 236 millioner kroner. Det er jo ikke nemt at forholde sig til s\u00e5 store bel\u00f8b, s\u00e5 KunThy har spurgt to lokalt valgte politikere i regionsr\u00e5det, hvad de [&hellip;]\" \/>\n<meta property=\"og:url\" content=\"https:\/\/kunmedierne.dk\/thy\/flere-patienter-kan-naeste-aar-behandles-paa-sygehuset-i-thisted\/\" \/>\n<meta property=\"og:site_name\" content=\"Thy\" \/>\n<meta property=\"article:published_time\" content=\"2025-09-21T19:10:51+00:00\" \/>\n<meta name=\"author\" content=\"Lone L\u00e6rke Krog\" \/>\n<meta name=\"twitter:card\" content=\"summary_large_image\" \/>\n<meta name=\"twitter:label1\" content=\"Skrevet af\" \/>\n\t<meta name=\"twitter:data1\" content=\"Lone L\u00e6rke Krog\" \/>\n\t<meta name=\"twitter:label2\" content=\"Estimeret l\u00e6setid\" \/>\n\t<meta name=\"twitter:data2\" content=\"4 minutter\" \/>\n<script type=\"application\/ld+json\" class=\"yoast-schema-graph\">{\"@context\":\"https:\/\/schema.org\",\"@graph\":[{\"@type\":\"Article\",\"@id\":\"https:\/\/kunmedierne.dk\/thy\/flere-patienter-kan-naeste-aar-behandles-paa-sygehuset-i-thisted\/#article\",\"isPartOf\":{\"@id\":\"https:\/\/kunmedierne.dk\/thy\/flere-patienter-kan-naeste-aar-behandles-paa-sygehuset-i-thisted\/\"},\"author\":{\"name\":\"Lone L\u00e6rke Krog\",\"@id\":\"https:\/\/kunmedierne.dk\/thy\/#\/schema\/person\/d266634ba6550d075ecf540d63b245d2\"},\"headline\":\"Flere patienter kan n\u00e6ste \u00e5r behandles p\u00e5 sygehuset i Thisted\",\"datePublished\":\"2025-09-21T19:10:51+00:00\",\"mainEntityOfPage\":{\"@id\":\"https:\/\/kunmedierne.dk\/thy\/flere-patienter-kan-naeste-aar-behandles-paa-sygehuset-i-thisted\/\"},\"wordCount\":1241,\"publisher\":{\"@id\":\"https:\/\/kunmedierne.dk\/thy\/#organization\"},\"keywords\":[\"Sundhed\"],\"articleSection\":[\"Lokalt\"],\"inLanguage\":\"da-DK\"},{\"@type\":\"WebPage\",\"@id\":\"https:\/\/kunmedierne.dk\/thy\/flere-patienter-kan-naeste-aar-behandles-paa-sygehuset-i-thisted\/\",\"url\":\"https:\/\/kunmedierne.dk\/thy\/flere-patienter-kan-naeste-aar-behandles-paa-sygehuset-i-thisted\/\",\"name\":\"Flere patienter kan n\u00e6ste \u00e5r behandles p\u00e5 sygehuset i Thisted - Thy\",\"isPartOf\":{\"@id\":\"https:\/\/kunmedierne.dk\/thy\/#website\"},\"datePublished\":\"2025-09-21T19:10:51+00:00\",\"breadcrumb\":{\"@id\":\"https:\/\/kunmedierne.dk\/thy\/flere-patienter-kan-naeste-aar-behandles-paa-sygehuset-i-thisted\/#breadcrumb\"},\"inLanguage\":\"da-DK\",\"potentialAction\":[{\"@type\":\"ReadAction\",\"target\":[\"https:\/\/kunmedierne.dk\/thy\/flere-patienter-kan-naeste-aar-behandles-paa-sygehuset-i-thisted\/\"]}]},{\"@type\":\"BreadcrumbList\",\"@id\":\"https:\/\/kunmedierne.dk\/thy\/flere-patienter-kan-naeste-aar-behandles-paa-sygehuset-i-thisted\/#breadcrumb\",\"itemListElement\":[{\"@type\":\"ListItem\",\"position\":1,\"name\":\"Home\",\"item\":\"https:\/\/kunmedierne.dk\/thy\/\"},{\"@type\":\"ListItem\",\"position\":2,\"name\":\"Flere patienter kan n\u00e6ste \u00e5r behandles p\u00e5 sygehuset i Thisted\"}]},{\"@type\":\"WebSite\",\"@id\":\"https:\/\/kunmedierne.dk\/thy\/#website\",\"url\":\"https:\/\/kunmedierne.dk\/thy\/\",\"name\":\"Thy\",\"description\":\"et netmedie med journalistik om livet i Thy\",\"publisher\":{\"@id\":\"https:\/\/kunmedierne.dk\/thy\/#organization\"},\"potentialAction\":[{\"@type\":\"SearchAction\",\"target\":{\"@type\":\"EntryPoint\",\"urlTemplate\":\"https:\/\/kunmedierne.dk\/thy\/?s={search_term_string}\"},\"query-input\":{\"@type\":\"PropertyValueSpecification\",\"valueRequired\":true,\"valueName\":\"search_term_string\"}}],\"inLanguage\":\"da-DK\"},{\"@type\":\"Organization\",\"@id\":\"https:\/\/kunmedierne.dk\/thy\/#organization\",\"name\":\"Thy\",\"url\":\"https:\/\/kunmedierne.dk\/thy\/\",\"logo\":{\"@type\":\"ImageObject\",\"inLanguage\":\"da-DK\",\"@id\":\"https:\/\/kunmedierne.dk\/thy\/#\/schema\/logo\/image\/\",\"url\":\"https:\/\/kunmedierne.dk\/thy\/wp-content\/uploads\/sites\/2\/2025\/04\/kunthy-logo.svg\",\"contentUrl\":\"https:\/\/kunmedierne.dk\/thy\/wp-content\/uploads\/sites\/2\/2025\/04\/kunthy-logo.svg\",\"caption\":\"Thy\"},\"image\":{\"@id\":\"https:\/\/kunmedierne.dk\/thy\/#\/schema\/logo\/image\/\"}},{\"@type\":\"Person\",\"@id\":\"https:\/\/kunmedierne.dk\/thy\/#\/schema\/person\/d266634ba6550d075ecf540d63b245d2\",\"name\":\"Lone L\u00e6rke Krog\",\"image\":{\"@type\":\"ImageObject\",\"inLanguage\":\"da-DK\",\"@id\":\"https:\/\/kunmedierne.dk\/thy\/#\/schema\/person\/image\/\",\"url\":\"https:\/\/secure.gravatar.com\/avatar\/496ddc7080e56b4ac64cfd4e56bd6d1ee396fa3db1923aa22f11346f60bb135b?s=96&d=mm&r=g\",\"contentUrl\":\"https:\/\/secure.gravatar.com\/avatar\/496ddc7080e56b4ac64cfd4e56bd6d1ee396fa3db1923aa22f11346f60bb135b?s=96&d=mm&r=g\",\"caption\":\"Lone L\u00e6rke Krog\"},\"url\":\"https:\/\/kunmedierne.dk\/thy\/author\/llk\/\"}]}<\/script>\n<!-- \/ Yoast SEO plugin. -->","yoast_head_json":{"title":"Flere patienter kan n\u00e6ste \u00e5r behandles p\u00e5 sygehuset i Thisted - Thy","robots":{"index":"index","follow":"follow","max-snippet":"max-snippet:-1","max-image-preview":"max-image-preview:large","max-video-preview":"max-video-preview:-1"},"canonical":"https:\/\/kunmedierne.dk\/thy\/flere-patienter-kan-naeste-aar-behandles-paa-sygehuset-i-thisted\/","og_locale":"da_DK","og_type":"article","og_title":"Flere patienter kan n\u00e6ste \u00e5r behandles p\u00e5 sygehuset i Thisted - Thy","og_description":"THY-MORS: Et samlet regionsr\u00e5det i Region Nordjylland har netop indg\u00e5et et forlig om budgettet for 2026, hvor der afs\u00e6ttes en kvart millard mere til sundhedsomr\u00e5det &#8211; n\u00e6rmere bestemt 236 millioner kroner. Det er jo ikke nemt at forholde sig til s\u00e5 store bel\u00f8b, s\u00e5 KunThy har spurgt to lokalt valgte politikere i regionsr\u00e5det, hvad de [&hellip;]","og_url":"https:\/\/kunmedierne.dk\/thy\/flere-patienter-kan-naeste-aar-behandles-paa-sygehuset-i-thisted\/","og_site_name":"Thy","article_published_time":"2025-09-21T19:10:51+00:00","author":"Lone L\u00e6rke Krog","twitter_card":"summary_large_image","twitter_misc":{"Skrevet af":"Lone L\u00e6rke Krog","Estimeret l\u00e6setid":"4 minutter"},"schema":{"@context":"https:\/\/schema.org","@graph":[{"@type":"Article","@id":"https:\/\/kunmedierne.dk\/thy\/flere-patienter-kan-naeste-aar-behandles-paa-sygehuset-i-thisted\/#article","isPartOf":{"@id":"https:\/\/kunmedierne.dk\/thy\/flere-patienter-kan-naeste-aar-behandles-paa-sygehuset-i-thisted\/"},"author":{"name":"Lone L\u00e6rke Krog","@id":"https:\/\/kunmedierne.dk\/thy\/#\/schema\/person\/d266634ba6550d075ecf540d63b245d2"},"headline":"Flere patienter kan n\u00e6ste \u00e5r behandles p\u00e5 sygehuset i Thisted","datePublished":"2025-09-21T19:10:51+00:00","mainEntityOfPage":{"@id":"https:\/\/kunmedierne.dk\/thy\/flere-patienter-kan-naeste-aar-behandles-paa-sygehuset-i-thisted\/"},"wordCount":1241,"publisher":{"@id":"https:\/\/kunmedierne.dk\/thy\/#organization"},"keywords":["Sundhed"],"articleSection":["Lokalt"],"inLanguage":"da-DK"},{"@type":"WebPage","@id":"https:\/\/kunmedierne.dk\/thy\/flere-patienter-kan-naeste-aar-behandles-paa-sygehuset-i-thisted\/","url":"https:\/\/kunmedierne.dk\/thy\/flere-patienter-kan-naeste-aar-behandles-paa-sygehuset-i-thisted\/","name":"Flere patienter kan n\u00e6ste \u00e5r behandles p\u00e5 sygehuset i Thisted - Thy","isPartOf":{"@id":"https:\/\/kunmedierne.dk\/thy\/#website"},"datePublished":"2025-09-21T19:10:51+00:00","breadcrumb":{"@id":"https:\/\/kunmedierne.dk\/thy\/flere-patienter-kan-naeste-aar-behandles-paa-sygehuset-i-thisted\/#breadcrumb"},"inLanguage":"da-DK","potentialAction":[{"@type":"ReadAction","target":["https:\/\/kunmedierne.dk\/thy\/flere-patienter-kan-naeste-aar-behandles-paa-sygehuset-i-thisted\/"]}]},{"@type":"BreadcrumbList","@id":"https:\/\/kunmedierne.dk\/thy\/flere-patienter-kan-naeste-aar-behandles-paa-sygehuset-i-thisted\/#breadcrumb","itemListElement":[{"@type":"ListItem","position":1,"name":"Home","item":"https:\/\/kunmedierne.dk\/thy\/"},{"@type":"ListItem","position":2,"name":"Flere patienter kan n\u00e6ste \u00e5r behandles p\u00e5 sygehuset i Thisted"}]},{"@type":"WebSite","@id":"https:\/\/kunmedierne.dk\/thy\/#website","url":"https:\/\/kunmedierne.dk\/thy\/","name":"Thy","description":"et netmedie med journalistik om livet i Thy","publisher":{"@id":"https:\/\/kunmedierne.dk\/thy\/#organization"},"potentialAction":[{"@type":"SearchAction","target":{"@type":"EntryPoint","urlTemplate":"https:\/\/kunmedierne.dk\/thy\/?s={search_term_string}"},"query-input":{"@type":"PropertyValueSpecification","valueRequired":true,"valueName":"search_term_string"}}],"inLanguage":"da-DK"},{"@type":"Organization","@id":"https:\/\/kunmedierne.dk\/thy\/#organization","name":"Thy","url":"https:\/\/kunmedierne.dk\/thy\/","logo":{"@type":"ImageObject","inLanguage":"da-DK","@id":"https:\/\/kunmedierne.dk\/thy\/#\/schema\/logo\/image\/","url":"https:\/\/kunmedierne.dk\/thy\/wp-content\/uploads\/sites\/2\/2025\/04\/kunthy-logo.svg","contentUrl":"https:\/\/kunmedierne.dk\/thy\/wp-content\/uploads\/sites\/2\/2025\/04\/kunthy-logo.svg","caption":"Thy"},"image":{"@id":"https:\/\/kunmedierne.dk\/thy\/#\/schema\/logo\/image\/"}},{"@type":"Person","@id":"https:\/\/kunmedierne.dk\/thy\/#\/schema\/person\/d266634ba6550d075ecf540d63b245d2","name":"Lone L\u00e6rke Krog","image":{"@type":"ImageObject","inLanguage":"da-DK","@id":"https:\/\/kunmedierne.dk\/thy\/#\/schema\/person\/image\/","url":"https:\/\/secure.gravatar.com\/avatar\/496ddc7080e56b4ac64cfd4e56bd6d1ee396fa3db1923aa22f11346f60bb135b?s=96&d=mm&r=g","contentUrl":"https:\/\/secure.gravatar.com\/avatar\/496ddc7080e56b4ac64cfd4e56bd6d1ee396fa3db1923aa22f11346f60bb135b?s=96&d=mm&r=g","caption":"Lone L\u00e6rke Krog"},"url":"https:\/\/kunmedierne.dk\/thy\/author\/llk\/"}]}},"_links":{"self":[{"href":"https:\/\/kunmedierne.dk\/thy\/wp-json\/wp\/v2\/posts\/10158","targetHints":{"allow":["GET"]}}],"collection":[{"href":"https:\/\/kunmedierne.dk\/thy\/wp-json\/wp\/v2\/posts"}],"about":[{"href":"https:\/\/kunmedierne.dk\/thy\/wp-json\/wp\/v2\/types\/post"}],"author":[{"embeddable":true,"href":"https:\/\/kunmedierne.dk\/thy\/wp-json\/wp\/v2\/users\/1925"}],"replies":[{"embeddable":true,"href":"https:\/\/kunmedierne.dk\/thy\/wp-json\/wp\/v2\/comments?post=10158"}],"version-history":[{"count":7,"href":"https:\/\/kunmedierne.dk\/thy\/wp-json\/wp\/v2\/posts\/10158\/revisions"}],"predecessor-version":[{"id":10257,"href":"https:\/\/kunmedierne.dk\/thy\/wp-json\/wp\/v2\/posts\/10158\/revisions\/10257"}],"wp:attachment":[{"href":"https:\/\/kunmedierne.dk\/thy\/wp-json\/wp\/v2\/media?parent=10158"}],"wp:term":[{"taxonomy":"category","embeddable":true,"href":"https:\/\/kunmedierne.dk\/thy\/wp-json\/wp\/v2\/categories?post=10158"},{"taxonomy":"post_tag","embeddable":true,"href":"https:\/\/kunmedierne.dk\/thy\/wp-json\/wp\/v2\/tags?post=10158"}],"curies":[{"name":"wp","href":"https:\/\/api.w.org\/{rel}","templated":true}]}}