{"id":99380,"date":"2023-08-07T11:27:51","date_gmt":"2023-08-07T09:27:51","guid":{"rendered":"https:\/\/kunmedierne.dk\/mors\/?p=99380"},"modified":"2024-08-12T13:17:45","modified_gmt":"2024-08-12T11:17:45","slug":"kulturens-analyseinstitut-bliver-ny-partner-paa-kulturmoedet-mors","status":"publish","type":"post","link":"https:\/\/kunmedierne.dk\/mors\/kulturens-analyseinstitut-bliver-ny-partner-paa-kulturmoedet-mors\/","title":{"rendered":"Kulturens Analyseinstitut bliver ny partner p\u00e5 Kulturm\u00f8det Mors"},"content":{"rendered":"<p><strong>MORS<\/strong>: Hvad betyder kulturen for samfundet?<\/p>\n<p>D\u00e9t store sp\u00f8rgsm\u00e5l er stillet mange gange f\u00f8r, og en ny akt\u00f8r p\u00e5 banen, Kulturens Analyseinstitut, kommer nu til at tage Kulturm\u00f8det Mors i brug arbejdet p\u00e5 et svar.<\/p>\n<p>Det sker gennem et partnerskab, der skal bidrage som facilitator, debatt\u00f8r og med ny viden p\u00e5 kulturomr\u00e5det.<\/p>\n<p>&#8211; Det er et perfekt match, og vi er meget glade for samarbejdet, siger Trine Bang, direkt\u00f8r for Kulturm\u00f8det Mors.<\/p>\n<a class=\"dvrt-link\" onClick=\"cdmtrack_click(104783,jQuery(this));return false\" href=\"https:\/\/konpap.dk\/\"><img decoding=\"async\" style=\"width:100%;\" src=\"https:\/\/kunmedierne.dk\/mors\/wp-content\/uploads\/2023\/10\/Kun-Mors-banner.jpg\"><\/a><script>cdmtrack_view(104783);<\/script>\n<p>Som del af partnerskabet vil Kulturens Analyseinstitut freml\u00e6gge ny viden om kulturens betydning, invitere p\u00e5 aftensaloner, der samler op p\u00e5 dagenes debatter og holde \u00e5ben redaktion, hvor kunstnere, politikere og kulturpersonligheder bliver interviewet.<\/p>\n<p>&#8211; Kulturm\u00f8det har i et \u00e5rti taget pulsen p\u00e5 aktuelle temaer i kunst- og kulturlivet og er branchens \u00e5rlige samlingspunkt, og med Kulturens Analyseinstitut f\u00e5r vi en partner, der kan bakke kulturens vigtighed op med solid viden, og som forts\u00e6tter samtalen om kulturens v\u00e6rdi \u00e5ret rundt, siger Trine Bang.<\/p>\n<p>&nbsp;<\/p>\n<p><strong>Et oplagt samarbejde<\/strong><\/p>\n<p>Gennem 10 \u00e5r har Kulturm\u00f8det etableret sig som branchens v\u00e6sentligste platform for debat og udveksling af viden. For Kulturens Analyseinstitut er det n\u00e6rliggende at v\u00e6re en ny partner, n\u00e5r sektoren samler sig for at dr\u00f8fte de store samfundsdagsordner, hvor kultur og kunst spiller en vigtig rolle:<\/p>\n<p>&#8211; Det er helt oplagt for Kulturens Analyseinstitut at samarbejdet med Kulturm\u00f8det Mors, og vi gl\u00e6der os meget til at bidrage b\u00e5de som deltagere i paneldebatter og som v\u00e6rter for diskussioner om kulturen, siger Esben Danielsen, direkt\u00f8r i Kulturens Analyseinstitut.<\/p>\n<a class=\"dvrt-link\" onClick=\"cdmtrack_click(104783,jQuery(this));return false\" href=\"https:\/\/konpap.dk\/\"><img decoding=\"async\" style=\"width:100%;\" src=\"https:\/\/kunmedierne.dk\/mors\/wp-content\/uploads\/2023\/10\/Kun-Mors-banner.jpg\"><\/a><script>cdmtrack_view(104783);<\/script>\n<p>Han forts\u00e6tter:<\/p>\n<p>&#8211; Kultur er heldigvis blevet en vigtig del af den offentlige samtale, n\u00e5r det handler om de store dagsordner, og det er netop vores opgave at unders\u00f8ge kulturens betydning i samfundet. S\u00e5 vi er b\u00e5de stolte og glade for partnerskabet med Kulturm\u00f8det Mors, der kan v\u00e6re med til at rette den politiske opm\u00e6rksomhed p\u00e5 kulturens betydning.<\/p>\n<p>Esben Danielsen er med som paneldeltager blandt i debatten om kommunernes kulturrolle, ligesom han er v\u00e6rt for to aftenarrangementer, der samler op p\u00e5 dagens vigtigste debatter.<\/p>\n<p>&#8211; Vi kommer b\u00e5de som paneldeltagere og som v\u00e6rter for debatter. Men vi deltager ogs\u00e5 for at lytte og for at blive klogere. Kulturm\u00f8det Mors er en vigtig platform for samarbejde og udveksling af viden og erfaring. \u00c5benhed og nysgerrighed p\u00e5 sektoren og p\u00e5, hvad der er relevant for de forskellige akt\u00f8rer, er afg\u00f8rende i vores videre arbejde&#8221;, siger Esben Danielsen.<\/p>\n<a class=\"dvrt-link\" onClick=\"cdmtrack_click(104781,jQuery(this));return false\" href=\"https:\/\/www.fmspks.dk\/\"><img decoding=\"async\" style=\"width:100%;\" src=\"https:\/\/kunmedierne.dk\/mors\/wp-content\/uploads\/2022\/02\/vip-froeslev-mollerup-sparekasse.jpg\"><\/a><script>cdmtrack_view(104781);<\/script>\n<p>Kulturm\u00f8det Mors fort\u00e6ller, at det med det nye samarbejde forventer at f\u00e5 kulturen endnu h\u00f8jere op p\u00e5 den politiske dagsorden og f\u00e5 et bedre vidensgrundlag for at vise, hvilken enorm betydning kulturen har for at l\u00f8se de kriser, som vi st\u00e5r i.<\/p>\n","protected":false},"excerpt":{"rendered":"<p>MORS: Hvad betyder kulturen for samfundet? D\u00e9t store sp\u00f8rgsm\u00e5l er stillet mange gange f\u00f8r, og en ny akt\u00f8r p\u00e5 banen, Kulturens Analyseinstitut, kommer nu til at tage Kulturm\u00f8det Mors i brug arbejdet p\u00e5 et svar. Det sker gennem et partnerskab, der skal bidrage som facilitator, debatt\u00f8r og med ny viden p\u00e5 kulturomr\u00e5det. &#8211; Det er [&hellip;]<\/p>\n","protected":false},"author":8,"featured_media":97196,"comment_status":"closed","ping_status":"open","sticky":false,"template":"","format":"standard","meta":{"_acf_changed":false,"footnotes":""},"categories":[49],"tags":[162],"class_list":["post-99380","post","type-post","status-publish","format-standard","has-post-thumbnail","hentry","category-kultur","tag-kulturmoedet"],"acf":[],"yoast_head":"<!-- This site is optimized with the Yoast SEO plugin v26.8 - https:\/\/yoast.com\/product\/yoast-seo-wordpress\/ -->\n<title>Kulturens Analyseinstitut bliver ny partner p\u00e5 Kulturm\u00f8det Mors - Mors<\/title>\n<meta name=\"robots\" content=\"index, follow, max-snippet:-1, max-image-preview:large, max-video-preview:-1\" \/>\n<link rel=\"canonical\" href=\"https:\/\/kunmedierne.dk\/mors\/kulturens-analyseinstitut-bliver-ny-partner-paa-kulturmoedet-mors\/\" \/>\n<meta property=\"og:locale\" content=\"da_DK\" \/>\n<meta property=\"og:type\" content=\"article\" \/>\n<meta property=\"og:title\" content=\"Kulturens Analyseinstitut bliver ny partner p\u00e5 Kulturm\u00f8det Mors - Mors\" \/>\n<meta property=\"og:description\" content=\"MORS: Hvad betyder kulturen for samfundet? D\u00e9t store sp\u00f8rgsm\u00e5l er stillet mange gange f\u00f8r, og en ny akt\u00f8r p\u00e5 banen, Kulturens Analyseinstitut, kommer nu til at tage Kulturm\u00f8det Mors i brug arbejdet p\u00e5 et svar. Det sker gennem et partnerskab, der skal bidrage som facilitator, debatt\u00f8r og med ny viden p\u00e5 kulturomr\u00e5det. &#8211; Det er [&hellip;]\" \/>\n<meta property=\"og:url\" content=\"https:\/\/kunmedierne.dk\/mors\/kulturens-analyseinstitut-bliver-ny-partner-paa-kulturmoedet-mors\/\" \/>\n<meta property=\"og:site_name\" content=\"Mors\" \/>\n<meta property=\"article:published_time\" content=\"2023-08-07T09:27:51+00:00\" \/>\n<meta property=\"article:modified_time\" content=\"2024-08-12T11:17:45+00:00\" \/>\n<meta property=\"og:image\" content=\"https:\/\/kunmedierne.dk\/mors\/wp-content\/uploads\/2023\/06\/kulturmoedet2022.jpg\" \/>\n\t<meta property=\"og:image:width\" content=\"770\" \/>\n\t<meta property=\"og:image:height\" content=\"513\" \/>\n\t<meta property=\"og:image:type\" content=\"image\/jpeg\" \/>\n<meta name=\"author\" content=\"David H\u00f8jmark\" \/>\n<meta name=\"twitter:card\" content=\"summary_large_image\" \/>\n<meta name=\"twitter:label1\" content=\"Skrevet af\" \/>\n\t<meta name=\"twitter:data1\" content=\"David H\u00f8jmark\" \/>\n\t<meta name=\"twitter:label2\" content=\"Estimeret l\u00e6setid\" \/>\n\t<meta name=\"twitter:data2\" content=\"3 minutter\" \/>\n<script type=\"application\/ld+json\" class=\"yoast-schema-graph\">{\"@context\":\"https:\/\/schema.org\",\"@graph\":[{\"@type\":\"Article\",\"@id\":\"https:\/\/kunmedierne.dk\/mors\/kulturens-analyseinstitut-bliver-ny-partner-paa-kulturmoedet-mors\/#article\",\"isPartOf\":{\"@id\":\"https:\/\/kunmedierne.dk\/mors\/kulturens-analyseinstitut-bliver-ny-partner-paa-kulturmoedet-mors\/\"},\"author\":{\"name\":\"David H\u00f8jmark\",\"@id\":\"https:\/\/kunmedierne.dk\/mors\/#\/schema\/person\/5fe23251bf1d0abbcdc6f7896579d548\"},\"headline\":\"Kulturens Analyseinstitut bliver ny partner p\u00e5 Kulturm\u00f8det Mors\",\"datePublished\":\"2023-08-07T09:27:51+00:00\",\"dateModified\":\"2024-08-12T11:17:45+00:00\",\"mainEntityOfPage\":{\"@id\":\"https:\/\/kunmedierne.dk\/mors\/kulturens-analyseinstitut-bliver-ny-partner-paa-kulturmoedet-mors\/\"},\"wordCount\":489,\"publisher\":{\"@id\":\"https:\/\/kunmedierne.dk\/mors\/#organization\"},\"image\":{\"@id\":\"https:\/\/kunmedierne.dk\/mors\/kulturens-analyseinstitut-bliver-ny-partner-paa-kulturmoedet-mors\/#primaryimage\"},\"thumbnailUrl\":\"https:\/\/kunmedierne.dk\/mors\/wp-content\/uploads\/2023\/06\/kulturmoedet2022.jpg\",\"keywords\":[\"Kulturm\u00f8det\"],\"articleSection\":[\"Kultur\"],\"inLanguage\":\"da-DK\"},{\"@type\":\"WebPage\",\"@id\":\"https:\/\/kunmedierne.dk\/mors\/kulturens-analyseinstitut-bliver-ny-partner-paa-kulturmoedet-mors\/\",\"url\":\"https:\/\/kunmedierne.dk\/mors\/kulturens-analyseinstitut-bliver-ny-partner-paa-kulturmoedet-mors\/\",\"name\":\"Kulturens Analyseinstitut bliver ny partner p\u00e5 Kulturm\u00f8det Mors - Mors\",\"isPartOf\":{\"@id\":\"https:\/\/kunmedierne.dk\/mors\/#website\"},\"primaryImageOfPage\":{\"@id\":\"https:\/\/kunmedierne.dk\/mors\/kulturens-analyseinstitut-bliver-ny-partner-paa-kulturmoedet-mors\/#primaryimage\"},\"image\":{\"@id\":\"https:\/\/kunmedierne.dk\/mors\/kulturens-analyseinstitut-bliver-ny-partner-paa-kulturmoedet-mors\/#primaryimage\"},\"thumbnailUrl\":\"https:\/\/kunmedierne.dk\/mors\/wp-content\/uploads\/2023\/06\/kulturmoedet2022.jpg\",\"datePublished\":\"2023-08-07T09:27:51+00:00\",\"dateModified\":\"2024-08-12T11:17:45+00:00\",\"breadcrumb\":{\"@id\":\"https:\/\/kunmedierne.dk\/mors\/kulturens-analyseinstitut-bliver-ny-partner-paa-kulturmoedet-mors\/#breadcrumb\"},\"inLanguage\":\"da-DK\",\"potentialAction\":[{\"@type\":\"ReadAction\",\"target\":[\"https:\/\/kunmedierne.dk\/mors\/kulturens-analyseinstitut-bliver-ny-partner-paa-kulturmoedet-mors\/\"]}]},{\"@type\":\"ImageObject\",\"inLanguage\":\"da-DK\",\"@id\":\"https:\/\/kunmedierne.dk\/mors\/kulturens-analyseinstitut-bliver-ny-partner-paa-kulturmoedet-mors\/#primaryimage\",\"url\":\"https:\/\/kunmedierne.dk\/mors\/wp-content\/uploads\/2023\/06\/kulturmoedet2022.jpg\",\"contentUrl\":\"https:\/\/kunmedierne.dk\/mors\/wp-content\/uploads\/2023\/06\/kulturmoedet2022.jpg\",\"width\":770,\"height\":513,\"caption\":\"Fra Kulturm\u00f8det 2022. Foto: Per Bille.\"},{\"@type\":\"BreadcrumbList\",\"@id\":\"https:\/\/kunmedierne.dk\/mors\/kulturens-analyseinstitut-bliver-ny-partner-paa-kulturmoedet-mors\/#breadcrumb\",\"itemListElement\":[{\"@type\":\"ListItem\",\"position\":1,\"name\":\"Hjem\",\"item\":\"https:\/\/kunmedierne.dk\/mors\/\"},{\"@type\":\"ListItem\",\"position\":2,\"name\":\"Kulturens Analyseinstitut bliver ny partner p\u00e5 Kulturm\u00f8det Mors\"}]},{\"@type\":\"WebSite\",\"@id\":\"https:\/\/kunmedierne.dk\/mors\/#website\",\"url\":\"https:\/\/kunmedierne.dk\/mors\/\",\"name\":\"Mors\",\"description\":\"et netmedie med journalistik om livet p\u00e5 Mors\",\"publisher\":{\"@id\":\"https:\/\/kunmedierne.dk\/mors\/#organization\"},\"potentialAction\":[{\"@type\":\"SearchAction\",\"target\":{\"@type\":\"EntryPoint\",\"urlTemplate\":\"https:\/\/kunmedierne.dk\/mors\/?s={search_term_string}\"},\"query-input\":{\"@type\":\"PropertyValueSpecification\",\"valueRequired\":true,\"valueName\":\"search_term_string\"}}],\"inLanguage\":\"da-DK\"},{\"@type\":\"Organization\",\"@id\":\"https:\/\/kunmedierne.dk\/mors\/#organization\",\"name\":\"Mors\",\"url\":\"https:\/\/kunmedierne.dk\/mors\/\",\"logo\":{\"@type\":\"ImageObject\",\"inLanguage\":\"da-DK\",\"@id\":\"https:\/\/kunmedierne.dk\/mors\/#\/schema\/logo\/image\/\",\"url\":\"https:\/\/kunmedierne.dk\/mors\/wp-content\/uploads\/2024\/08\/kunmors-logo.svg\",\"contentUrl\":\"https:\/\/kunmedierne.dk\/mors\/wp-content\/uploads\/2024\/08\/kunmors-logo.svg\",\"caption\":\"Mors\"},\"image\":{\"@id\":\"https:\/\/kunmedierne.dk\/mors\/#\/schema\/logo\/image\/\"}},{\"@type\":\"Person\",\"@id\":\"https:\/\/kunmedierne.dk\/mors\/#\/schema\/person\/5fe23251bf1d0abbcdc6f7896579d548\",\"name\":\"David H\u00f8jmark\",\"image\":{\"@type\":\"ImageObject\",\"inLanguage\":\"da-DK\",\"@id\":\"https:\/\/kunmedierne.dk\/mors\/#\/schema\/person\/image\/\",\"url\":\"https:\/\/secure.gravatar.com\/avatar\/4315d6fb9ef244d729989f5f90268eb08d5bf8a3d84402f595fa194bb35784fd?s=96&d=mm&r=g\",\"contentUrl\":\"https:\/\/secure.gravatar.com\/avatar\/4315d6fb9ef244d729989f5f90268eb08d5bf8a3d84402f595fa194bb35784fd?s=96&d=mm&r=g\",\"caption\":\"David H\u00f8jmark\"},\"sameAs\":[\"https:\/\/www.kunmedierne.dk\"],\"url\":\"https:\/\/kunmedierne.dk\/mors\/author\/david\/\"}]}<\/script>\n<!-- \/ Yoast SEO plugin. -->","yoast_head_json":{"title":"Kulturens Analyseinstitut bliver ny partner p\u00e5 Kulturm\u00f8det Mors - Mors","robots":{"index":"index","follow":"follow","max-snippet":"max-snippet:-1","max-image-preview":"max-image-preview:large","max-video-preview":"max-video-preview:-1"},"canonical":"https:\/\/kunmedierne.dk\/mors\/kulturens-analyseinstitut-bliver-ny-partner-paa-kulturmoedet-mors\/","og_locale":"da_DK","og_type":"article","og_title":"Kulturens Analyseinstitut bliver ny partner p\u00e5 Kulturm\u00f8det Mors - Mors","og_description":"MORS: Hvad betyder kulturen for samfundet? D\u00e9t store sp\u00f8rgsm\u00e5l er stillet mange gange f\u00f8r, og en ny akt\u00f8r p\u00e5 banen, Kulturens Analyseinstitut, kommer nu til at tage Kulturm\u00f8det Mors i brug arbejdet p\u00e5 et svar. Det sker gennem et partnerskab, der skal bidrage som facilitator, debatt\u00f8r og med ny viden p\u00e5 kulturomr\u00e5det. &#8211; Det er [&hellip;]","og_url":"https:\/\/kunmedierne.dk\/mors\/kulturens-analyseinstitut-bliver-ny-partner-paa-kulturmoedet-mors\/","og_site_name":"Mors","article_published_time":"2023-08-07T09:27:51+00:00","article_modified_time":"2024-08-12T11:17:45+00:00","og_image":[{"width":770,"height":513,"url":"https:\/\/kunmedierne.dk\/mors\/wp-content\/uploads\/2023\/06\/kulturmoedet2022.jpg","type":"image\/jpeg"}],"author":"David H\u00f8jmark","twitter_card":"summary_large_image","twitter_misc":{"Skrevet af":"David H\u00f8jmark","Estimeret l\u00e6setid":"3 minutter"},"schema":{"@context":"https:\/\/schema.org","@graph":[{"@type":"Article","@id":"https:\/\/kunmedierne.dk\/mors\/kulturens-analyseinstitut-bliver-ny-partner-paa-kulturmoedet-mors\/#article","isPartOf":{"@id":"https:\/\/kunmedierne.dk\/mors\/kulturens-analyseinstitut-bliver-ny-partner-paa-kulturmoedet-mors\/"},"author":{"name":"David H\u00f8jmark","@id":"https:\/\/kunmedierne.dk\/mors\/#\/schema\/person\/5fe23251bf1d0abbcdc6f7896579d548"},"headline":"Kulturens Analyseinstitut bliver ny partner p\u00e5 Kulturm\u00f8det Mors","datePublished":"2023-08-07T09:27:51+00:00","dateModified":"2024-08-12T11:17:45+00:00","mainEntityOfPage":{"@id":"https:\/\/kunmedierne.dk\/mors\/kulturens-analyseinstitut-bliver-ny-partner-paa-kulturmoedet-mors\/"},"wordCount":489,"publisher":{"@id":"https:\/\/kunmedierne.dk\/mors\/#organization"},"image":{"@id":"https:\/\/kunmedierne.dk\/mors\/kulturens-analyseinstitut-bliver-ny-partner-paa-kulturmoedet-mors\/#primaryimage"},"thumbnailUrl":"https:\/\/kunmedierne.dk\/mors\/wp-content\/uploads\/2023\/06\/kulturmoedet2022.jpg","keywords":["Kulturm\u00f8det"],"articleSection":["Kultur"],"inLanguage":"da-DK"},{"@type":"WebPage","@id":"https:\/\/kunmedierne.dk\/mors\/kulturens-analyseinstitut-bliver-ny-partner-paa-kulturmoedet-mors\/","url":"https:\/\/kunmedierne.dk\/mors\/kulturens-analyseinstitut-bliver-ny-partner-paa-kulturmoedet-mors\/","name":"Kulturens Analyseinstitut bliver ny partner p\u00e5 Kulturm\u00f8det Mors - Mors","isPartOf":{"@id":"https:\/\/kunmedierne.dk\/mors\/#website"},"primaryImageOfPage":{"@id":"https:\/\/kunmedierne.dk\/mors\/kulturens-analyseinstitut-bliver-ny-partner-paa-kulturmoedet-mors\/#primaryimage"},"image":{"@id":"https:\/\/kunmedierne.dk\/mors\/kulturens-analyseinstitut-bliver-ny-partner-paa-kulturmoedet-mors\/#primaryimage"},"thumbnailUrl":"https:\/\/kunmedierne.dk\/mors\/wp-content\/uploads\/2023\/06\/kulturmoedet2022.jpg","datePublished":"2023-08-07T09:27:51+00:00","dateModified":"2024-08-12T11:17:45+00:00","breadcrumb":{"@id":"https:\/\/kunmedierne.dk\/mors\/kulturens-analyseinstitut-bliver-ny-partner-paa-kulturmoedet-mors\/#breadcrumb"},"inLanguage":"da-DK","potentialAction":[{"@type":"ReadAction","target":["https:\/\/kunmedierne.dk\/mors\/kulturens-analyseinstitut-bliver-ny-partner-paa-kulturmoedet-mors\/"]}]},{"@type":"ImageObject","inLanguage":"da-DK","@id":"https:\/\/kunmedierne.dk\/mors\/kulturens-analyseinstitut-bliver-ny-partner-paa-kulturmoedet-mors\/#primaryimage","url":"https:\/\/kunmedierne.dk\/mors\/wp-content\/uploads\/2023\/06\/kulturmoedet2022.jpg","contentUrl":"https:\/\/kunmedierne.dk\/mors\/wp-content\/uploads\/2023\/06\/kulturmoedet2022.jpg","width":770,"height":513,"caption":"Fra Kulturm\u00f8det 2022. Foto: Per Bille."},{"@type":"BreadcrumbList","@id":"https:\/\/kunmedierne.dk\/mors\/kulturens-analyseinstitut-bliver-ny-partner-paa-kulturmoedet-mors\/#breadcrumb","itemListElement":[{"@type":"ListItem","position":1,"name":"Hjem","item":"https:\/\/kunmedierne.dk\/mors\/"},{"@type":"ListItem","position":2,"name":"Kulturens Analyseinstitut bliver ny partner p\u00e5 Kulturm\u00f8det Mors"}]},{"@type":"WebSite","@id":"https:\/\/kunmedierne.dk\/mors\/#website","url":"https:\/\/kunmedierne.dk\/mors\/","name":"Mors","description":"et netmedie med journalistik om livet p\u00e5 Mors","publisher":{"@id":"https:\/\/kunmedierne.dk\/mors\/#organization"},"potentialAction":[{"@type":"SearchAction","target":{"@type":"EntryPoint","urlTemplate":"https:\/\/kunmedierne.dk\/mors\/?s={search_term_string}"},"query-input":{"@type":"PropertyValueSpecification","valueRequired":true,"valueName":"search_term_string"}}],"inLanguage":"da-DK"},{"@type":"Organization","@id":"https:\/\/kunmedierne.dk\/mors\/#organization","name":"Mors","url":"https:\/\/kunmedierne.dk\/mors\/","logo":{"@type":"ImageObject","inLanguage":"da-DK","@id":"https:\/\/kunmedierne.dk\/mors\/#\/schema\/logo\/image\/","url":"https:\/\/kunmedierne.dk\/mors\/wp-content\/uploads\/2024\/08\/kunmors-logo.svg","contentUrl":"https:\/\/kunmedierne.dk\/mors\/wp-content\/uploads\/2024\/08\/kunmors-logo.svg","caption":"Mors"},"image":{"@id":"https:\/\/kunmedierne.dk\/mors\/#\/schema\/logo\/image\/"}},{"@type":"Person","@id":"https:\/\/kunmedierne.dk\/mors\/#\/schema\/person\/5fe23251bf1d0abbcdc6f7896579d548","name":"David H\u00f8jmark","image":{"@type":"ImageObject","inLanguage":"da-DK","@id":"https:\/\/kunmedierne.dk\/mors\/#\/schema\/person\/image\/","url":"https:\/\/secure.gravatar.com\/avatar\/4315d6fb9ef244d729989f5f90268eb08d5bf8a3d84402f595fa194bb35784fd?s=96&d=mm&r=g","contentUrl":"https:\/\/secure.gravatar.com\/avatar\/4315d6fb9ef244d729989f5f90268eb08d5bf8a3d84402f595fa194bb35784fd?s=96&d=mm&r=g","caption":"David H\u00f8jmark"},"sameAs":["https:\/\/www.kunmedierne.dk"],"url":"https:\/\/kunmedierne.dk\/mors\/author\/david\/"}]}},"_links":{"self":[{"href":"https:\/\/kunmedierne.dk\/mors\/wp-json\/wp\/v2\/posts\/99380","targetHints":{"allow":["GET"]}}],"collection":[{"href":"https:\/\/kunmedierne.dk\/mors\/wp-json\/wp\/v2\/posts"}],"about":[{"href":"https:\/\/kunmedierne.dk\/mors\/wp-json\/wp\/v2\/types\/post"}],"author":[{"embeddable":true,"href":"https:\/\/kunmedierne.dk\/mors\/wp-json\/wp\/v2\/users\/8"}],"replies":[{"embeddable":true,"href":"https:\/\/kunmedierne.dk\/mors\/wp-json\/wp\/v2\/comments?post=99380"}],"version-history":[{"count":3,"href":"https:\/\/kunmedierne.dk\/mors\/wp-json\/wp\/v2\/posts\/99380\/revisions"}],"predecessor-version":[{"id":99395,"href":"https:\/\/kunmedierne.dk\/mors\/wp-json\/wp\/v2\/posts\/99380\/revisions\/99395"}],"wp:featuredmedia":[{"embeddable":true,"href":"https:\/\/kunmedierne.dk\/mors\/wp-json\/wp\/v2\/media\/97196"}],"wp:attachment":[{"href":"https:\/\/kunmedierne.dk\/mors\/wp-json\/wp\/v2\/media?parent=99380"}],"wp:term":[{"taxonomy":"category","embeddable":true,"href":"https:\/\/kunmedierne.dk\/mors\/wp-json\/wp\/v2\/categories?post=99380"},{"taxonomy":"post_tag","embeddable":true,"href":"https:\/\/kunmedierne.dk\/mors\/wp-json\/wp\/v2\/tags?post=99380"}],"curies":[{"name":"wp","href":"https:\/\/api.w.org\/{rel}","templated":true}]}}