{"id":98912,"date":"2023-07-28T21:39:22","date_gmt":"2023-07-28T19:39:22","guid":{"rendered":"https:\/\/kunmedierne.dk\/mors\/?p=98912"},"modified":"2024-08-12T13:17:47","modified_gmt":"2024-08-12T11:17:47","slug":"gaagaden-savner-gaesterne-fra-jesperhus","status":"publish","type":"post","link":"https:\/\/kunmedierne.dk\/mors\/gaagaden-savner-gaesterne-fra-jesperhus\/","title":{"rendered":"G\u00e5gaden savner g\u00e6sterne fra Jesperhus"},"content":{"rendered":"<p><strong>MORS<\/strong>: \u00d8ens store magnet for turister skubber ogs\u00e5 p\u00e5 med oms\u00e6tningen hos butikker og restauranter i Nyk\u00f8bing. Men i \u00e5r sender Jesperhus ikke lige s\u00e5 mange turister mod byen som tidligere &#8211; i hvert fald ikke, hvis man vurderer p\u00e5 fornemmelsen hos butikkerne i g\u00e5gaden.<\/p>\n<p>KunMors har talt med flere, der giver udtryk for et indtryk af, at Jesperhus i \u00e5r har f\u00e6rre g\u00e6ster end normalt. Og opfattelsen af, at man kan m\u00e6rke det p\u00e5 str\u00f8mmen i g\u00e5gaden, deles af Michael Hansen, formand for Mors Handel.<\/p>\n<p>&#8211; Det kan man helt sikkert. Det er jo tr\u00e6ls, men de har sat priserne op, og det kan vi m\u00e6rke, siger han.<\/p>\n<a class=\"dvrt-link\" onClick=\"cdmtrack_click(104781,jQuery(this));return false\" href=\"https:\/\/www.fmspks.dk\/\"><img decoding=\"async\" style=\"width:100%;\" src=\"https:\/\/kunmedierne.dk\/mors\/wp-content\/uploads\/2022\/02\/vip-froeslev-mollerup-sparekasse.jpg\"><\/a><script>cdmtrack_view(104781);<\/script>\n<p>Michael Hansen fort\u00e6ller, at han ikke kender de specifikke tal fra Jesperhus, men indtrykket af f\u00e6rre g\u00e6ster kommer ogs\u00e5 af, hvad medlemmer af Mors Handel selv ser, n\u00e5r de deler By Night-aviser ud til turister i Jesperhus.<\/p>\n<p>&#8211; Vi kan se det, n\u00e5r vi deler aviser ud om tirsdagen. Hytterne er udlejet, men campingvognene er der ikke, siger han &#8211; men med tilf\u00f8jelsen, at det ogs\u00e5 kan have noget med det triste sommervejr at g\u00f8re.<\/p>\n<p>&nbsp;<\/p>\n<p><strong>For tidligt at konkludere<\/strong><\/p>\n<p>Det kan b\u00e5de have noget med vejret og andre ting at g\u00f8re, men det er ikke endnu, man skal drage de store konklusioner om tallene, lyder det fra ferieparken i Legind.<\/p>\n<p>If\u00f8lge Thomas T\u00f8stesen, adm. direkt\u00f8r i Jesperhus, er det for tidligt at konkludere p\u00e5 bel\u00e6gningen for denne sommers\u00e6son.<\/p>\n<p>&#8211; Jeg har ikke de endelige tal, for vi er kun i slutningen af juli. Men jeg fornemmer ikke, at vi har v\u00e6sentlig lavere tal p\u00e5 nuv\u00e6rende tidspunkt, siger han og p\u00e5peger, at bes\u00f8gstallet kan svinge meget fra uge til uge.<\/p>\n<a class=\"dvrt-link\" onClick=\"cdmtrack_click(104783,jQuery(this));return false\" href=\"https:\/\/konpap.dk\/\"><img decoding=\"async\" style=\"width:100%;\" src=\"https:\/\/kunmedierne.dk\/mors\/wp-content\/uploads\/2023\/10\/Kun-Mors-banner.jpg\"><\/a><script>cdmtrack_view(104783);<\/script>\n<p>&#8211; Der er jo ogs\u00e5 noget omkring feriem\u00f8nstre. Det kan ogs\u00e5 g\u00f8re, at man m\u00e5ske mangler nogen i \u00e9n uge, og s\u00e5 kommer der flere ugen efter. S\u00e5 det er tidligt at sige, at vi ikke f\u00e5r k\u00f8rt de g\u00e6ster igennem, vi skal, siger han.<\/p>\n<p>&#8211; Vi er jo et sted for b\u00f8rn i alderen op til 8-10 \u00e5r &#8211; og nogle af dem er ikke skoles\u00f8gende. S\u00e5 det handler ogs\u00e5 om, hvordan for\u00e6ldrenes ferie ligger. Det er for tidligt at sige ret meget om, hvordan s\u00e6sonen g\u00e5r, for der er nogle ting, der tyder p\u00e5, at folks feriem\u00f8nstre &#8211; alts\u00e5 tidspunkterne, de holder ferie p\u00e5 &#8211; \u00e6ndrer sig en smule. Det g\u00f8r det sv\u00e6rt at give det helt klare billede, f\u00f8r vi er ude af august, siger Thomas T\u00f8stesen.<\/p>\n<p>&nbsp;<\/p>\n<p><strong>G\u00e6ster kritiserer priserne<\/strong><\/p>\n<p>Man skal ikke lede l\u00e6nge p\u00e5 Facebook-siden for Jesperhus Feriepark for at finde g\u00e6ster, der retter kritik imod priserne. Jesperhus f\u00e5r ros for produktet og indholdet af et ferieophold, men prisniveauet er for h\u00f8jt sammenlignet med en rejse til udlandet, lyder det fra flere.<\/p>\n<a class=\"dvrt-link\" onClick=\"cdmtrack_click(169437,jQuery(this));return false\" href=\"https:\/\/thymors.dk\/sponsorater\/15-til-faellesskabet?utm_source=kunmors&amp;utm_medium=annonce&amp;utm_campaign=sponsorater\"><img decoding=\"async\" style=\"width:100%;\" src=\"https:\/\/kunmedierne.dk\/mors\/wp-content\/uploads\/2026\/03\/260407ThyMors-energi_faellesskab_generel-1.jpg\"><\/a><script>cdmtrack_view(169437);<\/script>\n<p>Jesperhus-direkt\u00f8ren afviser dog, at priserne har f\u00e5et et urimeligt l\u00f8ft.<\/p>\n<p>&#8211; De er ikke h\u00e6vet voldsomt meget, men lige som alle andre steder h\u00e6ver vi selvf\u00f8lgelig priserne i ny og n\u00e6. Det har vi ogs\u00e5 gjort i \u00e5r, hvor energi og alle r\u00e5varekomponenter, vi skal bruge i vores leverancer, er steget i forhold til tidligere \u00e5r. Det vil selvf\u00f8lgelig have en p\u00e5virkning p\u00e5 prisen, siger han.<\/p>\n<p>Thomas T\u00f8stesen har forst\u00e5else for, at der for tiden er et generelt fokus p\u00e5 priser, men han afviser, at de hos Jesperhus er steget un\u00f8digt.<\/p>\n<p>&#8211; Vi s\u00e6tter ikke prisen op, bare fordi vi kan. Vi d\u00e6kker de ekstra udgifter, og n\u00e5r folk ikke bruger str\u00f8m fra deres kontakt derhjemme, g\u00f8r de det hos os. S\u00e5 p\u00e5 den m\u00e5de har vi kigget p\u00e5 vores prisstruktur. Men det er ikke, fordi den er stukket fuldst\u00e6ndig af, siger han.<\/p>\n<p>&nbsp;<\/p>\n<p><strong>Holder p\u00e5 pengene<\/strong><\/p>\n<p>I Nyk\u00f8bings g\u00e5gade h\u00e5ber man selvf\u00f8lgelig, at Jesperhus ogs\u00e5 fremover kommer til at generere trafik i butikkerne. Men handelstandsforeningens formand er ogs\u00e5 opm\u00e6rksom p\u00e5, at det ikke er nok med ophold i g\u00e5gaden. Turisterne skal ogs\u00e5 have lyst til at f\u00e5 pengene op af lommen.<\/p>\n<a class=\"dvrt-link\" onClick=\"cdmtrack_click(147315,jQuery(this));return false\" href=\"https:\/\/sdrhaa.dk\/\"><img decoding=\"async\" style=\"width:100%;\" src=\"https:\/\/kunmedierne.dk\/mors\/wp-content\/uploads\/2025\/05\/260302Sdr-HaaDin-gebyrvenlige-sparekasse_mors-002.gif\"><\/a><script>cdmtrack_view(147315);<\/script>\n<p>Og det har de helt generelt ikke i samme grad som tidligere.<\/p>\n<p>&#8211; De turister, der er her, bruger ikke s\u00e5 mange penge, som de plejer at g\u00f8re. Der er mennesker i gaden, men de bruger ikke s\u00e5 mange penge, som de plejer, siger Michael Hansen og tilf\u00f8jer:<\/p>\n<p>&#8211; Jeg tror, det er en generel tendens lige nu, at de holder lidt tilbage og ser, hvad elregningen og gasregningen kommer til at koste. Det bugner jo med penge p\u00e5 folks konto, men de t\u00f8r bare ikke bruge dem.<\/p>\n","protected":false},"excerpt":{"rendered":"<p>MORS: \u00d8ens store magnet for turister skubber ogs\u00e5 p\u00e5 med oms\u00e6tningen hos butikker og restauranter i Nyk\u00f8bing. Men i \u00e5r sender Jesperhus ikke lige s\u00e5 mange turister mod byen som tidligere &#8211; i hvert fald ikke, hvis man vurderer p\u00e5 fornemmelsen hos butikkerne i g\u00e5gaden. KunMors har talt med flere, der giver udtryk for et [&hellip;]<\/p>\n","protected":false},"author":8,"featured_media":98914,"comment_status":"closed","ping_status":"open","sticky":false,"template":"","format":"standard","meta":{"_acf_changed":false,"footnotes":""},"categories":[51],"tags":[160,171],"class_list":["post-98912","post","type-post","status-publish","format-standard","has-post-thumbnail","hentry","category-lokalt","tag-handel","tag-turisme"],"acf":[],"yoast_head":"<!-- This site is optimized with the Yoast SEO plugin v26.8 - https:\/\/yoast.com\/product\/yoast-seo-wordpress\/ -->\n<title>G\u00e5gaden savner g\u00e6sterne fra Jesperhus - Mors<\/title>\n<meta name=\"robots\" content=\"index, follow, max-snippet:-1, max-image-preview:large, max-video-preview:-1\" \/>\n<link rel=\"canonical\" href=\"https:\/\/kunmedierne.dk\/mors\/gaagaden-savner-gaesterne-fra-jesperhus\/\" \/>\n<meta property=\"og:locale\" content=\"da_DK\" \/>\n<meta property=\"og:type\" content=\"article\" \/>\n<meta property=\"og:title\" content=\"G\u00e5gaden savner g\u00e6sterne fra Jesperhus - Mors\" \/>\n<meta property=\"og:description\" content=\"MORS: \u00d8ens store magnet for turister skubber ogs\u00e5 p\u00e5 med oms\u00e6tningen hos butikker og restauranter i Nyk\u00f8bing. Men i \u00e5r sender Jesperhus ikke lige s\u00e5 mange turister mod byen som tidligere &#8211; i hvert fald ikke, hvis man vurderer p\u00e5 fornemmelsen hos butikkerne i g\u00e5gaden. KunMors har talt med flere, der giver udtryk for et [&hellip;]\" \/>\n<meta property=\"og:url\" content=\"https:\/\/kunmedierne.dk\/mors\/gaagaden-savner-gaesterne-fra-jesperhus\/\" \/>\n<meta property=\"og:site_name\" content=\"Mors\" \/>\n<meta property=\"article:published_time\" content=\"2023-07-28T19:39:22+00:00\" \/>\n<meta property=\"article:modified_time\" content=\"2024-08-12T11:17:47+00:00\" \/>\n<meta property=\"og:image\" content=\"https:\/\/kunmedierne.dk\/mors\/wp-content\/uploads\/2023\/07\/gaagaden.jpg\" \/>\n\t<meta property=\"og:image:width\" content=\"770\" \/>\n\t<meta property=\"og:image:height\" content=\"514\" \/>\n\t<meta property=\"og:image:type\" content=\"image\/jpeg\" \/>\n<meta name=\"author\" content=\"David H\u00f8jmark\" \/>\n<meta name=\"twitter:card\" content=\"summary_large_image\" \/>\n<meta name=\"twitter:label1\" content=\"Skrevet af\" \/>\n\t<meta name=\"twitter:data1\" content=\"David H\u00f8jmark\" \/>\n\t<meta name=\"twitter:label2\" content=\"Estimeret l\u00e6setid\" \/>\n\t<meta name=\"twitter:data2\" content=\"4 minutter\" \/>\n<script type=\"application\/ld+json\" class=\"yoast-schema-graph\">{\"@context\":\"https:\/\/schema.org\",\"@graph\":[{\"@type\":\"Article\",\"@id\":\"https:\/\/kunmedierne.dk\/mors\/gaagaden-savner-gaesterne-fra-jesperhus\/#article\",\"isPartOf\":{\"@id\":\"https:\/\/kunmedierne.dk\/mors\/gaagaden-savner-gaesterne-fra-jesperhus\/\"},\"author\":{\"name\":\"David H\u00f8jmark\",\"@id\":\"https:\/\/kunmedierne.dk\/mors\/#\/schema\/person\/5fe23251bf1d0abbcdc6f7896579d548\"},\"headline\":\"G\u00e5gaden savner g\u00e6sterne fra Jesperhus\",\"datePublished\":\"2023-07-28T19:39:22+00:00\",\"dateModified\":\"2024-08-12T11:17:47+00:00\",\"mainEntityOfPage\":{\"@id\":\"https:\/\/kunmedierne.dk\/mors\/gaagaden-savner-gaesterne-fra-jesperhus\/\"},\"wordCount\":829,\"publisher\":{\"@id\":\"https:\/\/kunmedierne.dk\/mors\/#organization\"},\"image\":{\"@id\":\"https:\/\/kunmedierne.dk\/mors\/gaagaden-savner-gaesterne-fra-jesperhus\/#primaryimage\"},\"thumbnailUrl\":\"https:\/\/kunmedierne.dk\/mors\/wp-content\/uploads\/2023\/07\/gaagaden.jpg\",\"keywords\":[\"Handel\",\"Turisme\"],\"articleSection\":[\"Lokalt\"],\"inLanguage\":\"da-DK\"},{\"@type\":\"WebPage\",\"@id\":\"https:\/\/kunmedierne.dk\/mors\/gaagaden-savner-gaesterne-fra-jesperhus\/\",\"url\":\"https:\/\/kunmedierne.dk\/mors\/gaagaden-savner-gaesterne-fra-jesperhus\/\",\"name\":\"G\u00e5gaden savner g\u00e6sterne fra Jesperhus - Mors\",\"isPartOf\":{\"@id\":\"https:\/\/kunmedierne.dk\/mors\/#website\"},\"primaryImageOfPage\":{\"@id\":\"https:\/\/kunmedierne.dk\/mors\/gaagaden-savner-gaesterne-fra-jesperhus\/#primaryimage\"},\"image\":{\"@id\":\"https:\/\/kunmedierne.dk\/mors\/gaagaden-savner-gaesterne-fra-jesperhus\/#primaryimage\"},\"thumbnailUrl\":\"https:\/\/kunmedierne.dk\/mors\/wp-content\/uploads\/2023\/07\/gaagaden.jpg\",\"datePublished\":\"2023-07-28T19:39:22+00:00\",\"dateModified\":\"2024-08-12T11:17:47+00:00\",\"breadcrumb\":{\"@id\":\"https:\/\/kunmedierne.dk\/mors\/gaagaden-savner-gaesterne-fra-jesperhus\/#breadcrumb\"},\"inLanguage\":\"da-DK\",\"potentialAction\":[{\"@type\":\"ReadAction\",\"target\":[\"https:\/\/kunmedierne.dk\/mors\/gaagaden-savner-gaesterne-fra-jesperhus\/\"]}]},{\"@type\":\"ImageObject\",\"inLanguage\":\"da-DK\",\"@id\":\"https:\/\/kunmedierne.dk\/mors\/gaagaden-savner-gaesterne-fra-jesperhus\/#primaryimage\",\"url\":\"https:\/\/kunmedierne.dk\/mors\/wp-content\/uploads\/2023\/07\/gaagaden.jpg\",\"contentUrl\":\"https:\/\/kunmedierne.dk\/mors\/wp-content\/uploads\/2023\/07\/gaagaden.jpg\",\"width\":770,\"height\":514,\"caption\":\"G\u00e5gaden i Nyk\u00f8bing. Foto: Mors Handel.\"},{\"@type\":\"BreadcrumbList\",\"@id\":\"https:\/\/kunmedierne.dk\/mors\/gaagaden-savner-gaesterne-fra-jesperhus\/#breadcrumb\",\"itemListElement\":[{\"@type\":\"ListItem\",\"position\":1,\"name\":\"Hjem\",\"item\":\"https:\/\/kunmedierne.dk\/mors\/\"},{\"@type\":\"ListItem\",\"position\":2,\"name\":\"G\u00e5gaden savner g\u00e6sterne fra Jesperhus\"}]},{\"@type\":\"WebSite\",\"@id\":\"https:\/\/kunmedierne.dk\/mors\/#website\",\"url\":\"https:\/\/kunmedierne.dk\/mors\/\",\"name\":\"Mors\",\"description\":\"et netmedie med journalistik om livet p\u00e5 Mors\",\"publisher\":{\"@id\":\"https:\/\/kunmedierne.dk\/mors\/#organization\"},\"potentialAction\":[{\"@type\":\"SearchAction\",\"target\":{\"@type\":\"EntryPoint\",\"urlTemplate\":\"https:\/\/kunmedierne.dk\/mors\/?s={search_term_string}\"},\"query-input\":{\"@type\":\"PropertyValueSpecification\",\"valueRequired\":true,\"valueName\":\"search_term_string\"}}],\"inLanguage\":\"da-DK\"},{\"@type\":\"Organization\",\"@id\":\"https:\/\/kunmedierne.dk\/mors\/#organization\",\"name\":\"Mors\",\"url\":\"https:\/\/kunmedierne.dk\/mors\/\",\"logo\":{\"@type\":\"ImageObject\",\"inLanguage\":\"da-DK\",\"@id\":\"https:\/\/kunmedierne.dk\/mors\/#\/schema\/logo\/image\/\",\"url\":\"https:\/\/kunmedierne.dk\/mors\/wp-content\/uploads\/2024\/08\/kunmors-logo.svg\",\"contentUrl\":\"https:\/\/kunmedierne.dk\/mors\/wp-content\/uploads\/2024\/08\/kunmors-logo.svg\",\"caption\":\"Mors\"},\"image\":{\"@id\":\"https:\/\/kunmedierne.dk\/mors\/#\/schema\/logo\/image\/\"}},{\"@type\":\"Person\",\"@id\":\"https:\/\/kunmedierne.dk\/mors\/#\/schema\/person\/5fe23251bf1d0abbcdc6f7896579d548\",\"name\":\"David H\u00f8jmark\",\"image\":{\"@type\":\"ImageObject\",\"inLanguage\":\"da-DK\",\"@id\":\"https:\/\/kunmedierne.dk\/mors\/#\/schema\/person\/image\/\",\"url\":\"https:\/\/secure.gravatar.com\/avatar\/4315d6fb9ef244d729989f5f90268eb08d5bf8a3d84402f595fa194bb35784fd?s=96&d=mm&r=g\",\"contentUrl\":\"https:\/\/secure.gravatar.com\/avatar\/4315d6fb9ef244d729989f5f90268eb08d5bf8a3d84402f595fa194bb35784fd?s=96&d=mm&r=g\",\"caption\":\"David H\u00f8jmark\"},\"sameAs\":[\"https:\/\/www.kunmedierne.dk\"],\"url\":\"https:\/\/kunmedierne.dk\/mors\/author\/david\/\"}]}<\/script>\n<!-- \/ Yoast SEO plugin. -->","yoast_head_json":{"title":"G\u00e5gaden savner g\u00e6sterne fra Jesperhus - Mors","robots":{"index":"index","follow":"follow","max-snippet":"max-snippet:-1","max-image-preview":"max-image-preview:large","max-video-preview":"max-video-preview:-1"},"canonical":"https:\/\/kunmedierne.dk\/mors\/gaagaden-savner-gaesterne-fra-jesperhus\/","og_locale":"da_DK","og_type":"article","og_title":"G\u00e5gaden savner g\u00e6sterne fra Jesperhus - Mors","og_description":"MORS: \u00d8ens store magnet for turister skubber ogs\u00e5 p\u00e5 med oms\u00e6tningen hos butikker og restauranter i Nyk\u00f8bing. Men i \u00e5r sender Jesperhus ikke lige s\u00e5 mange turister mod byen som tidligere &#8211; i hvert fald ikke, hvis man vurderer p\u00e5 fornemmelsen hos butikkerne i g\u00e5gaden. KunMors har talt med flere, der giver udtryk for et [&hellip;]","og_url":"https:\/\/kunmedierne.dk\/mors\/gaagaden-savner-gaesterne-fra-jesperhus\/","og_site_name":"Mors","article_published_time":"2023-07-28T19:39:22+00:00","article_modified_time":"2024-08-12T11:17:47+00:00","og_image":[{"width":770,"height":514,"url":"https:\/\/kunmedierne.dk\/mors\/wp-content\/uploads\/2023\/07\/gaagaden.jpg","type":"image\/jpeg"}],"author":"David H\u00f8jmark","twitter_card":"summary_large_image","twitter_misc":{"Skrevet af":"David H\u00f8jmark","Estimeret l\u00e6setid":"4 minutter"},"schema":{"@context":"https:\/\/schema.org","@graph":[{"@type":"Article","@id":"https:\/\/kunmedierne.dk\/mors\/gaagaden-savner-gaesterne-fra-jesperhus\/#article","isPartOf":{"@id":"https:\/\/kunmedierne.dk\/mors\/gaagaden-savner-gaesterne-fra-jesperhus\/"},"author":{"name":"David H\u00f8jmark","@id":"https:\/\/kunmedierne.dk\/mors\/#\/schema\/person\/5fe23251bf1d0abbcdc6f7896579d548"},"headline":"G\u00e5gaden savner g\u00e6sterne fra Jesperhus","datePublished":"2023-07-28T19:39:22+00:00","dateModified":"2024-08-12T11:17:47+00:00","mainEntityOfPage":{"@id":"https:\/\/kunmedierne.dk\/mors\/gaagaden-savner-gaesterne-fra-jesperhus\/"},"wordCount":829,"publisher":{"@id":"https:\/\/kunmedierne.dk\/mors\/#organization"},"image":{"@id":"https:\/\/kunmedierne.dk\/mors\/gaagaden-savner-gaesterne-fra-jesperhus\/#primaryimage"},"thumbnailUrl":"https:\/\/kunmedierne.dk\/mors\/wp-content\/uploads\/2023\/07\/gaagaden.jpg","keywords":["Handel","Turisme"],"articleSection":["Lokalt"],"inLanguage":"da-DK"},{"@type":"WebPage","@id":"https:\/\/kunmedierne.dk\/mors\/gaagaden-savner-gaesterne-fra-jesperhus\/","url":"https:\/\/kunmedierne.dk\/mors\/gaagaden-savner-gaesterne-fra-jesperhus\/","name":"G\u00e5gaden savner g\u00e6sterne fra Jesperhus - Mors","isPartOf":{"@id":"https:\/\/kunmedierne.dk\/mors\/#website"},"primaryImageOfPage":{"@id":"https:\/\/kunmedierne.dk\/mors\/gaagaden-savner-gaesterne-fra-jesperhus\/#primaryimage"},"image":{"@id":"https:\/\/kunmedierne.dk\/mors\/gaagaden-savner-gaesterne-fra-jesperhus\/#primaryimage"},"thumbnailUrl":"https:\/\/kunmedierne.dk\/mors\/wp-content\/uploads\/2023\/07\/gaagaden.jpg","datePublished":"2023-07-28T19:39:22+00:00","dateModified":"2024-08-12T11:17:47+00:00","breadcrumb":{"@id":"https:\/\/kunmedierne.dk\/mors\/gaagaden-savner-gaesterne-fra-jesperhus\/#breadcrumb"},"inLanguage":"da-DK","potentialAction":[{"@type":"ReadAction","target":["https:\/\/kunmedierne.dk\/mors\/gaagaden-savner-gaesterne-fra-jesperhus\/"]}]},{"@type":"ImageObject","inLanguage":"da-DK","@id":"https:\/\/kunmedierne.dk\/mors\/gaagaden-savner-gaesterne-fra-jesperhus\/#primaryimage","url":"https:\/\/kunmedierne.dk\/mors\/wp-content\/uploads\/2023\/07\/gaagaden.jpg","contentUrl":"https:\/\/kunmedierne.dk\/mors\/wp-content\/uploads\/2023\/07\/gaagaden.jpg","width":770,"height":514,"caption":"G\u00e5gaden i Nyk\u00f8bing. Foto: Mors Handel."},{"@type":"BreadcrumbList","@id":"https:\/\/kunmedierne.dk\/mors\/gaagaden-savner-gaesterne-fra-jesperhus\/#breadcrumb","itemListElement":[{"@type":"ListItem","position":1,"name":"Hjem","item":"https:\/\/kunmedierne.dk\/mors\/"},{"@type":"ListItem","position":2,"name":"G\u00e5gaden savner g\u00e6sterne fra Jesperhus"}]},{"@type":"WebSite","@id":"https:\/\/kunmedierne.dk\/mors\/#website","url":"https:\/\/kunmedierne.dk\/mors\/","name":"Mors","description":"et netmedie med journalistik om livet p\u00e5 Mors","publisher":{"@id":"https:\/\/kunmedierne.dk\/mors\/#organization"},"potentialAction":[{"@type":"SearchAction","target":{"@type":"EntryPoint","urlTemplate":"https:\/\/kunmedierne.dk\/mors\/?s={search_term_string}"},"query-input":{"@type":"PropertyValueSpecification","valueRequired":true,"valueName":"search_term_string"}}],"inLanguage":"da-DK"},{"@type":"Organization","@id":"https:\/\/kunmedierne.dk\/mors\/#organization","name":"Mors","url":"https:\/\/kunmedierne.dk\/mors\/","logo":{"@type":"ImageObject","inLanguage":"da-DK","@id":"https:\/\/kunmedierne.dk\/mors\/#\/schema\/logo\/image\/","url":"https:\/\/kunmedierne.dk\/mors\/wp-content\/uploads\/2024\/08\/kunmors-logo.svg","contentUrl":"https:\/\/kunmedierne.dk\/mors\/wp-content\/uploads\/2024\/08\/kunmors-logo.svg","caption":"Mors"},"image":{"@id":"https:\/\/kunmedierne.dk\/mors\/#\/schema\/logo\/image\/"}},{"@type":"Person","@id":"https:\/\/kunmedierne.dk\/mors\/#\/schema\/person\/5fe23251bf1d0abbcdc6f7896579d548","name":"David H\u00f8jmark","image":{"@type":"ImageObject","inLanguage":"da-DK","@id":"https:\/\/kunmedierne.dk\/mors\/#\/schema\/person\/image\/","url":"https:\/\/secure.gravatar.com\/avatar\/4315d6fb9ef244d729989f5f90268eb08d5bf8a3d84402f595fa194bb35784fd?s=96&d=mm&r=g","contentUrl":"https:\/\/secure.gravatar.com\/avatar\/4315d6fb9ef244d729989f5f90268eb08d5bf8a3d84402f595fa194bb35784fd?s=96&d=mm&r=g","caption":"David H\u00f8jmark"},"sameAs":["https:\/\/www.kunmedierne.dk"],"url":"https:\/\/kunmedierne.dk\/mors\/author\/david\/"}]}},"_links":{"self":[{"href":"https:\/\/kunmedierne.dk\/mors\/wp-json\/wp\/v2\/posts\/98912","targetHints":{"allow":["GET"]}}],"collection":[{"href":"https:\/\/kunmedierne.dk\/mors\/wp-json\/wp\/v2\/posts"}],"about":[{"href":"https:\/\/kunmedierne.dk\/mors\/wp-json\/wp\/v2\/types\/post"}],"author":[{"embeddable":true,"href":"https:\/\/kunmedierne.dk\/mors\/wp-json\/wp\/v2\/users\/8"}],"replies":[{"embeddable":true,"href":"https:\/\/kunmedierne.dk\/mors\/wp-json\/wp\/v2\/comments?post=98912"}],"version-history":[{"count":4,"href":"https:\/\/kunmedierne.dk\/mors\/wp-json\/wp\/v2\/posts\/98912\/revisions"}],"predecessor-version":[{"id":98919,"href":"https:\/\/kunmedierne.dk\/mors\/wp-json\/wp\/v2\/posts\/98912\/revisions\/98919"}],"wp:featuredmedia":[{"embeddable":true,"href":"https:\/\/kunmedierne.dk\/mors\/wp-json\/wp\/v2\/media\/98914"}],"wp:attachment":[{"href":"https:\/\/kunmedierne.dk\/mors\/wp-json\/wp\/v2\/media?parent=98912"}],"wp:term":[{"taxonomy":"category","embeddable":true,"href":"https:\/\/kunmedierne.dk\/mors\/wp-json\/wp\/v2\/categories?post=98912"},{"taxonomy":"post_tag","embeddable":true,"href":"https:\/\/kunmedierne.dk\/mors\/wp-json\/wp\/v2\/tags?post=98912"}],"curies":[{"name":"wp","href":"https:\/\/api.w.org\/{rel}","templated":true}]}}