{"id":98814,"date":"2023-07-26T12:54:10","date_gmt":"2023-07-26T10:54:10","guid":{"rendered":"https:\/\/kunmedierne.dk\/mors\/?p=98814"},"modified":"2024-08-12T13:17:48","modified_gmt":"2024-08-12T11:17:48","slug":"sommerserie-maldiverne-og-blokhus-er-toppen","status":"publish","type":"post","link":"https:\/\/kunmedierne.dk\/mors\/sommerserie-maldiverne-og-blokhus-er-toppen\/","title":{"rendered":"Sommerserie: Maldiverne og Blokhus er toppen"},"content":{"rendered":"<p><strong>MORS<\/strong>: Sommerferien er forbi for Niels Agesen, cheftr\u00e6ner for Mors-Thy H\u00e5ndbold.<\/p>\n<p>Han er i gang med opstarten til en ny ligas\u00e6son, og i den mere n\u00f8rdede del af forberedelserne er kig p\u00e5 videoklip fra sidste s\u00e6son for at se, hvad der skal f\u00f8res med videre i denne s\u00e6sons spilkoncept.<\/p>\n<p>Niels Agesen begyndte med klippearbejdet allerede inden sommerferien &#8211; dengang med 2500 klip, som efterh\u00e5nden er nede p\u00e5 150. Men der er tid til en kort pause, da KunMors ringer for at g\u00f8re ham til et nyt afsnit i vores sommerserie.<\/p>\n<a class=\"dvrt-link\" onClick=\"cdmtrack_click(104781,jQuery(this));return false\" href=\"https:\/\/www.fmspks.dk\/\"><img decoding=\"async\" style=\"width:100%;\" src=\"https:\/\/kunmedierne.dk\/mors\/wp-content\/uploads\/2022\/02\/vip-froeslev-mollerup-sparekasse.jpg\"><\/a><script>cdmtrack_view(104781);<\/script>\n<p><em>Hvis der var frit valg p\u00e5 alle hylder, hvor gik ferierejsen s\u00e5 hen?<\/em><\/p>\n<p>&#8211; S\u00e5 tror jeg, at Maldiverne st\u00e5r h\u00f8jt p\u00e5 listen.<\/p>\n<p>&#8211; Det er ren afslapning, vand og sand &#8211; og tid med familien, hvor der ikke er mulighed for at lave en hel masse andet end at v\u00e6re sammen og nyde vand, vind og vejr.<\/p>\n<p><em>Hvad vil du gerne opleve i l\u00f8bet af en sommerferie?<\/em><\/p>\n<p>&#8211; Tid sammen med min familie, hvor vi bare er os. Hvor vi har tid til bare at v\u00e6re sammen. Det er det, der betyder mest &#8211; og med fire b\u00f8rn st\u00e5r det h\u00f8jt p\u00e5 listen.<\/p>\n<a class=\"dvrt-link\" onClick=\"cdmtrack_click(104779,jQuery(this));return false\" href=\"https:\/\/morsoe-begravelsesforretning.dk\/\"><img decoding=\"async\" style=\"width:100%;\" src=\"https:\/\/kunmedierne.dk\/mors\/wp-content\/uploads\/2023\/11\/251215-morsoe-begravelsesforretning.jpg\"><\/a><script>cdmtrack_view(104779);<\/script>\n<p><em>Hvad er dit bedste sommerferieminde?<\/em><\/p>\n<p>&#8211; Det er en rigtig og varm sommerdag ved Blokhus Strand. Der er \u00e5bne vidder, stranden er k\u00e6mpestor. Vi har nogle fantastiske strande langs Vestkysten, som jeg godt kan lide at v\u00e6re p\u00e5 &#8211; b\u00e5de n\u00e5r der er godt og d\u00e5rligt vejr.<\/p>\n<p>&#8211; Det er noget, jeg har gjort med min egen familie, men jeg er ogs\u00e5 vokset op med det som barn, s\u00e5 det ligger mig n\u00e6rt.<\/p>\n<p>&nbsp;<\/p>\n<h5>L\u00c6S OGS\u00c5:<\/h5>\n<h5>21\/7-2023: <a href=\"https:\/\/kunmedierne.dk\/mors\/sommerserie-ferierejsen-er-ogsaa-inspiration\/\">Ferierejsen er ogs\u00e5 inspiration<\/a><\/h5>\n<h5>17\/7-2023: <a href=\"https:\/\/kunmedierne.dk\/mors\/sommerserie-afslapning-kultur-og-varme\/\">Afslapning, kultur og varme<\/a><\/h5>\n<h5>10\/7-2023:\u00a0<a href=\"https:\/\/kunmedierne.dk\/mors\/sommerserie-frit-valg-ville-foere-til-hoejskoleophold-i-flade\/\">Frit valg ville f\u00f8re til h\u00f8jskoleophold i Flade<\/a><\/h5>\n<h5>8\/7-2023:\u00a0<a href=\"https:\/\/kunmedierne.dk\/mors\/sommerserie-for-torsten-schack-pedersen-er-usa-favoritrejsemaalet\/\">For Torsten Schack Pedersen er USA favoritrejsem\u00e5let<\/a><\/h5>\n<h5>6\/7-2023:\u00a0<a href=\"https:\/\/kunmedierne.dk\/mors\/sommerserie-jens-dahlgaard-vil-opleve-naturen-i-alle-afskygninger-naar-han-holder-sommerferie\/\">Jens Dahlgaard vil opleve naturen i alle afskygninger, n\u00e5r han holder sommerferie<\/a><\/h5>\n<h5>3\/7-2023:\u00a0<a href=\"https:\/\/kunmedierne.dk\/mors\/sommerserie-anette-stagstrup-vil-have-ro-paaom-sommeren\/\">Anette Stagstrup vil have \u201dro-p\u00e5\u201dom sommeren<\/a><\/h5>\n<h5>30\/6-2023:\u00a0<a href=\"https:\/\/kunmedierne.dk\/mors\/sommerserie-for-turistchefen-betyder-godt-sommervejr-alt\/\">For turistchefen betyder godt sommervejr alt<\/a><\/h5>\n<h5>27\/6-2023:\u00a0<a href=\"https:\/\/kunmedierne.dk\/mors\/sommerserie-sommerens-hoejdepunkt-er-fridagene-med-familien-for-hans-ejner-bertelsen\/\">Sommerens h\u00f8jdepunkt er fridagene med familien for Hans Ejner Bertelsen<\/a><\/h5>\n<h5>23\/6-2023:\u00a0<a href=\"https:\/\/kunmedierne.dk\/mors\/sommerserie-for-mogens-jensen-er-en-god-sommer-lig-med-en-dukkert-i-vesterhavet\/\">For Mogens Jensen er en god sommer lig med en dukkert i Vesterhavet<\/a><\/h5>\n","protected":false},"excerpt":{"rendered":"<p>MORS: Sommerferien er forbi for Niels Agesen, cheftr\u00e6ner for Mors-Thy H\u00e5ndbold. Han er i gang med opstarten til en ny ligas\u00e6son, og i den mere n\u00f8rdede del af forberedelserne er kig p\u00e5 videoklip fra sidste s\u00e6son for at se, hvad der skal f\u00f8res med videre i denne s\u00e6sons spilkoncept. Niels Agesen begyndte med klippearbejdet allerede [&hellip;]<\/p>\n","protected":false},"author":8,"featured_media":91069,"comment_status":"closed","ping_status":"open","sticky":false,"template":"","format":"standard","meta":{"_acf_changed":false,"footnotes":""},"categories":[51],"tags":[],"class_list":["post-98814","post","type-post","status-publish","format-standard","has-post-thumbnail","hentry","category-lokalt"],"acf":[],"yoast_head":"<!-- This site is optimized with the Yoast SEO plugin v26.8 - https:\/\/yoast.com\/product\/yoast-seo-wordpress\/ -->\n<title>Sommerserie: Maldiverne og Blokhus er toppen - Mors<\/title>\n<meta name=\"robots\" content=\"index, follow, max-snippet:-1, max-image-preview:large, max-video-preview:-1\" \/>\n<link rel=\"canonical\" href=\"https:\/\/kunmedierne.dk\/mors\/sommerserie-maldiverne-og-blokhus-er-toppen\/\" \/>\n<meta property=\"og:locale\" content=\"da_DK\" \/>\n<meta property=\"og:type\" content=\"article\" \/>\n<meta property=\"og:title\" content=\"Sommerserie: Maldiverne og Blokhus er toppen - Mors\" \/>\n<meta property=\"og:description\" content=\"MORS: Sommerferien er forbi for Niels Agesen, cheftr\u00e6ner for Mors-Thy H\u00e5ndbold. Han er i gang med opstarten til en ny ligas\u00e6son, og i den mere n\u00f8rdede del af forberedelserne er kig p\u00e5 videoklip fra sidste s\u00e6son for at se, hvad der skal f\u00f8res med videre i denne s\u00e6sons spilkoncept. Niels Agesen begyndte med klippearbejdet allerede [&hellip;]\" \/>\n<meta property=\"og:url\" content=\"https:\/\/kunmedierne.dk\/mors\/sommerserie-maldiverne-og-blokhus-er-toppen\/\" \/>\n<meta property=\"og:site_name\" content=\"Mors\" \/>\n<meta property=\"article:published_time\" content=\"2023-07-26T10:54:10+00:00\" \/>\n<meta property=\"article:modified_time\" content=\"2024-08-12T11:17:48+00:00\" \/>\n<meta property=\"og:image\" content=\"https:\/\/kunmedierne.dk\/mors\/wp-content\/uploads\/2023\/03\/DR7A7296.jpg\" \/>\n\t<meta property=\"og:image:width\" content=\"770\" \/>\n\t<meta property=\"og:image:height\" content=\"513\" \/>\n\t<meta property=\"og:image:type\" content=\"image\/jpeg\" \/>\n<meta name=\"author\" content=\"David H\u00f8jmark\" \/>\n<meta name=\"twitter:card\" content=\"summary_large_image\" \/>\n<meta name=\"twitter:label1\" content=\"Skrevet af\" \/>\n\t<meta name=\"twitter:data1\" content=\"David H\u00f8jmark\" \/>\n\t<meta name=\"twitter:label2\" content=\"Estimeret l\u00e6setid\" \/>\n\t<meta name=\"twitter:data2\" content=\"2 minutter\" \/>\n<script type=\"application\/ld+json\" class=\"yoast-schema-graph\">{\"@context\":\"https:\/\/schema.org\",\"@graph\":[{\"@type\":\"Article\",\"@id\":\"https:\/\/kunmedierne.dk\/mors\/sommerserie-maldiverne-og-blokhus-er-toppen\/#article\",\"isPartOf\":{\"@id\":\"https:\/\/kunmedierne.dk\/mors\/sommerserie-maldiverne-og-blokhus-er-toppen\/\"},\"author\":{\"name\":\"David H\u00f8jmark\",\"@id\":\"https:\/\/kunmedierne.dk\/mors\/#\/schema\/person\/5fe23251bf1d0abbcdc6f7896579d548\"},\"headline\":\"Sommerserie: Maldiverne og Blokhus er toppen\",\"datePublished\":\"2023-07-26T10:54:10+00:00\",\"dateModified\":\"2024-08-12T11:17:48+00:00\",\"mainEntityOfPage\":{\"@id\":\"https:\/\/kunmedierne.dk\/mors\/sommerserie-maldiverne-og-blokhus-er-toppen\/\"},\"wordCount\":387,\"publisher\":{\"@id\":\"https:\/\/kunmedierne.dk\/mors\/#organization\"},\"image\":{\"@id\":\"https:\/\/kunmedierne.dk\/mors\/sommerserie-maldiverne-og-blokhus-er-toppen\/#primaryimage\"},\"thumbnailUrl\":\"https:\/\/kunmedierne.dk\/mors\/wp-content\/uploads\/2023\/03\/DR7A7296.jpg\",\"articleSection\":[\"Lokalt\"],\"inLanguage\":\"da-DK\"},{\"@type\":\"WebPage\",\"@id\":\"https:\/\/kunmedierne.dk\/mors\/sommerserie-maldiverne-og-blokhus-er-toppen\/\",\"url\":\"https:\/\/kunmedierne.dk\/mors\/sommerserie-maldiverne-og-blokhus-er-toppen\/\",\"name\":\"Sommerserie: Maldiverne og Blokhus er toppen - Mors\",\"isPartOf\":{\"@id\":\"https:\/\/kunmedierne.dk\/mors\/#website\"},\"primaryImageOfPage\":{\"@id\":\"https:\/\/kunmedierne.dk\/mors\/sommerserie-maldiverne-og-blokhus-er-toppen\/#primaryimage\"},\"image\":{\"@id\":\"https:\/\/kunmedierne.dk\/mors\/sommerserie-maldiverne-og-blokhus-er-toppen\/#primaryimage\"},\"thumbnailUrl\":\"https:\/\/kunmedierne.dk\/mors\/wp-content\/uploads\/2023\/03\/DR7A7296.jpg\",\"datePublished\":\"2023-07-26T10:54:10+00:00\",\"dateModified\":\"2024-08-12T11:17:48+00:00\",\"breadcrumb\":{\"@id\":\"https:\/\/kunmedierne.dk\/mors\/sommerserie-maldiverne-og-blokhus-er-toppen\/#breadcrumb\"},\"inLanguage\":\"da-DK\",\"potentialAction\":[{\"@type\":\"ReadAction\",\"target\":[\"https:\/\/kunmedierne.dk\/mors\/sommerserie-maldiverne-og-blokhus-er-toppen\/\"]}]},{\"@type\":\"ImageObject\",\"inLanguage\":\"da-DK\",\"@id\":\"https:\/\/kunmedierne.dk\/mors\/sommerserie-maldiverne-og-blokhus-er-toppen\/#primaryimage\",\"url\":\"https:\/\/kunmedierne.dk\/mors\/wp-content\/uploads\/2023\/03\/DR7A7296.jpg\",\"contentUrl\":\"https:\/\/kunmedierne.dk\/mors\/wp-content\/uploads\/2023\/03\/DR7A7296.jpg\",\"width\":770,\"height\":513,\"caption\":\"Niels Agesen, cheftr\u00e6ner for Mors-Thy. Arkivfoto: Ole Geerthsen.\"},{\"@type\":\"BreadcrumbList\",\"@id\":\"https:\/\/kunmedierne.dk\/mors\/sommerserie-maldiverne-og-blokhus-er-toppen\/#breadcrumb\",\"itemListElement\":[{\"@type\":\"ListItem\",\"position\":1,\"name\":\"Hjem\",\"item\":\"https:\/\/kunmedierne.dk\/mors\/\"},{\"@type\":\"ListItem\",\"position\":2,\"name\":\"Sommerserie: Maldiverne og Blokhus er toppen\"}]},{\"@type\":\"WebSite\",\"@id\":\"https:\/\/kunmedierne.dk\/mors\/#website\",\"url\":\"https:\/\/kunmedierne.dk\/mors\/\",\"name\":\"Mors\",\"description\":\"et netmedie med journalistik om livet p\u00e5 Mors\",\"publisher\":{\"@id\":\"https:\/\/kunmedierne.dk\/mors\/#organization\"},\"potentialAction\":[{\"@type\":\"SearchAction\",\"target\":{\"@type\":\"EntryPoint\",\"urlTemplate\":\"https:\/\/kunmedierne.dk\/mors\/?s={search_term_string}\"},\"query-input\":{\"@type\":\"PropertyValueSpecification\",\"valueRequired\":true,\"valueName\":\"search_term_string\"}}],\"inLanguage\":\"da-DK\"},{\"@type\":\"Organization\",\"@id\":\"https:\/\/kunmedierne.dk\/mors\/#organization\",\"name\":\"Mors\",\"url\":\"https:\/\/kunmedierne.dk\/mors\/\",\"logo\":{\"@type\":\"ImageObject\",\"inLanguage\":\"da-DK\",\"@id\":\"https:\/\/kunmedierne.dk\/mors\/#\/schema\/logo\/image\/\",\"url\":\"https:\/\/kunmedierne.dk\/mors\/wp-content\/uploads\/2024\/08\/kunmors-logo.svg\",\"contentUrl\":\"https:\/\/kunmedierne.dk\/mors\/wp-content\/uploads\/2024\/08\/kunmors-logo.svg\",\"caption\":\"Mors\"},\"image\":{\"@id\":\"https:\/\/kunmedierne.dk\/mors\/#\/schema\/logo\/image\/\"}},{\"@type\":\"Person\",\"@id\":\"https:\/\/kunmedierne.dk\/mors\/#\/schema\/person\/5fe23251bf1d0abbcdc6f7896579d548\",\"name\":\"David H\u00f8jmark\",\"image\":{\"@type\":\"ImageObject\",\"inLanguage\":\"da-DK\",\"@id\":\"https:\/\/kunmedierne.dk\/mors\/#\/schema\/person\/image\/\",\"url\":\"https:\/\/secure.gravatar.com\/avatar\/4315d6fb9ef244d729989f5f90268eb08d5bf8a3d84402f595fa194bb35784fd?s=96&d=mm&r=g\",\"contentUrl\":\"https:\/\/secure.gravatar.com\/avatar\/4315d6fb9ef244d729989f5f90268eb08d5bf8a3d84402f595fa194bb35784fd?s=96&d=mm&r=g\",\"caption\":\"David H\u00f8jmark\"},\"sameAs\":[\"https:\/\/www.kunmedierne.dk\"],\"url\":\"https:\/\/kunmedierne.dk\/mors\/author\/david\/\"}]}<\/script>\n<!-- \/ Yoast SEO plugin. -->","yoast_head_json":{"title":"Sommerserie: Maldiverne og Blokhus er toppen - Mors","robots":{"index":"index","follow":"follow","max-snippet":"max-snippet:-1","max-image-preview":"max-image-preview:large","max-video-preview":"max-video-preview:-1"},"canonical":"https:\/\/kunmedierne.dk\/mors\/sommerserie-maldiverne-og-blokhus-er-toppen\/","og_locale":"da_DK","og_type":"article","og_title":"Sommerserie: Maldiverne og Blokhus er toppen - Mors","og_description":"MORS: Sommerferien er forbi for Niels Agesen, cheftr\u00e6ner for Mors-Thy H\u00e5ndbold. Han er i gang med opstarten til en ny ligas\u00e6son, og i den mere n\u00f8rdede del af forberedelserne er kig p\u00e5 videoklip fra sidste s\u00e6son for at se, hvad der skal f\u00f8res med videre i denne s\u00e6sons spilkoncept. Niels Agesen begyndte med klippearbejdet allerede [&hellip;]","og_url":"https:\/\/kunmedierne.dk\/mors\/sommerserie-maldiverne-og-blokhus-er-toppen\/","og_site_name":"Mors","article_published_time":"2023-07-26T10:54:10+00:00","article_modified_time":"2024-08-12T11:17:48+00:00","og_image":[{"width":770,"height":513,"url":"https:\/\/kunmedierne.dk\/mors\/wp-content\/uploads\/2023\/03\/DR7A7296.jpg","type":"image\/jpeg"}],"author":"David H\u00f8jmark","twitter_card":"summary_large_image","twitter_misc":{"Skrevet af":"David H\u00f8jmark","Estimeret l\u00e6setid":"2 minutter"},"schema":{"@context":"https:\/\/schema.org","@graph":[{"@type":"Article","@id":"https:\/\/kunmedierne.dk\/mors\/sommerserie-maldiverne-og-blokhus-er-toppen\/#article","isPartOf":{"@id":"https:\/\/kunmedierne.dk\/mors\/sommerserie-maldiverne-og-blokhus-er-toppen\/"},"author":{"name":"David H\u00f8jmark","@id":"https:\/\/kunmedierne.dk\/mors\/#\/schema\/person\/5fe23251bf1d0abbcdc6f7896579d548"},"headline":"Sommerserie: Maldiverne og Blokhus er toppen","datePublished":"2023-07-26T10:54:10+00:00","dateModified":"2024-08-12T11:17:48+00:00","mainEntityOfPage":{"@id":"https:\/\/kunmedierne.dk\/mors\/sommerserie-maldiverne-og-blokhus-er-toppen\/"},"wordCount":387,"publisher":{"@id":"https:\/\/kunmedierne.dk\/mors\/#organization"},"image":{"@id":"https:\/\/kunmedierne.dk\/mors\/sommerserie-maldiverne-og-blokhus-er-toppen\/#primaryimage"},"thumbnailUrl":"https:\/\/kunmedierne.dk\/mors\/wp-content\/uploads\/2023\/03\/DR7A7296.jpg","articleSection":["Lokalt"],"inLanguage":"da-DK"},{"@type":"WebPage","@id":"https:\/\/kunmedierne.dk\/mors\/sommerserie-maldiverne-og-blokhus-er-toppen\/","url":"https:\/\/kunmedierne.dk\/mors\/sommerserie-maldiverne-og-blokhus-er-toppen\/","name":"Sommerserie: Maldiverne og Blokhus er toppen - Mors","isPartOf":{"@id":"https:\/\/kunmedierne.dk\/mors\/#website"},"primaryImageOfPage":{"@id":"https:\/\/kunmedierne.dk\/mors\/sommerserie-maldiverne-og-blokhus-er-toppen\/#primaryimage"},"image":{"@id":"https:\/\/kunmedierne.dk\/mors\/sommerserie-maldiverne-og-blokhus-er-toppen\/#primaryimage"},"thumbnailUrl":"https:\/\/kunmedierne.dk\/mors\/wp-content\/uploads\/2023\/03\/DR7A7296.jpg","datePublished":"2023-07-26T10:54:10+00:00","dateModified":"2024-08-12T11:17:48+00:00","breadcrumb":{"@id":"https:\/\/kunmedierne.dk\/mors\/sommerserie-maldiverne-og-blokhus-er-toppen\/#breadcrumb"},"inLanguage":"da-DK","potentialAction":[{"@type":"ReadAction","target":["https:\/\/kunmedierne.dk\/mors\/sommerserie-maldiverne-og-blokhus-er-toppen\/"]}]},{"@type":"ImageObject","inLanguage":"da-DK","@id":"https:\/\/kunmedierne.dk\/mors\/sommerserie-maldiverne-og-blokhus-er-toppen\/#primaryimage","url":"https:\/\/kunmedierne.dk\/mors\/wp-content\/uploads\/2023\/03\/DR7A7296.jpg","contentUrl":"https:\/\/kunmedierne.dk\/mors\/wp-content\/uploads\/2023\/03\/DR7A7296.jpg","width":770,"height":513,"caption":"Niels Agesen, cheftr\u00e6ner for Mors-Thy. Arkivfoto: Ole Geerthsen."},{"@type":"BreadcrumbList","@id":"https:\/\/kunmedierne.dk\/mors\/sommerserie-maldiverne-og-blokhus-er-toppen\/#breadcrumb","itemListElement":[{"@type":"ListItem","position":1,"name":"Hjem","item":"https:\/\/kunmedierne.dk\/mors\/"},{"@type":"ListItem","position":2,"name":"Sommerserie: Maldiverne og Blokhus er toppen"}]},{"@type":"WebSite","@id":"https:\/\/kunmedierne.dk\/mors\/#website","url":"https:\/\/kunmedierne.dk\/mors\/","name":"Mors","description":"et netmedie med journalistik om livet p\u00e5 Mors","publisher":{"@id":"https:\/\/kunmedierne.dk\/mors\/#organization"},"potentialAction":[{"@type":"SearchAction","target":{"@type":"EntryPoint","urlTemplate":"https:\/\/kunmedierne.dk\/mors\/?s={search_term_string}"},"query-input":{"@type":"PropertyValueSpecification","valueRequired":true,"valueName":"search_term_string"}}],"inLanguage":"da-DK"},{"@type":"Organization","@id":"https:\/\/kunmedierne.dk\/mors\/#organization","name":"Mors","url":"https:\/\/kunmedierne.dk\/mors\/","logo":{"@type":"ImageObject","inLanguage":"da-DK","@id":"https:\/\/kunmedierne.dk\/mors\/#\/schema\/logo\/image\/","url":"https:\/\/kunmedierne.dk\/mors\/wp-content\/uploads\/2024\/08\/kunmors-logo.svg","contentUrl":"https:\/\/kunmedierne.dk\/mors\/wp-content\/uploads\/2024\/08\/kunmors-logo.svg","caption":"Mors"},"image":{"@id":"https:\/\/kunmedierne.dk\/mors\/#\/schema\/logo\/image\/"}},{"@type":"Person","@id":"https:\/\/kunmedierne.dk\/mors\/#\/schema\/person\/5fe23251bf1d0abbcdc6f7896579d548","name":"David H\u00f8jmark","image":{"@type":"ImageObject","inLanguage":"da-DK","@id":"https:\/\/kunmedierne.dk\/mors\/#\/schema\/person\/image\/","url":"https:\/\/secure.gravatar.com\/avatar\/4315d6fb9ef244d729989f5f90268eb08d5bf8a3d84402f595fa194bb35784fd?s=96&d=mm&r=g","contentUrl":"https:\/\/secure.gravatar.com\/avatar\/4315d6fb9ef244d729989f5f90268eb08d5bf8a3d84402f595fa194bb35784fd?s=96&d=mm&r=g","caption":"David H\u00f8jmark"},"sameAs":["https:\/\/www.kunmedierne.dk"],"url":"https:\/\/kunmedierne.dk\/mors\/author\/david\/"}]}},"_links":{"self":[{"href":"https:\/\/kunmedierne.dk\/mors\/wp-json\/wp\/v2\/posts\/98814","targetHints":{"allow":["GET"]}}],"collection":[{"href":"https:\/\/kunmedierne.dk\/mors\/wp-json\/wp\/v2\/posts"}],"about":[{"href":"https:\/\/kunmedierne.dk\/mors\/wp-json\/wp\/v2\/types\/post"}],"author":[{"embeddable":true,"href":"https:\/\/kunmedierne.dk\/mors\/wp-json\/wp\/v2\/users\/8"}],"replies":[{"embeddable":true,"href":"https:\/\/kunmedierne.dk\/mors\/wp-json\/wp\/v2\/comments?post=98814"}],"version-history":[{"count":1,"href":"https:\/\/kunmedierne.dk\/mors\/wp-json\/wp\/v2\/posts\/98814\/revisions"}],"predecessor-version":[{"id":98815,"href":"https:\/\/kunmedierne.dk\/mors\/wp-json\/wp\/v2\/posts\/98814\/revisions\/98815"}],"wp:featuredmedia":[{"embeddable":true,"href":"https:\/\/kunmedierne.dk\/mors\/wp-json\/wp\/v2\/media\/91069"}],"wp:attachment":[{"href":"https:\/\/kunmedierne.dk\/mors\/wp-json\/wp\/v2\/media?parent=98814"}],"wp:term":[{"taxonomy":"category","embeddable":true,"href":"https:\/\/kunmedierne.dk\/mors\/wp-json\/wp\/v2\/categories?post=98814"},{"taxonomy":"post_tag","embeddable":true,"href":"https:\/\/kunmedierne.dk\/mors\/wp-json\/wp\/v2\/tags?post=98814"}],"curies":[{"name":"wp","href":"https:\/\/api.w.org\/{rel}","templated":true}]}}