{"id":98495,"date":"2023-07-27T20:56:52","date_gmt":"2023-07-27T18:56:52","guid":{"rendered":"https:\/\/kunmedierne.dk\/mors\/?p=98495"},"modified":"2024-08-12T13:17:48","modified_gmt":"2024-08-12T11:17:48","slug":"kunmors-saetter-fokus-paa-sundby","status":"publish","type":"post","link":"https:\/\/kunmedierne.dk\/mors\/kunmors-saetter-fokus-paa-sundby\/","title":{"rendered":"KunMors s\u00e6tter fokus p\u00e5 Sundby"},"content":{"rendered":"<p><strong>SUNDBY<\/strong>: Det medie, du l\u00e6ser i nu, har gang i en fokusserie om \u00f8ens landsbyer. Tidligere har vi sat fokus p\u00e5 Sejerslev, \u00d8rding og Karby &#8211; og n\u00e6ste i r\u00e6kken bliver Sundby.<\/p>\n<p>Det bliver i september, n\u00e5r \u00e9n af ugerne bliver med daglige artikler om byen p\u00e5 Nordvestmors.<\/p>\n<p>Og du kan v\u00e6re med til at pr\u00e6ge indholdet!<\/p>\n<a class=\"dvrt-link\" onClick=\"cdmtrack_click(104785,jQuery(this));return false\" href=\"https:\/\/www.facebook.com\/lyndrups\"><img decoding=\"async\" style=\"width:100%;\" src=\"https:\/\/kunmedierne.dk\/mors\/wp-content\/uploads\/2022\/02\/vip-lyndrups-rengoering.jpg\"><\/a><script>cdmtrack_view(104785);<\/script>\n<p>For hvad synes du, vi skal skrive om, n\u00e5r vi s\u00e6tter fokus p\u00e5 Sundby? Hvilke historier mangler at blive fortalt? Send dine forslag til os p\u00e5 e-mail: redaktion@kunmedierne.dk\/mors.<\/p>\n<p>Det er ikke sikkert, at alle forslag bliver brugt i Sundby-ugen, men s\u00e5 ligger de klar i skuffen til en senere lejlighed.<\/p>\n<p>&nbsp;<\/p>\n<h5>FRA ANDRE FOKUS-SERIER:<\/h5>\n<h5>KARBY: <a href=\"https:\/\/kunmedierne.dk\/mors\/jeanette-og-frank-sagde-ja-foran-3700-til-traktortraek\/\">Jeanette og Frank sagde ja foran 3700 til traktortr\u00e6k<\/a><\/h5>\n<h5>\u00d8RDING: <a href=\"https:\/\/kunmedierne.dk\/mors\/bondegrillen-jeg-skal-ikke-kunne-sige-om-det-var-der-jeg-fik-mit-foerste-kys\/\">Bondegrillen: Jeg skal ikke kunne sige, om det var d\u00e9r, jeg fik mit f\u00f8rste kys<\/a><\/h5>\n<h5>SEJERSLEV: <a href=\"https:\/\/kunmedierne.dk\/mors\/dj-paa-mors-var-jeg-ikke-flyttet-til-sejerslev-saa-havde-mit-liv-set-noget-anderledes-ud\/\">DJ p\u00e5 Mors: Var jeg ikke flyttet til Sejerslev, s\u00e5 havde mit liv set noget anderledes ud<\/a><\/h5>\n","protected":false},"excerpt":{"rendered":"<p>SUNDBY: Det medie, du l\u00e6ser i nu, har gang i en fokusserie om \u00f8ens landsbyer. Tidligere har vi sat fokus p\u00e5 Sejerslev, \u00d8rding og Karby &#8211; og n\u00e6ste i r\u00e6kken bliver Sundby. Det bliver i september, n\u00e5r \u00e9n af ugerne bliver med daglige artikler om byen p\u00e5 Nordvestmors. Og du kan v\u00e6re med til at [&hellip;]<\/p>\n","protected":false},"author":747,"featured_media":98497,"comment_status":"closed","ping_status":"open","sticky":false,"template":"","format":"standard","meta":{"_acf_changed":false,"footnotes":""},"categories":[242,51],"tags":[],"class_list":["post-98495","post","type-post","status-publish","format-standard","has-post-thumbnail","hentry","category-fokus-paa-sundby","category-lokalt"],"acf":[],"yoast_head":"<!-- This site is optimized with the Yoast SEO plugin v26.8 - https:\/\/yoast.com\/product\/yoast-seo-wordpress\/ -->\n<title>KunMors s\u00e6tter fokus p\u00e5 Sundby - Mors<\/title>\n<meta name=\"robots\" content=\"index, follow, max-snippet:-1, max-image-preview:large, max-video-preview:-1\" \/>\n<link rel=\"canonical\" href=\"https:\/\/kunmedierne.dk\/mors\/kunmors-saetter-fokus-paa-sundby\/\" \/>\n<meta property=\"og:locale\" content=\"da_DK\" \/>\n<meta property=\"og:type\" content=\"article\" \/>\n<meta property=\"og:title\" content=\"KunMors s\u00e6tter fokus p\u00e5 Sundby - Mors\" \/>\n<meta property=\"og:description\" content=\"SUNDBY: Det medie, du l\u00e6ser i nu, har gang i en fokusserie om \u00f8ens landsbyer. Tidligere har vi sat fokus p\u00e5 Sejerslev, \u00d8rding og Karby &#8211; og n\u00e6ste i r\u00e6kken bliver Sundby. Det bliver i september, n\u00e5r \u00e9n af ugerne bliver med daglige artikler om byen p\u00e5 Nordvestmors. Og du kan v\u00e6re med til at [&hellip;]\" \/>\n<meta property=\"og:url\" content=\"https:\/\/kunmedierne.dk\/mors\/kunmors-saetter-fokus-paa-sundby\/\" \/>\n<meta property=\"og:site_name\" content=\"Mors\" \/>\n<meta property=\"article:published_time\" content=\"2023-07-27T18:56:52+00:00\" \/>\n<meta property=\"article:modified_time\" content=\"2024-08-12T11:17:48+00:00\" \/>\n<meta property=\"og:image\" content=\"https:\/\/kunmedierne.dk\/mors\/wp-content\/uploads\/2023\/07\/vind-med-vand-2023-14.jpg\" \/>\n\t<meta property=\"og:image:width\" content=\"770\" \/>\n\t<meta property=\"og:image:height\" content=\"513\" \/>\n\t<meta property=\"og:image:type\" content=\"image\/jpeg\" \/>\n<meta name=\"author\" content=\"Redaktion\" \/>\n<meta name=\"twitter:card\" content=\"summary_large_image\" \/>\n<meta name=\"twitter:label1\" content=\"Skrevet af\" \/>\n\t<meta name=\"twitter:data1\" content=\"Redaktion\" \/>\n\t<meta name=\"twitter:label2\" content=\"Estimeret l\u00e6setid\" \/>\n\t<meta name=\"twitter:data2\" content=\"1 minut\" \/>\n<script type=\"application\/ld+json\" class=\"yoast-schema-graph\">{\"@context\":\"https:\/\/schema.org\",\"@graph\":[{\"@type\":\"Article\",\"@id\":\"https:\/\/kunmedierne.dk\/mors\/kunmors-saetter-fokus-paa-sundby\/#article\",\"isPartOf\":{\"@id\":\"https:\/\/kunmedierne.dk\/mors\/kunmors-saetter-fokus-paa-sundby\/\"},\"author\":{\"name\":\"Redaktion\",\"@id\":\"https:\/\/kunmedierne.dk\/mors\/#\/schema\/person\/23238f24c03ec888fff51102de5a585f\"},\"headline\":\"KunMors s\u00e6tter fokus p\u00e5 Sundby\",\"datePublished\":\"2023-07-27T18:56:52+00:00\",\"dateModified\":\"2024-08-12T11:17:48+00:00\",\"mainEntityOfPage\":{\"@id\":\"https:\/\/kunmedierne.dk\/mors\/kunmors-saetter-fokus-paa-sundby\/\"},\"wordCount\":176,\"publisher\":{\"@id\":\"https:\/\/kunmedierne.dk\/mors\/#organization\"},\"image\":{\"@id\":\"https:\/\/kunmedierne.dk\/mors\/kunmors-saetter-fokus-paa-sundby\/#primaryimage\"},\"thumbnailUrl\":\"https:\/\/kunmedierne.dk\/mors\/wp-content\/uploads\/2023\/07\/vind-med-vand-2023-14.jpg\",\"articleSection\":[\"Fokus p\u00e5 Sundby\",\"Lokalt\"],\"inLanguage\":\"da-DK\"},{\"@type\":\"WebPage\",\"@id\":\"https:\/\/kunmedierne.dk\/mors\/kunmors-saetter-fokus-paa-sundby\/\",\"url\":\"https:\/\/kunmedierne.dk\/mors\/kunmors-saetter-fokus-paa-sundby\/\",\"name\":\"KunMors s\u00e6tter fokus p\u00e5 Sundby - Mors\",\"isPartOf\":{\"@id\":\"https:\/\/kunmedierne.dk\/mors\/#website\"},\"primaryImageOfPage\":{\"@id\":\"https:\/\/kunmedierne.dk\/mors\/kunmors-saetter-fokus-paa-sundby\/#primaryimage\"},\"image\":{\"@id\":\"https:\/\/kunmedierne.dk\/mors\/kunmors-saetter-fokus-paa-sundby\/#primaryimage\"},\"thumbnailUrl\":\"https:\/\/kunmedierne.dk\/mors\/wp-content\/uploads\/2023\/07\/vind-med-vand-2023-14.jpg\",\"datePublished\":\"2023-07-27T18:56:52+00:00\",\"dateModified\":\"2024-08-12T11:17:48+00:00\",\"breadcrumb\":{\"@id\":\"https:\/\/kunmedierne.dk\/mors\/kunmors-saetter-fokus-paa-sundby\/#breadcrumb\"},\"inLanguage\":\"da-DK\",\"potentialAction\":[{\"@type\":\"ReadAction\",\"target\":[\"https:\/\/kunmedierne.dk\/mors\/kunmors-saetter-fokus-paa-sundby\/\"]}]},{\"@type\":\"ImageObject\",\"inLanguage\":\"da-DK\",\"@id\":\"https:\/\/kunmedierne.dk\/mors\/kunmors-saetter-fokus-paa-sundby\/#primaryimage\",\"url\":\"https:\/\/kunmedierne.dk\/mors\/wp-content\/uploads\/2023\/07\/vind-med-vand-2023-14.jpg\",\"contentUrl\":\"https:\/\/kunmedierne.dk\/mors\/wp-content\/uploads\/2023\/07\/vind-med-vand-2023-14.jpg\",\"width\":770,\"height\":513,\"caption\":\"Sundby Mors Havn har sin egen strand. Men byen byder p\u00e5 meget mere, og det s\u00e6tter KunMors fokus p\u00e5. Arkivfoto.\"},{\"@type\":\"BreadcrumbList\",\"@id\":\"https:\/\/kunmedierne.dk\/mors\/kunmors-saetter-fokus-paa-sundby\/#breadcrumb\",\"itemListElement\":[{\"@type\":\"ListItem\",\"position\":1,\"name\":\"Hjem\",\"item\":\"https:\/\/kunmedierne.dk\/mors\/\"},{\"@type\":\"ListItem\",\"position\":2,\"name\":\"KunMors s\u00e6tter fokus p\u00e5 Sundby\"}]},{\"@type\":\"WebSite\",\"@id\":\"https:\/\/kunmedierne.dk\/mors\/#website\",\"url\":\"https:\/\/kunmedierne.dk\/mors\/\",\"name\":\"Mors\",\"description\":\"et netmedie med journalistik om livet p\u00e5 Mors\",\"publisher\":{\"@id\":\"https:\/\/kunmedierne.dk\/mors\/#organization\"},\"potentialAction\":[{\"@type\":\"SearchAction\",\"target\":{\"@type\":\"EntryPoint\",\"urlTemplate\":\"https:\/\/kunmedierne.dk\/mors\/?s={search_term_string}\"},\"query-input\":{\"@type\":\"PropertyValueSpecification\",\"valueRequired\":true,\"valueName\":\"search_term_string\"}}],\"inLanguage\":\"da-DK\"},{\"@type\":\"Organization\",\"@id\":\"https:\/\/kunmedierne.dk\/mors\/#organization\",\"name\":\"Mors\",\"url\":\"https:\/\/kunmedierne.dk\/mors\/\",\"logo\":{\"@type\":\"ImageObject\",\"inLanguage\":\"da-DK\",\"@id\":\"https:\/\/kunmedierne.dk\/mors\/#\/schema\/logo\/image\/\",\"url\":\"https:\/\/kunmedierne.dk\/mors\/wp-content\/uploads\/2024\/08\/kunmors-logo.svg\",\"contentUrl\":\"https:\/\/kunmedierne.dk\/mors\/wp-content\/uploads\/2024\/08\/kunmors-logo.svg\",\"caption\":\"Mors\"},\"image\":{\"@id\":\"https:\/\/kunmedierne.dk\/mors\/#\/schema\/logo\/image\/\"}},{\"@type\":\"Person\",\"@id\":\"https:\/\/kunmedierne.dk\/mors\/#\/schema\/person\/23238f24c03ec888fff51102de5a585f\",\"name\":\"Redaktion\",\"image\":{\"@type\":\"ImageObject\",\"inLanguage\":\"da-DK\",\"@id\":\"https:\/\/kunmedierne.dk\/mors\/#\/schema\/person\/image\/\",\"url\":\"https:\/\/secure.gravatar.com\/avatar\/690249c43fd60787b97b93384a212aafd43f4087384fe866ff6bcd15574fdf55?s=96&d=mm&r=g\",\"contentUrl\":\"https:\/\/secure.gravatar.com\/avatar\/690249c43fd60787b97b93384a212aafd43f4087384fe866ff6bcd15574fdf55?s=96&d=mm&r=g\",\"caption\":\"Redaktion\"},\"url\":\"https:\/\/kunmedierne.dk\/mors\/author\/redaktion\/\"}]}<\/script>\n<!-- \/ Yoast SEO plugin. -->","yoast_head_json":{"title":"KunMors s\u00e6tter fokus p\u00e5 Sundby - Mors","robots":{"index":"index","follow":"follow","max-snippet":"max-snippet:-1","max-image-preview":"max-image-preview:large","max-video-preview":"max-video-preview:-1"},"canonical":"https:\/\/kunmedierne.dk\/mors\/kunmors-saetter-fokus-paa-sundby\/","og_locale":"da_DK","og_type":"article","og_title":"KunMors s\u00e6tter fokus p\u00e5 Sundby - Mors","og_description":"SUNDBY: Det medie, du l\u00e6ser i nu, har gang i en fokusserie om \u00f8ens landsbyer. Tidligere har vi sat fokus p\u00e5 Sejerslev, \u00d8rding og Karby &#8211; og n\u00e6ste i r\u00e6kken bliver Sundby. Det bliver i september, n\u00e5r \u00e9n af ugerne bliver med daglige artikler om byen p\u00e5 Nordvestmors. Og du kan v\u00e6re med til at [&hellip;]","og_url":"https:\/\/kunmedierne.dk\/mors\/kunmors-saetter-fokus-paa-sundby\/","og_site_name":"Mors","article_published_time":"2023-07-27T18:56:52+00:00","article_modified_time":"2024-08-12T11:17:48+00:00","og_image":[{"width":770,"height":513,"url":"https:\/\/kunmedierne.dk\/mors\/wp-content\/uploads\/2023\/07\/vind-med-vand-2023-14.jpg","type":"image\/jpeg"}],"author":"Redaktion","twitter_card":"summary_large_image","twitter_misc":{"Skrevet af":"Redaktion","Estimeret l\u00e6setid":"1 minut"},"schema":{"@context":"https:\/\/schema.org","@graph":[{"@type":"Article","@id":"https:\/\/kunmedierne.dk\/mors\/kunmors-saetter-fokus-paa-sundby\/#article","isPartOf":{"@id":"https:\/\/kunmedierne.dk\/mors\/kunmors-saetter-fokus-paa-sundby\/"},"author":{"name":"Redaktion","@id":"https:\/\/kunmedierne.dk\/mors\/#\/schema\/person\/23238f24c03ec888fff51102de5a585f"},"headline":"KunMors s\u00e6tter fokus p\u00e5 Sundby","datePublished":"2023-07-27T18:56:52+00:00","dateModified":"2024-08-12T11:17:48+00:00","mainEntityOfPage":{"@id":"https:\/\/kunmedierne.dk\/mors\/kunmors-saetter-fokus-paa-sundby\/"},"wordCount":176,"publisher":{"@id":"https:\/\/kunmedierne.dk\/mors\/#organization"},"image":{"@id":"https:\/\/kunmedierne.dk\/mors\/kunmors-saetter-fokus-paa-sundby\/#primaryimage"},"thumbnailUrl":"https:\/\/kunmedierne.dk\/mors\/wp-content\/uploads\/2023\/07\/vind-med-vand-2023-14.jpg","articleSection":["Fokus p\u00e5 Sundby","Lokalt"],"inLanguage":"da-DK"},{"@type":"WebPage","@id":"https:\/\/kunmedierne.dk\/mors\/kunmors-saetter-fokus-paa-sundby\/","url":"https:\/\/kunmedierne.dk\/mors\/kunmors-saetter-fokus-paa-sundby\/","name":"KunMors s\u00e6tter fokus p\u00e5 Sundby - Mors","isPartOf":{"@id":"https:\/\/kunmedierne.dk\/mors\/#website"},"primaryImageOfPage":{"@id":"https:\/\/kunmedierne.dk\/mors\/kunmors-saetter-fokus-paa-sundby\/#primaryimage"},"image":{"@id":"https:\/\/kunmedierne.dk\/mors\/kunmors-saetter-fokus-paa-sundby\/#primaryimage"},"thumbnailUrl":"https:\/\/kunmedierne.dk\/mors\/wp-content\/uploads\/2023\/07\/vind-med-vand-2023-14.jpg","datePublished":"2023-07-27T18:56:52+00:00","dateModified":"2024-08-12T11:17:48+00:00","breadcrumb":{"@id":"https:\/\/kunmedierne.dk\/mors\/kunmors-saetter-fokus-paa-sundby\/#breadcrumb"},"inLanguage":"da-DK","potentialAction":[{"@type":"ReadAction","target":["https:\/\/kunmedierne.dk\/mors\/kunmors-saetter-fokus-paa-sundby\/"]}]},{"@type":"ImageObject","inLanguage":"da-DK","@id":"https:\/\/kunmedierne.dk\/mors\/kunmors-saetter-fokus-paa-sundby\/#primaryimage","url":"https:\/\/kunmedierne.dk\/mors\/wp-content\/uploads\/2023\/07\/vind-med-vand-2023-14.jpg","contentUrl":"https:\/\/kunmedierne.dk\/mors\/wp-content\/uploads\/2023\/07\/vind-med-vand-2023-14.jpg","width":770,"height":513,"caption":"Sundby Mors Havn har sin egen strand. Men byen byder p\u00e5 meget mere, og det s\u00e6tter KunMors fokus p\u00e5. Arkivfoto."},{"@type":"BreadcrumbList","@id":"https:\/\/kunmedierne.dk\/mors\/kunmors-saetter-fokus-paa-sundby\/#breadcrumb","itemListElement":[{"@type":"ListItem","position":1,"name":"Hjem","item":"https:\/\/kunmedierne.dk\/mors\/"},{"@type":"ListItem","position":2,"name":"KunMors s\u00e6tter fokus p\u00e5 Sundby"}]},{"@type":"WebSite","@id":"https:\/\/kunmedierne.dk\/mors\/#website","url":"https:\/\/kunmedierne.dk\/mors\/","name":"Mors","description":"et netmedie med journalistik om livet p\u00e5 Mors","publisher":{"@id":"https:\/\/kunmedierne.dk\/mors\/#organization"},"potentialAction":[{"@type":"SearchAction","target":{"@type":"EntryPoint","urlTemplate":"https:\/\/kunmedierne.dk\/mors\/?s={search_term_string}"},"query-input":{"@type":"PropertyValueSpecification","valueRequired":true,"valueName":"search_term_string"}}],"inLanguage":"da-DK"},{"@type":"Organization","@id":"https:\/\/kunmedierne.dk\/mors\/#organization","name":"Mors","url":"https:\/\/kunmedierne.dk\/mors\/","logo":{"@type":"ImageObject","inLanguage":"da-DK","@id":"https:\/\/kunmedierne.dk\/mors\/#\/schema\/logo\/image\/","url":"https:\/\/kunmedierne.dk\/mors\/wp-content\/uploads\/2024\/08\/kunmors-logo.svg","contentUrl":"https:\/\/kunmedierne.dk\/mors\/wp-content\/uploads\/2024\/08\/kunmors-logo.svg","caption":"Mors"},"image":{"@id":"https:\/\/kunmedierne.dk\/mors\/#\/schema\/logo\/image\/"}},{"@type":"Person","@id":"https:\/\/kunmedierne.dk\/mors\/#\/schema\/person\/23238f24c03ec888fff51102de5a585f","name":"Redaktion","image":{"@type":"ImageObject","inLanguage":"da-DK","@id":"https:\/\/kunmedierne.dk\/mors\/#\/schema\/person\/image\/","url":"https:\/\/secure.gravatar.com\/avatar\/690249c43fd60787b97b93384a212aafd43f4087384fe866ff6bcd15574fdf55?s=96&d=mm&r=g","contentUrl":"https:\/\/secure.gravatar.com\/avatar\/690249c43fd60787b97b93384a212aafd43f4087384fe866ff6bcd15574fdf55?s=96&d=mm&r=g","caption":"Redaktion"},"url":"https:\/\/kunmedierne.dk\/mors\/author\/redaktion\/"}]}},"_links":{"self":[{"href":"https:\/\/kunmedierne.dk\/mors\/wp-json\/wp\/v2\/posts\/98495","targetHints":{"allow":["GET"]}}],"collection":[{"href":"https:\/\/kunmedierne.dk\/mors\/wp-json\/wp\/v2\/posts"}],"about":[{"href":"https:\/\/kunmedierne.dk\/mors\/wp-json\/wp\/v2\/types\/post"}],"author":[{"embeddable":true,"href":"https:\/\/kunmedierne.dk\/mors\/wp-json\/wp\/v2\/users\/747"}],"replies":[{"embeddable":true,"href":"https:\/\/kunmedierne.dk\/mors\/wp-json\/wp\/v2\/comments?post=98495"}],"version-history":[{"count":4,"href":"https:\/\/kunmedierne.dk\/mors\/wp-json\/wp\/v2\/posts\/98495\/revisions"}],"predecessor-version":[{"id":98501,"href":"https:\/\/kunmedierne.dk\/mors\/wp-json\/wp\/v2\/posts\/98495\/revisions\/98501"}],"wp:featuredmedia":[{"embeddable":true,"href":"https:\/\/kunmedierne.dk\/mors\/wp-json\/wp\/v2\/media\/98497"}],"wp:attachment":[{"href":"https:\/\/kunmedierne.dk\/mors\/wp-json\/wp\/v2\/media?parent=98495"}],"wp:term":[{"taxonomy":"category","embeddable":true,"href":"https:\/\/kunmedierne.dk\/mors\/wp-json\/wp\/v2\/categories?post=98495"},{"taxonomy":"post_tag","embeddable":true,"href":"https:\/\/kunmedierne.dk\/mors\/wp-json\/wp\/v2\/tags?post=98495"}],"curies":[{"name":"wp","href":"https:\/\/api.w.org\/{rel}","templated":true}]}}