{"id":98465,"date":"2023-07-17T12:49:16","date_gmt":"2023-07-17T10:49:16","guid":{"rendered":"https:\/\/kunmedierne.dk\/mors\/?p=98465"},"modified":"2024-08-12T13:17:50","modified_gmt":"2024-08-12T11:17:50","slug":"manglende-forargelse-over-unges-arbejdsforhold","status":"publish","type":"post","link":"https:\/\/kunmedierne.dk\/mors\/manglende-forargelse-over-unges-arbejdsforhold\/","title":{"rendered":"Manglende forargelse over unges arbejdsforhold"},"content":{"rendered":"<p><strong>L\u00c6SERBREV<\/strong>:\u00a0Vi ser det som sundt og karakterstyrkende for de unge at have et fritidsarbejde. S\u00e5 skylder vi dem ogs\u00e5 ordentlige arbejdsforhold.<\/p>\n<p>Det er derfor trist at l\u00e6se, at ved jobpatruljens sidste bes\u00f8g i Nyk\u00f8bing fandt de flere kritisable forhold. Blandt andet drejede det sig om l\u00f8ft over den tilladte v\u00e6gt, nogen m\u00e5tte selv finde deres afl\u00f8sere ved sygdom, de fik ikke de pauser de havde ret til, og der manglede l\u00f8ntill\u00e6g.<\/p>\n<p>Det virker i mine \u00f8jne ikke s\u00e6rligt karakterstyrkende men snarere tillidsv\u00e6kkende og mindsker f\u00f8lelsen af tilfredsstillelse ved at g\u00e5 p\u00e5 arbejde. Jeg kender ikke mange voksne, der ville finde sig i det, men p\u00e5 trods af det, synes jeg at vreden omkring disse unges forhold udebliver.<\/p>\n<a class=\"dvrt-link\" onClick=\"cdmtrack_click(104779,jQuery(this));return false\" href=\"https:\/\/morsoe-begravelsesforretning.dk\/\"><img decoding=\"async\" style=\"width:100%;\" src=\"https:\/\/kunmedierne.dk\/mors\/wp-content\/uploads\/2023\/11\/251215-morsoe-begravelsesforretning.jpg\"><\/a><script>cdmtrack_view(104779);<\/script>\n<p>Jeg ved det ikke med sikkerhed men mist\u00e6nker, at noget af apatien skyldes en \u00e6ldre generation, der er parate med et foredrag om hvordan forholdene var dengang de selv var unge etc. Som om det skulle v\u00e6re et logisk argument for at noget er uacceptabelt i dag. Sandheden er at I ogs\u00e5 havde det bedre end endnu tidligere generationer. Og s\u00e5dan skulle udviklingen gerne forts\u00e6tte.<\/p>\n<p>Selvom I kom sikkert ud p\u00e5 den anden side, er det nok heller ikke klogt at lade syv-\u00e5rige betjene tungt maskineri, som de gjorde i vores bedstefor\u00e6ldres generation, og der var nok ogs\u00e5 et par stykker der r\u00f8g i svinget. I har m\u00e5ske endda selv kendt nogen.<\/p>\n<p>Og jeg skal da love for, at der hurtigt kom gang i whatabout-ismen p\u00e5 Nordjyske, efter at jobpatruljen rykkede ud. &#8216;Fagforeningerne bruger ul\u00f8nnet arbejdskraft&#8217;, l\u00f8d det i overskriften.<\/p>\n<a class=\"dvrt-link\" onClick=\"cdmtrack_click(104779,jQuery(this));return false\" href=\"https:\/\/morsoe-begravelsesforretning.dk\/\"><img decoding=\"async\" style=\"width:100%;\" src=\"https:\/\/kunmedierne.dk\/mors\/wp-content\/uploads\/2023\/11\/251215-morsoe-begravelsesforretning.jpg\"><\/a><script>cdmtrack_view(104779);<\/script>\n<p>Det er jo en fantastisk m\u00e5de at mudre vandene p\u00e5, s\u00e5 ansvaret kan fjernes fra arbejdsgivere. Hvorfor skal de s\u00e5 fremover overholde regler og overenskomster, n\u00e5r folk laver fagforeningsarbejde gratis (frivilligt arbejde plejer vi ellers at hylde som limen, der holder samfundet sammen).<\/p>\n<p>Men det virkede, for man kunne hurtigt se folk i kommentarerne g\u00e5 arbejdsgivernes \u00e6rinde og d\u00e6kke over dem og i stedet rette skytset mod fagforeningerne fremfor at vise solidaritet med de unge arbejdstagere.<\/p>\n<a class=\"dvrt-link\" onClick=\"cdmtrack_click(104779,jQuery(this));return false\" href=\"https:\/\/morsoe-begravelsesforretning.dk\/\"><img decoding=\"async\" style=\"width:100%;\" src=\"https:\/\/kunmedierne.dk\/mors\/wp-content\/uploads\/2023\/11\/251215-morsoe-begravelsesforretning.jpg\"><\/a><script>cdmtrack_view(104779);<\/script>\n<p>Vi s\u00e5 det ogs\u00e5 da sygeplejerskerne forlangte bedre l\u00f8n. S\u00e5 var folks reaktion at brokke sig, fordi &#8216;de fik i hvert ikke en lige s\u00e5 god l\u00f8n som sygeplejerskerne&#8217;. I stedet for burde man se det som en mulighed for at st\u00f8tte hinanden tv\u00e6rfagligt, hvilket sikkert ogs\u00e5 kunne hj\u00e6lpe til at l\u00f8fte ens egen situation en anden gang.<\/p>\n<p>Det er tr\u00e6ls at se, at det er her, vi er endt. Vi skylder at l\u00e6re de unge, at det vigtigt at have hinandens ryg, og at sammenhold styrker os, n\u00e5r det g\u00e6lder ordentlige arbejdsforhold.<\/p>\n<h5>L\u00c6S OGS\u00c5: <a href=\"https:\/\/kunmedierne.dk\/mors\/jobpatruljen-moedte-unge-med-rigtigt-daarlige-arbejdsforhold\/\">Jobpatruljen m\u00f8dte unge med rigtigt d\u00e5rlige arbejdsforhold<\/a><\/h5>\n<hr \/>\n<p><em>Har du et bidrag til debatten p\u00e5 KunMors? Send det til os p\u00e5 e-mail: debat@kunmedierne.dk\/mors<\/em><\/p>\n","protected":false},"excerpt":{"rendered":"<p>L\u00c6SERBREV:\u00a0Vi ser det som sundt og karakterstyrkende for de unge at have et fritidsarbejde. S\u00e5 skylder vi dem ogs\u00e5 ordentlige arbejdsforhold. Det er derfor trist at l\u00e6se, at ved jobpatruljens sidste bes\u00f8g i Nyk\u00f8bing fandt de flere kritisable forhold. Blandt andet drejede det sig om l\u00f8ft over den tilladte v\u00e6gt, nogen m\u00e5tte selv finde deres [&hellip;]<\/p>\n","protected":false},"author":11,"featured_media":68465,"comment_status":"closed","ping_status":"open","sticky":false,"template":"","format":"standard","meta":{"_acf_changed":false,"footnotes":""},"categories":[56,51],"tags":[159],"class_list":["post-98465","post","type-post","status-publish","format-standard","has-post-thumbnail","hentry","category-debat","category-lokalt","tag-erhverv"],"acf":[],"yoast_head":"<!-- This site is optimized with the Yoast SEO plugin v26.8 - https:\/\/yoast.com\/product\/yoast-seo-wordpress\/ -->\n<title>Manglende forargelse over unges arbejdsforhold - Mors<\/title>\n<meta name=\"robots\" content=\"index, follow, max-snippet:-1, max-image-preview:large, max-video-preview:-1\" \/>\n<link rel=\"canonical\" href=\"https:\/\/kunmedierne.dk\/mors\/manglende-forargelse-over-unges-arbejdsforhold\/\" \/>\n<meta property=\"og:locale\" content=\"da_DK\" \/>\n<meta property=\"og:type\" content=\"article\" \/>\n<meta property=\"og:title\" content=\"Manglende forargelse over unges arbejdsforhold - Mors\" \/>\n<meta property=\"og:description\" content=\"L\u00c6SERBREV:\u00a0Vi ser det som sundt og karakterstyrkende for de unge at have et fritidsarbejde. S\u00e5 skylder vi dem ogs\u00e5 ordentlige arbejdsforhold. Det er derfor trist at l\u00e6se, at ved jobpatruljens sidste bes\u00f8g i Nyk\u00f8bing fandt de flere kritisable forhold. Blandt andet drejede det sig om l\u00f8ft over den tilladte v\u00e6gt, nogen m\u00e5tte selv finde deres [&hellip;]\" \/>\n<meta property=\"og:url\" content=\"https:\/\/kunmedierne.dk\/mors\/manglende-forargelse-over-unges-arbejdsforhold\/\" \/>\n<meta property=\"og:site_name\" content=\"Mors\" \/>\n<meta property=\"article:published_time\" content=\"2023-07-17T10:49:16+00:00\" \/>\n<meta property=\"article:modified_time\" content=\"2024-08-12T11:17:50+00:00\" \/>\n<meta property=\"og:image\" content=\"https:\/\/kunmedierne.dk\/mors\/wp-content\/uploads\/2022\/05\/ole-lajgaard-scaled.jpg\" \/>\n\t<meta property=\"og:image:width\" content=\"2560\" \/>\n\t<meta property=\"og:image:height\" content=\"1707\" \/>\n\t<meta property=\"og:image:type\" content=\"image\/jpeg\" \/>\n<meta name=\"author\" content=\"Debat\" \/>\n<meta name=\"twitter:card\" content=\"summary_large_image\" \/>\n<meta name=\"twitter:label1\" content=\"Skrevet af\" \/>\n\t<meta name=\"twitter:data1\" content=\"Debat\" \/>\n\t<meta name=\"twitter:label2\" content=\"Estimeret l\u00e6setid\" \/>\n\t<meta name=\"twitter:data2\" content=\"3 minutter\" \/>\n<script type=\"application\/ld+json\" class=\"yoast-schema-graph\">{\"@context\":\"https:\/\/schema.org\",\"@graph\":[{\"@type\":\"Article\",\"@id\":\"https:\/\/kunmedierne.dk\/mors\/manglende-forargelse-over-unges-arbejdsforhold\/#article\",\"isPartOf\":{\"@id\":\"https:\/\/kunmedierne.dk\/mors\/manglende-forargelse-over-unges-arbejdsforhold\/\"},\"author\":{\"name\":\"Debat\",\"@id\":\"https:\/\/kunmedierne.dk\/mors\/#\/schema\/person\/84c1391bce0b43b9bb3a49736bc0ad78\"},\"headline\":\"Manglende forargelse over unges arbejdsforhold\",\"datePublished\":\"2023-07-17T10:49:16+00:00\",\"dateModified\":\"2024-08-12T11:17:50+00:00\",\"mainEntityOfPage\":{\"@id\":\"https:\/\/kunmedierne.dk\/mors\/manglende-forargelse-over-unges-arbejdsforhold\/\"},\"wordCount\":504,\"publisher\":{\"@id\":\"https:\/\/kunmedierne.dk\/mors\/#organization\"},\"image\":{\"@id\":\"https:\/\/kunmedierne.dk\/mors\/manglende-forargelse-over-unges-arbejdsforhold\/#primaryimage\"},\"thumbnailUrl\":\"https:\/\/kunmedierne.dk\/mors\/wp-content\/uploads\/2022\/05\/ole-lajgaard-scaled.jpg\",\"keywords\":[\"Erhverv\"],\"articleSection\":[\"Debat\",\"Lokalt\"],\"inLanguage\":\"da-DK\"},{\"@type\":\"WebPage\",\"@id\":\"https:\/\/kunmedierne.dk\/mors\/manglende-forargelse-over-unges-arbejdsforhold\/\",\"url\":\"https:\/\/kunmedierne.dk\/mors\/manglende-forargelse-over-unges-arbejdsforhold\/\",\"name\":\"Manglende forargelse over unges arbejdsforhold - Mors\",\"isPartOf\":{\"@id\":\"https:\/\/kunmedierne.dk\/mors\/#website\"},\"primaryImageOfPage\":{\"@id\":\"https:\/\/kunmedierne.dk\/mors\/manglende-forargelse-over-unges-arbejdsforhold\/#primaryimage\"},\"image\":{\"@id\":\"https:\/\/kunmedierne.dk\/mors\/manglende-forargelse-over-unges-arbejdsforhold\/#primaryimage\"},\"thumbnailUrl\":\"https:\/\/kunmedierne.dk\/mors\/wp-content\/uploads\/2022\/05\/ole-lajgaard-scaled.jpg\",\"datePublished\":\"2023-07-17T10:49:16+00:00\",\"dateModified\":\"2024-08-12T11:17:50+00:00\",\"breadcrumb\":{\"@id\":\"https:\/\/kunmedierne.dk\/mors\/manglende-forargelse-over-unges-arbejdsforhold\/#breadcrumb\"},\"inLanguage\":\"da-DK\",\"potentialAction\":[{\"@type\":\"ReadAction\",\"target\":[\"https:\/\/kunmedierne.dk\/mors\/manglende-forargelse-over-unges-arbejdsforhold\/\"]}]},{\"@type\":\"ImageObject\",\"inLanguage\":\"da-DK\",\"@id\":\"https:\/\/kunmedierne.dk\/mors\/manglende-forargelse-over-unges-arbejdsforhold\/#primaryimage\",\"url\":\"https:\/\/kunmedierne.dk\/mors\/wp-content\/uploads\/2022\/05\/ole-lajgaard-scaled.jpg\",\"contentUrl\":\"https:\/\/kunmedierne.dk\/mors\/wp-content\/uploads\/2022\/05\/ole-lajgaard-scaled.jpg\",\"width\":2560,\"height\":1707,\"caption\":\"Ole Lajgaard, Enhedslisten Mors\u00f8. Privatfoto\"},{\"@type\":\"BreadcrumbList\",\"@id\":\"https:\/\/kunmedierne.dk\/mors\/manglende-forargelse-over-unges-arbejdsforhold\/#breadcrumb\",\"itemListElement\":[{\"@type\":\"ListItem\",\"position\":1,\"name\":\"Hjem\",\"item\":\"https:\/\/kunmedierne.dk\/mors\/\"},{\"@type\":\"ListItem\",\"position\":2,\"name\":\"Manglende forargelse over unges arbejdsforhold\"}]},{\"@type\":\"WebSite\",\"@id\":\"https:\/\/kunmedierne.dk\/mors\/#website\",\"url\":\"https:\/\/kunmedierne.dk\/mors\/\",\"name\":\"Mors\",\"description\":\"et netmedie med journalistik om livet p\u00e5 Mors\",\"publisher\":{\"@id\":\"https:\/\/kunmedierne.dk\/mors\/#organization\"},\"potentialAction\":[{\"@type\":\"SearchAction\",\"target\":{\"@type\":\"EntryPoint\",\"urlTemplate\":\"https:\/\/kunmedierne.dk\/mors\/?s={search_term_string}\"},\"query-input\":{\"@type\":\"PropertyValueSpecification\",\"valueRequired\":true,\"valueName\":\"search_term_string\"}}],\"inLanguage\":\"da-DK\"},{\"@type\":\"Organization\",\"@id\":\"https:\/\/kunmedierne.dk\/mors\/#organization\",\"name\":\"Mors\",\"url\":\"https:\/\/kunmedierne.dk\/mors\/\",\"logo\":{\"@type\":\"ImageObject\",\"inLanguage\":\"da-DK\",\"@id\":\"https:\/\/kunmedierne.dk\/mors\/#\/schema\/logo\/image\/\",\"url\":\"https:\/\/kunmedierne.dk\/mors\/wp-content\/uploads\/2024\/08\/kunmors-logo.svg\",\"contentUrl\":\"https:\/\/kunmedierne.dk\/mors\/wp-content\/uploads\/2024\/08\/kunmors-logo.svg\",\"caption\":\"Mors\"},\"image\":{\"@id\":\"https:\/\/kunmedierne.dk\/mors\/#\/schema\/logo\/image\/\"}},{\"@type\":\"Person\",\"@id\":\"https:\/\/kunmedierne.dk\/mors\/#\/schema\/person\/84c1391bce0b43b9bb3a49736bc0ad78\",\"name\":\"Debat\",\"image\":{\"@type\":\"ImageObject\",\"inLanguage\":\"da-DK\",\"@id\":\"https:\/\/kunmedierne.dk\/mors\/#\/schema\/person\/image\/\",\"url\":\"https:\/\/secure.gravatar.com\/avatar\/b0fb2e221d618f7c65162ab0d49c7e8a0b580c871ca03af90e42b47b4150654c?s=96&d=mm&r=g\",\"contentUrl\":\"https:\/\/secure.gravatar.com\/avatar\/b0fb2e221d618f7c65162ab0d49c7e8a0b580c871ca03af90e42b47b4150654c?s=96&d=mm&r=g\",\"caption\":\"Debat\"},\"url\":\"https:\/\/kunmedierne.dk\/mors\/author\/debat\/\"}]}<\/script>\n<!-- \/ Yoast SEO plugin. -->","yoast_head_json":{"title":"Manglende forargelse over unges arbejdsforhold - Mors","robots":{"index":"index","follow":"follow","max-snippet":"max-snippet:-1","max-image-preview":"max-image-preview:large","max-video-preview":"max-video-preview:-1"},"canonical":"https:\/\/kunmedierne.dk\/mors\/manglende-forargelse-over-unges-arbejdsforhold\/","og_locale":"da_DK","og_type":"article","og_title":"Manglende forargelse over unges arbejdsforhold - Mors","og_description":"L\u00c6SERBREV:\u00a0Vi ser det som sundt og karakterstyrkende for de unge at have et fritidsarbejde. S\u00e5 skylder vi dem ogs\u00e5 ordentlige arbejdsforhold. Det er derfor trist at l\u00e6se, at ved jobpatruljens sidste bes\u00f8g i Nyk\u00f8bing fandt de flere kritisable forhold. Blandt andet drejede det sig om l\u00f8ft over den tilladte v\u00e6gt, nogen m\u00e5tte selv finde deres [&hellip;]","og_url":"https:\/\/kunmedierne.dk\/mors\/manglende-forargelse-over-unges-arbejdsforhold\/","og_site_name":"Mors","article_published_time":"2023-07-17T10:49:16+00:00","article_modified_time":"2024-08-12T11:17:50+00:00","og_image":[{"width":2560,"height":1707,"url":"https:\/\/kunmedierne.dk\/mors\/wp-content\/uploads\/2022\/05\/ole-lajgaard-scaled.jpg","type":"image\/jpeg"}],"author":"Debat","twitter_card":"summary_large_image","twitter_misc":{"Skrevet af":"Debat","Estimeret l\u00e6setid":"3 minutter"},"schema":{"@context":"https:\/\/schema.org","@graph":[{"@type":"Article","@id":"https:\/\/kunmedierne.dk\/mors\/manglende-forargelse-over-unges-arbejdsforhold\/#article","isPartOf":{"@id":"https:\/\/kunmedierne.dk\/mors\/manglende-forargelse-over-unges-arbejdsforhold\/"},"author":{"name":"Debat","@id":"https:\/\/kunmedierne.dk\/mors\/#\/schema\/person\/84c1391bce0b43b9bb3a49736bc0ad78"},"headline":"Manglende forargelse over unges arbejdsforhold","datePublished":"2023-07-17T10:49:16+00:00","dateModified":"2024-08-12T11:17:50+00:00","mainEntityOfPage":{"@id":"https:\/\/kunmedierne.dk\/mors\/manglende-forargelse-over-unges-arbejdsforhold\/"},"wordCount":504,"publisher":{"@id":"https:\/\/kunmedierne.dk\/mors\/#organization"},"image":{"@id":"https:\/\/kunmedierne.dk\/mors\/manglende-forargelse-over-unges-arbejdsforhold\/#primaryimage"},"thumbnailUrl":"https:\/\/kunmedierne.dk\/mors\/wp-content\/uploads\/2022\/05\/ole-lajgaard-scaled.jpg","keywords":["Erhverv"],"articleSection":["Debat","Lokalt"],"inLanguage":"da-DK"},{"@type":"WebPage","@id":"https:\/\/kunmedierne.dk\/mors\/manglende-forargelse-over-unges-arbejdsforhold\/","url":"https:\/\/kunmedierne.dk\/mors\/manglende-forargelse-over-unges-arbejdsforhold\/","name":"Manglende forargelse over unges arbejdsforhold - Mors","isPartOf":{"@id":"https:\/\/kunmedierne.dk\/mors\/#website"},"primaryImageOfPage":{"@id":"https:\/\/kunmedierne.dk\/mors\/manglende-forargelse-over-unges-arbejdsforhold\/#primaryimage"},"image":{"@id":"https:\/\/kunmedierne.dk\/mors\/manglende-forargelse-over-unges-arbejdsforhold\/#primaryimage"},"thumbnailUrl":"https:\/\/kunmedierne.dk\/mors\/wp-content\/uploads\/2022\/05\/ole-lajgaard-scaled.jpg","datePublished":"2023-07-17T10:49:16+00:00","dateModified":"2024-08-12T11:17:50+00:00","breadcrumb":{"@id":"https:\/\/kunmedierne.dk\/mors\/manglende-forargelse-over-unges-arbejdsforhold\/#breadcrumb"},"inLanguage":"da-DK","potentialAction":[{"@type":"ReadAction","target":["https:\/\/kunmedierne.dk\/mors\/manglende-forargelse-over-unges-arbejdsforhold\/"]}]},{"@type":"ImageObject","inLanguage":"da-DK","@id":"https:\/\/kunmedierne.dk\/mors\/manglende-forargelse-over-unges-arbejdsforhold\/#primaryimage","url":"https:\/\/kunmedierne.dk\/mors\/wp-content\/uploads\/2022\/05\/ole-lajgaard-scaled.jpg","contentUrl":"https:\/\/kunmedierne.dk\/mors\/wp-content\/uploads\/2022\/05\/ole-lajgaard-scaled.jpg","width":2560,"height":1707,"caption":"Ole Lajgaard, Enhedslisten Mors\u00f8. Privatfoto"},{"@type":"BreadcrumbList","@id":"https:\/\/kunmedierne.dk\/mors\/manglende-forargelse-over-unges-arbejdsforhold\/#breadcrumb","itemListElement":[{"@type":"ListItem","position":1,"name":"Hjem","item":"https:\/\/kunmedierne.dk\/mors\/"},{"@type":"ListItem","position":2,"name":"Manglende forargelse over unges arbejdsforhold"}]},{"@type":"WebSite","@id":"https:\/\/kunmedierne.dk\/mors\/#website","url":"https:\/\/kunmedierne.dk\/mors\/","name":"Mors","description":"et netmedie med journalistik om livet p\u00e5 Mors","publisher":{"@id":"https:\/\/kunmedierne.dk\/mors\/#organization"},"potentialAction":[{"@type":"SearchAction","target":{"@type":"EntryPoint","urlTemplate":"https:\/\/kunmedierne.dk\/mors\/?s={search_term_string}"},"query-input":{"@type":"PropertyValueSpecification","valueRequired":true,"valueName":"search_term_string"}}],"inLanguage":"da-DK"},{"@type":"Organization","@id":"https:\/\/kunmedierne.dk\/mors\/#organization","name":"Mors","url":"https:\/\/kunmedierne.dk\/mors\/","logo":{"@type":"ImageObject","inLanguage":"da-DK","@id":"https:\/\/kunmedierne.dk\/mors\/#\/schema\/logo\/image\/","url":"https:\/\/kunmedierne.dk\/mors\/wp-content\/uploads\/2024\/08\/kunmors-logo.svg","contentUrl":"https:\/\/kunmedierne.dk\/mors\/wp-content\/uploads\/2024\/08\/kunmors-logo.svg","caption":"Mors"},"image":{"@id":"https:\/\/kunmedierne.dk\/mors\/#\/schema\/logo\/image\/"}},{"@type":"Person","@id":"https:\/\/kunmedierne.dk\/mors\/#\/schema\/person\/84c1391bce0b43b9bb3a49736bc0ad78","name":"Debat","image":{"@type":"ImageObject","inLanguage":"da-DK","@id":"https:\/\/kunmedierne.dk\/mors\/#\/schema\/person\/image\/","url":"https:\/\/secure.gravatar.com\/avatar\/b0fb2e221d618f7c65162ab0d49c7e8a0b580c871ca03af90e42b47b4150654c?s=96&d=mm&r=g","contentUrl":"https:\/\/secure.gravatar.com\/avatar\/b0fb2e221d618f7c65162ab0d49c7e8a0b580c871ca03af90e42b47b4150654c?s=96&d=mm&r=g","caption":"Debat"},"url":"https:\/\/kunmedierne.dk\/mors\/author\/debat\/"}]}},"_links":{"self":[{"href":"https:\/\/kunmedierne.dk\/mors\/wp-json\/wp\/v2\/posts\/98465","targetHints":{"allow":["GET"]}}],"collection":[{"href":"https:\/\/kunmedierne.dk\/mors\/wp-json\/wp\/v2\/posts"}],"about":[{"href":"https:\/\/kunmedierne.dk\/mors\/wp-json\/wp\/v2\/types\/post"}],"author":[{"embeddable":true,"href":"https:\/\/kunmedierne.dk\/mors\/wp-json\/wp\/v2\/users\/11"}],"replies":[{"embeddable":true,"href":"https:\/\/kunmedierne.dk\/mors\/wp-json\/wp\/v2\/comments?post=98465"}],"version-history":[{"count":1,"href":"https:\/\/kunmedierne.dk\/mors\/wp-json\/wp\/v2\/posts\/98465\/revisions"}],"predecessor-version":[{"id":98466,"href":"https:\/\/kunmedierne.dk\/mors\/wp-json\/wp\/v2\/posts\/98465\/revisions\/98466"}],"wp:featuredmedia":[{"embeddable":true,"href":"https:\/\/kunmedierne.dk\/mors\/wp-json\/wp\/v2\/media\/68465"}],"wp:attachment":[{"href":"https:\/\/kunmedierne.dk\/mors\/wp-json\/wp\/v2\/media?parent=98465"}],"wp:term":[{"taxonomy":"category","embeddable":true,"href":"https:\/\/kunmedierne.dk\/mors\/wp-json\/wp\/v2\/categories?post=98465"},{"taxonomy":"post_tag","embeddable":true,"href":"https:\/\/kunmedierne.dk\/mors\/wp-json\/wp\/v2\/tags?post=98465"}],"curies":[{"name":"wp","href":"https:\/\/api.w.org\/{rel}","templated":true}]}}