{"id":98360,"date":"2023-07-14T15:16:06","date_gmt":"2023-07-14T13:16:06","guid":{"rendered":"https:\/\/kunmedierne.dk\/mors\/?p=98360"},"modified":"2024-08-12T13:17:50","modified_gmt":"2024-08-12T11:17:50","slug":"jobpatruljen-moedte-unge-med-rigtigt-daarlige-arbejdsforhold","status":"publish","type":"post","link":"https:\/\/kunmedierne.dk\/mors\/jobpatruljen-moedte-unge-med-rigtigt-daarlige-arbejdsforhold\/","title":{"rendered":"Jobpatruljen m\u00f8dte unge med rigtigt d\u00e5rlige arbejdsforhold"},"content":{"rendered":"<p><strong>MORS\/SALLING<\/strong>: Der er l\u00f8ftede pegefingre fra HK og 3F over unges arbejdsforhold i Nyk\u00f8bing og Skive.<\/p>\n<p>Torsdag var Jobpatruljen p\u00e5 bes\u00f8g hos 181 af omr\u00e5dets virksomheder og igennem 36 interviews med ungarbejdere for at se de unges arbejdsvilk\u00e5r efter i s\u00f8mmene. Anne Vangkilde, der er ungdomskonsulent i HK MidtVest og koordinator af Jobpatruljen i det midt- og vestjyske, fort\u00e6ller, at patruljen m\u00f8dte flere unge, der havde tunge l\u00f8ft og ikke fik de pauser, de havde krav p\u00e5.<\/p>\n<p>Uden at n\u00e6vne virksomheder ved navn fort\u00e6ller Jobpatruljen i en pressemeddelelse blandt andet om et supermarked med to ungarbejdere, som havde rigtigt d\u00e5rlige arbejdsforhold.<\/p>\n<p>Alt var stort set galt.<\/p>\n<a class=\"dvrt-link\" onClick=\"cdmtrack_click(169437,jQuery(this));return false\" href=\"https:\/\/thymors.dk\/sponsorater\/15-til-faellesskabet?utm_source=kunmors&amp;utm_medium=annonce&amp;utm_campaign=sponsorater\"><img decoding=\"async\" style=\"width:100%;\" src=\"https:\/\/kunmedierne.dk\/mors\/wp-content\/uploads\/2026\/03\/260407ThyMors-energi_faellesskab_generel-1.jpg\"><\/a><script>cdmtrack_view(169437);<\/script>\n<p>De to unge, hvoraf den ene var 15 \u00e5r, t\u00f8mte b\u00e5de pappresser og flaskeautomat.<\/p>\n<p>Er man 15 \u00e5r og g\u00e5et ud af 9. klasse, m\u00e5 man gerne arbejde ved flaskeautomaten\/-b\u00e5ndet, men man m\u00e5 ikke reparere\/pille ved maskinen. Man m\u00e5 heller ikke betjene en pappresser, n\u00e5r man ikke har afsluttet 9. klasse. Hvis man er fyldt 15 \u00e5r og er g\u00e5et ud af 9. klasse, m\u00e5 man gerne fylde affald i presseren og foretage presning. Men man m\u00e5 ikke klarg\u00f8re, t\u00f8mme, reng\u00f8re eller vedligeholde presseren eller t\u00e6nde for str\u00f8mmen.<\/p>\n<p>Men det var ikke det eneste arbejdsforhold, som var kritisabelt, lyder konklusionen.<\/p>\n<p>&#8211; De to unge skulle selv finde afl\u00f8sere ved sygdom, de fik ingen l\u00f8ntill\u00e6g, selv om de havde krav p\u00e5 det, holdt ikke pauser og l\u00f8ftede mere, end de m\u00e5tte, og havde fysiske m\u00e9n af l\u00f8ftene. Den ene m\u00e5tte st\u00e5 alene p\u00e5 arbejde. Den anden havde ikke ans\u00e6ttelseskontrakt og fik ikke l\u00f8nseddel, fort\u00e6ller Anne Vangkilde.<\/p>\n<p>&nbsp;<\/p>\n<p><strong>Vigtigt med ans\u00e6ttelseskontrakt<\/strong><\/p>\n<p>Hun fort\u00e6ller, at der fra 1. juli 2023 er kommet en ny ans\u00e6ttelsesbevislov, hvor man som ung har ret til en ans\u00e6ttelseskontrakt, n\u00e5r man arbejder mere end tre timer om ugen. En ans\u00e6ttelseskontrakt er en vigtig foruds\u00e6tning for at undg\u00e5 usikkerhed om, hvad der er ret og pligt mellem ans\u00e6ttelsesforholdets parter, alts\u00e5 den unge og den unges arbejdsgiver, fort\u00e6ller Anne Vangkilde og forts\u00e6tter:<\/p>\n<a class=\"dvrt-link\" onClick=\"cdmtrack_click(104778,jQuery(this));return false\" href=\"https:\/\/vester-begr.dk\/?gclid=CjwKCAjw5Kv7BRBSEiwAXGDElQB6WMfm9CgYVrruty-I1gaOkTkC3mlA4QRDtYNsxYgVC8sNzAJ7WhoCmBsQAvD_BwE\"><img decoding=\"async\" style=\"width:100%;\" src=\"https:\/\/kunmedierne.dk\/mors\/wp-content\/uploads\/2023\/10\/260203VesterHoukaer-02022026.jpg\"><\/a><script>cdmtrack_view(104778);<\/script>\n<p>&#8211; Det er s\u00e6rligt vigtigt for unge, som er nye p\u00e5 arbejdsmarkedet, og som derfor ikke kender deres rettigheder og pligter endnu. En ans\u00e6ttelseskontrakt er desuden et vigtigt bevis for ans\u00e6ttelsesforholdet, hvis du mangler l\u00f8n, kommer ud for en arbejdsskade, virksomheden g\u00e5r konkurs eller andet. S\u00e5 husk at f\u00e5 en kopi. Og n\u00e5r du er under 18 \u00e5r, er det vigtigt, at dine for\u00e6ldre ogs\u00e5 ser kontrakten og skriver under.<\/p>\n<p>&nbsp;<\/p>\n<p><strong>Flere og bedre fritidsjobs<\/strong><\/p>\n<p>Jobpatruljen i det midt- og vestjyske k\u00f8rer hele uge 28 og kommer denne gang med budskabet om, at det skal v\u00e6re bedre for de unge at g\u00e5 p\u00e5 arbejde.<\/p>\n<p>Mere end 100.000 unge mellem 13 og 17 \u00e5r har et fritidsjob. Men andelen af dem er faldet \u2013 fra godt 38 procent i 2008 til godt 32 procent i 2020.<\/p>\n<a class=\"dvrt-link\" onClick=\"cdmtrack_click(104781,jQuery(this));return false\" href=\"https:\/\/www.fmspks.dk\/\"><img decoding=\"async\" style=\"width:100%;\" src=\"https:\/\/kunmedierne.dk\/mors\/wp-content\/uploads\/2022\/02\/vip-froeslev-mollerup-sparekasse.jpg\"><\/a><script>cdmtrack_view(104781);<\/script>\n<p>Jobpatruljen fort\u00e6ller, at det af regeringsgrundlaget fremg\u00e5r, at regeringen vil gennemf\u00f8re en st\u00f8rre satsning p\u00e5 fritidsjob og mindske barrierer, s\u00e5 unge f\u00e5r bedre mulighed for at tage et fritidsjob \u2013 og derigennem opleve at v\u00e6re p\u00e5 en arbejdsplads med alle de erfaringer, det giver.<\/p>\n<p>Men konklusionen er, at hvis flere unge skal have et fritidsjob, skal det v\u00e6re bedre for de unge at g\u00e5 p\u00e5 arbejde.<\/p>\n<p>&nbsp;<\/p>\n<blockquote>\n<h3>FAKTA:\u00a0<strong>S\u00e5dan er reglerne<\/strong><\/h3>\n<h5>Reglerne siger, at man aldrig \u2013 heller ikke som fritidsjobber \u2013 skal finde en afl\u00f8ser, n\u00e5r man er syg. Det er altid chefens ansvar. Chefen m\u00e5 heller ikke sp\u00f8rge, hvad man fejler.<\/h5>\n<h5>If\u00f8lge reglerne skal der v\u00e6re minimum 30 minutters pause uden l\u00f8n, hvis arbejdsdagen er over 4,5 timer.<\/h5>\n<h5>Unge under 18 \u00e5r m\u00e5 kun l\u00f8fte op til 12 kilo og tr\u00e6kke eller skubbe op til 250 kilo. Det svarer til, at man m\u00e5 l\u00f8fte en \u00f8lkasse med tomme flasker.<\/h5>\n<h5>N\u00e5r man er under 18 \u00e5r, skal man som hovedregel v\u00e6re under tilsyn af en person, der er fyldt 18 \u00e5r, og som har den n\u00f8dvendige indsigt i arbejdet. man m\u00e5 ikke v\u00e6re alene p\u00e5 arbejdet.<\/h5>\n<h5>L\u00e6s mere om Jobpatruljen p\u00e5 <a href=\"http:\/\/www.jobpatruljen.dk\">www.jobpatruljen.dk<\/a><\/h5>\n<\/blockquote>\n","protected":false},"excerpt":{"rendered":"<p>MORS\/SALLING: Der er l\u00f8ftede pegefingre fra HK og 3F over unges arbejdsforhold i Nyk\u00f8bing og Skive. Torsdag var Jobpatruljen p\u00e5 bes\u00f8g hos 181 af omr\u00e5dets virksomheder og igennem 36 interviews med ungarbejdere for at se de unges arbejdsvilk\u00e5r efter i s\u00f8mmene. Anne Vangkilde, der er ungdomskonsulent i HK MidtVest og koordinator af Jobpatruljen i det [&hellip;]<\/p>\n","protected":false},"author":8,"featured_media":98361,"comment_status":"closed","ping_status":"open","sticky":false,"template":"","format":"standard","meta":{"_acf_changed":false,"footnotes":""},"categories":[51],"tags":[159],"class_list":["post-98360","post","type-post","status-publish","format-standard","has-post-thumbnail","hentry","category-lokalt","tag-erhverv"],"acf":[],"yoast_head":"<!-- This site is optimized with the Yoast SEO plugin v26.8 - https:\/\/yoast.com\/product\/yoast-seo-wordpress\/ -->\n<title>Jobpatruljen m\u00f8dte unge med rigtigt d\u00e5rlige arbejdsforhold - Mors<\/title>\n<meta name=\"robots\" content=\"index, follow, max-snippet:-1, max-image-preview:large, max-video-preview:-1\" \/>\n<link rel=\"canonical\" href=\"https:\/\/kunmedierne.dk\/mors\/jobpatruljen-moedte-unge-med-rigtigt-daarlige-arbejdsforhold\/\" \/>\n<meta property=\"og:locale\" content=\"da_DK\" \/>\n<meta property=\"og:type\" content=\"article\" \/>\n<meta property=\"og:title\" content=\"Jobpatruljen m\u00f8dte unge med rigtigt d\u00e5rlige arbejdsforhold - Mors\" \/>\n<meta property=\"og:description\" content=\"MORS\/SALLING: Der er l\u00f8ftede pegefingre fra HK og 3F over unges arbejdsforhold i Nyk\u00f8bing og Skive. Torsdag var Jobpatruljen p\u00e5 bes\u00f8g hos 181 af omr\u00e5dets virksomheder og igennem 36 interviews med ungarbejdere for at se de unges arbejdsvilk\u00e5r efter i s\u00f8mmene. Anne Vangkilde, der er ungdomskonsulent i HK MidtVest og koordinator af Jobpatruljen i det [&hellip;]\" \/>\n<meta property=\"og:url\" content=\"https:\/\/kunmedierne.dk\/mors\/jobpatruljen-moedte-unge-med-rigtigt-daarlige-arbejdsforhold\/\" \/>\n<meta property=\"og:site_name\" content=\"Mors\" \/>\n<meta property=\"article:published_time\" content=\"2023-07-14T13:16:06+00:00\" \/>\n<meta property=\"article:modified_time\" content=\"2024-08-12T11:17:50+00:00\" \/>\n<meta property=\"og:image\" content=\"https:\/\/kunmedierne.dk\/mors\/wp-content\/uploads\/2023\/07\/Jobpatruljen-2023-Foto.jpg\" \/>\n\t<meta property=\"og:image:width\" content=\"770\" \/>\n\t<meta property=\"og:image:height\" content=\"513\" \/>\n\t<meta property=\"og:image:type\" content=\"image\/jpeg\" \/>\n<meta name=\"author\" content=\"David H\u00f8jmark\" \/>\n<meta name=\"twitter:card\" content=\"summary_large_image\" \/>\n<meta name=\"twitter:label1\" content=\"Skrevet af\" \/>\n\t<meta name=\"twitter:data1\" content=\"David H\u00f8jmark\" \/>\n\t<meta name=\"twitter:label2\" content=\"Estimeret l\u00e6setid\" \/>\n\t<meta name=\"twitter:data2\" content=\"4 minutter\" \/>\n<script type=\"application\/ld+json\" class=\"yoast-schema-graph\">{\"@context\":\"https:\/\/schema.org\",\"@graph\":[{\"@type\":\"Article\",\"@id\":\"https:\/\/kunmedierne.dk\/mors\/jobpatruljen-moedte-unge-med-rigtigt-daarlige-arbejdsforhold\/#article\",\"isPartOf\":{\"@id\":\"https:\/\/kunmedierne.dk\/mors\/jobpatruljen-moedte-unge-med-rigtigt-daarlige-arbejdsforhold\/\"},\"author\":{\"name\":\"David H\u00f8jmark\",\"@id\":\"https:\/\/kunmedierne.dk\/mors\/#\/schema\/person\/5fe23251bf1d0abbcdc6f7896579d548\"},\"headline\":\"Jobpatruljen m\u00f8dte unge med rigtigt d\u00e5rlige arbejdsforhold\",\"datePublished\":\"2023-07-14T13:16:06+00:00\",\"dateModified\":\"2024-08-12T11:17:50+00:00\",\"mainEntityOfPage\":{\"@id\":\"https:\/\/kunmedierne.dk\/mors\/jobpatruljen-moedte-unge-med-rigtigt-daarlige-arbejdsforhold\/\"},\"wordCount\":721,\"publisher\":{\"@id\":\"https:\/\/kunmedierne.dk\/mors\/#organization\"},\"image\":{\"@id\":\"https:\/\/kunmedierne.dk\/mors\/jobpatruljen-moedte-unge-med-rigtigt-daarlige-arbejdsforhold\/#primaryimage\"},\"thumbnailUrl\":\"https:\/\/kunmedierne.dk\/mors\/wp-content\/uploads\/2023\/07\/Jobpatruljen-2023-Foto.jpg\",\"keywords\":[\"Erhverv\"],\"articleSection\":[\"Lokalt\"],\"inLanguage\":\"da-DK\"},{\"@type\":\"WebPage\",\"@id\":\"https:\/\/kunmedierne.dk\/mors\/jobpatruljen-moedte-unge-med-rigtigt-daarlige-arbejdsforhold\/\",\"url\":\"https:\/\/kunmedierne.dk\/mors\/jobpatruljen-moedte-unge-med-rigtigt-daarlige-arbejdsforhold\/\",\"name\":\"Jobpatruljen m\u00f8dte unge med rigtigt d\u00e5rlige arbejdsforhold - Mors\",\"isPartOf\":{\"@id\":\"https:\/\/kunmedierne.dk\/mors\/#website\"},\"primaryImageOfPage\":{\"@id\":\"https:\/\/kunmedierne.dk\/mors\/jobpatruljen-moedte-unge-med-rigtigt-daarlige-arbejdsforhold\/#primaryimage\"},\"image\":{\"@id\":\"https:\/\/kunmedierne.dk\/mors\/jobpatruljen-moedte-unge-med-rigtigt-daarlige-arbejdsforhold\/#primaryimage\"},\"thumbnailUrl\":\"https:\/\/kunmedierne.dk\/mors\/wp-content\/uploads\/2023\/07\/Jobpatruljen-2023-Foto.jpg\",\"datePublished\":\"2023-07-14T13:16:06+00:00\",\"dateModified\":\"2024-08-12T11:17:50+00:00\",\"breadcrumb\":{\"@id\":\"https:\/\/kunmedierne.dk\/mors\/jobpatruljen-moedte-unge-med-rigtigt-daarlige-arbejdsforhold\/#breadcrumb\"},\"inLanguage\":\"da-DK\",\"potentialAction\":[{\"@type\":\"ReadAction\",\"target\":[\"https:\/\/kunmedierne.dk\/mors\/jobpatruljen-moedte-unge-med-rigtigt-daarlige-arbejdsforhold\/\"]}]},{\"@type\":\"ImageObject\",\"inLanguage\":\"da-DK\",\"@id\":\"https:\/\/kunmedierne.dk\/mors\/jobpatruljen-moedte-unge-med-rigtigt-daarlige-arbejdsforhold\/#primaryimage\",\"url\":\"https:\/\/kunmedierne.dk\/mors\/wp-content\/uploads\/2023\/07\/Jobpatruljen-2023-Foto.jpg\",\"contentUrl\":\"https:\/\/kunmedierne.dk\/mors\/wp-content\/uploads\/2023\/07\/Jobpatruljen-2023-Foto.jpg\",\"width\":770,\"height\":513,\"caption\":\"Jobpatruljen har v\u00e6ret p\u00e5 bes\u00f8g. Foto: Jobpatruljen.\"},{\"@type\":\"BreadcrumbList\",\"@id\":\"https:\/\/kunmedierne.dk\/mors\/jobpatruljen-moedte-unge-med-rigtigt-daarlige-arbejdsforhold\/#breadcrumb\",\"itemListElement\":[{\"@type\":\"ListItem\",\"position\":1,\"name\":\"Hjem\",\"item\":\"https:\/\/kunmedierne.dk\/mors\/\"},{\"@type\":\"ListItem\",\"position\":2,\"name\":\"Jobpatruljen m\u00f8dte unge med rigtigt d\u00e5rlige arbejdsforhold\"}]},{\"@type\":\"WebSite\",\"@id\":\"https:\/\/kunmedierne.dk\/mors\/#website\",\"url\":\"https:\/\/kunmedierne.dk\/mors\/\",\"name\":\"Mors\",\"description\":\"et netmedie med journalistik om livet p\u00e5 Mors\",\"publisher\":{\"@id\":\"https:\/\/kunmedierne.dk\/mors\/#organization\"},\"potentialAction\":[{\"@type\":\"SearchAction\",\"target\":{\"@type\":\"EntryPoint\",\"urlTemplate\":\"https:\/\/kunmedierne.dk\/mors\/?s={search_term_string}\"},\"query-input\":{\"@type\":\"PropertyValueSpecification\",\"valueRequired\":true,\"valueName\":\"search_term_string\"}}],\"inLanguage\":\"da-DK\"},{\"@type\":\"Organization\",\"@id\":\"https:\/\/kunmedierne.dk\/mors\/#organization\",\"name\":\"Mors\",\"url\":\"https:\/\/kunmedierne.dk\/mors\/\",\"logo\":{\"@type\":\"ImageObject\",\"inLanguage\":\"da-DK\",\"@id\":\"https:\/\/kunmedierne.dk\/mors\/#\/schema\/logo\/image\/\",\"url\":\"https:\/\/kunmedierne.dk\/mors\/wp-content\/uploads\/2024\/08\/kunmors-logo.svg\",\"contentUrl\":\"https:\/\/kunmedierne.dk\/mors\/wp-content\/uploads\/2024\/08\/kunmors-logo.svg\",\"caption\":\"Mors\"},\"image\":{\"@id\":\"https:\/\/kunmedierne.dk\/mors\/#\/schema\/logo\/image\/\"}},{\"@type\":\"Person\",\"@id\":\"https:\/\/kunmedierne.dk\/mors\/#\/schema\/person\/5fe23251bf1d0abbcdc6f7896579d548\",\"name\":\"David H\u00f8jmark\",\"image\":{\"@type\":\"ImageObject\",\"inLanguage\":\"da-DK\",\"@id\":\"https:\/\/kunmedierne.dk\/mors\/#\/schema\/person\/image\/\",\"url\":\"https:\/\/secure.gravatar.com\/avatar\/4315d6fb9ef244d729989f5f90268eb08d5bf8a3d84402f595fa194bb35784fd?s=96&d=mm&r=g\",\"contentUrl\":\"https:\/\/secure.gravatar.com\/avatar\/4315d6fb9ef244d729989f5f90268eb08d5bf8a3d84402f595fa194bb35784fd?s=96&d=mm&r=g\",\"caption\":\"David H\u00f8jmark\"},\"sameAs\":[\"https:\/\/www.kunmedierne.dk\"],\"url\":\"https:\/\/kunmedierne.dk\/mors\/author\/david\/\"}]}<\/script>\n<!-- \/ Yoast SEO plugin. -->","yoast_head_json":{"title":"Jobpatruljen m\u00f8dte unge med rigtigt d\u00e5rlige arbejdsforhold - Mors","robots":{"index":"index","follow":"follow","max-snippet":"max-snippet:-1","max-image-preview":"max-image-preview:large","max-video-preview":"max-video-preview:-1"},"canonical":"https:\/\/kunmedierne.dk\/mors\/jobpatruljen-moedte-unge-med-rigtigt-daarlige-arbejdsforhold\/","og_locale":"da_DK","og_type":"article","og_title":"Jobpatruljen m\u00f8dte unge med rigtigt d\u00e5rlige arbejdsforhold - Mors","og_description":"MORS\/SALLING: Der er l\u00f8ftede pegefingre fra HK og 3F over unges arbejdsforhold i Nyk\u00f8bing og Skive. Torsdag var Jobpatruljen p\u00e5 bes\u00f8g hos 181 af omr\u00e5dets virksomheder og igennem 36 interviews med ungarbejdere for at se de unges arbejdsvilk\u00e5r efter i s\u00f8mmene. Anne Vangkilde, der er ungdomskonsulent i HK MidtVest og koordinator af Jobpatruljen i det [&hellip;]","og_url":"https:\/\/kunmedierne.dk\/mors\/jobpatruljen-moedte-unge-med-rigtigt-daarlige-arbejdsforhold\/","og_site_name":"Mors","article_published_time":"2023-07-14T13:16:06+00:00","article_modified_time":"2024-08-12T11:17:50+00:00","og_image":[{"width":770,"height":513,"url":"https:\/\/kunmedierne.dk\/mors\/wp-content\/uploads\/2023\/07\/Jobpatruljen-2023-Foto.jpg","type":"image\/jpeg"}],"author":"David H\u00f8jmark","twitter_card":"summary_large_image","twitter_misc":{"Skrevet af":"David H\u00f8jmark","Estimeret l\u00e6setid":"4 minutter"},"schema":{"@context":"https:\/\/schema.org","@graph":[{"@type":"Article","@id":"https:\/\/kunmedierne.dk\/mors\/jobpatruljen-moedte-unge-med-rigtigt-daarlige-arbejdsforhold\/#article","isPartOf":{"@id":"https:\/\/kunmedierne.dk\/mors\/jobpatruljen-moedte-unge-med-rigtigt-daarlige-arbejdsforhold\/"},"author":{"name":"David H\u00f8jmark","@id":"https:\/\/kunmedierne.dk\/mors\/#\/schema\/person\/5fe23251bf1d0abbcdc6f7896579d548"},"headline":"Jobpatruljen m\u00f8dte unge med rigtigt d\u00e5rlige arbejdsforhold","datePublished":"2023-07-14T13:16:06+00:00","dateModified":"2024-08-12T11:17:50+00:00","mainEntityOfPage":{"@id":"https:\/\/kunmedierne.dk\/mors\/jobpatruljen-moedte-unge-med-rigtigt-daarlige-arbejdsforhold\/"},"wordCount":721,"publisher":{"@id":"https:\/\/kunmedierne.dk\/mors\/#organization"},"image":{"@id":"https:\/\/kunmedierne.dk\/mors\/jobpatruljen-moedte-unge-med-rigtigt-daarlige-arbejdsforhold\/#primaryimage"},"thumbnailUrl":"https:\/\/kunmedierne.dk\/mors\/wp-content\/uploads\/2023\/07\/Jobpatruljen-2023-Foto.jpg","keywords":["Erhverv"],"articleSection":["Lokalt"],"inLanguage":"da-DK"},{"@type":"WebPage","@id":"https:\/\/kunmedierne.dk\/mors\/jobpatruljen-moedte-unge-med-rigtigt-daarlige-arbejdsforhold\/","url":"https:\/\/kunmedierne.dk\/mors\/jobpatruljen-moedte-unge-med-rigtigt-daarlige-arbejdsforhold\/","name":"Jobpatruljen m\u00f8dte unge med rigtigt d\u00e5rlige arbejdsforhold - Mors","isPartOf":{"@id":"https:\/\/kunmedierne.dk\/mors\/#website"},"primaryImageOfPage":{"@id":"https:\/\/kunmedierne.dk\/mors\/jobpatruljen-moedte-unge-med-rigtigt-daarlige-arbejdsforhold\/#primaryimage"},"image":{"@id":"https:\/\/kunmedierne.dk\/mors\/jobpatruljen-moedte-unge-med-rigtigt-daarlige-arbejdsforhold\/#primaryimage"},"thumbnailUrl":"https:\/\/kunmedierne.dk\/mors\/wp-content\/uploads\/2023\/07\/Jobpatruljen-2023-Foto.jpg","datePublished":"2023-07-14T13:16:06+00:00","dateModified":"2024-08-12T11:17:50+00:00","breadcrumb":{"@id":"https:\/\/kunmedierne.dk\/mors\/jobpatruljen-moedte-unge-med-rigtigt-daarlige-arbejdsforhold\/#breadcrumb"},"inLanguage":"da-DK","potentialAction":[{"@type":"ReadAction","target":["https:\/\/kunmedierne.dk\/mors\/jobpatruljen-moedte-unge-med-rigtigt-daarlige-arbejdsforhold\/"]}]},{"@type":"ImageObject","inLanguage":"da-DK","@id":"https:\/\/kunmedierne.dk\/mors\/jobpatruljen-moedte-unge-med-rigtigt-daarlige-arbejdsforhold\/#primaryimage","url":"https:\/\/kunmedierne.dk\/mors\/wp-content\/uploads\/2023\/07\/Jobpatruljen-2023-Foto.jpg","contentUrl":"https:\/\/kunmedierne.dk\/mors\/wp-content\/uploads\/2023\/07\/Jobpatruljen-2023-Foto.jpg","width":770,"height":513,"caption":"Jobpatruljen har v\u00e6ret p\u00e5 bes\u00f8g. Foto: Jobpatruljen."},{"@type":"BreadcrumbList","@id":"https:\/\/kunmedierne.dk\/mors\/jobpatruljen-moedte-unge-med-rigtigt-daarlige-arbejdsforhold\/#breadcrumb","itemListElement":[{"@type":"ListItem","position":1,"name":"Hjem","item":"https:\/\/kunmedierne.dk\/mors\/"},{"@type":"ListItem","position":2,"name":"Jobpatruljen m\u00f8dte unge med rigtigt d\u00e5rlige arbejdsforhold"}]},{"@type":"WebSite","@id":"https:\/\/kunmedierne.dk\/mors\/#website","url":"https:\/\/kunmedierne.dk\/mors\/","name":"Mors","description":"et netmedie med journalistik om livet p\u00e5 Mors","publisher":{"@id":"https:\/\/kunmedierne.dk\/mors\/#organization"},"potentialAction":[{"@type":"SearchAction","target":{"@type":"EntryPoint","urlTemplate":"https:\/\/kunmedierne.dk\/mors\/?s={search_term_string}"},"query-input":{"@type":"PropertyValueSpecification","valueRequired":true,"valueName":"search_term_string"}}],"inLanguage":"da-DK"},{"@type":"Organization","@id":"https:\/\/kunmedierne.dk\/mors\/#organization","name":"Mors","url":"https:\/\/kunmedierne.dk\/mors\/","logo":{"@type":"ImageObject","inLanguage":"da-DK","@id":"https:\/\/kunmedierne.dk\/mors\/#\/schema\/logo\/image\/","url":"https:\/\/kunmedierne.dk\/mors\/wp-content\/uploads\/2024\/08\/kunmors-logo.svg","contentUrl":"https:\/\/kunmedierne.dk\/mors\/wp-content\/uploads\/2024\/08\/kunmors-logo.svg","caption":"Mors"},"image":{"@id":"https:\/\/kunmedierne.dk\/mors\/#\/schema\/logo\/image\/"}},{"@type":"Person","@id":"https:\/\/kunmedierne.dk\/mors\/#\/schema\/person\/5fe23251bf1d0abbcdc6f7896579d548","name":"David H\u00f8jmark","image":{"@type":"ImageObject","inLanguage":"da-DK","@id":"https:\/\/kunmedierne.dk\/mors\/#\/schema\/person\/image\/","url":"https:\/\/secure.gravatar.com\/avatar\/4315d6fb9ef244d729989f5f90268eb08d5bf8a3d84402f595fa194bb35784fd?s=96&d=mm&r=g","contentUrl":"https:\/\/secure.gravatar.com\/avatar\/4315d6fb9ef244d729989f5f90268eb08d5bf8a3d84402f595fa194bb35784fd?s=96&d=mm&r=g","caption":"David H\u00f8jmark"},"sameAs":["https:\/\/www.kunmedierne.dk"],"url":"https:\/\/kunmedierne.dk\/mors\/author\/david\/"}]}},"_links":{"self":[{"href":"https:\/\/kunmedierne.dk\/mors\/wp-json\/wp\/v2\/posts\/98360","targetHints":{"allow":["GET"]}}],"collection":[{"href":"https:\/\/kunmedierne.dk\/mors\/wp-json\/wp\/v2\/posts"}],"about":[{"href":"https:\/\/kunmedierne.dk\/mors\/wp-json\/wp\/v2\/types\/post"}],"author":[{"embeddable":true,"href":"https:\/\/kunmedierne.dk\/mors\/wp-json\/wp\/v2\/users\/8"}],"replies":[{"embeddable":true,"href":"https:\/\/kunmedierne.dk\/mors\/wp-json\/wp\/v2\/comments?post=98360"}],"version-history":[{"count":1,"href":"https:\/\/kunmedierne.dk\/mors\/wp-json\/wp\/v2\/posts\/98360\/revisions"}],"predecessor-version":[{"id":98362,"href":"https:\/\/kunmedierne.dk\/mors\/wp-json\/wp\/v2\/posts\/98360\/revisions\/98362"}],"wp:featuredmedia":[{"embeddable":true,"href":"https:\/\/kunmedierne.dk\/mors\/wp-json\/wp\/v2\/media\/98361"}],"wp:attachment":[{"href":"https:\/\/kunmedierne.dk\/mors\/wp-json\/wp\/v2\/media?parent=98360"}],"wp:term":[{"taxonomy":"category","embeddable":true,"href":"https:\/\/kunmedierne.dk\/mors\/wp-json\/wp\/v2\/categories?post=98360"},{"taxonomy":"post_tag","embeddable":true,"href":"https:\/\/kunmedierne.dk\/mors\/wp-json\/wp\/v2\/tags?post=98360"}],"curies":[{"name":"wp","href":"https:\/\/api.w.org\/{rel}","templated":true}]}}