{"id":98230,"date":"2023-07-11T20:54:22","date_gmt":"2023-07-11T18:54:22","guid":{"rendered":"https:\/\/kunmedierne.dk\/mors\/?p=98230"},"modified":"2024-08-12T13:17:51","modified_gmt":"2024-08-12T11:17:51","slug":"ung-kult-camp-blev-forskraekket-over-byggerod-op-til-kulturmoedet","status":"publish","type":"post","link":"https:\/\/kunmedierne.dk\/mors\/ung-kult-camp-blev-forskraekket-over-byggerod-op-til-kulturmoedet\/","title":{"rendered":"Ung Kult Camp blev forskr\u00e6kket over byggerod op til Kulturm\u00f8det"},"content":{"rendered":"<p><b>MORS<\/b>: N\u00e5r man skal lokke unge danskere fra hele landet til Ung Kult Camp p\u00e5 Kulturm\u00f8det, kan det godt gibbe i en at se det fysiske omr\u00e5de blive invaderet af gravemaskiner.<\/p>\n<p>S\u00e5dan var det for Malte Houe, projektleder for Ung Kult Camp, da han blev gjort opm\u00e6rksom p\u00e5 Netselskabet Elv\u00e6rks arbejde med at etablere en transformatorstation, hvor Ung Kult Camp for et \u00e5r siden for alvor integrerede sig med Kulturm\u00f8det igennem en succesfuld debut i omr\u00e5det ved Gasv\u00e6rksvej.<\/p>\n<p>Det arbejde er i fuld gang nu, men selv om pladsen er domineret af gravemaskiner og klarg\u00f8ring til en ny bygning, er der ro p\u00e5 v\u00e6rterne for de mange unge.<\/p>\n<a class=\"dvrt-link\" onClick=\"cdmtrack_click(104780,jQuery(this));return false\" href=\"https:\/\/www.spard.dk\/\"><img decoding=\"async\" style=\"width:100%;\" src=\"https:\/\/kunmedierne.dk\/mors\/wp-content\/uploads\/2023\/12\/sparekassen-dk-maj25.gif\"><\/a><script>cdmtrack_view(104780);<\/script>\n<p>&#8211; Da jeg lige fik at vide, at det skulle v\u00e6re en byggeplads, t\u00e6nkte jeg, at det var helt ad helvede til. Men n\u00e5r alle er s\u00e5 l\u00f8sningsorienterede, er det ikke noget problem, siger Malte Houe og tilf\u00f8jer:<\/p>\n<p>&#8211; Det viser bare, at alle p\u00e5 Mors er interesserede i, at det skal v\u00e6re et godt Kulturm\u00f8det.<\/p>\n<p>Han fort\u00e6ller, at pladsen for Ung Kult Camp bliver lidt anderledes end i 2022, men der er stadig tale om et stort omr\u00e5de med masser af muligheder for at skabe sp\u00e6ndende kulturelt indhold.<\/p>\n<p>&#8211; Det bliver godt. Sidste \u00e5r var jo lidt et fors\u00f8g, og i \u00e5r har vi landet det vildeste program, siger han.<\/p>\n<p>&nbsp;<\/p>\n<p><b>Sp\u00e6nder vidt og appellerer bredt<\/b><\/p>\n<p>Dette \u00e5rs Ung Kult Camp l\u00e6gger skarpt ud med en \u00e5bningsdebat styret af Clement Kjersgaard. Og s\u00e5 g\u00e5r der ellers l\u00f8s over de mere end to d\u00f8gn frem imod natten til s\u00f8ndag, n\u00e5r Karma f\u00f8lger op p\u00e5 Barselonas koncert og lukker Ung Kult Camp med det, der har potentiale til at blive et brag af en aften &#8211; ogs\u00e5 for dem, der er \u00e6ldre end unge.<\/p>\n<p>&#8211; Vi fejrer ogs\u00e5, at Kulturm\u00f8det har 10 \u00e5rs f\u00f8dselsdag, lyder det tilfreds fra Malte Houe, som i det hele taget ser frem imod et program, der sp\u00e6nder vidt og appellerer bredt.<\/p>\n<p>&#8211; Musikprogrammet er st\u00f8rre end nogensinde f\u00f8r. Litteraturprogrammet er ogs\u00e5 blevet l\u00f8ftet, og vores debatside er mere aktuel end nogensinde f\u00f8r, siger han.<\/p>\n<a class=\"dvrt-link\" onClick=\"cdmtrack_click(104787,jQuery(this));return false\" href=\"https:\/\/www.jyskebank.dk\/kontakt\/afdelingsinfo?departmentid=11890\"><img decoding=\"async\" style=\"width:100%;\" src=\"https:\/\/kunmedierne.dk\/mors\/wp-content\/uploads\/2023\/10\/260325JyskeBankMorsNy-1.jpg\"><\/a><script>cdmtrack_view(104787);<\/script>\n<p>Ung Kult Camp 2023 byder i \u00f8vrigt ogs\u00e5 p\u00e5 en mediem\u00e6ssig bl\u00e5stempling af national karakter, da Danmarks Radios P3 Missionen er at finde p\u00e5 pladsen fra start til slut. M\u00e5let for P3 er at unders\u00f8ge, hvad der skal til for at forbedre trivslen hos unge &#8211; og det g\u00f8r man ved at lytte til de unge selv.<\/p>\n<p>Det sker i dagene 24.-26. august p\u00e5 Ung Kult Camp hos Kulturm\u00f8det Mors.<\/p>\n<p>&nbsp;<\/p>\n<blockquote>\n<h3>FAKTA<\/h3>\n<h5>Hvis du s\u00e6tter flueben ud for &#8220;Unge&#8221; under &#8220;Genrer&#8221; p\u00e5 Kulturm\u00f8dets fulde program <a href=\"https:\/\/program.kulturmodet.dk\/events\">her<\/a>, kan du se, hvad Ung Kult Camp 2023 har af tilbud.<\/h5>\n<\/blockquote>\n","protected":false},"excerpt":{"rendered":"<p>MORS: N\u00e5r man skal lokke unge danskere fra hele landet til Ung Kult Camp p\u00e5 Kulturm\u00f8det, kan det godt gibbe i en at se det fysiske omr\u00e5de blive invaderet af gravemaskiner. S\u00e5dan var det for Malte Houe, projektleder for Ung Kult Camp, da han blev gjort opm\u00e6rksom p\u00e5 Netselskabet Elv\u00e6rks arbejde med at etablere en [&hellip;]<\/p>\n","protected":false},"author":8,"featured_media":98232,"comment_status":"closed","ping_status":"open","sticky":false,"template":"","format":"standard","meta":{"_acf_changed":false,"footnotes":""},"categories":[49],"tags":[162],"class_list":["post-98230","post","type-post","status-publish","format-standard","has-post-thumbnail","hentry","category-kultur","tag-kulturmoedet"],"acf":[],"yoast_head":"<!-- This site is optimized with the Yoast SEO plugin v26.8 - https:\/\/yoast.com\/product\/yoast-seo-wordpress\/ -->\n<title>Ung Kult Camp blev forskr\u00e6kket over byggerod op til Kulturm\u00f8det - Mors<\/title>\n<meta name=\"robots\" content=\"index, follow, max-snippet:-1, max-image-preview:large, max-video-preview:-1\" \/>\n<link rel=\"canonical\" href=\"https:\/\/kunmedierne.dk\/mors\/ung-kult-camp-blev-forskraekket-over-byggerod-op-til-kulturmoedet\/\" \/>\n<meta property=\"og:locale\" content=\"da_DK\" \/>\n<meta property=\"og:type\" content=\"article\" \/>\n<meta property=\"og:title\" content=\"Ung Kult Camp blev forskr\u00e6kket over byggerod op til Kulturm\u00f8det - Mors\" \/>\n<meta property=\"og:description\" content=\"MORS: N\u00e5r man skal lokke unge danskere fra hele landet til Ung Kult Camp p\u00e5 Kulturm\u00f8det, kan det godt gibbe i en at se det fysiske omr\u00e5de blive invaderet af gravemaskiner. S\u00e5dan var det for Malte Houe, projektleder for Ung Kult Camp, da han blev gjort opm\u00e6rksom p\u00e5 Netselskabet Elv\u00e6rks arbejde med at etablere en [&hellip;]\" \/>\n<meta property=\"og:url\" content=\"https:\/\/kunmedierne.dk\/mors\/ung-kult-camp-blev-forskraekket-over-byggerod-op-til-kulturmoedet\/\" \/>\n<meta property=\"og:site_name\" content=\"Mors\" \/>\n<meta property=\"article:published_time\" content=\"2023-07-11T18:54:22+00:00\" \/>\n<meta property=\"article:modified_time\" content=\"2024-08-12T11:17:51+00:00\" \/>\n<meta property=\"og:image\" content=\"https:\/\/kunmedierne.dk\/mors\/wp-content\/uploads\/2023\/07\/IMG_3175.jpg\" \/>\n\t<meta property=\"og:image:width\" content=\"770\" \/>\n\t<meta property=\"og:image:height\" content=\"513\" \/>\n\t<meta property=\"og:image:type\" content=\"image\/jpeg\" \/>\n<meta name=\"author\" content=\"David H\u00f8jmark\" \/>\n<meta name=\"twitter:card\" content=\"summary_large_image\" \/>\n<meta name=\"twitter:label1\" content=\"Skrevet af\" \/>\n\t<meta name=\"twitter:data1\" content=\"David H\u00f8jmark\" \/>\n\t<meta name=\"twitter:label2\" content=\"Estimeret l\u00e6setid\" \/>\n\t<meta name=\"twitter:data2\" content=\"3 minutter\" \/>\n<script type=\"application\/ld+json\" class=\"yoast-schema-graph\">{\"@context\":\"https:\/\/schema.org\",\"@graph\":[{\"@type\":\"Article\",\"@id\":\"https:\/\/kunmedierne.dk\/mors\/ung-kult-camp-blev-forskraekket-over-byggerod-op-til-kulturmoedet\/#article\",\"isPartOf\":{\"@id\":\"https:\/\/kunmedierne.dk\/mors\/ung-kult-camp-blev-forskraekket-over-byggerod-op-til-kulturmoedet\/\"},\"author\":{\"name\":\"David H\u00f8jmark\",\"@id\":\"https:\/\/kunmedierne.dk\/mors\/#\/schema\/person\/5fe23251bf1d0abbcdc6f7896579d548\"},\"headline\":\"Ung Kult Camp blev forskr\u00e6kket over byggerod op til Kulturm\u00f8det\",\"datePublished\":\"2023-07-11T18:54:22+00:00\",\"dateModified\":\"2024-08-12T11:17:51+00:00\",\"mainEntityOfPage\":{\"@id\":\"https:\/\/kunmedierne.dk\/mors\/ung-kult-camp-blev-forskraekket-over-byggerod-op-til-kulturmoedet\/\"},\"wordCount\":500,\"publisher\":{\"@id\":\"https:\/\/kunmedierne.dk\/mors\/#organization\"},\"image\":{\"@id\":\"https:\/\/kunmedierne.dk\/mors\/ung-kult-camp-blev-forskraekket-over-byggerod-op-til-kulturmoedet\/#primaryimage\"},\"thumbnailUrl\":\"https:\/\/kunmedierne.dk\/mors\/wp-content\/uploads\/2023\/07\/IMG_3175.jpg\",\"keywords\":[\"Kulturm\u00f8det\"],\"articleSection\":[\"Kultur\"],\"inLanguage\":\"da-DK\"},{\"@type\":\"WebPage\",\"@id\":\"https:\/\/kunmedierne.dk\/mors\/ung-kult-camp-blev-forskraekket-over-byggerod-op-til-kulturmoedet\/\",\"url\":\"https:\/\/kunmedierne.dk\/mors\/ung-kult-camp-blev-forskraekket-over-byggerod-op-til-kulturmoedet\/\",\"name\":\"Ung Kult Camp blev forskr\u00e6kket over byggerod op til Kulturm\u00f8det - Mors\",\"isPartOf\":{\"@id\":\"https:\/\/kunmedierne.dk\/mors\/#website\"},\"primaryImageOfPage\":{\"@id\":\"https:\/\/kunmedierne.dk\/mors\/ung-kult-camp-blev-forskraekket-over-byggerod-op-til-kulturmoedet\/#primaryimage\"},\"image\":{\"@id\":\"https:\/\/kunmedierne.dk\/mors\/ung-kult-camp-blev-forskraekket-over-byggerod-op-til-kulturmoedet\/#primaryimage\"},\"thumbnailUrl\":\"https:\/\/kunmedierne.dk\/mors\/wp-content\/uploads\/2023\/07\/IMG_3175.jpg\",\"datePublished\":\"2023-07-11T18:54:22+00:00\",\"dateModified\":\"2024-08-12T11:17:51+00:00\",\"breadcrumb\":{\"@id\":\"https:\/\/kunmedierne.dk\/mors\/ung-kult-camp-blev-forskraekket-over-byggerod-op-til-kulturmoedet\/#breadcrumb\"},\"inLanguage\":\"da-DK\",\"potentialAction\":[{\"@type\":\"ReadAction\",\"target\":[\"https:\/\/kunmedierne.dk\/mors\/ung-kult-camp-blev-forskraekket-over-byggerod-op-til-kulturmoedet\/\"]}]},{\"@type\":\"ImageObject\",\"inLanguage\":\"da-DK\",\"@id\":\"https:\/\/kunmedierne.dk\/mors\/ung-kult-camp-blev-forskraekket-over-byggerod-op-til-kulturmoedet\/#primaryimage\",\"url\":\"https:\/\/kunmedierne.dk\/mors\/wp-content\/uploads\/2023\/07\/IMG_3175.jpg\",\"contentUrl\":\"https:\/\/kunmedierne.dk\/mors\/wp-content\/uploads\/2023\/07\/IMG_3175.jpg\",\"width\":770,\"height\":513,\"caption\":\"Netselskabet Elv\u00e6rkets arbejde kommer ikke i vejen for Ung Kult Camp 2023.\"},{\"@type\":\"BreadcrumbList\",\"@id\":\"https:\/\/kunmedierne.dk\/mors\/ung-kult-camp-blev-forskraekket-over-byggerod-op-til-kulturmoedet\/#breadcrumb\",\"itemListElement\":[{\"@type\":\"ListItem\",\"position\":1,\"name\":\"Hjem\",\"item\":\"https:\/\/kunmedierne.dk\/mors\/\"},{\"@type\":\"ListItem\",\"position\":2,\"name\":\"Ung Kult Camp blev forskr\u00e6kket over byggerod op til Kulturm\u00f8det\"}]},{\"@type\":\"WebSite\",\"@id\":\"https:\/\/kunmedierne.dk\/mors\/#website\",\"url\":\"https:\/\/kunmedierne.dk\/mors\/\",\"name\":\"Mors\",\"description\":\"et netmedie med journalistik om livet p\u00e5 Mors\",\"publisher\":{\"@id\":\"https:\/\/kunmedierne.dk\/mors\/#organization\"},\"potentialAction\":[{\"@type\":\"SearchAction\",\"target\":{\"@type\":\"EntryPoint\",\"urlTemplate\":\"https:\/\/kunmedierne.dk\/mors\/?s={search_term_string}\"},\"query-input\":{\"@type\":\"PropertyValueSpecification\",\"valueRequired\":true,\"valueName\":\"search_term_string\"}}],\"inLanguage\":\"da-DK\"},{\"@type\":\"Organization\",\"@id\":\"https:\/\/kunmedierne.dk\/mors\/#organization\",\"name\":\"Mors\",\"url\":\"https:\/\/kunmedierne.dk\/mors\/\",\"logo\":{\"@type\":\"ImageObject\",\"inLanguage\":\"da-DK\",\"@id\":\"https:\/\/kunmedierne.dk\/mors\/#\/schema\/logo\/image\/\",\"url\":\"https:\/\/kunmedierne.dk\/mors\/wp-content\/uploads\/2024\/08\/kunmors-logo.svg\",\"contentUrl\":\"https:\/\/kunmedierne.dk\/mors\/wp-content\/uploads\/2024\/08\/kunmors-logo.svg\",\"caption\":\"Mors\"},\"image\":{\"@id\":\"https:\/\/kunmedierne.dk\/mors\/#\/schema\/logo\/image\/\"}},{\"@type\":\"Person\",\"@id\":\"https:\/\/kunmedierne.dk\/mors\/#\/schema\/person\/5fe23251bf1d0abbcdc6f7896579d548\",\"name\":\"David H\u00f8jmark\",\"image\":{\"@type\":\"ImageObject\",\"inLanguage\":\"da-DK\",\"@id\":\"https:\/\/kunmedierne.dk\/mors\/#\/schema\/person\/image\/\",\"url\":\"https:\/\/secure.gravatar.com\/avatar\/4315d6fb9ef244d729989f5f90268eb08d5bf8a3d84402f595fa194bb35784fd?s=96&d=mm&r=g\",\"contentUrl\":\"https:\/\/secure.gravatar.com\/avatar\/4315d6fb9ef244d729989f5f90268eb08d5bf8a3d84402f595fa194bb35784fd?s=96&d=mm&r=g\",\"caption\":\"David H\u00f8jmark\"},\"sameAs\":[\"https:\/\/www.kunmedierne.dk\"],\"url\":\"https:\/\/kunmedierne.dk\/mors\/author\/david\/\"}]}<\/script>\n<!-- \/ Yoast SEO plugin. -->","yoast_head_json":{"title":"Ung Kult Camp blev forskr\u00e6kket over byggerod op til Kulturm\u00f8det - Mors","robots":{"index":"index","follow":"follow","max-snippet":"max-snippet:-1","max-image-preview":"max-image-preview:large","max-video-preview":"max-video-preview:-1"},"canonical":"https:\/\/kunmedierne.dk\/mors\/ung-kult-camp-blev-forskraekket-over-byggerod-op-til-kulturmoedet\/","og_locale":"da_DK","og_type":"article","og_title":"Ung Kult Camp blev forskr\u00e6kket over byggerod op til Kulturm\u00f8det - Mors","og_description":"MORS: N\u00e5r man skal lokke unge danskere fra hele landet til Ung Kult Camp p\u00e5 Kulturm\u00f8det, kan det godt gibbe i en at se det fysiske omr\u00e5de blive invaderet af gravemaskiner. S\u00e5dan var det for Malte Houe, projektleder for Ung Kult Camp, da han blev gjort opm\u00e6rksom p\u00e5 Netselskabet Elv\u00e6rks arbejde med at etablere en [&hellip;]","og_url":"https:\/\/kunmedierne.dk\/mors\/ung-kult-camp-blev-forskraekket-over-byggerod-op-til-kulturmoedet\/","og_site_name":"Mors","article_published_time":"2023-07-11T18:54:22+00:00","article_modified_time":"2024-08-12T11:17:51+00:00","og_image":[{"width":770,"height":513,"url":"https:\/\/kunmedierne.dk\/mors\/wp-content\/uploads\/2023\/07\/IMG_3175.jpg","type":"image\/jpeg"}],"author":"David H\u00f8jmark","twitter_card":"summary_large_image","twitter_misc":{"Skrevet af":"David H\u00f8jmark","Estimeret l\u00e6setid":"3 minutter"},"schema":{"@context":"https:\/\/schema.org","@graph":[{"@type":"Article","@id":"https:\/\/kunmedierne.dk\/mors\/ung-kult-camp-blev-forskraekket-over-byggerod-op-til-kulturmoedet\/#article","isPartOf":{"@id":"https:\/\/kunmedierne.dk\/mors\/ung-kult-camp-blev-forskraekket-over-byggerod-op-til-kulturmoedet\/"},"author":{"name":"David H\u00f8jmark","@id":"https:\/\/kunmedierne.dk\/mors\/#\/schema\/person\/5fe23251bf1d0abbcdc6f7896579d548"},"headline":"Ung Kult Camp blev forskr\u00e6kket over byggerod op til Kulturm\u00f8det","datePublished":"2023-07-11T18:54:22+00:00","dateModified":"2024-08-12T11:17:51+00:00","mainEntityOfPage":{"@id":"https:\/\/kunmedierne.dk\/mors\/ung-kult-camp-blev-forskraekket-over-byggerod-op-til-kulturmoedet\/"},"wordCount":500,"publisher":{"@id":"https:\/\/kunmedierne.dk\/mors\/#organization"},"image":{"@id":"https:\/\/kunmedierne.dk\/mors\/ung-kult-camp-blev-forskraekket-over-byggerod-op-til-kulturmoedet\/#primaryimage"},"thumbnailUrl":"https:\/\/kunmedierne.dk\/mors\/wp-content\/uploads\/2023\/07\/IMG_3175.jpg","keywords":["Kulturm\u00f8det"],"articleSection":["Kultur"],"inLanguage":"da-DK"},{"@type":"WebPage","@id":"https:\/\/kunmedierne.dk\/mors\/ung-kult-camp-blev-forskraekket-over-byggerod-op-til-kulturmoedet\/","url":"https:\/\/kunmedierne.dk\/mors\/ung-kult-camp-blev-forskraekket-over-byggerod-op-til-kulturmoedet\/","name":"Ung Kult Camp blev forskr\u00e6kket over byggerod op til Kulturm\u00f8det - Mors","isPartOf":{"@id":"https:\/\/kunmedierne.dk\/mors\/#website"},"primaryImageOfPage":{"@id":"https:\/\/kunmedierne.dk\/mors\/ung-kult-camp-blev-forskraekket-over-byggerod-op-til-kulturmoedet\/#primaryimage"},"image":{"@id":"https:\/\/kunmedierne.dk\/mors\/ung-kult-camp-blev-forskraekket-over-byggerod-op-til-kulturmoedet\/#primaryimage"},"thumbnailUrl":"https:\/\/kunmedierne.dk\/mors\/wp-content\/uploads\/2023\/07\/IMG_3175.jpg","datePublished":"2023-07-11T18:54:22+00:00","dateModified":"2024-08-12T11:17:51+00:00","breadcrumb":{"@id":"https:\/\/kunmedierne.dk\/mors\/ung-kult-camp-blev-forskraekket-over-byggerod-op-til-kulturmoedet\/#breadcrumb"},"inLanguage":"da-DK","potentialAction":[{"@type":"ReadAction","target":["https:\/\/kunmedierne.dk\/mors\/ung-kult-camp-blev-forskraekket-over-byggerod-op-til-kulturmoedet\/"]}]},{"@type":"ImageObject","inLanguage":"da-DK","@id":"https:\/\/kunmedierne.dk\/mors\/ung-kult-camp-blev-forskraekket-over-byggerod-op-til-kulturmoedet\/#primaryimage","url":"https:\/\/kunmedierne.dk\/mors\/wp-content\/uploads\/2023\/07\/IMG_3175.jpg","contentUrl":"https:\/\/kunmedierne.dk\/mors\/wp-content\/uploads\/2023\/07\/IMG_3175.jpg","width":770,"height":513,"caption":"Netselskabet Elv\u00e6rkets arbejde kommer ikke i vejen for Ung Kult Camp 2023."},{"@type":"BreadcrumbList","@id":"https:\/\/kunmedierne.dk\/mors\/ung-kult-camp-blev-forskraekket-over-byggerod-op-til-kulturmoedet\/#breadcrumb","itemListElement":[{"@type":"ListItem","position":1,"name":"Hjem","item":"https:\/\/kunmedierne.dk\/mors\/"},{"@type":"ListItem","position":2,"name":"Ung Kult Camp blev forskr\u00e6kket over byggerod op til Kulturm\u00f8det"}]},{"@type":"WebSite","@id":"https:\/\/kunmedierne.dk\/mors\/#website","url":"https:\/\/kunmedierne.dk\/mors\/","name":"Mors","description":"et netmedie med journalistik om livet p\u00e5 Mors","publisher":{"@id":"https:\/\/kunmedierne.dk\/mors\/#organization"},"potentialAction":[{"@type":"SearchAction","target":{"@type":"EntryPoint","urlTemplate":"https:\/\/kunmedierne.dk\/mors\/?s={search_term_string}"},"query-input":{"@type":"PropertyValueSpecification","valueRequired":true,"valueName":"search_term_string"}}],"inLanguage":"da-DK"},{"@type":"Organization","@id":"https:\/\/kunmedierne.dk\/mors\/#organization","name":"Mors","url":"https:\/\/kunmedierne.dk\/mors\/","logo":{"@type":"ImageObject","inLanguage":"da-DK","@id":"https:\/\/kunmedierne.dk\/mors\/#\/schema\/logo\/image\/","url":"https:\/\/kunmedierne.dk\/mors\/wp-content\/uploads\/2024\/08\/kunmors-logo.svg","contentUrl":"https:\/\/kunmedierne.dk\/mors\/wp-content\/uploads\/2024\/08\/kunmors-logo.svg","caption":"Mors"},"image":{"@id":"https:\/\/kunmedierne.dk\/mors\/#\/schema\/logo\/image\/"}},{"@type":"Person","@id":"https:\/\/kunmedierne.dk\/mors\/#\/schema\/person\/5fe23251bf1d0abbcdc6f7896579d548","name":"David H\u00f8jmark","image":{"@type":"ImageObject","inLanguage":"da-DK","@id":"https:\/\/kunmedierne.dk\/mors\/#\/schema\/person\/image\/","url":"https:\/\/secure.gravatar.com\/avatar\/4315d6fb9ef244d729989f5f90268eb08d5bf8a3d84402f595fa194bb35784fd?s=96&d=mm&r=g","contentUrl":"https:\/\/secure.gravatar.com\/avatar\/4315d6fb9ef244d729989f5f90268eb08d5bf8a3d84402f595fa194bb35784fd?s=96&d=mm&r=g","caption":"David H\u00f8jmark"},"sameAs":["https:\/\/www.kunmedierne.dk"],"url":"https:\/\/kunmedierne.dk\/mors\/author\/david\/"}]}},"_links":{"self":[{"href":"https:\/\/kunmedierne.dk\/mors\/wp-json\/wp\/v2\/posts\/98230","targetHints":{"allow":["GET"]}}],"collection":[{"href":"https:\/\/kunmedierne.dk\/mors\/wp-json\/wp\/v2\/posts"}],"about":[{"href":"https:\/\/kunmedierne.dk\/mors\/wp-json\/wp\/v2\/types\/post"}],"author":[{"embeddable":true,"href":"https:\/\/kunmedierne.dk\/mors\/wp-json\/wp\/v2\/users\/8"}],"replies":[{"embeddable":true,"href":"https:\/\/kunmedierne.dk\/mors\/wp-json\/wp\/v2\/comments?post=98230"}],"version-history":[{"count":2,"href":"https:\/\/kunmedierne.dk\/mors\/wp-json\/wp\/v2\/posts\/98230\/revisions"}],"predecessor-version":[{"id":98234,"href":"https:\/\/kunmedierne.dk\/mors\/wp-json\/wp\/v2\/posts\/98230\/revisions\/98234"}],"wp:featuredmedia":[{"embeddable":true,"href":"https:\/\/kunmedierne.dk\/mors\/wp-json\/wp\/v2\/media\/98232"}],"wp:attachment":[{"href":"https:\/\/kunmedierne.dk\/mors\/wp-json\/wp\/v2\/media?parent=98230"}],"wp:term":[{"taxonomy":"category","embeddable":true,"href":"https:\/\/kunmedierne.dk\/mors\/wp-json\/wp\/v2\/categories?post=98230"},{"taxonomy":"post_tag","embeddable":true,"href":"https:\/\/kunmedierne.dk\/mors\/wp-json\/wp\/v2\/tags?post=98230"}],"curies":[{"name":"wp","href":"https:\/\/api.w.org\/{rel}","templated":true}]}}