{"id":98198,"date":"2023-07-10T21:50:50","date_gmt":"2023-07-10T19:50:50","guid":{"rendered":"https:\/\/kunmedierne.dk\/mors\/?p=98198"},"modified":"2024-08-12T13:17:51","modified_gmt":"2024-08-12T11:17:51","slug":"sommerserie-frit-valg-ville-foere-til-hoejskoleophold-i-flade","status":"publish","type":"post","link":"https:\/\/kunmedierne.dk\/mors\/sommerserie-frit-valg-ville-foere-til-hoejskoleophold-i-flade\/","title":{"rendered":"Sommerserie: Frit valg ville f\u00f8re til h\u00f8jskoleophold i Flade"},"content":{"rendered":"<p><strong>MORS<\/strong>: N\u00e5r man f\u00f8rst for nylig har sl\u00e5et sig ned p\u00e5 Mors, er der meget at opdage p\u00e5 \u00f8en endnu. Det skinner igennem, n\u00e5r man taler sommerferie med Susanne Toftegaard Hansen, erhvervschef i Mors\u00f8 Erhvervsr\u00e5d.<\/p>\n<p>Hun blev pr\u00e6senteret i <a href=\"https:\/\/kunmedierne.dk\/morsoe-erhvervsraad-udpeger-ny-erhvervschef\/\">januar<\/a>, s\u00e5 denne sommerferie er hendes f\u00f8rste p\u00e5 posten. Til geng\u00e6ld er hun nummer syv i vores sommerserie:<\/p>\n<a class=\"dvrt-link\" onClick=\"cdmtrack_click(147315,jQuery(this));return false\" href=\"https:\/\/sdrhaa.dk\/\"><img decoding=\"async\" style=\"width:100%;\" src=\"https:\/\/kunmedierne.dk\/mors\/wp-content\/uploads\/2025\/05\/260302Sdr-HaaDin-gebyrvenlige-sparekasse_mors-002.gif\"><\/a><script>cdmtrack_view(147315);<\/script>\n<p><em>Hvis der var frit valg p\u00e5 alle hylder, hvor gik rejsen s\u00e5 hen?<\/em><\/p>\n<p>&#8211; Jeg er jo lige kommet til Mors 1. februar, og jeg er stadig meget sulten p\u00e5 at l\u00e6re Mors bedre at kende. S\u00e5 hvis der var frit valg p\u00e5 alle hylder, ville jeg tage et af de korte kurser p\u00e5 H\u00f8jskolen Mors. Det skulle v\u00e6re en kombineret vandrer- og smagerejse, jeg gerne ville ud p\u00e5 hos dem.<\/p>\n<p>&#8211; Ud og bev\u00e6ge mig i naturen og tr\u00e6kke frisk luft og smage p\u00e5 de lokale r\u00e5varer.<\/p>\n<p><em>Hvad skal du opleve i l\u00f8bet af sommeren?<\/em><\/p>\n<p>&#8211; Jeg skal opleve at v\u00e6re aktiv i naturen. Der kobler jeg allerbedst af. Og s\u00e5 vil jeg gerne v\u00e6re sammen med min s\u00f8n og nyde tid med ham. Relationer og mennesker betyder meget for mig &#8211; og at v\u00e6re i et f\u00e6llesskab. Det er ogs\u00e5 det, der g\u00f8r, at jeg ville v\u00e6re vild med at blive bragt sammen med andre og smage.<\/p>\n<a class=\"dvrt-link\" onClick=\"cdmtrack_click(169437,jQuery(this));return false\" href=\"https:\/\/thymors.dk\/sponsorater\/15-til-faellesskabet?utm_source=kunmors&amp;utm_medium=annonce&amp;utm_campaign=sponsorater\"><img decoding=\"async\" style=\"width:100%;\" src=\"https:\/\/kunmedierne.dk\/mors\/wp-content\/uploads\/2026\/03\/260407ThyMors-energi_faellesskab_generel-1.jpg\"><\/a><script>cdmtrack_view(169437);<\/script>\n<p><em>Hvad er den bedste sommer for dig?<\/em><\/p>\n<p>&#8211; F\u00e6llesskab Det at l\u00e6re nyt og det med at v\u00e6re aktiv i naturen.<\/p>\n<p><em>Hvad er dit bedste sommerferieminde?<\/em><\/p>\n<p>&#8211; Et af mine allerbedste sommerferier var med min s\u00f8n i Rio de Janeiro &#8211; og det at v\u00e6re oppe ved kristusfiguren. At se og opleve det sammen med ham var en af de meget store oplevelser.<\/p>\n<p>&nbsp;<\/p>\n<h5>L\u00c6S OGS\u00c5:<\/h5>\n<h5>8\/7-2023: <a href=\"https:\/\/kunmedierne.dk\/mors\/sommerserie-for-torsten-schack-pedersen-er-usa-favoritrejsemaalet\/\">For Torsten Schack Pedersen er USA favoritrejsem\u00e5let<\/a><\/h5>\n<h5>6\/7-2023: <a href=\"https:\/\/kunmedierne.dk\/mors\/sommerserie-jens-dahlgaard-vil-opleve-naturen-i-alle-afskygninger-naar-han-holder-sommerferie\/\">Jens Dahlgaard vil opleve naturen i alle afskygninger, n\u00e5r han holder sommerferie<\/a><\/h5>\n<h5>3\/7-2023:\u00a0<a href=\"https:\/\/kunmedierne.dk\/mors\/sommerserie-anette-stagstrup-vil-have-ro-paaom-sommeren\/\">Anette Stagstrup vil have \u201dro-p\u00e5\u201dom sommeren<\/a><\/h5>\n<h5>30\/6-2023:\u00a0<a href=\"https:\/\/kunmedierne.dk\/mors\/sommerserie-for-turistchefen-betyder-godt-sommervejr-alt\/\">For turistchefen betyder godt sommervejr alt<\/a><\/h5>\n<h5>27\/6-2023:\u00a0<a href=\"https:\/\/kunmedierne.dk\/mors\/sommerserie-sommerens-hoejdepunkt-er-fridagene-med-familien-for-hans-ejner-bertelsen\/\">Sommerens h\u00f8jdepunkt er fridagene med familien for Hans Ejner Bertelsen<\/a><\/h5>\n<h5>23\/6-2023:\u00a0<a href=\"https:\/\/kunmedierne.dk\/mors\/sommerserie-for-mogens-jensen-er-en-god-sommer-lig-med-en-dukkert-i-vesterhavet\/\">For Mogens Jensen er en god sommer lig med en dukkert i Vesterhavet<\/a><\/h5>\n","protected":false},"excerpt":{"rendered":"<p>MORS: N\u00e5r man f\u00f8rst for nylig har sl\u00e5et sig ned p\u00e5 Mors, er der meget at opdage p\u00e5 \u00f8en endnu. Det skinner igennem, n\u00e5r man taler sommerferie med Susanne Toftegaard Hansen, erhvervschef i Mors\u00f8 Erhvervsr\u00e5d. Hun blev pr\u00e6senteret i januar, s\u00e5 denne sommerferie er hendes f\u00f8rste p\u00e5 posten. Til geng\u00e6ld er hun nummer syv i [&hellip;]<\/p>\n","protected":false},"author":8,"featured_media":87335,"comment_status":"closed","ping_status":"open","sticky":false,"template":"","format":"standard","meta":{"_acf_changed":false,"footnotes":""},"categories":[51],"tags":[],"class_list":["post-98198","post","type-post","status-publish","format-standard","has-post-thumbnail","hentry","category-lokalt"],"acf":[],"yoast_head":"<!-- This site is optimized with the Yoast SEO plugin v26.8 - https:\/\/yoast.com\/product\/yoast-seo-wordpress\/ -->\n<title>Sommerserie: Frit valg ville f\u00f8re til h\u00f8jskoleophold i Flade - Mors<\/title>\n<meta name=\"robots\" content=\"index, follow, max-snippet:-1, max-image-preview:large, max-video-preview:-1\" \/>\n<link rel=\"canonical\" href=\"https:\/\/kunmedierne.dk\/mors\/sommerserie-frit-valg-ville-foere-til-hoejskoleophold-i-flade\/\" \/>\n<meta property=\"og:locale\" content=\"da_DK\" \/>\n<meta property=\"og:type\" content=\"article\" \/>\n<meta property=\"og:title\" content=\"Sommerserie: Frit valg ville f\u00f8re til h\u00f8jskoleophold i Flade - Mors\" \/>\n<meta property=\"og:description\" content=\"MORS: N\u00e5r man f\u00f8rst for nylig har sl\u00e5et sig ned p\u00e5 Mors, er der meget at opdage p\u00e5 \u00f8en endnu. Det skinner igennem, n\u00e5r man taler sommerferie med Susanne Toftegaard Hansen, erhvervschef i Mors\u00f8 Erhvervsr\u00e5d. Hun blev pr\u00e6senteret i januar, s\u00e5 denne sommerferie er hendes f\u00f8rste p\u00e5 posten. Til geng\u00e6ld er hun nummer syv i [&hellip;]\" \/>\n<meta property=\"og:url\" content=\"https:\/\/kunmedierne.dk\/mors\/sommerserie-frit-valg-ville-foere-til-hoejskoleophold-i-flade\/\" \/>\n<meta property=\"og:site_name\" content=\"Mors\" \/>\n<meta property=\"article:published_time\" content=\"2023-07-10T19:50:50+00:00\" \/>\n<meta property=\"article:modified_time\" content=\"2024-08-12T11:17:51+00:00\" \/>\n<meta property=\"og:image\" content=\"https:\/\/kunmedierne.dk\/mors\/wp-content\/uploads\/2023\/01\/susanne-toftegaard-hansen.jpg\" \/>\n\t<meta property=\"og:image:width\" content=\"770\" \/>\n\t<meta property=\"og:image:height\" content=\"514\" \/>\n\t<meta property=\"og:image:type\" content=\"image\/jpeg\" \/>\n<meta name=\"author\" content=\"David H\u00f8jmark\" \/>\n<meta name=\"twitter:card\" content=\"summary_large_image\" \/>\n<meta name=\"twitter:label1\" content=\"Skrevet af\" \/>\n\t<meta name=\"twitter:data1\" content=\"David H\u00f8jmark\" \/>\n\t<meta name=\"twitter:label2\" content=\"Estimeret l\u00e6setid\" \/>\n\t<meta name=\"twitter:data2\" content=\"2 minutter\" \/>\n<script type=\"application\/ld+json\" class=\"yoast-schema-graph\">{\"@context\":\"https:\/\/schema.org\",\"@graph\":[{\"@type\":\"Article\",\"@id\":\"https:\/\/kunmedierne.dk\/mors\/sommerserie-frit-valg-ville-foere-til-hoejskoleophold-i-flade\/#article\",\"isPartOf\":{\"@id\":\"https:\/\/kunmedierne.dk\/mors\/sommerserie-frit-valg-ville-foere-til-hoejskoleophold-i-flade\/\"},\"author\":{\"name\":\"David H\u00f8jmark\",\"@id\":\"https:\/\/kunmedierne.dk\/mors\/#\/schema\/person\/5fe23251bf1d0abbcdc6f7896579d548\"},\"headline\":\"Sommerserie: Frit valg ville f\u00f8re til h\u00f8jskoleophold i Flade\",\"datePublished\":\"2023-07-10T19:50:50+00:00\",\"dateModified\":\"2024-08-12T11:17:51+00:00\",\"mainEntityOfPage\":{\"@id\":\"https:\/\/kunmedierne.dk\/mors\/sommerserie-frit-valg-ville-foere-til-hoejskoleophold-i-flade\/\"},\"wordCount\":388,\"publisher\":{\"@id\":\"https:\/\/kunmedierne.dk\/mors\/#organization\"},\"image\":{\"@id\":\"https:\/\/kunmedierne.dk\/mors\/sommerserie-frit-valg-ville-foere-til-hoejskoleophold-i-flade\/#primaryimage\"},\"thumbnailUrl\":\"https:\/\/kunmedierne.dk\/mors\/wp-content\/uploads\/2023\/01\/susanne-toftegaard-hansen.jpg\",\"articleSection\":[\"Lokalt\"],\"inLanguage\":\"da-DK\"},{\"@type\":\"WebPage\",\"@id\":\"https:\/\/kunmedierne.dk\/mors\/sommerserie-frit-valg-ville-foere-til-hoejskoleophold-i-flade\/\",\"url\":\"https:\/\/kunmedierne.dk\/mors\/sommerserie-frit-valg-ville-foere-til-hoejskoleophold-i-flade\/\",\"name\":\"Sommerserie: Frit valg ville f\u00f8re til h\u00f8jskoleophold i Flade - Mors\",\"isPartOf\":{\"@id\":\"https:\/\/kunmedierne.dk\/mors\/#website\"},\"primaryImageOfPage\":{\"@id\":\"https:\/\/kunmedierne.dk\/mors\/sommerserie-frit-valg-ville-foere-til-hoejskoleophold-i-flade\/#primaryimage\"},\"image\":{\"@id\":\"https:\/\/kunmedierne.dk\/mors\/sommerserie-frit-valg-ville-foere-til-hoejskoleophold-i-flade\/#primaryimage\"},\"thumbnailUrl\":\"https:\/\/kunmedierne.dk\/mors\/wp-content\/uploads\/2023\/01\/susanne-toftegaard-hansen.jpg\",\"datePublished\":\"2023-07-10T19:50:50+00:00\",\"dateModified\":\"2024-08-12T11:17:51+00:00\",\"breadcrumb\":{\"@id\":\"https:\/\/kunmedierne.dk\/mors\/sommerserie-frit-valg-ville-foere-til-hoejskoleophold-i-flade\/#breadcrumb\"},\"inLanguage\":\"da-DK\",\"potentialAction\":[{\"@type\":\"ReadAction\",\"target\":[\"https:\/\/kunmedierne.dk\/mors\/sommerserie-frit-valg-ville-foere-til-hoejskoleophold-i-flade\/\"]}]},{\"@type\":\"ImageObject\",\"inLanguage\":\"da-DK\",\"@id\":\"https:\/\/kunmedierne.dk\/mors\/sommerserie-frit-valg-ville-foere-til-hoejskoleophold-i-flade\/#primaryimage\",\"url\":\"https:\/\/kunmedierne.dk\/mors\/wp-content\/uploads\/2023\/01\/susanne-toftegaard-hansen.jpg\",\"contentUrl\":\"https:\/\/kunmedierne.dk\/mors\/wp-content\/uploads\/2023\/01\/susanne-toftegaard-hansen.jpg\",\"width\":770,\"height\":514,\"caption\":\"Susanne Toftegaard Hansen, erhvervschef i Mors\u00f8 Kommune.\"},{\"@type\":\"BreadcrumbList\",\"@id\":\"https:\/\/kunmedierne.dk\/mors\/sommerserie-frit-valg-ville-foere-til-hoejskoleophold-i-flade\/#breadcrumb\",\"itemListElement\":[{\"@type\":\"ListItem\",\"position\":1,\"name\":\"Hjem\",\"item\":\"https:\/\/kunmedierne.dk\/mors\/\"},{\"@type\":\"ListItem\",\"position\":2,\"name\":\"Sommerserie: Frit valg ville f\u00f8re til h\u00f8jskoleophold i Flade\"}]},{\"@type\":\"WebSite\",\"@id\":\"https:\/\/kunmedierne.dk\/mors\/#website\",\"url\":\"https:\/\/kunmedierne.dk\/mors\/\",\"name\":\"Mors\",\"description\":\"et netmedie med journalistik om livet p\u00e5 Mors\",\"publisher\":{\"@id\":\"https:\/\/kunmedierne.dk\/mors\/#organization\"},\"potentialAction\":[{\"@type\":\"SearchAction\",\"target\":{\"@type\":\"EntryPoint\",\"urlTemplate\":\"https:\/\/kunmedierne.dk\/mors\/?s={search_term_string}\"},\"query-input\":{\"@type\":\"PropertyValueSpecification\",\"valueRequired\":true,\"valueName\":\"search_term_string\"}}],\"inLanguage\":\"da-DK\"},{\"@type\":\"Organization\",\"@id\":\"https:\/\/kunmedierne.dk\/mors\/#organization\",\"name\":\"Mors\",\"url\":\"https:\/\/kunmedierne.dk\/mors\/\",\"logo\":{\"@type\":\"ImageObject\",\"inLanguage\":\"da-DK\",\"@id\":\"https:\/\/kunmedierne.dk\/mors\/#\/schema\/logo\/image\/\",\"url\":\"https:\/\/kunmedierne.dk\/mors\/wp-content\/uploads\/2024\/08\/kunmors-logo.svg\",\"contentUrl\":\"https:\/\/kunmedierne.dk\/mors\/wp-content\/uploads\/2024\/08\/kunmors-logo.svg\",\"caption\":\"Mors\"},\"image\":{\"@id\":\"https:\/\/kunmedierne.dk\/mors\/#\/schema\/logo\/image\/\"}},{\"@type\":\"Person\",\"@id\":\"https:\/\/kunmedierne.dk\/mors\/#\/schema\/person\/5fe23251bf1d0abbcdc6f7896579d548\",\"name\":\"David H\u00f8jmark\",\"image\":{\"@type\":\"ImageObject\",\"inLanguage\":\"da-DK\",\"@id\":\"https:\/\/kunmedierne.dk\/mors\/#\/schema\/person\/image\/\",\"url\":\"https:\/\/secure.gravatar.com\/avatar\/4315d6fb9ef244d729989f5f90268eb08d5bf8a3d84402f595fa194bb35784fd?s=96&d=mm&r=g\",\"contentUrl\":\"https:\/\/secure.gravatar.com\/avatar\/4315d6fb9ef244d729989f5f90268eb08d5bf8a3d84402f595fa194bb35784fd?s=96&d=mm&r=g\",\"caption\":\"David H\u00f8jmark\"},\"sameAs\":[\"https:\/\/www.kunmedierne.dk\"],\"url\":\"https:\/\/kunmedierne.dk\/mors\/author\/david\/\"}]}<\/script>\n<!-- \/ Yoast SEO plugin. -->","yoast_head_json":{"title":"Sommerserie: Frit valg ville f\u00f8re til h\u00f8jskoleophold i Flade - Mors","robots":{"index":"index","follow":"follow","max-snippet":"max-snippet:-1","max-image-preview":"max-image-preview:large","max-video-preview":"max-video-preview:-1"},"canonical":"https:\/\/kunmedierne.dk\/mors\/sommerserie-frit-valg-ville-foere-til-hoejskoleophold-i-flade\/","og_locale":"da_DK","og_type":"article","og_title":"Sommerserie: Frit valg ville f\u00f8re til h\u00f8jskoleophold i Flade - Mors","og_description":"MORS: N\u00e5r man f\u00f8rst for nylig har sl\u00e5et sig ned p\u00e5 Mors, er der meget at opdage p\u00e5 \u00f8en endnu. Det skinner igennem, n\u00e5r man taler sommerferie med Susanne Toftegaard Hansen, erhvervschef i Mors\u00f8 Erhvervsr\u00e5d. Hun blev pr\u00e6senteret i januar, s\u00e5 denne sommerferie er hendes f\u00f8rste p\u00e5 posten. Til geng\u00e6ld er hun nummer syv i [&hellip;]","og_url":"https:\/\/kunmedierne.dk\/mors\/sommerserie-frit-valg-ville-foere-til-hoejskoleophold-i-flade\/","og_site_name":"Mors","article_published_time":"2023-07-10T19:50:50+00:00","article_modified_time":"2024-08-12T11:17:51+00:00","og_image":[{"width":770,"height":514,"url":"https:\/\/kunmedierne.dk\/mors\/wp-content\/uploads\/2023\/01\/susanne-toftegaard-hansen.jpg","type":"image\/jpeg"}],"author":"David H\u00f8jmark","twitter_card":"summary_large_image","twitter_misc":{"Skrevet af":"David H\u00f8jmark","Estimeret l\u00e6setid":"2 minutter"},"schema":{"@context":"https:\/\/schema.org","@graph":[{"@type":"Article","@id":"https:\/\/kunmedierne.dk\/mors\/sommerserie-frit-valg-ville-foere-til-hoejskoleophold-i-flade\/#article","isPartOf":{"@id":"https:\/\/kunmedierne.dk\/mors\/sommerserie-frit-valg-ville-foere-til-hoejskoleophold-i-flade\/"},"author":{"name":"David H\u00f8jmark","@id":"https:\/\/kunmedierne.dk\/mors\/#\/schema\/person\/5fe23251bf1d0abbcdc6f7896579d548"},"headline":"Sommerserie: Frit valg ville f\u00f8re til h\u00f8jskoleophold i Flade","datePublished":"2023-07-10T19:50:50+00:00","dateModified":"2024-08-12T11:17:51+00:00","mainEntityOfPage":{"@id":"https:\/\/kunmedierne.dk\/mors\/sommerserie-frit-valg-ville-foere-til-hoejskoleophold-i-flade\/"},"wordCount":388,"publisher":{"@id":"https:\/\/kunmedierne.dk\/mors\/#organization"},"image":{"@id":"https:\/\/kunmedierne.dk\/mors\/sommerserie-frit-valg-ville-foere-til-hoejskoleophold-i-flade\/#primaryimage"},"thumbnailUrl":"https:\/\/kunmedierne.dk\/mors\/wp-content\/uploads\/2023\/01\/susanne-toftegaard-hansen.jpg","articleSection":["Lokalt"],"inLanguage":"da-DK"},{"@type":"WebPage","@id":"https:\/\/kunmedierne.dk\/mors\/sommerserie-frit-valg-ville-foere-til-hoejskoleophold-i-flade\/","url":"https:\/\/kunmedierne.dk\/mors\/sommerserie-frit-valg-ville-foere-til-hoejskoleophold-i-flade\/","name":"Sommerserie: Frit valg ville f\u00f8re til h\u00f8jskoleophold i Flade - Mors","isPartOf":{"@id":"https:\/\/kunmedierne.dk\/mors\/#website"},"primaryImageOfPage":{"@id":"https:\/\/kunmedierne.dk\/mors\/sommerserie-frit-valg-ville-foere-til-hoejskoleophold-i-flade\/#primaryimage"},"image":{"@id":"https:\/\/kunmedierne.dk\/mors\/sommerserie-frit-valg-ville-foere-til-hoejskoleophold-i-flade\/#primaryimage"},"thumbnailUrl":"https:\/\/kunmedierne.dk\/mors\/wp-content\/uploads\/2023\/01\/susanne-toftegaard-hansen.jpg","datePublished":"2023-07-10T19:50:50+00:00","dateModified":"2024-08-12T11:17:51+00:00","breadcrumb":{"@id":"https:\/\/kunmedierne.dk\/mors\/sommerserie-frit-valg-ville-foere-til-hoejskoleophold-i-flade\/#breadcrumb"},"inLanguage":"da-DK","potentialAction":[{"@type":"ReadAction","target":["https:\/\/kunmedierne.dk\/mors\/sommerserie-frit-valg-ville-foere-til-hoejskoleophold-i-flade\/"]}]},{"@type":"ImageObject","inLanguage":"da-DK","@id":"https:\/\/kunmedierne.dk\/mors\/sommerserie-frit-valg-ville-foere-til-hoejskoleophold-i-flade\/#primaryimage","url":"https:\/\/kunmedierne.dk\/mors\/wp-content\/uploads\/2023\/01\/susanne-toftegaard-hansen.jpg","contentUrl":"https:\/\/kunmedierne.dk\/mors\/wp-content\/uploads\/2023\/01\/susanne-toftegaard-hansen.jpg","width":770,"height":514,"caption":"Susanne Toftegaard Hansen, erhvervschef i Mors\u00f8 Kommune."},{"@type":"BreadcrumbList","@id":"https:\/\/kunmedierne.dk\/mors\/sommerserie-frit-valg-ville-foere-til-hoejskoleophold-i-flade\/#breadcrumb","itemListElement":[{"@type":"ListItem","position":1,"name":"Hjem","item":"https:\/\/kunmedierne.dk\/mors\/"},{"@type":"ListItem","position":2,"name":"Sommerserie: Frit valg ville f\u00f8re til h\u00f8jskoleophold i Flade"}]},{"@type":"WebSite","@id":"https:\/\/kunmedierne.dk\/mors\/#website","url":"https:\/\/kunmedierne.dk\/mors\/","name":"Mors","description":"et netmedie med journalistik om livet p\u00e5 Mors","publisher":{"@id":"https:\/\/kunmedierne.dk\/mors\/#organization"},"potentialAction":[{"@type":"SearchAction","target":{"@type":"EntryPoint","urlTemplate":"https:\/\/kunmedierne.dk\/mors\/?s={search_term_string}"},"query-input":{"@type":"PropertyValueSpecification","valueRequired":true,"valueName":"search_term_string"}}],"inLanguage":"da-DK"},{"@type":"Organization","@id":"https:\/\/kunmedierne.dk\/mors\/#organization","name":"Mors","url":"https:\/\/kunmedierne.dk\/mors\/","logo":{"@type":"ImageObject","inLanguage":"da-DK","@id":"https:\/\/kunmedierne.dk\/mors\/#\/schema\/logo\/image\/","url":"https:\/\/kunmedierne.dk\/mors\/wp-content\/uploads\/2024\/08\/kunmors-logo.svg","contentUrl":"https:\/\/kunmedierne.dk\/mors\/wp-content\/uploads\/2024\/08\/kunmors-logo.svg","caption":"Mors"},"image":{"@id":"https:\/\/kunmedierne.dk\/mors\/#\/schema\/logo\/image\/"}},{"@type":"Person","@id":"https:\/\/kunmedierne.dk\/mors\/#\/schema\/person\/5fe23251bf1d0abbcdc6f7896579d548","name":"David H\u00f8jmark","image":{"@type":"ImageObject","inLanguage":"da-DK","@id":"https:\/\/kunmedierne.dk\/mors\/#\/schema\/person\/image\/","url":"https:\/\/secure.gravatar.com\/avatar\/4315d6fb9ef244d729989f5f90268eb08d5bf8a3d84402f595fa194bb35784fd?s=96&d=mm&r=g","contentUrl":"https:\/\/secure.gravatar.com\/avatar\/4315d6fb9ef244d729989f5f90268eb08d5bf8a3d84402f595fa194bb35784fd?s=96&d=mm&r=g","caption":"David H\u00f8jmark"},"sameAs":["https:\/\/www.kunmedierne.dk"],"url":"https:\/\/kunmedierne.dk\/mors\/author\/david\/"}]}},"_links":{"self":[{"href":"https:\/\/kunmedierne.dk\/mors\/wp-json\/wp\/v2\/posts\/98198","targetHints":{"allow":["GET"]}}],"collection":[{"href":"https:\/\/kunmedierne.dk\/mors\/wp-json\/wp\/v2\/posts"}],"about":[{"href":"https:\/\/kunmedierne.dk\/mors\/wp-json\/wp\/v2\/types\/post"}],"author":[{"embeddable":true,"href":"https:\/\/kunmedierne.dk\/mors\/wp-json\/wp\/v2\/users\/8"}],"replies":[{"embeddable":true,"href":"https:\/\/kunmedierne.dk\/mors\/wp-json\/wp\/v2\/comments?post=98198"}],"version-history":[{"count":3,"href":"https:\/\/kunmedierne.dk\/mors\/wp-json\/wp\/v2\/posts\/98198\/revisions"}],"predecessor-version":[{"id":98201,"href":"https:\/\/kunmedierne.dk\/mors\/wp-json\/wp\/v2\/posts\/98198\/revisions\/98201"}],"wp:featuredmedia":[{"embeddable":true,"href":"https:\/\/kunmedierne.dk\/mors\/wp-json\/wp\/v2\/media\/87335"}],"wp:attachment":[{"href":"https:\/\/kunmedierne.dk\/mors\/wp-json\/wp\/v2\/media?parent=98198"}],"wp:term":[{"taxonomy":"category","embeddable":true,"href":"https:\/\/kunmedierne.dk\/mors\/wp-json\/wp\/v2\/categories?post=98198"},{"taxonomy":"post_tag","embeddable":true,"href":"https:\/\/kunmedierne.dk\/mors\/wp-json\/wp\/v2\/tags?post=98198"}],"curies":[{"name":"wp","href":"https:\/\/api.w.org\/{rel}","templated":true}]}}