{"id":98078,"date":"2023-07-07T13:34:45","date_gmt":"2023-07-07T11:34:45","guid":{"rendered":"https:\/\/kunmedierne.dk\/mors\/?p=98078"},"modified":"2024-08-12T13:17:52","modified_gmt":"2024-08-12T11:17:52","slug":"kulturmoedet-saetter-200-meter-langt-frokostbord-op-i-gaagaden","status":"publish","type":"post","link":"https:\/\/kunmedierne.dk\/mors\/kulturmoedet-saetter-200-meter-langt-frokostbord-op-i-gaagaden\/","title":{"rendered":"Kulturm\u00f8det s\u00e6tter 200 meter langt frokostbord op i g\u00e5gaden"},"content":{"rendered":"<p><strong>MORS<\/strong>: Mad er ogs\u00e5 kultur, og der bliver rigeligt af den under Kulturm\u00f8det Mors 2023.<\/p>\n<p>For ingen f\u00f8dselsdag uden en god frokost, og i \u00e5r fejrer Kulturm\u00f8det Mors sit 10 \u00e5rs-jubil\u00e6um med et 200 meter langt frokostbord igennem Nyk\u00f8bings g\u00e5gade.<\/p>\n<p>&#8211; Et veld\u00e6kket bord med god mad har altid bragt mennesker sammen. Vi \u00f8nsker med \u00e5rets frokostbord at samle Kulturm\u00f8dets mange g\u00e6ster p\u00e5 tv\u00e6rs af generationer, geografi og samfundshj\u00f8rner. Jeg gl\u00e6der mig til at s\u00e6tte mig til bords og v\u00e6re med til at fejre Kulturm\u00f8dets skarpe hj\u00f8rne, siger Kulturm\u00f8dets direkt\u00f8r Trine Bang.<\/p>\n<a class=\"dvrt-link\" onClick=\"cdmtrack_click(104783,jQuery(this));return false\" href=\"https:\/\/konpap.dk\/\"><img decoding=\"async\" style=\"width:100%;\" src=\"https:\/\/kunmedierne.dk\/mors\/wp-content\/uploads\/2023\/10\/Kun-Mors-banner.jpg\"><\/a><script>cdmtrack_view(104783);<\/script>\n<p>Det lange bord bliver pyntet af blomstermanden Johnny Haugaard fra Thy og vil foruden en signaturret fra tidligere Michelinkok Jesper Krabbe best\u00e5 af en hyldest til lokale r\u00e5varer i fineste kvalitet. Samtidig vil tjenere og kokke st\u00e5 klar til at servere for de 400 g\u00e6ster, der er plads til.<\/p>\n<p>Kulturm\u00f8det Mors beskriver langbordet som et\u00a0absolut h\u00f8jdepunkt under Kulturm\u00f8det, der med godt v\u00e6rtskab inviterer g\u00e6sterne til at smage sig gennem Limfjordens r\u00e5varer.<\/p>\n<a class=\"dvrt-link\" onClick=\"cdmtrack_click(104783,jQuery(this));return false\" href=\"https:\/\/konpap.dk\/\"><img decoding=\"async\" style=\"width:100%;\" src=\"https:\/\/kunmedierne.dk\/mors\/wp-content\/uploads\/2023\/10\/Kun-Mors-banner.jpg\"><\/a><script>cdmtrack_view(104783);<\/script>\n<p>&#8220;I et partnerskab mellem Skaldyrshovedstaden, Destination Limfjorden, Nordic Food College, Mors\u00f8 og foreningen Regional Madkultur, er det lykkes at samle en r\u00e6kke st\u00e6rke lokale akt\u00f8rer, og i f\u00e6llesskab pr\u00e6sente en storsl\u00e5et middag, der visuelt og sanseligt viser alt det gode, som lokalomr\u00e5det har at byde p\u00e5,&#8221; skriver Kulturm\u00f8det i en pressemeddelelse.<\/p>\n<blockquote>\n<h3>FAKTA<\/h3>\n<h5>Frokostbordet finder sted fredag den 25. august klokken 13.30-15.30 i Nyk\u00f8bings g\u00e5gade. Billetter kan k\u00f8bes <a href=\"https:\/\/limfjordsoplevelser.dk\/vare\/langbordsmiddag\/\">her<\/a>.<\/h5>\n<\/blockquote>\n","protected":false},"excerpt":{"rendered":"<p>MORS: Mad er ogs\u00e5 kultur, og der bliver rigeligt af den under Kulturm\u00f8det Mors 2023. For ingen f\u00f8dselsdag uden en god frokost, og i \u00e5r fejrer Kulturm\u00f8det Mors sit 10 \u00e5rs-jubil\u00e6um med et 200 meter langt frokostbord igennem Nyk\u00f8bings g\u00e5gade. &#8211; Et veld\u00e6kket bord med god mad har altid bragt mennesker sammen. Vi \u00f8nsker med [&hellip;]<\/p>\n","protected":false},"author":8,"featured_media":98079,"comment_status":"closed","ping_status":"open","sticky":false,"template":"","format":"standard","meta":{"_acf_changed":false,"footnotes":""},"categories":[51],"tags":[162],"class_list":["post-98078","post","type-post","status-publish","format-standard","has-post-thumbnail","hentry","category-lokalt","tag-kulturmoedet"],"acf":[],"yoast_head":"<!-- This site is optimized with the Yoast SEO plugin v26.8 - https:\/\/yoast.com\/product\/yoast-seo-wordpress\/ -->\n<title>Kulturm\u00f8det s\u00e6tter 200 meter langt frokostbord op i g\u00e5gaden - Mors<\/title>\n<meta name=\"robots\" content=\"index, follow, max-snippet:-1, max-image-preview:large, max-video-preview:-1\" \/>\n<link rel=\"canonical\" href=\"https:\/\/kunmedierne.dk\/mors\/kulturmoedet-saetter-200-meter-langt-frokostbord-op-i-gaagaden\/\" \/>\n<meta property=\"og:locale\" content=\"da_DK\" \/>\n<meta property=\"og:type\" content=\"article\" \/>\n<meta property=\"og:title\" content=\"Kulturm\u00f8det s\u00e6tter 200 meter langt frokostbord op i g\u00e5gaden - Mors\" \/>\n<meta property=\"og:description\" content=\"MORS: Mad er ogs\u00e5 kultur, og der bliver rigeligt af den under Kulturm\u00f8det Mors 2023. For ingen f\u00f8dselsdag uden en god frokost, og i \u00e5r fejrer Kulturm\u00f8det Mors sit 10 \u00e5rs-jubil\u00e6um med et 200 meter langt frokostbord igennem Nyk\u00f8bings g\u00e5gade. &#8211; Et veld\u00e6kket bord med god mad har altid bragt mennesker sammen. Vi \u00f8nsker med [&hellip;]\" \/>\n<meta property=\"og:url\" content=\"https:\/\/kunmedierne.dk\/mors\/kulturmoedet-saetter-200-meter-langt-frokostbord-op-i-gaagaden\/\" \/>\n<meta property=\"og:site_name\" content=\"Mors\" \/>\n<meta property=\"article:published_time\" content=\"2023-07-07T11:34:45+00:00\" \/>\n<meta property=\"article:modified_time\" content=\"2024-08-12T11:17:52+00:00\" \/>\n<meta property=\"og:image\" content=\"https:\/\/kunmedierne.dk\/mors\/wp-content\/uploads\/2023\/07\/Frokostbord.png\" \/>\n\t<meta property=\"og:image:width\" content=\"770\" \/>\n\t<meta property=\"og:image:height\" content=\"513\" \/>\n\t<meta property=\"og:image:type\" content=\"image\/png\" \/>\n<meta name=\"author\" content=\"David H\u00f8jmark\" \/>\n<meta name=\"twitter:card\" content=\"summary_large_image\" \/>\n<meta name=\"twitter:label1\" content=\"Skrevet af\" \/>\n\t<meta name=\"twitter:data1\" content=\"David H\u00f8jmark\" \/>\n\t<meta name=\"twitter:label2\" content=\"Estimeret l\u00e6setid\" \/>\n\t<meta name=\"twitter:data2\" content=\"2 minutter\" \/>\n<script type=\"application\/ld+json\" class=\"yoast-schema-graph\">{\"@context\":\"https:\/\/schema.org\",\"@graph\":[{\"@type\":\"Article\",\"@id\":\"https:\/\/kunmedierne.dk\/mors\/kulturmoedet-saetter-200-meter-langt-frokostbord-op-i-gaagaden\/#article\",\"isPartOf\":{\"@id\":\"https:\/\/kunmedierne.dk\/mors\/kulturmoedet-saetter-200-meter-langt-frokostbord-op-i-gaagaden\/\"},\"author\":{\"name\":\"David H\u00f8jmark\",\"@id\":\"https:\/\/kunmedierne.dk\/mors\/#\/schema\/person\/5fe23251bf1d0abbcdc6f7896579d548\"},\"headline\":\"Kulturm\u00f8det s\u00e6tter 200 meter langt frokostbord op i g\u00e5gaden\",\"datePublished\":\"2023-07-07T11:34:45+00:00\",\"dateModified\":\"2024-08-12T11:17:52+00:00\",\"mainEntityOfPage\":{\"@id\":\"https:\/\/kunmedierne.dk\/mors\/kulturmoedet-saetter-200-meter-langt-frokostbord-op-i-gaagaden\/\"},\"wordCount\":279,\"publisher\":{\"@id\":\"https:\/\/kunmedierne.dk\/mors\/#organization\"},\"image\":{\"@id\":\"https:\/\/kunmedierne.dk\/mors\/kulturmoedet-saetter-200-meter-langt-frokostbord-op-i-gaagaden\/#primaryimage\"},\"thumbnailUrl\":\"https:\/\/kunmedierne.dk\/mors\/wp-content\/uploads\/2023\/07\/Frokostbord.png\",\"keywords\":[\"Kulturm\u00f8det\"],\"articleSection\":[\"Lokalt\"],\"inLanguage\":\"da-DK\"},{\"@type\":\"WebPage\",\"@id\":\"https:\/\/kunmedierne.dk\/mors\/kulturmoedet-saetter-200-meter-langt-frokostbord-op-i-gaagaden\/\",\"url\":\"https:\/\/kunmedierne.dk\/mors\/kulturmoedet-saetter-200-meter-langt-frokostbord-op-i-gaagaden\/\",\"name\":\"Kulturm\u00f8det s\u00e6tter 200 meter langt frokostbord op i g\u00e5gaden - Mors\",\"isPartOf\":{\"@id\":\"https:\/\/kunmedierne.dk\/mors\/#website\"},\"primaryImageOfPage\":{\"@id\":\"https:\/\/kunmedierne.dk\/mors\/kulturmoedet-saetter-200-meter-langt-frokostbord-op-i-gaagaden\/#primaryimage\"},\"image\":{\"@id\":\"https:\/\/kunmedierne.dk\/mors\/kulturmoedet-saetter-200-meter-langt-frokostbord-op-i-gaagaden\/#primaryimage\"},\"thumbnailUrl\":\"https:\/\/kunmedierne.dk\/mors\/wp-content\/uploads\/2023\/07\/Frokostbord.png\",\"datePublished\":\"2023-07-07T11:34:45+00:00\",\"dateModified\":\"2024-08-12T11:17:52+00:00\",\"breadcrumb\":{\"@id\":\"https:\/\/kunmedierne.dk\/mors\/kulturmoedet-saetter-200-meter-langt-frokostbord-op-i-gaagaden\/#breadcrumb\"},\"inLanguage\":\"da-DK\",\"potentialAction\":[{\"@type\":\"ReadAction\",\"target\":[\"https:\/\/kunmedierne.dk\/mors\/kulturmoedet-saetter-200-meter-langt-frokostbord-op-i-gaagaden\/\"]}]},{\"@type\":\"ImageObject\",\"inLanguage\":\"da-DK\",\"@id\":\"https:\/\/kunmedierne.dk\/mors\/kulturmoedet-saetter-200-meter-langt-frokostbord-op-i-gaagaden\/#primaryimage\",\"url\":\"https:\/\/kunmedierne.dk\/mors\/wp-content\/uploads\/2023\/07\/Frokostbord.png\",\"contentUrl\":\"https:\/\/kunmedierne.dk\/mors\/wp-content\/uploads\/2023\/07\/Frokostbord.png\",\"width\":770,\"height\":513,\"caption\":\"Et gigantisk frokostbord vil sno sig igennem Nyk\u00f8bings hyggelige g\u00e5gade. Foto: Kulturm\u00f8det Mors.\"},{\"@type\":\"BreadcrumbList\",\"@id\":\"https:\/\/kunmedierne.dk\/mors\/kulturmoedet-saetter-200-meter-langt-frokostbord-op-i-gaagaden\/#breadcrumb\",\"itemListElement\":[{\"@type\":\"ListItem\",\"position\":1,\"name\":\"Hjem\",\"item\":\"https:\/\/kunmedierne.dk\/mors\/\"},{\"@type\":\"ListItem\",\"position\":2,\"name\":\"Kulturm\u00f8det s\u00e6tter 200 meter langt frokostbord op i g\u00e5gaden\"}]},{\"@type\":\"WebSite\",\"@id\":\"https:\/\/kunmedierne.dk\/mors\/#website\",\"url\":\"https:\/\/kunmedierne.dk\/mors\/\",\"name\":\"Mors\",\"description\":\"et netmedie med journalistik om livet p\u00e5 Mors\",\"publisher\":{\"@id\":\"https:\/\/kunmedierne.dk\/mors\/#organization\"},\"potentialAction\":[{\"@type\":\"SearchAction\",\"target\":{\"@type\":\"EntryPoint\",\"urlTemplate\":\"https:\/\/kunmedierne.dk\/mors\/?s={search_term_string}\"},\"query-input\":{\"@type\":\"PropertyValueSpecification\",\"valueRequired\":true,\"valueName\":\"search_term_string\"}}],\"inLanguage\":\"da-DK\"},{\"@type\":\"Organization\",\"@id\":\"https:\/\/kunmedierne.dk\/mors\/#organization\",\"name\":\"Mors\",\"url\":\"https:\/\/kunmedierne.dk\/mors\/\",\"logo\":{\"@type\":\"ImageObject\",\"inLanguage\":\"da-DK\",\"@id\":\"https:\/\/kunmedierne.dk\/mors\/#\/schema\/logo\/image\/\",\"url\":\"https:\/\/kunmedierne.dk\/mors\/wp-content\/uploads\/2024\/08\/kunmors-logo.svg\",\"contentUrl\":\"https:\/\/kunmedierne.dk\/mors\/wp-content\/uploads\/2024\/08\/kunmors-logo.svg\",\"caption\":\"Mors\"},\"image\":{\"@id\":\"https:\/\/kunmedierne.dk\/mors\/#\/schema\/logo\/image\/\"}},{\"@type\":\"Person\",\"@id\":\"https:\/\/kunmedierne.dk\/mors\/#\/schema\/person\/5fe23251bf1d0abbcdc6f7896579d548\",\"name\":\"David H\u00f8jmark\",\"image\":{\"@type\":\"ImageObject\",\"inLanguage\":\"da-DK\",\"@id\":\"https:\/\/kunmedierne.dk\/mors\/#\/schema\/person\/image\/\",\"url\":\"https:\/\/secure.gravatar.com\/avatar\/4315d6fb9ef244d729989f5f90268eb08d5bf8a3d84402f595fa194bb35784fd?s=96&d=mm&r=g\",\"contentUrl\":\"https:\/\/secure.gravatar.com\/avatar\/4315d6fb9ef244d729989f5f90268eb08d5bf8a3d84402f595fa194bb35784fd?s=96&d=mm&r=g\",\"caption\":\"David H\u00f8jmark\"},\"sameAs\":[\"https:\/\/www.kunmedierne.dk\"],\"url\":\"https:\/\/kunmedierne.dk\/mors\/author\/david\/\"}]}<\/script>\n<!-- \/ Yoast SEO plugin. -->","yoast_head_json":{"title":"Kulturm\u00f8det s\u00e6tter 200 meter langt frokostbord op i g\u00e5gaden - Mors","robots":{"index":"index","follow":"follow","max-snippet":"max-snippet:-1","max-image-preview":"max-image-preview:large","max-video-preview":"max-video-preview:-1"},"canonical":"https:\/\/kunmedierne.dk\/mors\/kulturmoedet-saetter-200-meter-langt-frokostbord-op-i-gaagaden\/","og_locale":"da_DK","og_type":"article","og_title":"Kulturm\u00f8det s\u00e6tter 200 meter langt frokostbord op i g\u00e5gaden - Mors","og_description":"MORS: Mad er ogs\u00e5 kultur, og der bliver rigeligt af den under Kulturm\u00f8det Mors 2023. For ingen f\u00f8dselsdag uden en god frokost, og i \u00e5r fejrer Kulturm\u00f8det Mors sit 10 \u00e5rs-jubil\u00e6um med et 200 meter langt frokostbord igennem Nyk\u00f8bings g\u00e5gade. &#8211; Et veld\u00e6kket bord med god mad har altid bragt mennesker sammen. Vi \u00f8nsker med [&hellip;]","og_url":"https:\/\/kunmedierne.dk\/mors\/kulturmoedet-saetter-200-meter-langt-frokostbord-op-i-gaagaden\/","og_site_name":"Mors","article_published_time":"2023-07-07T11:34:45+00:00","article_modified_time":"2024-08-12T11:17:52+00:00","og_image":[{"width":770,"height":513,"url":"https:\/\/kunmedierne.dk\/mors\/wp-content\/uploads\/2023\/07\/Frokostbord.png","type":"image\/png"}],"author":"David H\u00f8jmark","twitter_card":"summary_large_image","twitter_misc":{"Skrevet af":"David H\u00f8jmark","Estimeret l\u00e6setid":"2 minutter"},"schema":{"@context":"https:\/\/schema.org","@graph":[{"@type":"Article","@id":"https:\/\/kunmedierne.dk\/mors\/kulturmoedet-saetter-200-meter-langt-frokostbord-op-i-gaagaden\/#article","isPartOf":{"@id":"https:\/\/kunmedierne.dk\/mors\/kulturmoedet-saetter-200-meter-langt-frokostbord-op-i-gaagaden\/"},"author":{"name":"David H\u00f8jmark","@id":"https:\/\/kunmedierne.dk\/mors\/#\/schema\/person\/5fe23251bf1d0abbcdc6f7896579d548"},"headline":"Kulturm\u00f8det s\u00e6tter 200 meter langt frokostbord op i g\u00e5gaden","datePublished":"2023-07-07T11:34:45+00:00","dateModified":"2024-08-12T11:17:52+00:00","mainEntityOfPage":{"@id":"https:\/\/kunmedierne.dk\/mors\/kulturmoedet-saetter-200-meter-langt-frokostbord-op-i-gaagaden\/"},"wordCount":279,"publisher":{"@id":"https:\/\/kunmedierne.dk\/mors\/#organization"},"image":{"@id":"https:\/\/kunmedierne.dk\/mors\/kulturmoedet-saetter-200-meter-langt-frokostbord-op-i-gaagaden\/#primaryimage"},"thumbnailUrl":"https:\/\/kunmedierne.dk\/mors\/wp-content\/uploads\/2023\/07\/Frokostbord.png","keywords":["Kulturm\u00f8det"],"articleSection":["Lokalt"],"inLanguage":"da-DK"},{"@type":"WebPage","@id":"https:\/\/kunmedierne.dk\/mors\/kulturmoedet-saetter-200-meter-langt-frokostbord-op-i-gaagaden\/","url":"https:\/\/kunmedierne.dk\/mors\/kulturmoedet-saetter-200-meter-langt-frokostbord-op-i-gaagaden\/","name":"Kulturm\u00f8det s\u00e6tter 200 meter langt frokostbord op i g\u00e5gaden - Mors","isPartOf":{"@id":"https:\/\/kunmedierne.dk\/mors\/#website"},"primaryImageOfPage":{"@id":"https:\/\/kunmedierne.dk\/mors\/kulturmoedet-saetter-200-meter-langt-frokostbord-op-i-gaagaden\/#primaryimage"},"image":{"@id":"https:\/\/kunmedierne.dk\/mors\/kulturmoedet-saetter-200-meter-langt-frokostbord-op-i-gaagaden\/#primaryimage"},"thumbnailUrl":"https:\/\/kunmedierne.dk\/mors\/wp-content\/uploads\/2023\/07\/Frokostbord.png","datePublished":"2023-07-07T11:34:45+00:00","dateModified":"2024-08-12T11:17:52+00:00","breadcrumb":{"@id":"https:\/\/kunmedierne.dk\/mors\/kulturmoedet-saetter-200-meter-langt-frokostbord-op-i-gaagaden\/#breadcrumb"},"inLanguage":"da-DK","potentialAction":[{"@type":"ReadAction","target":["https:\/\/kunmedierne.dk\/mors\/kulturmoedet-saetter-200-meter-langt-frokostbord-op-i-gaagaden\/"]}]},{"@type":"ImageObject","inLanguage":"da-DK","@id":"https:\/\/kunmedierne.dk\/mors\/kulturmoedet-saetter-200-meter-langt-frokostbord-op-i-gaagaden\/#primaryimage","url":"https:\/\/kunmedierne.dk\/mors\/wp-content\/uploads\/2023\/07\/Frokostbord.png","contentUrl":"https:\/\/kunmedierne.dk\/mors\/wp-content\/uploads\/2023\/07\/Frokostbord.png","width":770,"height":513,"caption":"Et gigantisk frokostbord vil sno sig igennem Nyk\u00f8bings hyggelige g\u00e5gade. Foto: Kulturm\u00f8det Mors."},{"@type":"BreadcrumbList","@id":"https:\/\/kunmedierne.dk\/mors\/kulturmoedet-saetter-200-meter-langt-frokostbord-op-i-gaagaden\/#breadcrumb","itemListElement":[{"@type":"ListItem","position":1,"name":"Hjem","item":"https:\/\/kunmedierne.dk\/mors\/"},{"@type":"ListItem","position":2,"name":"Kulturm\u00f8det s\u00e6tter 200 meter langt frokostbord op i g\u00e5gaden"}]},{"@type":"WebSite","@id":"https:\/\/kunmedierne.dk\/mors\/#website","url":"https:\/\/kunmedierne.dk\/mors\/","name":"Mors","description":"et netmedie med journalistik om livet p\u00e5 Mors","publisher":{"@id":"https:\/\/kunmedierne.dk\/mors\/#organization"},"potentialAction":[{"@type":"SearchAction","target":{"@type":"EntryPoint","urlTemplate":"https:\/\/kunmedierne.dk\/mors\/?s={search_term_string}"},"query-input":{"@type":"PropertyValueSpecification","valueRequired":true,"valueName":"search_term_string"}}],"inLanguage":"da-DK"},{"@type":"Organization","@id":"https:\/\/kunmedierne.dk\/mors\/#organization","name":"Mors","url":"https:\/\/kunmedierne.dk\/mors\/","logo":{"@type":"ImageObject","inLanguage":"da-DK","@id":"https:\/\/kunmedierne.dk\/mors\/#\/schema\/logo\/image\/","url":"https:\/\/kunmedierne.dk\/mors\/wp-content\/uploads\/2024\/08\/kunmors-logo.svg","contentUrl":"https:\/\/kunmedierne.dk\/mors\/wp-content\/uploads\/2024\/08\/kunmors-logo.svg","caption":"Mors"},"image":{"@id":"https:\/\/kunmedierne.dk\/mors\/#\/schema\/logo\/image\/"}},{"@type":"Person","@id":"https:\/\/kunmedierne.dk\/mors\/#\/schema\/person\/5fe23251bf1d0abbcdc6f7896579d548","name":"David H\u00f8jmark","image":{"@type":"ImageObject","inLanguage":"da-DK","@id":"https:\/\/kunmedierne.dk\/mors\/#\/schema\/person\/image\/","url":"https:\/\/secure.gravatar.com\/avatar\/4315d6fb9ef244d729989f5f90268eb08d5bf8a3d84402f595fa194bb35784fd?s=96&d=mm&r=g","contentUrl":"https:\/\/secure.gravatar.com\/avatar\/4315d6fb9ef244d729989f5f90268eb08d5bf8a3d84402f595fa194bb35784fd?s=96&d=mm&r=g","caption":"David H\u00f8jmark"},"sameAs":["https:\/\/www.kunmedierne.dk"],"url":"https:\/\/kunmedierne.dk\/mors\/author\/david\/"}]}},"_links":{"self":[{"href":"https:\/\/kunmedierne.dk\/mors\/wp-json\/wp\/v2\/posts\/98078","targetHints":{"allow":["GET"]}}],"collection":[{"href":"https:\/\/kunmedierne.dk\/mors\/wp-json\/wp\/v2\/posts"}],"about":[{"href":"https:\/\/kunmedierne.dk\/mors\/wp-json\/wp\/v2\/types\/post"}],"author":[{"embeddable":true,"href":"https:\/\/kunmedierne.dk\/mors\/wp-json\/wp\/v2\/users\/8"}],"replies":[{"embeddable":true,"href":"https:\/\/kunmedierne.dk\/mors\/wp-json\/wp\/v2\/comments?post=98078"}],"version-history":[{"count":2,"href":"https:\/\/kunmedierne.dk\/mors\/wp-json\/wp\/v2\/posts\/98078\/revisions"}],"predecessor-version":[{"id":106827,"href":"https:\/\/kunmedierne.dk\/mors\/wp-json\/wp\/v2\/posts\/98078\/revisions\/106827"}],"wp:featuredmedia":[{"embeddable":true,"href":"https:\/\/kunmedierne.dk\/mors\/wp-json\/wp\/v2\/media\/98079"}],"wp:attachment":[{"href":"https:\/\/kunmedierne.dk\/mors\/wp-json\/wp\/v2\/media?parent=98078"}],"wp:term":[{"taxonomy":"category","embeddable":true,"href":"https:\/\/kunmedierne.dk\/mors\/wp-json\/wp\/v2\/categories?post=98078"},{"taxonomy":"post_tag","embeddable":true,"href":"https:\/\/kunmedierne.dk\/mors\/wp-json\/wp\/v2\/tags?post=98078"}],"curies":[{"name":"wp","href":"https:\/\/api.w.org\/{rel}","templated":true}]}}