{"id":9798,"date":"2020-02-29T18:12:00","date_gmt":"2020-02-29T17:12:00","guid":{"rendered":"https:\/\/kunmedierne.dk\/mors\/?p=9798"},"modified":"2024-08-12T14:06:25","modified_gmt":"2024-08-12T12:06:25","slug":"peter-nielsen-det-var-en-kaempe-oplevelse","status":"publish","type":"post","link":"https:\/\/kunmedierne.dk\/mors\/peter-nielsen-det-var-en-kaempe-oplevelse\/","title":{"rendered":"Peter Nielsen: &#8211; Det var en k\u00e6mpe oplevelse"},"content":{"rendered":"<p><strong>BJERGBY<\/strong>: Han var t\u00e6t p\u00e5 den helt store tv-pris, men selv om det glippede, er det en glad Peter Nielsen, der er vendt hjem til Mors.<\/p>\n<p>&#8220;Jeg havde heller ikke regnet med at vinde. Jeg vidste godt, at jeg var oppe imod rigtig h\u00e5rd konkurrence,&#8221; siger Peter Nielsen og kalder det fuldt fortjent, at Billed-Bladets tv-guld for bedste dokumentar og de 100.000 kroner, der fulgte med, gik til udsendelsen &#8220;En stille forsvinden&#8221;, der igennem fem \u00e5r fulgte den Alzheimer-ramte Bj\u00f8rn Jacobsen.<\/p>\n<div id=\"attachment_9807\" style=\"width: 510px\" class=\"wp-caption alignright\"><img loading=\"lazy\" decoding=\"async\" aria-describedby=\"caption-attachment-9807\" class=\"size-full wp-image-9807\" src=\"https:\/\/kunmedierne.dk\/mors\/wp-content\/uploads\/2020\/02\/200229-peter-nielsen1.jpg\" alt=\"\" width=\"500\" height=\"909\" srcset=\"https:\/\/kunmedierne.dk\/mors\/wp-content\/uploads\/2020\/02\/200229-peter-nielsen1.jpg 500w, https:\/\/kunmedierne.dk\/mors\/wp-content\/uploads\/2020\/02\/200229-peter-nielsen1-165x300.jpg 165w\" sizes=\"auto, (max-width: 500px) 100vw, 500px\" \/><p id=\"caption-attachment-9807\" class=\"wp-caption-text\">Peter Nielsen interviewes p\u00e5 den r\u00f8de l\u00f8ber inden showet.<\/p><\/div>\n<p>Peter Nielsen blev ogs\u00e5 fulgt af et tv-hold. Den 26-\u00e5rige morsingbo, der siden sin barndom har v\u00e6ret voldsomt h\u00e6mmet af stammen, blev landskendt, da han som hovedperson i &#8220;Jeg er stammer&#8221; tog meget store skridt for at skabe sig selv en bedre tilv\u00e6relse &#8211; og p\u00e5 forbl\u00f8ffende vis opn\u00e5ede store fremskridt igennem et kursus i Aarhus.<\/p>\n<p>Siden blev endnu en udsendelse, &#8220;Jeg stammer stadig&#8221;, produceret, men det var den f\u00f8rste, der i g\u00e5r bragte ham til K\u00f8benhavn, hvor fashionable Hotel d&#8217;Angleterre dannede ramme om Billed-Bladets festaften for dansk tv med diverse k\u00e5ringer.<\/p>\n<p>&nbsp;<\/p>\n<p><strong>St\u00e5ende hyldest fra alle stjernerne<\/strong><\/p>\n<p>S\u00e5 Peter Nielsen m\u00e6ngede sig med nationale kendisser og stjerner som Christiane Schaumburg-M\u00fcller, Sarah Gr\u00fcnewald og mange, mange andre. Og if\u00f8lge Jesper Elming, tilrettel\u00e6ggeren af &#8220;Jeg stammer stadig&#8221;, tog Peter Nielsen de mange kendte med storm.<\/p>\n<p>Som han skriver i en opdatering p\u00e5 Facebook:<\/p>\n<p>&#8220;Hold nu op, hvor fik Peter Nielsen megen k\u00e6rlighed fra hele salen, og der var st\u00e5ende applaus til ham, da dokumentaren blev pr\u00e6senteret. Det var hans aften, og han var ikke til at skyde igennem. Og historierne v\u00e6ltede ud af ham &#8211; lidt stammen hist og her, og hvad s\u00e5&#8230; det er helt vildt at opleve, hvor langt Peter<span class=\"text_exposed_show\"> er kommet med sin tale p\u00e5 halvandet \u00e5r. Og jeg er s\u00e5 glad for, at han fik den oplevelse i g\u00e5r, hvor alle de personer, som han har beundret i fjernsynet pludselig var dem, der kiggede begejstret p\u00e5 ham.&#8221;<\/span><\/p>\n<p>&nbsp;<\/p>\n<p><span class=\"text_exposed_show\"><strong>En af de st\u00f8rste oplevelser i livet<\/strong><\/span><\/p>\n<p><span class=\"text_exposed_show\">Nu ser Peter Nielsen tilbage p\u00e5 en aften, der ogs\u00e5 uden prisen blev en fantastisk aften.<\/span><\/p>\n<p>&#8220;Det er noget af det allerst\u00f8rste, jeg har oplevet i mit liv. Det er det i hvert fald. Det er en oplevelse, jeg ikke har villet v\u00e6re foruden,&#8221; siger han og sl\u00e5r fast, at han ikke er vendt hjem til Mors som en skuffet mand.<\/p>\n<div id=\"attachment_9808\" style=\"width: 510px\" class=\"wp-caption alignright\"><img loading=\"lazy\" decoding=\"async\" aria-describedby=\"caption-attachment-9808\" class=\"size-full wp-image-9808\" src=\"https:\/\/kunmedierne.dk\/mors\/wp-content\/uploads\/2020\/02\/200229-peter-nielsen4.jpg\" alt=\"\" width=\"500\" height=\"1071\" srcset=\"https:\/\/kunmedierne.dk\/mors\/wp-content\/uploads\/2020\/02\/200229-peter-nielsen4.jpg 500w, https:\/\/kunmedierne.dk\/mors\/wp-content\/uploads\/2020\/02\/200229-peter-nielsen4-140x300.jpg 140w, https:\/\/kunmedierne.dk\/mors\/wp-content\/uploads\/2020\/02\/200229-peter-nielsen4-478x1024.jpg 478w\" sizes=\"auto, (max-width: 500px) 100vw, 500px\" \/><p id=\"caption-attachment-9808\" class=\"wp-caption-text\">Klar til entr\u00e9 p\u00e5 det meget fine hotel i K\u00f8benhavn. Privatfoto<\/p><\/div>\n<p>&#8220;Jeg var ogs\u00e5 kun kommet til Hotel d&#8217;Angleterre for at v\u00e6re med til festen og opleve det at v\u00e6re p\u00e5 Hotel d&#8217;Angleterre. Hvis jeg vandt, ville det bare v\u00e6re en ekstra bonus,&#8221; siger han.<\/p>\n<p>Udover at se tilbage p\u00e5 en stor aften, kan han se tilbage p\u00e5 et langt forl\u00f8b, der har givet ham\u00a0<span class=\"text_exposed_show\">store fremskridt i forhold til at tale. Interviewet med ham til denne artikel er foreg\u00e5et over telefonen, og selv om han stadig m\u00e5 k\u00e6mpe, er det \u00e5benlyst, at han er n\u00e5et et k\u00e6mpeskridt p\u00e5 sin vej.<\/span><\/p>\n<p>Og han er slet ikke f\u00e6rdig med at tage skridt, fort\u00e6ller han. Peter Nielsen forts\u00e6tter sin fight for at bek\u00e6mpe sin stammen og er m\u00e5ske slet ikke f\u00e6rdig med at v\u00e6re p\u00e5 tv.<\/p>\n<p>For som han siger:<\/p>\n<p>&#8220;Jeg har ogs\u00e5 en dr\u00f8m om at lave et program nummer tre, n\u00e5r jeg er blevet bedre til mine teknikker.&#8221;<\/p>\n<p>&nbsp;<\/p>\n","protected":false},"excerpt":{"rendered":"<p>BJERGBY: Han var t\u00e6t p\u00e5 den helt store tv-pris, men selv om det glippede, er det en glad Peter Nielsen, der er vendt hjem til Mors. &#8220;Jeg havde heller ikke regnet med at vinde. Jeg vidste godt, at jeg var oppe imod rigtig h\u00e5rd konkurrence,&#8221; siger Peter Nielsen og kalder det fuldt fortjent, at Billed-Bladets [&hellip;]<\/p>\n","protected":false},"author":8,"featured_media":9806,"comment_status":"open","ping_status":"open","sticky":false,"template":"","format":"standard","meta":{"_acf_changed":false,"footnotes":""},"categories":[51],"tags":[],"class_list":["post-9798","post","type-post","status-publish","format-standard","has-post-thumbnail","hentry","category-lokalt"],"acf":[],"yoast_head":"<!-- This site is optimized with the Yoast SEO plugin v26.8 - https:\/\/yoast.com\/product\/yoast-seo-wordpress\/ -->\n<title>Peter Nielsen: - Det var en k\u00e6mpe oplevelse - Mors<\/title>\n<meta name=\"robots\" content=\"index, follow, max-snippet:-1, max-image-preview:large, max-video-preview:-1\" \/>\n<link rel=\"canonical\" href=\"https:\/\/kunmedierne.dk\/mors\/peter-nielsen-det-var-en-kaempe-oplevelse\/\" \/>\n<meta property=\"og:locale\" content=\"da_DK\" \/>\n<meta property=\"og:type\" content=\"article\" \/>\n<meta property=\"og:title\" content=\"Peter Nielsen: - Det var en k\u00e6mpe oplevelse - Mors\" \/>\n<meta property=\"og:description\" content=\"BJERGBY: Han var t\u00e6t p\u00e5 den helt store tv-pris, men selv om det glippede, er det en glad Peter Nielsen, der er vendt hjem til Mors. &#8220;Jeg havde heller ikke regnet med at vinde. Jeg vidste godt, at jeg var oppe imod rigtig h\u00e5rd konkurrence,&#8221; siger Peter Nielsen og kalder det fuldt fortjent, at Billed-Bladets [&hellip;]\" \/>\n<meta property=\"og:url\" content=\"https:\/\/kunmedierne.dk\/mors\/peter-nielsen-det-var-en-kaempe-oplevelse\/\" \/>\n<meta property=\"og:site_name\" content=\"Mors\" \/>\n<meta property=\"article:published_time\" content=\"2020-02-29T17:12:00+00:00\" \/>\n<meta property=\"article:modified_time\" content=\"2024-08-12T12:06:25+00:00\" \/>\n<meta property=\"og:image\" content=\"https:\/\/kunmedierne.dk\/mors\/wp-content\/uploads\/2020\/02\/200229-peter-nielsen5.jpg\" \/>\n\t<meta property=\"og:image:width\" content=\"770\" \/>\n\t<meta property=\"og:image:height\" content=\"513\" \/>\n\t<meta property=\"og:image:type\" content=\"image\/jpeg\" \/>\n<meta name=\"author\" content=\"David H\u00f8jmark\" \/>\n<meta name=\"twitter:card\" content=\"summary_large_image\" \/>\n<meta name=\"twitter:label1\" content=\"Skrevet af\" \/>\n\t<meta name=\"twitter:data1\" content=\"David H\u00f8jmark\" \/>\n\t<meta name=\"twitter:label2\" content=\"Estimeret l\u00e6setid\" \/>\n\t<meta name=\"twitter:data2\" content=\"3 minutter\" \/>\n<script type=\"application\/ld+json\" class=\"yoast-schema-graph\">{\"@context\":\"https:\/\/schema.org\",\"@graph\":[{\"@type\":\"Article\",\"@id\":\"https:\/\/kunmedierne.dk\/mors\/peter-nielsen-det-var-en-kaempe-oplevelse\/#article\",\"isPartOf\":{\"@id\":\"https:\/\/kunmedierne.dk\/mors\/peter-nielsen-det-var-en-kaempe-oplevelse\/\"},\"author\":{\"name\":\"David H\u00f8jmark\",\"@id\":\"https:\/\/kunmedierne.dk\/mors\/#\/schema\/person\/5fe23251bf1d0abbcdc6f7896579d548\"},\"headline\":\"Peter Nielsen: &#8211; Det var en k\u00e6mpe oplevelse\",\"datePublished\":\"2020-02-29T17:12:00+00:00\",\"dateModified\":\"2024-08-12T12:06:25+00:00\",\"mainEntityOfPage\":{\"@id\":\"https:\/\/kunmedierne.dk\/mors\/peter-nielsen-det-var-en-kaempe-oplevelse\/\"},\"wordCount\":631,\"commentCount\":0,\"publisher\":{\"@id\":\"https:\/\/kunmedierne.dk\/mors\/#organization\"},\"image\":{\"@id\":\"https:\/\/kunmedierne.dk\/mors\/peter-nielsen-det-var-en-kaempe-oplevelse\/#primaryimage\"},\"thumbnailUrl\":\"https:\/\/kunmedierne.dk\/mors\/wp-content\/uploads\/2020\/02\/200229-peter-nielsen5.jpg\",\"articleSection\":[\"Lokalt\"],\"inLanguage\":\"da-DK\",\"potentialAction\":[{\"@type\":\"CommentAction\",\"name\":\"Comment\",\"target\":[\"https:\/\/kunmedierne.dk\/mors\/peter-nielsen-det-var-en-kaempe-oplevelse\/#respond\"]}]},{\"@type\":\"WebPage\",\"@id\":\"https:\/\/kunmedierne.dk\/mors\/peter-nielsen-det-var-en-kaempe-oplevelse\/\",\"url\":\"https:\/\/kunmedierne.dk\/mors\/peter-nielsen-det-var-en-kaempe-oplevelse\/\",\"name\":\"Peter Nielsen: - Det var en k\u00e6mpe oplevelse - Mors\",\"isPartOf\":{\"@id\":\"https:\/\/kunmedierne.dk\/mors\/#website\"},\"primaryImageOfPage\":{\"@id\":\"https:\/\/kunmedierne.dk\/mors\/peter-nielsen-det-var-en-kaempe-oplevelse\/#primaryimage\"},\"image\":{\"@id\":\"https:\/\/kunmedierne.dk\/mors\/peter-nielsen-det-var-en-kaempe-oplevelse\/#primaryimage\"},\"thumbnailUrl\":\"https:\/\/kunmedierne.dk\/mors\/wp-content\/uploads\/2020\/02\/200229-peter-nielsen5.jpg\",\"datePublished\":\"2020-02-29T17:12:00+00:00\",\"dateModified\":\"2024-08-12T12:06:25+00:00\",\"breadcrumb\":{\"@id\":\"https:\/\/kunmedierne.dk\/mors\/peter-nielsen-det-var-en-kaempe-oplevelse\/#breadcrumb\"},\"inLanguage\":\"da-DK\",\"potentialAction\":[{\"@type\":\"ReadAction\",\"target\":[\"https:\/\/kunmedierne.dk\/mors\/peter-nielsen-det-var-en-kaempe-oplevelse\/\"]}]},{\"@type\":\"ImageObject\",\"inLanguage\":\"da-DK\",\"@id\":\"https:\/\/kunmedierne.dk\/mors\/peter-nielsen-det-var-en-kaempe-oplevelse\/#primaryimage\",\"url\":\"https:\/\/kunmedierne.dk\/mors\/wp-content\/uploads\/2020\/02\/200229-peter-nielsen5.jpg\",\"contentUrl\":\"https:\/\/kunmedierne.dk\/mors\/wp-content\/uploads\/2020\/02\/200229-peter-nielsen5.jpg\",\"width\":770,\"height\":513,\"caption\":\"Peter Nielsen (th.) sammen med tilrettel\u00e6gger Jesper Elming under Billed-Bladets festaften. Privatfoto\"},{\"@type\":\"BreadcrumbList\",\"@id\":\"https:\/\/kunmedierne.dk\/mors\/peter-nielsen-det-var-en-kaempe-oplevelse\/#breadcrumb\",\"itemListElement\":[{\"@type\":\"ListItem\",\"position\":1,\"name\":\"Hjem\",\"item\":\"https:\/\/kunmedierne.dk\/mors\/\"},{\"@type\":\"ListItem\",\"position\":2,\"name\":\"Peter Nielsen: &#8211; Det var en k\u00e6mpe oplevelse\"}]},{\"@type\":\"WebSite\",\"@id\":\"https:\/\/kunmedierne.dk\/mors\/#website\",\"url\":\"https:\/\/kunmedierne.dk\/mors\/\",\"name\":\"Mors\",\"description\":\"et netmedie med journalistik om livet p\u00e5 Mors\",\"publisher\":{\"@id\":\"https:\/\/kunmedierne.dk\/mors\/#organization\"},\"potentialAction\":[{\"@type\":\"SearchAction\",\"target\":{\"@type\":\"EntryPoint\",\"urlTemplate\":\"https:\/\/kunmedierne.dk\/mors\/?s={search_term_string}\"},\"query-input\":{\"@type\":\"PropertyValueSpecification\",\"valueRequired\":true,\"valueName\":\"search_term_string\"}}],\"inLanguage\":\"da-DK\"},{\"@type\":\"Organization\",\"@id\":\"https:\/\/kunmedierne.dk\/mors\/#organization\",\"name\":\"Mors\",\"url\":\"https:\/\/kunmedierne.dk\/mors\/\",\"logo\":{\"@type\":\"ImageObject\",\"inLanguage\":\"da-DK\",\"@id\":\"https:\/\/kunmedierne.dk\/mors\/#\/schema\/logo\/image\/\",\"url\":\"https:\/\/kunmedierne.dk\/mors\/wp-content\/uploads\/2024\/08\/kunmors-logo.svg\",\"contentUrl\":\"https:\/\/kunmedierne.dk\/mors\/wp-content\/uploads\/2024\/08\/kunmors-logo.svg\",\"caption\":\"Mors\"},\"image\":{\"@id\":\"https:\/\/kunmedierne.dk\/mors\/#\/schema\/logo\/image\/\"}},{\"@type\":\"Person\",\"@id\":\"https:\/\/kunmedierne.dk\/mors\/#\/schema\/person\/5fe23251bf1d0abbcdc6f7896579d548\",\"name\":\"David H\u00f8jmark\",\"image\":{\"@type\":\"ImageObject\",\"inLanguage\":\"da-DK\",\"@id\":\"https:\/\/kunmedierne.dk\/mors\/#\/schema\/person\/image\/\",\"url\":\"https:\/\/secure.gravatar.com\/avatar\/4315d6fb9ef244d729989f5f90268eb08d5bf8a3d84402f595fa194bb35784fd?s=96&d=mm&r=g\",\"contentUrl\":\"https:\/\/secure.gravatar.com\/avatar\/4315d6fb9ef244d729989f5f90268eb08d5bf8a3d84402f595fa194bb35784fd?s=96&d=mm&r=g\",\"caption\":\"David H\u00f8jmark\"},\"sameAs\":[\"https:\/\/www.kunmedierne.dk\"],\"url\":\"https:\/\/kunmedierne.dk\/mors\/author\/david\/\"}]}<\/script>\n<!-- \/ Yoast SEO plugin. -->","yoast_head_json":{"title":"Peter Nielsen: - Det var en k\u00e6mpe oplevelse - Mors","robots":{"index":"index","follow":"follow","max-snippet":"max-snippet:-1","max-image-preview":"max-image-preview:large","max-video-preview":"max-video-preview:-1"},"canonical":"https:\/\/kunmedierne.dk\/mors\/peter-nielsen-det-var-en-kaempe-oplevelse\/","og_locale":"da_DK","og_type":"article","og_title":"Peter Nielsen: - Det var en k\u00e6mpe oplevelse - Mors","og_description":"BJERGBY: Han var t\u00e6t p\u00e5 den helt store tv-pris, men selv om det glippede, er det en glad Peter Nielsen, der er vendt hjem til Mors. &#8220;Jeg havde heller ikke regnet med at vinde. Jeg vidste godt, at jeg var oppe imod rigtig h\u00e5rd konkurrence,&#8221; siger Peter Nielsen og kalder det fuldt fortjent, at Billed-Bladets [&hellip;]","og_url":"https:\/\/kunmedierne.dk\/mors\/peter-nielsen-det-var-en-kaempe-oplevelse\/","og_site_name":"Mors","article_published_time":"2020-02-29T17:12:00+00:00","article_modified_time":"2024-08-12T12:06:25+00:00","og_image":[{"width":770,"height":513,"url":"https:\/\/kunmedierne.dk\/mors\/wp-content\/uploads\/2020\/02\/200229-peter-nielsen5.jpg","type":"image\/jpeg"}],"author":"David H\u00f8jmark","twitter_card":"summary_large_image","twitter_misc":{"Skrevet af":"David H\u00f8jmark","Estimeret l\u00e6setid":"3 minutter"},"schema":{"@context":"https:\/\/schema.org","@graph":[{"@type":"Article","@id":"https:\/\/kunmedierne.dk\/mors\/peter-nielsen-det-var-en-kaempe-oplevelse\/#article","isPartOf":{"@id":"https:\/\/kunmedierne.dk\/mors\/peter-nielsen-det-var-en-kaempe-oplevelse\/"},"author":{"name":"David H\u00f8jmark","@id":"https:\/\/kunmedierne.dk\/mors\/#\/schema\/person\/5fe23251bf1d0abbcdc6f7896579d548"},"headline":"Peter Nielsen: &#8211; Det var en k\u00e6mpe oplevelse","datePublished":"2020-02-29T17:12:00+00:00","dateModified":"2024-08-12T12:06:25+00:00","mainEntityOfPage":{"@id":"https:\/\/kunmedierne.dk\/mors\/peter-nielsen-det-var-en-kaempe-oplevelse\/"},"wordCount":631,"commentCount":0,"publisher":{"@id":"https:\/\/kunmedierne.dk\/mors\/#organization"},"image":{"@id":"https:\/\/kunmedierne.dk\/mors\/peter-nielsen-det-var-en-kaempe-oplevelse\/#primaryimage"},"thumbnailUrl":"https:\/\/kunmedierne.dk\/mors\/wp-content\/uploads\/2020\/02\/200229-peter-nielsen5.jpg","articleSection":["Lokalt"],"inLanguage":"da-DK","potentialAction":[{"@type":"CommentAction","name":"Comment","target":["https:\/\/kunmedierne.dk\/mors\/peter-nielsen-det-var-en-kaempe-oplevelse\/#respond"]}]},{"@type":"WebPage","@id":"https:\/\/kunmedierne.dk\/mors\/peter-nielsen-det-var-en-kaempe-oplevelse\/","url":"https:\/\/kunmedierne.dk\/mors\/peter-nielsen-det-var-en-kaempe-oplevelse\/","name":"Peter Nielsen: - Det var en k\u00e6mpe oplevelse - Mors","isPartOf":{"@id":"https:\/\/kunmedierne.dk\/mors\/#website"},"primaryImageOfPage":{"@id":"https:\/\/kunmedierne.dk\/mors\/peter-nielsen-det-var-en-kaempe-oplevelse\/#primaryimage"},"image":{"@id":"https:\/\/kunmedierne.dk\/mors\/peter-nielsen-det-var-en-kaempe-oplevelse\/#primaryimage"},"thumbnailUrl":"https:\/\/kunmedierne.dk\/mors\/wp-content\/uploads\/2020\/02\/200229-peter-nielsen5.jpg","datePublished":"2020-02-29T17:12:00+00:00","dateModified":"2024-08-12T12:06:25+00:00","breadcrumb":{"@id":"https:\/\/kunmedierne.dk\/mors\/peter-nielsen-det-var-en-kaempe-oplevelse\/#breadcrumb"},"inLanguage":"da-DK","potentialAction":[{"@type":"ReadAction","target":["https:\/\/kunmedierne.dk\/mors\/peter-nielsen-det-var-en-kaempe-oplevelse\/"]}]},{"@type":"ImageObject","inLanguage":"da-DK","@id":"https:\/\/kunmedierne.dk\/mors\/peter-nielsen-det-var-en-kaempe-oplevelse\/#primaryimage","url":"https:\/\/kunmedierne.dk\/mors\/wp-content\/uploads\/2020\/02\/200229-peter-nielsen5.jpg","contentUrl":"https:\/\/kunmedierne.dk\/mors\/wp-content\/uploads\/2020\/02\/200229-peter-nielsen5.jpg","width":770,"height":513,"caption":"Peter Nielsen (th.) sammen med tilrettel\u00e6gger Jesper Elming under Billed-Bladets festaften. Privatfoto"},{"@type":"BreadcrumbList","@id":"https:\/\/kunmedierne.dk\/mors\/peter-nielsen-det-var-en-kaempe-oplevelse\/#breadcrumb","itemListElement":[{"@type":"ListItem","position":1,"name":"Hjem","item":"https:\/\/kunmedierne.dk\/mors\/"},{"@type":"ListItem","position":2,"name":"Peter Nielsen: &#8211; Det var en k\u00e6mpe oplevelse"}]},{"@type":"WebSite","@id":"https:\/\/kunmedierne.dk\/mors\/#website","url":"https:\/\/kunmedierne.dk\/mors\/","name":"Mors","description":"et netmedie med journalistik om livet p\u00e5 Mors","publisher":{"@id":"https:\/\/kunmedierne.dk\/mors\/#organization"},"potentialAction":[{"@type":"SearchAction","target":{"@type":"EntryPoint","urlTemplate":"https:\/\/kunmedierne.dk\/mors\/?s={search_term_string}"},"query-input":{"@type":"PropertyValueSpecification","valueRequired":true,"valueName":"search_term_string"}}],"inLanguage":"da-DK"},{"@type":"Organization","@id":"https:\/\/kunmedierne.dk\/mors\/#organization","name":"Mors","url":"https:\/\/kunmedierne.dk\/mors\/","logo":{"@type":"ImageObject","inLanguage":"da-DK","@id":"https:\/\/kunmedierne.dk\/mors\/#\/schema\/logo\/image\/","url":"https:\/\/kunmedierne.dk\/mors\/wp-content\/uploads\/2024\/08\/kunmors-logo.svg","contentUrl":"https:\/\/kunmedierne.dk\/mors\/wp-content\/uploads\/2024\/08\/kunmors-logo.svg","caption":"Mors"},"image":{"@id":"https:\/\/kunmedierne.dk\/mors\/#\/schema\/logo\/image\/"}},{"@type":"Person","@id":"https:\/\/kunmedierne.dk\/mors\/#\/schema\/person\/5fe23251bf1d0abbcdc6f7896579d548","name":"David H\u00f8jmark","image":{"@type":"ImageObject","inLanguage":"da-DK","@id":"https:\/\/kunmedierne.dk\/mors\/#\/schema\/person\/image\/","url":"https:\/\/secure.gravatar.com\/avatar\/4315d6fb9ef244d729989f5f90268eb08d5bf8a3d84402f595fa194bb35784fd?s=96&d=mm&r=g","contentUrl":"https:\/\/secure.gravatar.com\/avatar\/4315d6fb9ef244d729989f5f90268eb08d5bf8a3d84402f595fa194bb35784fd?s=96&d=mm&r=g","caption":"David H\u00f8jmark"},"sameAs":["https:\/\/www.kunmedierne.dk"],"url":"https:\/\/kunmedierne.dk\/mors\/author\/david\/"}]}},"_links":{"self":[{"href":"https:\/\/kunmedierne.dk\/mors\/wp-json\/wp\/v2\/posts\/9798","targetHints":{"allow":["GET"]}}],"collection":[{"href":"https:\/\/kunmedierne.dk\/mors\/wp-json\/wp\/v2\/posts"}],"about":[{"href":"https:\/\/kunmedierne.dk\/mors\/wp-json\/wp\/v2\/types\/post"}],"author":[{"embeddable":true,"href":"https:\/\/kunmedierne.dk\/mors\/wp-json\/wp\/v2\/users\/8"}],"replies":[{"embeddable":true,"href":"https:\/\/kunmedierne.dk\/mors\/wp-json\/wp\/v2\/comments?post=9798"}],"version-history":[{"count":3,"href":"https:\/\/kunmedierne.dk\/mors\/wp-json\/wp\/v2\/posts\/9798\/revisions"}],"predecessor-version":[{"id":9890,"href":"https:\/\/kunmedierne.dk\/mors\/wp-json\/wp\/v2\/posts\/9798\/revisions\/9890"}],"wp:featuredmedia":[{"embeddable":true,"href":"https:\/\/kunmedierne.dk\/mors\/wp-json\/wp\/v2\/media\/9806"}],"wp:attachment":[{"href":"https:\/\/kunmedierne.dk\/mors\/wp-json\/wp\/v2\/media?parent=9798"}],"wp:term":[{"taxonomy":"category","embeddable":true,"href":"https:\/\/kunmedierne.dk\/mors\/wp-json\/wp\/v2\/categories?post=9798"},{"taxonomy":"post_tag","embeddable":true,"href":"https:\/\/kunmedierne.dk\/mors\/wp-json\/wp\/v2\/tags?post=9798"}],"curies":[{"name":"wp","href":"https:\/\/api.w.org\/{rel}","templated":true}]}}