{"id":97972,"date":"2023-07-05T08:53:56","date_gmt":"2023-07-05T06:53:56","guid":{"rendered":"https:\/\/kunmedierne.dk\/mors\/?p=97972"},"modified":"2024-08-12T13:17:53","modified_gmt":"2024-08-12T11:17:53","slug":"business-park-paa-mors-tager-form","status":"publish","type":"post","link":"https:\/\/kunmedierne.dk\/mors\/business-park-paa-mors-tager-form\/","title":{"rendered":"Business\u00a0park p\u00e5 Mors tager form"},"content":{"rendered":"<p><strong>MORS: <\/strong>Planerne er stadig p\u00e5 et meget forberedende stadie, men de begynder at tage form og afstikke en retning for, hvordan man kan komme videre med etablering af en business park p\u00e5 Mors.<\/p>\n<p>Mors\u00f8 Erhvervsr\u00e5d har nedsat en arbejdsgruppe, der skal afs\u00f8ge mulighederne og interessen for at skabe et erhvervs-f\u00e6llesskab for virksomheder, og arbejdsgruppen er nu parat til at g\u00e5 i dialog med det lokale erhvervsliv om tankerne.<\/p>\n<a class=\"dvrt-link\" onClick=\"cdmtrack_click(104786,jQuery(this));return false\" href=\"https:\/\/limfjordsteatret.dk\/events\/tobias-dybvad-mit-bedste-onemanshow\/\"><img decoding=\"async\" style=\"width:100%;\" src=\"https:\/\/kunmedierne.dk\/mors\/wp-content\/uploads\/2023\/10\/aarskortLim_KunMors_1100x125.jpg\"><\/a><script>cdmtrack_view(104786);<\/script>\n<p>&#8211; Indtil videre holder vi det hele meget \u00e5bent for at bringe s\u00e5 mange ideer som muligt i spil. Derefter tager vi fat p\u00e5 at konkretisere planerne, definere m\u00e5lgrupper og se p\u00e5 fysiske rammer for et erhvervsm\u00e6ssigt f\u00e6llesskab, siger Torben Eilskov Leth, der er formand for arbejdsgruppen og medlem af Mors\u00f8 Erhvervsr\u00e5ds bestyrelse.<\/p>\n<p>&nbsp;<\/p>\n<p><strong>Gode erfaringer<\/strong><\/p>\n<p>Han fort\u00e6ller, at det\u00a0overordnede form\u00e5l med parken vil v\u00e6re at underst\u00f8tte iv\u00e6rks\u00e6ttere og eksisterende virksomheder med fysiske rammer, der skaber synergi og nye muligheder for virksomhederne p\u00e5 tv\u00e6rs.<\/p>\n<p>&#8211; Vi satser p\u00e5, at b\u00e5de nyetablerede og igangv\u00e6rende virksomheder inden for en lang r\u00e6kke brancher vil kunne drage nytte af hinanden og af de f\u00e6lles faciliteter, businessparken kan tilbyde. Erfaringen fra andre byer viser, at et f\u00e6llesskab som dette kan v\u00e6re relevant for b\u00e5de iv\u00e6rks\u00e6ttere, mindre virksomheder, sm\u00e5 afdelinger af st\u00f8rre virksomheder, folk med behov for en arbejdsplads to-tre dage om ugen og mange andre. Det behov findes ogs\u00e5 p\u00e5 Mors\u201d, siger Torben Eilskov Leth.<\/p>\n<a class=\"dvrt-link\" onClick=\"cdmtrack_click(104786,jQuery(this));return false\" href=\"https:\/\/limfjordsteatret.dk\/events\/tobias-dybvad-mit-bedste-onemanshow\/\"><img decoding=\"async\" style=\"width:100%;\" src=\"https:\/\/kunmedierne.dk\/mors\/wp-content\/uploads\/2023\/10\/aarskortLim_KunMors_1100x125.jpg\"><\/a><script>cdmtrack_view(104786);<\/script>\n<p>Efter sommerferien g\u00e5r arbejdsgruppen i gang med at afd\u00e6kke interessen. Dels hos mulige brugere af rammerne og dels hos potentielle investorer, som kan se en interesse i at styrke det lokale erhvervsliv med en businesspark, der b\u00e5de socialt og kommercielt \u00e5bner nye muligheder for nye og best\u00e5ende virksomheder p\u00e5 Mors.<\/p>\n<blockquote>\n<h3>FAKTA<\/h3>\n<h5>Foruden Torben Eilskov Leth og erhvervschef Susanne Toftegaard Hansen best\u00e5r arbejdsgruppen af f\u00f8lgende repr\u00e6sentanter for henholdsvis Mors\u00f8 Erhvervsr\u00e5ds bestyrelse og virksomheder p\u00e5 Mors: Anne Bjerre Larsen, Janne Marie Erhardsen, Malte Houe, Niels Markussen, Hanne Friis, Klaus Hvidtfeldt Larsen og Mathias Boll Overgaard.<\/h5>\n<\/blockquote>\n<p>&nbsp;<\/p>\n","protected":false},"excerpt":{"rendered":"<p>MORS: Planerne er stadig p\u00e5 et meget forberedende stadie, men de begynder at tage form og afstikke en retning for, hvordan man kan komme videre med etablering af en business park p\u00e5 Mors. Mors\u00f8 Erhvervsr\u00e5d har nedsat en arbejdsgruppe, der skal afs\u00f8ge mulighederne og interessen for at skabe et erhvervs-f\u00e6llesskab for virksomheder, og arbejdsgruppen er [&hellip;]<\/p>\n","protected":false},"author":8,"featured_media":97973,"comment_status":"closed","ping_status":"open","sticky":false,"template":"","format":"standard","meta":{"_acf_changed":false,"footnotes":""},"categories":[51],"tags":[159],"class_list":["post-97972","post","type-post","status-publish","format-standard","has-post-thumbnail","hentry","category-lokalt","tag-erhverv"],"acf":[],"yoast_head":"<!-- This site is optimized with the Yoast SEO plugin v26.8 - https:\/\/yoast.com\/product\/yoast-seo-wordpress\/ -->\n<title>Business\u00a0park p\u00e5 Mors tager form - Mors<\/title>\n<meta name=\"robots\" content=\"index, follow, max-snippet:-1, max-image-preview:large, max-video-preview:-1\" \/>\n<link rel=\"canonical\" href=\"https:\/\/kunmedierne.dk\/mors\/business-park-paa-mors-tager-form\/\" \/>\n<meta property=\"og:locale\" content=\"da_DK\" \/>\n<meta property=\"og:type\" content=\"article\" \/>\n<meta property=\"og:title\" content=\"Business\u00a0park p\u00e5 Mors tager form - Mors\" \/>\n<meta property=\"og:description\" content=\"MORS: Planerne er stadig p\u00e5 et meget forberedende stadie, men de begynder at tage form og afstikke en retning for, hvordan man kan komme videre med etablering af en business park p\u00e5 Mors. Mors\u00f8 Erhvervsr\u00e5d har nedsat en arbejdsgruppe, der skal afs\u00f8ge mulighederne og interessen for at skabe et erhvervs-f\u00e6llesskab for virksomheder, og arbejdsgruppen er [&hellip;]\" \/>\n<meta property=\"og:url\" content=\"https:\/\/kunmedierne.dk\/mors\/business-park-paa-mors-tager-form\/\" \/>\n<meta property=\"og:site_name\" content=\"Mors\" \/>\n<meta property=\"article:published_time\" content=\"2023-07-05T06:53:56+00:00\" \/>\n<meta property=\"article:modified_time\" content=\"2024-08-12T11:17:53+00:00\" \/>\n<meta property=\"og:image\" content=\"https:\/\/kunmedierne.dk\/mors\/wp-content\/uploads\/2023\/07\/businesspark.png\" \/>\n\t<meta property=\"og:image:width\" content=\"770\" \/>\n\t<meta property=\"og:image:height\" content=\"513\" \/>\n\t<meta property=\"og:image:type\" content=\"image\/png\" \/>\n<meta name=\"author\" content=\"David H\u00f8jmark\" \/>\n<meta name=\"twitter:card\" content=\"summary_large_image\" \/>\n<meta name=\"twitter:label1\" content=\"Skrevet af\" \/>\n\t<meta name=\"twitter:data1\" content=\"David H\u00f8jmark\" \/>\n\t<meta name=\"twitter:label2\" content=\"Estimeret l\u00e6setid\" \/>\n\t<meta name=\"twitter:data2\" content=\"2 minutter\" \/>\n<script type=\"application\/ld+json\" class=\"yoast-schema-graph\">{\"@context\":\"https:\/\/schema.org\",\"@graph\":[{\"@type\":\"Article\",\"@id\":\"https:\/\/kunmedierne.dk\/mors\/business-park-paa-mors-tager-form\/#article\",\"isPartOf\":{\"@id\":\"https:\/\/kunmedierne.dk\/mors\/business-park-paa-mors-tager-form\/\"},\"author\":{\"name\":\"David H\u00f8jmark\",\"@id\":\"https:\/\/kunmedierne.dk\/mors\/#\/schema\/person\/5fe23251bf1d0abbcdc6f7896579d548\"},\"headline\":\"Business\u00a0park p\u00e5 Mors tager form\",\"datePublished\":\"2023-07-05T06:53:56+00:00\",\"dateModified\":\"2024-08-12T11:17:53+00:00\",\"mainEntityOfPage\":{\"@id\":\"https:\/\/kunmedierne.dk\/mors\/business-park-paa-mors-tager-form\/\"},\"wordCount\":365,\"publisher\":{\"@id\":\"https:\/\/kunmedierne.dk\/mors\/#organization\"},\"image\":{\"@id\":\"https:\/\/kunmedierne.dk\/mors\/business-park-paa-mors-tager-form\/#primaryimage\"},\"thumbnailUrl\":\"https:\/\/kunmedierne.dk\/mors\/wp-content\/uploads\/2023\/07\/businesspark.png\",\"keywords\":[\"Erhverv\"],\"articleSection\":[\"Lokalt\"],\"inLanguage\":\"da-DK\"},{\"@type\":\"WebPage\",\"@id\":\"https:\/\/kunmedierne.dk\/mors\/business-park-paa-mors-tager-form\/\",\"url\":\"https:\/\/kunmedierne.dk\/mors\/business-park-paa-mors-tager-form\/\",\"name\":\"Business\u00a0park p\u00e5 Mors tager form - Mors\",\"isPartOf\":{\"@id\":\"https:\/\/kunmedierne.dk\/mors\/#website\"},\"primaryImageOfPage\":{\"@id\":\"https:\/\/kunmedierne.dk\/mors\/business-park-paa-mors-tager-form\/#primaryimage\"},\"image\":{\"@id\":\"https:\/\/kunmedierne.dk\/mors\/business-park-paa-mors-tager-form\/#primaryimage\"},\"thumbnailUrl\":\"https:\/\/kunmedierne.dk\/mors\/wp-content\/uploads\/2023\/07\/businesspark.png\",\"datePublished\":\"2023-07-05T06:53:56+00:00\",\"dateModified\":\"2024-08-12T11:17:53+00:00\",\"breadcrumb\":{\"@id\":\"https:\/\/kunmedierne.dk\/mors\/business-park-paa-mors-tager-form\/#breadcrumb\"},\"inLanguage\":\"da-DK\",\"potentialAction\":[{\"@type\":\"ReadAction\",\"target\":[\"https:\/\/kunmedierne.dk\/mors\/business-park-paa-mors-tager-form\/\"]}]},{\"@type\":\"ImageObject\",\"inLanguage\":\"da-DK\",\"@id\":\"https:\/\/kunmedierne.dk\/mors\/business-park-paa-mors-tager-form\/#primaryimage\",\"url\":\"https:\/\/kunmedierne.dk\/mors\/wp-content\/uploads\/2023\/07\/businesspark.png\",\"contentUrl\":\"https:\/\/kunmedierne.dk\/mors\/wp-content\/uploads\/2023\/07\/businesspark.png\",\"width\":770,\"height\":513,\"caption\":\"Bagerst fra venstre: Susanne Toftegaard Hansen, Torben Eilskov Leth og Klaus Hvidtfeldt. Forrest fra venstre: Anne Bjerre Larsen, Janne Marie Erhardsen og Mathias Boll Overgaard. Mangler p\u00e5 billedet: Niels Markussen, Hanne Friis, Malte Houe.\"},{\"@type\":\"BreadcrumbList\",\"@id\":\"https:\/\/kunmedierne.dk\/mors\/business-park-paa-mors-tager-form\/#breadcrumb\",\"itemListElement\":[{\"@type\":\"ListItem\",\"position\":1,\"name\":\"Hjem\",\"item\":\"https:\/\/kunmedierne.dk\/mors\/\"},{\"@type\":\"ListItem\",\"position\":2,\"name\":\"Business\u00a0park p\u00e5 Mors tager form\"}]},{\"@type\":\"WebSite\",\"@id\":\"https:\/\/kunmedierne.dk\/mors\/#website\",\"url\":\"https:\/\/kunmedierne.dk\/mors\/\",\"name\":\"Mors\",\"description\":\"et netmedie med journalistik om livet p\u00e5 Mors\",\"publisher\":{\"@id\":\"https:\/\/kunmedierne.dk\/mors\/#organization\"},\"potentialAction\":[{\"@type\":\"SearchAction\",\"target\":{\"@type\":\"EntryPoint\",\"urlTemplate\":\"https:\/\/kunmedierne.dk\/mors\/?s={search_term_string}\"},\"query-input\":{\"@type\":\"PropertyValueSpecification\",\"valueRequired\":true,\"valueName\":\"search_term_string\"}}],\"inLanguage\":\"da-DK\"},{\"@type\":\"Organization\",\"@id\":\"https:\/\/kunmedierne.dk\/mors\/#organization\",\"name\":\"Mors\",\"url\":\"https:\/\/kunmedierne.dk\/mors\/\",\"logo\":{\"@type\":\"ImageObject\",\"inLanguage\":\"da-DK\",\"@id\":\"https:\/\/kunmedierne.dk\/mors\/#\/schema\/logo\/image\/\",\"url\":\"https:\/\/kunmedierne.dk\/mors\/wp-content\/uploads\/2024\/08\/kunmors-logo.svg\",\"contentUrl\":\"https:\/\/kunmedierne.dk\/mors\/wp-content\/uploads\/2024\/08\/kunmors-logo.svg\",\"caption\":\"Mors\"},\"image\":{\"@id\":\"https:\/\/kunmedierne.dk\/mors\/#\/schema\/logo\/image\/\"}},{\"@type\":\"Person\",\"@id\":\"https:\/\/kunmedierne.dk\/mors\/#\/schema\/person\/5fe23251bf1d0abbcdc6f7896579d548\",\"name\":\"David H\u00f8jmark\",\"image\":{\"@type\":\"ImageObject\",\"inLanguage\":\"da-DK\",\"@id\":\"https:\/\/kunmedierne.dk\/mors\/#\/schema\/person\/image\/\",\"url\":\"https:\/\/secure.gravatar.com\/avatar\/4315d6fb9ef244d729989f5f90268eb08d5bf8a3d84402f595fa194bb35784fd?s=96&d=mm&r=g\",\"contentUrl\":\"https:\/\/secure.gravatar.com\/avatar\/4315d6fb9ef244d729989f5f90268eb08d5bf8a3d84402f595fa194bb35784fd?s=96&d=mm&r=g\",\"caption\":\"David H\u00f8jmark\"},\"sameAs\":[\"https:\/\/www.kunmedierne.dk\"],\"url\":\"https:\/\/kunmedierne.dk\/mors\/author\/david\/\"}]}<\/script>\n<!-- \/ Yoast SEO plugin. -->","yoast_head_json":{"title":"Business\u00a0park p\u00e5 Mors tager form - Mors","robots":{"index":"index","follow":"follow","max-snippet":"max-snippet:-1","max-image-preview":"max-image-preview:large","max-video-preview":"max-video-preview:-1"},"canonical":"https:\/\/kunmedierne.dk\/mors\/business-park-paa-mors-tager-form\/","og_locale":"da_DK","og_type":"article","og_title":"Business\u00a0park p\u00e5 Mors tager form - Mors","og_description":"MORS: Planerne er stadig p\u00e5 et meget forberedende stadie, men de begynder at tage form og afstikke en retning for, hvordan man kan komme videre med etablering af en business park p\u00e5 Mors. Mors\u00f8 Erhvervsr\u00e5d har nedsat en arbejdsgruppe, der skal afs\u00f8ge mulighederne og interessen for at skabe et erhvervs-f\u00e6llesskab for virksomheder, og arbejdsgruppen er [&hellip;]","og_url":"https:\/\/kunmedierne.dk\/mors\/business-park-paa-mors-tager-form\/","og_site_name":"Mors","article_published_time":"2023-07-05T06:53:56+00:00","article_modified_time":"2024-08-12T11:17:53+00:00","og_image":[{"width":770,"height":513,"url":"https:\/\/kunmedierne.dk\/mors\/wp-content\/uploads\/2023\/07\/businesspark.png","type":"image\/png"}],"author":"David H\u00f8jmark","twitter_card":"summary_large_image","twitter_misc":{"Skrevet af":"David H\u00f8jmark","Estimeret l\u00e6setid":"2 minutter"},"schema":{"@context":"https:\/\/schema.org","@graph":[{"@type":"Article","@id":"https:\/\/kunmedierne.dk\/mors\/business-park-paa-mors-tager-form\/#article","isPartOf":{"@id":"https:\/\/kunmedierne.dk\/mors\/business-park-paa-mors-tager-form\/"},"author":{"name":"David H\u00f8jmark","@id":"https:\/\/kunmedierne.dk\/mors\/#\/schema\/person\/5fe23251bf1d0abbcdc6f7896579d548"},"headline":"Business\u00a0park p\u00e5 Mors tager form","datePublished":"2023-07-05T06:53:56+00:00","dateModified":"2024-08-12T11:17:53+00:00","mainEntityOfPage":{"@id":"https:\/\/kunmedierne.dk\/mors\/business-park-paa-mors-tager-form\/"},"wordCount":365,"publisher":{"@id":"https:\/\/kunmedierne.dk\/mors\/#organization"},"image":{"@id":"https:\/\/kunmedierne.dk\/mors\/business-park-paa-mors-tager-form\/#primaryimage"},"thumbnailUrl":"https:\/\/kunmedierne.dk\/mors\/wp-content\/uploads\/2023\/07\/businesspark.png","keywords":["Erhverv"],"articleSection":["Lokalt"],"inLanguage":"da-DK"},{"@type":"WebPage","@id":"https:\/\/kunmedierne.dk\/mors\/business-park-paa-mors-tager-form\/","url":"https:\/\/kunmedierne.dk\/mors\/business-park-paa-mors-tager-form\/","name":"Business\u00a0park p\u00e5 Mors tager form - Mors","isPartOf":{"@id":"https:\/\/kunmedierne.dk\/mors\/#website"},"primaryImageOfPage":{"@id":"https:\/\/kunmedierne.dk\/mors\/business-park-paa-mors-tager-form\/#primaryimage"},"image":{"@id":"https:\/\/kunmedierne.dk\/mors\/business-park-paa-mors-tager-form\/#primaryimage"},"thumbnailUrl":"https:\/\/kunmedierne.dk\/mors\/wp-content\/uploads\/2023\/07\/businesspark.png","datePublished":"2023-07-05T06:53:56+00:00","dateModified":"2024-08-12T11:17:53+00:00","breadcrumb":{"@id":"https:\/\/kunmedierne.dk\/mors\/business-park-paa-mors-tager-form\/#breadcrumb"},"inLanguage":"da-DK","potentialAction":[{"@type":"ReadAction","target":["https:\/\/kunmedierne.dk\/mors\/business-park-paa-mors-tager-form\/"]}]},{"@type":"ImageObject","inLanguage":"da-DK","@id":"https:\/\/kunmedierne.dk\/mors\/business-park-paa-mors-tager-form\/#primaryimage","url":"https:\/\/kunmedierne.dk\/mors\/wp-content\/uploads\/2023\/07\/businesspark.png","contentUrl":"https:\/\/kunmedierne.dk\/mors\/wp-content\/uploads\/2023\/07\/businesspark.png","width":770,"height":513,"caption":"Bagerst fra venstre: Susanne Toftegaard Hansen, Torben Eilskov Leth og Klaus Hvidtfeldt. Forrest fra venstre: Anne Bjerre Larsen, Janne Marie Erhardsen og Mathias Boll Overgaard. Mangler p\u00e5 billedet: Niels Markussen, Hanne Friis, Malte Houe."},{"@type":"BreadcrumbList","@id":"https:\/\/kunmedierne.dk\/mors\/business-park-paa-mors-tager-form\/#breadcrumb","itemListElement":[{"@type":"ListItem","position":1,"name":"Hjem","item":"https:\/\/kunmedierne.dk\/mors\/"},{"@type":"ListItem","position":2,"name":"Business\u00a0park p\u00e5 Mors tager form"}]},{"@type":"WebSite","@id":"https:\/\/kunmedierne.dk\/mors\/#website","url":"https:\/\/kunmedierne.dk\/mors\/","name":"Mors","description":"et netmedie med journalistik om livet p\u00e5 Mors","publisher":{"@id":"https:\/\/kunmedierne.dk\/mors\/#organization"},"potentialAction":[{"@type":"SearchAction","target":{"@type":"EntryPoint","urlTemplate":"https:\/\/kunmedierne.dk\/mors\/?s={search_term_string}"},"query-input":{"@type":"PropertyValueSpecification","valueRequired":true,"valueName":"search_term_string"}}],"inLanguage":"da-DK"},{"@type":"Organization","@id":"https:\/\/kunmedierne.dk\/mors\/#organization","name":"Mors","url":"https:\/\/kunmedierne.dk\/mors\/","logo":{"@type":"ImageObject","inLanguage":"da-DK","@id":"https:\/\/kunmedierne.dk\/mors\/#\/schema\/logo\/image\/","url":"https:\/\/kunmedierne.dk\/mors\/wp-content\/uploads\/2024\/08\/kunmors-logo.svg","contentUrl":"https:\/\/kunmedierne.dk\/mors\/wp-content\/uploads\/2024\/08\/kunmors-logo.svg","caption":"Mors"},"image":{"@id":"https:\/\/kunmedierne.dk\/mors\/#\/schema\/logo\/image\/"}},{"@type":"Person","@id":"https:\/\/kunmedierne.dk\/mors\/#\/schema\/person\/5fe23251bf1d0abbcdc6f7896579d548","name":"David H\u00f8jmark","image":{"@type":"ImageObject","inLanguage":"da-DK","@id":"https:\/\/kunmedierne.dk\/mors\/#\/schema\/person\/image\/","url":"https:\/\/secure.gravatar.com\/avatar\/4315d6fb9ef244d729989f5f90268eb08d5bf8a3d84402f595fa194bb35784fd?s=96&d=mm&r=g","contentUrl":"https:\/\/secure.gravatar.com\/avatar\/4315d6fb9ef244d729989f5f90268eb08d5bf8a3d84402f595fa194bb35784fd?s=96&d=mm&r=g","caption":"David H\u00f8jmark"},"sameAs":["https:\/\/www.kunmedierne.dk"],"url":"https:\/\/kunmedierne.dk\/mors\/author\/david\/"}]}},"_links":{"self":[{"href":"https:\/\/kunmedierne.dk\/mors\/wp-json\/wp\/v2\/posts\/97972","targetHints":{"allow":["GET"]}}],"collection":[{"href":"https:\/\/kunmedierne.dk\/mors\/wp-json\/wp\/v2\/posts"}],"about":[{"href":"https:\/\/kunmedierne.dk\/mors\/wp-json\/wp\/v2\/types\/post"}],"author":[{"embeddable":true,"href":"https:\/\/kunmedierne.dk\/mors\/wp-json\/wp\/v2\/users\/8"}],"replies":[{"embeddable":true,"href":"https:\/\/kunmedierne.dk\/mors\/wp-json\/wp\/v2\/comments?post=97972"}],"version-history":[{"count":1,"href":"https:\/\/kunmedierne.dk\/mors\/wp-json\/wp\/v2\/posts\/97972\/revisions"}],"predecessor-version":[{"id":97974,"href":"https:\/\/kunmedierne.dk\/mors\/wp-json\/wp\/v2\/posts\/97972\/revisions\/97974"}],"wp:featuredmedia":[{"embeddable":true,"href":"https:\/\/kunmedierne.dk\/mors\/wp-json\/wp\/v2\/media\/97973"}],"wp:attachment":[{"href":"https:\/\/kunmedierne.dk\/mors\/wp-json\/wp\/v2\/media?parent=97972"}],"wp:term":[{"taxonomy":"category","embeddable":true,"href":"https:\/\/kunmedierne.dk\/mors\/wp-json\/wp\/v2\/categories?post=97972"},{"taxonomy":"post_tag","embeddable":true,"href":"https:\/\/kunmedierne.dk\/mors\/wp-json\/wp\/v2\/tags?post=97972"}],"curies":[{"name":"wp","href":"https:\/\/api.w.org\/{rel}","templated":true}]}}