{"id":97714,"date":"2023-06-30T13:12:46","date_gmt":"2023-06-30T11:12:46","guid":{"rendered":"https:\/\/kunmedierne.dk\/mors\/?p=97714"},"modified":"2024-08-12T13:17:54","modified_gmt":"2024-08-12T11:17:54","slug":"nye-ambulancebehandlere-hos-premed","status":"publish","type":"post","link":"https:\/\/kunmedierne.dk\/mors\/nye-ambulancebehandlere-hos-premed\/","title":{"rendered":"Nye ambulancebehandlere hos PreMed"},"content":{"rendered":"<p><strong>MORS<\/strong>: Den 27. og 28. juni var nogle ganske s\u00e6rlige dage p\u00e5 Rybners i Esbjerg. Der var svendepr\u00f8ver for ambulancebehandlereleverne p\u00e5 hold AB03, og blandt eleverne var Kristina fra PreMed i Thisted og S\u00f8ren fra PreMed i Nyk\u00f8bing Mors.<\/p>\n<p>B\u00e5de Kristina og S\u00f8ren var ellers noget i tvivl om, hvilken karrierevej de skulle v\u00e6lge efter endt skolegang, og begge s\u00f8gte derfor ind i milit\u00e6ret. Kristina blev v\u00e6rnepligtig i Ingeni\u00f8rregimentet i Skive, mens S\u00f8ren var v\u00e6rnepligtig i Livgarden og senere konstabel i Aalborg.<\/p>\n<a class=\"dvrt-link\" onClick=\"cdmtrack_click(104783,jQuery(this));return false\" href=\"https:\/\/konpap.dk\/\"><img decoding=\"async\" style=\"width:100%;\" src=\"https:\/\/kunmedierne.dk\/mors\/wp-content\/uploads\/2023\/10\/Kun-Mors-banner.jpg\"><\/a><script>cdmtrack_view(104783);<\/script>\n<p>For den nu 27-\u00e5rige S\u00f8ren blev erfaringerne med f\u00f8rstehj\u00e6lp i Forsvaret startskuddet til en karriere som ambulancebehandler:<\/p>\n<p>&#8211; Jeg syntes, det var sp\u00e6ndende, og var s\u00e5 heldig at f\u00e5 en elevplads som ambulancebehandler. Det har jeg ikke et \u00f8jeblik fortrudt. Ikke to vagter er ens, og det passer mig fint, siger S\u00f8ren.<\/p>\n<p>Han tilf\u00f8jer, at det gode og t\u00e6tte sammenhold med kollegerne hos PreMed er medvirkende til at g\u00f8re selv de mest tr\u00e6lse ture l\u00e6rerige.<\/p>\n<a class=\"dvrt-link\" onClick=\"cdmtrack_click(104785,jQuery(this));return false\" href=\"https:\/\/www.facebook.com\/lyndrups\"><img decoding=\"async\" style=\"width:100%;\" src=\"https:\/\/kunmedierne.dk\/mors\/wp-content\/uploads\/2022\/02\/vip-lyndrups-rengoering.jpg\"><\/a><script>cdmtrack_view(104785);<\/script>\n<p>Efter Ingeni\u00f8rregimentet arbejdede den nu 25-\u00e5rige Kristina i hjemmeplejen en periode, men det var syv m\u00e5neder p\u00e5 Aalborg Sportsh\u00f8jskole p\u00e5 en &#8220;Job i uniform-linje&#8221;, der overbeviste hende om at s\u00f8ge elevplads som ambulancebehandler:<\/p>\n<p>&#8211; Det bedste ved jobbet er den varierede hverdag og den familie, man har omkring sig p\u00e5 sit arbejde. Vi er meget mere end kolleger og ses ogs\u00e5 privat, siger Kristina og understreger, at det er meget tilfredsstillende for hende at komme andre til hj\u00e6lp. Uanset om de har brug for at holde i h\u00e5nd eller livreddende assistance.<\/p>\n","protected":false},"excerpt":{"rendered":"<p>MORS: Den 27. og 28. juni var nogle ganske s\u00e6rlige dage p\u00e5 Rybners i Esbjerg. Der var svendepr\u00f8ver for ambulancebehandlereleverne p\u00e5 hold AB03, og blandt eleverne var Kristina fra PreMed i Thisted og S\u00f8ren fra PreMed i Nyk\u00f8bing Mors. B\u00e5de Kristina og S\u00f8ren var ellers noget i tvivl om, hvilken karrierevej de skulle v\u00e6lge efter [&hellip;]<\/p>\n","protected":false},"author":747,"featured_media":97716,"comment_status":"closed","ping_status":"open","sticky":false,"template":"","format":"standard","meta":{"_acf_changed":false,"footnotes":""},"categories":[54,51,52],"tags":[159],"class_list":["post-97714","post","type-post","status-publish","format-standard","has-post-thumbnail","hentry","category-54","category-lokalt","category-navne","tag-erhverv"],"acf":[],"yoast_head":"<!-- This site is optimized with the Yoast SEO plugin v26.8 - https:\/\/yoast.com\/product\/yoast-seo-wordpress\/ -->\n<title>Nye ambulancebehandlere hos PreMed - Mors<\/title>\n<meta name=\"robots\" content=\"index, follow, max-snippet:-1, max-image-preview:large, max-video-preview:-1\" \/>\n<link rel=\"canonical\" href=\"https:\/\/kunmedierne.dk\/mors\/nye-ambulancebehandlere-hos-premed\/\" \/>\n<meta property=\"og:locale\" content=\"da_DK\" \/>\n<meta property=\"og:type\" content=\"article\" \/>\n<meta property=\"og:title\" content=\"Nye ambulancebehandlere hos PreMed - Mors\" \/>\n<meta property=\"og:description\" content=\"MORS: Den 27. og 28. juni var nogle ganske s\u00e6rlige dage p\u00e5 Rybners i Esbjerg. Der var svendepr\u00f8ver for ambulancebehandlereleverne p\u00e5 hold AB03, og blandt eleverne var Kristina fra PreMed i Thisted og S\u00f8ren fra PreMed i Nyk\u00f8bing Mors. B\u00e5de Kristina og S\u00f8ren var ellers noget i tvivl om, hvilken karrierevej de skulle v\u00e6lge efter [&hellip;]\" \/>\n<meta property=\"og:url\" content=\"https:\/\/kunmedierne.dk\/mors\/nye-ambulancebehandlere-hos-premed\/\" \/>\n<meta property=\"og:site_name\" content=\"Mors\" \/>\n<meta property=\"article:published_time\" content=\"2023-06-30T11:12:46+00:00\" \/>\n<meta property=\"article:modified_time\" content=\"2024-08-12T11:17:54+00:00\" \/>\n<meta property=\"og:image\" content=\"https:\/\/kunmedierne.dk\/mors\/wp-content\/uploads\/2023\/06\/premed.jpg\" \/>\n\t<meta property=\"og:image:width\" content=\"770\" \/>\n\t<meta property=\"og:image:height\" content=\"513\" \/>\n\t<meta property=\"og:image:type\" content=\"image\/jpeg\" \/>\n<meta name=\"author\" content=\"Redaktion\" \/>\n<meta name=\"twitter:card\" content=\"summary_large_image\" \/>\n<meta name=\"twitter:label1\" content=\"Skrevet af\" \/>\n\t<meta name=\"twitter:data1\" content=\"Redaktion\" \/>\n\t<meta name=\"twitter:label2\" content=\"Estimeret l\u00e6setid\" \/>\n\t<meta name=\"twitter:data2\" content=\"2 minutter\" \/>\n<script type=\"application\/ld+json\" class=\"yoast-schema-graph\">{\"@context\":\"https:\/\/schema.org\",\"@graph\":[{\"@type\":\"Article\",\"@id\":\"https:\/\/kunmedierne.dk\/mors\/nye-ambulancebehandlere-hos-premed\/#article\",\"isPartOf\":{\"@id\":\"https:\/\/kunmedierne.dk\/mors\/nye-ambulancebehandlere-hos-premed\/\"},\"author\":{\"name\":\"Redaktion\",\"@id\":\"https:\/\/kunmedierne.dk\/mors\/#\/schema\/person\/23238f24c03ec888fff51102de5a585f\"},\"headline\":\"Nye ambulancebehandlere hos PreMed\",\"datePublished\":\"2023-06-30T11:12:46+00:00\",\"dateModified\":\"2024-08-12T11:17:54+00:00\",\"mainEntityOfPage\":{\"@id\":\"https:\/\/kunmedierne.dk\/mors\/nye-ambulancebehandlere-hos-premed\/\"},\"wordCount\":285,\"publisher\":{\"@id\":\"https:\/\/kunmedierne.dk\/mors\/#organization\"},\"image\":{\"@id\":\"https:\/\/kunmedierne.dk\/mors\/nye-ambulancebehandlere-hos-premed\/#primaryimage\"},\"thumbnailUrl\":\"https:\/\/kunmedierne.dk\/mors\/wp-content\/uploads\/2023\/06\/premed.jpg\",\"keywords\":[\"Erhverv\"],\"articleSection\":[\"112\",\"Lokalt\",\"Navne\"],\"inLanguage\":\"da-DK\"},{\"@type\":\"WebPage\",\"@id\":\"https:\/\/kunmedierne.dk\/mors\/nye-ambulancebehandlere-hos-premed\/\",\"url\":\"https:\/\/kunmedierne.dk\/mors\/nye-ambulancebehandlere-hos-premed\/\",\"name\":\"Nye ambulancebehandlere hos PreMed - Mors\",\"isPartOf\":{\"@id\":\"https:\/\/kunmedierne.dk\/mors\/#website\"},\"primaryImageOfPage\":{\"@id\":\"https:\/\/kunmedierne.dk\/mors\/nye-ambulancebehandlere-hos-premed\/#primaryimage\"},\"image\":{\"@id\":\"https:\/\/kunmedierne.dk\/mors\/nye-ambulancebehandlere-hos-premed\/#primaryimage\"},\"thumbnailUrl\":\"https:\/\/kunmedierne.dk\/mors\/wp-content\/uploads\/2023\/06\/premed.jpg\",\"datePublished\":\"2023-06-30T11:12:46+00:00\",\"dateModified\":\"2024-08-12T11:17:54+00:00\",\"breadcrumb\":{\"@id\":\"https:\/\/kunmedierne.dk\/mors\/nye-ambulancebehandlere-hos-premed\/#breadcrumb\"},\"inLanguage\":\"da-DK\",\"potentialAction\":[{\"@type\":\"ReadAction\",\"target\":[\"https:\/\/kunmedierne.dk\/mors\/nye-ambulancebehandlere-hos-premed\/\"]}]},{\"@type\":\"ImageObject\",\"inLanguage\":\"da-DK\",\"@id\":\"https:\/\/kunmedierne.dk\/mors\/nye-ambulancebehandlere-hos-premed\/#primaryimage\",\"url\":\"https:\/\/kunmedierne.dk\/mors\/wp-content\/uploads\/2023\/06\/premed.jpg\",\"contentUrl\":\"https:\/\/kunmedierne.dk\/mors\/wp-content\/uploads\/2023\/06\/premed.jpg\",\"width\":770,\"height\":513},{\"@type\":\"BreadcrumbList\",\"@id\":\"https:\/\/kunmedierne.dk\/mors\/nye-ambulancebehandlere-hos-premed\/#breadcrumb\",\"itemListElement\":[{\"@type\":\"ListItem\",\"position\":1,\"name\":\"Hjem\",\"item\":\"https:\/\/kunmedierne.dk\/mors\/\"},{\"@type\":\"ListItem\",\"position\":2,\"name\":\"Nye ambulancebehandlere hos PreMed\"}]},{\"@type\":\"WebSite\",\"@id\":\"https:\/\/kunmedierne.dk\/mors\/#website\",\"url\":\"https:\/\/kunmedierne.dk\/mors\/\",\"name\":\"Mors\",\"description\":\"et netmedie med journalistik om livet p\u00e5 Mors\",\"publisher\":{\"@id\":\"https:\/\/kunmedierne.dk\/mors\/#organization\"},\"potentialAction\":[{\"@type\":\"SearchAction\",\"target\":{\"@type\":\"EntryPoint\",\"urlTemplate\":\"https:\/\/kunmedierne.dk\/mors\/?s={search_term_string}\"},\"query-input\":{\"@type\":\"PropertyValueSpecification\",\"valueRequired\":true,\"valueName\":\"search_term_string\"}}],\"inLanguage\":\"da-DK\"},{\"@type\":\"Organization\",\"@id\":\"https:\/\/kunmedierne.dk\/mors\/#organization\",\"name\":\"Mors\",\"url\":\"https:\/\/kunmedierne.dk\/mors\/\",\"logo\":{\"@type\":\"ImageObject\",\"inLanguage\":\"da-DK\",\"@id\":\"https:\/\/kunmedierne.dk\/mors\/#\/schema\/logo\/image\/\",\"url\":\"https:\/\/kunmedierne.dk\/mors\/wp-content\/uploads\/2024\/08\/kunmors-logo.svg\",\"contentUrl\":\"https:\/\/kunmedierne.dk\/mors\/wp-content\/uploads\/2024\/08\/kunmors-logo.svg\",\"caption\":\"Mors\"},\"image\":{\"@id\":\"https:\/\/kunmedierne.dk\/mors\/#\/schema\/logo\/image\/\"}},{\"@type\":\"Person\",\"@id\":\"https:\/\/kunmedierne.dk\/mors\/#\/schema\/person\/23238f24c03ec888fff51102de5a585f\",\"name\":\"Redaktion\",\"image\":{\"@type\":\"ImageObject\",\"inLanguage\":\"da-DK\",\"@id\":\"https:\/\/kunmedierne.dk\/mors\/#\/schema\/person\/image\/\",\"url\":\"https:\/\/secure.gravatar.com\/avatar\/690249c43fd60787b97b93384a212aafd43f4087384fe866ff6bcd15574fdf55?s=96&d=mm&r=g\",\"contentUrl\":\"https:\/\/secure.gravatar.com\/avatar\/690249c43fd60787b97b93384a212aafd43f4087384fe866ff6bcd15574fdf55?s=96&d=mm&r=g\",\"caption\":\"Redaktion\"},\"url\":\"https:\/\/kunmedierne.dk\/mors\/author\/redaktion\/\"}]}<\/script>\n<!-- \/ Yoast SEO plugin. -->","yoast_head_json":{"title":"Nye ambulancebehandlere hos PreMed - Mors","robots":{"index":"index","follow":"follow","max-snippet":"max-snippet:-1","max-image-preview":"max-image-preview:large","max-video-preview":"max-video-preview:-1"},"canonical":"https:\/\/kunmedierne.dk\/mors\/nye-ambulancebehandlere-hos-premed\/","og_locale":"da_DK","og_type":"article","og_title":"Nye ambulancebehandlere hos PreMed - Mors","og_description":"MORS: Den 27. og 28. juni var nogle ganske s\u00e6rlige dage p\u00e5 Rybners i Esbjerg. Der var svendepr\u00f8ver for ambulancebehandlereleverne p\u00e5 hold AB03, og blandt eleverne var Kristina fra PreMed i Thisted og S\u00f8ren fra PreMed i Nyk\u00f8bing Mors. B\u00e5de Kristina og S\u00f8ren var ellers noget i tvivl om, hvilken karrierevej de skulle v\u00e6lge efter [&hellip;]","og_url":"https:\/\/kunmedierne.dk\/mors\/nye-ambulancebehandlere-hos-premed\/","og_site_name":"Mors","article_published_time":"2023-06-30T11:12:46+00:00","article_modified_time":"2024-08-12T11:17:54+00:00","og_image":[{"width":770,"height":513,"url":"https:\/\/kunmedierne.dk\/mors\/wp-content\/uploads\/2023\/06\/premed.jpg","type":"image\/jpeg"}],"author":"Redaktion","twitter_card":"summary_large_image","twitter_misc":{"Skrevet af":"Redaktion","Estimeret l\u00e6setid":"2 minutter"},"schema":{"@context":"https:\/\/schema.org","@graph":[{"@type":"Article","@id":"https:\/\/kunmedierne.dk\/mors\/nye-ambulancebehandlere-hos-premed\/#article","isPartOf":{"@id":"https:\/\/kunmedierne.dk\/mors\/nye-ambulancebehandlere-hos-premed\/"},"author":{"name":"Redaktion","@id":"https:\/\/kunmedierne.dk\/mors\/#\/schema\/person\/23238f24c03ec888fff51102de5a585f"},"headline":"Nye ambulancebehandlere hos PreMed","datePublished":"2023-06-30T11:12:46+00:00","dateModified":"2024-08-12T11:17:54+00:00","mainEntityOfPage":{"@id":"https:\/\/kunmedierne.dk\/mors\/nye-ambulancebehandlere-hos-premed\/"},"wordCount":285,"publisher":{"@id":"https:\/\/kunmedierne.dk\/mors\/#organization"},"image":{"@id":"https:\/\/kunmedierne.dk\/mors\/nye-ambulancebehandlere-hos-premed\/#primaryimage"},"thumbnailUrl":"https:\/\/kunmedierne.dk\/mors\/wp-content\/uploads\/2023\/06\/premed.jpg","keywords":["Erhverv"],"articleSection":["112","Lokalt","Navne"],"inLanguage":"da-DK"},{"@type":"WebPage","@id":"https:\/\/kunmedierne.dk\/mors\/nye-ambulancebehandlere-hos-premed\/","url":"https:\/\/kunmedierne.dk\/mors\/nye-ambulancebehandlere-hos-premed\/","name":"Nye ambulancebehandlere hos PreMed - Mors","isPartOf":{"@id":"https:\/\/kunmedierne.dk\/mors\/#website"},"primaryImageOfPage":{"@id":"https:\/\/kunmedierne.dk\/mors\/nye-ambulancebehandlere-hos-premed\/#primaryimage"},"image":{"@id":"https:\/\/kunmedierne.dk\/mors\/nye-ambulancebehandlere-hos-premed\/#primaryimage"},"thumbnailUrl":"https:\/\/kunmedierne.dk\/mors\/wp-content\/uploads\/2023\/06\/premed.jpg","datePublished":"2023-06-30T11:12:46+00:00","dateModified":"2024-08-12T11:17:54+00:00","breadcrumb":{"@id":"https:\/\/kunmedierne.dk\/mors\/nye-ambulancebehandlere-hos-premed\/#breadcrumb"},"inLanguage":"da-DK","potentialAction":[{"@type":"ReadAction","target":["https:\/\/kunmedierne.dk\/mors\/nye-ambulancebehandlere-hos-premed\/"]}]},{"@type":"ImageObject","inLanguage":"da-DK","@id":"https:\/\/kunmedierne.dk\/mors\/nye-ambulancebehandlere-hos-premed\/#primaryimage","url":"https:\/\/kunmedierne.dk\/mors\/wp-content\/uploads\/2023\/06\/premed.jpg","contentUrl":"https:\/\/kunmedierne.dk\/mors\/wp-content\/uploads\/2023\/06\/premed.jpg","width":770,"height":513},{"@type":"BreadcrumbList","@id":"https:\/\/kunmedierne.dk\/mors\/nye-ambulancebehandlere-hos-premed\/#breadcrumb","itemListElement":[{"@type":"ListItem","position":1,"name":"Hjem","item":"https:\/\/kunmedierne.dk\/mors\/"},{"@type":"ListItem","position":2,"name":"Nye ambulancebehandlere hos PreMed"}]},{"@type":"WebSite","@id":"https:\/\/kunmedierne.dk\/mors\/#website","url":"https:\/\/kunmedierne.dk\/mors\/","name":"Mors","description":"et netmedie med journalistik om livet p\u00e5 Mors","publisher":{"@id":"https:\/\/kunmedierne.dk\/mors\/#organization"},"potentialAction":[{"@type":"SearchAction","target":{"@type":"EntryPoint","urlTemplate":"https:\/\/kunmedierne.dk\/mors\/?s={search_term_string}"},"query-input":{"@type":"PropertyValueSpecification","valueRequired":true,"valueName":"search_term_string"}}],"inLanguage":"da-DK"},{"@type":"Organization","@id":"https:\/\/kunmedierne.dk\/mors\/#organization","name":"Mors","url":"https:\/\/kunmedierne.dk\/mors\/","logo":{"@type":"ImageObject","inLanguage":"da-DK","@id":"https:\/\/kunmedierne.dk\/mors\/#\/schema\/logo\/image\/","url":"https:\/\/kunmedierne.dk\/mors\/wp-content\/uploads\/2024\/08\/kunmors-logo.svg","contentUrl":"https:\/\/kunmedierne.dk\/mors\/wp-content\/uploads\/2024\/08\/kunmors-logo.svg","caption":"Mors"},"image":{"@id":"https:\/\/kunmedierne.dk\/mors\/#\/schema\/logo\/image\/"}},{"@type":"Person","@id":"https:\/\/kunmedierne.dk\/mors\/#\/schema\/person\/23238f24c03ec888fff51102de5a585f","name":"Redaktion","image":{"@type":"ImageObject","inLanguage":"da-DK","@id":"https:\/\/kunmedierne.dk\/mors\/#\/schema\/person\/image\/","url":"https:\/\/secure.gravatar.com\/avatar\/690249c43fd60787b97b93384a212aafd43f4087384fe866ff6bcd15574fdf55?s=96&d=mm&r=g","contentUrl":"https:\/\/secure.gravatar.com\/avatar\/690249c43fd60787b97b93384a212aafd43f4087384fe866ff6bcd15574fdf55?s=96&d=mm&r=g","caption":"Redaktion"},"url":"https:\/\/kunmedierne.dk\/mors\/author\/redaktion\/"}]}},"_links":{"self":[{"href":"https:\/\/kunmedierne.dk\/mors\/wp-json\/wp\/v2\/posts\/97714","targetHints":{"allow":["GET"]}}],"collection":[{"href":"https:\/\/kunmedierne.dk\/mors\/wp-json\/wp\/v2\/posts"}],"about":[{"href":"https:\/\/kunmedierne.dk\/mors\/wp-json\/wp\/v2\/types\/post"}],"author":[{"embeddable":true,"href":"https:\/\/kunmedierne.dk\/mors\/wp-json\/wp\/v2\/users\/747"}],"replies":[{"embeddable":true,"href":"https:\/\/kunmedierne.dk\/mors\/wp-json\/wp\/v2\/comments?post=97714"}],"version-history":[{"count":1,"href":"https:\/\/kunmedierne.dk\/mors\/wp-json\/wp\/v2\/posts\/97714\/revisions"}],"predecessor-version":[{"id":97717,"href":"https:\/\/kunmedierne.dk\/mors\/wp-json\/wp\/v2\/posts\/97714\/revisions\/97717"}],"wp:featuredmedia":[{"embeddable":true,"href":"https:\/\/kunmedierne.dk\/mors\/wp-json\/wp\/v2\/media\/97716"}],"wp:attachment":[{"href":"https:\/\/kunmedierne.dk\/mors\/wp-json\/wp\/v2\/media?parent=97714"}],"wp:term":[{"taxonomy":"category","embeddable":true,"href":"https:\/\/kunmedierne.dk\/mors\/wp-json\/wp\/v2\/categories?post=97714"},{"taxonomy":"post_tag","embeddable":true,"href":"https:\/\/kunmedierne.dk\/mors\/wp-json\/wp\/v2\/tags?post=97714"}],"curies":[{"name":"wp","href":"https:\/\/api.w.org\/{rel}","templated":true}]}}