{"id":97572,"date":"2023-06-27T15:15:41","date_gmt":"2023-06-27T13:15:41","guid":{"rendered":"https:\/\/kunmedierne.dk\/mors\/?p=97572"},"modified":"2024-08-12T13:17:55","modified_gmt":"2024-08-12T11:17:55","slug":"ekspert-vejret-i-den-kommende-tid-skal-redde-hoesten-paa-mors","status":"publish","type":"post","link":"https:\/\/kunmedierne.dk\/mors\/ekspert-vejret-i-den-kommende-tid-skal-redde-hoesten-paa-mors\/","title":{"rendered":"Ekspert: Vejret i den kommende tid skal redde h\u00f8sten p\u00e5 Mors"},"content":{"rendered":"<p><strong>MORS<\/strong>: Netop som skolernes sommerferie begyndte, slog det flotte, varme sommervejr om. V\u00e6k er de h\u00f8je temperaturer, men intet vejr er s\u00e5 skidt, at det ikke er godt for nogen.<\/p>\n<p>Mandagens regnvejr var tiltr\u00e6ngt for landbruget p\u00e5 Mors, men det er i h\u00f8jere grad vejret i den kommende tid, der skal sikre, at h\u00f8sten g\u00e5r fra slem til nogenlunde.<\/p>\n<p>&#8211; Der er stor forskel p\u00e5 m\u00e6ngden af vand, der faldt p\u00e5 Mors, men i gennesnit faldt der 15 millimeter, forklarer Sven Erik Pinstrup, der er plantekonsulent hos Fjordland i Skive.<\/p>\n<a class=\"dvrt-link\" onClick=\"cdmtrack_click(104778,jQuery(this));return false\" href=\"https:\/\/vester-begr.dk\/?gclid=CjwKCAjw5Kv7BRBSEiwAXGDElQB6WMfm9CgYVrruty-I1gaOkTkC3mlA4QRDtYNsxYgVC8sNzAJ7WhoCmBsQAvD_BwE\"><img decoding=\"async\" style=\"width:100%;\" src=\"https:\/\/kunmedierne.dk\/mors\/wp-content\/uploads\/2023\/10\/260203VesterHoukaer-02022026.jpg\"><\/a><script>cdmtrack_view(104778);<\/script>\n<p>Regnvejret kom dog for hurtigt og for h\u00e5rdt. P\u00e5 en bakket \u00f8 som Mors betyder det, at vandet l\u00f8b fra de h\u00f8je omr\u00e5der og er endt i de lave omr\u00e5der. Derfor er det den kommende tids ustadige vejr, der skal redde den lokale h\u00f8st.<\/p>\n<p>&#8211; Det v\u00e6sentlige er, at vi overhovedet fik regnvejr, for det betyder, at h\u00f8jtrykket, der l\u00e5 over os, endelig er v\u00e6k. Nu kan vi se ind i en periode med mere ustadigt vejr, forklarer han.<\/p>\n<p>If\u00f8lge de forskellige vejrtjenester ser det ud til, at regnvejret vender tilbage b\u00e5de torsdag og l\u00f8rdag. Her er dr\u00f8mmescenariet, at regnen vil falde over en l\u00e6ngere periode, s\u00e5 jorden bedre kan tage imod og holde p\u00e5 vandet.<\/p>\n<p>Det betyder dog ikke, at landbruget kan \u00e5nde lettet op. Alt i alt minder vejret om det, vi s\u00e5 tilbage i 2018, hvor dansk landbrug endte med et samlet tab p\u00e5 seks milliarder kroner. Resultatet af den endelige h\u00f8st kan man dog ikke sige noget om endnu.<\/p>\n<a class=\"dvrt-link\" onClick=\"cdmtrack_click(169437,jQuery(this));return false\" href=\"https:\/\/thymors.dk\/sponsorater\/15-til-faellesskabet?utm_source=kunmors&amp;utm_medium=annonce&amp;utm_campaign=sponsorater\"><img decoding=\"async\" style=\"width:100%;\" src=\"https:\/\/kunmedierne.dk\/mors\/wp-content\/uploads\/2026\/03\/260407ThyMors-energi_faellesskab_generel-1.jpg\"><\/a><script>cdmtrack_view(169437);<\/script>\n<p>&#8211; Det er alt for tidligt at sige noget om endnu, for der kan jo ske meget. Jeg vil faktisk sammenligne det med Tour de France. Her kan man heller ikke sige noget om, hvordan l\u00f8bet vil udvikle sig f\u00f8r til sidst, siger Sven Erik Pinstrup.<\/p>\n<p>Noget han godt kan sp\u00e5 om er, at markerne p\u00e5 Mors vil blive h\u00f8stet allerede i begyndelsen af august, hvilket er to uger tidligere end normalt. De mange solskinstimer har modnet kornet hurtigere i \u00e5r.<\/p>\n<p>&#8211; Positivt for Mors er dog, at de afgr\u00f8der, der dyrkes p\u00e5 \u00f8en er optimale set i forhold til klimaet generelt. Og s\u00e5 kan s\u00e6sonen for dyrefoder (majs og gr\u00e6s) stadig n\u00e5 at blive god, da den f\u00f8rst h\u00f8stes hen i oktober, forklarer han.<\/p>\n","protected":false},"excerpt":{"rendered":"<p>MORS: Netop som skolernes sommerferie begyndte, slog det flotte, varme sommervejr om. V\u00e6k er de h\u00f8je temperaturer, men intet vejr er s\u00e5 skidt, at det ikke er godt for nogen. Mandagens regnvejr var tiltr\u00e6ngt for landbruget p\u00e5 Mors, men det er i h\u00f8jere grad vejret i den kommende tid, der skal sikre, at h\u00f8sten g\u00e5r [&hellip;]<\/p>\n","protected":false},"author":3022,"featured_media":83006,"comment_status":"closed","ping_status":"open","sticky":false,"template":"","format":"standard","meta":{"_acf_changed":false,"footnotes":""},"categories":[51],"tags":[159],"class_list":["post-97572","post","type-post","status-publish","format-standard","has-post-thumbnail","hentry","category-lokalt","tag-erhverv"],"acf":[],"yoast_head":"<!-- This site is optimized with the Yoast SEO plugin v26.8 - https:\/\/yoast.com\/product\/yoast-seo-wordpress\/ -->\n<title>Ekspert: Vejret i den kommende tid skal redde h\u00f8sten p\u00e5 Mors - Mors<\/title>\n<meta name=\"robots\" content=\"index, follow, max-snippet:-1, max-image-preview:large, max-video-preview:-1\" \/>\n<link rel=\"canonical\" href=\"https:\/\/kunmedierne.dk\/mors\/ekspert-vejret-i-den-kommende-tid-skal-redde-hoesten-paa-mors\/\" \/>\n<meta property=\"og:locale\" content=\"da_DK\" \/>\n<meta property=\"og:type\" content=\"article\" \/>\n<meta property=\"og:title\" content=\"Ekspert: Vejret i den kommende tid skal redde h\u00f8sten p\u00e5 Mors - Mors\" \/>\n<meta property=\"og:description\" content=\"MORS: Netop som skolernes sommerferie begyndte, slog det flotte, varme sommervejr om. V\u00e6k er de h\u00f8je temperaturer, men intet vejr er s\u00e5 skidt, at det ikke er godt for nogen. Mandagens regnvejr var tiltr\u00e6ngt for landbruget p\u00e5 Mors, men det er i h\u00f8jere grad vejret i den kommende tid, der skal sikre, at h\u00f8sten g\u00e5r [&hellip;]\" \/>\n<meta property=\"og:url\" content=\"https:\/\/kunmedierne.dk\/mors\/ekspert-vejret-i-den-kommende-tid-skal-redde-hoesten-paa-mors\/\" \/>\n<meta property=\"og:site_name\" content=\"Mors\" \/>\n<meta property=\"article:published_time\" content=\"2023-06-27T13:15:41+00:00\" \/>\n<meta property=\"article:modified_time\" content=\"2024-08-12T11:17:55+00:00\" \/>\n<meta property=\"og:image\" content=\"https:\/\/kunmedierne.dk\/mors\/wp-content\/uploads\/2022\/11\/mark.jpg\" \/>\n\t<meta property=\"og:image:width\" content=\"770\" \/>\n\t<meta property=\"og:image:height\" content=\"513\" \/>\n\t<meta property=\"og:image:type\" content=\"image\/jpeg\" \/>\n<meta name=\"author\" content=\"Morten Larsen\" \/>\n<meta name=\"twitter:card\" content=\"summary_large_image\" \/>\n<meta name=\"twitter:label1\" content=\"Skrevet af\" \/>\n\t<meta name=\"twitter:data1\" content=\"Morten Larsen\" \/>\n\t<meta name=\"twitter:label2\" content=\"Estimeret l\u00e6setid\" \/>\n\t<meta name=\"twitter:data2\" content=\"3 minutter\" \/>\n<script type=\"application\/ld+json\" class=\"yoast-schema-graph\">{\"@context\":\"https:\/\/schema.org\",\"@graph\":[{\"@type\":\"Article\",\"@id\":\"https:\/\/kunmedierne.dk\/mors\/ekspert-vejret-i-den-kommende-tid-skal-redde-hoesten-paa-mors\/#article\",\"isPartOf\":{\"@id\":\"https:\/\/kunmedierne.dk\/mors\/ekspert-vejret-i-den-kommende-tid-skal-redde-hoesten-paa-mors\/\"},\"author\":{\"name\":\"Morten Larsen\",\"@id\":\"https:\/\/kunmedierne.dk\/mors\/#\/schema\/person\/f6eff11a718a237c68b9fb836c2c0d63\"},\"headline\":\"Ekspert: Vejret i den kommende tid skal redde h\u00f8sten p\u00e5 Mors\",\"datePublished\":\"2023-06-27T13:15:41+00:00\",\"dateModified\":\"2024-08-12T11:17:55+00:00\",\"mainEntityOfPage\":{\"@id\":\"https:\/\/kunmedierne.dk\/mors\/ekspert-vejret-i-den-kommende-tid-skal-redde-hoesten-paa-mors\/\"},\"wordCount\":421,\"publisher\":{\"@id\":\"https:\/\/kunmedierne.dk\/mors\/#organization\"},\"image\":{\"@id\":\"https:\/\/kunmedierne.dk\/mors\/ekspert-vejret-i-den-kommende-tid-skal-redde-hoesten-paa-mors\/#primaryimage\"},\"thumbnailUrl\":\"https:\/\/kunmedierne.dk\/mors\/wp-content\/uploads\/2022\/11\/mark.jpg\",\"keywords\":[\"Erhverv\"],\"articleSection\":[\"Lokalt\"],\"inLanguage\":\"da-DK\"},{\"@type\":\"WebPage\",\"@id\":\"https:\/\/kunmedierne.dk\/mors\/ekspert-vejret-i-den-kommende-tid-skal-redde-hoesten-paa-mors\/\",\"url\":\"https:\/\/kunmedierne.dk\/mors\/ekspert-vejret-i-den-kommende-tid-skal-redde-hoesten-paa-mors\/\",\"name\":\"Ekspert: Vejret i den kommende tid skal redde h\u00f8sten p\u00e5 Mors - Mors\",\"isPartOf\":{\"@id\":\"https:\/\/kunmedierne.dk\/mors\/#website\"},\"primaryImageOfPage\":{\"@id\":\"https:\/\/kunmedierne.dk\/mors\/ekspert-vejret-i-den-kommende-tid-skal-redde-hoesten-paa-mors\/#primaryimage\"},\"image\":{\"@id\":\"https:\/\/kunmedierne.dk\/mors\/ekspert-vejret-i-den-kommende-tid-skal-redde-hoesten-paa-mors\/#primaryimage\"},\"thumbnailUrl\":\"https:\/\/kunmedierne.dk\/mors\/wp-content\/uploads\/2022\/11\/mark.jpg\",\"datePublished\":\"2023-06-27T13:15:41+00:00\",\"dateModified\":\"2024-08-12T11:17:55+00:00\",\"breadcrumb\":{\"@id\":\"https:\/\/kunmedierne.dk\/mors\/ekspert-vejret-i-den-kommende-tid-skal-redde-hoesten-paa-mors\/#breadcrumb\"},\"inLanguage\":\"da-DK\",\"potentialAction\":[{\"@type\":\"ReadAction\",\"target\":[\"https:\/\/kunmedierne.dk\/mors\/ekspert-vejret-i-den-kommende-tid-skal-redde-hoesten-paa-mors\/\"]}]},{\"@type\":\"ImageObject\",\"inLanguage\":\"da-DK\",\"@id\":\"https:\/\/kunmedierne.dk\/mors\/ekspert-vejret-i-den-kommende-tid-skal-redde-hoesten-paa-mors\/#primaryimage\",\"url\":\"https:\/\/kunmedierne.dk\/mors\/wp-content\/uploads\/2022\/11\/mark.jpg\",\"contentUrl\":\"https:\/\/kunmedierne.dk\/mors\/wp-content\/uploads\/2022\/11\/mark.jpg\",\"width\":770,\"height\":513,\"caption\":\"Modelfoto: Eugene\/Unsplash\"},{\"@type\":\"BreadcrumbList\",\"@id\":\"https:\/\/kunmedierne.dk\/mors\/ekspert-vejret-i-den-kommende-tid-skal-redde-hoesten-paa-mors\/#breadcrumb\",\"itemListElement\":[{\"@type\":\"ListItem\",\"position\":1,\"name\":\"Hjem\",\"item\":\"https:\/\/kunmedierne.dk\/mors\/\"},{\"@type\":\"ListItem\",\"position\":2,\"name\":\"Ekspert: Vejret i den kommende tid skal redde h\u00f8sten p\u00e5 Mors\"}]},{\"@type\":\"WebSite\",\"@id\":\"https:\/\/kunmedierne.dk\/mors\/#website\",\"url\":\"https:\/\/kunmedierne.dk\/mors\/\",\"name\":\"Mors\",\"description\":\"et netmedie med journalistik om livet p\u00e5 Mors\",\"publisher\":{\"@id\":\"https:\/\/kunmedierne.dk\/mors\/#organization\"},\"potentialAction\":[{\"@type\":\"SearchAction\",\"target\":{\"@type\":\"EntryPoint\",\"urlTemplate\":\"https:\/\/kunmedierne.dk\/mors\/?s={search_term_string}\"},\"query-input\":{\"@type\":\"PropertyValueSpecification\",\"valueRequired\":true,\"valueName\":\"search_term_string\"}}],\"inLanguage\":\"da-DK\"},{\"@type\":\"Organization\",\"@id\":\"https:\/\/kunmedierne.dk\/mors\/#organization\",\"name\":\"Mors\",\"url\":\"https:\/\/kunmedierne.dk\/mors\/\",\"logo\":{\"@type\":\"ImageObject\",\"inLanguage\":\"da-DK\",\"@id\":\"https:\/\/kunmedierne.dk\/mors\/#\/schema\/logo\/image\/\",\"url\":\"https:\/\/kunmedierne.dk\/mors\/wp-content\/uploads\/2024\/08\/kunmors-logo.svg\",\"contentUrl\":\"https:\/\/kunmedierne.dk\/mors\/wp-content\/uploads\/2024\/08\/kunmors-logo.svg\",\"caption\":\"Mors\"},\"image\":{\"@id\":\"https:\/\/kunmedierne.dk\/mors\/#\/schema\/logo\/image\/\"}},{\"@type\":\"Person\",\"@id\":\"https:\/\/kunmedierne.dk\/mors\/#\/schema\/person\/f6eff11a718a237c68b9fb836c2c0d63\",\"name\":\"Morten Larsen\",\"image\":{\"@type\":\"ImageObject\",\"inLanguage\":\"da-DK\",\"@id\":\"https:\/\/kunmedierne.dk\/mors\/#\/schema\/person\/image\/\",\"url\":\"https:\/\/secure.gravatar.com\/avatar\/5231b5037f0830771fd068281952880be5e45dd69f0be05d0f3ab8afd358c5f1?s=96&d=mm&r=g\",\"contentUrl\":\"https:\/\/secure.gravatar.com\/avatar\/5231b5037f0830771fd068281952880be5e45dd69f0be05d0f3ab8afd358c5f1?s=96&d=mm&r=g\",\"caption\":\"Morten Larsen\"},\"url\":\"https:\/\/kunmedierne.dk\/mors\/author\/morten\/\"}]}<\/script>\n<!-- \/ Yoast SEO plugin. -->","yoast_head_json":{"title":"Ekspert: Vejret i den kommende tid skal redde h\u00f8sten p\u00e5 Mors - Mors","robots":{"index":"index","follow":"follow","max-snippet":"max-snippet:-1","max-image-preview":"max-image-preview:large","max-video-preview":"max-video-preview:-1"},"canonical":"https:\/\/kunmedierne.dk\/mors\/ekspert-vejret-i-den-kommende-tid-skal-redde-hoesten-paa-mors\/","og_locale":"da_DK","og_type":"article","og_title":"Ekspert: Vejret i den kommende tid skal redde h\u00f8sten p\u00e5 Mors - Mors","og_description":"MORS: Netop som skolernes sommerferie begyndte, slog det flotte, varme sommervejr om. V\u00e6k er de h\u00f8je temperaturer, men intet vejr er s\u00e5 skidt, at det ikke er godt for nogen. Mandagens regnvejr var tiltr\u00e6ngt for landbruget p\u00e5 Mors, men det er i h\u00f8jere grad vejret i den kommende tid, der skal sikre, at h\u00f8sten g\u00e5r [&hellip;]","og_url":"https:\/\/kunmedierne.dk\/mors\/ekspert-vejret-i-den-kommende-tid-skal-redde-hoesten-paa-mors\/","og_site_name":"Mors","article_published_time":"2023-06-27T13:15:41+00:00","article_modified_time":"2024-08-12T11:17:55+00:00","og_image":[{"width":770,"height":513,"url":"https:\/\/kunmedierne.dk\/mors\/wp-content\/uploads\/2022\/11\/mark.jpg","type":"image\/jpeg"}],"author":"Morten Larsen","twitter_card":"summary_large_image","twitter_misc":{"Skrevet af":"Morten Larsen","Estimeret l\u00e6setid":"3 minutter"},"schema":{"@context":"https:\/\/schema.org","@graph":[{"@type":"Article","@id":"https:\/\/kunmedierne.dk\/mors\/ekspert-vejret-i-den-kommende-tid-skal-redde-hoesten-paa-mors\/#article","isPartOf":{"@id":"https:\/\/kunmedierne.dk\/mors\/ekspert-vejret-i-den-kommende-tid-skal-redde-hoesten-paa-mors\/"},"author":{"name":"Morten Larsen","@id":"https:\/\/kunmedierne.dk\/mors\/#\/schema\/person\/f6eff11a718a237c68b9fb836c2c0d63"},"headline":"Ekspert: Vejret i den kommende tid skal redde h\u00f8sten p\u00e5 Mors","datePublished":"2023-06-27T13:15:41+00:00","dateModified":"2024-08-12T11:17:55+00:00","mainEntityOfPage":{"@id":"https:\/\/kunmedierne.dk\/mors\/ekspert-vejret-i-den-kommende-tid-skal-redde-hoesten-paa-mors\/"},"wordCount":421,"publisher":{"@id":"https:\/\/kunmedierne.dk\/mors\/#organization"},"image":{"@id":"https:\/\/kunmedierne.dk\/mors\/ekspert-vejret-i-den-kommende-tid-skal-redde-hoesten-paa-mors\/#primaryimage"},"thumbnailUrl":"https:\/\/kunmedierne.dk\/mors\/wp-content\/uploads\/2022\/11\/mark.jpg","keywords":["Erhverv"],"articleSection":["Lokalt"],"inLanguage":"da-DK"},{"@type":"WebPage","@id":"https:\/\/kunmedierne.dk\/mors\/ekspert-vejret-i-den-kommende-tid-skal-redde-hoesten-paa-mors\/","url":"https:\/\/kunmedierne.dk\/mors\/ekspert-vejret-i-den-kommende-tid-skal-redde-hoesten-paa-mors\/","name":"Ekspert: Vejret i den kommende tid skal redde h\u00f8sten p\u00e5 Mors - Mors","isPartOf":{"@id":"https:\/\/kunmedierne.dk\/mors\/#website"},"primaryImageOfPage":{"@id":"https:\/\/kunmedierne.dk\/mors\/ekspert-vejret-i-den-kommende-tid-skal-redde-hoesten-paa-mors\/#primaryimage"},"image":{"@id":"https:\/\/kunmedierne.dk\/mors\/ekspert-vejret-i-den-kommende-tid-skal-redde-hoesten-paa-mors\/#primaryimage"},"thumbnailUrl":"https:\/\/kunmedierne.dk\/mors\/wp-content\/uploads\/2022\/11\/mark.jpg","datePublished":"2023-06-27T13:15:41+00:00","dateModified":"2024-08-12T11:17:55+00:00","breadcrumb":{"@id":"https:\/\/kunmedierne.dk\/mors\/ekspert-vejret-i-den-kommende-tid-skal-redde-hoesten-paa-mors\/#breadcrumb"},"inLanguage":"da-DK","potentialAction":[{"@type":"ReadAction","target":["https:\/\/kunmedierne.dk\/mors\/ekspert-vejret-i-den-kommende-tid-skal-redde-hoesten-paa-mors\/"]}]},{"@type":"ImageObject","inLanguage":"da-DK","@id":"https:\/\/kunmedierne.dk\/mors\/ekspert-vejret-i-den-kommende-tid-skal-redde-hoesten-paa-mors\/#primaryimage","url":"https:\/\/kunmedierne.dk\/mors\/wp-content\/uploads\/2022\/11\/mark.jpg","contentUrl":"https:\/\/kunmedierne.dk\/mors\/wp-content\/uploads\/2022\/11\/mark.jpg","width":770,"height":513,"caption":"Modelfoto: Eugene\/Unsplash"},{"@type":"BreadcrumbList","@id":"https:\/\/kunmedierne.dk\/mors\/ekspert-vejret-i-den-kommende-tid-skal-redde-hoesten-paa-mors\/#breadcrumb","itemListElement":[{"@type":"ListItem","position":1,"name":"Hjem","item":"https:\/\/kunmedierne.dk\/mors\/"},{"@type":"ListItem","position":2,"name":"Ekspert: Vejret i den kommende tid skal redde h\u00f8sten p\u00e5 Mors"}]},{"@type":"WebSite","@id":"https:\/\/kunmedierne.dk\/mors\/#website","url":"https:\/\/kunmedierne.dk\/mors\/","name":"Mors","description":"et netmedie med journalistik om livet p\u00e5 Mors","publisher":{"@id":"https:\/\/kunmedierne.dk\/mors\/#organization"},"potentialAction":[{"@type":"SearchAction","target":{"@type":"EntryPoint","urlTemplate":"https:\/\/kunmedierne.dk\/mors\/?s={search_term_string}"},"query-input":{"@type":"PropertyValueSpecification","valueRequired":true,"valueName":"search_term_string"}}],"inLanguage":"da-DK"},{"@type":"Organization","@id":"https:\/\/kunmedierne.dk\/mors\/#organization","name":"Mors","url":"https:\/\/kunmedierne.dk\/mors\/","logo":{"@type":"ImageObject","inLanguage":"da-DK","@id":"https:\/\/kunmedierne.dk\/mors\/#\/schema\/logo\/image\/","url":"https:\/\/kunmedierne.dk\/mors\/wp-content\/uploads\/2024\/08\/kunmors-logo.svg","contentUrl":"https:\/\/kunmedierne.dk\/mors\/wp-content\/uploads\/2024\/08\/kunmors-logo.svg","caption":"Mors"},"image":{"@id":"https:\/\/kunmedierne.dk\/mors\/#\/schema\/logo\/image\/"}},{"@type":"Person","@id":"https:\/\/kunmedierne.dk\/mors\/#\/schema\/person\/f6eff11a718a237c68b9fb836c2c0d63","name":"Morten Larsen","image":{"@type":"ImageObject","inLanguage":"da-DK","@id":"https:\/\/kunmedierne.dk\/mors\/#\/schema\/person\/image\/","url":"https:\/\/secure.gravatar.com\/avatar\/5231b5037f0830771fd068281952880be5e45dd69f0be05d0f3ab8afd358c5f1?s=96&d=mm&r=g","contentUrl":"https:\/\/secure.gravatar.com\/avatar\/5231b5037f0830771fd068281952880be5e45dd69f0be05d0f3ab8afd358c5f1?s=96&d=mm&r=g","caption":"Morten Larsen"},"url":"https:\/\/kunmedierne.dk\/mors\/author\/morten\/"}]}},"_links":{"self":[{"href":"https:\/\/kunmedierne.dk\/mors\/wp-json\/wp\/v2\/posts\/97572","targetHints":{"allow":["GET"]}}],"collection":[{"href":"https:\/\/kunmedierne.dk\/mors\/wp-json\/wp\/v2\/posts"}],"about":[{"href":"https:\/\/kunmedierne.dk\/mors\/wp-json\/wp\/v2\/types\/post"}],"author":[{"embeddable":true,"href":"https:\/\/kunmedierne.dk\/mors\/wp-json\/wp\/v2\/users\/3022"}],"replies":[{"embeddable":true,"href":"https:\/\/kunmedierne.dk\/mors\/wp-json\/wp\/v2\/comments?post=97572"}],"version-history":[{"count":8,"href":"https:\/\/kunmedierne.dk\/mors\/wp-json\/wp\/v2\/posts\/97572\/revisions"}],"predecessor-version":[{"id":97589,"href":"https:\/\/kunmedierne.dk\/mors\/wp-json\/wp\/v2\/posts\/97572\/revisions\/97589"}],"wp:featuredmedia":[{"embeddable":true,"href":"https:\/\/kunmedierne.dk\/mors\/wp-json\/wp\/v2\/media\/83006"}],"wp:attachment":[{"href":"https:\/\/kunmedierne.dk\/mors\/wp-json\/wp\/v2\/media?parent=97572"}],"wp:term":[{"taxonomy":"category","embeddable":true,"href":"https:\/\/kunmedierne.dk\/mors\/wp-json\/wp\/v2\/categories?post=97572"},{"taxonomy":"post_tag","embeddable":true,"href":"https:\/\/kunmedierne.dk\/mors\/wp-json\/wp\/v2\/tags?post=97572"}],"curies":[{"name":"wp","href":"https:\/\/api.w.org\/{rel}","templated":true}]}}