{"id":97550,"date":"2023-06-30T11:07:51","date_gmt":"2023-06-30T09:07:51","guid":{"rendered":"https:\/\/kunmedierne.dk\/mors\/?p=97550"},"modified":"2024-08-12T13:17:54","modified_gmt":"2024-08-12T11:17:54","slug":"sommerserie-for-turistchefen-betyder-godt-sommervejr-alt","status":"publish","type":"post","link":"https:\/\/kunmedierne.dk\/mors\/sommerserie-for-turistchefen-betyder-godt-sommervejr-alt\/","title":{"rendered":"Sommerserie: For turistchefen betyder godt sommervejr alt"},"content":{"rendered":"<p><strong>MORS<\/strong>: Man skal v\u00e6re glad for sit arbejde, hvis man skal arbejde mange timer i sommervarmen, n\u00e5r alle andre holder fri. Det er turistchef i Mors\u00f8 Turistforening, Bente Kristensen. Faktisk kan hun fejre sit 25 \u00e5rs jubil\u00e6um der til n\u00e6ste \u00e5r. Hun startede som bogholder, arbejdede sig op og har nu v\u00e6ret turistchef i 17 \u00e5r.<\/p>\n<p>For nyligt flyttede turistkontoret fra lokalerne i toldbygningen efter at have haft adresse der i 50 \u00e5r. Det var ikke nemt for hverken Bente, turistforeningen eller mange andre morsingboer, men det kunne ikke v\u00e6re anderledes.<\/p>\n<p>Mors\u00f8 Kommune frasolgte bygningen i en sparerunde, og nu er turistforeningen faldet godt til i de nye lokaler i g\u00e5den i Nyk\u00f8bing.<\/p>\n<p><em> <a class=\"dvrt-link\" onClick=\"cdmtrack_click(104781,jQuery(this));return false\" href=\"https:\/\/www.fmspks.dk\/\"><img decoding=\"async\" style=\"width:100%;\" src=\"https:\/\/kunmedierne.dk\/mors\/wp-content\/uploads\/2022\/02\/vip-froeslev-mollerup-sparekasse.jpg\"><\/a><script>cdmtrack_view(104781);<\/script><\/em><\/p>\n<p><em>Hvis der var frit valg p\u00e5 alle hylder, hvor gik rejsen s\u00e5 hen?<\/em><\/p>\n<p>&#8211; Jeg er meget til naturoplevelser, s\u00e5 jeg t\u00e6nker, Australien kunne v\u00e6re interessant. Men det kommer ikke til at ske, da jeg hader lange flyrejser \u2013 og s\u00e5 kr\u00e6ver det ogs\u00e5 en lidt l\u00e6ngere ferie end den sommerferie, jeg holder.<\/p>\n<p><em>Hvad skal du opleve, f\u00f8r det bliver en god sommer?<\/em><\/p>\n<p>&#8211; Jeg arbejder mange timer i sommerperioden, og derved f\u00e5r jeg heldigvis rigtig mange gode oplevelser \u2013 g\u00e6sterne har jo ferie og er derfor glade og positive, n\u00e5r de kontakter os. Dog h\u00e5ber jeg, at der ogs\u00e5 bliver tid til oplevelser sammen med familien \u2013 s\u00e5 bliver det en god sommer.<\/p>\n<a class=\"dvrt-link\" onClick=\"cdmtrack_click(104781,jQuery(this));return false\" href=\"https:\/\/www.fmspks.dk\/\"><img decoding=\"async\" style=\"width:100%;\" src=\"https:\/\/kunmedierne.dk\/mors\/wp-content\/uploads\/2022\/02\/vip-froeslev-mollerup-sparekasse.jpg\"><\/a><script>cdmtrack_view(104781);<\/script>\n<p><em>\u00a0Hvad er den bedste sommer for dig?<\/em><\/p>\n<p>&#8211; Svaret er m\u00e5ske lidt pr\u00e6get af, at jeg arbejder som turistchef. S\u00e5 den bedste sommer for mig er, n\u00e5r sommervejret arter sig, og der kommer rigtig mange turister til Mors til gl\u00e6de for \u00f8ens overnatningssteder, attraktioner, restauranter og handelslivet p\u00e5 Mors.<\/p>\n<p><em>Hvad er dit bedste sommerferieminde?<\/em><\/p>\n<p>&#8211; \u00c5h, der er mange, men jeg t\u00e6nker, at det m\u00e5 v\u00e6re ferien til Upernavik i Gr\u00f8nland. At opleve den storsl\u00e5ede natur ved Isfjorden ved Jakobshavn, den lange sejltur fra Jakobshavn til Upernavik, hvor vi har helt t\u00e6t p\u00e5 isbjerge og den flotte natur er absolut gode minder, samt oplevelsen af at opleve en anderledes kultur i den nordlige del af Gr\u00f8nland, og hvor man finder ud af, hvor godt vi har det hjemme i Danmark.<\/p>\n<p>&nbsp;<\/p>\n<h5>L\u00c6S OGS\u00c5:<\/h5>\n<h5>27\/6-2023: <a href=\"https:\/\/kunmedierne.dk\/mors\/sommerserie-sommerens-hoejdepunkt-er-fridagene-med-familien-for-hans-ejner-bertelsen\/\">Sommerens h\u00f8jdepunkt er fridagene med familien for Hans Ejner Bertelsen<\/a><\/h5>\n<h5>23\/6-2023: <a href=\"https:\/\/kunmedierne.dk\/mors\/sommerserie-for-mogens-jensen-er-en-god-sommer-lig-med-en-dukkert-i-vesterhavet\/\">For Mogens Jensen er en god sommer lig med en dukkert i Vesterhavet<\/a><\/h5>\n<p>&nbsp;<\/p>\n","protected":false},"excerpt":{"rendered":"<p>MORS: Man skal v\u00e6re glad for sit arbejde, hvis man skal arbejde mange timer i sommervarmen, n\u00e5r alle andre holder fri. Det er turistchef i Mors\u00f8 Turistforening, Bente Kristensen. Faktisk kan hun fejre sit 25 \u00e5rs jubil\u00e6um der til n\u00e6ste \u00e5r. Hun startede som bogholder, arbejdede sig op og har nu v\u00e6ret turistchef i 17 [&hellip;]<\/p>\n","protected":false},"author":3022,"featured_media":76395,"comment_status":"closed","ping_status":"open","sticky":false,"template":"","format":"standard","meta":{"_acf_changed":false,"footnotes":""},"categories":[51,90,52],"tags":[171],"class_list":["post-97550","post","type-post","status-publish","format-standard","has-post-thumbnail","hentry","category-lokalt","category-morsingboerne","category-navne","tag-turisme"],"acf":[],"yoast_head":"<!-- This site is optimized with the Yoast SEO plugin v26.8 - https:\/\/yoast.com\/product\/yoast-seo-wordpress\/ -->\n<title>Sommerserie: For turistchefen betyder godt sommervejr alt - Mors<\/title>\n<meta name=\"robots\" content=\"index, follow, max-snippet:-1, max-image-preview:large, max-video-preview:-1\" \/>\n<link rel=\"canonical\" href=\"https:\/\/kunmedierne.dk\/mors\/sommerserie-for-turistchefen-betyder-godt-sommervejr-alt\/\" \/>\n<meta property=\"og:locale\" content=\"da_DK\" \/>\n<meta property=\"og:type\" content=\"article\" \/>\n<meta property=\"og:title\" content=\"Sommerserie: For turistchefen betyder godt sommervejr alt - Mors\" \/>\n<meta property=\"og:description\" content=\"MORS: Man skal v\u00e6re glad for sit arbejde, hvis man skal arbejde mange timer i sommervarmen, n\u00e5r alle andre holder fri. Det er turistchef i Mors\u00f8 Turistforening, Bente Kristensen. Faktisk kan hun fejre sit 25 \u00e5rs jubil\u00e6um der til n\u00e6ste \u00e5r. Hun startede som bogholder, arbejdede sig op og har nu v\u00e6ret turistchef i 17 [&hellip;]\" \/>\n<meta property=\"og:url\" content=\"https:\/\/kunmedierne.dk\/mors\/sommerserie-for-turistchefen-betyder-godt-sommervejr-alt\/\" \/>\n<meta property=\"og:site_name\" content=\"Mors\" \/>\n<meta property=\"article:published_time\" content=\"2023-06-30T09:07:51+00:00\" \/>\n<meta property=\"article:modified_time\" content=\"2024-08-12T11:17:54+00:00\" \/>\n<meta property=\"og:image\" content=\"https:\/\/kunmedierne.dk\/mors\/wp-content\/uploads\/2022\/08\/BenteKristensen-2.jpg\" \/>\n\t<meta property=\"og:image:width\" content=\"770\" \/>\n\t<meta property=\"og:image:height\" content=\"513\" \/>\n\t<meta property=\"og:image:type\" content=\"image\/jpeg\" \/>\n<meta name=\"author\" content=\"Morten Larsen\" \/>\n<meta name=\"twitter:card\" content=\"summary_large_image\" \/>\n<meta name=\"twitter:label1\" content=\"Skrevet af\" \/>\n\t<meta name=\"twitter:data1\" content=\"Morten Larsen\" \/>\n\t<meta name=\"twitter:label2\" content=\"Estimeret l\u00e6setid\" \/>\n\t<meta name=\"twitter:data2\" content=\"3 minutter\" \/>\n<script type=\"application\/ld+json\" class=\"yoast-schema-graph\">{\"@context\":\"https:\/\/schema.org\",\"@graph\":[{\"@type\":\"Article\",\"@id\":\"https:\/\/kunmedierne.dk\/mors\/sommerserie-for-turistchefen-betyder-godt-sommervejr-alt\/#article\",\"isPartOf\":{\"@id\":\"https:\/\/kunmedierne.dk\/mors\/sommerserie-for-turistchefen-betyder-godt-sommervejr-alt\/\"},\"author\":{\"name\":\"Morten Larsen\",\"@id\":\"https:\/\/kunmedierne.dk\/mors\/#\/schema\/person\/f6eff11a718a237c68b9fb836c2c0d63\"},\"headline\":\"Sommerserie: For turistchefen betyder godt sommervejr alt\",\"datePublished\":\"2023-06-30T09:07:51+00:00\",\"dateModified\":\"2024-08-12T11:17:54+00:00\",\"mainEntityOfPage\":{\"@id\":\"https:\/\/kunmedierne.dk\/mors\/sommerserie-for-turistchefen-betyder-godt-sommervejr-alt\/\"},\"wordCount\":420,\"publisher\":{\"@id\":\"https:\/\/kunmedierne.dk\/mors\/#organization\"},\"image\":{\"@id\":\"https:\/\/kunmedierne.dk\/mors\/sommerserie-for-turistchefen-betyder-godt-sommervejr-alt\/#primaryimage\"},\"thumbnailUrl\":\"https:\/\/kunmedierne.dk\/mors\/wp-content\/uploads\/2022\/08\/BenteKristensen-2.jpg\",\"keywords\":[\"Turisme\"],\"articleSection\":[\"Lokalt\",\"Morsingboerne\",\"Navne\"],\"inLanguage\":\"da-DK\"},{\"@type\":\"WebPage\",\"@id\":\"https:\/\/kunmedierne.dk\/mors\/sommerserie-for-turistchefen-betyder-godt-sommervejr-alt\/\",\"url\":\"https:\/\/kunmedierne.dk\/mors\/sommerserie-for-turistchefen-betyder-godt-sommervejr-alt\/\",\"name\":\"Sommerserie: For turistchefen betyder godt sommervejr alt - Mors\",\"isPartOf\":{\"@id\":\"https:\/\/kunmedierne.dk\/mors\/#website\"},\"primaryImageOfPage\":{\"@id\":\"https:\/\/kunmedierne.dk\/mors\/sommerserie-for-turistchefen-betyder-godt-sommervejr-alt\/#primaryimage\"},\"image\":{\"@id\":\"https:\/\/kunmedierne.dk\/mors\/sommerserie-for-turistchefen-betyder-godt-sommervejr-alt\/#primaryimage\"},\"thumbnailUrl\":\"https:\/\/kunmedierne.dk\/mors\/wp-content\/uploads\/2022\/08\/BenteKristensen-2.jpg\",\"datePublished\":\"2023-06-30T09:07:51+00:00\",\"dateModified\":\"2024-08-12T11:17:54+00:00\",\"breadcrumb\":{\"@id\":\"https:\/\/kunmedierne.dk\/mors\/sommerserie-for-turistchefen-betyder-godt-sommervejr-alt\/#breadcrumb\"},\"inLanguage\":\"da-DK\",\"potentialAction\":[{\"@type\":\"ReadAction\",\"target\":[\"https:\/\/kunmedierne.dk\/mors\/sommerserie-for-turistchefen-betyder-godt-sommervejr-alt\/\"]}]},{\"@type\":\"ImageObject\",\"inLanguage\":\"da-DK\",\"@id\":\"https:\/\/kunmedierne.dk\/mors\/sommerserie-for-turistchefen-betyder-godt-sommervejr-alt\/#primaryimage\",\"url\":\"https:\/\/kunmedierne.dk\/mors\/wp-content\/uploads\/2022\/08\/BenteKristensen-2.jpg\",\"contentUrl\":\"https:\/\/kunmedierne.dk\/mors\/wp-content\/uploads\/2022\/08\/BenteKristensen-2.jpg\",\"width\":770,\"height\":513,\"caption\":\"Turistchef Bente Kristensen. Arkivfoto\"},{\"@type\":\"BreadcrumbList\",\"@id\":\"https:\/\/kunmedierne.dk\/mors\/sommerserie-for-turistchefen-betyder-godt-sommervejr-alt\/#breadcrumb\",\"itemListElement\":[{\"@type\":\"ListItem\",\"position\":1,\"name\":\"Hjem\",\"item\":\"https:\/\/kunmedierne.dk\/mors\/\"},{\"@type\":\"ListItem\",\"position\":2,\"name\":\"Sommerserie: For turistchefen betyder godt sommervejr alt\"}]},{\"@type\":\"WebSite\",\"@id\":\"https:\/\/kunmedierne.dk\/mors\/#website\",\"url\":\"https:\/\/kunmedierne.dk\/mors\/\",\"name\":\"Mors\",\"description\":\"et netmedie med journalistik om livet p\u00e5 Mors\",\"publisher\":{\"@id\":\"https:\/\/kunmedierne.dk\/mors\/#organization\"},\"potentialAction\":[{\"@type\":\"SearchAction\",\"target\":{\"@type\":\"EntryPoint\",\"urlTemplate\":\"https:\/\/kunmedierne.dk\/mors\/?s={search_term_string}\"},\"query-input\":{\"@type\":\"PropertyValueSpecification\",\"valueRequired\":true,\"valueName\":\"search_term_string\"}}],\"inLanguage\":\"da-DK\"},{\"@type\":\"Organization\",\"@id\":\"https:\/\/kunmedierne.dk\/mors\/#organization\",\"name\":\"Mors\",\"url\":\"https:\/\/kunmedierne.dk\/mors\/\",\"logo\":{\"@type\":\"ImageObject\",\"inLanguage\":\"da-DK\",\"@id\":\"https:\/\/kunmedierne.dk\/mors\/#\/schema\/logo\/image\/\",\"url\":\"https:\/\/kunmedierne.dk\/mors\/wp-content\/uploads\/2024\/08\/kunmors-logo.svg\",\"contentUrl\":\"https:\/\/kunmedierne.dk\/mors\/wp-content\/uploads\/2024\/08\/kunmors-logo.svg\",\"caption\":\"Mors\"},\"image\":{\"@id\":\"https:\/\/kunmedierne.dk\/mors\/#\/schema\/logo\/image\/\"}},{\"@type\":\"Person\",\"@id\":\"https:\/\/kunmedierne.dk\/mors\/#\/schema\/person\/f6eff11a718a237c68b9fb836c2c0d63\",\"name\":\"Morten Larsen\",\"image\":{\"@type\":\"ImageObject\",\"inLanguage\":\"da-DK\",\"@id\":\"https:\/\/kunmedierne.dk\/mors\/#\/schema\/person\/image\/\",\"url\":\"https:\/\/secure.gravatar.com\/avatar\/5231b5037f0830771fd068281952880be5e45dd69f0be05d0f3ab8afd358c5f1?s=96&d=mm&r=g\",\"contentUrl\":\"https:\/\/secure.gravatar.com\/avatar\/5231b5037f0830771fd068281952880be5e45dd69f0be05d0f3ab8afd358c5f1?s=96&d=mm&r=g\",\"caption\":\"Morten Larsen\"},\"url\":\"https:\/\/kunmedierne.dk\/mors\/author\/morten\/\"}]}<\/script>\n<!-- \/ Yoast SEO plugin. -->","yoast_head_json":{"title":"Sommerserie: For turistchefen betyder godt sommervejr alt - Mors","robots":{"index":"index","follow":"follow","max-snippet":"max-snippet:-1","max-image-preview":"max-image-preview:large","max-video-preview":"max-video-preview:-1"},"canonical":"https:\/\/kunmedierne.dk\/mors\/sommerserie-for-turistchefen-betyder-godt-sommervejr-alt\/","og_locale":"da_DK","og_type":"article","og_title":"Sommerserie: For turistchefen betyder godt sommervejr alt - Mors","og_description":"MORS: Man skal v\u00e6re glad for sit arbejde, hvis man skal arbejde mange timer i sommervarmen, n\u00e5r alle andre holder fri. Det er turistchef i Mors\u00f8 Turistforening, Bente Kristensen. Faktisk kan hun fejre sit 25 \u00e5rs jubil\u00e6um der til n\u00e6ste \u00e5r. Hun startede som bogholder, arbejdede sig op og har nu v\u00e6ret turistchef i 17 [&hellip;]","og_url":"https:\/\/kunmedierne.dk\/mors\/sommerserie-for-turistchefen-betyder-godt-sommervejr-alt\/","og_site_name":"Mors","article_published_time":"2023-06-30T09:07:51+00:00","article_modified_time":"2024-08-12T11:17:54+00:00","og_image":[{"width":770,"height":513,"url":"https:\/\/kunmedierne.dk\/mors\/wp-content\/uploads\/2022\/08\/BenteKristensen-2.jpg","type":"image\/jpeg"}],"author":"Morten Larsen","twitter_card":"summary_large_image","twitter_misc":{"Skrevet af":"Morten Larsen","Estimeret l\u00e6setid":"3 minutter"},"schema":{"@context":"https:\/\/schema.org","@graph":[{"@type":"Article","@id":"https:\/\/kunmedierne.dk\/mors\/sommerserie-for-turistchefen-betyder-godt-sommervejr-alt\/#article","isPartOf":{"@id":"https:\/\/kunmedierne.dk\/mors\/sommerserie-for-turistchefen-betyder-godt-sommervejr-alt\/"},"author":{"name":"Morten Larsen","@id":"https:\/\/kunmedierne.dk\/mors\/#\/schema\/person\/f6eff11a718a237c68b9fb836c2c0d63"},"headline":"Sommerserie: For turistchefen betyder godt sommervejr alt","datePublished":"2023-06-30T09:07:51+00:00","dateModified":"2024-08-12T11:17:54+00:00","mainEntityOfPage":{"@id":"https:\/\/kunmedierne.dk\/mors\/sommerserie-for-turistchefen-betyder-godt-sommervejr-alt\/"},"wordCount":420,"publisher":{"@id":"https:\/\/kunmedierne.dk\/mors\/#organization"},"image":{"@id":"https:\/\/kunmedierne.dk\/mors\/sommerserie-for-turistchefen-betyder-godt-sommervejr-alt\/#primaryimage"},"thumbnailUrl":"https:\/\/kunmedierne.dk\/mors\/wp-content\/uploads\/2022\/08\/BenteKristensen-2.jpg","keywords":["Turisme"],"articleSection":["Lokalt","Morsingboerne","Navne"],"inLanguage":"da-DK"},{"@type":"WebPage","@id":"https:\/\/kunmedierne.dk\/mors\/sommerserie-for-turistchefen-betyder-godt-sommervejr-alt\/","url":"https:\/\/kunmedierne.dk\/mors\/sommerserie-for-turistchefen-betyder-godt-sommervejr-alt\/","name":"Sommerserie: For turistchefen betyder godt sommervejr alt - Mors","isPartOf":{"@id":"https:\/\/kunmedierne.dk\/mors\/#website"},"primaryImageOfPage":{"@id":"https:\/\/kunmedierne.dk\/mors\/sommerserie-for-turistchefen-betyder-godt-sommervejr-alt\/#primaryimage"},"image":{"@id":"https:\/\/kunmedierne.dk\/mors\/sommerserie-for-turistchefen-betyder-godt-sommervejr-alt\/#primaryimage"},"thumbnailUrl":"https:\/\/kunmedierne.dk\/mors\/wp-content\/uploads\/2022\/08\/BenteKristensen-2.jpg","datePublished":"2023-06-30T09:07:51+00:00","dateModified":"2024-08-12T11:17:54+00:00","breadcrumb":{"@id":"https:\/\/kunmedierne.dk\/mors\/sommerserie-for-turistchefen-betyder-godt-sommervejr-alt\/#breadcrumb"},"inLanguage":"da-DK","potentialAction":[{"@type":"ReadAction","target":["https:\/\/kunmedierne.dk\/mors\/sommerserie-for-turistchefen-betyder-godt-sommervejr-alt\/"]}]},{"@type":"ImageObject","inLanguage":"da-DK","@id":"https:\/\/kunmedierne.dk\/mors\/sommerserie-for-turistchefen-betyder-godt-sommervejr-alt\/#primaryimage","url":"https:\/\/kunmedierne.dk\/mors\/wp-content\/uploads\/2022\/08\/BenteKristensen-2.jpg","contentUrl":"https:\/\/kunmedierne.dk\/mors\/wp-content\/uploads\/2022\/08\/BenteKristensen-2.jpg","width":770,"height":513,"caption":"Turistchef Bente Kristensen. Arkivfoto"},{"@type":"BreadcrumbList","@id":"https:\/\/kunmedierne.dk\/mors\/sommerserie-for-turistchefen-betyder-godt-sommervejr-alt\/#breadcrumb","itemListElement":[{"@type":"ListItem","position":1,"name":"Hjem","item":"https:\/\/kunmedierne.dk\/mors\/"},{"@type":"ListItem","position":2,"name":"Sommerserie: For turistchefen betyder godt sommervejr alt"}]},{"@type":"WebSite","@id":"https:\/\/kunmedierne.dk\/mors\/#website","url":"https:\/\/kunmedierne.dk\/mors\/","name":"Mors","description":"et netmedie med journalistik om livet p\u00e5 Mors","publisher":{"@id":"https:\/\/kunmedierne.dk\/mors\/#organization"},"potentialAction":[{"@type":"SearchAction","target":{"@type":"EntryPoint","urlTemplate":"https:\/\/kunmedierne.dk\/mors\/?s={search_term_string}"},"query-input":{"@type":"PropertyValueSpecification","valueRequired":true,"valueName":"search_term_string"}}],"inLanguage":"da-DK"},{"@type":"Organization","@id":"https:\/\/kunmedierne.dk\/mors\/#organization","name":"Mors","url":"https:\/\/kunmedierne.dk\/mors\/","logo":{"@type":"ImageObject","inLanguage":"da-DK","@id":"https:\/\/kunmedierne.dk\/mors\/#\/schema\/logo\/image\/","url":"https:\/\/kunmedierne.dk\/mors\/wp-content\/uploads\/2024\/08\/kunmors-logo.svg","contentUrl":"https:\/\/kunmedierne.dk\/mors\/wp-content\/uploads\/2024\/08\/kunmors-logo.svg","caption":"Mors"},"image":{"@id":"https:\/\/kunmedierne.dk\/mors\/#\/schema\/logo\/image\/"}},{"@type":"Person","@id":"https:\/\/kunmedierne.dk\/mors\/#\/schema\/person\/f6eff11a718a237c68b9fb836c2c0d63","name":"Morten Larsen","image":{"@type":"ImageObject","inLanguage":"da-DK","@id":"https:\/\/kunmedierne.dk\/mors\/#\/schema\/person\/image\/","url":"https:\/\/secure.gravatar.com\/avatar\/5231b5037f0830771fd068281952880be5e45dd69f0be05d0f3ab8afd358c5f1?s=96&d=mm&r=g","contentUrl":"https:\/\/secure.gravatar.com\/avatar\/5231b5037f0830771fd068281952880be5e45dd69f0be05d0f3ab8afd358c5f1?s=96&d=mm&r=g","caption":"Morten Larsen"},"url":"https:\/\/kunmedierne.dk\/mors\/author\/morten\/"}]}},"_links":{"self":[{"href":"https:\/\/kunmedierne.dk\/mors\/wp-json\/wp\/v2\/posts\/97550","targetHints":{"allow":["GET"]}}],"collection":[{"href":"https:\/\/kunmedierne.dk\/mors\/wp-json\/wp\/v2\/posts"}],"about":[{"href":"https:\/\/kunmedierne.dk\/mors\/wp-json\/wp\/v2\/types\/post"}],"author":[{"embeddable":true,"href":"https:\/\/kunmedierne.dk\/mors\/wp-json\/wp\/v2\/users\/3022"}],"replies":[{"embeddable":true,"href":"https:\/\/kunmedierne.dk\/mors\/wp-json\/wp\/v2\/comments?post=97550"}],"version-history":[{"count":6,"href":"https:\/\/kunmedierne.dk\/mors\/wp-json\/wp\/v2\/posts\/97550\/revisions"}],"predecessor-version":[{"id":97705,"href":"https:\/\/kunmedierne.dk\/mors\/wp-json\/wp\/v2\/posts\/97550\/revisions\/97705"}],"wp:featuredmedia":[{"embeddable":true,"href":"https:\/\/kunmedierne.dk\/mors\/wp-json\/wp\/v2\/media\/76395"}],"wp:attachment":[{"href":"https:\/\/kunmedierne.dk\/mors\/wp-json\/wp\/v2\/media?parent=97550"}],"wp:term":[{"taxonomy":"category","embeddable":true,"href":"https:\/\/kunmedierne.dk\/mors\/wp-json\/wp\/v2\/categories?post=97550"},{"taxonomy":"post_tag","embeddable":true,"href":"https:\/\/kunmedierne.dk\/mors\/wp-json\/wp\/v2\/tags?post=97550"}],"curies":[{"name":"wp","href":"https:\/\/api.w.org\/{rel}","templated":true}]}}