{"id":97281,"date":"2023-06-22T11:00:57","date_gmt":"2023-06-22T09:00:57","guid":{"rendered":"https:\/\/kunmedierne.dk\/mors\/?p=97281"},"modified":"2024-08-12T13:17:56","modified_gmt":"2024-08-12T11:17:56","slug":"sparekassen-thy-aabner-afdeling-i-aarhus","status":"publish","type":"post","link":"https:\/\/kunmedierne.dk\/mors\/sparekassen-thy-aabner-afdeling-i-aarhus\/","title":{"rendered":"Sparekassen Thy \u00e5bner afdeling i Aarhus"},"content":{"rendered":"<p><strong>AARHUS<\/strong>: Sparekassen Thy rykker nu for f\u00f8rste gang ind i en af landets st\u00f8rste byer.<\/p>\n<p>&#8211; Vi er nu klar til at forts\u00e6tte den positive udvikling og \u00e5bner nu en ny afdeling i Aarhus, der skal betjene b\u00e5de private og erhvervskunder. Udvidelsen er en del af Sparekassen Thys strategi om at v\u00e6kste p\u00e5 et sundt grundlag, siger Ole Beith, direkt\u00f8r i Sparekassen Thy.<\/p>\n<p>Han fort\u00e6ller, at valget af Aarhus langt fra er en tilf\u00e6ldighed.<\/p>\n<p>&#8211; Vi har hele tiden blikket rettet mod nye muligheder for at videreudvikle Sparekassen Thy \u2013 og det g\u00e6lder ogs\u00e5 geografisk. Aarhus har i den forbindelse st\u00e5et p\u00e5 vores \u00f8nskeliste noget tid, og tiden er nu rigtig til, at vi etablerer os i byen, siger han.<\/p>\n<a class=\"dvrt-link\" onClick=\"cdmtrack_click(147315,jQuery(this));return false\" href=\"https:\/\/sdrhaa.dk\/\"><img decoding=\"async\" style=\"width:100%;\" src=\"https:\/\/kunmedierne.dk\/mors\/wp-content\/uploads\/2025\/05\/260302Sdr-HaaDin-gebyrvenlige-sparekasse_mors-002.gif\"><\/a><script>cdmtrack_view(147315);<\/script>\n<p>Samtidig ser han mange lighedspunkter mellem Aarhus og Thy.<\/p>\n<p>&#8211; Vi kan se, at den m\u00e5de, vi samarbejder med vores kunder om at skabe tryghed i \u00f8konomien og samtidig v\u00e6re med til at forme deres dr\u00f8mme og visioner, passer perfekt til det, der eftersp\u00f8rges i Aarhus. Vores nuv\u00e6rende kunder s\u00e6tter stor pris p\u00e5, at vores r\u00e5dgivere giver sig tid at forst\u00e5 deres behov, giver dem en seri\u00f8s behandling og kan tage nogle beslutninger, siger Ole Beith og forts\u00e6tter:<\/p>\n<p>&#8211; Den m\u00e5de at v\u00e6re bankforbindelse p\u00e5 for kunderne, er pr\u00e6cis de samme \u00f8nsker og pr\u00e6ferencer, der g\u00f8r sig g\u00e6ldende i Aarhus. Det viser alle vores analyser.<\/p>\n<p>&nbsp;<\/p>\n<p><strong>94.000 personer i Aarhus er klar til en ny bank<\/strong><\/p>\n<p>Det er helt naturligt, at der er mange konkurrerende pengeinstitutter i en by som Aarhus. If\u00f8lge en unders\u00f8gelse foretaget af Voxmeter er 94.000 af indbyggerne i og omkring Aarhus klar til at skifte bank.<\/p>\n<a class=\"dvrt-link\" onClick=\"cdmtrack_click(104779,jQuery(this));return false\" href=\"https:\/\/morsoe-begravelsesforretning.dk\/\"><img decoding=\"async\" style=\"width:100%;\" src=\"https:\/\/kunmedierne.dk\/mors\/wp-content\/uploads\/2023\/11\/251215-morsoe-begravelsesforretning.jpg\"><\/a><script>cdmtrack_view(104779);<\/script>\n<p>&#8211; Det giver os gode kort p\u00e5 h\u00e5nden samtidig med, at vi i forvejen har cirka 2400 kunder i omr\u00e5det, der i dag er tilknyttet en af vores andre afdelinger. De nuv\u00e6rende kunder tror vi p\u00e5, at vi kan g\u00f8re til endnu st\u00e6rkere og aktive ambassad\u00f8rer for os. De kommer selv til at afg\u00f8re, om de vil tilknyttes vores nye afdeling i Aarhus, eller blive hvor de er. Sparekassen Thys nye afdeling i Aarhus bliver en \u201dfull-service\u201d afdeling, der har kompetencer p\u00e5 alle felter inden for r\u00e5dgivning til private og erhvervskunder, siger Ole Beith.<\/p>\n<p>&nbsp;<\/p>\n<p><strong>Etablering med lokal afdelingsdirekt\u00f8r<\/strong><\/p>\n<p>Han er allerede g\u00e5et i gang med at rekruttere medarbejdere til den nye afdeling.<\/p>\n<p>&#8211; F\u00f8rst skal der ans\u00e6ttes en afdelingsdirekt\u00f8r, der sammen med den \u00f8vrige ledelse i Sparekassen Thy kommer til at spille en central rolle i at s\u00e6tte et st\u00e6rkt og kompetent hold. Medarbejderstaben kommer forventeligt til at udg\u00f8re seks-otte medarbejdere med b\u00e5de privat- og erhvervsr\u00e5dgiverkompetencer samt administrative kompetencer, siger Ole Beith.<\/p>\n<a class=\"dvrt-link\" onClick=\"cdmtrack_click(104779,jQuery(this));return false\" href=\"https:\/\/morsoe-begravelsesforretning.dk\/\"><img decoding=\"async\" style=\"width:100%;\" src=\"https:\/\/kunmedierne.dk\/mors\/wp-content\/uploads\/2023\/11\/251215-morsoe-begravelsesforretning.jpg\"><\/a><script>cdmtrack_view(104779);<\/script>\n<p>Hvor den nye afdeling skal placeres i Aarhus, er ogs\u00e5 en af de opgaver, en kommende afdelingsdirekt\u00f8r skal v\u00e6re med til at beslutte.<\/p>\n<p>&#8211; Vi st\u00e5r med en supersp\u00e6ndende opgave, og vi gl\u00e6der os til at tage fat p\u00e5 n\u00e6ste etape med etableringen i Aarhus, siger Ole Beith.<\/p>\n<p>Sparekassen Thy har hovedkontor i Thisted, og har derudover 11 fysiske filialer &#8211; blandt andet i Nyk\u00f8bing. Inden etableringen i Aarhus er der 250 ansatte i Sparekassen Thy, og derudover 60 medarbejdere i leasingselskabet Krone Kapital, som Sparekassen Thy er medejer af. Sparekassen Thy har i dag 57.500 kunder, hvoraf de 6000 er erhvervskunder.<\/p>\n","protected":false},"excerpt":{"rendered":"<p>AARHUS: Sparekassen Thy rykker nu for f\u00f8rste gang ind i en af landets st\u00f8rste byer. &#8211; Vi er nu klar til at forts\u00e6tte den positive udvikling og \u00e5bner nu en ny afdeling i Aarhus, der skal betjene b\u00e5de private og erhvervskunder. Udvidelsen er en del af Sparekassen Thys strategi om at v\u00e6kste p\u00e5 et sundt [&hellip;]<\/p>\n","protected":false},"author":8,"featured_media":97283,"comment_status":"closed","ping_status":"open","sticky":false,"template":"","format":"standard","meta":{"_acf_changed":false,"footnotes":""},"categories":[51],"tags":[159],"class_list":["post-97281","post","type-post","status-publish","format-standard","has-post-thumbnail","hentry","category-lokalt","tag-erhverv"],"acf":[],"yoast_head":"<!-- This site is optimized with the Yoast SEO plugin v26.8 - https:\/\/yoast.com\/product\/yoast-seo-wordpress\/ -->\n<title>Sparekassen Thy \u00e5bner afdeling i Aarhus - Mors<\/title>\n<meta name=\"robots\" content=\"index, follow, max-snippet:-1, max-image-preview:large, max-video-preview:-1\" \/>\n<link rel=\"canonical\" href=\"https:\/\/kunmedierne.dk\/mors\/sparekassen-thy-aabner-afdeling-i-aarhus\/\" \/>\n<meta property=\"og:locale\" content=\"da_DK\" \/>\n<meta property=\"og:type\" content=\"article\" \/>\n<meta property=\"og:title\" content=\"Sparekassen Thy \u00e5bner afdeling i Aarhus - Mors\" \/>\n<meta property=\"og:description\" content=\"AARHUS: Sparekassen Thy rykker nu for f\u00f8rste gang ind i en af landets st\u00f8rste byer. &#8211; Vi er nu klar til at forts\u00e6tte den positive udvikling og \u00e5bner nu en ny afdeling i Aarhus, der skal betjene b\u00e5de private og erhvervskunder. Udvidelsen er en del af Sparekassen Thys strategi om at v\u00e6kste p\u00e5 et sundt [&hellip;]\" \/>\n<meta property=\"og:url\" content=\"https:\/\/kunmedierne.dk\/mors\/sparekassen-thy-aabner-afdeling-i-aarhus\/\" \/>\n<meta property=\"og:site_name\" content=\"Mors\" \/>\n<meta property=\"article:published_time\" content=\"2023-06-22T09:00:57+00:00\" \/>\n<meta property=\"article:modified_time\" content=\"2024-08-12T11:17:56+00:00\" \/>\n<meta property=\"og:image\" content=\"https:\/\/kunmedierne.dk\/mors\/wp-content\/uploads\/2023\/06\/Ole-Beith-PR-2023-by-Bertel-Bolt-Foto.jpg\" \/>\n\t<meta property=\"og:image:width\" content=\"770\" \/>\n\t<meta property=\"og:image:height\" content=\"513\" \/>\n\t<meta property=\"og:image:type\" content=\"image\/jpeg\" \/>\n<meta name=\"author\" content=\"David H\u00f8jmark\" \/>\n<meta name=\"twitter:card\" content=\"summary_large_image\" \/>\n<meta name=\"twitter:label1\" content=\"Skrevet af\" \/>\n\t<meta name=\"twitter:data1\" content=\"David H\u00f8jmark\" \/>\n\t<meta name=\"twitter:label2\" content=\"Estimeret l\u00e6setid\" \/>\n\t<meta name=\"twitter:data2\" content=\"3 minutter\" \/>\n<script type=\"application\/ld+json\" class=\"yoast-schema-graph\">{\"@context\":\"https:\/\/schema.org\",\"@graph\":[{\"@type\":\"Article\",\"@id\":\"https:\/\/kunmedierne.dk\/mors\/sparekassen-thy-aabner-afdeling-i-aarhus\/#article\",\"isPartOf\":{\"@id\":\"https:\/\/kunmedierne.dk\/mors\/sparekassen-thy-aabner-afdeling-i-aarhus\/\"},\"author\":{\"name\":\"David H\u00f8jmark\",\"@id\":\"https:\/\/kunmedierne.dk\/mors\/#\/schema\/person\/5fe23251bf1d0abbcdc6f7896579d548\"},\"headline\":\"Sparekassen Thy \u00e5bner afdeling i Aarhus\",\"datePublished\":\"2023-06-22T09:00:57+00:00\",\"dateModified\":\"2024-08-12T11:17:56+00:00\",\"mainEntityOfPage\":{\"@id\":\"https:\/\/kunmedierne.dk\/mors\/sparekassen-thy-aabner-afdeling-i-aarhus\/\"},\"wordCount\":590,\"publisher\":{\"@id\":\"https:\/\/kunmedierne.dk\/mors\/#organization\"},\"image\":{\"@id\":\"https:\/\/kunmedierne.dk\/mors\/sparekassen-thy-aabner-afdeling-i-aarhus\/#primaryimage\"},\"thumbnailUrl\":\"https:\/\/kunmedierne.dk\/mors\/wp-content\/uploads\/2023\/06\/Ole-Beith-PR-2023-by-Bertel-Bolt-Foto.jpg\",\"keywords\":[\"Erhverv\"],\"articleSection\":[\"Lokalt\"],\"inLanguage\":\"da-DK\"},{\"@type\":\"WebPage\",\"@id\":\"https:\/\/kunmedierne.dk\/mors\/sparekassen-thy-aabner-afdeling-i-aarhus\/\",\"url\":\"https:\/\/kunmedierne.dk\/mors\/sparekassen-thy-aabner-afdeling-i-aarhus\/\",\"name\":\"Sparekassen Thy \u00e5bner afdeling i Aarhus - Mors\",\"isPartOf\":{\"@id\":\"https:\/\/kunmedierne.dk\/mors\/#website\"},\"primaryImageOfPage\":{\"@id\":\"https:\/\/kunmedierne.dk\/mors\/sparekassen-thy-aabner-afdeling-i-aarhus\/#primaryimage\"},\"image\":{\"@id\":\"https:\/\/kunmedierne.dk\/mors\/sparekassen-thy-aabner-afdeling-i-aarhus\/#primaryimage\"},\"thumbnailUrl\":\"https:\/\/kunmedierne.dk\/mors\/wp-content\/uploads\/2023\/06\/Ole-Beith-PR-2023-by-Bertel-Bolt-Foto.jpg\",\"datePublished\":\"2023-06-22T09:00:57+00:00\",\"dateModified\":\"2024-08-12T11:17:56+00:00\",\"breadcrumb\":{\"@id\":\"https:\/\/kunmedierne.dk\/mors\/sparekassen-thy-aabner-afdeling-i-aarhus\/#breadcrumb\"},\"inLanguage\":\"da-DK\",\"potentialAction\":[{\"@type\":\"ReadAction\",\"target\":[\"https:\/\/kunmedierne.dk\/mors\/sparekassen-thy-aabner-afdeling-i-aarhus\/\"]}]},{\"@type\":\"ImageObject\",\"inLanguage\":\"da-DK\",\"@id\":\"https:\/\/kunmedierne.dk\/mors\/sparekassen-thy-aabner-afdeling-i-aarhus\/#primaryimage\",\"url\":\"https:\/\/kunmedierne.dk\/mors\/wp-content\/uploads\/2023\/06\/Ole-Beith-PR-2023-by-Bertel-Bolt-Foto.jpg\",\"contentUrl\":\"https:\/\/kunmedierne.dk\/mors\/wp-content\/uploads\/2023\/06\/Ole-Beith-PR-2023-by-Bertel-Bolt-Foto.jpg\",\"width\":770,\"height\":513,\"caption\":\"Ole Beith, direkt\u00f8r i Sparekassen Thy. Foto: Bertel Bolt.\"},{\"@type\":\"BreadcrumbList\",\"@id\":\"https:\/\/kunmedierne.dk\/mors\/sparekassen-thy-aabner-afdeling-i-aarhus\/#breadcrumb\",\"itemListElement\":[{\"@type\":\"ListItem\",\"position\":1,\"name\":\"Hjem\",\"item\":\"https:\/\/kunmedierne.dk\/mors\/\"},{\"@type\":\"ListItem\",\"position\":2,\"name\":\"Sparekassen Thy \u00e5bner afdeling i Aarhus\"}]},{\"@type\":\"WebSite\",\"@id\":\"https:\/\/kunmedierne.dk\/mors\/#website\",\"url\":\"https:\/\/kunmedierne.dk\/mors\/\",\"name\":\"Mors\",\"description\":\"et netmedie med journalistik om livet p\u00e5 Mors\",\"publisher\":{\"@id\":\"https:\/\/kunmedierne.dk\/mors\/#organization\"},\"potentialAction\":[{\"@type\":\"SearchAction\",\"target\":{\"@type\":\"EntryPoint\",\"urlTemplate\":\"https:\/\/kunmedierne.dk\/mors\/?s={search_term_string}\"},\"query-input\":{\"@type\":\"PropertyValueSpecification\",\"valueRequired\":true,\"valueName\":\"search_term_string\"}}],\"inLanguage\":\"da-DK\"},{\"@type\":\"Organization\",\"@id\":\"https:\/\/kunmedierne.dk\/mors\/#organization\",\"name\":\"Mors\",\"url\":\"https:\/\/kunmedierne.dk\/mors\/\",\"logo\":{\"@type\":\"ImageObject\",\"inLanguage\":\"da-DK\",\"@id\":\"https:\/\/kunmedierne.dk\/mors\/#\/schema\/logo\/image\/\",\"url\":\"https:\/\/kunmedierne.dk\/mors\/wp-content\/uploads\/2024\/08\/kunmors-logo.svg\",\"contentUrl\":\"https:\/\/kunmedierne.dk\/mors\/wp-content\/uploads\/2024\/08\/kunmors-logo.svg\",\"caption\":\"Mors\"},\"image\":{\"@id\":\"https:\/\/kunmedierne.dk\/mors\/#\/schema\/logo\/image\/\"}},{\"@type\":\"Person\",\"@id\":\"https:\/\/kunmedierne.dk\/mors\/#\/schema\/person\/5fe23251bf1d0abbcdc6f7896579d548\",\"name\":\"David H\u00f8jmark\",\"image\":{\"@type\":\"ImageObject\",\"inLanguage\":\"da-DK\",\"@id\":\"https:\/\/kunmedierne.dk\/mors\/#\/schema\/person\/image\/\",\"url\":\"https:\/\/secure.gravatar.com\/avatar\/4315d6fb9ef244d729989f5f90268eb08d5bf8a3d84402f595fa194bb35784fd?s=96&d=mm&r=g\",\"contentUrl\":\"https:\/\/secure.gravatar.com\/avatar\/4315d6fb9ef244d729989f5f90268eb08d5bf8a3d84402f595fa194bb35784fd?s=96&d=mm&r=g\",\"caption\":\"David H\u00f8jmark\"},\"sameAs\":[\"https:\/\/www.kunmedierne.dk\"],\"url\":\"https:\/\/kunmedierne.dk\/mors\/author\/david\/\"}]}<\/script>\n<!-- \/ Yoast SEO plugin. -->","yoast_head_json":{"title":"Sparekassen Thy \u00e5bner afdeling i Aarhus - Mors","robots":{"index":"index","follow":"follow","max-snippet":"max-snippet:-1","max-image-preview":"max-image-preview:large","max-video-preview":"max-video-preview:-1"},"canonical":"https:\/\/kunmedierne.dk\/mors\/sparekassen-thy-aabner-afdeling-i-aarhus\/","og_locale":"da_DK","og_type":"article","og_title":"Sparekassen Thy \u00e5bner afdeling i Aarhus - Mors","og_description":"AARHUS: Sparekassen Thy rykker nu for f\u00f8rste gang ind i en af landets st\u00f8rste byer. &#8211; Vi er nu klar til at forts\u00e6tte den positive udvikling og \u00e5bner nu en ny afdeling i Aarhus, der skal betjene b\u00e5de private og erhvervskunder. Udvidelsen er en del af Sparekassen Thys strategi om at v\u00e6kste p\u00e5 et sundt [&hellip;]","og_url":"https:\/\/kunmedierne.dk\/mors\/sparekassen-thy-aabner-afdeling-i-aarhus\/","og_site_name":"Mors","article_published_time":"2023-06-22T09:00:57+00:00","article_modified_time":"2024-08-12T11:17:56+00:00","og_image":[{"width":770,"height":513,"url":"https:\/\/kunmedierne.dk\/mors\/wp-content\/uploads\/2023\/06\/Ole-Beith-PR-2023-by-Bertel-Bolt-Foto.jpg","type":"image\/jpeg"}],"author":"David H\u00f8jmark","twitter_card":"summary_large_image","twitter_misc":{"Skrevet af":"David H\u00f8jmark","Estimeret l\u00e6setid":"3 minutter"},"schema":{"@context":"https:\/\/schema.org","@graph":[{"@type":"Article","@id":"https:\/\/kunmedierne.dk\/mors\/sparekassen-thy-aabner-afdeling-i-aarhus\/#article","isPartOf":{"@id":"https:\/\/kunmedierne.dk\/mors\/sparekassen-thy-aabner-afdeling-i-aarhus\/"},"author":{"name":"David H\u00f8jmark","@id":"https:\/\/kunmedierne.dk\/mors\/#\/schema\/person\/5fe23251bf1d0abbcdc6f7896579d548"},"headline":"Sparekassen Thy \u00e5bner afdeling i Aarhus","datePublished":"2023-06-22T09:00:57+00:00","dateModified":"2024-08-12T11:17:56+00:00","mainEntityOfPage":{"@id":"https:\/\/kunmedierne.dk\/mors\/sparekassen-thy-aabner-afdeling-i-aarhus\/"},"wordCount":590,"publisher":{"@id":"https:\/\/kunmedierne.dk\/mors\/#organization"},"image":{"@id":"https:\/\/kunmedierne.dk\/mors\/sparekassen-thy-aabner-afdeling-i-aarhus\/#primaryimage"},"thumbnailUrl":"https:\/\/kunmedierne.dk\/mors\/wp-content\/uploads\/2023\/06\/Ole-Beith-PR-2023-by-Bertel-Bolt-Foto.jpg","keywords":["Erhverv"],"articleSection":["Lokalt"],"inLanguage":"da-DK"},{"@type":"WebPage","@id":"https:\/\/kunmedierne.dk\/mors\/sparekassen-thy-aabner-afdeling-i-aarhus\/","url":"https:\/\/kunmedierne.dk\/mors\/sparekassen-thy-aabner-afdeling-i-aarhus\/","name":"Sparekassen Thy \u00e5bner afdeling i Aarhus - Mors","isPartOf":{"@id":"https:\/\/kunmedierne.dk\/mors\/#website"},"primaryImageOfPage":{"@id":"https:\/\/kunmedierne.dk\/mors\/sparekassen-thy-aabner-afdeling-i-aarhus\/#primaryimage"},"image":{"@id":"https:\/\/kunmedierne.dk\/mors\/sparekassen-thy-aabner-afdeling-i-aarhus\/#primaryimage"},"thumbnailUrl":"https:\/\/kunmedierne.dk\/mors\/wp-content\/uploads\/2023\/06\/Ole-Beith-PR-2023-by-Bertel-Bolt-Foto.jpg","datePublished":"2023-06-22T09:00:57+00:00","dateModified":"2024-08-12T11:17:56+00:00","breadcrumb":{"@id":"https:\/\/kunmedierne.dk\/mors\/sparekassen-thy-aabner-afdeling-i-aarhus\/#breadcrumb"},"inLanguage":"da-DK","potentialAction":[{"@type":"ReadAction","target":["https:\/\/kunmedierne.dk\/mors\/sparekassen-thy-aabner-afdeling-i-aarhus\/"]}]},{"@type":"ImageObject","inLanguage":"da-DK","@id":"https:\/\/kunmedierne.dk\/mors\/sparekassen-thy-aabner-afdeling-i-aarhus\/#primaryimage","url":"https:\/\/kunmedierne.dk\/mors\/wp-content\/uploads\/2023\/06\/Ole-Beith-PR-2023-by-Bertel-Bolt-Foto.jpg","contentUrl":"https:\/\/kunmedierne.dk\/mors\/wp-content\/uploads\/2023\/06\/Ole-Beith-PR-2023-by-Bertel-Bolt-Foto.jpg","width":770,"height":513,"caption":"Ole Beith, direkt\u00f8r i Sparekassen Thy. Foto: Bertel Bolt."},{"@type":"BreadcrumbList","@id":"https:\/\/kunmedierne.dk\/mors\/sparekassen-thy-aabner-afdeling-i-aarhus\/#breadcrumb","itemListElement":[{"@type":"ListItem","position":1,"name":"Hjem","item":"https:\/\/kunmedierne.dk\/mors\/"},{"@type":"ListItem","position":2,"name":"Sparekassen Thy \u00e5bner afdeling i Aarhus"}]},{"@type":"WebSite","@id":"https:\/\/kunmedierne.dk\/mors\/#website","url":"https:\/\/kunmedierne.dk\/mors\/","name":"Mors","description":"et netmedie med journalistik om livet p\u00e5 Mors","publisher":{"@id":"https:\/\/kunmedierne.dk\/mors\/#organization"},"potentialAction":[{"@type":"SearchAction","target":{"@type":"EntryPoint","urlTemplate":"https:\/\/kunmedierne.dk\/mors\/?s={search_term_string}"},"query-input":{"@type":"PropertyValueSpecification","valueRequired":true,"valueName":"search_term_string"}}],"inLanguage":"da-DK"},{"@type":"Organization","@id":"https:\/\/kunmedierne.dk\/mors\/#organization","name":"Mors","url":"https:\/\/kunmedierne.dk\/mors\/","logo":{"@type":"ImageObject","inLanguage":"da-DK","@id":"https:\/\/kunmedierne.dk\/mors\/#\/schema\/logo\/image\/","url":"https:\/\/kunmedierne.dk\/mors\/wp-content\/uploads\/2024\/08\/kunmors-logo.svg","contentUrl":"https:\/\/kunmedierne.dk\/mors\/wp-content\/uploads\/2024\/08\/kunmors-logo.svg","caption":"Mors"},"image":{"@id":"https:\/\/kunmedierne.dk\/mors\/#\/schema\/logo\/image\/"}},{"@type":"Person","@id":"https:\/\/kunmedierne.dk\/mors\/#\/schema\/person\/5fe23251bf1d0abbcdc6f7896579d548","name":"David H\u00f8jmark","image":{"@type":"ImageObject","inLanguage":"da-DK","@id":"https:\/\/kunmedierne.dk\/mors\/#\/schema\/person\/image\/","url":"https:\/\/secure.gravatar.com\/avatar\/4315d6fb9ef244d729989f5f90268eb08d5bf8a3d84402f595fa194bb35784fd?s=96&d=mm&r=g","contentUrl":"https:\/\/secure.gravatar.com\/avatar\/4315d6fb9ef244d729989f5f90268eb08d5bf8a3d84402f595fa194bb35784fd?s=96&d=mm&r=g","caption":"David H\u00f8jmark"},"sameAs":["https:\/\/www.kunmedierne.dk"],"url":"https:\/\/kunmedierne.dk\/mors\/author\/david\/"}]}},"_links":{"self":[{"href":"https:\/\/kunmedierne.dk\/mors\/wp-json\/wp\/v2\/posts\/97281","targetHints":{"allow":["GET"]}}],"collection":[{"href":"https:\/\/kunmedierne.dk\/mors\/wp-json\/wp\/v2\/posts"}],"about":[{"href":"https:\/\/kunmedierne.dk\/mors\/wp-json\/wp\/v2\/types\/post"}],"author":[{"embeddable":true,"href":"https:\/\/kunmedierne.dk\/mors\/wp-json\/wp\/v2\/users\/8"}],"replies":[{"embeddable":true,"href":"https:\/\/kunmedierne.dk\/mors\/wp-json\/wp\/v2\/comments?post=97281"}],"version-history":[{"count":2,"href":"https:\/\/kunmedierne.dk\/mors\/wp-json\/wp\/v2\/posts\/97281\/revisions"}],"predecessor-version":[{"id":97284,"href":"https:\/\/kunmedierne.dk\/mors\/wp-json\/wp\/v2\/posts\/97281\/revisions\/97284"}],"wp:featuredmedia":[{"embeddable":true,"href":"https:\/\/kunmedierne.dk\/mors\/wp-json\/wp\/v2\/media\/97283"}],"wp:attachment":[{"href":"https:\/\/kunmedierne.dk\/mors\/wp-json\/wp\/v2\/media?parent=97281"}],"wp:term":[{"taxonomy":"category","embeddable":true,"href":"https:\/\/kunmedierne.dk\/mors\/wp-json\/wp\/v2\/categories?post=97281"},{"taxonomy":"post_tag","embeddable":true,"href":"https:\/\/kunmedierne.dk\/mors\/wp-json\/wp\/v2\/tags?post=97281"}],"curies":[{"name":"wp","href":"https:\/\/api.w.org\/{rel}","templated":true}]}}