{"id":97195,"date":"2023-06-20T20:26:07","date_gmt":"2023-06-20T18:26:07","guid":{"rendered":"https:\/\/kunmedierne.dk\/mors\/?p=97195"},"modified":"2024-08-12T13:17:57","modified_gmt":"2024-08-12T11:17:57","slug":"kulturmoedet-har-praesenteret-sit-fulde-program","status":"publish","type":"post","link":"https:\/\/kunmedierne.dk\/mors\/kulturmoedet-har-praesenteret-sit-fulde-program\/","title":{"rendered":"Kulturm\u00f8det har pr\u00e6senteret sit fulde program"},"content":{"rendered":"<p><strong>MORS<\/strong>: &#8220;Kulturm\u00f8det p\u00e5 Mors er klar med et vidtfavnende program, der kommer ud i kunstens og kulturens afkroge med inspirerende samtaler, debatter, oplevelser og koncerter.&#8221;<\/p>\n<p>S\u00e5dan lyder det i en pressemeddelelse fra Kulturm\u00f8det Mors om \u00e5rets store begivenhed, der er et 10 \u00e5rs jubil\u00e6um for den b\u00e5de lokale og nationale event. Den bringer, lyder det fra Kulturm\u00f8det, kunsten og kulturen &#8220;ind i velf\u00e6rdsstatens maskinrum, og peger p\u00e5, at begge dele kan bidrage til at l\u00f8se tidens store samfundsudfordringer.&#8221;<\/p>\n<p>&#8211; Kulturm\u00f8det er dedikeret til at udforske kunstens og kulturens betydning og ansvar for det f\u00e6lles samfund og den fremtid, som vi \u00f8nsker os. Verden er i forandring. Det er tydeligt, n\u00e5r vi taler klima og velf\u00e6rd, men ogs\u00e5 n\u00e5r det handler om opbrud i magtstrukturer, ytringsfrihed og polarisering i den demokratiske samtale. Hvis det ikke er i kunsten og kulturen, vi skal g\u00e5 til for at gent\u00e6nke os selv, empatien med kloden og hinanden, s\u00e5 peg mig gerne i en anden retning, siger direkt\u00f8r for Kulturm\u00f8det, Trine Bang.<\/p>\n<a class=\"dvrt-link\" onClick=\"cdmtrack_click(169437,jQuery(this));return false\" href=\"https:\/\/thymors.dk\/sponsorater\/15-til-faellesskabet?utm_source=kunmors&amp;utm_medium=annonce&amp;utm_campaign=sponsorater\"><img decoding=\"async\" style=\"width:100%;\" src=\"https:\/\/kunmedierne.dk\/mors\/wp-content\/uploads\/2026\/03\/260407ThyMors-energi_faellesskab_generel-1.jpg\"><\/a><script>cdmtrack_view(169437);<\/script>\n<p>\u00c5rets program udspringer af temaerne &#8220;Demokrati og samfund,&#8221; &#8220;N\u00e6ste generation,&#8221; &#8220;Gr\u00f8n fremtid,&#8221; &#8220;Trivsel og sundhed,&#8221; &#8220;Medier og teknologi,&#8221; samt &#8220;Fremtid og forretning&#8221;. Kulturminister\u00a0Jakob Engel-Schmidt\u00a0vil sammen med en lang r\u00e6kke kollegaer fra Folketinget, regioner og kommuner diskutere de aktuelle dagsordener i selskab med st\u00e6rke stemmer som aktivist\u00a0Emma Holten, professor\u00a0Svend Brinkmann, museumsdirekt\u00f8r\u00a0Astrid la Cour, fremtidsforsker\u00a0Niklas Larsen, kunstner\u00a0Jeppe Hein, arkitekt\u00a0Jan Geel, kunstner\u00a0Bj\u00f8rn N\u00f8rgaard, musiker og sangskriver\u00a0Nanna Jacobi, formand for Danmarksdemokraterne\u00a0Inger St\u00f8jberg\u00a0og mange flere.<\/p>\n<p>&nbsp;<\/p>\n<p><strong>Stort og bredt oplevelsesprogram<\/strong><\/p>\n<p>Kulturm\u00f8det Mors fremh\u00e6ver ogs\u00e5, at det ud over at debattere kunsten og kulturens position og rolle i samfundet bringer kunsten ud til folket gennem sit ambiti\u00f8se oplevelses- og festivalprogram.<\/p>\n<p>De 30.000 g\u00e6ster kan da ogs\u00e5 dykke ned i et program, der sp\u00e6nder fr store litter\u00e6re stemmer som Glenn Bech, Caspar Eric, Anna Juul og Iben Albinus over klassiske koncerter med stjerne-cellisten Josefine Opsahl, Aalborg Symfoniorkester og Who Killed Bambi feat. S\u00f8ren Huss til de store aftenkoncerter med Barselona, Zar Paulo og den fremadstormende kunstner eee gee.<\/p>\n<p>&#8220;Der er s\u00e5 at sige noget for enhver smag i l\u00f8bet af de tre dage,&#8221; skriver Kulturm\u00f8det.<\/p>\n<a class=\"dvrt-link\" onClick=\"cdmtrack_click(104783,jQuery(this));return false\" href=\"https:\/\/konpap.dk\/\"><img decoding=\"async\" style=\"width:100%;\" src=\"https:\/\/kunmedierne.dk\/mors\/wp-content\/uploads\/2023\/10\/Kun-Mors-banner.jpg\"><\/a><script>cdmtrack_view(104783);<\/script>\n<p>&#8211; Kulturm\u00f8det er som begivenhed lykkedes med at nedbryde skellet mellem det folkelige og det mere h\u00f8jkulturelle. Til stor inspiration for publikum og kunsterne. Vores erfaring fort\u00e6ller os, at Kulturm\u00f8dets publikum er utrolig nysgerrige og \u00e5bne over for nye oplevelser. Vores fornemmeste opgave er at pr\u00e6sentere et program, der kan skabe nye m\u00f8der mellem kunsten og et mangfoldigt publikum. Vi vil g\u00f8re kunsten n\u00e6rv\u00e6rende, siger Trine Bang.<\/p>\n<p>&nbsp;<\/p>\n<p><strong>Nyt nordisk program<\/strong><\/p>\n<p>I \u00e5r har man med st\u00f8tte fra A.P. M\u00f8ller Fonden gjort ekstra for at engagere vores nordiske naboer i \u00e5rets Kulturm\u00f8de. Med mere end 45 kunstnere, forskere, kulturakt\u00f8rer og unge stemmer, f\u00e5r Norden en helt central plads i programmet. Oplev blandt andre\u00a0Lucky Lo (SE), Teitur &amp; Aarhus Jazz Orchestra (FO\/DK).<\/p>\n<a class=\"dvrt-link\" onClick=\"cdmtrack_click(104779,jQuery(this));return false\" href=\"https:\/\/morsoe-begravelsesforretning.dk\/\"><img decoding=\"async\" style=\"width:100%;\" src=\"https:\/\/kunmedierne.dk\/mors\/wp-content\/uploads\/2023\/11\/251215-morsoe-begravelsesforretning.jpg\"><\/a><script>cdmtrack_view(104779);<\/script>\n<p>Publikum kan ogs\u00e5 se frem til inspirerende og fordybende samtaler med blandt andre forfatterne\u00a0Einar M\u00e1r Gu\u00f0mundsson (IS), Niviaq Korneliussen (GL),\u00a0journalist\u00a0\u00c5sa Linderborg (SE), den verdenskendte geolog og forfatter\u00a0Minik Rosing (GL), den svenske ambassad\u00f8r\u00a0Charlotte Wrangberg (SE),\u00a0samt Norges helt store filminstrukt\u00f8r\u00a0Joachim Trier (NO), og arkitektur-entusiaster kan se frem til to nordiske topprofiler &#8211; nemlig arkitektur-journalist og tv-v\u00e6rt\u00a0Mark Isitt (SE)\u00a0og grundl\u00e6ggeren af Sn\u00f8hetta\u00a0Kjetil Thorsen (NO).<\/p>\n<p>Kulturm\u00f8det Mors finder sted i dagene 24.-26. august. Du kan se hele programmet p\u00e5 Kulturm\u00f8dets hjemmeside <a href=\"https:\/\/program.kulturmodet.dk\/\">her<\/a>.<\/p>\n<h5>L\u00c6S OGS\u00c5:<\/h5>\n<h5>24\/4-2023: <a href=\"https:\/\/kunmedierne.dk\/mors\/borgmester-om-ekstra-million-kulturmoedet-har-bevist-sig-selv\/\">Borgmester om ekstra million: Kulturm\u00f8det har bevist sig selv<\/a><\/h5>\n<h5>17\/5-2023: <a href=\"https:\/\/kunmedierne.dk\/mors\/store-folkelige-koncerter-paa-kulturmoedet\/\">Store folkelige koncerter p\u00e5 Kulturm\u00f8det<\/a><\/h5>\n<h5>14\/6-2023: <a href=\"https:\/\/kunmedierne.dk\/mors\/kulturmoedet-praesenterer-ambitioest-nordisk-program\/\">Kulturm\u00f8det pr\u00e6senterer ambiti\u00f8st nordisk program<\/a><\/h5>\n","protected":false},"excerpt":{"rendered":"<p>MORS: &#8220;Kulturm\u00f8det p\u00e5 Mors er klar med et vidtfavnende program, der kommer ud i kunstens og kulturens afkroge med inspirerende samtaler, debatter, oplevelser og koncerter.&#8221; S\u00e5dan lyder det i en pressemeddelelse fra Kulturm\u00f8det Mors om \u00e5rets store begivenhed, der er et 10 \u00e5rs jubil\u00e6um for den b\u00e5de lokale og nationale event. Den bringer, lyder det [&hellip;]<\/p>\n","protected":false},"author":8,"featured_media":97196,"comment_status":"closed","ping_status":"open","sticky":false,"template":"","format":"standard","meta":{"_acf_changed":false,"footnotes":""},"categories":[49],"tags":[162],"class_list":["post-97195","post","type-post","status-publish","format-standard","has-post-thumbnail","hentry","category-kultur","tag-kulturmoedet"],"acf":[],"yoast_head":"<!-- This site is optimized with the Yoast SEO plugin v26.8 - https:\/\/yoast.com\/product\/yoast-seo-wordpress\/ -->\n<title>Kulturm\u00f8det har pr\u00e6senteret sit fulde program - Mors<\/title>\n<meta name=\"robots\" content=\"index, follow, max-snippet:-1, max-image-preview:large, max-video-preview:-1\" \/>\n<link rel=\"canonical\" href=\"https:\/\/kunmedierne.dk\/mors\/kulturmoedet-har-praesenteret-sit-fulde-program\/\" \/>\n<meta property=\"og:locale\" content=\"da_DK\" \/>\n<meta property=\"og:type\" content=\"article\" \/>\n<meta property=\"og:title\" content=\"Kulturm\u00f8det har pr\u00e6senteret sit fulde program - Mors\" \/>\n<meta property=\"og:description\" content=\"MORS: &#8220;Kulturm\u00f8det p\u00e5 Mors er klar med et vidtfavnende program, der kommer ud i kunstens og kulturens afkroge med inspirerende samtaler, debatter, oplevelser og koncerter.&#8221; S\u00e5dan lyder det i en pressemeddelelse fra Kulturm\u00f8det Mors om \u00e5rets store begivenhed, der er et 10 \u00e5rs jubil\u00e6um for den b\u00e5de lokale og nationale event. Den bringer, lyder det [&hellip;]\" \/>\n<meta property=\"og:url\" content=\"https:\/\/kunmedierne.dk\/mors\/kulturmoedet-har-praesenteret-sit-fulde-program\/\" \/>\n<meta property=\"og:site_name\" content=\"Mors\" \/>\n<meta property=\"article:published_time\" content=\"2023-06-20T18:26:07+00:00\" \/>\n<meta property=\"article:modified_time\" content=\"2024-08-12T11:17:57+00:00\" \/>\n<meta property=\"og:image\" content=\"https:\/\/kunmedierne.dk\/mors\/wp-content\/uploads\/2023\/06\/kulturmoedet2022.jpg\" \/>\n\t<meta property=\"og:image:width\" content=\"770\" \/>\n\t<meta property=\"og:image:height\" content=\"513\" \/>\n\t<meta property=\"og:image:type\" content=\"image\/jpeg\" \/>\n<meta name=\"author\" content=\"David H\u00f8jmark\" \/>\n<meta name=\"twitter:card\" content=\"summary_large_image\" \/>\n<meta name=\"twitter:label1\" content=\"Skrevet af\" \/>\n\t<meta name=\"twitter:data1\" content=\"David H\u00f8jmark\" \/>\n\t<meta name=\"twitter:label2\" content=\"Estimeret l\u00e6setid\" \/>\n\t<meta name=\"twitter:data2\" content=\"4 minutter\" \/>\n<script type=\"application\/ld+json\" class=\"yoast-schema-graph\">{\"@context\":\"https:\/\/schema.org\",\"@graph\":[{\"@type\":\"Article\",\"@id\":\"https:\/\/kunmedierne.dk\/mors\/kulturmoedet-har-praesenteret-sit-fulde-program\/#article\",\"isPartOf\":{\"@id\":\"https:\/\/kunmedierne.dk\/mors\/kulturmoedet-har-praesenteret-sit-fulde-program\/\"},\"author\":{\"name\":\"David H\u00f8jmark\",\"@id\":\"https:\/\/kunmedierne.dk\/mors\/#\/schema\/person\/5fe23251bf1d0abbcdc6f7896579d548\"},\"headline\":\"Kulturm\u00f8det har pr\u00e6senteret sit fulde program\",\"datePublished\":\"2023-06-20T18:26:07+00:00\",\"dateModified\":\"2024-08-12T11:17:57+00:00\",\"mainEntityOfPage\":{\"@id\":\"https:\/\/kunmedierne.dk\/mors\/kulturmoedet-har-praesenteret-sit-fulde-program\/\"},\"wordCount\":666,\"publisher\":{\"@id\":\"https:\/\/kunmedierne.dk\/mors\/#organization\"},\"image\":{\"@id\":\"https:\/\/kunmedierne.dk\/mors\/kulturmoedet-har-praesenteret-sit-fulde-program\/#primaryimage\"},\"thumbnailUrl\":\"https:\/\/kunmedierne.dk\/mors\/wp-content\/uploads\/2023\/06\/kulturmoedet2022.jpg\",\"keywords\":[\"Kulturm\u00f8det\"],\"articleSection\":[\"Kultur\"],\"inLanguage\":\"da-DK\"},{\"@type\":\"WebPage\",\"@id\":\"https:\/\/kunmedierne.dk\/mors\/kulturmoedet-har-praesenteret-sit-fulde-program\/\",\"url\":\"https:\/\/kunmedierne.dk\/mors\/kulturmoedet-har-praesenteret-sit-fulde-program\/\",\"name\":\"Kulturm\u00f8det har pr\u00e6senteret sit fulde program - Mors\",\"isPartOf\":{\"@id\":\"https:\/\/kunmedierne.dk\/mors\/#website\"},\"primaryImageOfPage\":{\"@id\":\"https:\/\/kunmedierne.dk\/mors\/kulturmoedet-har-praesenteret-sit-fulde-program\/#primaryimage\"},\"image\":{\"@id\":\"https:\/\/kunmedierne.dk\/mors\/kulturmoedet-har-praesenteret-sit-fulde-program\/#primaryimage\"},\"thumbnailUrl\":\"https:\/\/kunmedierne.dk\/mors\/wp-content\/uploads\/2023\/06\/kulturmoedet2022.jpg\",\"datePublished\":\"2023-06-20T18:26:07+00:00\",\"dateModified\":\"2024-08-12T11:17:57+00:00\",\"breadcrumb\":{\"@id\":\"https:\/\/kunmedierne.dk\/mors\/kulturmoedet-har-praesenteret-sit-fulde-program\/#breadcrumb\"},\"inLanguage\":\"da-DK\",\"potentialAction\":[{\"@type\":\"ReadAction\",\"target\":[\"https:\/\/kunmedierne.dk\/mors\/kulturmoedet-har-praesenteret-sit-fulde-program\/\"]}]},{\"@type\":\"ImageObject\",\"inLanguage\":\"da-DK\",\"@id\":\"https:\/\/kunmedierne.dk\/mors\/kulturmoedet-har-praesenteret-sit-fulde-program\/#primaryimage\",\"url\":\"https:\/\/kunmedierne.dk\/mors\/wp-content\/uploads\/2023\/06\/kulturmoedet2022.jpg\",\"contentUrl\":\"https:\/\/kunmedierne.dk\/mors\/wp-content\/uploads\/2023\/06\/kulturmoedet2022.jpg\",\"width\":770,\"height\":513,\"caption\":\"Fra Kulturm\u00f8det 2022. Foto: Per Bille.\"},{\"@type\":\"BreadcrumbList\",\"@id\":\"https:\/\/kunmedierne.dk\/mors\/kulturmoedet-har-praesenteret-sit-fulde-program\/#breadcrumb\",\"itemListElement\":[{\"@type\":\"ListItem\",\"position\":1,\"name\":\"Hjem\",\"item\":\"https:\/\/kunmedierne.dk\/mors\/\"},{\"@type\":\"ListItem\",\"position\":2,\"name\":\"Kulturm\u00f8det har pr\u00e6senteret sit fulde program\"}]},{\"@type\":\"WebSite\",\"@id\":\"https:\/\/kunmedierne.dk\/mors\/#website\",\"url\":\"https:\/\/kunmedierne.dk\/mors\/\",\"name\":\"Mors\",\"description\":\"et netmedie med journalistik om livet p\u00e5 Mors\",\"publisher\":{\"@id\":\"https:\/\/kunmedierne.dk\/mors\/#organization\"},\"potentialAction\":[{\"@type\":\"SearchAction\",\"target\":{\"@type\":\"EntryPoint\",\"urlTemplate\":\"https:\/\/kunmedierne.dk\/mors\/?s={search_term_string}\"},\"query-input\":{\"@type\":\"PropertyValueSpecification\",\"valueRequired\":true,\"valueName\":\"search_term_string\"}}],\"inLanguage\":\"da-DK\"},{\"@type\":\"Organization\",\"@id\":\"https:\/\/kunmedierne.dk\/mors\/#organization\",\"name\":\"Mors\",\"url\":\"https:\/\/kunmedierne.dk\/mors\/\",\"logo\":{\"@type\":\"ImageObject\",\"inLanguage\":\"da-DK\",\"@id\":\"https:\/\/kunmedierne.dk\/mors\/#\/schema\/logo\/image\/\",\"url\":\"https:\/\/kunmedierne.dk\/mors\/wp-content\/uploads\/2024\/08\/kunmors-logo.svg\",\"contentUrl\":\"https:\/\/kunmedierne.dk\/mors\/wp-content\/uploads\/2024\/08\/kunmors-logo.svg\",\"caption\":\"Mors\"},\"image\":{\"@id\":\"https:\/\/kunmedierne.dk\/mors\/#\/schema\/logo\/image\/\"}},{\"@type\":\"Person\",\"@id\":\"https:\/\/kunmedierne.dk\/mors\/#\/schema\/person\/5fe23251bf1d0abbcdc6f7896579d548\",\"name\":\"David H\u00f8jmark\",\"image\":{\"@type\":\"ImageObject\",\"inLanguage\":\"da-DK\",\"@id\":\"https:\/\/kunmedierne.dk\/mors\/#\/schema\/person\/image\/\",\"url\":\"https:\/\/secure.gravatar.com\/avatar\/4315d6fb9ef244d729989f5f90268eb08d5bf8a3d84402f595fa194bb35784fd?s=96&d=mm&r=g\",\"contentUrl\":\"https:\/\/secure.gravatar.com\/avatar\/4315d6fb9ef244d729989f5f90268eb08d5bf8a3d84402f595fa194bb35784fd?s=96&d=mm&r=g\",\"caption\":\"David H\u00f8jmark\"},\"sameAs\":[\"https:\/\/www.kunmedierne.dk\"],\"url\":\"https:\/\/kunmedierne.dk\/mors\/author\/david\/\"}]}<\/script>\n<!-- \/ Yoast SEO plugin. -->","yoast_head_json":{"title":"Kulturm\u00f8det har pr\u00e6senteret sit fulde program - Mors","robots":{"index":"index","follow":"follow","max-snippet":"max-snippet:-1","max-image-preview":"max-image-preview:large","max-video-preview":"max-video-preview:-1"},"canonical":"https:\/\/kunmedierne.dk\/mors\/kulturmoedet-har-praesenteret-sit-fulde-program\/","og_locale":"da_DK","og_type":"article","og_title":"Kulturm\u00f8det har pr\u00e6senteret sit fulde program - Mors","og_description":"MORS: &#8220;Kulturm\u00f8det p\u00e5 Mors er klar med et vidtfavnende program, der kommer ud i kunstens og kulturens afkroge med inspirerende samtaler, debatter, oplevelser og koncerter.&#8221; S\u00e5dan lyder det i en pressemeddelelse fra Kulturm\u00f8det Mors om \u00e5rets store begivenhed, der er et 10 \u00e5rs jubil\u00e6um for den b\u00e5de lokale og nationale event. Den bringer, lyder det [&hellip;]","og_url":"https:\/\/kunmedierne.dk\/mors\/kulturmoedet-har-praesenteret-sit-fulde-program\/","og_site_name":"Mors","article_published_time":"2023-06-20T18:26:07+00:00","article_modified_time":"2024-08-12T11:17:57+00:00","og_image":[{"width":770,"height":513,"url":"https:\/\/kunmedierne.dk\/mors\/wp-content\/uploads\/2023\/06\/kulturmoedet2022.jpg","type":"image\/jpeg"}],"author":"David H\u00f8jmark","twitter_card":"summary_large_image","twitter_misc":{"Skrevet af":"David H\u00f8jmark","Estimeret l\u00e6setid":"4 minutter"},"schema":{"@context":"https:\/\/schema.org","@graph":[{"@type":"Article","@id":"https:\/\/kunmedierne.dk\/mors\/kulturmoedet-har-praesenteret-sit-fulde-program\/#article","isPartOf":{"@id":"https:\/\/kunmedierne.dk\/mors\/kulturmoedet-har-praesenteret-sit-fulde-program\/"},"author":{"name":"David H\u00f8jmark","@id":"https:\/\/kunmedierne.dk\/mors\/#\/schema\/person\/5fe23251bf1d0abbcdc6f7896579d548"},"headline":"Kulturm\u00f8det har pr\u00e6senteret sit fulde program","datePublished":"2023-06-20T18:26:07+00:00","dateModified":"2024-08-12T11:17:57+00:00","mainEntityOfPage":{"@id":"https:\/\/kunmedierne.dk\/mors\/kulturmoedet-har-praesenteret-sit-fulde-program\/"},"wordCount":666,"publisher":{"@id":"https:\/\/kunmedierne.dk\/mors\/#organization"},"image":{"@id":"https:\/\/kunmedierne.dk\/mors\/kulturmoedet-har-praesenteret-sit-fulde-program\/#primaryimage"},"thumbnailUrl":"https:\/\/kunmedierne.dk\/mors\/wp-content\/uploads\/2023\/06\/kulturmoedet2022.jpg","keywords":["Kulturm\u00f8det"],"articleSection":["Kultur"],"inLanguage":"da-DK"},{"@type":"WebPage","@id":"https:\/\/kunmedierne.dk\/mors\/kulturmoedet-har-praesenteret-sit-fulde-program\/","url":"https:\/\/kunmedierne.dk\/mors\/kulturmoedet-har-praesenteret-sit-fulde-program\/","name":"Kulturm\u00f8det har pr\u00e6senteret sit fulde program - Mors","isPartOf":{"@id":"https:\/\/kunmedierne.dk\/mors\/#website"},"primaryImageOfPage":{"@id":"https:\/\/kunmedierne.dk\/mors\/kulturmoedet-har-praesenteret-sit-fulde-program\/#primaryimage"},"image":{"@id":"https:\/\/kunmedierne.dk\/mors\/kulturmoedet-har-praesenteret-sit-fulde-program\/#primaryimage"},"thumbnailUrl":"https:\/\/kunmedierne.dk\/mors\/wp-content\/uploads\/2023\/06\/kulturmoedet2022.jpg","datePublished":"2023-06-20T18:26:07+00:00","dateModified":"2024-08-12T11:17:57+00:00","breadcrumb":{"@id":"https:\/\/kunmedierne.dk\/mors\/kulturmoedet-har-praesenteret-sit-fulde-program\/#breadcrumb"},"inLanguage":"da-DK","potentialAction":[{"@type":"ReadAction","target":["https:\/\/kunmedierne.dk\/mors\/kulturmoedet-har-praesenteret-sit-fulde-program\/"]}]},{"@type":"ImageObject","inLanguage":"da-DK","@id":"https:\/\/kunmedierne.dk\/mors\/kulturmoedet-har-praesenteret-sit-fulde-program\/#primaryimage","url":"https:\/\/kunmedierne.dk\/mors\/wp-content\/uploads\/2023\/06\/kulturmoedet2022.jpg","contentUrl":"https:\/\/kunmedierne.dk\/mors\/wp-content\/uploads\/2023\/06\/kulturmoedet2022.jpg","width":770,"height":513,"caption":"Fra Kulturm\u00f8det 2022. Foto: Per Bille."},{"@type":"BreadcrumbList","@id":"https:\/\/kunmedierne.dk\/mors\/kulturmoedet-har-praesenteret-sit-fulde-program\/#breadcrumb","itemListElement":[{"@type":"ListItem","position":1,"name":"Hjem","item":"https:\/\/kunmedierne.dk\/mors\/"},{"@type":"ListItem","position":2,"name":"Kulturm\u00f8det har pr\u00e6senteret sit fulde program"}]},{"@type":"WebSite","@id":"https:\/\/kunmedierne.dk\/mors\/#website","url":"https:\/\/kunmedierne.dk\/mors\/","name":"Mors","description":"et netmedie med journalistik om livet p\u00e5 Mors","publisher":{"@id":"https:\/\/kunmedierne.dk\/mors\/#organization"},"potentialAction":[{"@type":"SearchAction","target":{"@type":"EntryPoint","urlTemplate":"https:\/\/kunmedierne.dk\/mors\/?s={search_term_string}"},"query-input":{"@type":"PropertyValueSpecification","valueRequired":true,"valueName":"search_term_string"}}],"inLanguage":"da-DK"},{"@type":"Organization","@id":"https:\/\/kunmedierne.dk\/mors\/#organization","name":"Mors","url":"https:\/\/kunmedierne.dk\/mors\/","logo":{"@type":"ImageObject","inLanguage":"da-DK","@id":"https:\/\/kunmedierne.dk\/mors\/#\/schema\/logo\/image\/","url":"https:\/\/kunmedierne.dk\/mors\/wp-content\/uploads\/2024\/08\/kunmors-logo.svg","contentUrl":"https:\/\/kunmedierne.dk\/mors\/wp-content\/uploads\/2024\/08\/kunmors-logo.svg","caption":"Mors"},"image":{"@id":"https:\/\/kunmedierne.dk\/mors\/#\/schema\/logo\/image\/"}},{"@type":"Person","@id":"https:\/\/kunmedierne.dk\/mors\/#\/schema\/person\/5fe23251bf1d0abbcdc6f7896579d548","name":"David H\u00f8jmark","image":{"@type":"ImageObject","inLanguage":"da-DK","@id":"https:\/\/kunmedierne.dk\/mors\/#\/schema\/person\/image\/","url":"https:\/\/secure.gravatar.com\/avatar\/4315d6fb9ef244d729989f5f90268eb08d5bf8a3d84402f595fa194bb35784fd?s=96&d=mm&r=g","contentUrl":"https:\/\/secure.gravatar.com\/avatar\/4315d6fb9ef244d729989f5f90268eb08d5bf8a3d84402f595fa194bb35784fd?s=96&d=mm&r=g","caption":"David H\u00f8jmark"},"sameAs":["https:\/\/www.kunmedierne.dk"],"url":"https:\/\/kunmedierne.dk\/mors\/author\/david\/"}]}},"_links":{"self":[{"href":"https:\/\/kunmedierne.dk\/mors\/wp-json\/wp\/v2\/posts\/97195","targetHints":{"allow":["GET"]}}],"collection":[{"href":"https:\/\/kunmedierne.dk\/mors\/wp-json\/wp\/v2\/posts"}],"about":[{"href":"https:\/\/kunmedierne.dk\/mors\/wp-json\/wp\/v2\/types\/post"}],"author":[{"embeddable":true,"href":"https:\/\/kunmedierne.dk\/mors\/wp-json\/wp\/v2\/users\/8"}],"replies":[{"embeddable":true,"href":"https:\/\/kunmedierne.dk\/mors\/wp-json\/wp\/v2\/comments?post=97195"}],"version-history":[{"count":1,"href":"https:\/\/kunmedierne.dk\/mors\/wp-json\/wp\/v2\/posts\/97195\/revisions"}],"predecessor-version":[{"id":97197,"href":"https:\/\/kunmedierne.dk\/mors\/wp-json\/wp\/v2\/posts\/97195\/revisions\/97197"}],"wp:featuredmedia":[{"embeddable":true,"href":"https:\/\/kunmedierne.dk\/mors\/wp-json\/wp\/v2\/media\/97196"}],"wp:attachment":[{"href":"https:\/\/kunmedierne.dk\/mors\/wp-json\/wp\/v2\/media?parent=97195"}],"wp:term":[{"taxonomy":"category","embeddable":true,"href":"https:\/\/kunmedierne.dk\/mors\/wp-json\/wp\/v2\/categories?post=97195"},{"taxonomy":"post_tag","embeddable":true,"href":"https:\/\/kunmedierne.dk\/mors\/wp-json\/wp\/v2\/tags?post=97195"}],"curies":[{"name":"wp","href":"https:\/\/api.w.org\/{rel}","templated":true}]}}