{"id":96821,"date":"2023-06-14T12:37:24","date_gmt":"2023-06-14T10:37:24","guid":{"rendered":"https:\/\/kunmedierne.dk\/mors\/?p=96821"},"modified":"2024-08-12T13:17:59","modified_gmt":"2024-08-12T11:17:59","slug":"kulturmoedet-praesenterer-ambitioest-nordisk-program","status":"publish","type":"post","link":"https:\/\/kunmedierne.dk\/mors\/kulturmoedet-praesenterer-ambitioest-nordisk-program\/","title":{"rendered":"Kulturm\u00f8det pr\u00e6senterer ambiti\u00f8st nordisk program"},"content":{"rendered":"<p><strong>MORS<\/strong>: Svensk klimaroman, norsk filminstrukt\u00f8r med nomineringer til Gyldne Palmer og Oscar &#8211; og spansk musik til den nordiske sangskat.<\/p>\n<p>Og meget, meget mere.<\/p>\n<p>Kulturm\u00f8det Mors har onsdag pr\u00e6senteret et stort og ambiti\u00f8st nordisk program, der tr\u00e6kker st\u00e6rke stemmer og anerkendte kunstnere fra hele Norden til Nyk\u00f8bing i august.<\/p>\n<a class=\"dvrt-link\" onClick=\"cdmtrack_click(104780,jQuery(this));return false\" href=\"https:\/\/www.spard.dk\/\"><img decoding=\"async\" style=\"width:100%;\" src=\"https:\/\/kunmedierne.dk\/mors\/wp-content\/uploads\/2023\/12\/sparekassen-dk-maj25.gif\"><\/a><script>cdmtrack_view(104780);<\/script>\n<p>Med en samlet st\u00f8tte p\u00e5 3,9 millioner kroner over tre \u00e5r fra A.P. M\u00f8ller Fonden bringer Kulturm\u00f8det samtalen om Nordens betydning helt ind i kernen af kulturdebatten, lyder det i en pressemeddelelse fra Kulturm\u00f8det, der citerer direkt\u00f8r Trine Bang:<\/p>\n<p>&#8211; Vi er en national begivenhed, som helt naturligt tager globale dagsordener som ligestilling, klima og sundhed op. Det f\u00f8les derfor helt naturligt at r\u00e6kke ud til vores nordiske nabolande, som vi deler s\u00e5 meget med i \u00e5nd og historie. Vi er stolte over i \u00e5r at kunne pr\u00e6sentere st\u00e6rke nordiske navne fra Nuuk til Stockholm. I en verden i forandring, s\u00e5 tror vi p\u00e5, at Norden spiller en k\u00e6mpe rolle for vores fremtid, siger hun.<\/p>\n<p>&nbsp;<\/p>\n<p><strong>St\u00e6rk nordisk nerve i programmet<\/strong><\/p>\n<p>Med mere end 45 kunstnere, forskere, kulturakt\u00f8rer og unge stemmer f\u00e5r Norden en helt central plads i programmet.\u00a0 Man kan blandt andre opleve Lucky Lo (Sverige), Teitur &amp; Aarhus Jazz Orchestra (F\u00f8r\u00f8erne\/Danmark) samt en af de helt nye store navne p\u00e5 den nordiske folkemusik scene VIIK (Norge\/Sverige\/Danmark).<\/p>\n<p>Publikum kan ogs\u00e5 se frem til inspirerende og fordybende samtaler med blandt andre forfatterne Einar M\u00e1r Gu\u00f0mundsson (Island), Niviaq Korneliussen (Gr\u00f8ndland), journalist \u00c5sa Linderborg (Sverige), den verdenskendte geolog og forfatter Minik Rosing (Gr\u00f8nland), den svenske ambassad\u00f8r Charlotte Wrangberg samt Norges helt store filminstrukt\u00f8r Joachim Trier. Og arkitektur-entusiaster kan se frem til to nordiske topprofiler &#8211; nemlig arkitektur-journalist og tv-v\u00e6rt Mark Isitt (Sverige) og grundl\u00e6ggeren af Sn\u00f8hetta Kjetil Thorsen (Norge).<\/p>\n<a class=\"dvrt-link\" onClick=\"cdmtrack_click(147315,jQuery(this));return false\" href=\"https:\/\/sdrhaa.dk\/\"><img decoding=\"async\" style=\"width:100%;\" src=\"https:\/\/kunmedierne.dk\/mors\/wp-content\/uploads\/2025\/05\/260302Sdr-HaaDin-gebyrvenlige-sparekasse_mors-002.gif\"><\/a><script>cdmtrack_view(147315);<\/script>\n<p>Kulturm\u00f8det Mors fort\u00e6ller, at det er erfarne kr\u00e6fter med dyb k\u00e6rlighed til det nordiske, der sammen med Kulturm\u00f8det, st\u00e5r bag programmet. Det er blandt andre Lise Bach Hansen, der til dagligt leder International Forfatterscene p\u00e5 Det Kongelige Bibliotek i Den Sorte Diamant og er g\u00e6stekurator p\u00e5 en r\u00e6kke samtaler i programmet. Hun st\u00e5r bag flere imponerende kultursamarbejder i Norden, og ser et k\u00e6mpe potentiale i det nordiske samarbejde.<\/p>\n<p>&#8211; Vi har ikke blot sproget til f\u00e6lles. Vi kommer ogs\u00e5 fra velf\u00e6rdssamfund, hvor vi er first movers p\u00e5 store dagsordener som ulighed, b\u00e6redygtighed og ligestilling. Netop nu, hvor der er krig i Europa, og hvor klimakrisen kr\u00e6ver handling, er der endnu mere grund til, at vi l\u00e6rer hinandens meningsdannere at kende. Kulturm\u00f8dets nordiske satsning er derfor helt rigtig\u201d, siger Lise Bach Hansen.<\/p>\n<p>&nbsp;<\/p>\n<p><strong>Unge nordiske talere<\/strong><\/p>\n<p>N\u00e6ste generation har ogs\u00e5 ordet i det nordiske program. Det sker i samarbejde med talerskolen R\u00f8st, n\u00e5r 12 unge nordiske talere fra de seks nordiske lande g\u00e6ster Kulturm\u00f8det med st\u00e6rkt personlige taler om h\u00e5b, frustrationer og dr\u00f8mme.<\/p>\n<p>&#8211; Vi vil v\u00e6re kendt som et nordisk forsamlingshus for unge, siger Trine Bang.<\/p>\n<p>A.P. M\u00f8ller og Hustru Chastine Mc-Kinney M\u00f8llers Fond til almene Formaal st\u00f8tter Kulturm\u00f8dets nordiske programspor med samlet 3,9 millioner kroner i 3 \u00e5r.<\/p>\n<a class=\"dvrt-link\" onClick=\"cdmtrack_click(147315,jQuery(this));return false\" href=\"https:\/\/sdrhaa.dk\/\"><img decoding=\"async\" style=\"width:100%;\" src=\"https:\/\/kunmedierne.dk\/mors\/wp-content\/uploads\/2025\/05\/260302Sdr-HaaDin-gebyrvenlige-sparekasse_mors-002.gif\"><\/a><script>cdmtrack_view(147315);<\/script>\n<blockquote>\n<h3>FAKTA<\/h3>\n<h4>Det nordiske program p\u00e5 Kulturm\u00f8det Mors:<\/h4>\n<h5><strong>Forfatter Niviaq Korneliussen (GL): <\/strong>Den f\u00f8rste gr\u00f8nlandske modtager af Nordisk R\u00e5ds Litteraturpris, vil p\u00e5 Kulturm\u00f8det fort\u00e6lle om sit arbejde med sin prisvindende bog \u201d\u201dBlomsterdalen og sit syn p\u00e5 Gr\u00f8nland i dag.<\/h5>\n<h5><strong>Forfatter Rosa Liksom (F):<\/strong> Den prisbel\u00f8nnede finske forfatter bes\u00f8ger Kulturm\u00f8det til en samtale med den danske forfatter Martin Glaz Serup om litteraturens kraft i krigstider.<\/h5>\n<h5><strong>Journalist og forfatter Jens Liljestrand (SE):<\/strong> Har skrevet Sveriges store bud p\u00e5 en klimaroman \u201dSelv hvis alt forsvinder\u201d. Han kan blandet andet opleves p\u00e5 Kulturm\u00f8det til debat om klimaforandringernes moralske dilemmaer i selskab med forfatter Kristian Leth (DK).<\/h5>\n<h5><strong>Forfatter Einar Mar Gudmundsson (IS):<\/strong> Islands store forfatter og historiefort\u00e6ller vil tale om hans store forfatterskab, hvor han igen og igen har udfoldet det islandske folks historie med humor og samfundsengagement.\u00a0Han kan ogs\u00e5 opleves med saxofonisten Dorthe H\u00f8jland Group i et f\u00e6lles musikalsk projekt.<\/h5>\n<h5><strong>Filminstrukt\u00f8r Joachim Trier (N):<\/strong> \u00c8n af Norges absolut st\u00f8rste filminstrukt\u00f8rer. Hans film er blevet nomineret til b\u00e5de de Gyldne Palmer og Oscars. P\u00e5 Kulturm\u00f8det taler han om sin internationaltanerkendte spillefilmsserie \u201dOslo-triologien\u201d \u2013 om sin kunstneriske vision, men ogs\u00e5 om, hvor de nordiske film bev\u00e6ger sig hen i en tid, hvor streaming-medierne spiller en stadig st\u00f8rre rolle.<\/h5>\n<h5><strong>Filminstrukt\u00f8r og kunstner Inuk Silis H\u00f8egh (GL):<\/strong>\u00a0 Instrukt\u00f8ren som ogs\u00e5 instruerede DR-serien &#8220;Historien om Gr\u00f8nland og Danmark\u201d g\u00e6ster Kulturm\u00f8det med sin storsl\u00e5ede filminstallation \u201dThe Green Land\u201d, der \u00e5bner for refleksion om Arktis i en global klimasamtale.<\/h5>\n<h5><strong>Geolog og forfatter Minik Rosing (GL):<\/strong> Den verdenskendte geolog og forfatter taler p\u00e5 Kulturm\u00f8det om kunstens betydning, n\u00e5r det handler om at genvinde empatien for naturen.<\/h5>\n<h5><strong>Sveriges ambassad\u00f8r i Danmark, Charlotte Wrangberg, (SE):<\/strong> Kommer til Kulturm\u00f8det og taler om kulturdiplomati som relevant v\u00e6rkt\u00f8j i den udenrigspolitiske v\u00e6rkt\u00f8jskasse er p\u00e5 dagsordenen.<\/h5>\n<h5><strong>Nordens st\u00f8rste arkitekturprofiler Mark Isitt (SE) og Kjetil Thorsen, grundl\u00e6gger af Sn\u00f8h\u00e6tta (NO):<\/strong> M\u00f8des p\u00e5 Kulturm\u00f8det for at diskutere Nordens arkitektur, og hvordan vi skal bygge b\u00e6redygtigt i en \u00fcber-urban fremtid.<\/h5>\n<h5><strong>\u00c5sa Linderborg (S), Hilde Sandvik (NO) og Hassen Preisler (DK):<\/strong> Kan opleves til en pan-skandinavisk familieterapi, n\u00e5r de sender <em>Norsken, svensken, dansken,<\/em> det popul\u00e6re, men ogs\u00e5 eneste radioprogram, der sendes b\u00e5de i Norge, Sverige og Danmark i samarbejde med NRK, SR og DR.<\/h5>\n<h5><strong>Sangerinden Lucky Lo (SE):<\/strong> Udsendte sit anmelderroste debutalbum, Supercarry. Optr\u00e6der p\u00e5 Kulturm\u00f8det og vil i forbindelse med sit bes\u00f8g ogs\u00e5 kunne opleves i samtale med danske Nana Jacobi, sangskriver og soloartist og direkt\u00f8r i HUN SOLO, om det store potentiale, der ligger i mere udveksling mellem popartister i Norden.<\/h5>\n<h5><strong>V\u00cd\u00cdK (DK, SE, NO):<\/strong> Repr\u00e6senterer alle tre skandinaviske lande, og er \u00e9t af de nyeste bands p\u00e5 den nordiske folkemusikscene. Gruppen spillede deres f\u00f8rste tre koncerter i 2019 og blev i 2021 nomineret til \u00c5rets Kunstner.<\/h5>\n<h5><strong>Sanger Teitur (FO):<\/strong> Den f\u00e6r\u00f8ske sanger kan opleves p\u00e5 Kulturm\u00f8det i en sp\u00e6ndende konstellation med Aarhus Jazz Orchestra.<\/h5>\n<h5><strong>Sangerinde Dania O. Tausen (FO):<\/strong> Den unge f\u00e6r\u00f8ske digter og sangerinde Dania O. Tausen har v\u00e6ret nomineret til adskillige musikpriser p\u00e5 F\u00e6r\u00f8erne \u2013 herunder Best Female Singer, Best New Artist og Best Album. Dania O. Tausen er p\u00e5 Kulturm\u00f8det klar med nye numre fra hendes kommende dobbelt-album \u201dja\/nei og restin av vikuni\u201d (yes\/no \u2013 and the rest of the week.<\/h5>\n<h5><strong>Flamenco Nordico (ES, SE, GL, DK):<\/strong> Kan opleves p\u00e5 Kulturm\u00f8det med sangerne Rasmus Dissing (DK) og Nina Kreutzmann J\u00f8rgensen (GL) i front og nogle af sydspaniens store flamencomusikere. Sammen s\u00e6tter de temperamentsfuld spansk musik til den nordiske sangskat.<\/h5>\n<\/blockquote>\n<a class=\"dvrt-link\" onClick=\"cdmtrack_click(104783,jQuery(this));return false\" href=\"https:\/\/konpap.dk\/\"><img decoding=\"async\" style=\"width:100%;\" src=\"https:\/\/kunmedierne.dk\/mors\/wp-content\/uploads\/2023\/10\/Kun-Mors-banner.jpg\"><\/a><script>cdmtrack_view(104783);<\/script>\n<div id=\"attachment_96824\" style=\"width: 780px\" class=\"wp-caption alignleft\"><img loading=\"lazy\" decoding=\"async\" aria-describedby=\"caption-attachment-96824\" class=\"size-full wp-image-96824\" src=\"https:\/\/kunmedierne.dk\/mors\/wp-content\/uploads\/2023\/06\/LuckyLo_by_RitaKuhlmann_cmyk_5x7-1.jpg\" alt=\"\" width=\"770\" height=\"1078\" srcset=\"https:\/\/kunmedierne.dk\/mors\/wp-content\/uploads\/2023\/06\/LuckyLo_by_RitaKuhlmann_cmyk_5x7-1.jpg 770w, https:\/\/kunmedierne.dk\/mors\/wp-content\/uploads\/2023\/06\/LuckyLo_by_RitaKuhlmann_cmyk_5x7-1-214x300.jpg 214w, https:\/\/kunmedierne.dk\/mors\/wp-content\/uploads\/2023\/06\/LuckyLo_by_RitaKuhlmann_cmyk_5x7-1-731x1024.jpg 731w, https:\/\/kunmedierne.dk\/mors\/wp-content\/uploads\/2023\/06\/LuckyLo_by_RitaKuhlmann_cmyk_5x7-1-768x1075.jpg 768w, https:\/\/kunmedierne.dk\/mors\/wp-content\/uploads\/2023\/06\/LuckyLo_by_RitaKuhlmann_cmyk_5x7-1-600x840.jpg 600w\" sizes=\"auto, (max-width: 770px) 100vw, 770px\" \/><p id=\"caption-attachment-96824\" class=\"wp-caption-text\">LuckyLo. Foto: RitaKuhlman.<\/p><\/div>\n<a class=\"dvrt-link\" onClick=\"cdmtrack_click(104785,jQuery(this));return false\" href=\"https:\/\/www.facebook.com\/lyndrups\"><img decoding=\"async\" style=\"width:100%;\" src=\"https:\/\/kunmedierne.dk\/mors\/wp-content\/uploads\/2022\/02\/vip-lyndrups-rengoering.jpg\"><\/a><script>cdmtrack_view(104785);<\/script>\n<div id=\"attachment_96825\" style=\"width: 780px\" class=\"wp-caption alignleft\"><img loading=\"lazy\" decoding=\"async\" aria-describedby=\"caption-attachment-96825\" class=\"size-full wp-image-96825\" src=\"https:\/\/kunmedierne.dk\/mors\/wp-content\/uploads\/2023\/06\/niviaq_hero.jpg\" alt=\"\" width=\"770\" height=\"330\" srcset=\"https:\/\/kunmedierne.dk\/mors\/wp-content\/uploads\/2023\/06\/niviaq_hero.jpg 770w, https:\/\/kunmedierne.dk\/mors\/wp-content\/uploads\/2023\/06\/niviaq_hero-300x129.jpg 300w, https:\/\/kunmedierne.dk\/mors\/wp-content\/uploads\/2023\/06\/niviaq_hero-768x329.jpg 768w, https:\/\/kunmedierne.dk\/mors\/wp-content\/uploads\/2023\/06\/niviaq_hero-600x257.jpg 600w\" sizes=\"auto, (max-width: 770px) 100vw, 770px\" \/><p id=\"caption-attachment-96825\" class=\"wp-caption-text\">Niviaq Hero. PR-foto.<\/p><\/div>\n<a class=\"dvrt-link\" onClick=\"cdmtrack_click(104785,jQuery(this));return false\" href=\"https:\/\/www.facebook.com\/lyndrups\"><img decoding=\"async\" style=\"width:100%;\" src=\"https:\/\/kunmedierne.dk\/mors\/wp-content\/uploads\/2022\/02\/vip-lyndrups-rengoering.jpg\"><\/a><script>cdmtrack_view(104785);<\/script>\n<div id=\"attachment_96823\" style=\"width: 780px\" class=\"wp-caption alignleft\"><img loading=\"lazy\" decoding=\"async\" aria-describedby=\"caption-attachment-96823\" class=\"size-full wp-image-96823\" src=\"https:\/\/kunmedierne.dk\/mors\/wp-content\/uploads\/2023\/06\/EINAR-MAR-GUDMUNDSSON-Kopi.png\" alt=\"\" width=\"770\" height=\"667\" srcset=\"https:\/\/kunmedierne.dk\/mors\/wp-content\/uploads\/2023\/06\/EINAR-MAR-GUDMUNDSSON-Kopi.png 770w, https:\/\/kunmedierne.dk\/mors\/wp-content\/uploads\/2023\/06\/EINAR-MAR-GUDMUNDSSON-Kopi-300x260.png 300w, https:\/\/kunmedierne.dk\/mors\/wp-content\/uploads\/2023\/06\/EINAR-MAR-GUDMUNDSSON-Kopi-768x665.png 768w, https:\/\/kunmedierne.dk\/mors\/wp-content\/uploads\/2023\/06\/EINAR-MAR-GUDMUNDSSON-Kopi-600x520.png 600w\" sizes=\"auto, (max-width: 770px) 100vw, 770px\" \/><p id=\"caption-attachment-96823\" class=\"wp-caption-text\">Einar \u00e1r Gudmundsson.<\/p><\/div>\n","protected":false},"excerpt":{"rendered":"<p>MORS: Svensk klimaroman, norsk filminstrukt\u00f8r med nomineringer til Gyldne Palmer og Oscar &#8211; og spansk musik til den nordiske sangskat. Og meget, meget mere. Kulturm\u00f8det Mors har onsdag pr\u00e6senteret et stort og ambiti\u00f8st nordisk program, der tr\u00e6kker st\u00e6rke stemmer og anerkendte kunstnere fra hele Norden til Nyk\u00f8bing i august. Med en samlet st\u00f8tte p\u00e5 3,9 [&hellip;]<\/p>\n","protected":false},"author":8,"featured_media":76633,"comment_status":"closed","ping_status":"open","sticky":false,"template":"","format":"standard","meta":{"_acf_changed":false,"footnotes":""},"categories":[49],"tags":[162],"class_list":["post-96821","post","type-post","status-publish","format-standard","has-post-thumbnail","hentry","category-kultur","tag-kulturmoedet"],"acf":[],"yoast_head":"<!-- This site is optimized with the Yoast SEO plugin v26.8 - https:\/\/yoast.com\/product\/yoast-seo-wordpress\/ -->\n<title>Kulturm\u00f8det pr\u00e6senterer ambiti\u00f8st nordisk program - Mors<\/title>\n<meta name=\"robots\" content=\"index, follow, max-snippet:-1, max-image-preview:large, max-video-preview:-1\" \/>\n<link rel=\"canonical\" href=\"https:\/\/kunmedierne.dk\/mors\/kulturmoedet-praesenterer-ambitioest-nordisk-program\/\" \/>\n<meta property=\"og:locale\" content=\"da_DK\" \/>\n<meta property=\"og:type\" content=\"article\" \/>\n<meta property=\"og:title\" content=\"Kulturm\u00f8det pr\u00e6senterer ambiti\u00f8st nordisk program - Mors\" \/>\n<meta property=\"og:description\" content=\"MORS: Svensk klimaroman, norsk filminstrukt\u00f8r med nomineringer til Gyldne Palmer og Oscar &#8211; og spansk musik til den nordiske sangskat. Og meget, meget mere. Kulturm\u00f8det Mors har onsdag pr\u00e6senteret et stort og ambiti\u00f8st nordisk program, der tr\u00e6kker st\u00e6rke stemmer og anerkendte kunstnere fra hele Norden til Nyk\u00f8bing i august. Med en samlet st\u00f8tte p\u00e5 3,9 [&hellip;]\" \/>\n<meta property=\"og:url\" content=\"https:\/\/kunmedierne.dk\/mors\/kulturmoedet-praesenterer-ambitioest-nordisk-program\/\" \/>\n<meta property=\"og:site_name\" content=\"Mors\" \/>\n<meta property=\"article:published_time\" content=\"2023-06-14T10:37:24+00:00\" \/>\n<meta property=\"article:modified_time\" content=\"2024-08-12T11:17:59+00:00\" \/>\n<meta property=\"og:image\" content=\"https:\/\/kunmedierne.dk\/mors\/wp-content\/uploads\/2022\/08\/kulturmoedet-2022-2-1024x683.jpg\" \/>\n\t<meta property=\"og:image:width\" content=\"1024\" \/>\n\t<meta property=\"og:image:height\" content=\"683\" \/>\n\t<meta property=\"og:image:type\" content=\"image\/jpeg\" \/>\n<meta name=\"author\" content=\"David H\u00f8jmark\" \/>\n<meta name=\"twitter:card\" content=\"summary_large_image\" \/>\n<meta name=\"twitter:label1\" content=\"Skrevet af\" \/>\n\t<meta name=\"twitter:data1\" content=\"David H\u00f8jmark\" \/>\n\t<meta name=\"twitter:label2\" content=\"Estimeret l\u00e6setid\" \/>\n\t<meta name=\"twitter:data2\" content=\"7 minutter\" \/>\n<script type=\"application\/ld+json\" class=\"yoast-schema-graph\">{\"@context\":\"https:\/\/schema.org\",\"@graph\":[{\"@type\":\"Article\",\"@id\":\"https:\/\/kunmedierne.dk\/mors\/kulturmoedet-praesenterer-ambitioest-nordisk-program\/#article\",\"isPartOf\":{\"@id\":\"https:\/\/kunmedierne.dk\/mors\/kulturmoedet-praesenterer-ambitioest-nordisk-program\/\"},\"author\":{\"name\":\"David H\u00f8jmark\",\"@id\":\"https:\/\/kunmedierne.dk\/mors\/#\/schema\/person\/5fe23251bf1d0abbcdc6f7896579d548\"},\"headline\":\"Kulturm\u00f8det pr\u00e6senterer ambiti\u00f8st nordisk program\",\"datePublished\":\"2023-06-14T10:37:24+00:00\",\"dateModified\":\"2024-08-12T11:17:59+00:00\",\"mainEntityOfPage\":{\"@id\":\"https:\/\/kunmedierne.dk\/mors\/kulturmoedet-praesenterer-ambitioest-nordisk-program\/\"},\"wordCount\":1231,\"publisher\":{\"@id\":\"https:\/\/kunmedierne.dk\/mors\/#organization\"},\"image\":{\"@id\":\"https:\/\/kunmedierne.dk\/mors\/kulturmoedet-praesenterer-ambitioest-nordisk-program\/#primaryimage\"},\"thumbnailUrl\":\"https:\/\/kunmedierne.dk\/mors\/wp-content\/uploads\/2022\/08\/kulturmoedet-2022-2.jpg\",\"keywords\":[\"Kulturm\u00f8det\"],\"articleSection\":[\"Kultur\"],\"inLanguage\":\"da-DK\"},{\"@type\":\"WebPage\",\"@id\":\"https:\/\/kunmedierne.dk\/mors\/kulturmoedet-praesenterer-ambitioest-nordisk-program\/\",\"url\":\"https:\/\/kunmedierne.dk\/mors\/kulturmoedet-praesenterer-ambitioest-nordisk-program\/\",\"name\":\"Kulturm\u00f8det pr\u00e6senterer ambiti\u00f8st nordisk program - Mors\",\"isPartOf\":{\"@id\":\"https:\/\/kunmedierne.dk\/mors\/#website\"},\"primaryImageOfPage\":{\"@id\":\"https:\/\/kunmedierne.dk\/mors\/kulturmoedet-praesenterer-ambitioest-nordisk-program\/#primaryimage\"},\"image\":{\"@id\":\"https:\/\/kunmedierne.dk\/mors\/kulturmoedet-praesenterer-ambitioest-nordisk-program\/#primaryimage\"},\"thumbnailUrl\":\"https:\/\/kunmedierne.dk\/mors\/wp-content\/uploads\/2022\/08\/kulturmoedet-2022-2.jpg\",\"datePublished\":\"2023-06-14T10:37:24+00:00\",\"dateModified\":\"2024-08-12T11:17:59+00:00\",\"breadcrumb\":{\"@id\":\"https:\/\/kunmedierne.dk\/mors\/kulturmoedet-praesenterer-ambitioest-nordisk-program\/#breadcrumb\"},\"inLanguage\":\"da-DK\",\"potentialAction\":[{\"@type\":\"ReadAction\",\"target\":[\"https:\/\/kunmedierne.dk\/mors\/kulturmoedet-praesenterer-ambitioest-nordisk-program\/\"]}]},{\"@type\":\"ImageObject\",\"inLanguage\":\"da-DK\",\"@id\":\"https:\/\/kunmedierne.dk\/mors\/kulturmoedet-praesenterer-ambitioest-nordisk-program\/#primaryimage\",\"url\":\"https:\/\/kunmedierne.dk\/mors\/wp-content\/uploads\/2022\/08\/kulturmoedet-2022-2.jpg\",\"contentUrl\":\"https:\/\/kunmedierne.dk\/mors\/wp-content\/uploads\/2022\/08\/kulturmoedet-2022-2.jpg\",\"width\":1920,\"height\":1280,\"caption\":\"Fra Kulturm\u00f8det 2022. Arkivfoto: Per Bille\"},{\"@type\":\"BreadcrumbList\",\"@id\":\"https:\/\/kunmedierne.dk\/mors\/kulturmoedet-praesenterer-ambitioest-nordisk-program\/#breadcrumb\",\"itemListElement\":[{\"@type\":\"ListItem\",\"position\":1,\"name\":\"Hjem\",\"item\":\"https:\/\/kunmedierne.dk\/mors\/\"},{\"@type\":\"ListItem\",\"position\":2,\"name\":\"Kulturm\u00f8det pr\u00e6senterer ambiti\u00f8st nordisk program\"}]},{\"@type\":\"WebSite\",\"@id\":\"https:\/\/kunmedierne.dk\/mors\/#website\",\"url\":\"https:\/\/kunmedierne.dk\/mors\/\",\"name\":\"Mors\",\"description\":\"et netmedie med journalistik om livet p\u00e5 Mors\",\"publisher\":{\"@id\":\"https:\/\/kunmedierne.dk\/mors\/#organization\"},\"potentialAction\":[{\"@type\":\"SearchAction\",\"target\":{\"@type\":\"EntryPoint\",\"urlTemplate\":\"https:\/\/kunmedierne.dk\/mors\/?s={search_term_string}\"},\"query-input\":{\"@type\":\"PropertyValueSpecification\",\"valueRequired\":true,\"valueName\":\"search_term_string\"}}],\"inLanguage\":\"da-DK\"},{\"@type\":\"Organization\",\"@id\":\"https:\/\/kunmedierne.dk\/mors\/#organization\",\"name\":\"Mors\",\"url\":\"https:\/\/kunmedierne.dk\/mors\/\",\"logo\":{\"@type\":\"ImageObject\",\"inLanguage\":\"da-DK\",\"@id\":\"https:\/\/kunmedierne.dk\/mors\/#\/schema\/logo\/image\/\",\"url\":\"https:\/\/kunmedierne.dk\/mors\/wp-content\/uploads\/2024\/08\/kunmors-logo.svg\",\"contentUrl\":\"https:\/\/kunmedierne.dk\/mors\/wp-content\/uploads\/2024\/08\/kunmors-logo.svg\",\"caption\":\"Mors\"},\"image\":{\"@id\":\"https:\/\/kunmedierne.dk\/mors\/#\/schema\/logo\/image\/\"}},{\"@type\":\"Person\",\"@id\":\"https:\/\/kunmedierne.dk\/mors\/#\/schema\/person\/5fe23251bf1d0abbcdc6f7896579d548\",\"name\":\"David H\u00f8jmark\",\"image\":{\"@type\":\"ImageObject\",\"inLanguage\":\"da-DK\",\"@id\":\"https:\/\/kunmedierne.dk\/mors\/#\/schema\/person\/image\/\",\"url\":\"https:\/\/secure.gravatar.com\/avatar\/4315d6fb9ef244d729989f5f90268eb08d5bf8a3d84402f595fa194bb35784fd?s=96&d=mm&r=g\",\"contentUrl\":\"https:\/\/secure.gravatar.com\/avatar\/4315d6fb9ef244d729989f5f90268eb08d5bf8a3d84402f595fa194bb35784fd?s=96&d=mm&r=g\",\"caption\":\"David H\u00f8jmark\"},\"sameAs\":[\"https:\/\/www.kunmedierne.dk\"],\"url\":\"https:\/\/kunmedierne.dk\/mors\/author\/david\/\"}]}<\/script>\n<!-- \/ Yoast SEO plugin. -->","yoast_head_json":{"title":"Kulturm\u00f8det pr\u00e6senterer ambiti\u00f8st nordisk program - Mors","robots":{"index":"index","follow":"follow","max-snippet":"max-snippet:-1","max-image-preview":"max-image-preview:large","max-video-preview":"max-video-preview:-1"},"canonical":"https:\/\/kunmedierne.dk\/mors\/kulturmoedet-praesenterer-ambitioest-nordisk-program\/","og_locale":"da_DK","og_type":"article","og_title":"Kulturm\u00f8det pr\u00e6senterer ambiti\u00f8st nordisk program - Mors","og_description":"MORS: Svensk klimaroman, norsk filminstrukt\u00f8r med nomineringer til Gyldne Palmer og Oscar &#8211; og spansk musik til den nordiske sangskat. Og meget, meget mere. Kulturm\u00f8det Mors har onsdag pr\u00e6senteret et stort og ambiti\u00f8st nordisk program, der tr\u00e6kker st\u00e6rke stemmer og anerkendte kunstnere fra hele Norden til Nyk\u00f8bing i august. Med en samlet st\u00f8tte p\u00e5 3,9 [&hellip;]","og_url":"https:\/\/kunmedierne.dk\/mors\/kulturmoedet-praesenterer-ambitioest-nordisk-program\/","og_site_name":"Mors","article_published_time":"2023-06-14T10:37:24+00:00","article_modified_time":"2024-08-12T11:17:59+00:00","og_image":[{"width":1024,"height":683,"url":"https:\/\/kunmedierne.dk\/mors\/wp-content\/uploads\/2022\/08\/kulturmoedet-2022-2-1024x683.jpg","type":"image\/jpeg"}],"author":"David H\u00f8jmark","twitter_card":"summary_large_image","twitter_misc":{"Skrevet af":"David H\u00f8jmark","Estimeret l\u00e6setid":"7 minutter"},"schema":{"@context":"https:\/\/schema.org","@graph":[{"@type":"Article","@id":"https:\/\/kunmedierne.dk\/mors\/kulturmoedet-praesenterer-ambitioest-nordisk-program\/#article","isPartOf":{"@id":"https:\/\/kunmedierne.dk\/mors\/kulturmoedet-praesenterer-ambitioest-nordisk-program\/"},"author":{"name":"David H\u00f8jmark","@id":"https:\/\/kunmedierne.dk\/mors\/#\/schema\/person\/5fe23251bf1d0abbcdc6f7896579d548"},"headline":"Kulturm\u00f8det pr\u00e6senterer ambiti\u00f8st nordisk program","datePublished":"2023-06-14T10:37:24+00:00","dateModified":"2024-08-12T11:17:59+00:00","mainEntityOfPage":{"@id":"https:\/\/kunmedierne.dk\/mors\/kulturmoedet-praesenterer-ambitioest-nordisk-program\/"},"wordCount":1231,"publisher":{"@id":"https:\/\/kunmedierne.dk\/mors\/#organization"},"image":{"@id":"https:\/\/kunmedierne.dk\/mors\/kulturmoedet-praesenterer-ambitioest-nordisk-program\/#primaryimage"},"thumbnailUrl":"https:\/\/kunmedierne.dk\/mors\/wp-content\/uploads\/2022\/08\/kulturmoedet-2022-2.jpg","keywords":["Kulturm\u00f8det"],"articleSection":["Kultur"],"inLanguage":"da-DK"},{"@type":"WebPage","@id":"https:\/\/kunmedierne.dk\/mors\/kulturmoedet-praesenterer-ambitioest-nordisk-program\/","url":"https:\/\/kunmedierne.dk\/mors\/kulturmoedet-praesenterer-ambitioest-nordisk-program\/","name":"Kulturm\u00f8det pr\u00e6senterer ambiti\u00f8st nordisk program - Mors","isPartOf":{"@id":"https:\/\/kunmedierne.dk\/mors\/#website"},"primaryImageOfPage":{"@id":"https:\/\/kunmedierne.dk\/mors\/kulturmoedet-praesenterer-ambitioest-nordisk-program\/#primaryimage"},"image":{"@id":"https:\/\/kunmedierne.dk\/mors\/kulturmoedet-praesenterer-ambitioest-nordisk-program\/#primaryimage"},"thumbnailUrl":"https:\/\/kunmedierne.dk\/mors\/wp-content\/uploads\/2022\/08\/kulturmoedet-2022-2.jpg","datePublished":"2023-06-14T10:37:24+00:00","dateModified":"2024-08-12T11:17:59+00:00","breadcrumb":{"@id":"https:\/\/kunmedierne.dk\/mors\/kulturmoedet-praesenterer-ambitioest-nordisk-program\/#breadcrumb"},"inLanguage":"da-DK","potentialAction":[{"@type":"ReadAction","target":["https:\/\/kunmedierne.dk\/mors\/kulturmoedet-praesenterer-ambitioest-nordisk-program\/"]}]},{"@type":"ImageObject","inLanguage":"da-DK","@id":"https:\/\/kunmedierne.dk\/mors\/kulturmoedet-praesenterer-ambitioest-nordisk-program\/#primaryimage","url":"https:\/\/kunmedierne.dk\/mors\/wp-content\/uploads\/2022\/08\/kulturmoedet-2022-2.jpg","contentUrl":"https:\/\/kunmedierne.dk\/mors\/wp-content\/uploads\/2022\/08\/kulturmoedet-2022-2.jpg","width":1920,"height":1280,"caption":"Fra Kulturm\u00f8det 2022. Arkivfoto: Per Bille"},{"@type":"BreadcrumbList","@id":"https:\/\/kunmedierne.dk\/mors\/kulturmoedet-praesenterer-ambitioest-nordisk-program\/#breadcrumb","itemListElement":[{"@type":"ListItem","position":1,"name":"Hjem","item":"https:\/\/kunmedierne.dk\/mors\/"},{"@type":"ListItem","position":2,"name":"Kulturm\u00f8det pr\u00e6senterer ambiti\u00f8st nordisk program"}]},{"@type":"WebSite","@id":"https:\/\/kunmedierne.dk\/mors\/#website","url":"https:\/\/kunmedierne.dk\/mors\/","name":"Mors","description":"et netmedie med journalistik om livet p\u00e5 Mors","publisher":{"@id":"https:\/\/kunmedierne.dk\/mors\/#organization"},"potentialAction":[{"@type":"SearchAction","target":{"@type":"EntryPoint","urlTemplate":"https:\/\/kunmedierne.dk\/mors\/?s={search_term_string}"},"query-input":{"@type":"PropertyValueSpecification","valueRequired":true,"valueName":"search_term_string"}}],"inLanguage":"da-DK"},{"@type":"Organization","@id":"https:\/\/kunmedierne.dk\/mors\/#organization","name":"Mors","url":"https:\/\/kunmedierne.dk\/mors\/","logo":{"@type":"ImageObject","inLanguage":"da-DK","@id":"https:\/\/kunmedierne.dk\/mors\/#\/schema\/logo\/image\/","url":"https:\/\/kunmedierne.dk\/mors\/wp-content\/uploads\/2024\/08\/kunmors-logo.svg","contentUrl":"https:\/\/kunmedierne.dk\/mors\/wp-content\/uploads\/2024\/08\/kunmors-logo.svg","caption":"Mors"},"image":{"@id":"https:\/\/kunmedierne.dk\/mors\/#\/schema\/logo\/image\/"}},{"@type":"Person","@id":"https:\/\/kunmedierne.dk\/mors\/#\/schema\/person\/5fe23251bf1d0abbcdc6f7896579d548","name":"David H\u00f8jmark","image":{"@type":"ImageObject","inLanguage":"da-DK","@id":"https:\/\/kunmedierne.dk\/mors\/#\/schema\/person\/image\/","url":"https:\/\/secure.gravatar.com\/avatar\/4315d6fb9ef244d729989f5f90268eb08d5bf8a3d84402f595fa194bb35784fd?s=96&d=mm&r=g","contentUrl":"https:\/\/secure.gravatar.com\/avatar\/4315d6fb9ef244d729989f5f90268eb08d5bf8a3d84402f595fa194bb35784fd?s=96&d=mm&r=g","caption":"David H\u00f8jmark"},"sameAs":["https:\/\/www.kunmedierne.dk"],"url":"https:\/\/kunmedierne.dk\/mors\/author\/david\/"}]}},"_links":{"self":[{"href":"https:\/\/kunmedierne.dk\/mors\/wp-json\/wp\/v2\/posts\/96821","targetHints":{"allow":["GET"]}}],"collection":[{"href":"https:\/\/kunmedierne.dk\/mors\/wp-json\/wp\/v2\/posts"}],"about":[{"href":"https:\/\/kunmedierne.dk\/mors\/wp-json\/wp\/v2\/types\/post"}],"author":[{"embeddable":true,"href":"https:\/\/kunmedierne.dk\/mors\/wp-json\/wp\/v2\/users\/8"}],"replies":[{"embeddable":true,"href":"https:\/\/kunmedierne.dk\/mors\/wp-json\/wp\/v2\/comments?post=96821"}],"version-history":[{"count":2,"href":"https:\/\/kunmedierne.dk\/mors\/wp-json\/wp\/v2\/posts\/96821\/revisions"}],"predecessor-version":[{"id":96826,"href":"https:\/\/kunmedierne.dk\/mors\/wp-json\/wp\/v2\/posts\/96821\/revisions\/96826"}],"wp:featuredmedia":[{"embeddable":true,"href":"https:\/\/kunmedierne.dk\/mors\/wp-json\/wp\/v2\/media\/76633"}],"wp:attachment":[{"href":"https:\/\/kunmedierne.dk\/mors\/wp-json\/wp\/v2\/media?parent=96821"}],"wp:term":[{"taxonomy":"category","embeddable":true,"href":"https:\/\/kunmedierne.dk\/mors\/wp-json\/wp\/v2\/categories?post=96821"},{"taxonomy":"post_tag","embeddable":true,"href":"https:\/\/kunmedierne.dk\/mors\/wp-json\/wp\/v2\/tags?post=96821"}],"curies":[{"name":"wp","href":"https:\/\/api.w.org\/{rel}","templated":true}]}}