{"id":96569,"date":"2023-06-09T14:02:46","date_gmt":"2023-06-09T12:02:46","guid":{"rendered":"https:\/\/kunmedierne.dk\/mors\/?p=96569"},"modified":"2024-08-12T13:18:00","modified_gmt":"2024-08-12T11:18:00","slug":"morsoe-erhvervsraad-har-ansat-en-marketingskoordinator","status":"publish","type":"post","link":"https:\/\/kunmedierne.dk\/mors\/morsoe-erhvervsraad-har-ansat-en-marketingskoordinator\/","title":{"rendered":"Mors\u00f8 Erhvervsr\u00e5d har ansat en marketingskoordinator"},"content":{"rendered":"<p><strong>ERHVERVSR\u00c5DET:<\/strong> Torsdag den 1. juni 2023 tiltr\u00e5dte Lea Frederikke Mommer i stillingen som marketingskoordinator i Mors\u00f8 Erhvervsr\u00e5d.<\/p>\n<p>Lea Frederikke Mommer er uddannet l\u00e6rer og sidenhen Social Media Manager, og har de senere \u00e5r arbejdet med marketing i turistbranchen, hvor hun har lavet Thy Guiden og markedsf\u00f8rt de danske \u00f8er.<\/p>\n<a class=\"dvrt-link\" onClick=\"cdmtrack_click(104786,jQuery(this));return false\" href=\"https:\/\/limfjordsteatret.dk\/events\/tobias-dybvad-mit-bedste-onemanshow\/\"><img decoding=\"async\" style=\"width:100%;\" src=\"https:\/\/kunmedierne.dk\/mors\/wp-content\/uploads\/2023\/10\/aarskortLim_KunMors_1100x125.jpg\"><\/a><script>cdmtrack_view(104786);<\/script>\n<p>&#8211; Jeg gl\u00e6der mig til at skabe mere synlighed omkring alle de erhvervsfremmende tiltag, som Mors\u00f8 Erhvervsr\u00e5d udbyder. P\u00e5 Mors skal der udvikles et st\u00e6rkt erhvervsf\u00e6llesskab og Mors\u00f8 Kommune er k\u00e5ret som Danmarks anden mest erhvervsvenlige kommune, og det er vi forpligtet til at synligg\u00f8re. Det er vigtigt, at alle kan f\u00e5 gl\u00e6de af de tilbud og den service vi kan yde til virksomheder og iv\u00e6rks\u00e6ttere p\u00e5 Mors.<\/p>\n<p>Erhvervschefen for Mors\u00f8 Erhvervsr\u00e5d, Susanne Toftegaard Hansen, byder Lea velkommen ombord p\u00e5 holdet:<\/p>\n<p>&#8211; Nu bliver der endelig sat str\u00f8m til vores markedsf\u00f8ring, s\u00e5 vi kan skabe synlighed omkring vores kerneopgaver i erhvervsr\u00e5det. Vi skal g\u00f8re det nemt for virksomhederne og iv\u00e6rks\u00e6tterne p\u00e5 Mors at finde os, og det skal Lea hj\u00e6lpe os med. Vi byder hende hjertelig velkommen hos Mors\u00f8 Erhvervsr\u00e5d, vi gl\u00e6der os til samarbejdet, slutter Susanne Toftegaard Hansen.<\/p>\n","protected":false},"excerpt":{"rendered":"<p>ERHVERVSR\u00c5DET: Torsdag den 1. juni 2023 tiltr\u00e5dte Lea Frederikke Mommer i stillingen som marketingskoordinator i Mors\u00f8 Erhvervsr\u00e5d. Lea Frederikke Mommer er uddannet l\u00e6rer og sidenhen Social Media Manager, og har de senere \u00e5r arbejdet med marketing i turistbranchen, hvor hun har lavet Thy Guiden og markedsf\u00f8rt de danske \u00f8er. &#8211; Jeg gl\u00e6der mig til at [&hellip;]<\/p>\n","protected":false},"author":2507,"featured_media":96575,"comment_status":"closed","ping_status":"open","sticky":false,"template":"","format":"standard","meta":{"_acf_changed":false,"footnotes":""},"categories":[51],"tags":[159],"class_list":["post-96569","post","type-post","status-publish","format-standard","has-post-thumbnail","hentry","category-lokalt","tag-erhverv"],"acf":[],"yoast_head":"<!-- This site is optimized with the Yoast SEO plugin v26.8 - https:\/\/yoast.com\/product\/yoast-seo-wordpress\/ -->\n<title>Mors\u00f8 Erhvervsr\u00e5d har ansat en marketingskoordinator - Mors<\/title>\n<meta name=\"robots\" content=\"index, follow, max-snippet:-1, max-image-preview:large, max-video-preview:-1\" \/>\n<link rel=\"canonical\" href=\"https:\/\/kunmedierne.dk\/mors\/morsoe-erhvervsraad-har-ansat-en-marketingskoordinator\/\" \/>\n<meta property=\"og:locale\" content=\"da_DK\" \/>\n<meta property=\"og:type\" content=\"article\" \/>\n<meta property=\"og:title\" content=\"Mors\u00f8 Erhvervsr\u00e5d har ansat en marketingskoordinator - Mors\" \/>\n<meta property=\"og:description\" content=\"ERHVERVSR\u00c5DET: Torsdag den 1. juni 2023 tiltr\u00e5dte Lea Frederikke Mommer i stillingen som marketingskoordinator i Mors\u00f8 Erhvervsr\u00e5d. Lea Frederikke Mommer er uddannet l\u00e6rer og sidenhen Social Media Manager, og har de senere \u00e5r arbejdet med marketing i turistbranchen, hvor hun har lavet Thy Guiden og markedsf\u00f8rt de danske \u00f8er. &#8211; Jeg gl\u00e6der mig til at [&hellip;]\" \/>\n<meta property=\"og:url\" content=\"https:\/\/kunmedierne.dk\/mors\/morsoe-erhvervsraad-har-ansat-en-marketingskoordinator\/\" \/>\n<meta property=\"og:site_name\" content=\"Mors\" \/>\n<meta property=\"article:published_time\" content=\"2023-06-09T12:02:46+00:00\" \/>\n<meta property=\"article:modified_time\" content=\"2024-08-12T11:18:00+00:00\" \/>\n<meta property=\"og:image\" content=\"https:\/\/kunmedierne.dk\/mors\/wp-content\/uploads\/2023\/06\/Lea-1-scaled.jpg\" \/>\n\t<meta property=\"og:image:width\" content=\"2560\" \/>\n\t<meta property=\"og:image:height\" content=\"1706\" \/>\n\t<meta property=\"og:image:type\" content=\"image\/jpeg\" \/>\n<meta name=\"author\" content=\"Katrine Hedegaard\" \/>\n<meta name=\"twitter:card\" content=\"summary_large_image\" \/>\n<meta name=\"twitter:label1\" content=\"Skrevet af\" \/>\n\t<meta name=\"twitter:data1\" content=\"Katrine Hedegaard\" \/>\n\t<meta name=\"twitter:label2\" content=\"Estimeret l\u00e6setid\" \/>\n\t<meta name=\"twitter:data2\" content=\"2 minutter\" \/>\n<script type=\"application\/ld+json\" class=\"yoast-schema-graph\">{\"@context\":\"https:\/\/schema.org\",\"@graph\":[{\"@type\":\"Article\",\"@id\":\"https:\/\/kunmedierne.dk\/mors\/morsoe-erhvervsraad-har-ansat-en-marketingskoordinator\/#article\",\"isPartOf\":{\"@id\":\"https:\/\/kunmedierne.dk\/mors\/morsoe-erhvervsraad-har-ansat-en-marketingskoordinator\/\"},\"author\":{\"name\":\"Katrine Hedegaard\",\"@id\":\"https:\/\/kunmedierne.dk\/mors\/#\/schema\/person\/b2e62a38069b12365e53e087a8709c64\"},\"headline\":\"Mors\u00f8 Erhvervsr\u00e5d har ansat en marketingskoordinator\",\"datePublished\":\"2023-06-09T12:02:46+00:00\",\"dateModified\":\"2024-08-12T11:18:00+00:00\",\"mainEntityOfPage\":{\"@id\":\"https:\/\/kunmedierne.dk\/mors\/morsoe-erhvervsraad-har-ansat-en-marketingskoordinator\/\"},\"wordCount\":219,\"publisher\":{\"@id\":\"https:\/\/kunmedierne.dk\/mors\/#organization\"},\"image\":{\"@id\":\"https:\/\/kunmedierne.dk\/mors\/morsoe-erhvervsraad-har-ansat-en-marketingskoordinator\/#primaryimage\"},\"thumbnailUrl\":\"https:\/\/kunmedierne.dk\/mors\/wp-content\/uploads\/2023\/06\/Lea-1-scaled.jpg\",\"keywords\":[\"Erhverv\"],\"articleSection\":[\"Lokalt\"],\"inLanguage\":\"da-DK\"},{\"@type\":\"WebPage\",\"@id\":\"https:\/\/kunmedierne.dk\/mors\/morsoe-erhvervsraad-har-ansat-en-marketingskoordinator\/\",\"url\":\"https:\/\/kunmedierne.dk\/mors\/morsoe-erhvervsraad-har-ansat-en-marketingskoordinator\/\",\"name\":\"Mors\u00f8 Erhvervsr\u00e5d har ansat en marketingskoordinator - Mors\",\"isPartOf\":{\"@id\":\"https:\/\/kunmedierne.dk\/mors\/#website\"},\"primaryImageOfPage\":{\"@id\":\"https:\/\/kunmedierne.dk\/mors\/morsoe-erhvervsraad-har-ansat-en-marketingskoordinator\/#primaryimage\"},\"image\":{\"@id\":\"https:\/\/kunmedierne.dk\/mors\/morsoe-erhvervsraad-har-ansat-en-marketingskoordinator\/#primaryimage\"},\"thumbnailUrl\":\"https:\/\/kunmedierne.dk\/mors\/wp-content\/uploads\/2023\/06\/Lea-1-scaled.jpg\",\"datePublished\":\"2023-06-09T12:02:46+00:00\",\"dateModified\":\"2024-08-12T11:18:00+00:00\",\"breadcrumb\":{\"@id\":\"https:\/\/kunmedierne.dk\/mors\/morsoe-erhvervsraad-har-ansat-en-marketingskoordinator\/#breadcrumb\"},\"inLanguage\":\"da-DK\",\"potentialAction\":[{\"@type\":\"ReadAction\",\"target\":[\"https:\/\/kunmedierne.dk\/mors\/morsoe-erhvervsraad-har-ansat-en-marketingskoordinator\/\"]}]},{\"@type\":\"ImageObject\",\"inLanguage\":\"da-DK\",\"@id\":\"https:\/\/kunmedierne.dk\/mors\/morsoe-erhvervsraad-har-ansat-en-marketingskoordinator\/#primaryimage\",\"url\":\"https:\/\/kunmedierne.dk\/mors\/wp-content\/uploads\/2023\/06\/Lea-1-scaled.jpg\",\"contentUrl\":\"https:\/\/kunmedierne.dk\/mors\/wp-content\/uploads\/2023\/06\/Lea-1-scaled.jpg\",\"width\":2560,\"height\":1706,\"caption\":\"Lea Frederikke Mommer\"},{\"@type\":\"BreadcrumbList\",\"@id\":\"https:\/\/kunmedierne.dk\/mors\/morsoe-erhvervsraad-har-ansat-en-marketingskoordinator\/#breadcrumb\",\"itemListElement\":[{\"@type\":\"ListItem\",\"position\":1,\"name\":\"Hjem\",\"item\":\"https:\/\/kunmedierne.dk\/mors\/\"},{\"@type\":\"ListItem\",\"position\":2,\"name\":\"Mors\u00f8 Erhvervsr\u00e5d har ansat en marketingskoordinator\"}]},{\"@type\":\"WebSite\",\"@id\":\"https:\/\/kunmedierne.dk\/mors\/#website\",\"url\":\"https:\/\/kunmedierne.dk\/mors\/\",\"name\":\"Mors\",\"description\":\"et netmedie med journalistik om livet p\u00e5 Mors\",\"publisher\":{\"@id\":\"https:\/\/kunmedierne.dk\/mors\/#organization\"},\"potentialAction\":[{\"@type\":\"SearchAction\",\"target\":{\"@type\":\"EntryPoint\",\"urlTemplate\":\"https:\/\/kunmedierne.dk\/mors\/?s={search_term_string}\"},\"query-input\":{\"@type\":\"PropertyValueSpecification\",\"valueRequired\":true,\"valueName\":\"search_term_string\"}}],\"inLanguage\":\"da-DK\"},{\"@type\":\"Organization\",\"@id\":\"https:\/\/kunmedierne.dk\/mors\/#organization\",\"name\":\"Mors\",\"url\":\"https:\/\/kunmedierne.dk\/mors\/\",\"logo\":{\"@type\":\"ImageObject\",\"inLanguage\":\"da-DK\",\"@id\":\"https:\/\/kunmedierne.dk\/mors\/#\/schema\/logo\/image\/\",\"url\":\"https:\/\/kunmedierne.dk\/mors\/wp-content\/uploads\/2024\/08\/kunmors-logo.svg\",\"contentUrl\":\"https:\/\/kunmedierne.dk\/mors\/wp-content\/uploads\/2024\/08\/kunmors-logo.svg\",\"caption\":\"Mors\"},\"image\":{\"@id\":\"https:\/\/kunmedierne.dk\/mors\/#\/schema\/logo\/image\/\"}},{\"@type\":\"Person\",\"@id\":\"https:\/\/kunmedierne.dk\/mors\/#\/schema\/person\/b2e62a38069b12365e53e087a8709c64\",\"name\":\"Katrine Hedegaard\",\"image\":{\"@type\":\"ImageObject\",\"inLanguage\":\"da-DK\",\"@id\":\"https:\/\/kunmedierne.dk\/mors\/#\/schema\/person\/image\/\",\"url\":\"https:\/\/secure.gravatar.com\/avatar\/18a5c72fa9148052fd3ed5a58b40fc83cfdc9811090e6e6eec9539af058edcc0?s=96&d=mm&r=g\",\"contentUrl\":\"https:\/\/secure.gravatar.com\/avatar\/18a5c72fa9148052fd3ed5a58b40fc83cfdc9811090e6e6eec9539af058edcc0?s=96&d=mm&r=g\",\"caption\":\"Katrine Hedegaard\"},\"url\":\"https:\/\/kunmedierne.dk\/mors\/author\/katrine\/\"}]}<\/script>\n<!-- \/ Yoast SEO plugin. -->","yoast_head_json":{"title":"Mors\u00f8 Erhvervsr\u00e5d har ansat en marketingskoordinator - Mors","robots":{"index":"index","follow":"follow","max-snippet":"max-snippet:-1","max-image-preview":"max-image-preview:large","max-video-preview":"max-video-preview:-1"},"canonical":"https:\/\/kunmedierne.dk\/mors\/morsoe-erhvervsraad-har-ansat-en-marketingskoordinator\/","og_locale":"da_DK","og_type":"article","og_title":"Mors\u00f8 Erhvervsr\u00e5d har ansat en marketingskoordinator - Mors","og_description":"ERHVERVSR\u00c5DET: Torsdag den 1. juni 2023 tiltr\u00e5dte Lea Frederikke Mommer i stillingen som marketingskoordinator i Mors\u00f8 Erhvervsr\u00e5d. Lea Frederikke Mommer er uddannet l\u00e6rer og sidenhen Social Media Manager, og har de senere \u00e5r arbejdet med marketing i turistbranchen, hvor hun har lavet Thy Guiden og markedsf\u00f8rt de danske \u00f8er. &#8211; Jeg gl\u00e6der mig til at [&hellip;]","og_url":"https:\/\/kunmedierne.dk\/mors\/morsoe-erhvervsraad-har-ansat-en-marketingskoordinator\/","og_site_name":"Mors","article_published_time":"2023-06-09T12:02:46+00:00","article_modified_time":"2024-08-12T11:18:00+00:00","og_image":[{"width":2560,"height":1706,"url":"https:\/\/kunmedierne.dk\/mors\/wp-content\/uploads\/2023\/06\/Lea-1-scaled.jpg","type":"image\/jpeg"}],"author":"Katrine Hedegaard","twitter_card":"summary_large_image","twitter_misc":{"Skrevet af":"Katrine Hedegaard","Estimeret l\u00e6setid":"2 minutter"},"schema":{"@context":"https:\/\/schema.org","@graph":[{"@type":"Article","@id":"https:\/\/kunmedierne.dk\/mors\/morsoe-erhvervsraad-har-ansat-en-marketingskoordinator\/#article","isPartOf":{"@id":"https:\/\/kunmedierne.dk\/mors\/morsoe-erhvervsraad-har-ansat-en-marketingskoordinator\/"},"author":{"name":"Katrine Hedegaard","@id":"https:\/\/kunmedierne.dk\/mors\/#\/schema\/person\/b2e62a38069b12365e53e087a8709c64"},"headline":"Mors\u00f8 Erhvervsr\u00e5d har ansat en marketingskoordinator","datePublished":"2023-06-09T12:02:46+00:00","dateModified":"2024-08-12T11:18:00+00:00","mainEntityOfPage":{"@id":"https:\/\/kunmedierne.dk\/mors\/morsoe-erhvervsraad-har-ansat-en-marketingskoordinator\/"},"wordCount":219,"publisher":{"@id":"https:\/\/kunmedierne.dk\/mors\/#organization"},"image":{"@id":"https:\/\/kunmedierne.dk\/mors\/morsoe-erhvervsraad-har-ansat-en-marketingskoordinator\/#primaryimage"},"thumbnailUrl":"https:\/\/kunmedierne.dk\/mors\/wp-content\/uploads\/2023\/06\/Lea-1-scaled.jpg","keywords":["Erhverv"],"articleSection":["Lokalt"],"inLanguage":"da-DK"},{"@type":"WebPage","@id":"https:\/\/kunmedierne.dk\/mors\/morsoe-erhvervsraad-har-ansat-en-marketingskoordinator\/","url":"https:\/\/kunmedierne.dk\/mors\/morsoe-erhvervsraad-har-ansat-en-marketingskoordinator\/","name":"Mors\u00f8 Erhvervsr\u00e5d har ansat en marketingskoordinator - Mors","isPartOf":{"@id":"https:\/\/kunmedierne.dk\/mors\/#website"},"primaryImageOfPage":{"@id":"https:\/\/kunmedierne.dk\/mors\/morsoe-erhvervsraad-har-ansat-en-marketingskoordinator\/#primaryimage"},"image":{"@id":"https:\/\/kunmedierne.dk\/mors\/morsoe-erhvervsraad-har-ansat-en-marketingskoordinator\/#primaryimage"},"thumbnailUrl":"https:\/\/kunmedierne.dk\/mors\/wp-content\/uploads\/2023\/06\/Lea-1-scaled.jpg","datePublished":"2023-06-09T12:02:46+00:00","dateModified":"2024-08-12T11:18:00+00:00","breadcrumb":{"@id":"https:\/\/kunmedierne.dk\/mors\/morsoe-erhvervsraad-har-ansat-en-marketingskoordinator\/#breadcrumb"},"inLanguage":"da-DK","potentialAction":[{"@type":"ReadAction","target":["https:\/\/kunmedierne.dk\/mors\/morsoe-erhvervsraad-har-ansat-en-marketingskoordinator\/"]}]},{"@type":"ImageObject","inLanguage":"da-DK","@id":"https:\/\/kunmedierne.dk\/mors\/morsoe-erhvervsraad-har-ansat-en-marketingskoordinator\/#primaryimage","url":"https:\/\/kunmedierne.dk\/mors\/wp-content\/uploads\/2023\/06\/Lea-1-scaled.jpg","contentUrl":"https:\/\/kunmedierne.dk\/mors\/wp-content\/uploads\/2023\/06\/Lea-1-scaled.jpg","width":2560,"height":1706,"caption":"Lea Frederikke Mommer"},{"@type":"BreadcrumbList","@id":"https:\/\/kunmedierne.dk\/mors\/morsoe-erhvervsraad-har-ansat-en-marketingskoordinator\/#breadcrumb","itemListElement":[{"@type":"ListItem","position":1,"name":"Hjem","item":"https:\/\/kunmedierne.dk\/mors\/"},{"@type":"ListItem","position":2,"name":"Mors\u00f8 Erhvervsr\u00e5d har ansat en marketingskoordinator"}]},{"@type":"WebSite","@id":"https:\/\/kunmedierne.dk\/mors\/#website","url":"https:\/\/kunmedierne.dk\/mors\/","name":"Mors","description":"et netmedie med journalistik om livet p\u00e5 Mors","publisher":{"@id":"https:\/\/kunmedierne.dk\/mors\/#organization"},"potentialAction":[{"@type":"SearchAction","target":{"@type":"EntryPoint","urlTemplate":"https:\/\/kunmedierne.dk\/mors\/?s={search_term_string}"},"query-input":{"@type":"PropertyValueSpecification","valueRequired":true,"valueName":"search_term_string"}}],"inLanguage":"da-DK"},{"@type":"Organization","@id":"https:\/\/kunmedierne.dk\/mors\/#organization","name":"Mors","url":"https:\/\/kunmedierne.dk\/mors\/","logo":{"@type":"ImageObject","inLanguage":"da-DK","@id":"https:\/\/kunmedierne.dk\/mors\/#\/schema\/logo\/image\/","url":"https:\/\/kunmedierne.dk\/mors\/wp-content\/uploads\/2024\/08\/kunmors-logo.svg","contentUrl":"https:\/\/kunmedierne.dk\/mors\/wp-content\/uploads\/2024\/08\/kunmors-logo.svg","caption":"Mors"},"image":{"@id":"https:\/\/kunmedierne.dk\/mors\/#\/schema\/logo\/image\/"}},{"@type":"Person","@id":"https:\/\/kunmedierne.dk\/mors\/#\/schema\/person\/b2e62a38069b12365e53e087a8709c64","name":"Katrine Hedegaard","image":{"@type":"ImageObject","inLanguage":"da-DK","@id":"https:\/\/kunmedierne.dk\/mors\/#\/schema\/person\/image\/","url":"https:\/\/secure.gravatar.com\/avatar\/18a5c72fa9148052fd3ed5a58b40fc83cfdc9811090e6e6eec9539af058edcc0?s=96&d=mm&r=g","contentUrl":"https:\/\/secure.gravatar.com\/avatar\/18a5c72fa9148052fd3ed5a58b40fc83cfdc9811090e6e6eec9539af058edcc0?s=96&d=mm&r=g","caption":"Katrine Hedegaard"},"url":"https:\/\/kunmedierne.dk\/mors\/author\/katrine\/"}]}},"_links":{"self":[{"href":"https:\/\/kunmedierne.dk\/mors\/wp-json\/wp\/v2\/posts\/96569","targetHints":{"allow":["GET"]}}],"collection":[{"href":"https:\/\/kunmedierne.dk\/mors\/wp-json\/wp\/v2\/posts"}],"about":[{"href":"https:\/\/kunmedierne.dk\/mors\/wp-json\/wp\/v2\/types\/post"}],"author":[{"embeddable":true,"href":"https:\/\/kunmedierne.dk\/mors\/wp-json\/wp\/v2\/users\/2507"}],"replies":[{"embeddable":true,"href":"https:\/\/kunmedierne.dk\/mors\/wp-json\/wp\/v2\/comments?post=96569"}],"version-history":[{"count":2,"href":"https:\/\/kunmedierne.dk\/mors\/wp-json\/wp\/v2\/posts\/96569\/revisions"}],"predecessor-version":[{"id":96576,"href":"https:\/\/kunmedierne.dk\/mors\/wp-json\/wp\/v2\/posts\/96569\/revisions\/96576"}],"wp:featuredmedia":[{"embeddable":true,"href":"https:\/\/kunmedierne.dk\/mors\/wp-json\/wp\/v2\/media\/96575"}],"wp:attachment":[{"href":"https:\/\/kunmedierne.dk\/mors\/wp-json\/wp\/v2\/media?parent=96569"}],"wp:term":[{"taxonomy":"category","embeddable":true,"href":"https:\/\/kunmedierne.dk\/mors\/wp-json\/wp\/v2\/categories?post=96569"},{"taxonomy":"post_tag","embeddable":true,"href":"https:\/\/kunmedierne.dk\/mors\/wp-json\/wp\/v2\/tags?post=96569"}],"curies":[{"name":"wp","href":"https:\/\/api.w.org\/{rel}","templated":true}]}}