{"id":96131,"date":"2023-06-02T16:33:15","date_gmt":"2023-06-02T14:33:15","guid":{"rendered":"https:\/\/kunmedierne.dk\/mors\/?p=96131"},"modified":"2024-08-12T13:18:03","modified_gmt":"2024-08-12T11:18:03","slug":"det-handler-vel-om-at-opfoere-sig-ordentligt","status":"publish","type":"post","link":"https:\/\/kunmedierne.dk\/mors\/det-handler-vel-om-at-opfoere-sig-ordentligt\/","title":{"rendered":"&#8211; Det handler vel om at opf\u00f8re sig ordentligt&#8230;"},"content":{"rendered":"<p><strong>NYK\u00d8BING<\/strong>: &#8211; Hvis vejret holder, og det ser det ud til at g\u00f8re, bliver det godt&#8230;<\/p>\n<p>Lars Tang, formand for Foreningen Skaldyrsfestival, er s\u00e5 t\u00e6t p\u00e5 at bryde ud i tidlig jubel, som man n\u00e6sten kan komme det.<\/p>\n<p>Men der er ogs\u00e5 kun f\u00e5 timer, til en af \u00e5rets helt store lokale begivenheder g\u00e5r i gang &#8211; og for andet \u00e5r i tr\u00e6k ser Skaldyrsfestivalen ud til at v\u00e6re begunstiget af sol og bl\u00e5 himmel.<\/p>\n<a class=\"dvrt-link\" onClick=\"cdmtrack_click(104783,jQuery(this));return false\" href=\"https:\/\/konpap.dk\/\"><img decoding=\"async\" style=\"width:100%;\" src=\"https:\/\/kunmedierne.dk\/mors\/wp-content\/uploads\/2023\/10\/Kun-Mors-banner.jpg\"><\/a><script>cdmtrack_view(104783);<\/script>\n<p>Det har kunnet ses p\u00e5 de seneste dages billetsalg. Lars Tang melder om i alt 264 solgte billetter til fredag aftens fiske- og skaldyrsbuffet. Og grillfesten er p\u00e5 knap 400 solgte portioner.<\/p>\n<p>&#8211; Det er g\u00e5et st\u00e6rkt de sidste par dage. Folk har lige skullet se, hvordan vejret bliver, s\u00e5 vi regner med at starte h\u00e5rdt ud i aften, siger han.<\/p>\n<p>&nbsp;<\/p>\n<p><strong>Sommervejr to \u00e5r i tr\u00e6k<\/strong><\/p>\n<p>L\u00f8rdag bliver der endnu flere munde at m\u00e6tte. Hele 800 har sikret sig adgang til fiske- og skaldyrsbuffeten &#8211; og n\u00e5r man s\u00e5 ogs\u00e5 melder resten af programmet med musik og anden underholdning p\u00e5 plads, er der ikke noget at sige til optimismen.<\/p>\n<a class=\"dvrt-link\" onClick=\"cdmtrack_click(104785,jQuery(this));return false\" href=\"https:\/\/www.facebook.com\/lyndrups\"><img decoding=\"async\" style=\"width:100%;\" src=\"https:\/\/kunmedierne.dk\/mors\/wp-content\/uploads\/2022\/02\/vip-lyndrups-rengoering.jpg\"><\/a><script>cdmtrack_view(104785);<\/script>\n<p>Som de mange tusinde deltagere til sidste \u00e5rs festival nok kan huske, var ogs\u00e5 den godt hjulpet af sommervejret. Lars Tang afviser, at man har en aftale med vejrguderne om at v\u00e6re Skaldyrsfestivalen s\u00e6rligt venligt stemt, men siger dog med et grin:<\/p>\n<p>&#8211; Vi har ikke nogen decideret pagt, men det handler vel om at opf\u00f8re sig ordentligt&#8230;<\/p>\n<h5>L\u00c6S OGS\u00c5:<\/h5>\n<h5>7\/6-2022: <a href=\"https:\/\/kunmedierne.dk\/mors\/efter-stor-skaldyrsfestival-vi-begynder-at-slaa-os-fast-som-en-national-begivenhed\/\">Efter stor skaldyrsfestival: &#8220;Vi begynder at sl\u00e5 os fast som en national begivenhed&#8221;<\/a><\/h5>\n<h5>28\/5-2023: <a href=\"https:\/\/kunmedierne.dk\/mors\/foer-kulinarisk-kaempeweekend-skaldyrsfestivalen-er-en-folkefest\/\">F\u00f8r kulinarisk k\u00e6mpeweekend: &#8211; Skaldyrsfestivalen er en folkefest<\/a><\/h5>\n<div><\/div>\n","protected":false},"excerpt":{"rendered":"<p>NYK\u00d8BING: &#8211; Hvis vejret holder, og det ser det ud til at g\u00f8re, bliver det godt&#8230; Lars Tang, formand for Foreningen Skaldyrsfestival, er s\u00e5 t\u00e6t p\u00e5 at bryde ud i tidlig jubel, som man n\u00e6sten kan komme det. Men der er ogs\u00e5 kun f\u00e5 timer, til en af \u00e5rets helt store lokale begivenheder g\u00e5r i [&hellip;]<\/p>\n","protected":false},"author":8,"featured_media":71362,"comment_status":"closed","ping_status":"open","sticky":false,"template":"","format":"standard","meta":{"_acf_changed":false,"footnotes":""},"categories":[49],"tags":[169,171],"class_list":["post-96131","post","type-post","status-publish","format-standard","has-post-thumbnail","hentry","category-kultur","tag-skaldyr","tag-turisme"],"acf":[],"yoast_head":"<!-- This site is optimized with the Yoast SEO plugin v26.8 - https:\/\/yoast.com\/product\/yoast-seo-wordpress\/ -->\n<title>- Det handler vel om at opf\u00f8re sig ordentligt... - Mors<\/title>\n<meta name=\"robots\" content=\"index, follow, max-snippet:-1, max-image-preview:large, max-video-preview:-1\" \/>\n<link rel=\"canonical\" href=\"https:\/\/kunmedierne.dk\/mors\/det-handler-vel-om-at-opfoere-sig-ordentligt\/\" \/>\n<meta property=\"og:locale\" content=\"da_DK\" \/>\n<meta property=\"og:type\" content=\"article\" \/>\n<meta property=\"og:title\" content=\"- Det handler vel om at opf\u00f8re sig ordentligt... - Mors\" \/>\n<meta property=\"og:description\" content=\"NYK\u00d8BING: &#8211; Hvis vejret holder, og det ser det ud til at g\u00f8re, bliver det godt&#8230; Lars Tang, formand for Foreningen Skaldyrsfestival, er s\u00e5 t\u00e6t p\u00e5 at bryde ud i tidlig jubel, som man n\u00e6sten kan komme det. Men der er ogs\u00e5 kun f\u00e5 timer, til en af \u00e5rets helt store lokale begivenheder g\u00e5r i [&hellip;]\" \/>\n<meta property=\"og:url\" content=\"https:\/\/kunmedierne.dk\/mors\/det-handler-vel-om-at-opfoere-sig-ordentligt\/\" \/>\n<meta property=\"og:site_name\" content=\"Mors\" \/>\n<meta property=\"article:published_time\" content=\"2023-06-02T14:33:15+00:00\" \/>\n<meta property=\"article:modified_time\" content=\"2024-08-12T11:18:03+00:00\" \/>\n<meta property=\"og:image\" content=\"https:\/\/kunmedierne.dk\/mors\/wp-content\/uploads\/2022\/06\/skaldyr1.jpg\" \/>\n\t<meta property=\"og:image:width\" content=\"770\" \/>\n\t<meta property=\"og:image:height\" content=\"513\" \/>\n\t<meta property=\"og:image:type\" content=\"image\/jpeg\" \/>\n<meta name=\"author\" content=\"David H\u00f8jmark\" \/>\n<meta name=\"twitter:card\" content=\"summary_large_image\" \/>\n<meta name=\"twitter:label1\" content=\"Skrevet af\" \/>\n\t<meta name=\"twitter:data1\" content=\"David H\u00f8jmark\" \/>\n\t<meta name=\"twitter:label2\" content=\"Estimeret l\u00e6setid\" \/>\n\t<meta name=\"twitter:data2\" content=\"2 minutter\" \/>\n<script type=\"application\/ld+json\" class=\"yoast-schema-graph\">{\"@context\":\"https:\/\/schema.org\",\"@graph\":[{\"@type\":\"Article\",\"@id\":\"https:\/\/kunmedierne.dk\/mors\/det-handler-vel-om-at-opfoere-sig-ordentligt\/#article\",\"isPartOf\":{\"@id\":\"https:\/\/kunmedierne.dk\/mors\/det-handler-vel-om-at-opfoere-sig-ordentligt\/\"},\"author\":{\"name\":\"David H\u00f8jmark\",\"@id\":\"https:\/\/kunmedierne.dk\/mors\/#\/schema\/person\/5fe23251bf1d0abbcdc6f7896579d548\"},\"headline\":\"&#8211; Det handler vel om at opf\u00f8re sig ordentligt&#8230;\",\"datePublished\":\"2023-06-02T14:33:15+00:00\",\"dateModified\":\"2024-08-12T11:18:03+00:00\",\"mainEntityOfPage\":{\"@id\":\"https:\/\/kunmedierne.dk\/mors\/det-handler-vel-om-at-opfoere-sig-ordentligt\/\"},\"wordCount\":298,\"publisher\":{\"@id\":\"https:\/\/kunmedierne.dk\/mors\/#organization\"},\"image\":{\"@id\":\"https:\/\/kunmedierne.dk\/mors\/det-handler-vel-om-at-opfoere-sig-ordentligt\/#primaryimage\"},\"thumbnailUrl\":\"https:\/\/kunmedierne.dk\/mors\/wp-content\/uploads\/2022\/06\/skaldyr1.jpg\",\"keywords\":[\"Skaldyr\",\"Turisme\"],\"articleSection\":[\"Kultur\"],\"inLanguage\":\"da-DK\"},{\"@type\":\"WebPage\",\"@id\":\"https:\/\/kunmedierne.dk\/mors\/det-handler-vel-om-at-opfoere-sig-ordentligt\/\",\"url\":\"https:\/\/kunmedierne.dk\/mors\/det-handler-vel-om-at-opfoere-sig-ordentligt\/\",\"name\":\"- Det handler vel om at opf\u00f8re sig ordentligt... - Mors\",\"isPartOf\":{\"@id\":\"https:\/\/kunmedierne.dk\/mors\/#website\"},\"primaryImageOfPage\":{\"@id\":\"https:\/\/kunmedierne.dk\/mors\/det-handler-vel-om-at-opfoere-sig-ordentligt\/#primaryimage\"},\"image\":{\"@id\":\"https:\/\/kunmedierne.dk\/mors\/det-handler-vel-om-at-opfoere-sig-ordentligt\/#primaryimage\"},\"thumbnailUrl\":\"https:\/\/kunmedierne.dk\/mors\/wp-content\/uploads\/2022\/06\/skaldyr1.jpg\",\"datePublished\":\"2023-06-02T14:33:15+00:00\",\"dateModified\":\"2024-08-12T11:18:03+00:00\",\"breadcrumb\":{\"@id\":\"https:\/\/kunmedierne.dk\/mors\/det-handler-vel-om-at-opfoere-sig-ordentligt\/#breadcrumb\"},\"inLanguage\":\"da-DK\",\"potentialAction\":[{\"@type\":\"ReadAction\",\"target\":[\"https:\/\/kunmedierne.dk\/mors\/det-handler-vel-om-at-opfoere-sig-ordentligt\/\"]}]},{\"@type\":\"ImageObject\",\"inLanguage\":\"da-DK\",\"@id\":\"https:\/\/kunmedierne.dk\/mors\/det-handler-vel-om-at-opfoere-sig-ordentligt\/#primaryimage\",\"url\":\"https:\/\/kunmedierne.dk\/mors\/wp-content\/uploads\/2022\/06\/skaldyr1.jpg\",\"contentUrl\":\"https:\/\/kunmedierne.dk\/mors\/wp-content\/uploads\/2022\/06\/skaldyr1.jpg\",\"width\":770,\"height\":513,\"caption\":\"B\u00e5de morsingboer og g\u00e6ster udefra valfartede til Skaldyrsfestival 2022. Foto: Skaldyrsfestivalen\"},{\"@type\":\"BreadcrumbList\",\"@id\":\"https:\/\/kunmedierne.dk\/mors\/det-handler-vel-om-at-opfoere-sig-ordentligt\/#breadcrumb\",\"itemListElement\":[{\"@type\":\"ListItem\",\"position\":1,\"name\":\"Hjem\",\"item\":\"https:\/\/kunmedierne.dk\/mors\/\"},{\"@type\":\"ListItem\",\"position\":2,\"name\":\"&#8211; Det handler vel om at opf\u00f8re sig ordentligt&#8230;\"}]},{\"@type\":\"WebSite\",\"@id\":\"https:\/\/kunmedierne.dk\/mors\/#website\",\"url\":\"https:\/\/kunmedierne.dk\/mors\/\",\"name\":\"Mors\",\"description\":\"et netmedie med journalistik om livet p\u00e5 Mors\",\"publisher\":{\"@id\":\"https:\/\/kunmedierne.dk\/mors\/#organization\"},\"potentialAction\":[{\"@type\":\"SearchAction\",\"target\":{\"@type\":\"EntryPoint\",\"urlTemplate\":\"https:\/\/kunmedierne.dk\/mors\/?s={search_term_string}\"},\"query-input\":{\"@type\":\"PropertyValueSpecification\",\"valueRequired\":true,\"valueName\":\"search_term_string\"}}],\"inLanguage\":\"da-DK\"},{\"@type\":\"Organization\",\"@id\":\"https:\/\/kunmedierne.dk\/mors\/#organization\",\"name\":\"Mors\",\"url\":\"https:\/\/kunmedierne.dk\/mors\/\",\"logo\":{\"@type\":\"ImageObject\",\"inLanguage\":\"da-DK\",\"@id\":\"https:\/\/kunmedierne.dk\/mors\/#\/schema\/logo\/image\/\",\"url\":\"https:\/\/kunmedierne.dk\/mors\/wp-content\/uploads\/2024\/08\/kunmors-logo.svg\",\"contentUrl\":\"https:\/\/kunmedierne.dk\/mors\/wp-content\/uploads\/2024\/08\/kunmors-logo.svg\",\"caption\":\"Mors\"},\"image\":{\"@id\":\"https:\/\/kunmedierne.dk\/mors\/#\/schema\/logo\/image\/\"}},{\"@type\":\"Person\",\"@id\":\"https:\/\/kunmedierne.dk\/mors\/#\/schema\/person\/5fe23251bf1d0abbcdc6f7896579d548\",\"name\":\"David H\u00f8jmark\",\"image\":{\"@type\":\"ImageObject\",\"inLanguage\":\"da-DK\",\"@id\":\"https:\/\/kunmedierne.dk\/mors\/#\/schema\/person\/image\/\",\"url\":\"https:\/\/secure.gravatar.com\/avatar\/4315d6fb9ef244d729989f5f90268eb08d5bf8a3d84402f595fa194bb35784fd?s=96&d=mm&r=g\",\"contentUrl\":\"https:\/\/secure.gravatar.com\/avatar\/4315d6fb9ef244d729989f5f90268eb08d5bf8a3d84402f595fa194bb35784fd?s=96&d=mm&r=g\",\"caption\":\"David H\u00f8jmark\"},\"sameAs\":[\"https:\/\/www.kunmedierne.dk\"],\"url\":\"https:\/\/kunmedierne.dk\/mors\/author\/david\/\"}]}<\/script>\n<!-- \/ Yoast SEO plugin. -->","yoast_head_json":{"title":"- Det handler vel om at opf\u00f8re sig ordentligt... - Mors","robots":{"index":"index","follow":"follow","max-snippet":"max-snippet:-1","max-image-preview":"max-image-preview:large","max-video-preview":"max-video-preview:-1"},"canonical":"https:\/\/kunmedierne.dk\/mors\/det-handler-vel-om-at-opfoere-sig-ordentligt\/","og_locale":"da_DK","og_type":"article","og_title":"- Det handler vel om at opf\u00f8re sig ordentligt... - Mors","og_description":"NYK\u00d8BING: &#8211; Hvis vejret holder, og det ser det ud til at g\u00f8re, bliver det godt&#8230; Lars Tang, formand for Foreningen Skaldyrsfestival, er s\u00e5 t\u00e6t p\u00e5 at bryde ud i tidlig jubel, som man n\u00e6sten kan komme det. Men der er ogs\u00e5 kun f\u00e5 timer, til en af \u00e5rets helt store lokale begivenheder g\u00e5r i [&hellip;]","og_url":"https:\/\/kunmedierne.dk\/mors\/det-handler-vel-om-at-opfoere-sig-ordentligt\/","og_site_name":"Mors","article_published_time":"2023-06-02T14:33:15+00:00","article_modified_time":"2024-08-12T11:18:03+00:00","og_image":[{"width":770,"height":513,"url":"https:\/\/kunmedierne.dk\/mors\/wp-content\/uploads\/2022\/06\/skaldyr1.jpg","type":"image\/jpeg"}],"author":"David H\u00f8jmark","twitter_card":"summary_large_image","twitter_misc":{"Skrevet af":"David H\u00f8jmark","Estimeret l\u00e6setid":"2 minutter"},"schema":{"@context":"https:\/\/schema.org","@graph":[{"@type":"Article","@id":"https:\/\/kunmedierne.dk\/mors\/det-handler-vel-om-at-opfoere-sig-ordentligt\/#article","isPartOf":{"@id":"https:\/\/kunmedierne.dk\/mors\/det-handler-vel-om-at-opfoere-sig-ordentligt\/"},"author":{"name":"David H\u00f8jmark","@id":"https:\/\/kunmedierne.dk\/mors\/#\/schema\/person\/5fe23251bf1d0abbcdc6f7896579d548"},"headline":"&#8211; Det handler vel om at opf\u00f8re sig ordentligt&#8230;","datePublished":"2023-06-02T14:33:15+00:00","dateModified":"2024-08-12T11:18:03+00:00","mainEntityOfPage":{"@id":"https:\/\/kunmedierne.dk\/mors\/det-handler-vel-om-at-opfoere-sig-ordentligt\/"},"wordCount":298,"publisher":{"@id":"https:\/\/kunmedierne.dk\/mors\/#organization"},"image":{"@id":"https:\/\/kunmedierne.dk\/mors\/det-handler-vel-om-at-opfoere-sig-ordentligt\/#primaryimage"},"thumbnailUrl":"https:\/\/kunmedierne.dk\/mors\/wp-content\/uploads\/2022\/06\/skaldyr1.jpg","keywords":["Skaldyr","Turisme"],"articleSection":["Kultur"],"inLanguage":"da-DK"},{"@type":"WebPage","@id":"https:\/\/kunmedierne.dk\/mors\/det-handler-vel-om-at-opfoere-sig-ordentligt\/","url":"https:\/\/kunmedierne.dk\/mors\/det-handler-vel-om-at-opfoere-sig-ordentligt\/","name":"- Det handler vel om at opf\u00f8re sig ordentligt... - Mors","isPartOf":{"@id":"https:\/\/kunmedierne.dk\/mors\/#website"},"primaryImageOfPage":{"@id":"https:\/\/kunmedierne.dk\/mors\/det-handler-vel-om-at-opfoere-sig-ordentligt\/#primaryimage"},"image":{"@id":"https:\/\/kunmedierne.dk\/mors\/det-handler-vel-om-at-opfoere-sig-ordentligt\/#primaryimage"},"thumbnailUrl":"https:\/\/kunmedierne.dk\/mors\/wp-content\/uploads\/2022\/06\/skaldyr1.jpg","datePublished":"2023-06-02T14:33:15+00:00","dateModified":"2024-08-12T11:18:03+00:00","breadcrumb":{"@id":"https:\/\/kunmedierne.dk\/mors\/det-handler-vel-om-at-opfoere-sig-ordentligt\/#breadcrumb"},"inLanguage":"da-DK","potentialAction":[{"@type":"ReadAction","target":["https:\/\/kunmedierne.dk\/mors\/det-handler-vel-om-at-opfoere-sig-ordentligt\/"]}]},{"@type":"ImageObject","inLanguage":"da-DK","@id":"https:\/\/kunmedierne.dk\/mors\/det-handler-vel-om-at-opfoere-sig-ordentligt\/#primaryimage","url":"https:\/\/kunmedierne.dk\/mors\/wp-content\/uploads\/2022\/06\/skaldyr1.jpg","contentUrl":"https:\/\/kunmedierne.dk\/mors\/wp-content\/uploads\/2022\/06\/skaldyr1.jpg","width":770,"height":513,"caption":"B\u00e5de morsingboer og g\u00e6ster udefra valfartede til Skaldyrsfestival 2022. Foto: Skaldyrsfestivalen"},{"@type":"BreadcrumbList","@id":"https:\/\/kunmedierne.dk\/mors\/det-handler-vel-om-at-opfoere-sig-ordentligt\/#breadcrumb","itemListElement":[{"@type":"ListItem","position":1,"name":"Hjem","item":"https:\/\/kunmedierne.dk\/mors\/"},{"@type":"ListItem","position":2,"name":"&#8211; Det handler vel om at opf\u00f8re sig ordentligt&#8230;"}]},{"@type":"WebSite","@id":"https:\/\/kunmedierne.dk\/mors\/#website","url":"https:\/\/kunmedierne.dk\/mors\/","name":"Mors","description":"et netmedie med journalistik om livet p\u00e5 Mors","publisher":{"@id":"https:\/\/kunmedierne.dk\/mors\/#organization"},"potentialAction":[{"@type":"SearchAction","target":{"@type":"EntryPoint","urlTemplate":"https:\/\/kunmedierne.dk\/mors\/?s={search_term_string}"},"query-input":{"@type":"PropertyValueSpecification","valueRequired":true,"valueName":"search_term_string"}}],"inLanguage":"da-DK"},{"@type":"Organization","@id":"https:\/\/kunmedierne.dk\/mors\/#organization","name":"Mors","url":"https:\/\/kunmedierne.dk\/mors\/","logo":{"@type":"ImageObject","inLanguage":"da-DK","@id":"https:\/\/kunmedierne.dk\/mors\/#\/schema\/logo\/image\/","url":"https:\/\/kunmedierne.dk\/mors\/wp-content\/uploads\/2024\/08\/kunmors-logo.svg","contentUrl":"https:\/\/kunmedierne.dk\/mors\/wp-content\/uploads\/2024\/08\/kunmors-logo.svg","caption":"Mors"},"image":{"@id":"https:\/\/kunmedierne.dk\/mors\/#\/schema\/logo\/image\/"}},{"@type":"Person","@id":"https:\/\/kunmedierne.dk\/mors\/#\/schema\/person\/5fe23251bf1d0abbcdc6f7896579d548","name":"David H\u00f8jmark","image":{"@type":"ImageObject","inLanguage":"da-DK","@id":"https:\/\/kunmedierne.dk\/mors\/#\/schema\/person\/image\/","url":"https:\/\/secure.gravatar.com\/avatar\/4315d6fb9ef244d729989f5f90268eb08d5bf8a3d84402f595fa194bb35784fd?s=96&d=mm&r=g","contentUrl":"https:\/\/secure.gravatar.com\/avatar\/4315d6fb9ef244d729989f5f90268eb08d5bf8a3d84402f595fa194bb35784fd?s=96&d=mm&r=g","caption":"David H\u00f8jmark"},"sameAs":["https:\/\/www.kunmedierne.dk"],"url":"https:\/\/kunmedierne.dk\/mors\/author\/david\/"}]}},"_links":{"self":[{"href":"https:\/\/kunmedierne.dk\/mors\/wp-json\/wp\/v2\/posts\/96131","targetHints":{"allow":["GET"]}}],"collection":[{"href":"https:\/\/kunmedierne.dk\/mors\/wp-json\/wp\/v2\/posts"}],"about":[{"href":"https:\/\/kunmedierne.dk\/mors\/wp-json\/wp\/v2\/types\/post"}],"author":[{"embeddable":true,"href":"https:\/\/kunmedierne.dk\/mors\/wp-json\/wp\/v2\/users\/8"}],"replies":[{"embeddable":true,"href":"https:\/\/kunmedierne.dk\/mors\/wp-json\/wp\/v2\/comments?post=96131"}],"version-history":[{"count":4,"href":"https:\/\/kunmedierne.dk\/mors\/wp-json\/wp\/v2\/posts\/96131\/revisions"}],"predecessor-version":[{"id":96138,"href":"https:\/\/kunmedierne.dk\/mors\/wp-json\/wp\/v2\/posts\/96131\/revisions\/96138"}],"wp:featuredmedia":[{"embeddable":true,"href":"https:\/\/kunmedierne.dk\/mors\/wp-json\/wp\/v2\/media\/71362"}],"wp:attachment":[{"href":"https:\/\/kunmedierne.dk\/mors\/wp-json\/wp\/v2\/media?parent=96131"}],"wp:term":[{"taxonomy":"category","embeddable":true,"href":"https:\/\/kunmedierne.dk\/mors\/wp-json\/wp\/v2\/categories?post=96131"},{"taxonomy":"post_tag","embeddable":true,"href":"https:\/\/kunmedierne.dk\/mors\/wp-json\/wp\/v2\/tags?post=96131"}],"curies":[{"name":"wp","href":"https:\/\/api.w.org\/{rel}","templated":true}]}}