{"id":96113,"date":"2023-06-02T15:19:10","date_gmt":"2023-06-02T13:19:10","guid":{"rendered":"https:\/\/kunmedierne.dk\/mors\/?p=96113"},"modified":"2024-08-12T13:18:03","modified_gmt":"2024-08-12T11:18:03","slug":"jubilaeum-og-aabent-hus-hos-klinik-foldberg","status":"publish","type":"post","link":"https:\/\/kunmedierne.dk\/mors\/jubilaeum-og-aabent-hus-hos-klinik-foldberg\/","title":{"rendered":"Jubil\u00e6um og \u00e5bent hus hos Klinik Foldberg"},"content":{"rendered":"<p style=\"text-align: center;\"><em><em>ANNONC\u00d8RBETALT INDHOLD<\/em><\/em><\/p>\n<hr \/>\n<p><strong>L\u00f8rdag den 10. juni fejrer jeg 25-\u00e5rs jubil\u00e6um som akupunkt\u00f8r. Derfor vil det gl\u00e6de mig at se alle, som har lyst, p\u00e5 klinikken p\u00e5 Fruevej 24 i Nyk\u00f8bing Mors.\u00a0<\/strong><\/p>\n<p>Tilbage i 1998 afsluttede jeg akupunkturuddannelsen p\u00e5 Akupunkturskolen i \u00c5rhus, og siden da har jeg praktiseret som akupunkt\u00f8r. De sidste knap 20 \u00e5r som selvst\u00e6ndig p\u00e5 klinikken her i Nyk\u00f8bing.<\/p>\n<p>Da jeg f\u00f8rst fik \u00f8jnene op for akupunkturen, var der ingen vej tilbage. Akupunkturen var mit kald, og jeg forts\u00e6tter gerne 25 \u00e5r mere. Det er et privilegium at lave det man elsker hver dag.<\/p>\n<p>Ofte f\u00e5r jeg sp\u00f8rgsm\u00e5let: &#8220;Hvor mange n\u00e5le bruger du om \u00e5ret?&#8221; Mit svar er ca. 50.000. S\u00e5 p\u00e5 25 \u00e5r bliver det mere end 1,2 millioner n\u00e5le, jeg har sat gennem mit virke som akupunkt\u00f8r.<\/p>\n<p>Jeg har v\u00e6re utroligt privilegeret gennem \u00e5rene. B\u00e5de gennem finanskrisen og under corona har mine klienter v\u00e6ret utrolig loyale og forst\u00e5ende. Is\u00e6r coronaen med nedlukninger i ugevis var h\u00e5rd, da jeg hver gang skulle starte op med store huller i kalenderen. Hver gang blev jeg positivt overrasket over, at jeg i l\u00f8bet af to uger var p\u00e5 fuld kalender igen. Jeg f\u00f8lte mig b\u00e5de ydmyg og taknemmelig.<\/p>\n<p>Gennem \u00e5rene har meget \u00e6ndret sig for akupunkturen. Den er blandt andet blevet bl\u00e5stemplet af Sundhedsstyrelsen. I 2004 fik vi RAB (Registreret Alternativ Behandler). Det betyder, at man som patient let kan finde en behandler, der har den rette uddannelse og kontinuerligt videreuddanner sig. Ydermere ydes der nu tilskud fra Sygeforsikringen Danmark, ligesom mange sundhedsforsikringer nu giver tilskud til akupunktur.<\/p>\n<p>Velkommen p\u00e5 \u00e5bent hus p\u00e5 Fruevej 24 l\u00f8rdag den 10. juni fra 13 til 16.<\/p>\n<p>Alle er inviteret! Der vil v\u00e6re kaffe og te p\u00e5 kanden, kagemand, \u00f8l og vand.<\/p>\n<p>Mange hilsner<\/p>\n<p>Jytte Foldberg.<\/p>\n<blockquote>\n<h5>L\u00e6s mere om Klinik Foldberg p\u00e5 <a href=\"https:\/\/aku-net.dk\/find-behandler\/klinik-foldberg\/\">hjemmesiden<\/a> &#8211; og f\u00f8lg klinikken p\u00e5 <a href=\"https:\/\/www.facebook.com\/profile.php?id=100036846895914\">Facebook<\/a> og <a href=\"https:\/\/www.instagram.com\/klinikfoldberg\/\">Instagram<\/a>.<\/h5>\n<\/blockquote>\n<p><img loading=\"lazy\" decoding=\"async\" class=\"alignleft wp-image-96116 size-full\" src=\"https:\/\/kunmedierne.dk\/mors\/wp-content\/uploads\/2023\/06\/jyttefoldberg.jpg\" alt=\"\" width=\"770\" height=\"921\" srcset=\"https:\/\/kunmedierne.dk\/mors\/wp-content\/uploads\/2023\/06\/jyttefoldberg.jpg 770w, https:\/\/kunmedierne.dk\/mors\/wp-content\/uploads\/2023\/06\/jyttefoldberg-251x300.jpg 251w, https:\/\/kunmedierne.dk\/mors\/wp-content\/uploads\/2023\/06\/jyttefoldberg-768x919.jpg 768w, https:\/\/kunmedierne.dk\/mors\/wp-content\/uploads\/2023\/06\/jyttefoldberg-600x718.jpg 600w\" sizes=\"auto, (max-width: 770px) 100vw, 770px\" \/><\/p>\n<hr \/>\n<p>&nbsp;<\/p>\n","protected":false},"excerpt":{"rendered":"<p>ANNONC\u00d8RBETALT INDHOLD L\u00f8rdag den 10. juni fejrer jeg 25-\u00e5rs jubil\u00e6um som akupunkt\u00f8r. Derfor vil det gl\u00e6de mig at se alle, som har lyst, p\u00e5 klinikken p\u00e5 Fruevej 24 i Nyk\u00f8bing Mors.\u00a0 Tilbage i 1998 afsluttede jeg akupunkturuddannelsen p\u00e5 Akupunkturskolen i \u00c5rhus, og siden da har jeg praktiseret som akupunkt\u00f8r. De sidste knap 20 \u00e5r som [&hellip;]<\/p>\n","protected":false},"author":8,"featured_media":96114,"comment_status":"closed","ping_status":"open","sticky":false,"template":"","format":"standard","meta":{"_acf_changed":false,"footnotes":""},"categories":[183,51],"tags":[159],"class_list":["post-96113","post","type-post","status-publish","format-standard","has-post-thumbnail","hentry","category-annonce","category-lokalt","tag-erhverv"],"acf":[],"yoast_head":"<!-- This site is optimized with the Yoast SEO plugin v26.8 - https:\/\/yoast.com\/product\/yoast-seo-wordpress\/ -->\n<title>Jubil\u00e6um og \u00e5bent hus hos Klinik Foldberg - Mors<\/title>\n<meta name=\"robots\" content=\"index, follow, max-snippet:-1, max-image-preview:large, max-video-preview:-1\" \/>\n<link rel=\"canonical\" href=\"https:\/\/kunmedierne.dk\/mors\/jubilaeum-og-aabent-hus-hos-klinik-foldberg\/\" \/>\n<meta property=\"og:locale\" content=\"da_DK\" \/>\n<meta property=\"og:type\" content=\"article\" \/>\n<meta property=\"og:title\" content=\"Jubil\u00e6um og \u00e5bent hus hos Klinik Foldberg - Mors\" \/>\n<meta property=\"og:description\" content=\"ANNONC\u00d8RBETALT INDHOLD L\u00f8rdag den 10. juni fejrer jeg 25-\u00e5rs jubil\u00e6um som akupunkt\u00f8r. Derfor vil det gl\u00e6de mig at se alle, som har lyst, p\u00e5 klinikken p\u00e5 Fruevej 24 i Nyk\u00f8bing Mors.\u00a0 Tilbage i 1998 afsluttede jeg akupunkturuddannelsen p\u00e5 Akupunkturskolen i \u00c5rhus, og siden da har jeg praktiseret som akupunkt\u00f8r. De sidste knap 20 \u00e5r som [&hellip;]\" \/>\n<meta property=\"og:url\" content=\"https:\/\/kunmedierne.dk\/mors\/jubilaeum-og-aabent-hus-hos-klinik-foldberg\/\" \/>\n<meta property=\"og:site_name\" content=\"Mors\" \/>\n<meta property=\"article:published_time\" content=\"2023-06-02T13:19:10+00:00\" \/>\n<meta property=\"article:modified_time\" content=\"2024-08-12T11:18:03+00:00\" \/>\n<meta property=\"og:image\" content=\"https:\/\/kunmedierne.dk\/mors\/wp-content\/uploads\/2023\/06\/jyttefoldberg2.jpg\" \/>\n\t<meta property=\"og:image:width\" content=\"770\" \/>\n\t<meta property=\"og:image:height\" content=\"513\" \/>\n\t<meta property=\"og:image:type\" content=\"image\/jpeg\" \/>\n<meta name=\"author\" content=\"David H\u00f8jmark\" \/>\n<meta name=\"twitter:card\" content=\"summary_large_image\" \/>\n<meta name=\"twitter:label1\" content=\"Skrevet af\" \/>\n\t<meta name=\"twitter:data1\" content=\"David H\u00f8jmark\" \/>\n\t<meta name=\"twitter:label2\" content=\"Estimeret l\u00e6setid\" \/>\n\t<meta name=\"twitter:data2\" content=\"2 minutter\" \/>\n<script type=\"application\/ld+json\" class=\"yoast-schema-graph\">{\"@context\":\"https:\/\/schema.org\",\"@graph\":[{\"@type\":\"Article\",\"@id\":\"https:\/\/kunmedierne.dk\/mors\/jubilaeum-og-aabent-hus-hos-klinik-foldberg\/#article\",\"isPartOf\":{\"@id\":\"https:\/\/kunmedierne.dk\/mors\/jubilaeum-og-aabent-hus-hos-klinik-foldberg\/\"},\"author\":{\"name\":\"David H\u00f8jmark\",\"@id\":\"https:\/\/kunmedierne.dk\/mors\/#\/schema\/person\/5fe23251bf1d0abbcdc6f7896579d548\"},\"headline\":\"Jubil\u00e6um og \u00e5bent hus hos Klinik Foldberg\",\"datePublished\":\"2023-06-02T13:19:10+00:00\",\"dateModified\":\"2024-08-12T11:18:03+00:00\",\"mainEntityOfPage\":{\"@id\":\"https:\/\/kunmedierne.dk\/mors\/jubilaeum-og-aabent-hus-hos-klinik-foldberg\/\"},\"wordCount\":335,\"publisher\":{\"@id\":\"https:\/\/kunmedierne.dk\/mors\/#organization\"},\"image\":{\"@id\":\"https:\/\/kunmedierne.dk\/mors\/jubilaeum-og-aabent-hus-hos-klinik-foldberg\/#primaryimage\"},\"thumbnailUrl\":\"https:\/\/kunmedierne.dk\/mors\/wp-content\/uploads\/2023\/06\/jyttefoldberg2.jpg\",\"keywords\":[\"Erhverv\"],\"articleSection\":[\"ANNONC\u00d8RBETALT INDHOLD\",\"Lokalt\"],\"inLanguage\":\"da-DK\"},{\"@type\":\"WebPage\",\"@id\":\"https:\/\/kunmedierne.dk\/mors\/jubilaeum-og-aabent-hus-hos-klinik-foldberg\/\",\"url\":\"https:\/\/kunmedierne.dk\/mors\/jubilaeum-og-aabent-hus-hos-klinik-foldberg\/\",\"name\":\"Jubil\u00e6um og \u00e5bent hus hos Klinik Foldberg - Mors\",\"isPartOf\":{\"@id\":\"https:\/\/kunmedierne.dk\/mors\/#website\"},\"primaryImageOfPage\":{\"@id\":\"https:\/\/kunmedierne.dk\/mors\/jubilaeum-og-aabent-hus-hos-klinik-foldberg\/#primaryimage\"},\"image\":{\"@id\":\"https:\/\/kunmedierne.dk\/mors\/jubilaeum-og-aabent-hus-hos-klinik-foldberg\/#primaryimage\"},\"thumbnailUrl\":\"https:\/\/kunmedierne.dk\/mors\/wp-content\/uploads\/2023\/06\/jyttefoldberg2.jpg\",\"datePublished\":\"2023-06-02T13:19:10+00:00\",\"dateModified\":\"2024-08-12T11:18:03+00:00\",\"breadcrumb\":{\"@id\":\"https:\/\/kunmedierne.dk\/mors\/jubilaeum-og-aabent-hus-hos-klinik-foldberg\/#breadcrumb\"},\"inLanguage\":\"da-DK\",\"potentialAction\":[{\"@type\":\"ReadAction\",\"target\":[\"https:\/\/kunmedierne.dk\/mors\/jubilaeum-og-aabent-hus-hos-klinik-foldberg\/\"]}]},{\"@type\":\"ImageObject\",\"inLanguage\":\"da-DK\",\"@id\":\"https:\/\/kunmedierne.dk\/mors\/jubilaeum-og-aabent-hus-hos-klinik-foldberg\/#primaryimage\",\"url\":\"https:\/\/kunmedierne.dk\/mors\/wp-content\/uploads\/2023\/06\/jyttefoldberg2.jpg\",\"contentUrl\":\"https:\/\/kunmedierne.dk\/mors\/wp-content\/uploads\/2023\/06\/jyttefoldberg2.jpg\",\"width\":770,\"height\":513,\"caption\":\"Jytte Foldberg, indehaver af Klinik Foldberg, markerer sit 25 \u00e5rs jubil\u00e6um som akupunkt\u00f8r.\"},{\"@type\":\"BreadcrumbList\",\"@id\":\"https:\/\/kunmedierne.dk\/mors\/jubilaeum-og-aabent-hus-hos-klinik-foldberg\/#breadcrumb\",\"itemListElement\":[{\"@type\":\"ListItem\",\"position\":1,\"name\":\"Hjem\",\"item\":\"https:\/\/kunmedierne.dk\/mors\/\"},{\"@type\":\"ListItem\",\"position\":2,\"name\":\"Jubil\u00e6um og \u00e5bent hus hos Klinik Foldberg\"}]},{\"@type\":\"WebSite\",\"@id\":\"https:\/\/kunmedierne.dk\/mors\/#website\",\"url\":\"https:\/\/kunmedierne.dk\/mors\/\",\"name\":\"Mors\",\"description\":\"et netmedie med journalistik om livet p\u00e5 Mors\",\"publisher\":{\"@id\":\"https:\/\/kunmedierne.dk\/mors\/#organization\"},\"potentialAction\":[{\"@type\":\"SearchAction\",\"target\":{\"@type\":\"EntryPoint\",\"urlTemplate\":\"https:\/\/kunmedierne.dk\/mors\/?s={search_term_string}\"},\"query-input\":{\"@type\":\"PropertyValueSpecification\",\"valueRequired\":true,\"valueName\":\"search_term_string\"}}],\"inLanguage\":\"da-DK\"},{\"@type\":\"Organization\",\"@id\":\"https:\/\/kunmedierne.dk\/mors\/#organization\",\"name\":\"Mors\",\"url\":\"https:\/\/kunmedierne.dk\/mors\/\",\"logo\":{\"@type\":\"ImageObject\",\"inLanguage\":\"da-DK\",\"@id\":\"https:\/\/kunmedierne.dk\/mors\/#\/schema\/logo\/image\/\",\"url\":\"https:\/\/kunmedierne.dk\/mors\/wp-content\/uploads\/2024\/08\/kunmors-logo.svg\",\"contentUrl\":\"https:\/\/kunmedierne.dk\/mors\/wp-content\/uploads\/2024\/08\/kunmors-logo.svg\",\"caption\":\"Mors\"},\"image\":{\"@id\":\"https:\/\/kunmedierne.dk\/mors\/#\/schema\/logo\/image\/\"}},{\"@type\":\"Person\",\"@id\":\"https:\/\/kunmedierne.dk\/mors\/#\/schema\/person\/5fe23251bf1d0abbcdc6f7896579d548\",\"name\":\"David H\u00f8jmark\",\"image\":{\"@type\":\"ImageObject\",\"inLanguage\":\"da-DK\",\"@id\":\"https:\/\/kunmedierne.dk\/mors\/#\/schema\/person\/image\/\",\"url\":\"https:\/\/secure.gravatar.com\/avatar\/4315d6fb9ef244d729989f5f90268eb08d5bf8a3d84402f595fa194bb35784fd?s=96&d=mm&r=g\",\"contentUrl\":\"https:\/\/secure.gravatar.com\/avatar\/4315d6fb9ef244d729989f5f90268eb08d5bf8a3d84402f595fa194bb35784fd?s=96&d=mm&r=g\",\"caption\":\"David H\u00f8jmark\"},\"sameAs\":[\"https:\/\/www.kunmedierne.dk\"],\"url\":\"https:\/\/kunmedierne.dk\/mors\/author\/david\/\"}]}<\/script>\n<!-- \/ Yoast SEO plugin. -->","yoast_head_json":{"title":"Jubil\u00e6um og \u00e5bent hus hos Klinik Foldberg - Mors","robots":{"index":"index","follow":"follow","max-snippet":"max-snippet:-1","max-image-preview":"max-image-preview:large","max-video-preview":"max-video-preview:-1"},"canonical":"https:\/\/kunmedierne.dk\/mors\/jubilaeum-og-aabent-hus-hos-klinik-foldberg\/","og_locale":"da_DK","og_type":"article","og_title":"Jubil\u00e6um og \u00e5bent hus hos Klinik Foldberg - Mors","og_description":"ANNONC\u00d8RBETALT INDHOLD L\u00f8rdag den 10. juni fejrer jeg 25-\u00e5rs jubil\u00e6um som akupunkt\u00f8r. Derfor vil det gl\u00e6de mig at se alle, som har lyst, p\u00e5 klinikken p\u00e5 Fruevej 24 i Nyk\u00f8bing Mors.\u00a0 Tilbage i 1998 afsluttede jeg akupunkturuddannelsen p\u00e5 Akupunkturskolen i \u00c5rhus, og siden da har jeg praktiseret som akupunkt\u00f8r. De sidste knap 20 \u00e5r som [&hellip;]","og_url":"https:\/\/kunmedierne.dk\/mors\/jubilaeum-og-aabent-hus-hos-klinik-foldberg\/","og_site_name":"Mors","article_published_time":"2023-06-02T13:19:10+00:00","article_modified_time":"2024-08-12T11:18:03+00:00","og_image":[{"width":770,"height":513,"url":"https:\/\/kunmedierne.dk\/mors\/wp-content\/uploads\/2023\/06\/jyttefoldberg2.jpg","type":"image\/jpeg"}],"author":"David H\u00f8jmark","twitter_card":"summary_large_image","twitter_misc":{"Skrevet af":"David H\u00f8jmark","Estimeret l\u00e6setid":"2 minutter"},"schema":{"@context":"https:\/\/schema.org","@graph":[{"@type":"Article","@id":"https:\/\/kunmedierne.dk\/mors\/jubilaeum-og-aabent-hus-hos-klinik-foldberg\/#article","isPartOf":{"@id":"https:\/\/kunmedierne.dk\/mors\/jubilaeum-og-aabent-hus-hos-klinik-foldberg\/"},"author":{"name":"David H\u00f8jmark","@id":"https:\/\/kunmedierne.dk\/mors\/#\/schema\/person\/5fe23251bf1d0abbcdc6f7896579d548"},"headline":"Jubil\u00e6um og \u00e5bent hus hos Klinik Foldberg","datePublished":"2023-06-02T13:19:10+00:00","dateModified":"2024-08-12T11:18:03+00:00","mainEntityOfPage":{"@id":"https:\/\/kunmedierne.dk\/mors\/jubilaeum-og-aabent-hus-hos-klinik-foldberg\/"},"wordCount":335,"publisher":{"@id":"https:\/\/kunmedierne.dk\/mors\/#organization"},"image":{"@id":"https:\/\/kunmedierne.dk\/mors\/jubilaeum-og-aabent-hus-hos-klinik-foldberg\/#primaryimage"},"thumbnailUrl":"https:\/\/kunmedierne.dk\/mors\/wp-content\/uploads\/2023\/06\/jyttefoldberg2.jpg","keywords":["Erhverv"],"articleSection":["ANNONC\u00d8RBETALT INDHOLD","Lokalt"],"inLanguage":"da-DK"},{"@type":"WebPage","@id":"https:\/\/kunmedierne.dk\/mors\/jubilaeum-og-aabent-hus-hos-klinik-foldberg\/","url":"https:\/\/kunmedierne.dk\/mors\/jubilaeum-og-aabent-hus-hos-klinik-foldberg\/","name":"Jubil\u00e6um og \u00e5bent hus hos Klinik Foldberg - Mors","isPartOf":{"@id":"https:\/\/kunmedierne.dk\/mors\/#website"},"primaryImageOfPage":{"@id":"https:\/\/kunmedierne.dk\/mors\/jubilaeum-og-aabent-hus-hos-klinik-foldberg\/#primaryimage"},"image":{"@id":"https:\/\/kunmedierne.dk\/mors\/jubilaeum-og-aabent-hus-hos-klinik-foldberg\/#primaryimage"},"thumbnailUrl":"https:\/\/kunmedierne.dk\/mors\/wp-content\/uploads\/2023\/06\/jyttefoldberg2.jpg","datePublished":"2023-06-02T13:19:10+00:00","dateModified":"2024-08-12T11:18:03+00:00","breadcrumb":{"@id":"https:\/\/kunmedierne.dk\/mors\/jubilaeum-og-aabent-hus-hos-klinik-foldberg\/#breadcrumb"},"inLanguage":"da-DK","potentialAction":[{"@type":"ReadAction","target":["https:\/\/kunmedierne.dk\/mors\/jubilaeum-og-aabent-hus-hos-klinik-foldberg\/"]}]},{"@type":"ImageObject","inLanguage":"da-DK","@id":"https:\/\/kunmedierne.dk\/mors\/jubilaeum-og-aabent-hus-hos-klinik-foldberg\/#primaryimage","url":"https:\/\/kunmedierne.dk\/mors\/wp-content\/uploads\/2023\/06\/jyttefoldberg2.jpg","contentUrl":"https:\/\/kunmedierne.dk\/mors\/wp-content\/uploads\/2023\/06\/jyttefoldberg2.jpg","width":770,"height":513,"caption":"Jytte Foldberg, indehaver af Klinik Foldberg, markerer sit 25 \u00e5rs jubil\u00e6um som akupunkt\u00f8r."},{"@type":"BreadcrumbList","@id":"https:\/\/kunmedierne.dk\/mors\/jubilaeum-og-aabent-hus-hos-klinik-foldberg\/#breadcrumb","itemListElement":[{"@type":"ListItem","position":1,"name":"Hjem","item":"https:\/\/kunmedierne.dk\/mors\/"},{"@type":"ListItem","position":2,"name":"Jubil\u00e6um og \u00e5bent hus hos Klinik Foldberg"}]},{"@type":"WebSite","@id":"https:\/\/kunmedierne.dk\/mors\/#website","url":"https:\/\/kunmedierne.dk\/mors\/","name":"Mors","description":"et netmedie med journalistik om livet p\u00e5 Mors","publisher":{"@id":"https:\/\/kunmedierne.dk\/mors\/#organization"},"potentialAction":[{"@type":"SearchAction","target":{"@type":"EntryPoint","urlTemplate":"https:\/\/kunmedierne.dk\/mors\/?s={search_term_string}"},"query-input":{"@type":"PropertyValueSpecification","valueRequired":true,"valueName":"search_term_string"}}],"inLanguage":"da-DK"},{"@type":"Organization","@id":"https:\/\/kunmedierne.dk\/mors\/#organization","name":"Mors","url":"https:\/\/kunmedierne.dk\/mors\/","logo":{"@type":"ImageObject","inLanguage":"da-DK","@id":"https:\/\/kunmedierne.dk\/mors\/#\/schema\/logo\/image\/","url":"https:\/\/kunmedierne.dk\/mors\/wp-content\/uploads\/2024\/08\/kunmors-logo.svg","contentUrl":"https:\/\/kunmedierne.dk\/mors\/wp-content\/uploads\/2024\/08\/kunmors-logo.svg","caption":"Mors"},"image":{"@id":"https:\/\/kunmedierne.dk\/mors\/#\/schema\/logo\/image\/"}},{"@type":"Person","@id":"https:\/\/kunmedierne.dk\/mors\/#\/schema\/person\/5fe23251bf1d0abbcdc6f7896579d548","name":"David H\u00f8jmark","image":{"@type":"ImageObject","inLanguage":"da-DK","@id":"https:\/\/kunmedierne.dk\/mors\/#\/schema\/person\/image\/","url":"https:\/\/secure.gravatar.com\/avatar\/4315d6fb9ef244d729989f5f90268eb08d5bf8a3d84402f595fa194bb35784fd?s=96&d=mm&r=g","contentUrl":"https:\/\/secure.gravatar.com\/avatar\/4315d6fb9ef244d729989f5f90268eb08d5bf8a3d84402f595fa194bb35784fd?s=96&d=mm&r=g","caption":"David H\u00f8jmark"},"sameAs":["https:\/\/www.kunmedierne.dk"],"url":"https:\/\/kunmedierne.dk\/mors\/author\/david\/"}]}},"_links":{"self":[{"href":"https:\/\/kunmedierne.dk\/mors\/wp-json\/wp\/v2\/posts\/96113","targetHints":{"allow":["GET"]}}],"collection":[{"href":"https:\/\/kunmedierne.dk\/mors\/wp-json\/wp\/v2\/posts"}],"about":[{"href":"https:\/\/kunmedierne.dk\/mors\/wp-json\/wp\/v2\/types\/post"}],"author":[{"embeddable":true,"href":"https:\/\/kunmedierne.dk\/mors\/wp-json\/wp\/v2\/users\/8"}],"replies":[{"embeddable":true,"href":"https:\/\/kunmedierne.dk\/mors\/wp-json\/wp\/v2\/comments?post=96113"}],"version-history":[{"count":4,"href":"https:\/\/kunmedierne.dk\/mors\/wp-json\/wp\/v2\/posts\/96113\/revisions"}],"predecessor-version":[{"id":96119,"href":"https:\/\/kunmedierne.dk\/mors\/wp-json\/wp\/v2\/posts\/96113\/revisions\/96119"}],"wp:featuredmedia":[{"embeddable":true,"href":"https:\/\/kunmedierne.dk\/mors\/wp-json\/wp\/v2\/media\/96114"}],"wp:attachment":[{"href":"https:\/\/kunmedierne.dk\/mors\/wp-json\/wp\/v2\/media?parent=96113"}],"wp:term":[{"taxonomy":"category","embeddable":true,"href":"https:\/\/kunmedierne.dk\/mors\/wp-json\/wp\/v2\/categories?post=96113"},{"taxonomy":"post_tag","embeddable":true,"href":"https:\/\/kunmedierne.dk\/mors\/wp-json\/wp\/v2\/tags?post=96113"}],"curies":[{"name":"wp","href":"https:\/\/api.w.org\/{rel}","templated":true}]}}