{"id":9588,"date":"2020-02-29T06:28:14","date_gmt":"2020-02-29T05:28:14","guid":{"rendered":"https:\/\/kunmedierne.dk\/mors\/?p=9588"},"modified":"2024-08-12T14:06:25","modified_gmt":"2024-08-12T12:06:25","slug":"morsoe-kommune-vi-fik-de-forkerte-skilte","status":"publish","type":"post","link":"https:\/\/kunmedierne.dk\/mors\/morsoe-kommune-vi-fik-de-forkerte-skilte\/","title":{"rendered":"Mors\u00f8 Kommune: Vi fik de forkerte skilte"},"content":{"rendered":"<p><strong>ERSLEV<\/strong>: Den v\u00e6rste harme har lagt sig, men m\u00e5ske havde den aldrig beh\u00f8vet at blive s\u00e5 stor hos borgerne i Erslev og omegn.<\/p>\n<p>Da de for nylig blev m\u00f8dt af skilte ved vejene ned imod det nye v\u00e5domr\u00e5de ved Erslev K\u00e6r, der sagde, at kun arbejdsk\u00f8rsel var tilladt, bredte der sig hurtigt en kraftig vrede. Fra nogle mod lodsejerne, fra andre imod Mors\u00f8 Kommune &#8211; og fra andre igen mod begge parter.<\/p>\n<p>Men faktisk var det p\u00e5 intet tidspunkt planen, at skiltene skulle sige, at kun arbejdsk\u00f8rsel var tilladt. Planen var fra starten, at de skulle tillade \u00e6rindek\u00f8rsel, som de senere kom til.<\/p>\n<p>Det fort\u00e6ller Arne Kirk, direkt\u00f8r for teknik og milj\u00f8 i Mors\u00f8 Kommune.<\/p>\n<p>&#8220;Den tekst, vi havde bestilt og aftalt med lodsejerne, blev af en eller anden grund leveret forkert. Det var en decideret fejl fra leverand\u00f8rens side,&#8221; siger han og \u00e6rgrer sig over det &#8211; men tilf\u00f8jer, at Mors\u00f8 Kommune var hurtig om at f\u00e5 <a href=\"https:\/\/kunmedierne.dk\/mors\/ny-udvikling-paa-skiltesituationen-i-erslev-kaer\/\" target=\"_blank\" rel=\"noopener noreferrer\">de nye skilte<\/a> sat op.<\/p>\n<p>Nu er sp\u00f8rgsm\u00e5let selvf\u00f8lgelig, hvor stor forskel der er p\u00e5 &#8220;arbejdsk\u00f8rsel&#8221; og &#8220;\u00e6rindek\u00f8rsel&#8221;, men if\u00f8lge Johnny Vestergaard, nyvalgt formand for Erslev Beboer- og Erhvervsforening, har de nye skilte taget <a href=\"https:\/\/kunmedierne.dk\/mors\/roen-saenker-sig-over-erslev-kaer-saadan-da\/\" target=\"_blank\" rel=\"noopener noreferrer\">brodden af vreden<\/a> i omr\u00e5det. Samtidig har det ogs\u00e5 haft effekt, at det er sl\u00e5et fast, at al skiltning er sket helt efter reglerne.<\/p>\n<p>Utilfredshed med den indskr\u00e6nkede adgang til det nye naturomr\u00e5de er der dog stadig, men Arne Kirk sl\u00e5r fast, at det stadig er muligt at komme dertil &#8211; bare ikke i bil uden tilladelse fra ejerne. Og k\u00f8rsel i bil for at se p\u00e5 fugle vil n\u00e6ppe kunne godkendes som \u00e6rindek\u00f8rsel, vurderer han.<\/p>\n<p>&#8220;Men man kan parkere i n\u00e6rheden og s\u00e5 g\u00e5 eller cykle dertil,&#8221; siger han og p\u00e5peger, at naturbeskyttelsesloven sikrer, at borgere p\u00e5 den m\u00e5de kan f\u00e6rdes s\u00e5danne steder &#8211; ogs\u00e5 selv om vejene er private.<\/p>\n","protected":false},"excerpt":{"rendered":"<p>ERSLEV: Den v\u00e6rste harme har lagt sig, men m\u00e5ske havde den aldrig beh\u00f8vet at blive s\u00e5 stor hos borgerne i Erslev og omegn. Da de for nylig blev m\u00f8dt af skilte ved vejene ned imod det nye v\u00e5domr\u00e5de ved Erslev K\u00e6r, der sagde, at kun arbejdsk\u00f8rsel var tilladt, bredte der sig hurtigt en kraftig vrede. [&hellip;]<\/p>\n","protected":false},"author":8,"featured_media":8538,"comment_status":"open","ping_status":"open","sticky":false,"template":"","format":"standard","meta":{"_acf_changed":false,"footnotes":""},"categories":[51],"tags":[],"class_list":["post-9588","post","type-post","status-publish","format-standard","has-post-thumbnail","hentry","category-lokalt"],"acf":[],"yoast_head":"<!-- This site is optimized with the Yoast SEO plugin v26.8 - https:\/\/yoast.com\/product\/yoast-seo-wordpress\/ -->\n<title>Mors\u00f8 Kommune: Vi fik de forkerte skilte - Mors<\/title>\n<meta name=\"robots\" content=\"index, follow, max-snippet:-1, max-image-preview:large, max-video-preview:-1\" \/>\n<link rel=\"canonical\" href=\"https:\/\/kunmedierne.dk\/mors\/morsoe-kommune-vi-fik-de-forkerte-skilte\/\" \/>\n<meta property=\"og:locale\" content=\"da_DK\" \/>\n<meta property=\"og:type\" content=\"article\" \/>\n<meta property=\"og:title\" content=\"Mors\u00f8 Kommune: Vi fik de forkerte skilte - Mors\" \/>\n<meta property=\"og:description\" content=\"ERSLEV: Den v\u00e6rste harme har lagt sig, men m\u00e5ske havde den aldrig beh\u00f8vet at blive s\u00e5 stor hos borgerne i Erslev og omegn. Da de for nylig blev m\u00f8dt af skilte ved vejene ned imod det nye v\u00e5domr\u00e5de ved Erslev K\u00e6r, der sagde, at kun arbejdsk\u00f8rsel var tilladt, bredte der sig hurtigt en kraftig vrede. [&hellip;]\" \/>\n<meta property=\"og:url\" content=\"https:\/\/kunmedierne.dk\/mors\/morsoe-kommune-vi-fik-de-forkerte-skilte\/\" \/>\n<meta property=\"og:site_name\" content=\"Mors\" \/>\n<meta property=\"article:published_time\" content=\"2020-02-29T05:28:14+00:00\" \/>\n<meta property=\"article:modified_time\" content=\"2024-08-12T12:06:25+00:00\" \/>\n<meta property=\"og:image\" content=\"https:\/\/kunmedierne.dk\/mors\/wp-content\/uploads\/2020\/02\/200221-erslev-k\u00e6r-henny-hansen.jpg\" \/>\n\t<meta property=\"og:image:width\" content=\"770\" \/>\n\t<meta property=\"og:image:height\" content=\"513\" \/>\n\t<meta property=\"og:image:type\" content=\"image\/jpeg\" \/>\n<meta name=\"author\" content=\"David H\u00f8jmark\" \/>\n<meta name=\"twitter:card\" content=\"summary_large_image\" \/>\n<meta name=\"twitter:label1\" content=\"Skrevet af\" \/>\n\t<meta name=\"twitter:data1\" content=\"David H\u00f8jmark\" \/>\n\t<meta name=\"twitter:label2\" content=\"Estimeret l\u00e6setid\" \/>\n\t<meta name=\"twitter:data2\" content=\"2 minutter\" \/>\n<script type=\"application\/ld+json\" class=\"yoast-schema-graph\">{\"@context\":\"https:\/\/schema.org\",\"@graph\":[{\"@type\":\"Article\",\"@id\":\"https:\/\/kunmedierne.dk\/mors\/morsoe-kommune-vi-fik-de-forkerte-skilte\/#article\",\"isPartOf\":{\"@id\":\"https:\/\/kunmedierne.dk\/mors\/morsoe-kommune-vi-fik-de-forkerte-skilte\/\"},\"author\":{\"name\":\"David H\u00f8jmark\",\"@id\":\"https:\/\/kunmedierne.dk\/mors\/#\/schema\/person\/5fe23251bf1d0abbcdc6f7896579d548\"},\"headline\":\"Mors\u00f8 Kommune: Vi fik de forkerte skilte\",\"datePublished\":\"2020-02-29T05:28:14+00:00\",\"dateModified\":\"2024-08-12T12:06:25+00:00\",\"mainEntityOfPage\":{\"@id\":\"https:\/\/kunmedierne.dk\/mors\/morsoe-kommune-vi-fik-de-forkerte-skilte\/\"},\"wordCount\":343,\"commentCount\":0,\"publisher\":{\"@id\":\"https:\/\/kunmedierne.dk\/mors\/#organization\"},\"image\":{\"@id\":\"https:\/\/kunmedierne.dk\/mors\/morsoe-kommune-vi-fik-de-forkerte-skilte\/#primaryimage\"},\"thumbnailUrl\":\"https:\/\/kunmedierne.dk\/mors\/wp-content\/uploads\/2020\/02\/200221-erslev-k\u00e6r-henny-hansen.jpg\",\"articleSection\":[\"Lokalt\"],\"inLanguage\":\"da-DK\",\"potentialAction\":[{\"@type\":\"CommentAction\",\"name\":\"Comment\",\"target\":[\"https:\/\/kunmedierne.dk\/mors\/morsoe-kommune-vi-fik-de-forkerte-skilte\/#respond\"]}]},{\"@type\":\"WebPage\",\"@id\":\"https:\/\/kunmedierne.dk\/mors\/morsoe-kommune-vi-fik-de-forkerte-skilte\/\",\"url\":\"https:\/\/kunmedierne.dk\/mors\/morsoe-kommune-vi-fik-de-forkerte-skilte\/\",\"name\":\"Mors\u00f8 Kommune: Vi fik de forkerte skilte - Mors\",\"isPartOf\":{\"@id\":\"https:\/\/kunmedierne.dk\/mors\/#website\"},\"primaryImageOfPage\":{\"@id\":\"https:\/\/kunmedierne.dk\/mors\/morsoe-kommune-vi-fik-de-forkerte-skilte\/#primaryimage\"},\"image\":{\"@id\":\"https:\/\/kunmedierne.dk\/mors\/morsoe-kommune-vi-fik-de-forkerte-skilte\/#primaryimage\"},\"thumbnailUrl\":\"https:\/\/kunmedierne.dk\/mors\/wp-content\/uploads\/2020\/02\/200221-erslev-k\u00e6r-henny-hansen.jpg\",\"datePublished\":\"2020-02-29T05:28:14+00:00\",\"dateModified\":\"2024-08-12T12:06:25+00:00\",\"breadcrumb\":{\"@id\":\"https:\/\/kunmedierne.dk\/mors\/morsoe-kommune-vi-fik-de-forkerte-skilte\/#breadcrumb\"},\"inLanguage\":\"da-DK\",\"potentialAction\":[{\"@type\":\"ReadAction\",\"target\":[\"https:\/\/kunmedierne.dk\/mors\/morsoe-kommune-vi-fik-de-forkerte-skilte\/\"]}]},{\"@type\":\"ImageObject\",\"inLanguage\":\"da-DK\",\"@id\":\"https:\/\/kunmedierne.dk\/mors\/morsoe-kommune-vi-fik-de-forkerte-skilte\/#primaryimage\",\"url\":\"https:\/\/kunmedierne.dk\/mors\/wp-content\/uploads\/2020\/02\/200221-erslev-k\u00e6r-henny-hansen.jpg\",\"contentUrl\":\"https:\/\/kunmedierne.dk\/mors\/wp-content\/uploads\/2020\/02\/200221-erslev-k\u00e6r-henny-hansen.jpg\",\"width\":770,\"height\":513,\"caption\":\"Et af Henny Hansens billeder fra turen, der blotlagde de nye skilte. Nu er \\\"arbejdsk\u00f8rsel tilladt\\\" \u00e6ndret til \\\"\u00e6rindek\u00f8rsel tilladt\\\". Foto: Henny Hansen.\"},{\"@type\":\"BreadcrumbList\",\"@id\":\"https:\/\/kunmedierne.dk\/mors\/morsoe-kommune-vi-fik-de-forkerte-skilte\/#breadcrumb\",\"itemListElement\":[{\"@type\":\"ListItem\",\"position\":1,\"name\":\"Hjem\",\"item\":\"https:\/\/kunmedierne.dk\/mors\/\"},{\"@type\":\"ListItem\",\"position\":2,\"name\":\"Mors\u00f8 Kommune: Vi fik de forkerte skilte\"}]},{\"@type\":\"WebSite\",\"@id\":\"https:\/\/kunmedierne.dk\/mors\/#website\",\"url\":\"https:\/\/kunmedierne.dk\/mors\/\",\"name\":\"Mors\",\"description\":\"et netmedie med journalistik om livet p\u00e5 Mors\",\"publisher\":{\"@id\":\"https:\/\/kunmedierne.dk\/mors\/#organization\"},\"potentialAction\":[{\"@type\":\"SearchAction\",\"target\":{\"@type\":\"EntryPoint\",\"urlTemplate\":\"https:\/\/kunmedierne.dk\/mors\/?s={search_term_string}\"},\"query-input\":{\"@type\":\"PropertyValueSpecification\",\"valueRequired\":true,\"valueName\":\"search_term_string\"}}],\"inLanguage\":\"da-DK\"},{\"@type\":\"Organization\",\"@id\":\"https:\/\/kunmedierne.dk\/mors\/#organization\",\"name\":\"Mors\",\"url\":\"https:\/\/kunmedierne.dk\/mors\/\",\"logo\":{\"@type\":\"ImageObject\",\"inLanguage\":\"da-DK\",\"@id\":\"https:\/\/kunmedierne.dk\/mors\/#\/schema\/logo\/image\/\",\"url\":\"https:\/\/kunmedierne.dk\/mors\/wp-content\/uploads\/2024\/08\/kunmors-logo.svg\",\"contentUrl\":\"https:\/\/kunmedierne.dk\/mors\/wp-content\/uploads\/2024\/08\/kunmors-logo.svg\",\"caption\":\"Mors\"},\"image\":{\"@id\":\"https:\/\/kunmedierne.dk\/mors\/#\/schema\/logo\/image\/\"}},{\"@type\":\"Person\",\"@id\":\"https:\/\/kunmedierne.dk\/mors\/#\/schema\/person\/5fe23251bf1d0abbcdc6f7896579d548\",\"name\":\"David H\u00f8jmark\",\"image\":{\"@type\":\"ImageObject\",\"inLanguage\":\"da-DK\",\"@id\":\"https:\/\/kunmedierne.dk\/mors\/#\/schema\/person\/image\/\",\"url\":\"https:\/\/secure.gravatar.com\/avatar\/4315d6fb9ef244d729989f5f90268eb08d5bf8a3d84402f595fa194bb35784fd?s=96&d=mm&r=g\",\"contentUrl\":\"https:\/\/secure.gravatar.com\/avatar\/4315d6fb9ef244d729989f5f90268eb08d5bf8a3d84402f595fa194bb35784fd?s=96&d=mm&r=g\",\"caption\":\"David H\u00f8jmark\"},\"sameAs\":[\"https:\/\/www.kunmedierne.dk\"],\"url\":\"https:\/\/kunmedierne.dk\/mors\/author\/david\/\"}]}<\/script>\n<!-- \/ Yoast SEO plugin. -->","yoast_head_json":{"title":"Mors\u00f8 Kommune: Vi fik de forkerte skilte - Mors","robots":{"index":"index","follow":"follow","max-snippet":"max-snippet:-1","max-image-preview":"max-image-preview:large","max-video-preview":"max-video-preview:-1"},"canonical":"https:\/\/kunmedierne.dk\/mors\/morsoe-kommune-vi-fik-de-forkerte-skilte\/","og_locale":"da_DK","og_type":"article","og_title":"Mors\u00f8 Kommune: Vi fik de forkerte skilte - Mors","og_description":"ERSLEV: Den v\u00e6rste harme har lagt sig, men m\u00e5ske havde den aldrig beh\u00f8vet at blive s\u00e5 stor hos borgerne i Erslev og omegn. Da de for nylig blev m\u00f8dt af skilte ved vejene ned imod det nye v\u00e5domr\u00e5de ved Erslev K\u00e6r, der sagde, at kun arbejdsk\u00f8rsel var tilladt, bredte der sig hurtigt en kraftig vrede. [&hellip;]","og_url":"https:\/\/kunmedierne.dk\/mors\/morsoe-kommune-vi-fik-de-forkerte-skilte\/","og_site_name":"Mors","article_published_time":"2020-02-29T05:28:14+00:00","article_modified_time":"2024-08-12T12:06:25+00:00","og_image":[{"width":770,"height":513,"url":"https:\/\/kunmedierne.dk\/mors\/wp-content\/uploads\/2020\/02\/200221-erslev-k\u00e6r-henny-hansen.jpg","type":"image\/jpeg"}],"author":"David H\u00f8jmark","twitter_card":"summary_large_image","twitter_misc":{"Skrevet af":"David H\u00f8jmark","Estimeret l\u00e6setid":"2 minutter"},"schema":{"@context":"https:\/\/schema.org","@graph":[{"@type":"Article","@id":"https:\/\/kunmedierne.dk\/mors\/morsoe-kommune-vi-fik-de-forkerte-skilte\/#article","isPartOf":{"@id":"https:\/\/kunmedierne.dk\/mors\/morsoe-kommune-vi-fik-de-forkerte-skilte\/"},"author":{"name":"David H\u00f8jmark","@id":"https:\/\/kunmedierne.dk\/mors\/#\/schema\/person\/5fe23251bf1d0abbcdc6f7896579d548"},"headline":"Mors\u00f8 Kommune: Vi fik de forkerte skilte","datePublished":"2020-02-29T05:28:14+00:00","dateModified":"2024-08-12T12:06:25+00:00","mainEntityOfPage":{"@id":"https:\/\/kunmedierne.dk\/mors\/morsoe-kommune-vi-fik-de-forkerte-skilte\/"},"wordCount":343,"commentCount":0,"publisher":{"@id":"https:\/\/kunmedierne.dk\/mors\/#organization"},"image":{"@id":"https:\/\/kunmedierne.dk\/mors\/morsoe-kommune-vi-fik-de-forkerte-skilte\/#primaryimage"},"thumbnailUrl":"https:\/\/kunmedierne.dk\/mors\/wp-content\/uploads\/2020\/02\/200221-erslev-k\u00e6r-henny-hansen.jpg","articleSection":["Lokalt"],"inLanguage":"da-DK","potentialAction":[{"@type":"CommentAction","name":"Comment","target":["https:\/\/kunmedierne.dk\/mors\/morsoe-kommune-vi-fik-de-forkerte-skilte\/#respond"]}]},{"@type":"WebPage","@id":"https:\/\/kunmedierne.dk\/mors\/morsoe-kommune-vi-fik-de-forkerte-skilte\/","url":"https:\/\/kunmedierne.dk\/mors\/morsoe-kommune-vi-fik-de-forkerte-skilte\/","name":"Mors\u00f8 Kommune: Vi fik de forkerte skilte - Mors","isPartOf":{"@id":"https:\/\/kunmedierne.dk\/mors\/#website"},"primaryImageOfPage":{"@id":"https:\/\/kunmedierne.dk\/mors\/morsoe-kommune-vi-fik-de-forkerte-skilte\/#primaryimage"},"image":{"@id":"https:\/\/kunmedierne.dk\/mors\/morsoe-kommune-vi-fik-de-forkerte-skilte\/#primaryimage"},"thumbnailUrl":"https:\/\/kunmedierne.dk\/mors\/wp-content\/uploads\/2020\/02\/200221-erslev-k\u00e6r-henny-hansen.jpg","datePublished":"2020-02-29T05:28:14+00:00","dateModified":"2024-08-12T12:06:25+00:00","breadcrumb":{"@id":"https:\/\/kunmedierne.dk\/mors\/morsoe-kommune-vi-fik-de-forkerte-skilte\/#breadcrumb"},"inLanguage":"da-DK","potentialAction":[{"@type":"ReadAction","target":["https:\/\/kunmedierne.dk\/mors\/morsoe-kommune-vi-fik-de-forkerte-skilte\/"]}]},{"@type":"ImageObject","inLanguage":"da-DK","@id":"https:\/\/kunmedierne.dk\/mors\/morsoe-kommune-vi-fik-de-forkerte-skilte\/#primaryimage","url":"https:\/\/kunmedierne.dk\/mors\/wp-content\/uploads\/2020\/02\/200221-erslev-k\u00e6r-henny-hansen.jpg","contentUrl":"https:\/\/kunmedierne.dk\/mors\/wp-content\/uploads\/2020\/02\/200221-erslev-k\u00e6r-henny-hansen.jpg","width":770,"height":513,"caption":"Et af Henny Hansens billeder fra turen, der blotlagde de nye skilte. Nu er \"arbejdsk\u00f8rsel tilladt\" \u00e6ndret til \"\u00e6rindek\u00f8rsel tilladt\". Foto: Henny Hansen."},{"@type":"BreadcrumbList","@id":"https:\/\/kunmedierne.dk\/mors\/morsoe-kommune-vi-fik-de-forkerte-skilte\/#breadcrumb","itemListElement":[{"@type":"ListItem","position":1,"name":"Hjem","item":"https:\/\/kunmedierne.dk\/mors\/"},{"@type":"ListItem","position":2,"name":"Mors\u00f8 Kommune: Vi fik de forkerte skilte"}]},{"@type":"WebSite","@id":"https:\/\/kunmedierne.dk\/mors\/#website","url":"https:\/\/kunmedierne.dk\/mors\/","name":"Mors","description":"et netmedie med journalistik om livet p\u00e5 Mors","publisher":{"@id":"https:\/\/kunmedierne.dk\/mors\/#organization"},"potentialAction":[{"@type":"SearchAction","target":{"@type":"EntryPoint","urlTemplate":"https:\/\/kunmedierne.dk\/mors\/?s={search_term_string}"},"query-input":{"@type":"PropertyValueSpecification","valueRequired":true,"valueName":"search_term_string"}}],"inLanguage":"da-DK"},{"@type":"Organization","@id":"https:\/\/kunmedierne.dk\/mors\/#organization","name":"Mors","url":"https:\/\/kunmedierne.dk\/mors\/","logo":{"@type":"ImageObject","inLanguage":"da-DK","@id":"https:\/\/kunmedierne.dk\/mors\/#\/schema\/logo\/image\/","url":"https:\/\/kunmedierne.dk\/mors\/wp-content\/uploads\/2024\/08\/kunmors-logo.svg","contentUrl":"https:\/\/kunmedierne.dk\/mors\/wp-content\/uploads\/2024\/08\/kunmors-logo.svg","caption":"Mors"},"image":{"@id":"https:\/\/kunmedierne.dk\/mors\/#\/schema\/logo\/image\/"}},{"@type":"Person","@id":"https:\/\/kunmedierne.dk\/mors\/#\/schema\/person\/5fe23251bf1d0abbcdc6f7896579d548","name":"David H\u00f8jmark","image":{"@type":"ImageObject","inLanguage":"da-DK","@id":"https:\/\/kunmedierne.dk\/mors\/#\/schema\/person\/image\/","url":"https:\/\/secure.gravatar.com\/avatar\/4315d6fb9ef244d729989f5f90268eb08d5bf8a3d84402f595fa194bb35784fd?s=96&d=mm&r=g","contentUrl":"https:\/\/secure.gravatar.com\/avatar\/4315d6fb9ef244d729989f5f90268eb08d5bf8a3d84402f595fa194bb35784fd?s=96&d=mm&r=g","caption":"David H\u00f8jmark"},"sameAs":["https:\/\/www.kunmedierne.dk"],"url":"https:\/\/kunmedierne.dk\/mors\/author\/david\/"}]}},"_links":{"self":[{"href":"https:\/\/kunmedierne.dk\/mors\/wp-json\/wp\/v2\/posts\/9588","targetHints":{"allow":["GET"]}}],"collection":[{"href":"https:\/\/kunmedierne.dk\/mors\/wp-json\/wp\/v2\/posts"}],"about":[{"href":"https:\/\/kunmedierne.dk\/mors\/wp-json\/wp\/v2\/types\/post"}],"author":[{"embeddable":true,"href":"https:\/\/kunmedierne.dk\/mors\/wp-json\/wp\/v2\/users\/8"}],"replies":[{"embeddable":true,"href":"https:\/\/kunmedierne.dk\/mors\/wp-json\/wp\/v2\/comments?post=9588"}],"version-history":[{"count":3,"href":"https:\/\/kunmedierne.dk\/mors\/wp-json\/wp\/v2\/posts\/9588\/revisions"}],"predecessor-version":[{"id":9591,"href":"https:\/\/kunmedierne.dk\/mors\/wp-json\/wp\/v2\/posts\/9588\/revisions\/9591"}],"wp:featuredmedia":[{"embeddable":true,"href":"https:\/\/kunmedierne.dk\/mors\/wp-json\/wp\/v2\/media\/8538"}],"wp:attachment":[{"href":"https:\/\/kunmedierne.dk\/mors\/wp-json\/wp\/v2\/media?parent=9588"}],"wp:term":[{"taxonomy":"category","embeddable":true,"href":"https:\/\/kunmedierne.dk\/mors\/wp-json\/wp\/v2\/categories?post=9588"},{"taxonomy":"post_tag","embeddable":true,"href":"https:\/\/kunmedierne.dk\/mors\/wp-json\/wp\/v2\/tags?post=9588"}],"curies":[{"name":"wp","href":"https:\/\/api.w.org\/{rel}","templated":true}]}}