{"id":95716,"date":"2023-05-28T15:08:51","date_gmt":"2023-05-28T13:08:51","guid":{"rendered":"https:\/\/kunmedierne.dk\/mors\/?p=95716"},"modified":"2024-08-12T13:18:05","modified_gmt":"2024-08-12T11:18:05","slug":"foer-kulinarisk-kaempeweekend-skaldyrsfestivalen-er-en-folkefest","status":"publish","type":"post","link":"https:\/\/kunmedierne.dk\/mors\/foer-kulinarisk-kaempeweekend-skaldyrsfestivalen-er-en-folkefest\/","title":{"rendered":"F\u00f8r kulinarisk k\u00e6mpeweekend: &#8211; Skaldyrsfestivalen er en folkefest"},"content":{"rendered":"<p><strong>NYK\u00d8BING<\/strong>: Danskere i tusindvis &#8211; mange tusinder. Morsingboer i lidt f\u00e6rre antal, men dog ogs\u00e5 mange. Og naturligvis de frivillige bag Skaldyrsfestivalen selv.<\/p>\n<p>Alle ser lige nu frem imod n\u00e6ste weekend, n\u00e5r en af \u00e5rets helst store attraktioner igen s\u00e6tter sit pr\u00e6g p\u00e5 havneomr\u00e5det i Nyk\u00f8bing.<\/p>\n<p class=\"v1MsoNormal\">&#8211; Skaldyrsfestival p\u00e5 Mors er en \u00e5rligt tilbagevendende begivenhed, som har udviklet sig til at v\u00e6re <span class=\"v1spelle\">Nordvestjyllands<\/span> st\u00f8rste f\u00f8devarefestival og et fyrt\u00e5rn for turismen p\u00e5 Mors.<\/p>\n<a class=\"dvrt-link\" onClick=\"cdmtrack_click(104779,jQuery(this));return false\" href=\"https:\/\/morsoe-begravelsesforretning.dk\/\"><img decoding=\"async\" style=\"width:100%;\" src=\"https:\/\/kunmedierne.dk\/mors\/wp-content\/uploads\/2023\/11\/251215-morsoe-begravelsesforretning.jpg\"><\/a><script>cdmtrack_view(104779);<\/script>\n<p>Lars Tang, formand for foreningen bag den kulinariske k\u00e6mpeweekend, har selvtilliden med, n\u00e5r han udtaler sig p\u00e5 vegne af den lokale event. Og med god grund. For mindre end to m\u00e5neder siden blev Foreningen Skaldyrsfestivalen k\u00e5ret som \u00c5rets Forening ved Frivilligfesten i Midtmors Sport. En af \u00e5rsagerne til det er evnen til at f\u00e5 andre til at s\u00e6tte kursen mod Mors.<\/p>\n<p class=\"v1MsoNormal\">&#8211; Skaldyrsfestival tiltr\u00e6kker g\u00e6ster fra hele Danmark, men ogs\u00e5 g\u00e6ster fra vores nabolande, og de kommer ofte igen. Vores g\u00e6ster beskriver stemningen, hyggen og smagsoplevelserne som grunden til, at de kommer igen, fort\u00e6ller Lars Tang.<\/p>\n<p>&nbsp;<\/p>\n<p><strong>Oplevelser i b\u00f8rneh\u00f8jde<\/strong><\/p>\n<p>Han skal ikke t\u00e6nke l\u00e6ngere end et \u00e5r tilbage for at mindes, hvordan op imod 20.000 mennesker fik byen til at summe af liv og oplevelser. B\u00e5de omkring skaldyr som kulinarisk oplevelse og i forhold til andre oplevelser.<\/p>\n<p>S\u00e5dan bliver det ogs\u00e5 i \u00e5r.<\/p>\n<p>Lars Tang fremh\u00e6ver, hvordan DTU &#8211; Dansk Skaldyrcenter fort\u00e6ller i b\u00f8rneh\u00f8jde om de dyr og planter, man kan m\u00f8de i og omkring Limfjorden. B\u00f8rnene vil kunne se og f\u00f8le en masse af de forskellige ting, der lever i fjorden.<\/p>\n<a class=\"dvrt-link\" onClick=\"cdmtrack_click(169437,jQuery(this));return false\" href=\"https:\/\/thymors.dk\/sponsorater\/15-til-faellesskabet?utm_source=kunmors&amp;utm_medium=annonce&amp;utm_campaign=sponsorater\"><img decoding=\"async\" style=\"width:100%;\" src=\"https:\/\/kunmedierne.dk\/mors\/wp-content\/uploads\/2026\/03\/260407ThyMors-energi_faellesskab_generel-1.jpg\"><\/a><script>cdmtrack_view(169437);<\/script>\n<p>Og s\u00e5 er der naturligvis hoppeborg, guldgravning og anden b\u00f8rneunderholdning, s\u00e5 for\u00e6ldrene kan nyde den maritime stemning p\u00e5 havnen og smage de forskellige retter.<\/p>\n<p>&#8211; Skaldyrsfestival er en folkefest med en masse forskellige smagsoplevelser. Du kan smage alt muligt forskelligt. For eksempel et par ferske \u00f8sters, dampede \u00f8kologiske muslinger i lokalt \u00f8l eller m\u00e5ske en k\u00e6mpe skaldyrsplatter. Der er noget for enhver smag, faktisk har der ogs\u00e5 sneget sig en &#8220;skalgris&#8221; ind til den store grillfest p\u00e5 Nordhavnen fredag aften. Og er du til f\u00e6llessang og hygge p\u00e5 tv\u00e6rs af generationer og kommunegr\u00e6nser, s\u00e5 skal du bes\u00f8ge en af de store aftenbuffeter, lyder det fra Lars Tang om de popul\u00e6re oplevelser, der samler op imod 800 g\u00e6ster under telt.<\/p>\n<p>&nbsp;<\/p>\n<p><strong>Stor lokal opbakning<\/strong><\/p>\n<p>Skaldyrsfestivalen blev arrangeret f\u00f8rste gang i 2005 og har med \u00e5rene udviklet sig i volumen &#8211; men stadig med frivilligheden som drivkraft.<\/p>\n<p class=\"v1MsoNormal\">&#8211; Foreningen Skaldyrsfestival har ingen ansatte, men drives af en flok lokale ildsj\u00e6le, som br\u00e6nder for at fort\u00e6lle den gode historie omkring Mors og livet i og omkring Limfjorden. Og den fort\u00e6lling udbreder vi ved hvert \u00e5r at invitere hele Danmark til at bes\u00f8ge Skaldyrshovedstaden Nyk\u00f8bing Mors, siger Lars Tang.<\/p>\n<a class=\"dvrt-link\" onClick=\"cdmtrack_click(104785,jQuery(this));return false\" href=\"https:\/\/www.facebook.com\/lyndrups\"><img decoding=\"async\" style=\"width:100%;\" src=\"https:\/\/kunmedierne.dk\/mors\/wp-content\/uploads\/2022\/02\/vip-lyndrups-rengoering.jpg\"><\/a><script>cdmtrack_view(104785);<\/script>\n<p>Han pointerer, at der har v\u00e6ret drevet fiskeri og samling af \u00f8sters og muslinger i Limfjorden siden stenalderen. Det foreg\u00e5r, som det har gjort i mange \u00e5r, men i seneste har det ogs\u00e5 v\u00e6ret muligt at f\u00e5 \u00f8kologisk dyrkede muslinger fra Limfjorden, som dyrkes p\u00e5 linefarme.<\/p>\n<p>Dem kan man ogs\u00e5 opleve under Skaldyrsfestivalen, fort\u00e6ller Lars Tang, som s\u00e6tter pris p\u00e5, at mange st\u00f8tter op om den lokale event.<\/p>\n<p class=\"v1MsoNormal\">&#8211; Stor opbakning fra det lokale erhvervsliv, Mors\u00f8 Kommune, DTU-Skaldyrscenteret med flere sikrer, at vi kan tilbyde en bred vifte af oplevelser. Det er vi naturligvis meget taknemmelige for. Flere af dem stiller deres medarbejdere til r\u00e5dighed for frivillighed p\u00e5 festivalen, og andre giver bidrag p\u00e5 andre m\u00e5der, siger han og n\u00e6vner stjernekokken Dak Wichangoen, der sammen med Mors\u00f8 Jernst\u00f8beri demonstrerer, hvad der komme ud af s\u00e6rligt kendskab til skaldyr.<\/p>\n<p>Skaldyrsfestivalen 2023 finder sted fredag og l\u00f8rdag, 2. og 3. juni.<\/p>\n<h5>L\u00c6S OGS\u00c5:<\/h5>\n<h5>4\/6-2022: <a href=\"https:\/\/kunmedierne.dk\/mors\/og-saa-er-det-jo-fars-dag-i-morgen\/\">&#8220;Og s\u00e5 er det jo fars dag i morgen&#8230;&#8221;<\/a><\/h5>\n<h5>5\/6-2022: <a href=\"https:\/\/kunmedierne.dk\/mors\/det-er-fantastisk-og-det-er-jo-perfekt-vejr\/\">&#8220;Det er fantastisk! Og det er jo perfekt vejr!&#8221;<\/a><\/h5>\n<h5>7\/6-2022: <a href=\"https:\/\/kunmedierne.dk\/mors\/efter-stor-skaldyrsfestival-vi-begynder-at-slaa-os-fast-som-en-national-begivenhed\/\">Efter stor skaldyrsfestival: &#8220;Vi begynder at sl\u00e5 os fast som en national begivenhed&#8221;<\/a><\/h5>\n","protected":false},"excerpt":{"rendered":"<p>NYK\u00d8BING: Danskere i tusindvis &#8211; mange tusinder. Morsingboer i lidt f\u00e6rre antal, men dog ogs\u00e5 mange. Og naturligvis de frivillige bag Skaldyrsfestivalen selv. Alle ser lige nu frem imod n\u00e6ste weekend, n\u00e5r en af \u00e5rets helst store attraktioner igen s\u00e6tter sit pr\u00e6g p\u00e5 havneomr\u00e5det i Nyk\u00f8bing. &#8211; Skaldyrsfestival p\u00e5 Mors er en \u00e5rligt tilbagevendende begivenhed, [&hellip;]<\/p>\n","protected":false},"author":8,"featured_media":95718,"comment_status":"closed","ping_status":"open","sticky":false,"template":"","format":"standard","meta":{"_acf_changed":false,"footnotes":""},"categories":[49],"tags":[169,171],"class_list":["post-95716","post","type-post","status-publish","format-standard","has-post-thumbnail","hentry","category-kultur","tag-skaldyr","tag-turisme"],"acf":[],"yoast_head":"<!-- This site is optimized with the Yoast SEO plugin v26.8 - https:\/\/yoast.com\/product\/yoast-seo-wordpress\/ -->\n<title>F\u00f8r kulinarisk k\u00e6mpeweekend: - Skaldyrsfestivalen er en folkefest - Mors<\/title>\n<meta name=\"robots\" content=\"index, follow, max-snippet:-1, max-image-preview:large, max-video-preview:-1\" \/>\n<link rel=\"canonical\" href=\"https:\/\/kunmedierne.dk\/mors\/foer-kulinarisk-kaempeweekend-skaldyrsfestivalen-er-en-folkefest\/\" \/>\n<meta property=\"og:locale\" content=\"da_DK\" \/>\n<meta property=\"og:type\" content=\"article\" \/>\n<meta property=\"og:title\" content=\"F\u00f8r kulinarisk k\u00e6mpeweekend: - Skaldyrsfestivalen er en folkefest - Mors\" \/>\n<meta property=\"og:description\" content=\"NYK\u00d8BING: Danskere i tusindvis &#8211; mange tusinder. Morsingboer i lidt f\u00e6rre antal, men dog ogs\u00e5 mange. Og naturligvis de frivillige bag Skaldyrsfestivalen selv. Alle ser lige nu frem imod n\u00e6ste weekend, n\u00e5r en af \u00e5rets helst store attraktioner igen s\u00e6tter sit pr\u00e6g p\u00e5 havneomr\u00e5det i Nyk\u00f8bing. &#8211; Skaldyrsfestival p\u00e5 Mors er en \u00e5rligt tilbagevendende begivenhed, [&hellip;]\" \/>\n<meta property=\"og:url\" content=\"https:\/\/kunmedierne.dk\/mors\/foer-kulinarisk-kaempeweekend-skaldyrsfestivalen-er-en-folkefest\/\" \/>\n<meta property=\"og:site_name\" content=\"Mors\" \/>\n<meta property=\"article:published_time\" content=\"2023-05-28T13:08:51+00:00\" \/>\n<meta property=\"article:modified_time\" content=\"2024-08-12T11:18:05+00:00\" \/>\n<meta property=\"og:image\" content=\"https:\/\/kunmedierne.dk\/mors\/wp-content\/uploads\/2023\/05\/skaldyr5.jpg\" \/>\n\t<meta property=\"og:image:width\" content=\"770\" \/>\n\t<meta property=\"og:image:height\" content=\"514\" \/>\n\t<meta property=\"og:image:type\" content=\"image\/jpeg\" \/>\n<meta name=\"author\" content=\"David H\u00f8jmark\" \/>\n<meta name=\"twitter:card\" content=\"summary_large_image\" \/>\n<meta name=\"twitter:label1\" content=\"Skrevet af\" \/>\n\t<meta name=\"twitter:data1\" content=\"David H\u00f8jmark\" \/>\n\t<meta name=\"twitter:label2\" content=\"Estimeret l\u00e6setid\" \/>\n\t<meta name=\"twitter:data2\" content=\"4 minutter\" \/>\n<script type=\"application\/ld+json\" class=\"yoast-schema-graph\">{\"@context\":\"https:\/\/schema.org\",\"@graph\":[{\"@type\":\"Article\",\"@id\":\"https:\/\/kunmedierne.dk\/mors\/foer-kulinarisk-kaempeweekend-skaldyrsfestivalen-er-en-folkefest\/#article\",\"isPartOf\":{\"@id\":\"https:\/\/kunmedierne.dk\/mors\/foer-kulinarisk-kaempeweekend-skaldyrsfestivalen-er-en-folkefest\/\"},\"author\":{\"name\":\"David H\u00f8jmark\",\"@id\":\"https:\/\/kunmedierne.dk\/mors\/#\/schema\/person\/5fe23251bf1d0abbcdc6f7896579d548\"},\"headline\":\"F\u00f8r kulinarisk k\u00e6mpeweekend: &#8211; Skaldyrsfestivalen er en folkefest\",\"datePublished\":\"2023-05-28T13:08:51+00:00\",\"dateModified\":\"2024-08-12T11:18:05+00:00\",\"mainEntityOfPage\":{\"@id\":\"https:\/\/kunmedierne.dk\/mors\/foer-kulinarisk-kaempeweekend-skaldyrsfestivalen-er-en-folkefest\/\"},\"wordCount\":710,\"publisher\":{\"@id\":\"https:\/\/kunmedierne.dk\/mors\/#organization\"},\"image\":{\"@id\":\"https:\/\/kunmedierne.dk\/mors\/foer-kulinarisk-kaempeweekend-skaldyrsfestivalen-er-en-folkefest\/#primaryimage\"},\"thumbnailUrl\":\"https:\/\/kunmedierne.dk\/mors\/wp-content\/uploads\/2023\/05\/skaldyr5.jpg\",\"keywords\":[\"Skaldyr\",\"Turisme\"],\"articleSection\":[\"Kultur\"],\"inLanguage\":\"da-DK\"},{\"@type\":\"WebPage\",\"@id\":\"https:\/\/kunmedierne.dk\/mors\/foer-kulinarisk-kaempeweekend-skaldyrsfestivalen-er-en-folkefest\/\",\"url\":\"https:\/\/kunmedierne.dk\/mors\/foer-kulinarisk-kaempeweekend-skaldyrsfestivalen-er-en-folkefest\/\",\"name\":\"F\u00f8r kulinarisk k\u00e6mpeweekend: - Skaldyrsfestivalen er en folkefest - Mors\",\"isPartOf\":{\"@id\":\"https:\/\/kunmedierne.dk\/mors\/#website\"},\"primaryImageOfPage\":{\"@id\":\"https:\/\/kunmedierne.dk\/mors\/foer-kulinarisk-kaempeweekend-skaldyrsfestivalen-er-en-folkefest\/#primaryimage\"},\"image\":{\"@id\":\"https:\/\/kunmedierne.dk\/mors\/foer-kulinarisk-kaempeweekend-skaldyrsfestivalen-er-en-folkefest\/#primaryimage\"},\"thumbnailUrl\":\"https:\/\/kunmedierne.dk\/mors\/wp-content\/uploads\/2023\/05\/skaldyr5.jpg\",\"datePublished\":\"2023-05-28T13:08:51+00:00\",\"dateModified\":\"2024-08-12T11:18:05+00:00\",\"breadcrumb\":{\"@id\":\"https:\/\/kunmedierne.dk\/mors\/foer-kulinarisk-kaempeweekend-skaldyrsfestivalen-er-en-folkefest\/#breadcrumb\"},\"inLanguage\":\"da-DK\",\"potentialAction\":[{\"@type\":\"ReadAction\",\"target\":[\"https:\/\/kunmedierne.dk\/mors\/foer-kulinarisk-kaempeweekend-skaldyrsfestivalen-er-en-folkefest\/\"]}]},{\"@type\":\"ImageObject\",\"inLanguage\":\"da-DK\",\"@id\":\"https:\/\/kunmedierne.dk\/mors\/foer-kulinarisk-kaempeweekend-skaldyrsfestivalen-er-en-folkefest\/#primaryimage\",\"url\":\"https:\/\/kunmedierne.dk\/mors\/wp-content\/uploads\/2023\/05\/skaldyr5.jpg\",\"contentUrl\":\"https:\/\/kunmedierne.dk\/mors\/wp-content\/uploads\/2023\/05\/skaldyr5.jpg\",\"width\":770,\"height\":514},{\"@type\":\"BreadcrumbList\",\"@id\":\"https:\/\/kunmedierne.dk\/mors\/foer-kulinarisk-kaempeweekend-skaldyrsfestivalen-er-en-folkefest\/#breadcrumb\",\"itemListElement\":[{\"@type\":\"ListItem\",\"position\":1,\"name\":\"Hjem\",\"item\":\"https:\/\/kunmedierne.dk\/mors\/\"},{\"@type\":\"ListItem\",\"position\":2,\"name\":\"F\u00f8r kulinarisk k\u00e6mpeweekend: &#8211; Skaldyrsfestivalen er en folkefest\"}]},{\"@type\":\"WebSite\",\"@id\":\"https:\/\/kunmedierne.dk\/mors\/#website\",\"url\":\"https:\/\/kunmedierne.dk\/mors\/\",\"name\":\"Mors\",\"description\":\"et netmedie med journalistik om livet p\u00e5 Mors\",\"publisher\":{\"@id\":\"https:\/\/kunmedierne.dk\/mors\/#organization\"},\"potentialAction\":[{\"@type\":\"SearchAction\",\"target\":{\"@type\":\"EntryPoint\",\"urlTemplate\":\"https:\/\/kunmedierne.dk\/mors\/?s={search_term_string}\"},\"query-input\":{\"@type\":\"PropertyValueSpecification\",\"valueRequired\":true,\"valueName\":\"search_term_string\"}}],\"inLanguage\":\"da-DK\"},{\"@type\":\"Organization\",\"@id\":\"https:\/\/kunmedierne.dk\/mors\/#organization\",\"name\":\"Mors\",\"url\":\"https:\/\/kunmedierne.dk\/mors\/\",\"logo\":{\"@type\":\"ImageObject\",\"inLanguage\":\"da-DK\",\"@id\":\"https:\/\/kunmedierne.dk\/mors\/#\/schema\/logo\/image\/\",\"url\":\"https:\/\/kunmedierne.dk\/mors\/wp-content\/uploads\/2024\/08\/kunmors-logo.svg\",\"contentUrl\":\"https:\/\/kunmedierne.dk\/mors\/wp-content\/uploads\/2024\/08\/kunmors-logo.svg\",\"caption\":\"Mors\"},\"image\":{\"@id\":\"https:\/\/kunmedierne.dk\/mors\/#\/schema\/logo\/image\/\"}},{\"@type\":\"Person\",\"@id\":\"https:\/\/kunmedierne.dk\/mors\/#\/schema\/person\/5fe23251bf1d0abbcdc6f7896579d548\",\"name\":\"David H\u00f8jmark\",\"image\":{\"@type\":\"ImageObject\",\"inLanguage\":\"da-DK\",\"@id\":\"https:\/\/kunmedierne.dk\/mors\/#\/schema\/person\/image\/\",\"url\":\"https:\/\/secure.gravatar.com\/avatar\/4315d6fb9ef244d729989f5f90268eb08d5bf8a3d84402f595fa194bb35784fd?s=96&d=mm&r=g\",\"contentUrl\":\"https:\/\/secure.gravatar.com\/avatar\/4315d6fb9ef244d729989f5f90268eb08d5bf8a3d84402f595fa194bb35784fd?s=96&d=mm&r=g\",\"caption\":\"David H\u00f8jmark\"},\"sameAs\":[\"https:\/\/www.kunmedierne.dk\"],\"url\":\"https:\/\/kunmedierne.dk\/mors\/author\/david\/\"}]}<\/script>\n<!-- \/ Yoast SEO plugin. -->","yoast_head_json":{"title":"F\u00f8r kulinarisk k\u00e6mpeweekend: - Skaldyrsfestivalen er en folkefest - Mors","robots":{"index":"index","follow":"follow","max-snippet":"max-snippet:-1","max-image-preview":"max-image-preview:large","max-video-preview":"max-video-preview:-1"},"canonical":"https:\/\/kunmedierne.dk\/mors\/foer-kulinarisk-kaempeweekend-skaldyrsfestivalen-er-en-folkefest\/","og_locale":"da_DK","og_type":"article","og_title":"F\u00f8r kulinarisk k\u00e6mpeweekend: - Skaldyrsfestivalen er en folkefest - Mors","og_description":"NYK\u00d8BING: Danskere i tusindvis &#8211; mange tusinder. Morsingboer i lidt f\u00e6rre antal, men dog ogs\u00e5 mange. Og naturligvis de frivillige bag Skaldyrsfestivalen selv. Alle ser lige nu frem imod n\u00e6ste weekend, n\u00e5r en af \u00e5rets helst store attraktioner igen s\u00e6tter sit pr\u00e6g p\u00e5 havneomr\u00e5det i Nyk\u00f8bing. &#8211; Skaldyrsfestival p\u00e5 Mors er en \u00e5rligt tilbagevendende begivenhed, [&hellip;]","og_url":"https:\/\/kunmedierne.dk\/mors\/foer-kulinarisk-kaempeweekend-skaldyrsfestivalen-er-en-folkefest\/","og_site_name":"Mors","article_published_time":"2023-05-28T13:08:51+00:00","article_modified_time":"2024-08-12T11:18:05+00:00","og_image":[{"width":770,"height":514,"url":"https:\/\/kunmedierne.dk\/mors\/wp-content\/uploads\/2023\/05\/skaldyr5.jpg","type":"image\/jpeg"}],"author":"David H\u00f8jmark","twitter_card":"summary_large_image","twitter_misc":{"Skrevet af":"David H\u00f8jmark","Estimeret l\u00e6setid":"4 minutter"},"schema":{"@context":"https:\/\/schema.org","@graph":[{"@type":"Article","@id":"https:\/\/kunmedierne.dk\/mors\/foer-kulinarisk-kaempeweekend-skaldyrsfestivalen-er-en-folkefest\/#article","isPartOf":{"@id":"https:\/\/kunmedierne.dk\/mors\/foer-kulinarisk-kaempeweekend-skaldyrsfestivalen-er-en-folkefest\/"},"author":{"name":"David H\u00f8jmark","@id":"https:\/\/kunmedierne.dk\/mors\/#\/schema\/person\/5fe23251bf1d0abbcdc6f7896579d548"},"headline":"F\u00f8r kulinarisk k\u00e6mpeweekend: &#8211; Skaldyrsfestivalen er en folkefest","datePublished":"2023-05-28T13:08:51+00:00","dateModified":"2024-08-12T11:18:05+00:00","mainEntityOfPage":{"@id":"https:\/\/kunmedierne.dk\/mors\/foer-kulinarisk-kaempeweekend-skaldyrsfestivalen-er-en-folkefest\/"},"wordCount":710,"publisher":{"@id":"https:\/\/kunmedierne.dk\/mors\/#organization"},"image":{"@id":"https:\/\/kunmedierne.dk\/mors\/foer-kulinarisk-kaempeweekend-skaldyrsfestivalen-er-en-folkefest\/#primaryimage"},"thumbnailUrl":"https:\/\/kunmedierne.dk\/mors\/wp-content\/uploads\/2023\/05\/skaldyr5.jpg","keywords":["Skaldyr","Turisme"],"articleSection":["Kultur"],"inLanguage":"da-DK"},{"@type":"WebPage","@id":"https:\/\/kunmedierne.dk\/mors\/foer-kulinarisk-kaempeweekend-skaldyrsfestivalen-er-en-folkefest\/","url":"https:\/\/kunmedierne.dk\/mors\/foer-kulinarisk-kaempeweekend-skaldyrsfestivalen-er-en-folkefest\/","name":"F\u00f8r kulinarisk k\u00e6mpeweekend: - Skaldyrsfestivalen er en folkefest - Mors","isPartOf":{"@id":"https:\/\/kunmedierne.dk\/mors\/#website"},"primaryImageOfPage":{"@id":"https:\/\/kunmedierne.dk\/mors\/foer-kulinarisk-kaempeweekend-skaldyrsfestivalen-er-en-folkefest\/#primaryimage"},"image":{"@id":"https:\/\/kunmedierne.dk\/mors\/foer-kulinarisk-kaempeweekend-skaldyrsfestivalen-er-en-folkefest\/#primaryimage"},"thumbnailUrl":"https:\/\/kunmedierne.dk\/mors\/wp-content\/uploads\/2023\/05\/skaldyr5.jpg","datePublished":"2023-05-28T13:08:51+00:00","dateModified":"2024-08-12T11:18:05+00:00","breadcrumb":{"@id":"https:\/\/kunmedierne.dk\/mors\/foer-kulinarisk-kaempeweekend-skaldyrsfestivalen-er-en-folkefest\/#breadcrumb"},"inLanguage":"da-DK","potentialAction":[{"@type":"ReadAction","target":["https:\/\/kunmedierne.dk\/mors\/foer-kulinarisk-kaempeweekend-skaldyrsfestivalen-er-en-folkefest\/"]}]},{"@type":"ImageObject","inLanguage":"da-DK","@id":"https:\/\/kunmedierne.dk\/mors\/foer-kulinarisk-kaempeweekend-skaldyrsfestivalen-er-en-folkefest\/#primaryimage","url":"https:\/\/kunmedierne.dk\/mors\/wp-content\/uploads\/2023\/05\/skaldyr5.jpg","contentUrl":"https:\/\/kunmedierne.dk\/mors\/wp-content\/uploads\/2023\/05\/skaldyr5.jpg","width":770,"height":514},{"@type":"BreadcrumbList","@id":"https:\/\/kunmedierne.dk\/mors\/foer-kulinarisk-kaempeweekend-skaldyrsfestivalen-er-en-folkefest\/#breadcrumb","itemListElement":[{"@type":"ListItem","position":1,"name":"Hjem","item":"https:\/\/kunmedierne.dk\/mors\/"},{"@type":"ListItem","position":2,"name":"F\u00f8r kulinarisk k\u00e6mpeweekend: &#8211; Skaldyrsfestivalen er en folkefest"}]},{"@type":"WebSite","@id":"https:\/\/kunmedierne.dk\/mors\/#website","url":"https:\/\/kunmedierne.dk\/mors\/","name":"Mors","description":"et netmedie med journalistik om livet p\u00e5 Mors","publisher":{"@id":"https:\/\/kunmedierne.dk\/mors\/#organization"},"potentialAction":[{"@type":"SearchAction","target":{"@type":"EntryPoint","urlTemplate":"https:\/\/kunmedierne.dk\/mors\/?s={search_term_string}"},"query-input":{"@type":"PropertyValueSpecification","valueRequired":true,"valueName":"search_term_string"}}],"inLanguage":"da-DK"},{"@type":"Organization","@id":"https:\/\/kunmedierne.dk\/mors\/#organization","name":"Mors","url":"https:\/\/kunmedierne.dk\/mors\/","logo":{"@type":"ImageObject","inLanguage":"da-DK","@id":"https:\/\/kunmedierne.dk\/mors\/#\/schema\/logo\/image\/","url":"https:\/\/kunmedierne.dk\/mors\/wp-content\/uploads\/2024\/08\/kunmors-logo.svg","contentUrl":"https:\/\/kunmedierne.dk\/mors\/wp-content\/uploads\/2024\/08\/kunmors-logo.svg","caption":"Mors"},"image":{"@id":"https:\/\/kunmedierne.dk\/mors\/#\/schema\/logo\/image\/"}},{"@type":"Person","@id":"https:\/\/kunmedierne.dk\/mors\/#\/schema\/person\/5fe23251bf1d0abbcdc6f7896579d548","name":"David H\u00f8jmark","image":{"@type":"ImageObject","inLanguage":"da-DK","@id":"https:\/\/kunmedierne.dk\/mors\/#\/schema\/person\/image\/","url":"https:\/\/secure.gravatar.com\/avatar\/4315d6fb9ef244d729989f5f90268eb08d5bf8a3d84402f595fa194bb35784fd?s=96&d=mm&r=g","contentUrl":"https:\/\/secure.gravatar.com\/avatar\/4315d6fb9ef244d729989f5f90268eb08d5bf8a3d84402f595fa194bb35784fd?s=96&d=mm&r=g","caption":"David H\u00f8jmark"},"sameAs":["https:\/\/www.kunmedierne.dk"],"url":"https:\/\/kunmedierne.dk\/mors\/author\/david\/"}]}},"_links":{"self":[{"href":"https:\/\/kunmedierne.dk\/mors\/wp-json\/wp\/v2\/posts\/95716","targetHints":{"allow":["GET"]}}],"collection":[{"href":"https:\/\/kunmedierne.dk\/mors\/wp-json\/wp\/v2\/posts"}],"about":[{"href":"https:\/\/kunmedierne.dk\/mors\/wp-json\/wp\/v2\/types\/post"}],"author":[{"embeddable":true,"href":"https:\/\/kunmedierne.dk\/mors\/wp-json\/wp\/v2\/users\/8"}],"replies":[{"embeddable":true,"href":"https:\/\/kunmedierne.dk\/mors\/wp-json\/wp\/v2\/comments?post=95716"}],"version-history":[{"count":3,"href":"https:\/\/kunmedierne.dk\/mors\/wp-json\/wp\/v2\/posts\/95716\/revisions"}],"predecessor-version":[{"id":95720,"href":"https:\/\/kunmedierne.dk\/mors\/wp-json\/wp\/v2\/posts\/95716\/revisions\/95720"}],"wp:featuredmedia":[{"embeddable":true,"href":"https:\/\/kunmedierne.dk\/mors\/wp-json\/wp\/v2\/media\/95718"}],"wp:attachment":[{"href":"https:\/\/kunmedierne.dk\/mors\/wp-json\/wp\/v2\/media?parent=95716"}],"wp:term":[{"taxonomy":"category","embeddable":true,"href":"https:\/\/kunmedierne.dk\/mors\/wp-json\/wp\/v2\/categories?post=95716"},{"taxonomy":"post_tag","embeddable":true,"href":"https:\/\/kunmedierne.dk\/mors\/wp-json\/wp\/v2\/tags?post=95716"}],"curies":[{"name":"wp","href":"https:\/\/api.w.org\/{rel}","templated":true}]}}