{"id":95706,"date":"2023-05-28T13:36:04","date_gmt":"2023-05-28T11:36:04","guid":{"rendered":"https:\/\/kunmedierne.dk\/mors\/?p=95706"},"modified":"2024-08-12T13:18:05","modified_gmt":"2024-08-12T11:18:05","slug":"grethe-breum-vil-hjem-til-mors-og-hun-tager-store-planer-med-sig","status":"publish","type":"post","link":"https:\/\/kunmedierne.dk\/mors\/grethe-breum-vil-hjem-til-mors-og-hun-tager-store-planer-med-sig\/","title":{"rendered":"Grethe Breum vil hjem til Mors &#8211; og hun tager store planer med sig"},"content":{"rendered":"<p><b>SALLING\/MORS<\/b>: Idylliske omgivelser. Mond\u00e6ne rammer. Og luksuri\u00f8se forhold.<\/p>\n<p>Siden den var igennem en omfattende og n\u00e6nsom renovering, har den snart 300 \u00e5r gamle herreg\u00e5rd Hesthave ved Krejbjerg p\u00e5 Salling pr\u00e6senteret sig selv som skabt til slotsferier.<\/p>\n<p>Men snart er det forbi. I hvert fald for den nuv\u00e6rende indehaver. For Grethe Breum, der overtog Hesthave i 2004 og gjorde det til et ferie- og konferencested, har sat det hele til salg.<\/p>\n<p>Hun vil nemlig til Mors, hvor hun har kastet sit blik p\u00e5 et nyt projekt.<\/p>\n<p>&#8211; Der skal v\u00e6re badev\u00e6relse til alle v\u00e6relser. Det er s\u00e5dan noget, mine kunder vil have.<\/p>\n<a class=\"dvrt-link\" onClick=\"cdmtrack_click(147315,jQuery(this));return false\" href=\"https:\/\/sdrhaa.dk\/\"><img decoding=\"async\" style=\"width:100%;\" src=\"https:\/\/kunmedierne.dk\/mors\/wp-content\/uploads\/2025\/05\/260302Sdr-HaaDin-gebyrvenlige-sparekasse_mors-002.gif\"><\/a><script>cdmtrack_view(147315);<\/script>\n<p>Den 83-\u00e5rige projektmager fort\u00e6ller om sine planer med samme beslutsomhed, som n\u00e5r hun afsl\u00f8rer prisen p\u00e5 Hesthave. Det er med et bestemt tonefald, der mere end signalerer, at hun har t\u00e6nkt igennem, hvad hun skal bruge det nedlagte plejehjem i Traneparken i Nyk\u00f8bing til.<\/p>\n<p>For det er der, hun vil s\u00e6tte gang i sit formentlig sidste projekt. Her vil hun tilbyde mindst 10 v\u00e6relser til udlejning. Og dem, der g\u00f8r brug af dem, skal have det godt, lader hun forst\u00e5.<\/p>\n<p>Planerne omfatter blandt andet en indend\u00f8rs pool i glasfiber, en koge\u00f8 til madlavning, udek\u00f8kken og udespa &#8211; og hvad man ellers kan finde p\u00e5 for at skabe et ophold, der r\u00e6kker ud over det s\u00e6dvanlige.<\/p>\n<p>&nbsp;<\/p>\n<p><b>F\u00f8dt p\u00e5 N\u00f8rrebro<\/b><\/p>\n<p>Grethe Breum kender turen med at renovere og indrette med stil. Projektet i Nyk\u00f8bing bliver nemlig hendes femte efter de tidligere i H\u00f8jslev, Lj\u00f8rslev, Sp\u00f8ttrup og det nuv\u00e6rende med Hesthave.<\/p>\n<p>&#8211; Jeg vil gerne tilbage til Mors, og jeg elsker at renovere. Jeg har renoveret bygninger og lavet dem til ferieboliger fire gange, s\u00e5 det rykker i mig, forklarer hun \u00e5rsagen til, at hun nu igen kigger mod Mors.<\/p>\n<a class=\"dvrt-link\" onClick=\"cdmtrack_click(104787,jQuery(this));return false\" href=\"https:\/\/www.jyskebank.dk\/kontakt\/afdelingsinfo?departmentid=11890\"><img decoding=\"async\" style=\"width:100%;\" src=\"https:\/\/kunmedierne.dk\/mors\/wp-content\/uploads\/2023\/10\/260325JyskeBankMorsNy-1.jpg\"><\/a><script>cdmtrack_view(104787);<\/script>\n<p>Her blev hun f\u00f8dt p\u00e5 N\u00f8rrebro i 1940. For\u00e6ldrene flyttede meget, s\u00e5 m\u00e5ske var det derfor, hun udviklede sin sans for indretning &#8211; og efter mange \u00e5r som fris\u00f8r gjorde hun det i slutningen af 1990erne til sin levevej.<\/p>\n<p>&#8211; Og s\u00e5 blev jeg bidt af det, siger hun.<\/p>\n<p>Det g\u00f8r hun midt i en travl periode. S\u00e6sonen for turister tager til, et nyt hold g\u00e6ster er p\u00e5 vej, og 5. juni markerer Inger St\u00f8jberg (DD) Grundlovsdag p\u00e5 Hesthave.<\/p>\n<p>&nbsp;<\/p>\n<p><b>Prisen ikke til forhandling<\/b><\/p>\n<p>S\u00e5 der er nok at se til, men det er bliver der ogs\u00e5, hvis overtagelsen af Traneparken bliver til noget. Tankerne om, hvad stedet kan bruges til, myldrer nemlig frem.<\/p>\n<p>Det handler i sin enkelhed om at f\u00e5 liebhaverstemningen fra Hesthave med til Mors. Derfor er eksempelvis den oldgr\u00e6ske stil omkring herreg\u00e5rdens indend\u00f8rs pool ogs\u00e5 t\u00e6nkt videre til Nyk\u00f8bing.<\/p>\n<p>&#8211; Det er let at lave en skrabet pool, hvor der ikke er nogen udsmykning omkring. Kunsten er at skabe en stemning, siger hun om den wellness, man opn\u00e5r, n\u00e5r det er lige s\u00e5 afslappende at opholde sig ved en pool som at v\u00e6re i den.<\/p>\n<a class=\"dvrt-link\" onClick=\"cdmtrack_click(104781,jQuery(this));return false\" href=\"https:\/\/www.fmspks.dk\/\"><img decoding=\"async\" style=\"width:100%;\" src=\"https:\/\/kunmedierne.dk\/mors\/wp-content\/uploads\/2022\/02\/vip-froeslev-mollerup-sparekasse.jpg\"><\/a><script>cdmtrack_view(104781);<\/script>\n<p>Grethe Breum fort\u00e6ller videre, at de smukke m\u00f8bler, der er et markant tr\u00e6k ved Hesthave, ogs\u00e5 skal v\u00e6re en del af Traneparken, hvor det i \u00f8vrigt er planen at indrette et af v\u00e6relserne til brudesuite.<\/p>\n<p>Og s\u00e5 skal samarbejdet med det lokale turistbureau selvf\u00f8lgelig forts\u00e6tte.<\/p>\n<p>&#8211; Jeg har et rigtig godt samarbejde med Visit Mors, siger Grethe Breum &#8211; igen med et tonefald, der ikke efterlader nogen tvivl om, at det er mere end h\u00f8flig snak.<\/p>\n<a class=\"dvrt-link\" onClick=\"cdmtrack_click(104785,jQuery(this));return false\" href=\"https:\/\/www.facebook.com\/lyndrups\"><img decoding=\"async\" style=\"width:100%;\" src=\"https:\/\/kunmedierne.dk\/mors\/wp-content\/uploads\/2022\/02\/vip-lyndrups-rengoering.jpg\"><\/a><script>cdmtrack_view(104785);<\/script>\n<p>Samme beslutsomhed lyder, n\u00e5r talen falder p\u00e5 prisen for Hesthave. Den er nemlig ikke til forhandling. Og med det mener hun: slet ikke.<\/p>\n<p>&#8211; Kan jeg ikke f\u00e5 de 12 millioner, s\u00e5 bliver jeg her, lyder det fra indehaveren, der s\u00e5ledes ogs\u00e5 lader forst\u00e5, at projektet p\u00e5 Mors er afh\u00e6ngigt af den rette k\u00f8ber i Salling.<\/p>\n<p>&#8211; Der bliver ikke handlet, uden at jeg f\u00e5r solgt, siger hun.<\/p>\n<div id=\"attachment_95712\" style=\"width: 2040px\" class=\"wp-caption alignleft\"><img loading=\"lazy\" decoding=\"async\" aria-describedby=\"caption-attachment-95712\" class=\"wp-image-95712 size-full\" src=\"https:\/\/kunmedierne.dk\/mors\/wp-content\/uploads\/2023\/05\/hesthave1.jpg\" alt=\"\" width=\"2030\" height=\"870\" srcset=\"https:\/\/kunmedierne.dk\/mors\/wp-content\/uploads\/2023\/05\/hesthave1.jpg 2030w, https:\/\/kunmedierne.dk\/mors\/wp-content\/uploads\/2023\/05\/hesthave1-300x129.jpg 300w, https:\/\/kunmedierne.dk\/mors\/wp-content\/uploads\/2023\/05\/hesthave1-1024x439.jpg 1024w, https:\/\/kunmedierne.dk\/mors\/wp-content\/uploads\/2023\/05\/hesthave1-768x329.jpg 768w, https:\/\/kunmedierne.dk\/mors\/wp-content\/uploads\/2023\/05\/hesthave1-1536x658.jpg 1536w, https:\/\/kunmedierne.dk\/mors\/wp-content\/uploads\/2023\/05\/hesthave1-600x257.jpg 600w\" sizes=\"auto, (max-width: 2030px) 100vw, 2030px\" \/><p id=\"caption-attachment-95712\" class=\"wp-caption-text\">Grethe Breum har sat herreg\u00e5rden Hesthave til salg.<\/p><\/div>\n<div id=\"attachment_95711\" style=\"width: 780px\" class=\"wp-caption alignleft\"><img loading=\"lazy\" decoding=\"async\" aria-describedby=\"caption-attachment-95711\" class=\"wp-image-95711 size-full\" src=\"https:\/\/kunmedierne.dk\/mors\/wp-content\/uploads\/2023\/05\/hesthave-vaerelse.jpg\" alt=\"\" width=\"770\" height=\"428\" srcset=\"https:\/\/kunmedierne.dk\/mors\/wp-content\/uploads\/2023\/05\/hesthave-vaerelse.jpg 770w, https:\/\/kunmedierne.dk\/mors\/wp-content\/uploads\/2023\/05\/hesthave-vaerelse-300x167.jpg 300w, https:\/\/kunmedierne.dk\/mors\/wp-content\/uploads\/2023\/05\/hesthave-vaerelse-768x427.jpg 768w, https:\/\/kunmedierne.dk\/mors\/wp-content\/uploads\/2023\/05\/hesthave-vaerelse-600x334.jpg 600w\" sizes=\"auto, (max-width: 770px) 100vw, 770px\" \/><p id=\"caption-attachment-95711\" class=\"wp-caption-text\">Stemningen fra Hesthave, der er fra omkring 1750, skal efter planen f\u00f8res videre i Traneparken.<\/p><\/div>\n<div id=\"attachment_95709\" style=\"width: 780px\" class=\"wp-caption alignleft\"><img loading=\"lazy\" decoding=\"async\" aria-describedby=\"caption-attachment-95709\" class=\"wp-image-95709 size-full\" src=\"https:\/\/kunmedierne.dk\/mors\/wp-content\/uploads\/2023\/05\/hesthave-koekken.jpg\" alt=\"\" width=\"770\" height=\"431\" srcset=\"https:\/\/kunmedierne.dk\/mors\/wp-content\/uploads\/2023\/05\/hesthave-koekken.jpg 770w, https:\/\/kunmedierne.dk\/mors\/wp-content\/uploads\/2023\/05\/hesthave-koekken-300x168.jpg 300w, https:\/\/kunmedierne.dk\/mors\/wp-content\/uploads\/2023\/05\/hesthave-koekken-768x430.jpg 768w, https:\/\/kunmedierne.dk\/mors\/wp-content\/uploads\/2023\/05\/hesthave-koekken-600x336.jpg 600w\" sizes=\"auto, (max-width: 770px) 100vw, 770px\" \/><p id=\"caption-attachment-95709\" class=\"wp-caption-text\">Ogs\u00e5 i Traneparken er det planen at tilbyde fine forhold for g\u00e6sterne.<\/p><\/div>\n<div id=\"attachment_95710\" style=\"width: 780px\" class=\"wp-caption alignleft\"><img loading=\"lazy\" decoding=\"async\" aria-describedby=\"caption-attachment-95710\" class=\"wp-image-95710 size-full\" src=\"https:\/\/kunmedierne.dk\/mors\/wp-content\/uploads\/2023\/05\/hesthave-pool.jpg\" alt=\"\" width=\"770\" height=\"431\" srcset=\"https:\/\/kunmedierne.dk\/mors\/wp-content\/uploads\/2023\/05\/hesthave-pool.jpg 770w, https:\/\/kunmedierne.dk\/mors\/wp-content\/uploads\/2023\/05\/hesthave-pool-300x168.jpg 300w, https:\/\/kunmedierne.dk\/mors\/wp-content\/uploads\/2023\/05\/hesthave-pool-768x430.jpg 768w, https:\/\/kunmedierne.dk\/mors\/wp-content\/uploads\/2023\/05\/hesthave-pool-600x336.jpg 600w\" sizes=\"auto, (max-width: 770px) 100vw, 770px\" \/><p id=\"caption-attachment-95710\" class=\"wp-caption-text\">Den mond\u00e6ne indretning af poolen p\u00e5 Hesthave er ogs\u00e5 i tankerne for Traneparken.<\/p><\/div>\n","protected":false},"excerpt":{"rendered":"<p>SALLING\/MORS: Idylliske omgivelser. Mond\u00e6ne rammer. Og luksuri\u00f8se forhold. Siden den var igennem en omfattende og n\u00e6nsom renovering, har den snart 300 \u00e5r gamle herreg\u00e5rd Hesthave ved Krejbjerg p\u00e5 Salling pr\u00e6senteret sig selv som skabt til slotsferier. Men snart er det forbi. I hvert fald for den nuv\u00e6rende indehaver. For Grethe Breum, der overtog Hesthave i [&hellip;]<\/p>\n","protected":false},"author":8,"featured_media":95708,"comment_status":"closed","ping_status":"open","sticky":false,"template":"","format":"standard","meta":{"_acf_changed":false,"footnotes":""},"categories":[51],"tags":[159,171],"class_list":["post-95706","post","type-post","status-publish","format-standard","has-post-thumbnail","hentry","category-lokalt","tag-erhverv","tag-turisme"],"acf":[],"yoast_head":"<!-- This site is optimized with the Yoast SEO plugin v26.8 - https:\/\/yoast.com\/product\/yoast-seo-wordpress\/ -->\n<title>Grethe Breum vil hjem til Mors - og hun tager store planer med sig - Mors<\/title>\n<meta name=\"robots\" content=\"index, follow, max-snippet:-1, max-image-preview:large, max-video-preview:-1\" \/>\n<link rel=\"canonical\" href=\"https:\/\/kunmedierne.dk\/mors\/grethe-breum-vil-hjem-til-mors-og-hun-tager-store-planer-med-sig\/\" \/>\n<meta property=\"og:locale\" content=\"da_DK\" \/>\n<meta property=\"og:type\" content=\"article\" \/>\n<meta property=\"og:title\" content=\"Grethe Breum vil hjem til Mors - og hun tager store planer med sig - Mors\" \/>\n<meta property=\"og:description\" content=\"SALLING\/MORS: Idylliske omgivelser. Mond\u00e6ne rammer. Og luksuri\u00f8se forhold. Siden den var igennem en omfattende og n\u00e6nsom renovering, har den snart 300 \u00e5r gamle herreg\u00e5rd Hesthave ved Krejbjerg p\u00e5 Salling pr\u00e6senteret sig selv som skabt til slotsferier. Men snart er det forbi. I hvert fald for den nuv\u00e6rende indehaver. For Grethe Breum, der overtog Hesthave i [&hellip;]\" \/>\n<meta property=\"og:url\" content=\"https:\/\/kunmedierne.dk\/mors\/grethe-breum-vil-hjem-til-mors-og-hun-tager-store-planer-med-sig\/\" \/>\n<meta property=\"og:site_name\" content=\"Mors\" \/>\n<meta property=\"article:published_time\" content=\"2023-05-28T11:36:04+00:00\" \/>\n<meta property=\"article:modified_time\" content=\"2024-08-12T11:18:05+00:00\" \/>\n<meta property=\"og:image\" content=\"https:\/\/kunmedierne.dk\/mors\/wp-content\/uploads\/2023\/05\/grethe-breum.jpg\" \/>\n\t<meta property=\"og:image:width\" content=\"770\" \/>\n\t<meta property=\"og:image:height\" content=\"513\" \/>\n\t<meta property=\"og:image:type\" content=\"image\/jpeg\" \/>\n<meta name=\"author\" content=\"David H\u00f8jmark\" \/>\n<meta name=\"twitter:card\" content=\"summary_large_image\" \/>\n<meta name=\"twitter:label1\" content=\"Skrevet af\" \/>\n\t<meta name=\"twitter:data1\" content=\"David H\u00f8jmark\" \/>\n\t<meta name=\"twitter:label2\" content=\"Estimeret l\u00e6setid\" \/>\n\t<meta name=\"twitter:data2\" content=\"5 minutter\" \/>\n<script type=\"application\/ld+json\" class=\"yoast-schema-graph\">{\"@context\":\"https:\/\/schema.org\",\"@graph\":[{\"@type\":\"Article\",\"@id\":\"https:\/\/kunmedierne.dk\/mors\/grethe-breum-vil-hjem-til-mors-og-hun-tager-store-planer-med-sig\/#article\",\"isPartOf\":{\"@id\":\"https:\/\/kunmedierne.dk\/mors\/grethe-breum-vil-hjem-til-mors-og-hun-tager-store-planer-med-sig\/\"},\"author\":{\"name\":\"David H\u00f8jmark\",\"@id\":\"https:\/\/kunmedierne.dk\/mors\/#\/schema\/person\/5fe23251bf1d0abbcdc6f7896579d548\"},\"headline\":\"Grethe Breum vil hjem til Mors &#8211; og hun tager store planer med sig\",\"datePublished\":\"2023-05-28T11:36:04+00:00\",\"dateModified\":\"2024-08-12T11:18:05+00:00\",\"mainEntityOfPage\":{\"@id\":\"https:\/\/kunmedierne.dk\/mors\/grethe-breum-vil-hjem-til-mors-og-hun-tager-store-planer-med-sig\/\"},\"wordCount\":778,\"publisher\":{\"@id\":\"https:\/\/kunmedierne.dk\/mors\/#organization\"},\"image\":{\"@id\":\"https:\/\/kunmedierne.dk\/mors\/grethe-breum-vil-hjem-til-mors-og-hun-tager-store-planer-med-sig\/#primaryimage\"},\"thumbnailUrl\":\"https:\/\/kunmedierne.dk\/mors\/wp-content\/uploads\/2023\/05\/grethe-breum.jpg\",\"keywords\":[\"Erhverv\",\"Turisme\"],\"articleSection\":[\"Lokalt\"],\"inLanguage\":\"da-DK\"},{\"@type\":\"WebPage\",\"@id\":\"https:\/\/kunmedierne.dk\/mors\/grethe-breum-vil-hjem-til-mors-og-hun-tager-store-planer-med-sig\/\",\"url\":\"https:\/\/kunmedierne.dk\/mors\/grethe-breum-vil-hjem-til-mors-og-hun-tager-store-planer-med-sig\/\",\"name\":\"Grethe Breum vil hjem til Mors - og hun tager store planer med sig - Mors\",\"isPartOf\":{\"@id\":\"https:\/\/kunmedierne.dk\/mors\/#website\"},\"primaryImageOfPage\":{\"@id\":\"https:\/\/kunmedierne.dk\/mors\/grethe-breum-vil-hjem-til-mors-og-hun-tager-store-planer-med-sig\/#primaryimage\"},\"image\":{\"@id\":\"https:\/\/kunmedierne.dk\/mors\/grethe-breum-vil-hjem-til-mors-og-hun-tager-store-planer-med-sig\/#primaryimage\"},\"thumbnailUrl\":\"https:\/\/kunmedierne.dk\/mors\/wp-content\/uploads\/2023\/05\/grethe-breum.jpg\",\"datePublished\":\"2023-05-28T11:36:04+00:00\",\"dateModified\":\"2024-08-12T11:18:05+00:00\",\"breadcrumb\":{\"@id\":\"https:\/\/kunmedierne.dk\/mors\/grethe-breum-vil-hjem-til-mors-og-hun-tager-store-planer-med-sig\/#breadcrumb\"},\"inLanguage\":\"da-DK\",\"potentialAction\":[{\"@type\":\"ReadAction\",\"target\":[\"https:\/\/kunmedierne.dk\/mors\/grethe-breum-vil-hjem-til-mors-og-hun-tager-store-planer-med-sig\/\"]}]},{\"@type\":\"ImageObject\",\"inLanguage\":\"da-DK\",\"@id\":\"https:\/\/kunmedierne.dk\/mors\/grethe-breum-vil-hjem-til-mors-og-hun-tager-store-planer-med-sig\/#primaryimage\",\"url\":\"https:\/\/kunmedierne.dk\/mors\/wp-content\/uploads\/2023\/05\/grethe-breum.jpg\",\"contentUrl\":\"https:\/\/kunmedierne.dk\/mors\/wp-content\/uploads\/2023\/05\/grethe-breum.jpg\",\"width\":770,\"height\":513,\"caption\":\"Grethe Breum er klar til at s\u00e6lge Hesthave og rykke hjem til Mors.\"},{\"@type\":\"BreadcrumbList\",\"@id\":\"https:\/\/kunmedierne.dk\/mors\/grethe-breum-vil-hjem-til-mors-og-hun-tager-store-planer-med-sig\/#breadcrumb\",\"itemListElement\":[{\"@type\":\"ListItem\",\"position\":1,\"name\":\"Hjem\",\"item\":\"https:\/\/kunmedierne.dk\/mors\/\"},{\"@type\":\"ListItem\",\"position\":2,\"name\":\"Grethe Breum vil hjem til Mors &#8211; og hun tager store planer med sig\"}]},{\"@type\":\"WebSite\",\"@id\":\"https:\/\/kunmedierne.dk\/mors\/#website\",\"url\":\"https:\/\/kunmedierne.dk\/mors\/\",\"name\":\"Mors\",\"description\":\"et netmedie med journalistik om livet p\u00e5 Mors\",\"publisher\":{\"@id\":\"https:\/\/kunmedierne.dk\/mors\/#organization\"},\"potentialAction\":[{\"@type\":\"SearchAction\",\"target\":{\"@type\":\"EntryPoint\",\"urlTemplate\":\"https:\/\/kunmedierne.dk\/mors\/?s={search_term_string}\"},\"query-input\":{\"@type\":\"PropertyValueSpecification\",\"valueRequired\":true,\"valueName\":\"search_term_string\"}}],\"inLanguage\":\"da-DK\"},{\"@type\":\"Organization\",\"@id\":\"https:\/\/kunmedierne.dk\/mors\/#organization\",\"name\":\"Mors\",\"url\":\"https:\/\/kunmedierne.dk\/mors\/\",\"logo\":{\"@type\":\"ImageObject\",\"inLanguage\":\"da-DK\",\"@id\":\"https:\/\/kunmedierne.dk\/mors\/#\/schema\/logo\/image\/\",\"url\":\"https:\/\/kunmedierne.dk\/mors\/wp-content\/uploads\/2024\/08\/kunmors-logo.svg\",\"contentUrl\":\"https:\/\/kunmedierne.dk\/mors\/wp-content\/uploads\/2024\/08\/kunmors-logo.svg\",\"caption\":\"Mors\"},\"image\":{\"@id\":\"https:\/\/kunmedierne.dk\/mors\/#\/schema\/logo\/image\/\"}},{\"@type\":\"Person\",\"@id\":\"https:\/\/kunmedierne.dk\/mors\/#\/schema\/person\/5fe23251bf1d0abbcdc6f7896579d548\",\"name\":\"David H\u00f8jmark\",\"image\":{\"@type\":\"ImageObject\",\"inLanguage\":\"da-DK\",\"@id\":\"https:\/\/kunmedierne.dk\/mors\/#\/schema\/person\/image\/\",\"url\":\"https:\/\/secure.gravatar.com\/avatar\/4315d6fb9ef244d729989f5f90268eb08d5bf8a3d84402f595fa194bb35784fd?s=96&d=mm&r=g\",\"contentUrl\":\"https:\/\/secure.gravatar.com\/avatar\/4315d6fb9ef244d729989f5f90268eb08d5bf8a3d84402f595fa194bb35784fd?s=96&d=mm&r=g\",\"caption\":\"David H\u00f8jmark\"},\"sameAs\":[\"https:\/\/www.kunmedierne.dk\"],\"url\":\"https:\/\/kunmedierne.dk\/mors\/author\/david\/\"}]}<\/script>\n<!-- \/ Yoast SEO plugin. -->","yoast_head_json":{"title":"Grethe Breum vil hjem til Mors - og hun tager store planer med sig - Mors","robots":{"index":"index","follow":"follow","max-snippet":"max-snippet:-1","max-image-preview":"max-image-preview:large","max-video-preview":"max-video-preview:-1"},"canonical":"https:\/\/kunmedierne.dk\/mors\/grethe-breum-vil-hjem-til-mors-og-hun-tager-store-planer-med-sig\/","og_locale":"da_DK","og_type":"article","og_title":"Grethe Breum vil hjem til Mors - og hun tager store planer med sig - Mors","og_description":"SALLING\/MORS: Idylliske omgivelser. Mond\u00e6ne rammer. Og luksuri\u00f8se forhold. Siden den var igennem en omfattende og n\u00e6nsom renovering, har den snart 300 \u00e5r gamle herreg\u00e5rd Hesthave ved Krejbjerg p\u00e5 Salling pr\u00e6senteret sig selv som skabt til slotsferier. Men snart er det forbi. I hvert fald for den nuv\u00e6rende indehaver. For Grethe Breum, der overtog Hesthave i [&hellip;]","og_url":"https:\/\/kunmedierne.dk\/mors\/grethe-breum-vil-hjem-til-mors-og-hun-tager-store-planer-med-sig\/","og_site_name":"Mors","article_published_time":"2023-05-28T11:36:04+00:00","article_modified_time":"2024-08-12T11:18:05+00:00","og_image":[{"width":770,"height":513,"url":"https:\/\/kunmedierne.dk\/mors\/wp-content\/uploads\/2023\/05\/grethe-breum.jpg","type":"image\/jpeg"}],"author":"David H\u00f8jmark","twitter_card":"summary_large_image","twitter_misc":{"Skrevet af":"David H\u00f8jmark","Estimeret l\u00e6setid":"5 minutter"},"schema":{"@context":"https:\/\/schema.org","@graph":[{"@type":"Article","@id":"https:\/\/kunmedierne.dk\/mors\/grethe-breum-vil-hjem-til-mors-og-hun-tager-store-planer-med-sig\/#article","isPartOf":{"@id":"https:\/\/kunmedierne.dk\/mors\/grethe-breum-vil-hjem-til-mors-og-hun-tager-store-planer-med-sig\/"},"author":{"name":"David H\u00f8jmark","@id":"https:\/\/kunmedierne.dk\/mors\/#\/schema\/person\/5fe23251bf1d0abbcdc6f7896579d548"},"headline":"Grethe Breum vil hjem til Mors &#8211; og hun tager store planer med sig","datePublished":"2023-05-28T11:36:04+00:00","dateModified":"2024-08-12T11:18:05+00:00","mainEntityOfPage":{"@id":"https:\/\/kunmedierne.dk\/mors\/grethe-breum-vil-hjem-til-mors-og-hun-tager-store-planer-med-sig\/"},"wordCount":778,"publisher":{"@id":"https:\/\/kunmedierne.dk\/mors\/#organization"},"image":{"@id":"https:\/\/kunmedierne.dk\/mors\/grethe-breum-vil-hjem-til-mors-og-hun-tager-store-planer-med-sig\/#primaryimage"},"thumbnailUrl":"https:\/\/kunmedierne.dk\/mors\/wp-content\/uploads\/2023\/05\/grethe-breum.jpg","keywords":["Erhverv","Turisme"],"articleSection":["Lokalt"],"inLanguage":"da-DK"},{"@type":"WebPage","@id":"https:\/\/kunmedierne.dk\/mors\/grethe-breum-vil-hjem-til-mors-og-hun-tager-store-planer-med-sig\/","url":"https:\/\/kunmedierne.dk\/mors\/grethe-breum-vil-hjem-til-mors-og-hun-tager-store-planer-med-sig\/","name":"Grethe Breum vil hjem til Mors - og hun tager store planer med sig - Mors","isPartOf":{"@id":"https:\/\/kunmedierne.dk\/mors\/#website"},"primaryImageOfPage":{"@id":"https:\/\/kunmedierne.dk\/mors\/grethe-breum-vil-hjem-til-mors-og-hun-tager-store-planer-med-sig\/#primaryimage"},"image":{"@id":"https:\/\/kunmedierne.dk\/mors\/grethe-breum-vil-hjem-til-mors-og-hun-tager-store-planer-med-sig\/#primaryimage"},"thumbnailUrl":"https:\/\/kunmedierne.dk\/mors\/wp-content\/uploads\/2023\/05\/grethe-breum.jpg","datePublished":"2023-05-28T11:36:04+00:00","dateModified":"2024-08-12T11:18:05+00:00","breadcrumb":{"@id":"https:\/\/kunmedierne.dk\/mors\/grethe-breum-vil-hjem-til-mors-og-hun-tager-store-planer-med-sig\/#breadcrumb"},"inLanguage":"da-DK","potentialAction":[{"@type":"ReadAction","target":["https:\/\/kunmedierne.dk\/mors\/grethe-breum-vil-hjem-til-mors-og-hun-tager-store-planer-med-sig\/"]}]},{"@type":"ImageObject","inLanguage":"da-DK","@id":"https:\/\/kunmedierne.dk\/mors\/grethe-breum-vil-hjem-til-mors-og-hun-tager-store-planer-med-sig\/#primaryimage","url":"https:\/\/kunmedierne.dk\/mors\/wp-content\/uploads\/2023\/05\/grethe-breum.jpg","contentUrl":"https:\/\/kunmedierne.dk\/mors\/wp-content\/uploads\/2023\/05\/grethe-breum.jpg","width":770,"height":513,"caption":"Grethe Breum er klar til at s\u00e6lge Hesthave og rykke hjem til Mors."},{"@type":"BreadcrumbList","@id":"https:\/\/kunmedierne.dk\/mors\/grethe-breum-vil-hjem-til-mors-og-hun-tager-store-planer-med-sig\/#breadcrumb","itemListElement":[{"@type":"ListItem","position":1,"name":"Hjem","item":"https:\/\/kunmedierne.dk\/mors\/"},{"@type":"ListItem","position":2,"name":"Grethe Breum vil hjem til Mors &#8211; og hun tager store planer med sig"}]},{"@type":"WebSite","@id":"https:\/\/kunmedierne.dk\/mors\/#website","url":"https:\/\/kunmedierne.dk\/mors\/","name":"Mors","description":"et netmedie med journalistik om livet p\u00e5 Mors","publisher":{"@id":"https:\/\/kunmedierne.dk\/mors\/#organization"},"potentialAction":[{"@type":"SearchAction","target":{"@type":"EntryPoint","urlTemplate":"https:\/\/kunmedierne.dk\/mors\/?s={search_term_string}"},"query-input":{"@type":"PropertyValueSpecification","valueRequired":true,"valueName":"search_term_string"}}],"inLanguage":"da-DK"},{"@type":"Organization","@id":"https:\/\/kunmedierne.dk\/mors\/#organization","name":"Mors","url":"https:\/\/kunmedierne.dk\/mors\/","logo":{"@type":"ImageObject","inLanguage":"da-DK","@id":"https:\/\/kunmedierne.dk\/mors\/#\/schema\/logo\/image\/","url":"https:\/\/kunmedierne.dk\/mors\/wp-content\/uploads\/2024\/08\/kunmors-logo.svg","contentUrl":"https:\/\/kunmedierne.dk\/mors\/wp-content\/uploads\/2024\/08\/kunmors-logo.svg","caption":"Mors"},"image":{"@id":"https:\/\/kunmedierne.dk\/mors\/#\/schema\/logo\/image\/"}},{"@type":"Person","@id":"https:\/\/kunmedierne.dk\/mors\/#\/schema\/person\/5fe23251bf1d0abbcdc6f7896579d548","name":"David H\u00f8jmark","image":{"@type":"ImageObject","inLanguage":"da-DK","@id":"https:\/\/kunmedierne.dk\/mors\/#\/schema\/person\/image\/","url":"https:\/\/secure.gravatar.com\/avatar\/4315d6fb9ef244d729989f5f90268eb08d5bf8a3d84402f595fa194bb35784fd?s=96&d=mm&r=g","contentUrl":"https:\/\/secure.gravatar.com\/avatar\/4315d6fb9ef244d729989f5f90268eb08d5bf8a3d84402f595fa194bb35784fd?s=96&d=mm&r=g","caption":"David H\u00f8jmark"},"sameAs":["https:\/\/www.kunmedierne.dk"],"url":"https:\/\/kunmedierne.dk\/mors\/author\/david\/"}]}},"_links":{"self":[{"href":"https:\/\/kunmedierne.dk\/mors\/wp-json\/wp\/v2\/posts\/95706","targetHints":{"allow":["GET"]}}],"collection":[{"href":"https:\/\/kunmedierne.dk\/mors\/wp-json\/wp\/v2\/posts"}],"about":[{"href":"https:\/\/kunmedierne.dk\/mors\/wp-json\/wp\/v2\/types\/post"}],"author":[{"embeddable":true,"href":"https:\/\/kunmedierne.dk\/mors\/wp-json\/wp\/v2\/users\/8"}],"replies":[{"embeddable":true,"href":"https:\/\/kunmedierne.dk\/mors\/wp-json\/wp\/v2\/comments?post=95706"}],"version-history":[{"count":4,"href":"https:\/\/kunmedierne.dk\/mors\/wp-json\/wp\/v2\/posts\/95706\/revisions"}],"predecessor-version":[{"id":95715,"href":"https:\/\/kunmedierne.dk\/mors\/wp-json\/wp\/v2\/posts\/95706\/revisions\/95715"}],"wp:featuredmedia":[{"embeddable":true,"href":"https:\/\/kunmedierne.dk\/mors\/wp-json\/wp\/v2\/media\/95708"}],"wp:attachment":[{"href":"https:\/\/kunmedierne.dk\/mors\/wp-json\/wp\/v2\/media?parent=95706"}],"wp:term":[{"taxonomy":"category","embeddable":true,"href":"https:\/\/kunmedierne.dk\/mors\/wp-json\/wp\/v2\/categories?post=95706"},{"taxonomy":"post_tag","embeddable":true,"href":"https:\/\/kunmedierne.dk\/mors\/wp-json\/wp\/v2\/tags?post=95706"}],"curies":[{"name":"wp","href":"https:\/\/api.w.org\/{rel}","templated":true}]}}