{"id":95507,"date":"2023-05-24T18:50:35","date_gmt":"2023-05-24T16:50:35","guid":{"rendered":"https:\/\/kunmedierne.dk\/mors\/?p=95507"},"modified":"2024-08-12T13:18:06","modified_gmt":"2024-08-12T11:18:06","slug":"to-aar-efter-frygtelig-skade-det-var-et-af-de-helt-store-maal","status":"publish","type":"post","link":"https:\/\/kunmedierne.dk\/mors\/to-aar-efter-frygtelig-skade-det-var-et-af-de-helt-store-maal\/","title":{"rendered":"To \u00e5r efter frygtelig skade: &#8211; Det var et af de helt store m\u00e5l"},"content":{"rendered":"<p><b>NYK\u00d8BING:\u00a0<\/b>To spillere fra Mors-Thys ligatrup skal k\u00e6mpe om VM for U21-landshold, men is\u00e6r for den ene af dem er der tale om en karrierem\u00e6ssig milep\u00e6l.<\/p>\n<p>For to \u00e5r efter, at Mads Svane Knudsen blev ramt af en meget alvorlig kn\u00e6skade under U19-EM i Kroaten, kan den nu 21-\u00e5rige morsingbo gl\u00e6de sig over, at vejen tilbage er definitivt gennemf\u00f8rt. I dag blev han nemlig udtaget til sommerens VM-trup.<\/p>\n<p>&#8211; Det er jeg rigtig, rigtig glad for. Det var et af de helt store m\u00e5l, jeg satte, da jeg blev skadet. Jeg skulle under alle omst\u00e6ndigheder n\u00e5 at komme med til det her VM, s\u00e5 det har v\u00e6ret et k\u00e6mpestort m\u00e5l for mig &#8211; og det er virkelig dejligt, siger han.<\/p>\n<a class=\"dvrt-link\" onClick=\"cdmtrack_click(104778,jQuery(this));return false\" href=\"https:\/\/vester-begr.dk\/?gclid=CjwKCAjw5Kv7BRBSEiwAXGDElQB6WMfm9CgYVrruty-I1gaOkTkC3mlA4QRDtYNsxYgVC8sNzAJ7WhoCmBsQAvD_BwE\"><img decoding=\"async\" style=\"width:100%;\" src=\"https:\/\/kunmedierne.dk\/mors\/wp-content\/uploads\/2023\/10\/260203VesterHoukaer-02022026.jpg\"><\/a><script>cdmtrack_view(104778);<\/script>\n<p>Det var under en kamp mod v\u00e6rtsnationen Kroatien, at Mads Svane Knudsen under U19-EM i august 2021 kom galt afsted. Forinden havde han haft en stor turnering &#8211; blandt andet med en fremragende kamp imod Tyskland. Men p\u00e5 et \u00f8jeblik var b\u00e5de kn\u00e6et, turneringen og hele den f\u00f8lgende s\u00e6son revet i stykker for den unge playmaker.<\/p>\n<p>Herefter fulgte operation, langvarig genoptr\u00e6ning og h\u00e5rdt slidt frem imod det comeback, der kom i oktober 2022. Det var med personlig succes under et nederlag for Mors-Thy i Lemvig, og siden har Mads Svane Knudsen taget s\u00e5 store skridt fremad, at udtagelsen til VM for U21-landshold ikke kommer som nogen overraskelse.<\/p>\n<p>&#8211; Man er jo altid lidt i tvivl, men efter de sidste par samlinger har jeg haft en okay indikation af, at det var mig, de ville g\u00e5 med som playmaker. S\u00e5 mavefornemmelsen har v\u00e6ret okay, siger han.<\/p>\n<a class=\"dvrt-link\" onClick=\"cdmtrack_click(104785,jQuery(this));return false\" href=\"https:\/\/www.facebook.com\/lyndrups\"><img decoding=\"async\" style=\"width:100%;\" src=\"https:\/\/kunmedierne.dk\/mors\/wp-content\/uploads\/2022\/02\/vip-lyndrups-rengoering.jpg\"><\/a><script>cdmtrack_view(104785);<\/script>\n<p>Det g\u00e6lder ogs\u00e5 i forhold til skaden. N\u00e5r man har v\u00e6ret udenfor med en langvarig skade, er der ogs\u00e5 et mentalt efterspil i forhold til at stole p\u00e5 sin egen fysik. Men den fase melder Mads Svane Knudsen ogs\u00e5 for overst\u00e5et.<\/p>\n<p>&#8211; Der er ingenting med kn\u00e6et overhovedet. Jeg giver den bare gas, og det ligger ikke baghovedet mere. Det gjorde det i starten, men ikke l\u00e6ngere, siger han.<\/p>\n<p>&nbsp;<\/p>\n<p><b>Skal jagte et resultat\u00a0<\/b><\/p>\n<p>Mors-Thy bliver repr\u00e6senteret med to spillere i VM-truppen, for ogs\u00e5 Magnus Norlyk er udtaget til holdet, der i Athen skal m\u00f8de Norge, Argentina og Ungarn i indledende runde.<\/p>\n<p>Det er med samme landstr\u00e6ner, Arn\u00f3r Atlason, der var landstr\u00e6ner for U19-landsholdet i Kroatien for to \u00e5r siden. En god portion af spillerne er ogs\u00e5 de samme, som Mads Svane Knudsen dengang m\u00e5tte sige farvel til i utide.<\/p>\n<p>&#8211; Det bliver specielt, det er der ingen tvivl om, siger han, men udtrykker sig optimistisk i forhold til b\u00e5de egne og holdets pr\u00e6station.<\/p>\n<a class=\"dvrt-link\" onClick=\"cdmtrack_click(104787,jQuery(this));return false\" href=\"https:\/\/www.jyskebank.dk\/kontakt\/afdelingsinfo?departmentid=11890\"><img decoding=\"async\" style=\"width:100%;\" src=\"https:\/\/kunmedierne.dk\/mors\/wp-content\/uploads\/2023\/10\/260325JyskeBankMorsNy-1.jpg\"><\/a><script>cdmtrack_view(104787);<\/script>\n<p>&#8211; Jeg har fundet ind i en god rytme i de sidste kampe i grundspillet og i nedspillet, hvor jeg har fundet noget, der virker. S\u00e5 det h\u00e5ber jeg, at jeg kan tage med ind p\u00e5 landsholdet &#8211; og forh\u00e5bentlig kan vi levere et godt resultat, siger han og vurderer, at Danmark har gode muligheder for at n\u00e5 langt.<\/p>\n<p>&#8211; Vi har et godt hold, s\u00e5 vi skal helt sikkert ud og jagte et resultat &#8211; det er der ingen tvivl om.<\/p>\n<p>Danmark spiller f\u00f8rste VM-kamp 20. juni, og ugen f\u00f8r g\u00e6lder det tr\u00e6ningsturneringen Scandinavian Open Championship p\u00e5 dansk grund, hvor modstanderne er Norge, Sverige og Portugal.<\/p>\n<p>Allerede 9. juni m\u00f8des truppen til en tre dage lang tr\u00e6ningslejr, som ogs\u00e5 har deltagelse af Mors-Thys Victor Norlyk.<\/p>\n<h5>L\u00c6S OGS\u00c5:<\/h5>\n<h5>15\/8-2021: <a href=\"https:\/\/kunmedierne.dk\/mors\/mads-svane-knudsen-kampens-spiller-i-em-drama-mod-tyskland\/\">Mads Svane Knudsen kampens spiller i EM-drama mod Tyskland<\/a><\/h5>\n<h5>18\/8-2021: <a href=\"https:\/\/kunmedierne.dk\/mors\/mads-svane-knudsen-er-ude-af-em-efter-skade-i-nederlag\/\">Mads Svane Knudsen er ude af EM efter skade i nederlag<\/a><\/h5>\n","protected":false},"excerpt":{"rendered":"<p>NYK\u00d8BING:\u00a0To spillere fra Mors-Thys ligatrup skal k\u00e6mpe om VM for U21-landshold, men is\u00e6r for den ene af dem er der tale om en karrierem\u00e6ssig milep\u00e6l. For to \u00e5r efter, at Mads Svane Knudsen blev ramt af en meget alvorlig kn\u00e6skade under U19-EM i Kroaten, kan den nu 21-\u00e5rige morsingbo gl\u00e6de sig over, at vejen tilbage [&hellip;]<\/p>\n","protected":false},"author":8,"featured_media":82353,"comment_status":"closed","ping_status":"open","sticky":false,"template":"","format":"standard","meta":{"_acf_changed":false,"footnotes":""},"categories":[53],"tags":[],"class_list":["post-95507","post","type-post","status-publish","format-standard","has-post-thumbnail","hentry","category-sport"],"acf":[],"yoast_head":"<!-- This site is optimized with the Yoast SEO plugin v26.8 - https:\/\/yoast.com\/product\/yoast-seo-wordpress\/ -->\n<title>To \u00e5r efter frygtelig skade: - Det var et af de helt store m\u00e5l - Mors<\/title>\n<meta name=\"robots\" content=\"index, follow, max-snippet:-1, max-image-preview:large, max-video-preview:-1\" \/>\n<link rel=\"canonical\" href=\"https:\/\/kunmedierne.dk\/mors\/to-aar-efter-frygtelig-skade-det-var-et-af-de-helt-store-maal\/\" \/>\n<meta property=\"og:locale\" content=\"da_DK\" \/>\n<meta property=\"og:type\" content=\"article\" \/>\n<meta property=\"og:title\" content=\"To \u00e5r efter frygtelig skade: - Det var et af de helt store m\u00e5l - Mors\" \/>\n<meta property=\"og:description\" content=\"NYK\u00d8BING:\u00a0To spillere fra Mors-Thys ligatrup skal k\u00e6mpe om VM for U21-landshold, men is\u00e6r for den ene af dem er der tale om en karrierem\u00e6ssig milep\u00e6l. For to \u00e5r efter, at Mads Svane Knudsen blev ramt af en meget alvorlig kn\u00e6skade under U19-EM i Kroaten, kan den nu 21-\u00e5rige morsingbo gl\u00e6de sig over, at vejen tilbage [&hellip;]\" \/>\n<meta property=\"og:url\" content=\"https:\/\/kunmedierne.dk\/mors\/to-aar-efter-frygtelig-skade-det-var-et-af-de-helt-store-maal\/\" \/>\n<meta property=\"og:site_name\" content=\"Mors\" \/>\n<meta property=\"article:published_time\" content=\"2023-05-24T16:50:35+00:00\" \/>\n<meta property=\"article:modified_time\" content=\"2024-08-12T11:18:06+00:00\" \/>\n<meta property=\"og:image\" content=\"https:\/\/kunmedierne.dk\/mors\/wp-content\/uploads\/2022\/11\/svane.jpg\" \/>\n\t<meta property=\"og:image:width\" content=\"770\" \/>\n\t<meta property=\"og:image:height\" content=\"513\" \/>\n\t<meta property=\"og:image:type\" content=\"image\/jpeg\" \/>\n<meta name=\"author\" content=\"David H\u00f8jmark\" \/>\n<meta name=\"twitter:card\" content=\"summary_large_image\" \/>\n<meta name=\"twitter:label1\" content=\"Skrevet af\" \/>\n\t<meta name=\"twitter:data1\" content=\"David H\u00f8jmark\" \/>\n\t<meta name=\"twitter:label2\" content=\"Estimeret l\u00e6setid\" \/>\n\t<meta name=\"twitter:data2\" content=\"4 minutter\" \/>\n<script type=\"application\/ld+json\" class=\"yoast-schema-graph\">{\"@context\":\"https:\/\/schema.org\",\"@graph\":[{\"@type\":\"Article\",\"@id\":\"https:\/\/kunmedierne.dk\/mors\/to-aar-efter-frygtelig-skade-det-var-et-af-de-helt-store-maal\/#article\",\"isPartOf\":{\"@id\":\"https:\/\/kunmedierne.dk\/mors\/to-aar-efter-frygtelig-skade-det-var-et-af-de-helt-store-maal\/\"},\"author\":{\"name\":\"David H\u00f8jmark\",\"@id\":\"https:\/\/kunmedierne.dk\/mors\/#\/schema\/person\/5fe23251bf1d0abbcdc6f7896579d548\"},\"headline\":\"To \u00e5r efter frygtelig skade: &#8211; Det var et af de helt store m\u00e5l\",\"datePublished\":\"2023-05-24T16:50:35+00:00\",\"dateModified\":\"2024-08-12T11:18:06+00:00\",\"mainEntityOfPage\":{\"@id\":\"https:\/\/kunmedierne.dk\/mors\/to-aar-efter-frygtelig-skade-det-var-et-af-de-helt-store-maal\/\"},\"wordCount\":646,\"publisher\":{\"@id\":\"https:\/\/kunmedierne.dk\/mors\/#organization\"},\"image\":{\"@id\":\"https:\/\/kunmedierne.dk\/mors\/to-aar-efter-frygtelig-skade-det-var-et-af-de-helt-store-maal\/#primaryimage\"},\"thumbnailUrl\":\"https:\/\/kunmedierne.dk\/mors\/wp-content\/uploads\/2022\/11\/svane.jpg\",\"articleSection\":[\"Sport\"],\"inLanguage\":\"da-DK\"},{\"@type\":\"WebPage\",\"@id\":\"https:\/\/kunmedierne.dk\/mors\/to-aar-efter-frygtelig-skade-det-var-et-af-de-helt-store-maal\/\",\"url\":\"https:\/\/kunmedierne.dk\/mors\/to-aar-efter-frygtelig-skade-det-var-et-af-de-helt-store-maal\/\",\"name\":\"To \u00e5r efter frygtelig skade: - Det var et af de helt store m\u00e5l - Mors\",\"isPartOf\":{\"@id\":\"https:\/\/kunmedierne.dk\/mors\/#website\"},\"primaryImageOfPage\":{\"@id\":\"https:\/\/kunmedierne.dk\/mors\/to-aar-efter-frygtelig-skade-det-var-et-af-de-helt-store-maal\/#primaryimage\"},\"image\":{\"@id\":\"https:\/\/kunmedierne.dk\/mors\/to-aar-efter-frygtelig-skade-det-var-et-af-de-helt-store-maal\/#primaryimage\"},\"thumbnailUrl\":\"https:\/\/kunmedierne.dk\/mors\/wp-content\/uploads\/2022\/11\/svane.jpg\",\"datePublished\":\"2023-05-24T16:50:35+00:00\",\"dateModified\":\"2024-08-12T11:18:06+00:00\",\"breadcrumb\":{\"@id\":\"https:\/\/kunmedierne.dk\/mors\/to-aar-efter-frygtelig-skade-det-var-et-af-de-helt-store-maal\/#breadcrumb\"},\"inLanguage\":\"da-DK\",\"potentialAction\":[{\"@type\":\"ReadAction\",\"target\":[\"https:\/\/kunmedierne.dk\/mors\/to-aar-efter-frygtelig-skade-det-var-et-af-de-helt-store-maal\/\"]}]},{\"@type\":\"ImageObject\",\"inLanguage\":\"da-DK\",\"@id\":\"https:\/\/kunmedierne.dk\/mors\/to-aar-efter-frygtelig-skade-det-var-et-af-de-helt-store-maal\/#primaryimage\",\"url\":\"https:\/\/kunmedierne.dk\/mors\/wp-content\/uploads\/2022\/11\/svane.jpg\",\"contentUrl\":\"https:\/\/kunmedierne.dk\/mors\/wp-content\/uploads\/2022\/11\/svane.jpg\",\"width\":770,\"height\":513,\"caption\":\"Mads Svane Knudsen, Mors-Thy. Arkivfoto: Ole Geerthsen\"},{\"@type\":\"BreadcrumbList\",\"@id\":\"https:\/\/kunmedierne.dk\/mors\/to-aar-efter-frygtelig-skade-det-var-et-af-de-helt-store-maal\/#breadcrumb\",\"itemListElement\":[{\"@type\":\"ListItem\",\"position\":1,\"name\":\"Hjem\",\"item\":\"https:\/\/kunmedierne.dk\/mors\/\"},{\"@type\":\"ListItem\",\"position\":2,\"name\":\"To \u00e5r efter frygtelig skade: &#8211; Det var et af de helt store m\u00e5l\"}]},{\"@type\":\"WebSite\",\"@id\":\"https:\/\/kunmedierne.dk\/mors\/#website\",\"url\":\"https:\/\/kunmedierne.dk\/mors\/\",\"name\":\"Mors\",\"description\":\"et netmedie med journalistik om livet p\u00e5 Mors\",\"publisher\":{\"@id\":\"https:\/\/kunmedierne.dk\/mors\/#organization\"},\"potentialAction\":[{\"@type\":\"SearchAction\",\"target\":{\"@type\":\"EntryPoint\",\"urlTemplate\":\"https:\/\/kunmedierne.dk\/mors\/?s={search_term_string}\"},\"query-input\":{\"@type\":\"PropertyValueSpecification\",\"valueRequired\":true,\"valueName\":\"search_term_string\"}}],\"inLanguage\":\"da-DK\"},{\"@type\":\"Organization\",\"@id\":\"https:\/\/kunmedierne.dk\/mors\/#organization\",\"name\":\"Mors\",\"url\":\"https:\/\/kunmedierne.dk\/mors\/\",\"logo\":{\"@type\":\"ImageObject\",\"inLanguage\":\"da-DK\",\"@id\":\"https:\/\/kunmedierne.dk\/mors\/#\/schema\/logo\/image\/\",\"url\":\"https:\/\/kunmedierne.dk\/mors\/wp-content\/uploads\/2024\/08\/kunmors-logo.svg\",\"contentUrl\":\"https:\/\/kunmedierne.dk\/mors\/wp-content\/uploads\/2024\/08\/kunmors-logo.svg\",\"caption\":\"Mors\"},\"image\":{\"@id\":\"https:\/\/kunmedierne.dk\/mors\/#\/schema\/logo\/image\/\"}},{\"@type\":\"Person\",\"@id\":\"https:\/\/kunmedierne.dk\/mors\/#\/schema\/person\/5fe23251bf1d0abbcdc6f7896579d548\",\"name\":\"David H\u00f8jmark\",\"image\":{\"@type\":\"ImageObject\",\"inLanguage\":\"da-DK\",\"@id\":\"https:\/\/kunmedierne.dk\/mors\/#\/schema\/person\/image\/\",\"url\":\"https:\/\/secure.gravatar.com\/avatar\/4315d6fb9ef244d729989f5f90268eb08d5bf8a3d84402f595fa194bb35784fd?s=96&d=mm&r=g\",\"contentUrl\":\"https:\/\/secure.gravatar.com\/avatar\/4315d6fb9ef244d729989f5f90268eb08d5bf8a3d84402f595fa194bb35784fd?s=96&d=mm&r=g\",\"caption\":\"David H\u00f8jmark\"},\"sameAs\":[\"https:\/\/www.kunmedierne.dk\"],\"url\":\"https:\/\/kunmedierne.dk\/mors\/author\/david\/\"}]}<\/script>\n<!-- \/ Yoast SEO plugin. -->","yoast_head_json":{"title":"To \u00e5r efter frygtelig skade: - Det var et af de helt store m\u00e5l - Mors","robots":{"index":"index","follow":"follow","max-snippet":"max-snippet:-1","max-image-preview":"max-image-preview:large","max-video-preview":"max-video-preview:-1"},"canonical":"https:\/\/kunmedierne.dk\/mors\/to-aar-efter-frygtelig-skade-det-var-et-af-de-helt-store-maal\/","og_locale":"da_DK","og_type":"article","og_title":"To \u00e5r efter frygtelig skade: - Det var et af de helt store m\u00e5l - Mors","og_description":"NYK\u00d8BING:\u00a0To spillere fra Mors-Thys ligatrup skal k\u00e6mpe om VM for U21-landshold, men is\u00e6r for den ene af dem er der tale om en karrierem\u00e6ssig milep\u00e6l. For to \u00e5r efter, at Mads Svane Knudsen blev ramt af en meget alvorlig kn\u00e6skade under U19-EM i Kroaten, kan den nu 21-\u00e5rige morsingbo gl\u00e6de sig over, at vejen tilbage [&hellip;]","og_url":"https:\/\/kunmedierne.dk\/mors\/to-aar-efter-frygtelig-skade-det-var-et-af-de-helt-store-maal\/","og_site_name":"Mors","article_published_time":"2023-05-24T16:50:35+00:00","article_modified_time":"2024-08-12T11:18:06+00:00","og_image":[{"width":770,"height":513,"url":"https:\/\/kunmedierne.dk\/mors\/wp-content\/uploads\/2022\/11\/svane.jpg","type":"image\/jpeg"}],"author":"David H\u00f8jmark","twitter_card":"summary_large_image","twitter_misc":{"Skrevet af":"David H\u00f8jmark","Estimeret l\u00e6setid":"4 minutter"},"schema":{"@context":"https:\/\/schema.org","@graph":[{"@type":"Article","@id":"https:\/\/kunmedierne.dk\/mors\/to-aar-efter-frygtelig-skade-det-var-et-af-de-helt-store-maal\/#article","isPartOf":{"@id":"https:\/\/kunmedierne.dk\/mors\/to-aar-efter-frygtelig-skade-det-var-et-af-de-helt-store-maal\/"},"author":{"name":"David H\u00f8jmark","@id":"https:\/\/kunmedierne.dk\/mors\/#\/schema\/person\/5fe23251bf1d0abbcdc6f7896579d548"},"headline":"To \u00e5r efter frygtelig skade: &#8211; Det var et af de helt store m\u00e5l","datePublished":"2023-05-24T16:50:35+00:00","dateModified":"2024-08-12T11:18:06+00:00","mainEntityOfPage":{"@id":"https:\/\/kunmedierne.dk\/mors\/to-aar-efter-frygtelig-skade-det-var-et-af-de-helt-store-maal\/"},"wordCount":646,"publisher":{"@id":"https:\/\/kunmedierne.dk\/mors\/#organization"},"image":{"@id":"https:\/\/kunmedierne.dk\/mors\/to-aar-efter-frygtelig-skade-det-var-et-af-de-helt-store-maal\/#primaryimage"},"thumbnailUrl":"https:\/\/kunmedierne.dk\/mors\/wp-content\/uploads\/2022\/11\/svane.jpg","articleSection":["Sport"],"inLanguage":"da-DK"},{"@type":"WebPage","@id":"https:\/\/kunmedierne.dk\/mors\/to-aar-efter-frygtelig-skade-det-var-et-af-de-helt-store-maal\/","url":"https:\/\/kunmedierne.dk\/mors\/to-aar-efter-frygtelig-skade-det-var-et-af-de-helt-store-maal\/","name":"To \u00e5r efter frygtelig skade: - Det var et af de helt store m\u00e5l - Mors","isPartOf":{"@id":"https:\/\/kunmedierne.dk\/mors\/#website"},"primaryImageOfPage":{"@id":"https:\/\/kunmedierne.dk\/mors\/to-aar-efter-frygtelig-skade-det-var-et-af-de-helt-store-maal\/#primaryimage"},"image":{"@id":"https:\/\/kunmedierne.dk\/mors\/to-aar-efter-frygtelig-skade-det-var-et-af-de-helt-store-maal\/#primaryimage"},"thumbnailUrl":"https:\/\/kunmedierne.dk\/mors\/wp-content\/uploads\/2022\/11\/svane.jpg","datePublished":"2023-05-24T16:50:35+00:00","dateModified":"2024-08-12T11:18:06+00:00","breadcrumb":{"@id":"https:\/\/kunmedierne.dk\/mors\/to-aar-efter-frygtelig-skade-det-var-et-af-de-helt-store-maal\/#breadcrumb"},"inLanguage":"da-DK","potentialAction":[{"@type":"ReadAction","target":["https:\/\/kunmedierne.dk\/mors\/to-aar-efter-frygtelig-skade-det-var-et-af-de-helt-store-maal\/"]}]},{"@type":"ImageObject","inLanguage":"da-DK","@id":"https:\/\/kunmedierne.dk\/mors\/to-aar-efter-frygtelig-skade-det-var-et-af-de-helt-store-maal\/#primaryimage","url":"https:\/\/kunmedierne.dk\/mors\/wp-content\/uploads\/2022\/11\/svane.jpg","contentUrl":"https:\/\/kunmedierne.dk\/mors\/wp-content\/uploads\/2022\/11\/svane.jpg","width":770,"height":513,"caption":"Mads Svane Knudsen, Mors-Thy. Arkivfoto: Ole Geerthsen"},{"@type":"BreadcrumbList","@id":"https:\/\/kunmedierne.dk\/mors\/to-aar-efter-frygtelig-skade-det-var-et-af-de-helt-store-maal\/#breadcrumb","itemListElement":[{"@type":"ListItem","position":1,"name":"Hjem","item":"https:\/\/kunmedierne.dk\/mors\/"},{"@type":"ListItem","position":2,"name":"To \u00e5r efter frygtelig skade: &#8211; Det var et af de helt store m\u00e5l"}]},{"@type":"WebSite","@id":"https:\/\/kunmedierne.dk\/mors\/#website","url":"https:\/\/kunmedierne.dk\/mors\/","name":"Mors","description":"et netmedie med journalistik om livet p\u00e5 Mors","publisher":{"@id":"https:\/\/kunmedierne.dk\/mors\/#organization"},"potentialAction":[{"@type":"SearchAction","target":{"@type":"EntryPoint","urlTemplate":"https:\/\/kunmedierne.dk\/mors\/?s={search_term_string}"},"query-input":{"@type":"PropertyValueSpecification","valueRequired":true,"valueName":"search_term_string"}}],"inLanguage":"da-DK"},{"@type":"Organization","@id":"https:\/\/kunmedierne.dk\/mors\/#organization","name":"Mors","url":"https:\/\/kunmedierne.dk\/mors\/","logo":{"@type":"ImageObject","inLanguage":"da-DK","@id":"https:\/\/kunmedierne.dk\/mors\/#\/schema\/logo\/image\/","url":"https:\/\/kunmedierne.dk\/mors\/wp-content\/uploads\/2024\/08\/kunmors-logo.svg","contentUrl":"https:\/\/kunmedierne.dk\/mors\/wp-content\/uploads\/2024\/08\/kunmors-logo.svg","caption":"Mors"},"image":{"@id":"https:\/\/kunmedierne.dk\/mors\/#\/schema\/logo\/image\/"}},{"@type":"Person","@id":"https:\/\/kunmedierne.dk\/mors\/#\/schema\/person\/5fe23251bf1d0abbcdc6f7896579d548","name":"David H\u00f8jmark","image":{"@type":"ImageObject","inLanguage":"da-DK","@id":"https:\/\/kunmedierne.dk\/mors\/#\/schema\/person\/image\/","url":"https:\/\/secure.gravatar.com\/avatar\/4315d6fb9ef244d729989f5f90268eb08d5bf8a3d84402f595fa194bb35784fd?s=96&d=mm&r=g","contentUrl":"https:\/\/secure.gravatar.com\/avatar\/4315d6fb9ef244d729989f5f90268eb08d5bf8a3d84402f595fa194bb35784fd?s=96&d=mm&r=g","caption":"David H\u00f8jmark"},"sameAs":["https:\/\/www.kunmedierne.dk"],"url":"https:\/\/kunmedierne.dk\/mors\/author\/david\/"}]}},"_links":{"self":[{"href":"https:\/\/kunmedierne.dk\/mors\/wp-json\/wp\/v2\/posts\/95507","targetHints":{"allow":["GET"]}}],"collection":[{"href":"https:\/\/kunmedierne.dk\/mors\/wp-json\/wp\/v2\/posts"}],"about":[{"href":"https:\/\/kunmedierne.dk\/mors\/wp-json\/wp\/v2\/types\/post"}],"author":[{"embeddable":true,"href":"https:\/\/kunmedierne.dk\/mors\/wp-json\/wp\/v2\/users\/8"}],"replies":[{"embeddable":true,"href":"https:\/\/kunmedierne.dk\/mors\/wp-json\/wp\/v2\/comments?post=95507"}],"version-history":[{"count":1,"href":"https:\/\/kunmedierne.dk\/mors\/wp-json\/wp\/v2\/posts\/95507\/revisions"}],"predecessor-version":[{"id":95508,"href":"https:\/\/kunmedierne.dk\/mors\/wp-json\/wp\/v2\/posts\/95507\/revisions\/95508"}],"wp:featuredmedia":[{"embeddable":true,"href":"https:\/\/kunmedierne.dk\/mors\/wp-json\/wp\/v2\/media\/82353"}],"wp:attachment":[{"href":"https:\/\/kunmedierne.dk\/mors\/wp-json\/wp\/v2\/media?parent=95507"}],"wp:term":[{"taxonomy":"category","embeddable":true,"href":"https:\/\/kunmedierne.dk\/mors\/wp-json\/wp\/v2\/categories?post=95507"},{"taxonomy":"post_tag","embeddable":true,"href":"https:\/\/kunmedierne.dk\/mors\/wp-json\/wp\/v2\/tags?post=95507"}],"curies":[{"name":"wp","href":"https:\/\/api.w.org\/{rel}","templated":true}]}}