{"id":9541,"date":"2020-02-28T14:56:21","date_gmt":"2020-02-28T13:56:21","guid":{"rendered":"https:\/\/kunmedierne.dk\/mors\/?p=9541"},"modified":"2024-08-12T14:06:25","modified_gmt":"2024-08-12T12:06:25","slug":"myreflittig-forberedelse-til-foraarsmessen","status":"publish","type":"post","link":"https:\/\/kunmedierne.dk\/mors\/myreflittig-forberedelse-til-foraarsmessen\/","title":{"rendered":"Myreflittig forberedelse til for\u00e5rsmessen"},"content":{"rendered":"<p><strong>NYK\u00d8BING:\u00a0<\/strong>Ved f\u00f8rste \u00f8jekast ligner Sparekassen Thy Arena Mors ikke noget, der bliver klar til en af \u00e5rets helt store weekender.<\/p>\n<p>L\u00f8rdag og s\u00f8ndag er der <a href=\"https:\/\/kunmedierne.dk\/mors\/moed-kunmors-paa-foraarsmessen\/\">for\u00e5rsmesse<\/a> med fuld gang i standpladserne i begge haller og deres foyerer &#8211; men da KunMors er forbi fredag formiddag er mange af dem tomme, og det er sv\u00e6rt at se for sig, hvordan det et d\u00f8gn senere skal summe af aktivitet hos b\u00e5de virksomheder og de mange g\u00e6ster.<\/p>\n<p>Men det kommer det til, garanterer Gunnar Bruhn Simonsen. Den rutinerede eventmager har pr\u00f8vet det hele mange gange f\u00f8r, og han ryster ikke p\u00e5 h\u00e5nden under en inspektion i de to haller &#8211; heller ikke, n\u00e5r han eksempelvis finder en taxa parkeret det forkerte sted i Hal 2.<\/p>\n<p>&#8220;Fint, dem tager jeg bare lige,&#8221; lyder det omg\u00e5ende, da han bliver tilbudt n\u00f8glerne. Og lidt senere viser han sin taknemmelig til afsenderen, der f\u00e5r en historie om, hvordan Gunnar Bruhn Simonsen k\u00f8bte sin f\u00f8rste Volvo i 1969, da han kom til Skive for at v\u00e6re fodboldtr\u00e6ner.<\/p>\n<p><img loading=\"lazy\" decoding=\"async\" class=\"size-full wp-image-9542 alignright\" src=\"https:\/\/kunmedierne.dk\/mors\/wp-content\/uploads\/2020\/02\/200228-messe.jpg\" alt=\"\" width=\"500\" height=\"889\" srcset=\"https:\/\/kunmedierne.dk\/mors\/wp-content\/uploads\/2020\/02\/200228-messe.jpg 500w, https:\/\/kunmedierne.dk\/mors\/wp-content\/uploads\/2020\/02\/200228-messe-169x300.jpg 169w\" sizes=\"auto, (max-width: 500px) 100vw, 500px\" \/>Andre f\u00e5r et klap p\u00e5 skulderen og enkelte et faderligt klap p\u00e5 kinden af manden bag alt det, der de n\u00e6ste dage s\u00e6tter for\u00e5ret i centrum p\u00e5 Mors.<\/p>\n<p>&nbsp;<\/p>\n<p><strong>Styr p\u00e5 den gode fest<\/strong><\/p>\n<p>Andre byder nu ogs\u00e5 ind, og p\u00e5 en af standpladserne, hvor man er n\u00e5et langt, garanterer Elin Knappe, at alt er p\u00e5 plads, n\u00e5r d\u00f8rene \u00e5bnes for g\u00e6sterne l\u00f8rdag klokken 10.<\/p>\n<p>&#8220;Der er lang tid til i aften klokken 22,&#8221; griner hun med sikker tro p\u00e5, at de nok skal n\u00e5 det.<\/p>\n<p>De er nemlig to. Elins Butik p\u00e5 Jantevej i Nyk\u00f8bing deler stand med Elins mand, Allan Knappe, der har Nyk\u00f8bing Serviceudlejning. P\u00e5 den m\u00e5de bliver messeg\u00e6sterne i weekenden pr\u00e6senteret for muligheden for at overlade en fest i professionelle h\u00e6nder p\u00e5 flere m\u00e5der.<\/p>\n<p>Og Elin og Allan f\u00e5r i weekenden mulighed for at blive set og komme i snak med potentielle kunder.<\/p>\n<p>&#8220;Vi f\u00e5r altid godt med kontakter, n\u00e5r vi er med. S\u00e5 snakker vi om tingene og inspirerer folk til deres n\u00e6ste fest,&#8221; siger Elin Knappe.<\/p>\n<p>&nbsp;<\/p>\n<p><strong>F\u00f8rste robotpl\u00e6neklipper allerede solgt<\/strong><\/p>\n<p>L\u00e6ngere henne i samme hal er to mand i fuld gang med at s\u00e6tte et skilt op. Det skal h\u00e6nge lige og et stykke oppe, s\u00e5 Verner S\u00f8rensen, der er ansvarlig for skov og haver ved Vinderup Maskiner, m\u00e5 op p\u00e5 en stige, mens KunMors kigger p\u00e5.<\/p>\n<p>Det tager han nu med godt hum\u00f8r, hvilket heller ikke er s\u00e5 underligt. For han har lige solgt weekendens f\u00f8rste robotpl\u00e6neklipper til en kunde, der havde set ham p\u00e5 en anden messe og nu ville sikre sig en i tide.<\/p>\n<p><img loading=\"lazy\" decoding=\"async\" class=\"wp-image-9543 size-medium alignright\" src=\"https:\/\/kunmedierne.dk\/mors\/wp-content\/uploads\/2020\/02\/200228-vinderup-maskiner-300x200.jpg\" alt=\"\" width=\"300\" height=\"200\" srcset=\"https:\/\/kunmedierne.dk\/mors\/wp-content\/uploads\/2020\/02\/200228-vinderup-maskiner-300x200.jpg 300w, https:\/\/kunmedierne.dk\/mors\/wp-content\/uploads\/2020\/02\/200228-vinderup-maskiner-768x512.jpg 768w, https:\/\/kunmedierne.dk\/mors\/wp-content\/uploads\/2020\/02\/200228-vinderup-maskiner-360x240.jpg 360w, https:\/\/kunmedierne.dk\/mors\/wp-content\/uploads\/2020\/02\/200228-vinderup-maskiner-600x400.jpg 600w, https:\/\/kunmedierne.dk\/mors\/wp-content\/uploads\/2020\/02\/200228-vinderup-maskiner.jpg 770w\" sizes=\"auto, (max-width: 300px) 100vw, 300px\" \/>Der bliver nemlig rift om den, lover Verner S\u00f8rensen, som heldigvis har mange p\u00e5 lager.<\/p>\n<p>&#8220;Vi regner med at s\u00e6lge 150 i \u00e5r,&#8221; siger han om de popul\u00e6re Husqvarna-maskiner, som Verner S\u00f8rensen og hans kollegaer ikke kun s\u00e6lger til folk, men ogs\u00e5 s\u00e6tter op, s\u00e5 de stemmer pr\u00e6cist med haven p\u00e5 ejerens adresse.<\/p>\n<p>&nbsp;<\/p>\n<p><strong>Bilerne bliver pudset<\/strong><\/p>\n<p>P\u00e5 samme stand kan man f\u00e5 mange havemaskiner. Andre stande tilbyder alt fra r\u00e5dgivning og finansiering til hav- og surfkajakker. Jesperhus deltager ogs\u00e5 med b\u00e5de Hugo og Rita samt Zik, Zak og Dellekaj. Alt sammen med for\u00e5ret som tema, hvilket ogs\u00e5 er tydeligt i hallen med bilfirmaer.<\/p>\n<p>Ogs\u00e5 her skal det se godt ud, hvilket bringer pudseklude i flittig aktivitet.\u00a0P\u00e5 vej forbi en af standene er Gunnar Bruhn Simonsen derfor igen klar med en bem\u00e6rkning:<\/p>\n<p>&#8220;Du pudser godt!&#8221; griner han.<\/p>\n<p>For\u00e5rsmessen finder sted b\u00e5de l\u00f8rdag og s\u00f8ndag. KunMors er ogs\u00e5 p\u00e5 plads, og du kan m\u00f8de os i nederste niveau p\u00e5 gangen uden for arenaens nyeste hal. Her s\u00e6tter vi abonnementer p\u00e5 spil til alle, der kommer forbi &#8211; og udlover en kurv fra Prebens Vinhandel i lodtr\u00e6kning blandt dem, der mellem messens \u00e5bning l\u00f8rdag klokken 10 og lukningen s\u00f8ndag klokken 16 tegner et abonnement p\u00e5 et \u00e5r p\u00e5 \u00f8ens nye medie.<\/p>\n","protected":false},"excerpt":{"rendered":"<p>NYK\u00d8BING:\u00a0Ved f\u00f8rste \u00f8jekast ligner Sparekassen Thy Arena Mors ikke noget, der bliver klar til en af \u00e5rets helt store weekender. L\u00f8rdag og s\u00f8ndag er der for\u00e5rsmesse med fuld gang i standpladserne i begge haller og deres foyerer &#8211; men da KunMors er forbi fredag formiddag er mange af dem tomme, og det er sv\u00e6rt at [&hellip;]<\/p>\n","protected":false},"author":8,"featured_media":9544,"comment_status":"open","ping_status":"open","sticky":false,"template":"","format":"standard","meta":{"_acf_changed":false,"footnotes":""},"categories":[51],"tags":[159,160],"class_list":["post-9541","post","type-post","status-publish","format-standard","has-post-thumbnail","hentry","category-lokalt","tag-erhverv","tag-handel"],"acf":[],"yoast_head":"<!-- This site is optimized with the Yoast SEO plugin v26.8 - https:\/\/yoast.com\/product\/yoast-seo-wordpress\/ -->\n<title>Myreflittig forberedelse til for\u00e5rsmessen - Mors<\/title>\n<meta name=\"robots\" content=\"index, follow, max-snippet:-1, max-image-preview:large, max-video-preview:-1\" \/>\n<link rel=\"canonical\" href=\"https:\/\/kunmedierne.dk\/mors\/myreflittig-forberedelse-til-foraarsmessen\/\" \/>\n<meta property=\"og:locale\" content=\"da_DK\" \/>\n<meta property=\"og:type\" content=\"article\" \/>\n<meta property=\"og:title\" content=\"Myreflittig forberedelse til for\u00e5rsmessen - Mors\" \/>\n<meta property=\"og:description\" content=\"NYK\u00d8BING:\u00a0Ved f\u00f8rste \u00f8jekast ligner Sparekassen Thy Arena Mors ikke noget, der bliver klar til en af \u00e5rets helt store weekender. L\u00f8rdag og s\u00f8ndag er der for\u00e5rsmesse med fuld gang i standpladserne i begge haller og deres foyerer &#8211; men da KunMors er forbi fredag formiddag er mange af dem tomme, og det er sv\u00e6rt at [&hellip;]\" \/>\n<meta property=\"og:url\" content=\"https:\/\/kunmedierne.dk\/mors\/myreflittig-forberedelse-til-foraarsmessen\/\" \/>\n<meta property=\"og:site_name\" content=\"Mors\" \/>\n<meta property=\"article:published_time\" content=\"2020-02-28T13:56:21+00:00\" \/>\n<meta property=\"article:modified_time\" content=\"2024-08-12T12:06:25+00:00\" \/>\n<meta property=\"og:image\" content=\"https:\/\/kunmedierne.dk\/mors\/wp-content\/uploads\/2020\/02\/200228-elins-butik.jpg\" \/>\n\t<meta property=\"og:image:width\" content=\"770\" \/>\n\t<meta property=\"og:image:height\" content=\"513\" \/>\n\t<meta property=\"og:image:type\" content=\"image\/jpeg\" \/>\n<meta name=\"author\" content=\"David H\u00f8jmark\" \/>\n<meta name=\"twitter:card\" content=\"summary_large_image\" \/>\n<meta name=\"twitter:label1\" content=\"Skrevet af\" \/>\n\t<meta name=\"twitter:data1\" content=\"David H\u00f8jmark\" \/>\n\t<meta name=\"twitter:label2\" content=\"Estimeret l\u00e6setid\" \/>\n\t<meta name=\"twitter:data2\" content=\"4 minutter\" \/>\n<script type=\"application\/ld+json\" class=\"yoast-schema-graph\">{\"@context\":\"https:\/\/schema.org\",\"@graph\":[{\"@type\":\"Article\",\"@id\":\"https:\/\/kunmedierne.dk\/mors\/myreflittig-forberedelse-til-foraarsmessen\/#article\",\"isPartOf\":{\"@id\":\"https:\/\/kunmedierne.dk\/mors\/myreflittig-forberedelse-til-foraarsmessen\/\"},\"author\":{\"name\":\"David H\u00f8jmark\",\"@id\":\"https:\/\/kunmedierne.dk\/mors\/#\/schema\/person\/5fe23251bf1d0abbcdc6f7896579d548\"},\"headline\":\"Myreflittig forberedelse til for\u00e5rsmessen\",\"datePublished\":\"2020-02-28T13:56:21+00:00\",\"dateModified\":\"2024-08-12T12:06:25+00:00\",\"mainEntityOfPage\":{\"@id\":\"https:\/\/kunmedierne.dk\/mors\/myreflittig-forberedelse-til-foraarsmessen\/\"},\"wordCount\":711,\"commentCount\":0,\"publisher\":{\"@id\":\"https:\/\/kunmedierne.dk\/mors\/#organization\"},\"image\":{\"@id\":\"https:\/\/kunmedierne.dk\/mors\/myreflittig-forberedelse-til-foraarsmessen\/#primaryimage\"},\"thumbnailUrl\":\"https:\/\/kunmedierne.dk\/mors\/wp-content\/uploads\/2020\/02\/200228-elins-butik.jpg\",\"keywords\":[\"Erhverv\",\"Handel\"],\"articleSection\":[\"Lokalt\"],\"inLanguage\":\"da-DK\",\"potentialAction\":[{\"@type\":\"CommentAction\",\"name\":\"Comment\",\"target\":[\"https:\/\/kunmedierne.dk\/mors\/myreflittig-forberedelse-til-foraarsmessen\/#respond\"]}]},{\"@type\":\"WebPage\",\"@id\":\"https:\/\/kunmedierne.dk\/mors\/myreflittig-forberedelse-til-foraarsmessen\/\",\"url\":\"https:\/\/kunmedierne.dk\/mors\/myreflittig-forberedelse-til-foraarsmessen\/\",\"name\":\"Myreflittig forberedelse til for\u00e5rsmessen - Mors\",\"isPartOf\":{\"@id\":\"https:\/\/kunmedierne.dk\/mors\/#website\"},\"primaryImageOfPage\":{\"@id\":\"https:\/\/kunmedierne.dk\/mors\/myreflittig-forberedelse-til-foraarsmessen\/#primaryimage\"},\"image\":{\"@id\":\"https:\/\/kunmedierne.dk\/mors\/myreflittig-forberedelse-til-foraarsmessen\/#primaryimage\"},\"thumbnailUrl\":\"https:\/\/kunmedierne.dk\/mors\/wp-content\/uploads\/2020\/02\/200228-elins-butik.jpg\",\"datePublished\":\"2020-02-28T13:56:21+00:00\",\"dateModified\":\"2024-08-12T12:06:25+00:00\",\"breadcrumb\":{\"@id\":\"https:\/\/kunmedierne.dk\/mors\/myreflittig-forberedelse-til-foraarsmessen\/#breadcrumb\"},\"inLanguage\":\"da-DK\",\"potentialAction\":[{\"@type\":\"ReadAction\",\"target\":[\"https:\/\/kunmedierne.dk\/mors\/myreflittig-forberedelse-til-foraarsmessen\/\"]}]},{\"@type\":\"ImageObject\",\"inLanguage\":\"da-DK\",\"@id\":\"https:\/\/kunmedierne.dk\/mors\/myreflittig-forberedelse-til-foraarsmessen\/#primaryimage\",\"url\":\"https:\/\/kunmedierne.dk\/mors\/wp-content\/uploads\/2020\/02\/200228-elins-butik.jpg\",\"contentUrl\":\"https:\/\/kunmedierne.dk\/mors\/wp-content\/uploads\/2020\/02\/200228-elins-butik.jpg\",\"width\":770,\"height\":513,\"caption\":\"Elin Knappe gl\u00e6der sig til to dages kontakt med kunderne. Foto: David H\u00f8jmark.\"},{\"@type\":\"BreadcrumbList\",\"@id\":\"https:\/\/kunmedierne.dk\/mors\/myreflittig-forberedelse-til-foraarsmessen\/#breadcrumb\",\"itemListElement\":[{\"@type\":\"ListItem\",\"position\":1,\"name\":\"Hjem\",\"item\":\"https:\/\/kunmedierne.dk\/mors\/\"},{\"@type\":\"ListItem\",\"position\":2,\"name\":\"Myreflittig forberedelse til for\u00e5rsmessen\"}]},{\"@type\":\"WebSite\",\"@id\":\"https:\/\/kunmedierne.dk\/mors\/#website\",\"url\":\"https:\/\/kunmedierne.dk\/mors\/\",\"name\":\"Mors\",\"description\":\"et netmedie med journalistik om livet p\u00e5 Mors\",\"publisher\":{\"@id\":\"https:\/\/kunmedierne.dk\/mors\/#organization\"},\"potentialAction\":[{\"@type\":\"SearchAction\",\"target\":{\"@type\":\"EntryPoint\",\"urlTemplate\":\"https:\/\/kunmedierne.dk\/mors\/?s={search_term_string}\"},\"query-input\":{\"@type\":\"PropertyValueSpecification\",\"valueRequired\":true,\"valueName\":\"search_term_string\"}}],\"inLanguage\":\"da-DK\"},{\"@type\":\"Organization\",\"@id\":\"https:\/\/kunmedierne.dk\/mors\/#organization\",\"name\":\"Mors\",\"url\":\"https:\/\/kunmedierne.dk\/mors\/\",\"logo\":{\"@type\":\"ImageObject\",\"inLanguage\":\"da-DK\",\"@id\":\"https:\/\/kunmedierne.dk\/mors\/#\/schema\/logo\/image\/\",\"url\":\"https:\/\/kunmedierne.dk\/mors\/wp-content\/uploads\/2024\/08\/kunmors-logo.svg\",\"contentUrl\":\"https:\/\/kunmedierne.dk\/mors\/wp-content\/uploads\/2024\/08\/kunmors-logo.svg\",\"caption\":\"Mors\"},\"image\":{\"@id\":\"https:\/\/kunmedierne.dk\/mors\/#\/schema\/logo\/image\/\"}},{\"@type\":\"Person\",\"@id\":\"https:\/\/kunmedierne.dk\/mors\/#\/schema\/person\/5fe23251bf1d0abbcdc6f7896579d548\",\"name\":\"David H\u00f8jmark\",\"image\":{\"@type\":\"ImageObject\",\"inLanguage\":\"da-DK\",\"@id\":\"https:\/\/kunmedierne.dk\/mors\/#\/schema\/person\/image\/\",\"url\":\"https:\/\/secure.gravatar.com\/avatar\/4315d6fb9ef244d729989f5f90268eb08d5bf8a3d84402f595fa194bb35784fd?s=96&d=mm&r=g\",\"contentUrl\":\"https:\/\/secure.gravatar.com\/avatar\/4315d6fb9ef244d729989f5f90268eb08d5bf8a3d84402f595fa194bb35784fd?s=96&d=mm&r=g\",\"caption\":\"David H\u00f8jmark\"},\"sameAs\":[\"https:\/\/www.kunmedierne.dk\"],\"url\":\"https:\/\/kunmedierne.dk\/mors\/author\/david\/\"}]}<\/script>\n<!-- \/ Yoast SEO plugin. -->","yoast_head_json":{"title":"Myreflittig forberedelse til for\u00e5rsmessen - Mors","robots":{"index":"index","follow":"follow","max-snippet":"max-snippet:-1","max-image-preview":"max-image-preview:large","max-video-preview":"max-video-preview:-1"},"canonical":"https:\/\/kunmedierne.dk\/mors\/myreflittig-forberedelse-til-foraarsmessen\/","og_locale":"da_DK","og_type":"article","og_title":"Myreflittig forberedelse til for\u00e5rsmessen - Mors","og_description":"NYK\u00d8BING:\u00a0Ved f\u00f8rste \u00f8jekast ligner Sparekassen Thy Arena Mors ikke noget, der bliver klar til en af \u00e5rets helt store weekender. L\u00f8rdag og s\u00f8ndag er der for\u00e5rsmesse med fuld gang i standpladserne i begge haller og deres foyerer &#8211; men da KunMors er forbi fredag formiddag er mange af dem tomme, og det er sv\u00e6rt at [&hellip;]","og_url":"https:\/\/kunmedierne.dk\/mors\/myreflittig-forberedelse-til-foraarsmessen\/","og_site_name":"Mors","article_published_time":"2020-02-28T13:56:21+00:00","article_modified_time":"2024-08-12T12:06:25+00:00","og_image":[{"width":770,"height":513,"url":"https:\/\/kunmedierne.dk\/mors\/wp-content\/uploads\/2020\/02\/200228-elins-butik.jpg","type":"image\/jpeg"}],"author":"David H\u00f8jmark","twitter_card":"summary_large_image","twitter_misc":{"Skrevet af":"David H\u00f8jmark","Estimeret l\u00e6setid":"4 minutter"},"schema":{"@context":"https:\/\/schema.org","@graph":[{"@type":"Article","@id":"https:\/\/kunmedierne.dk\/mors\/myreflittig-forberedelse-til-foraarsmessen\/#article","isPartOf":{"@id":"https:\/\/kunmedierne.dk\/mors\/myreflittig-forberedelse-til-foraarsmessen\/"},"author":{"name":"David H\u00f8jmark","@id":"https:\/\/kunmedierne.dk\/mors\/#\/schema\/person\/5fe23251bf1d0abbcdc6f7896579d548"},"headline":"Myreflittig forberedelse til for\u00e5rsmessen","datePublished":"2020-02-28T13:56:21+00:00","dateModified":"2024-08-12T12:06:25+00:00","mainEntityOfPage":{"@id":"https:\/\/kunmedierne.dk\/mors\/myreflittig-forberedelse-til-foraarsmessen\/"},"wordCount":711,"commentCount":0,"publisher":{"@id":"https:\/\/kunmedierne.dk\/mors\/#organization"},"image":{"@id":"https:\/\/kunmedierne.dk\/mors\/myreflittig-forberedelse-til-foraarsmessen\/#primaryimage"},"thumbnailUrl":"https:\/\/kunmedierne.dk\/mors\/wp-content\/uploads\/2020\/02\/200228-elins-butik.jpg","keywords":["Erhverv","Handel"],"articleSection":["Lokalt"],"inLanguage":"da-DK","potentialAction":[{"@type":"CommentAction","name":"Comment","target":["https:\/\/kunmedierne.dk\/mors\/myreflittig-forberedelse-til-foraarsmessen\/#respond"]}]},{"@type":"WebPage","@id":"https:\/\/kunmedierne.dk\/mors\/myreflittig-forberedelse-til-foraarsmessen\/","url":"https:\/\/kunmedierne.dk\/mors\/myreflittig-forberedelse-til-foraarsmessen\/","name":"Myreflittig forberedelse til for\u00e5rsmessen - Mors","isPartOf":{"@id":"https:\/\/kunmedierne.dk\/mors\/#website"},"primaryImageOfPage":{"@id":"https:\/\/kunmedierne.dk\/mors\/myreflittig-forberedelse-til-foraarsmessen\/#primaryimage"},"image":{"@id":"https:\/\/kunmedierne.dk\/mors\/myreflittig-forberedelse-til-foraarsmessen\/#primaryimage"},"thumbnailUrl":"https:\/\/kunmedierne.dk\/mors\/wp-content\/uploads\/2020\/02\/200228-elins-butik.jpg","datePublished":"2020-02-28T13:56:21+00:00","dateModified":"2024-08-12T12:06:25+00:00","breadcrumb":{"@id":"https:\/\/kunmedierne.dk\/mors\/myreflittig-forberedelse-til-foraarsmessen\/#breadcrumb"},"inLanguage":"da-DK","potentialAction":[{"@type":"ReadAction","target":["https:\/\/kunmedierne.dk\/mors\/myreflittig-forberedelse-til-foraarsmessen\/"]}]},{"@type":"ImageObject","inLanguage":"da-DK","@id":"https:\/\/kunmedierne.dk\/mors\/myreflittig-forberedelse-til-foraarsmessen\/#primaryimage","url":"https:\/\/kunmedierne.dk\/mors\/wp-content\/uploads\/2020\/02\/200228-elins-butik.jpg","contentUrl":"https:\/\/kunmedierne.dk\/mors\/wp-content\/uploads\/2020\/02\/200228-elins-butik.jpg","width":770,"height":513,"caption":"Elin Knappe gl\u00e6der sig til to dages kontakt med kunderne. Foto: David H\u00f8jmark."},{"@type":"BreadcrumbList","@id":"https:\/\/kunmedierne.dk\/mors\/myreflittig-forberedelse-til-foraarsmessen\/#breadcrumb","itemListElement":[{"@type":"ListItem","position":1,"name":"Hjem","item":"https:\/\/kunmedierne.dk\/mors\/"},{"@type":"ListItem","position":2,"name":"Myreflittig forberedelse til for\u00e5rsmessen"}]},{"@type":"WebSite","@id":"https:\/\/kunmedierne.dk\/mors\/#website","url":"https:\/\/kunmedierne.dk\/mors\/","name":"Mors","description":"et netmedie med journalistik om livet p\u00e5 Mors","publisher":{"@id":"https:\/\/kunmedierne.dk\/mors\/#organization"},"potentialAction":[{"@type":"SearchAction","target":{"@type":"EntryPoint","urlTemplate":"https:\/\/kunmedierne.dk\/mors\/?s={search_term_string}"},"query-input":{"@type":"PropertyValueSpecification","valueRequired":true,"valueName":"search_term_string"}}],"inLanguage":"da-DK"},{"@type":"Organization","@id":"https:\/\/kunmedierne.dk\/mors\/#organization","name":"Mors","url":"https:\/\/kunmedierne.dk\/mors\/","logo":{"@type":"ImageObject","inLanguage":"da-DK","@id":"https:\/\/kunmedierne.dk\/mors\/#\/schema\/logo\/image\/","url":"https:\/\/kunmedierne.dk\/mors\/wp-content\/uploads\/2024\/08\/kunmors-logo.svg","contentUrl":"https:\/\/kunmedierne.dk\/mors\/wp-content\/uploads\/2024\/08\/kunmors-logo.svg","caption":"Mors"},"image":{"@id":"https:\/\/kunmedierne.dk\/mors\/#\/schema\/logo\/image\/"}},{"@type":"Person","@id":"https:\/\/kunmedierne.dk\/mors\/#\/schema\/person\/5fe23251bf1d0abbcdc6f7896579d548","name":"David H\u00f8jmark","image":{"@type":"ImageObject","inLanguage":"da-DK","@id":"https:\/\/kunmedierne.dk\/mors\/#\/schema\/person\/image\/","url":"https:\/\/secure.gravatar.com\/avatar\/4315d6fb9ef244d729989f5f90268eb08d5bf8a3d84402f595fa194bb35784fd?s=96&d=mm&r=g","contentUrl":"https:\/\/secure.gravatar.com\/avatar\/4315d6fb9ef244d729989f5f90268eb08d5bf8a3d84402f595fa194bb35784fd?s=96&d=mm&r=g","caption":"David H\u00f8jmark"},"sameAs":["https:\/\/www.kunmedierne.dk"],"url":"https:\/\/kunmedierne.dk\/mors\/author\/david\/"}]}},"_links":{"self":[{"href":"https:\/\/kunmedierne.dk\/mors\/wp-json\/wp\/v2\/posts\/9541","targetHints":{"allow":["GET"]}}],"collection":[{"href":"https:\/\/kunmedierne.dk\/mors\/wp-json\/wp\/v2\/posts"}],"about":[{"href":"https:\/\/kunmedierne.dk\/mors\/wp-json\/wp\/v2\/types\/post"}],"author":[{"embeddable":true,"href":"https:\/\/kunmedierne.dk\/mors\/wp-json\/wp\/v2\/users\/8"}],"replies":[{"embeddable":true,"href":"https:\/\/kunmedierne.dk\/mors\/wp-json\/wp\/v2\/comments?post=9541"}],"version-history":[{"count":9,"href":"https:\/\/kunmedierne.dk\/mors\/wp-json\/wp\/v2\/posts\/9541\/revisions"}],"predecessor-version":[{"id":9610,"href":"https:\/\/kunmedierne.dk\/mors\/wp-json\/wp\/v2\/posts\/9541\/revisions\/9610"}],"wp:featuredmedia":[{"embeddable":true,"href":"https:\/\/kunmedierne.dk\/mors\/wp-json\/wp\/v2\/media\/9544"}],"wp:attachment":[{"href":"https:\/\/kunmedierne.dk\/mors\/wp-json\/wp\/v2\/media?parent=9541"}],"wp:term":[{"taxonomy":"category","embeddable":true,"href":"https:\/\/kunmedierne.dk\/mors\/wp-json\/wp\/v2\/categories?post=9541"},{"taxonomy":"post_tag","embeddable":true,"href":"https:\/\/kunmedierne.dk\/mors\/wp-json\/wp\/v2\/tags?post=9541"}],"curies":[{"name":"wp","href":"https:\/\/api.w.org\/{rel}","templated":true}]}}