{"id":95375,"date":"2023-05-23T12:03:58","date_gmt":"2023-05-23T10:03:58","guid":{"rendered":"https:\/\/kunmedierne.dk\/mors\/?p=95375"},"modified":"2024-08-12T13:18:07","modified_gmt":"2024-08-12T11:18:07","slug":"25-aars-tro-tjeneste-og-en-saerlig-tak-til-bedstemor","status":"publish","type":"post","link":"https:\/\/kunmedierne.dk\/mors\/25-aars-tro-tjeneste-og-en-saerlig-tak-til-bedstemor\/","title":{"rendered":"25 \u00e5rs tro tjeneste og en s\u00e6rlig tak til bedstemor"},"content":{"rendered":"<p><b><span data-contrast=\"auto\">JUBIL\u00c6UM:<\/span><\/b><span data-contrast=\"auto\"> En kold vinterdag i 1997 bes\u00f8gte Majbritt sin bedstemor i Sejerslev. <\/span><span data-ccp-props=\"{&quot;201341983&quot;:0,&quot;335551550&quot;:0,&quot;335551620&quot;:0,&quot;335559739&quot;:160,&quot;335559740&quot;:257}\">\u00a0<\/span><\/p>\n<p><span data-contrast=\"auto\">&#8211; Min bedstemor var helt fantastisk. Hun var pr\u00e6cis som de der bedstem\u00f8dre man l\u00e6ser om i b\u00f8gerne. Varm, k\u00e6rlig og fuld af historier. Jeg bes\u00f8gte hende tit, og jeg fortalte hende alt, ogs\u00e5 at jeg ikke var 100 procent tilfreds med det arbejde jeg havde. Pludselig h\u00e6v min bedstemor en stillingsannonce fra BILA frem, og sagde: \u201dDe s\u00f8ger s\u00e5dan en som dig, Majbritt\u201d. <\/span><span data-ccp-props=\"{&quot;201341983&quot;:0,&quot;335551550&quot;:0,&quot;335551620&quot;:0,&quot;335559685&quot;:0,&quot;335559739&quot;:160,&quot;335559740&quot;:257}\">\u00a0<\/span><\/p>\n<a class=\"dvrt-link\" onClick=\"cdmtrack_click(104786,jQuery(this));return false\" href=\"https:\/\/limfjordsteatret.dk\/events\/tobias-dybvad-mit-bedste-onemanshow\/\"><img decoding=\"async\" style=\"width:100%;\" src=\"https:\/\/kunmedierne.dk\/mors\/wp-content\/uploads\/2023\/10\/aarskortLim_KunMors_1100x125.jpg\"><\/a><script>cdmtrack_view(104786);<\/script>\n<p><span data-contrast=\"auto\">Efter sin bedstemors\u00a0r\u00e5d s\u00f8gte Majbritt stillingen, men i lang tid h\u00f8rte hun ingenting. En dag, hvor hun s\u00e5 sad og blundede lidt i l\u00e6nestolen, ringede telefonen pludselig. Det var Jan Bisgaard, BILAs direkt\u00f8r. Han ville gerne tale med hende om jobbet som Salgs- og Marketingassistent for PALOMAT\u00ae. Majbritt var i tvivl, men efter lidt overvejelser valgte hun at tage af sted til jobsamtalen &#8211; og hun har ikke set sig tilbage siden. Det stod nemlig hurtigt klart, at det var et sp\u00e6ndende job med masser af muligheder. Hun havde sin f\u00f8rste arbejdsdag 1. maj 1998. <\/span><span data-ccp-props=\"{&quot;201341983&quot;:0,&quot;335551550&quot;:0,&quot;335551620&quot;:0,&quot;335559685&quot;:0,&quot;335559739&quot;:160,&quot;335559740&quot;:257}\">\u00a0<\/span><\/p>\n<p><span data-contrast=\"auto\">-Da jeg startede for 25 \u00e5r siden, var vi 28-30 ansatte \u2013 og i PALOMAT var vi kun mig og en tekniker, som brugte 10% af sin tid p\u00e5 PALOMAT\u00ae. At v\u00e6re en del af den udvikling, som BILA har gennemg\u00e5et, de sidste 25 \u00e5r, har v\u00e6ret enormt sp\u00e6ndende, fort\u00e6ller Majbritt. <\/span><span data-ccp-props=\"{&quot;201341983&quot;:0,&quot;335551550&quot;:0,&quot;335551620&quot;:0,&quot;335559739&quot;:160,&quot;335559740&quot;:257}\">\u00a0<\/span><\/p>\n<p><span data-contrast=\"auto\">Bedstemoren havde alts\u00e5 uden at vide det, fundet den helt rette hylde til Majbritt, der siden 2008 er avanceret til Area Manager hos PALOMAT.\u00a0<\/span><span data-ccp-props=\"{&quot;201341983&quot;:0,&quot;335551550&quot;:0,&quot;335551620&quot;:0,&quot;335559739&quot;:160,&quot;335559740&quot;:257}\">\u00a0<\/span><\/p>\n<p><span data-contrast=\"auto\">&#8211; Jeg har nok aldrig helt vidst, hvad jeg ville. Ikke haft en forkromet karrieredr\u00f8m. Det er bare kommet hen ad vejen. Spurgte du mig som nyuddannet, om jeg skulle arbejde med eksport og forhandlersalg, havde jeg sagt nej &#8211;\u00a0men i dag kan jeg ikke forestille mig, at skulle arbejde med andet. Jeg har aldrig kedet mig i dette job, og jeg kan ikke mindes \u00e9n eneste dag, hvor jeg ikke har gl\u00e6det mig til at komme ind p\u00e5 kontoret.<\/span><span data-ccp-props=\"{&quot;201341983&quot;:0,&quot;335551550&quot;:0,&quot;335551620&quot;:0,&quot;335559685&quot;:0,&quot;335559739&quot;:160,&quot;335559740&quot;:257}\">\u00a0<\/span><\/p>\n<p><span data-contrast=\"auto\">I dag s\u00e6lger PALOMATs pallemagasiner over hele verden, og hvert \u00e5r vokser b\u00e5de teamet, m\u00e5ls\u00e6tningerne og oms\u00e6tningen. <\/span><span data-ccp-props=\"{&quot;201341983&quot;:0,&quot;335551550&quot;:0,&quot;335551620&quot;:0,&quot;335559685&quot;:0,&quot;335559739&quot;:160,&quot;335559740&quot;:257}\">\u00a0<\/span><\/p>\n<a class=\"dvrt-link\" onClick=\"cdmtrack_click(104781,jQuery(this));return false\" href=\"https:\/\/www.fmspks.dk\/\"><img decoding=\"async\" style=\"width:100%;\" src=\"https:\/\/kunmedierne.dk\/mors\/wp-content\/uploads\/2022\/02\/vip-froeslev-mollerup-sparekasse.jpg\"><\/a><script>cdmtrack_view(104781);<\/script>\n<p><span data-contrast=\"auto\">&#8211; Det skal v\u00e6re sjovt at g\u00e5 p\u00e5 arbejde. Og det m\u00e5 man sige, det er det hos os. Det er sk\u00f8nt at se, hvordan vi hj\u00e6lper og motiverer hinanden hver eneste dag. Vores produkt er som s\u00e5dan ikke unikt, men det er vores setup til geng\u00e6ld. Vi kan s\u00e6lge til hele verden, selvom alle sidder samlet i en lille bygning p\u00e5 Mors. Og d\u00e9t hj\u00e6lper os i hverdagen. P\u00e5 den m\u00e5de kan vi underst\u00f8tte og motivere hinanden til at skabe resultater sammen med forhandlerne.<\/span><span data-ccp-props=\"{&quot;201341983&quot;:0,&quot;335551550&quot;:0,&quot;335551620&quot;:0,&quot;335559685&quot;:0,&quot;335559739&quot;:160,&quot;335559740&quot;:257}\">\u00a0<\/span><\/p>\n<p>&nbsp;<\/p>\n<p><strong>En del af inventarlisten<br \/>\n<\/strong><span data-contrast=\"auto\">I de sidste 25 \u00e5r er det ikke kun PALOMAT\u00ae, der har udviklet sig. Det har Majbritt ogs\u00e5. <\/span><span data-ccp-props=\"{&quot;201341983&quot;:0,&quot;335551550&quot;:0,&quot;335551620&quot;:0,&quot;335559739&quot;:160,&quot;335559740&quot;:257}\">\u00a0<\/span><\/p>\n<p aria-level=\"2\"><span data-contrast=\"auto\">&#8211; Vi er g\u00e5et fra at v\u00e6re et team p\u00e5 to til et team p\u00e5 25. Det har selvf\u00f8lgelig ogs\u00e5 stillet krav til mine evner som leder. Jeg har blandt andet l\u00e6rt at tage den sv\u00e6re samtale, selvom det aldrig er sjovt. Og s\u00e5 har jeg haft stort fokus p\u00e5, hvordan jeg kan uddanne s\u00e6lgerne til at motivere vores forhandlere. Heldigvis har jeg et fantastisk team, som st\u00f8tter mig og bakker op om alle mine sk\u00f8re id\u00e9er.<\/span><span data-ccp-props=\"{&quot;201341983&quot;:0,&quot;335551550&quot;:0,&quot;335551620&quot;:0,&quot;335559685&quot;:0,&quot;335559739&quot;:160,&quot;335559740&quot;:257}\">\u00a0<\/span><\/p>\n<p><span data-contrast=\"auto\">I forbindelse med Majbritts 25 \u00e5rs-jubil\u00e6um er tankerne om bedstemoren dukket op igen. Eller det vil sige, tankerne om hende er der faktisk ofte, men hvilken betydning det havde, at det var bedstemoren, der sendte Majbritt i den retning hun har\u00a0g\u00e5et i 25 \u00e5r, fylder i de her jubil\u00e6umsdage. <\/span><span data-ccp-props=\"{&quot;201341983&quot;:0,&quot;335551550&quot;:0,&quot;335551620&quot;:0,&quot;335559685&quot;:0,&quot;335559739&quot;:160,&quot;335559740&quot;:257}\">\u00a0<\/span><\/p>\n<a class=\"dvrt-link\" onClick=\"cdmtrack_click(104783,jQuery(this));return false\" href=\"https:\/\/konpap.dk\/\"><img decoding=\"async\" style=\"width:100%;\" src=\"https:\/\/kunmedierne.dk\/mors\/wp-content\/uploads\/2023\/10\/Kun-Mors-banner.jpg\"><\/a><script>cdmtrack_view(104783);<\/script>\n<p><span data-contrast=\"auto\">&#8211; Som menneske bakser man\u00a0jo af og til med ting, og n\u00e5r det sker for mig, s\u00e5 g\u00e5r jeg ud i skoven ved Bjergby, hvor jeg bor. Og n\u00e5r jeg g\u00e5r der i skoven, s\u00e5 t\u00e6nker jeg\u00a0tit: \u201cHvad ville bedstemor have gjort i den her situation?\u201d Min bedstemor var min sj\u00e6leven, og selvom hun d\u00f8de i 2000, s\u00e5 er hun stadig med mig, n\u00e5r jeg skal tr\u00e6ffe sv\u00e6re beslutninger. Hun bet\u00f8d utroligt meget for mig. <\/span><span data-ccp-props=\"{&quot;201341983&quot;:0,&quot;335551550&quot;:0,&quot;335551620&quot;:0,&quot;335559685&quot;:0,&quot;335559739&quot;:160,&quot;335559740&quot;:257}\">\u00a0<\/span><\/p>\n<p><span data-contrast=\"auto\">Og hvad s\u00e5 med fremtiden? Har bedstemoren sendt Majbritt\u00a0i en ny retning? <\/span><span data-ccp-props=\"{&quot;201341983&quot;:0,&quot;335551550&quot;:0,&quot;335551620&quot;:0,&quot;335559685&quot;:0,&quot;335559739&quot;:160,&quot;335559740&quot;:257}\">\u00a0<\/span><\/p>\n<p><span data-contrast=\"auto\">Svaret kommer prompte:<\/span><span data-ccp-props=\"{&quot;201341983&quot;:0,&quot;335551550&quot;:0,&quot;335551620&quot;:0,&quot;335559739&quot;:160,&quot;335559740&quot;:257}\">\u00a0<\/span><\/p>\n<p><i><span data-contrast=\"auto\">&#8211; <\/span><\/i><span data-contrast=\"auto\">Jeg er ikke f\u00e6rdig, smiler hun, og med et glimt i \u00f8jet tilf\u00f8jer hun: <\/span><span data-ccp-props=\"{&quot;201341983&quot;:0,&quot;335551550&quot;:0,&quot;335551620&quot;:0,&quot;335559685&quot;:0,&quot;335559739&quot;:160,&quot;335559740&quot;:257}\">\u00a0<\/span><\/p>\n<p><span data-contrast=\"auto\">&#8211; Jan (red. Bisgaard, Direkt\u00f8r for BILA) plejer at drille mig med, at jeg er en fast del af inventarlisten. Det skal han passe p\u00e5 med, for den har man det med at smide ud. Det h\u00e5ber jeg selvf\u00f8lgelig ikke, at jeg bliver. Jeg elsker mit job, og jeg er slet ikke f\u00e6rdig med at s\u00e6lge PALOMATer. Vi er jo f\u00f8rst lige begyndt.<\/span><span data-ccp-props=\"{&quot;201341983&quot;:0,&quot;335551550&quot;:0,&quot;335551620&quot;:0,&quot;335559685&quot;:0,&quot;335559739&quot;:160,&quot;335559740&quot;:257}\">\u00a0<\/span><\/p>\n","protected":false},"excerpt":{"rendered":"<p>JUBIL\u00c6UM: En kold vinterdag i 1997 bes\u00f8gte Majbritt sin bedstemor i Sejerslev. \u00a0 &#8211; Min bedstemor var helt fantastisk. Hun var pr\u00e6cis som de der bedstem\u00f8dre man l\u00e6ser om i b\u00f8gerne. Varm, k\u00e6rlig og fuld af historier. Jeg bes\u00f8gte hende tit, og jeg fortalte hende alt, ogs\u00e5 at jeg ikke var 100 procent tilfreds med [&hellip;]<\/p>\n","protected":false},"author":2507,"featured_media":95377,"comment_status":"closed","ping_status":"open","sticky":false,"template":"","format":"standard","meta":{"_acf_changed":false,"footnotes":""},"categories":[51,90,52],"tags":[175],"class_list":["post-95375","post","type-post","status-publish","format-standard","has-post-thumbnail","hentry","category-lokalt","category-morsingboerne","category-navne","tag-morsingboerne"],"acf":[],"yoast_head":"<!-- This site is optimized with the Yoast SEO plugin v26.8 - https:\/\/yoast.com\/product\/yoast-seo-wordpress\/ -->\n<title>25 \u00e5rs tro tjeneste og en s\u00e6rlig tak til bedstemor - Mors<\/title>\n<meta name=\"robots\" content=\"index, follow, max-snippet:-1, max-image-preview:large, max-video-preview:-1\" \/>\n<link rel=\"canonical\" href=\"https:\/\/kunmedierne.dk\/mors\/25-aars-tro-tjeneste-og-en-saerlig-tak-til-bedstemor\/\" \/>\n<meta property=\"og:locale\" content=\"da_DK\" \/>\n<meta property=\"og:type\" content=\"article\" \/>\n<meta property=\"og:title\" content=\"25 \u00e5rs tro tjeneste og en s\u00e6rlig tak til bedstemor - Mors\" \/>\n<meta property=\"og:description\" content=\"JUBIL\u00c6UM: En kold vinterdag i 1997 bes\u00f8gte Majbritt sin bedstemor i Sejerslev. \u00a0 &#8211; Min bedstemor var helt fantastisk. Hun var pr\u00e6cis som de der bedstem\u00f8dre man l\u00e6ser om i b\u00f8gerne. Varm, k\u00e6rlig og fuld af historier. Jeg bes\u00f8gte hende tit, og jeg fortalte hende alt, ogs\u00e5 at jeg ikke var 100 procent tilfreds med [&hellip;]\" \/>\n<meta property=\"og:url\" content=\"https:\/\/kunmedierne.dk\/mors\/25-aars-tro-tjeneste-og-en-saerlig-tak-til-bedstemor\/\" \/>\n<meta property=\"og:site_name\" content=\"Mors\" \/>\n<meta property=\"article:published_time\" content=\"2023-05-23T10:03:58+00:00\" \/>\n<meta property=\"article:modified_time\" content=\"2024-08-12T11:18:07+00:00\" \/>\n<meta property=\"og:image\" content=\"https:\/\/kunmedierne.dk\/mors\/wp-content\/uploads\/2023\/05\/Majbritt-Svane-scaled.jpg\" \/>\n\t<meta property=\"og:image:width\" content=\"2560\" \/>\n\t<meta property=\"og:image:height\" content=\"1707\" \/>\n\t<meta property=\"og:image:type\" content=\"image\/jpeg\" \/>\n<meta name=\"author\" content=\"Katrine Hedegaard\" \/>\n<meta name=\"twitter:card\" content=\"summary_large_image\" \/>\n<meta name=\"twitter:label1\" content=\"Skrevet af\" \/>\n\t<meta name=\"twitter:data1\" content=\"Katrine Hedegaard\" \/>\n\t<meta name=\"twitter:label2\" content=\"Estimeret l\u00e6setid\" \/>\n\t<meta name=\"twitter:data2\" content=\"5 minutter\" \/>\n<script type=\"application\/ld+json\" class=\"yoast-schema-graph\">{\"@context\":\"https:\/\/schema.org\",\"@graph\":[{\"@type\":\"Article\",\"@id\":\"https:\/\/kunmedierne.dk\/mors\/25-aars-tro-tjeneste-og-en-saerlig-tak-til-bedstemor\/#article\",\"isPartOf\":{\"@id\":\"https:\/\/kunmedierne.dk\/mors\/25-aars-tro-tjeneste-og-en-saerlig-tak-til-bedstemor\/\"},\"author\":{\"name\":\"Katrine Hedegaard\",\"@id\":\"https:\/\/kunmedierne.dk\/mors\/#\/schema\/person\/b2e62a38069b12365e53e087a8709c64\"},\"headline\":\"25 \u00e5rs tro tjeneste og en s\u00e6rlig tak til bedstemor\",\"datePublished\":\"2023-05-23T10:03:58+00:00\",\"dateModified\":\"2024-08-12T11:18:07+00:00\",\"mainEntityOfPage\":{\"@id\":\"https:\/\/kunmedierne.dk\/mors\/25-aars-tro-tjeneste-og-en-saerlig-tak-til-bedstemor\/\"},\"wordCount\":824,\"publisher\":{\"@id\":\"https:\/\/kunmedierne.dk\/mors\/#organization\"},\"image\":{\"@id\":\"https:\/\/kunmedierne.dk\/mors\/25-aars-tro-tjeneste-og-en-saerlig-tak-til-bedstemor\/#primaryimage\"},\"thumbnailUrl\":\"https:\/\/kunmedierne.dk\/mors\/wp-content\/uploads\/2023\/05\/Majbritt-Svane-scaled.jpg\",\"keywords\":[\"Morsingboerne\"],\"articleSection\":[\"Lokalt\",\"Morsingboerne\",\"Navne\"],\"inLanguage\":\"da-DK\"},{\"@type\":\"WebPage\",\"@id\":\"https:\/\/kunmedierne.dk\/mors\/25-aars-tro-tjeneste-og-en-saerlig-tak-til-bedstemor\/\",\"url\":\"https:\/\/kunmedierne.dk\/mors\/25-aars-tro-tjeneste-og-en-saerlig-tak-til-bedstemor\/\",\"name\":\"25 \u00e5rs tro tjeneste og en s\u00e6rlig tak til bedstemor - Mors\",\"isPartOf\":{\"@id\":\"https:\/\/kunmedierne.dk\/mors\/#website\"},\"primaryImageOfPage\":{\"@id\":\"https:\/\/kunmedierne.dk\/mors\/25-aars-tro-tjeneste-og-en-saerlig-tak-til-bedstemor\/#primaryimage\"},\"image\":{\"@id\":\"https:\/\/kunmedierne.dk\/mors\/25-aars-tro-tjeneste-og-en-saerlig-tak-til-bedstemor\/#primaryimage\"},\"thumbnailUrl\":\"https:\/\/kunmedierne.dk\/mors\/wp-content\/uploads\/2023\/05\/Majbritt-Svane-scaled.jpg\",\"datePublished\":\"2023-05-23T10:03:58+00:00\",\"dateModified\":\"2024-08-12T11:18:07+00:00\",\"breadcrumb\":{\"@id\":\"https:\/\/kunmedierne.dk\/mors\/25-aars-tro-tjeneste-og-en-saerlig-tak-til-bedstemor\/#breadcrumb\"},\"inLanguage\":\"da-DK\",\"potentialAction\":[{\"@type\":\"ReadAction\",\"target\":[\"https:\/\/kunmedierne.dk\/mors\/25-aars-tro-tjeneste-og-en-saerlig-tak-til-bedstemor\/\"]}]},{\"@type\":\"ImageObject\",\"inLanguage\":\"da-DK\",\"@id\":\"https:\/\/kunmedierne.dk\/mors\/25-aars-tro-tjeneste-og-en-saerlig-tak-til-bedstemor\/#primaryimage\",\"url\":\"https:\/\/kunmedierne.dk\/mors\/wp-content\/uploads\/2023\/05\/Majbritt-Svane-scaled.jpg\",\"contentUrl\":\"https:\/\/kunmedierne.dk\/mors\/wp-content\/uploads\/2023\/05\/Majbritt-Svane-scaled.jpg\",\"width\":2560,\"height\":1707},{\"@type\":\"BreadcrumbList\",\"@id\":\"https:\/\/kunmedierne.dk\/mors\/25-aars-tro-tjeneste-og-en-saerlig-tak-til-bedstemor\/#breadcrumb\",\"itemListElement\":[{\"@type\":\"ListItem\",\"position\":1,\"name\":\"Hjem\",\"item\":\"https:\/\/kunmedierne.dk\/mors\/\"},{\"@type\":\"ListItem\",\"position\":2,\"name\":\"25 \u00e5rs tro tjeneste og en s\u00e6rlig tak til bedstemor\"}]},{\"@type\":\"WebSite\",\"@id\":\"https:\/\/kunmedierne.dk\/mors\/#website\",\"url\":\"https:\/\/kunmedierne.dk\/mors\/\",\"name\":\"Mors\",\"description\":\"et netmedie med journalistik om livet p\u00e5 Mors\",\"publisher\":{\"@id\":\"https:\/\/kunmedierne.dk\/mors\/#organization\"},\"potentialAction\":[{\"@type\":\"SearchAction\",\"target\":{\"@type\":\"EntryPoint\",\"urlTemplate\":\"https:\/\/kunmedierne.dk\/mors\/?s={search_term_string}\"},\"query-input\":{\"@type\":\"PropertyValueSpecification\",\"valueRequired\":true,\"valueName\":\"search_term_string\"}}],\"inLanguage\":\"da-DK\"},{\"@type\":\"Organization\",\"@id\":\"https:\/\/kunmedierne.dk\/mors\/#organization\",\"name\":\"Mors\",\"url\":\"https:\/\/kunmedierne.dk\/mors\/\",\"logo\":{\"@type\":\"ImageObject\",\"inLanguage\":\"da-DK\",\"@id\":\"https:\/\/kunmedierne.dk\/mors\/#\/schema\/logo\/image\/\",\"url\":\"https:\/\/kunmedierne.dk\/mors\/wp-content\/uploads\/2024\/08\/kunmors-logo.svg\",\"contentUrl\":\"https:\/\/kunmedierne.dk\/mors\/wp-content\/uploads\/2024\/08\/kunmors-logo.svg\",\"caption\":\"Mors\"},\"image\":{\"@id\":\"https:\/\/kunmedierne.dk\/mors\/#\/schema\/logo\/image\/\"}},{\"@type\":\"Person\",\"@id\":\"https:\/\/kunmedierne.dk\/mors\/#\/schema\/person\/b2e62a38069b12365e53e087a8709c64\",\"name\":\"Katrine Hedegaard\",\"image\":{\"@type\":\"ImageObject\",\"inLanguage\":\"da-DK\",\"@id\":\"https:\/\/kunmedierne.dk\/mors\/#\/schema\/person\/image\/\",\"url\":\"https:\/\/secure.gravatar.com\/avatar\/18a5c72fa9148052fd3ed5a58b40fc83cfdc9811090e6e6eec9539af058edcc0?s=96&d=mm&r=g\",\"contentUrl\":\"https:\/\/secure.gravatar.com\/avatar\/18a5c72fa9148052fd3ed5a58b40fc83cfdc9811090e6e6eec9539af058edcc0?s=96&d=mm&r=g\",\"caption\":\"Katrine Hedegaard\"},\"url\":\"https:\/\/kunmedierne.dk\/mors\/author\/katrine\/\"}]}<\/script>\n<!-- \/ Yoast SEO plugin. -->","yoast_head_json":{"title":"25 \u00e5rs tro tjeneste og en s\u00e6rlig tak til bedstemor - Mors","robots":{"index":"index","follow":"follow","max-snippet":"max-snippet:-1","max-image-preview":"max-image-preview:large","max-video-preview":"max-video-preview:-1"},"canonical":"https:\/\/kunmedierne.dk\/mors\/25-aars-tro-tjeneste-og-en-saerlig-tak-til-bedstemor\/","og_locale":"da_DK","og_type":"article","og_title":"25 \u00e5rs tro tjeneste og en s\u00e6rlig tak til bedstemor - Mors","og_description":"JUBIL\u00c6UM: En kold vinterdag i 1997 bes\u00f8gte Majbritt sin bedstemor i Sejerslev. \u00a0 &#8211; Min bedstemor var helt fantastisk. Hun var pr\u00e6cis som de der bedstem\u00f8dre man l\u00e6ser om i b\u00f8gerne. Varm, k\u00e6rlig og fuld af historier. Jeg bes\u00f8gte hende tit, og jeg fortalte hende alt, ogs\u00e5 at jeg ikke var 100 procent tilfreds med [&hellip;]","og_url":"https:\/\/kunmedierne.dk\/mors\/25-aars-tro-tjeneste-og-en-saerlig-tak-til-bedstemor\/","og_site_name":"Mors","article_published_time":"2023-05-23T10:03:58+00:00","article_modified_time":"2024-08-12T11:18:07+00:00","og_image":[{"width":2560,"height":1707,"url":"https:\/\/kunmedierne.dk\/mors\/wp-content\/uploads\/2023\/05\/Majbritt-Svane-scaled.jpg","type":"image\/jpeg"}],"author":"Katrine Hedegaard","twitter_card":"summary_large_image","twitter_misc":{"Skrevet af":"Katrine Hedegaard","Estimeret l\u00e6setid":"5 minutter"},"schema":{"@context":"https:\/\/schema.org","@graph":[{"@type":"Article","@id":"https:\/\/kunmedierne.dk\/mors\/25-aars-tro-tjeneste-og-en-saerlig-tak-til-bedstemor\/#article","isPartOf":{"@id":"https:\/\/kunmedierne.dk\/mors\/25-aars-tro-tjeneste-og-en-saerlig-tak-til-bedstemor\/"},"author":{"name":"Katrine Hedegaard","@id":"https:\/\/kunmedierne.dk\/mors\/#\/schema\/person\/b2e62a38069b12365e53e087a8709c64"},"headline":"25 \u00e5rs tro tjeneste og en s\u00e6rlig tak til bedstemor","datePublished":"2023-05-23T10:03:58+00:00","dateModified":"2024-08-12T11:18:07+00:00","mainEntityOfPage":{"@id":"https:\/\/kunmedierne.dk\/mors\/25-aars-tro-tjeneste-og-en-saerlig-tak-til-bedstemor\/"},"wordCount":824,"publisher":{"@id":"https:\/\/kunmedierne.dk\/mors\/#organization"},"image":{"@id":"https:\/\/kunmedierne.dk\/mors\/25-aars-tro-tjeneste-og-en-saerlig-tak-til-bedstemor\/#primaryimage"},"thumbnailUrl":"https:\/\/kunmedierne.dk\/mors\/wp-content\/uploads\/2023\/05\/Majbritt-Svane-scaled.jpg","keywords":["Morsingboerne"],"articleSection":["Lokalt","Morsingboerne","Navne"],"inLanguage":"da-DK"},{"@type":"WebPage","@id":"https:\/\/kunmedierne.dk\/mors\/25-aars-tro-tjeneste-og-en-saerlig-tak-til-bedstemor\/","url":"https:\/\/kunmedierne.dk\/mors\/25-aars-tro-tjeneste-og-en-saerlig-tak-til-bedstemor\/","name":"25 \u00e5rs tro tjeneste og en s\u00e6rlig tak til bedstemor - Mors","isPartOf":{"@id":"https:\/\/kunmedierne.dk\/mors\/#website"},"primaryImageOfPage":{"@id":"https:\/\/kunmedierne.dk\/mors\/25-aars-tro-tjeneste-og-en-saerlig-tak-til-bedstemor\/#primaryimage"},"image":{"@id":"https:\/\/kunmedierne.dk\/mors\/25-aars-tro-tjeneste-og-en-saerlig-tak-til-bedstemor\/#primaryimage"},"thumbnailUrl":"https:\/\/kunmedierne.dk\/mors\/wp-content\/uploads\/2023\/05\/Majbritt-Svane-scaled.jpg","datePublished":"2023-05-23T10:03:58+00:00","dateModified":"2024-08-12T11:18:07+00:00","breadcrumb":{"@id":"https:\/\/kunmedierne.dk\/mors\/25-aars-tro-tjeneste-og-en-saerlig-tak-til-bedstemor\/#breadcrumb"},"inLanguage":"da-DK","potentialAction":[{"@type":"ReadAction","target":["https:\/\/kunmedierne.dk\/mors\/25-aars-tro-tjeneste-og-en-saerlig-tak-til-bedstemor\/"]}]},{"@type":"ImageObject","inLanguage":"da-DK","@id":"https:\/\/kunmedierne.dk\/mors\/25-aars-tro-tjeneste-og-en-saerlig-tak-til-bedstemor\/#primaryimage","url":"https:\/\/kunmedierne.dk\/mors\/wp-content\/uploads\/2023\/05\/Majbritt-Svane-scaled.jpg","contentUrl":"https:\/\/kunmedierne.dk\/mors\/wp-content\/uploads\/2023\/05\/Majbritt-Svane-scaled.jpg","width":2560,"height":1707},{"@type":"BreadcrumbList","@id":"https:\/\/kunmedierne.dk\/mors\/25-aars-tro-tjeneste-og-en-saerlig-tak-til-bedstemor\/#breadcrumb","itemListElement":[{"@type":"ListItem","position":1,"name":"Hjem","item":"https:\/\/kunmedierne.dk\/mors\/"},{"@type":"ListItem","position":2,"name":"25 \u00e5rs tro tjeneste og en s\u00e6rlig tak til bedstemor"}]},{"@type":"WebSite","@id":"https:\/\/kunmedierne.dk\/mors\/#website","url":"https:\/\/kunmedierne.dk\/mors\/","name":"Mors","description":"et netmedie med journalistik om livet p\u00e5 Mors","publisher":{"@id":"https:\/\/kunmedierne.dk\/mors\/#organization"},"potentialAction":[{"@type":"SearchAction","target":{"@type":"EntryPoint","urlTemplate":"https:\/\/kunmedierne.dk\/mors\/?s={search_term_string}"},"query-input":{"@type":"PropertyValueSpecification","valueRequired":true,"valueName":"search_term_string"}}],"inLanguage":"da-DK"},{"@type":"Organization","@id":"https:\/\/kunmedierne.dk\/mors\/#organization","name":"Mors","url":"https:\/\/kunmedierne.dk\/mors\/","logo":{"@type":"ImageObject","inLanguage":"da-DK","@id":"https:\/\/kunmedierne.dk\/mors\/#\/schema\/logo\/image\/","url":"https:\/\/kunmedierne.dk\/mors\/wp-content\/uploads\/2024\/08\/kunmors-logo.svg","contentUrl":"https:\/\/kunmedierne.dk\/mors\/wp-content\/uploads\/2024\/08\/kunmors-logo.svg","caption":"Mors"},"image":{"@id":"https:\/\/kunmedierne.dk\/mors\/#\/schema\/logo\/image\/"}},{"@type":"Person","@id":"https:\/\/kunmedierne.dk\/mors\/#\/schema\/person\/b2e62a38069b12365e53e087a8709c64","name":"Katrine Hedegaard","image":{"@type":"ImageObject","inLanguage":"da-DK","@id":"https:\/\/kunmedierne.dk\/mors\/#\/schema\/person\/image\/","url":"https:\/\/secure.gravatar.com\/avatar\/18a5c72fa9148052fd3ed5a58b40fc83cfdc9811090e6e6eec9539af058edcc0?s=96&d=mm&r=g","contentUrl":"https:\/\/secure.gravatar.com\/avatar\/18a5c72fa9148052fd3ed5a58b40fc83cfdc9811090e6e6eec9539af058edcc0?s=96&d=mm&r=g","caption":"Katrine Hedegaard"},"url":"https:\/\/kunmedierne.dk\/mors\/author\/katrine\/"}]}},"_links":{"self":[{"href":"https:\/\/kunmedierne.dk\/mors\/wp-json\/wp\/v2\/posts\/95375","targetHints":{"allow":["GET"]}}],"collection":[{"href":"https:\/\/kunmedierne.dk\/mors\/wp-json\/wp\/v2\/posts"}],"about":[{"href":"https:\/\/kunmedierne.dk\/mors\/wp-json\/wp\/v2\/types\/post"}],"author":[{"embeddable":true,"href":"https:\/\/kunmedierne.dk\/mors\/wp-json\/wp\/v2\/users\/2507"}],"replies":[{"embeddable":true,"href":"https:\/\/kunmedierne.dk\/mors\/wp-json\/wp\/v2\/comments?post=95375"}],"version-history":[{"count":2,"href":"https:\/\/kunmedierne.dk\/mors\/wp-json\/wp\/v2\/posts\/95375\/revisions"}],"predecessor-version":[{"id":95378,"href":"https:\/\/kunmedierne.dk\/mors\/wp-json\/wp\/v2\/posts\/95375\/revisions\/95378"}],"wp:featuredmedia":[{"embeddable":true,"href":"https:\/\/kunmedierne.dk\/mors\/wp-json\/wp\/v2\/media\/95377"}],"wp:attachment":[{"href":"https:\/\/kunmedierne.dk\/mors\/wp-json\/wp\/v2\/media?parent=95375"}],"wp:term":[{"taxonomy":"category","embeddable":true,"href":"https:\/\/kunmedierne.dk\/mors\/wp-json\/wp\/v2\/categories?post=95375"},{"taxonomy":"post_tag","embeddable":true,"href":"https:\/\/kunmedierne.dk\/mors\/wp-json\/wp\/v2\/tags?post=95375"}],"curies":[{"name":"wp","href":"https:\/\/api.w.org\/{rel}","templated":true}]}}