{"id":95318,"date":"2023-05-22T11:05:53","date_gmt":"2023-05-22T09:05:53","guid":{"rendered":"https:\/\/kunmedierne.dk\/mors\/?p=95318"},"modified":"2024-08-12T13:18:07","modified_gmt":"2024-08-12T11:18:07","slug":"i-dag-fejrer-han-sit-40-aars-jubilaeum","status":"publish","type":"post","link":"https:\/\/kunmedierne.dk\/mors\/i-dag-fejrer-han-sit-40-aars-jubilaeum\/","title":{"rendered":"I dag fejrer han sit 40-\u00e5rs jubil\u00e6um"},"content":{"rendered":"<p><b><span data-contrast=\"auto\">JUBIL\u00c6UM:<\/span><\/b><span data-contrast=\"auto\"> Den danske vindues- og d\u00f8rproducent Outrup er siden grundl\u00e6ggelsen g\u00e5et op i de \u00e6dle dyder inden for snedkerarbejde og h\u00e5ndlavede speciall\u00f8sninger til vinduer og d\u00f8re. Det kan Svend Odgaard skrive under p\u00e5, for han har haft fingrene nede i savsmulden i produktionslokalerne p\u00e5 Mors det meste af sit arbejdsliv. De seneste 19 \u00e5r har han st\u00e5et i specialproduktionen, og nu kan han fejre sit 40-\u00e5rs jubil\u00e6um.<\/span><span data-ccp-props=\"{&quot;201341983&quot;:0,&quot;335551550&quot;:0,&quot;335551620&quot;:0,&quot;335559739&quot;:160,&quot;335559740&quot;:259}\">\u00a0<\/span><\/p>\n<a class=\"dvrt-link\" onClick=\"cdmtrack_click(147315,jQuery(this));return false\" href=\"https:\/\/sdrhaa.dk\/\"><img decoding=\"async\" style=\"width:100%;\" src=\"https:\/\/kunmedierne.dk\/mors\/wp-content\/uploads\/2025\/05\/260302Sdr-HaaDin-gebyrvenlige-sparekasse_mors-002.gif\"><\/a><script>cdmtrack_view(147315);<\/script>\n<p><i><span data-contrast=\"auto\">&#8211;<\/span><\/i><span data-contrast=\"auto\"> I specialproduktionen, hvor jeg arbejder, er vi syv ansatte, som frembringer kundernes s\u00e6rlige \u00f8nsker. Det er de smukke vinkler, buer, krummelurer og andre m\u00f8nstre, som ikke findes som en standardl\u00f8sning, men som kan g\u00f8re hele forskellen i eksempelvis en bevaringsv\u00e6rdig eller fredet bygning. H\u00e5ndv\u00e6rket kr\u00e6ver fingersnilde, pr\u00e6cision og faglig viden, og uden mine kollegaer ville det v\u00e6re sv\u00e6rt at l\u00f8fte opgaverne. Vi sp\u00f8rger hinanden til r\u00e5ds i produktionen, hvor vi tilsammen har en utrolig vidensbank omkring vinduer og d\u00f8re, som jeg dagligt g\u00f8r brug af i mit arbejde. Det er ogs\u00e5 noget af det, jeg kommer til at savne mest ved at arbejde hos Outrup \u2013 det gode h\u00e5ndv\u00e6rk og den frihed, som jeg synes, der er i specialproduktionen.<\/span><span data-ccp-props=\"{&quot;201341983&quot;:0,&quot;335551550&quot;:0,&quot;335551620&quot;:0,&quot;335559739&quot;:160,&quot;335559740&quot;:259}\">\u00a0<\/span><\/p>\n<p><span data-contrast=\"auto\">Svend Odgaard har i lang tid v\u00e6ret godt i gang med at l\u00e6re sin afl\u00f8ser op, s\u00e5 der bliver ingen slinger i valsen ude i produktionslokalerne, n\u00e5r han g\u00e5r p\u00e5 pension til sommer. Han er da heller ikke nerv\u00f8s for, om det s\u00e6rlige h\u00e5ndv\u00e6rk forsvinder lige forel\u00f8big, selvom der ikke er s\u00e5 mange specialiserede h\u00e5ndv\u00e6rkere tilbage, som dengang han var gr\u00f8n i faget.<\/span><span data-ccp-props=\"{&quot;201341983&quot;:0,&quot;335551550&quot;:0,&quot;335551620&quot;:0,&quot;335559739&quot;:160,&quot;335559740&quot;:259}\">\u00a0<\/span><\/p>\n<p><span data-contrast=\"auto\">&#8211; Jeg er ved at l\u00e6re min afl\u00f8ser op, som allerede arbejder i produktionen. P\u00e5 den m\u00e5de v\u00e6rner vi om den h\u00e5ndv\u00e6rksm\u00e6ssige arv, og det er vigtigt for mig, at jeg kan give min specialviden videre til den n\u00e6ste generation af h\u00e5ndv\u00e6rkere. Men jeg vil da lyve, hvis jeg sagde, at der er lige s\u00e5 mange i landet i dag, der kan det arbejde, jeg udf\u00f8rer, som da jeg startede hos Outrup, siger Svend Odgaard.<\/span><span data-ccp-props=\"{&quot;201341983&quot;:0,&quot;335551550&quot;:0,&quot;335551620&quot;:0,&quot;335559739&quot;:160,&quot;335559740&quot;:259}\">\u00a0<\/span><\/p>\n<p><span data-contrast=\"auto\">Det kan Henrik Nyby, direkt\u00f8r i Outrup, kun nikke genkendende til, og selvom han er fortr\u00f8stningsfuld og ved, at afl\u00f8seren for Svend Odgaard er i de bedste h\u00e6nder og f\u00e5r en opl\u00e6ring, som kun f\u00e5 kan give, s\u00e5 er det altid et tab for producenten, n\u00e5r en medarbejder som Svend g\u00e5r p\u00e5 pension.<\/span><span data-ccp-props=\"{&quot;201341983&quot;:0,&quot;335551550&quot;:0,&quot;335551620&quot;:0,&quot;335559739&quot;:160,&quot;335559740&quot;:259}\">\u00a0<\/span><\/p>\n<a class=\"dvrt-link\" onClick=\"cdmtrack_click(104783,jQuery(this));return false\" href=\"https:\/\/konpap.dk\/\"><img decoding=\"async\" style=\"width:100%;\" src=\"https:\/\/kunmedierne.dk\/mors\/wp-content\/uploads\/2023\/10\/Kun-Mors-banner.jpg\"><\/a><script>cdmtrack_view(104783);<\/script>\n<p><i><span data-contrast=\"auto\">&#8211; <\/span><\/i><span data-contrast=\"auto\">Svend har v\u00e6ret et k\u00e6mpe aktiv for Outrup med hans imponerende h\u00e5ndv\u00e6rksm\u00e6ssige kunnen og dybdeg\u00e5ende viden om vores vinduer og d\u00f8re, og det vil uden tvivl kunne m\u00e6rkes i virksomheden og ikke mindst i specialproduktionen, n\u00e5r Svend g\u00e5r p\u00e5 pension til sommer, selvom vi fortsat har et utroligt dygtigt team til opgaverne, siger Henrik Nyby og tilf\u00f8jer:<\/span><span data-ccp-props=\"{&quot;201341983&quot;:0,&quot;335551550&quot;:0,&quot;335551620&quot;:0,&quot;335559739&quot;:160,&quot;335559740&quot;:259}\">\u00a0<\/span><\/p>\n<p><i><span data-contrast=\"auto\">&#8211;<\/span><\/i><span data-contrast=\"auto\"> Interessen for det klassiske h\u00e5ndv\u00e6rk er dalende, og rekruttering af blandt andet t\u00f8mrer er ikke blevet nemmere med \u00e5rene. Jeg er derfor meget stolt over, at vi form\u00e5r at holde p\u00e5 vores medarbejdere, som kan videref\u00f8re deres specialviden, i s\u00e5 mange \u00e5r, og med manglen p\u00e5 arbejdskraft inden for byggefagene bliver det kun vigtigere, at vi i fremtiden kan fejre mange flere 40-\u00e5rs jubil\u00e6er.<\/span><span data-ccp-props=\"{&quot;201341983&quot;:0,&quot;335551550&quot;:0,&quot;335551620&quot;:0,&quot;335559739&quot;:160,&quot;335559740&quot;:259}\">\u00a0<\/span><\/p>\n<a class=\"dvrt-link\" onClick=\"cdmtrack_click(104785,jQuery(this));return false\" href=\"https:\/\/www.facebook.com\/lyndrups\"><img decoding=\"async\" style=\"width:100%;\" src=\"https:\/\/kunmedierne.dk\/mors\/wp-content\/uploads\/2022\/02\/vip-lyndrups-rengoering.jpg\"><\/a><script>cdmtrack_view(104785);<\/script>\n<p><span data-contrast=\"auto\">Svend Odgaards 40-\u00e5rs jubil\u00e6um fejres af Outrup, familie og venner inden sommerferien, hvorefter han g\u00e5r p\u00e5 pension. Til den tid indstiller Outrup Svend til den Kongelige Bel\u00f8nningsmedalje.<\/span><span data-ccp-props=\"{&quot;201341983&quot;:0,&quot;335551550&quot;:0,&quot;335551620&quot;:0,&quot;335559739&quot;:160,&quot;335559740&quot;:259}\">\u00a0<\/span><\/p>\n<p><span data-ccp-props=\"{&quot;201341983&quot;:0,&quot;335551550&quot;:0,&quot;335551620&quot;:0,&quot;335559739&quot;:160,&quot;335559740&quot;:259}\">\u00a0<\/span><\/p>\n<blockquote>\n<h4>FAKTA:<\/h4>\n<h5><b><span data-contrast=\"auto\">Outrup Vinduer og D\u00f8re A\/S<\/span><\/b><\/h5>\n<h5><span data-contrast=\"auto\">Siden 2018 har Outrup v\u00e6ret en del af det b\u00f8rsnoterede selskab Inwido. Inwido forbedrer indeklimaet med vinduer og d\u00f8re.\u00a0 Inwido udg\u00f8res af 32 forretningsenheder og besk\u00e6ftiger ca. 4.900 medarbejdere i 11 lande. I 2022 omsatte Inwido for 9,5 milliarder SEK og havde en operationel EBITA-margin p\u00e5 11,4%. Inwido har v\u00e6ret noteret p\u00e5 Nasdaq Stockholm siden 2014. <\/span><\/h5>\n<\/blockquote>\n<p><img loading=\"lazy\" decoding=\"async\" class=\"alignnone size-full wp-image-95323\" src=\"https:\/\/kunmedierne.dk\/mors\/wp-content\/uploads\/2023\/05\/Billede-2.jpg\" alt=\"\" width=\"1920\" height=\"1280\" srcset=\"https:\/\/kunmedierne.dk\/mors\/wp-content\/uploads\/2023\/05\/Billede-2.jpg 1920w, https:\/\/kunmedierne.dk\/mors\/wp-content\/uploads\/2023\/05\/Billede-2-300x200.jpg 300w, https:\/\/kunmedierne.dk\/mors\/wp-content\/uploads\/2023\/05\/Billede-2-1024x683.jpg 1024w, https:\/\/kunmedierne.dk\/mors\/wp-content\/uploads\/2023\/05\/Billede-2-768x512.jpg 768w, https:\/\/kunmedierne.dk\/mors\/wp-content\/uploads\/2023\/05\/Billede-2-1536x1024.jpg 1536w, https:\/\/kunmedierne.dk\/mors\/wp-content\/uploads\/2023\/05\/Billede-2-360x240.jpg 360w, https:\/\/kunmedierne.dk\/mors\/wp-content\/uploads\/2023\/05\/Billede-2-600x400.jpg 600w\" sizes=\"auto, (max-width: 1920px) 100vw, 1920px\" \/><\/p>\n","protected":false},"excerpt":{"rendered":"<p>JUBIL\u00c6UM: Den danske vindues- og d\u00f8rproducent Outrup er siden grundl\u00e6ggelsen g\u00e5et op i de \u00e6dle dyder inden for snedkerarbejde og h\u00e5ndlavede speciall\u00f8sninger til vinduer og d\u00f8re. Det kan Svend Odgaard skrive under p\u00e5, for han har haft fingrene nede i savsmulden i produktionslokalerne p\u00e5 Mors det meste af sit arbejdsliv. De seneste 19 \u00e5r har [&hellip;]<\/p>\n","protected":false},"author":2507,"featured_media":95322,"comment_status":"closed","ping_status":"open","sticky":false,"template":"","format":"standard","meta":{"_acf_changed":false,"footnotes":""},"categories":[51,90,52],"tags":[],"class_list":["post-95318","post","type-post","status-publish","format-standard","has-post-thumbnail","hentry","category-lokalt","category-morsingboerne","category-navne"],"acf":[],"yoast_head":"<!-- This site is optimized with the Yoast SEO plugin v26.8 - https:\/\/yoast.com\/product\/yoast-seo-wordpress\/ -->\n<title>I dag fejrer han sit 40-\u00e5rs jubil\u00e6um - Mors<\/title>\n<meta name=\"robots\" content=\"index, follow, max-snippet:-1, max-image-preview:large, max-video-preview:-1\" \/>\n<link rel=\"canonical\" href=\"https:\/\/kunmedierne.dk\/mors\/i-dag-fejrer-han-sit-40-aars-jubilaeum\/\" \/>\n<meta property=\"og:locale\" content=\"da_DK\" \/>\n<meta property=\"og:type\" content=\"article\" \/>\n<meta property=\"og:title\" content=\"I dag fejrer han sit 40-\u00e5rs jubil\u00e6um - Mors\" \/>\n<meta property=\"og:description\" content=\"JUBIL\u00c6UM: Den danske vindues- og d\u00f8rproducent Outrup er siden grundl\u00e6ggelsen g\u00e5et op i de \u00e6dle dyder inden for snedkerarbejde og h\u00e5ndlavede speciall\u00f8sninger til vinduer og d\u00f8re. Det kan Svend Odgaard skrive under p\u00e5, for han har haft fingrene nede i savsmulden i produktionslokalerne p\u00e5 Mors det meste af sit arbejdsliv. De seneste 19 \u00e5r har [&hellip;]\" \/>\n<meta property=\"og:url\" content=\"https:\/\/kunmedierne.dk\/mors\/i-dag-fejrer-han-sit-40-aars-jubilaeum\/\" \/>\n<meta property=\"og:site_name\" content=\"Mors\" \/>\n<meta property=\"article:published_time\" content=\"2023-05-22T09:05:53+00:00\" \/>\n<meta property=\"article:modified_time\" content=\"2024-08-12T11:18:07+00:00\" \/>\n<meta property=\"og:image\" content=\"https:\/\/kunmedierne.dk\/mors\/wp-content\/uploads\/2023\/05\/Billede-1-scaled.jpg\" \/>\n\t<meta property=\"og:image:width\" content=\"2560\" \/>\n\t<meta property=\"og:image:height\" content=\"1707\" \/>\n\t<meta property=\"og:image:type\" content=\"image\/jpeg\" \/>\n<meta name=\"author\" content=\"Katrine Hedegaard\" \/>\n<meta name=\"twitter:card\" content=\"summary_large_image\" \/>\n<meta name=\"twitter:label1\" content=\"Skrevet af\" \/>\n\t<meta name=\"twitter:data1\" content=\"Katrine Hedegaard\" \/>\n\t<meta name=\"twitter:label2\" content=\"Estimeret l\u00e6setid\" \/>\n\t<meta name=\"twitter:data2\" content=\"4 minutter\" \/>\n<script type=\"application\/ld+json\" class=\"yoast-schema-graph\">{\"@context\":\"https:\/\/schema.org\",\"@graph\":[{\"@type\":\"Article\",\"@id\":\"https:\/\/kunmedierne.dk\/mors\/i-dag-fejrer-han-sit-40-aars-jubilaeum\/#article\",\"isPartOf\":{\"@id\":\"https:\/\/kunmedierne.dk\/mors\/i-dag-fejrer-han-sit-40-aars-jubilaeum\/\"},\"author\":{\"name\":\"Katrine Hedegaard\",\"@id\":\"https:\/\/kunmedierne.dk\/mors\/#\/schema\/person\/b2e62a38069b12365e53e087a8709c64\"},\"headline\":\"I dag fejrer han sit 40-\u00e5rs jubil\u00e6um\",\"datePublished\":\"2023-05-22T09:05:53+00:00\",\"dateModified\":\"2024-08-12T11:18:07+00:00\",\"mainEntityOfPage\":{\"@id\":\"https:\/\/kunmedierne.dk\/mors\/i-dag-fejrer-han-sit-40-aars-jubilaeum\/\"},\"wordCount\":685,\"publisher\":{\"@id\":\"https:\/\/kunmedierne.dk\/mors\/#organization\"},\"image\":{\"@id\":\"https:\/\/kunmedierne.dk\/mors\/i-dag-fejrer-han-sit-40-aars-jubilaeum\/#primaryimage\"},\"thumbnailUrl\":\"https:\/\/kunmedierne.dk\/mors\/wp-content\/uploads\/2023\/05\/Billede-1-scaled.jpg\",\"articleSection\":[\"Lokalt\",\"Morsingboerne\",\"Navne\"],\"inLanguage\":\"da-DK\"},{\"@type\":\"WebPage\",\"@id\":\"https:\/\/kunmedierne.dk\/mors\/i-dag-fejrer-han-sit-40-aars-jubilaeum\/\",\"url\":\"https:\/\/kunmedierne.dk\/mors\/i-dag-fejrer-han-sit-40-aars-jubilaeum\/\",\"name\":\"I dag fejrer han sit 40-\u00e5rs jubil\u00e6um - Mors\",\"isPartOf\":{\"@id\":\"https:\/\/kunmedierne.dk\/mors\/#website\"},\"primaryImageOfPage\":{\"@id\":\"https:\/\/kunmedierne.dk\/mors\/i-dag-fejrer-han-sit-40-aars-jubilaeum\/#primaryimage\"},\"image\":{\"@id\":\"https:\/\/kunmedierne.dk\/mors\/i-dag-fejrer-han-sit-40-aars-jubilaeum\/#primaryimage\"},\"thumbnailUrl\":\"https:\/\/kunmedierne.dk\/mors\/wp-content\/uploads\/2023\/05\/Billede-1-scaled.jpg\",\"datePublished\":\"2023-05-22T09:05:53+00:00\",\"dateModified\":\"2024-08-12T11:18:07+00:00\",\"breadcrumb\":{\"@id\":\"https:\/\/kunmedierne.dk\/mors\/i-dag-fejrer-han-sit-40-aars-jubilaeum\/#breadcrumb\"},\"inLanguage\":\"da-DK\",\"potentialAction\":[{\"@type\":\"ReadAction\",\"target\":[\"https:\/\/kunmedierne.dk\/mors\/i-dag-fejrer-han-sit-40-aars-jubilaeum\/\"]}]},{\"@type\":\"ImageObject\",\"inLanguage\":\"da-DK\",\"@id\":\"https:\/\/kunmedierne.dk\/mors\/i-dag-fejrer-han-sit-40-aars-jubilaeum\/#primaryimage\",\"url\":\"https:\/\/kunmedierne.dk\/mors\/wp-content\/uploads\/2023\/05\/Billede-1-scaled.jpg\",\"contentUrl\":\"https:\/\/kunmedierne.dk\/mors\/wp-content\/uploads\/2023\/05\/Billede-1-scaled.jpg\",\"width\":2560,\"height\":1707,\"caption\":\"Svend Odgaard\"},{\"@type\":\"BreadcrumbList\",\"@id\":\"https:\/\/kunmedierne.dk\/mors\/i-dag-fejrer-han-sit-40-aars-jubilaeum\/#breadcrumb\",\"itemListElement\":[{\"@type\":\"ListItem\",\"position\":1,\"name\":\"Hjem\",\"item\":\"https:\/\/kunmedierne.dk\/mors\/\"},{\"@type\":\"ListItem\",\"position\":2,\"name\":\"I dag fejrer han sit 40-\u00e5rs jubil\u00e6um\"}]},{\"@type\":\"WebSite\",\"@id\":\"https:\/\/kunmedierne.dk\/mors\/#website\",\"url\":\"https:\/\/kunmedierne.dk\/mors\/\",\"name\":\"Mors\",\"description\":\"et netmedie med journalistik om livet p\u00e5 Mors\",\"publisher\":{\"@id\":\"https:\/\/kunmedierne.dk\/mors\/#organization\"},\"potentialAction\":[{\"@type\":\"SearchAction\",\"target\":{\"@type\":\"EntryPoint\",\"urlTemplate\":\"https:\/\/kunmedierne.dk\/mors\/?s={search_term_string}\"},\"query-input\":{\"@type\":\"PropertyValueSpecification\",\"valueRequired\":true,\"valueName\":\"search_term_string\"}}],\"inLanguage\":\"da-DK\"},{\"@type\":\"Organization\",\"@id\":\"https:\/\/kunmedierne.dk\/mors\/#organization\",\"name\":\"Mors\",\"url\":\"https:\/\/kunmedierne.dk\/mors\/\",\"logo\":{\"@type\":\"ImageObject\",\"inLanguage\":\"da-DK\",\"@id\":\"https:\/\/kunmedierne.dk\/mors\/#\/schema\/logo\/image\/\",\"url\":\"https:\/\/kunmedierne.dk\/mors\/wp-content\/uploads\/2024\/08\/kunmors-logo.svg\",\"contentUrl\":\"https:\/\/kunmedierne.dk\/mors\/wp-content\/uploads\/2024\/08\/kunmors-logo.svg\",\"caption\":\"Mors\"},\"image\":{\"@id\":\"https:\/\/kunmedierne.dk\/mors\/#\/schema\/logo\/image\/\"}},{\"@type\":\"Person\",\"@id\":\"https:\/\/kunmedierne.dk\/mors\/#\/schema\/person\/b2e62a38069b12365e53e087a8709c64\",\"name\":\"Katrine Hedegaard\",\"image\":{\"@type\":\"ImageObject\",\"inLanguage\":\"da-DK\",\"@id\":\"https:\/\/kunmedierne.dk\/mors\/#\/schema\/person\/image\/\",\"url\":\"https:\/\/secure.gravatar.com\/avatar\/18a5c72fa9148052fd3ed5a58b40fc83cfdc9811090e6e6eec9539af058edcc0?s=96&d=mm&r=g\",\"contentUrl\":\"https:\/\/secure.gravatar.com\/avatar\/18a5c72fa9148052fd3ed5a58b40fc83cfdc9811090e6e6eec9539af058edcc0?s=96&d=mm&r=g\",\"caption\":\"Katrine Hedegaard\"},\"url\":\"https:\/\/kunmedierne.dk\/mors\/author\/katrine\/\"}]}<\/script>\n<!-- \/ Yoast SEO plugin. -->","yoast_head_json":{"title":"I dag fejrer han sit 40-\u00e5rs jubil\u00e6um - Mors","robots":{"index":"index","follow":"follow","max-snippet":"max-snippet:-1","max-image-preview":"max-image-preview:large","max-video-preview":"max-video-preview:-1"},"canonical":"https:\/\/kunmedierne.dk\/mors\/i-dag-fejrer-han-sit-40-aars-jubilaeum\/","og_locale":"da_DK","og_type":"article","og_title":"I dag fejrer han sit 40-\u00e5rs jubil\u00e6um - Mors","og_description":"JUBIL\u00c6UM: Den danske vindues- og d\u00f8rproducent Outrup er siden grundl\u00e6ggelsen g\u00e5et op i de \u00e6dle dyder inden for snedkerarbejde og h\u00e5ndlavede speciall\u00f8sninger til vinduer og d\u00f8re. Det kan Svend Odgaard skrive under p\u00e5, for han har haft fingrene nede i savsmulden i produktionslokalerne p\u00e5 Mors det meste af sit arbejdsliv. De seneste 19 \u00e5r har [&hellip;]","og_url":"https:\/\/kunmedierne.dk\/mors\/i-dag-fejrer-han-sit-40-aars-jubilaeum\/","og_site_name":"Mors","article_published_time":"2023-05-22T09:05:53+00:00","article_modified_time":"2024-08-12T11:18:07+00:00","og_image":[{"width":2560,"height":1707,"url":"https:\/\/kunmedierne.dk\/mors\/wp-content\/uploads\/2023\/05\/Billede-1-scaled.jpg","type":"image\/jpeg"}],"author":"Katrine Hedegaard","twitter_card":"summary_large_image","twitter_misc":{"Skrevet af":"Katrine Hedegaard","Estimeret l\u00e6setid":"4 minutter"},"schema":{"@context":"https:\/\/schema.org","@graph":[{"@type":"Article","@id":"https:\/\/kunmedierne.dk\/mors\/i-dag-fejrer-han-sit-40-aars-jubilaeum\/#article","isPartOf":{"@id":"https:\/\/kunmedierne.dk\/mors\/i-dag-fejrer-han-sit-40-aars-jubilaeum\/"},"author":{"name":"Katrine Hedegaard","@id":"https:\/\/kunmedierne.dk\/mors\/#\/schema\/person\/b2e62a38069b12365e53e087a8709c64"},"headline":"I dag fejrer han sit 40-\u00e5rs jubil\u00e6um","datePublished":"2023-05-22T09:05:53+00:00","dateModified":"2024-08-12T11:18:07+00:00","mainEntityOfPage":{"@id":"https:\/\/kunmedierne.dk\/mors\/i-dag-fejrer-han-sit-40-aars-jubilaeum\/"},"wordCount":685,"publisher":{"@id":"https:\/\/kunmedierne.dk\/mors\/#organization"},"image":{"@id":"https:\/\/kunmedierne.dk\/mors\/i-dag-fejrer-han-sit-40-aars-jubilaeum\/#primaryimage"},"thumbnailUrl":"https:\/\/kunmedierne.dk\/mors\/wp-content\/uploads\/2023\/05\/Billede-1-scaled.jpg","articleSection":["Lokalt","Morsingboerne","Navne"],"inLanguage":"da-DK"},{"@type":"WebPage","@id":"https:\/\/kunmedierne.dk\/mors\/i-dag-fejrer-han-sit-40-aars-jubilaeum\/","url":"https:\/\/kunmedierne.dk\/mors\/i-dag-fejrer-han-sit-40-aars-jubilaeum\/","name":"I dag fejrer han sit 40-\u00e5rs jubil\u00e6um - Mors","isPartOf":{"@id":"https:\/\/kunmedierne.dk\/mors\/#website"},"primaryImageOfPage":{"@id":"https:\/\/kunmedierne.dk\/mors\/i-dag-fejrer-han-sit-40-aars-jubilaeum\/#primaryimage"},"image":{"@id":"https:\/\/kunmedierne.dk\/mors\/i-dag-fejrer-han-sit-40-aars-jubilaeum\/#primaryimage"},"thumbnailUrl":"https:\/\/kunmedierne.dk\/mors\/wp-content\/uploads\/2023\/05\/Billede-1-scaled.jpg","datePublished":"2023-05-22T09:05:53+00:00","dateModified":"2024-08-12T11:18:07+00:00","breadcrumb":{"@id":"https:\/\/kunmedierne.dk\/mors\/i-dag-fejrer-han-sit-40-aars-jubilaeum\/#breadcrumb"},"inLanguage":"da-DK","potentialAction":[{"@type":"ReadAction","target":["https:\/\/kunmedierne.dk\/mors\/i-dag-fejrer-han-sit-40-aars-jubilaeum\/"]}]},{"@type":"ImageObject","inLanguage":"da-DK","@id":"https:\/\/kunmedierne.dk\/mors\/i-dag-fejrer-han-sit-40-aars-jubilaeum\/#primaryimage","url":"https:\/\/kunmedierne.dk\/mors\/wp-content\/uploads\/2023\/05\/Billede-1-scaled.jpg","contentUrl":"https:\/\/kunmedierne.dk\/mors\/wp-content\/uploads\/2023\/05\/Billede-1-scaled.jpg","width":2560,"height":1707,"caption":"Svend Odgaard"},{"@type":"BreadcrumbList","@id":"https:\/\/kunmedierne.dk\/mors\/i-dag-fejrer-han-sit-40-aars-jubilaeum\/#breadcrumb","itemListElement":[{"@type":"ListItem","position":1,"name":"Hjem","item":"https:\/\/kunmedierne.dk\/mors\/"},{"@type":"ListItem","position":2,"name":"I dag fejrer han sit 40-\u00e5rs jubil\u00e6um"}]},{"@type":"WebSite","@id":"https:\/\/kunmedierne.dk\/mors\/#website","url":"https:\/\/kunmedierne.dk\/mors\/","name":"Mors","description":"et netmedie med journalistik om livet p\u00e5 Mors","publisher":{"@id":"https:\/\/kunmedierne.dk\/mors\/#organization"},"potentialAction":[{"@type":"SearchAction","target":{"@type":"EntryPoint","urlTemplate":"https:\/\/kunmedierne.dk\/mors\/?s={search_term_string}"},"query-input":{"@type":"PropertyValueSpecification","valueRequired":true,"valueName":"search_term_string"}}],"inLanguage":"da-DK"},{"@type":"Organization","@id":"https:\/\/kunmedierne.dk\/mors\/#organization","name":"Mors","url":"https:\/\/kunmedierne.dk\/mors\/","logo":{"@type":"ImageObject","inLanguage":"da-DK","@id":"https:\/\/kunmedierne.dk\/mors\/#\/schema\/logo\/image\/","url":"https:\/\/kunmedierne.dk\/mors\/wp-content\/uploads\/2024\/08\/kunmors-logo.svg","contentUrl":"https:\/\/kunmedierne.dk\/mors\/wp-content\/uploads\/2024\/08\/kunmors-logo.svg","caption":"Mors"},"image":{"@id":"https:\/\/kunmedierne.dk\/mors\/#\/schema\/logo\/image\/"}},{"@type":"Person","@id":"https:\/\/kunmedierne.dk\/mors\/#\/schema\/person\/b2e62a38069b12365e53e087a8709c64","name":"Katrine Hedegaard","image":{"@type":"ImageObject","inLanguage":"da-DK","@id":"https:\/\/kunmedierne.dk\/mors\/#\/schema\/person\/image\/","url":"https:\/\/secure.gravatar.com\/avatar\/18a5c72fa9148052fd3ed5a58b40fc83cfdc9811090e6e6eec9539af058edcc0?s=96&d=mm&r=g","contentUrl":"https:\/\/secure.gravatar.com\/avatar\/18a5c72fa9148052fd3ed5a58b40fc83cfdc9811090e6e6eec9539af058edcc0?s=96&d=mm&r=g","caption":"Katrine Hedegaard"},"url":"https:\/\/kunmedierne.dk\/mors\/author\/katrine\/"}]}},"_links":{"self":[{"href":"https:\/\/kunmedierne.dk\/mors\/wp-json\/wp\/v2\/posts\/95318","targetHints":{"allow":["GET"]}}],"collection":[{"href":"https:\/\/kunmedierne.dk\/mors\/wp-json\/wp\/v2\/posts"}],"about":[{"href":"https:\/\/kunmedierne.dk\/mors\/wp-json\/wp\/v2\/types\/post"}],"author":[{"embeddable":true,"href":"https:\/\/kunmedierne.dk\/mors\/wp-json\/wp\/v2\/users\/2507"}],"replies":[{"embeddable":true,"href":"https:\/\/kunmedierne.dk\/mors\/wp-json\/wp\/v2\/comments?post=95318"}],"version-history":[{"count":2,"href":"https:\/\/kunmedierne.dk\/mors\/wp-json\/wp\/v2\/posts\/95318\/revisions"}],"predecessor-version":[{"id":95324,"href":"https:\/\/kunmedierne.dk\/mors\/wp-json\/wp\/v2\/posts\/95318\/revisions\/95324"}],"wp:featuredmedia":[{"embeddable":true,"href":"https:\/\/kunmedierne.dk\/mors\/wp-json\/wp\/v2\/media\/95322"}],"wp:attachment":[{"href":"https:\/\/kunmedierne.dk\/mors\/wp-json\/wp\/v2\/media?parent=95318"}],"wp:term":[{"taxonomy":"category","embeddable":true,"href":"https:\/\/kunmedierne.dk\/mors\/wp-json\/wp\/v2\/categories?post=95318"},{"taxonomy":"post_tag","embeddable":true,"href":"https:\/\/kunmedierne.dk\/mors\/wp-json\/wp\/v2\/tags?post=95318"}],"curies":[{"name":"wp","href":"https:\/\/api.w.org\/{rel}","templated":true}]}}