{"id":95199,"date":"2023-05-19T16:32:44","date_gmt":"2023-05-19T14:32:44","guid":{"rendered":"https:\/\/kunmedierne.dk\/mors\/?p=95199"},"modified":"2024-08-12T13:18:08","modified_gmt":"2024-08-12T11:18:08","slug":"fra-noegenhalse-til-folkedansere-gaagaden-var-fyldt-med-saerlige-tilbud","status":"publish","type":"post","link":"https:\/\/kunmedierne.dk\/mors\/fra-noegenhalse-til-folkedansere-gaagaden-var-fyldt-med-saerlige-tilbud\/","title":{"rendered":"Fra n\u00f8genhalse til folkedansere: G\u00e5gaden var fyldt med s\u00e6rlige tilbud"},"content":{"rendered":"<p><strong>G\u00c5GADEN<\/strong>: &#8211; Jeg har pr\u00f8vet at holde en slange!<\/p>\n<p>Victor Emil er ikke s\u00e5 nem at imponere. For n\u00e5r man allerede som dreng ved, hvordan et rigtigt krybdyr f\u00f8les at r\u00f8re ved, skal der mere end en stor h\u00f8ne til at sl\u00e5 en ud af kurs.<\/p>\n<p>Ogs\u00e5 selv om det er N\u00f8genhalset Siebenb\u00fcrger af tysk oprindelse og med st\u00f8rrelse og udseende, der leder tankerne hen p\u00e5 en kalkun.<\/p>\n<p>Vi er i g\u00e5gaden i Nyk\u00f8bing Mors. Normalt er det ikke et sted, hvor man bliver klogere p\u00e5 h\u00f8nseracer, men lige netop denne fredag oplever man hele seks af slagsen &#8211; foruden de mange andre tilbud fra de rekordmange stande p\u00e5 Foreningernes Dag.<\/p>\n<a class=\"dvrt-link\" onClick=\"cdmtrack_click(104783,jQuery(this));return false\" href=\"https:\/\/konpap.dk\/\"><img decoding=\"async\" style=\"width:100%;\" src=\"https:\/\/kunmedierne.dk\/mors\/wp-content\/uploads\/2023\/10\/Kun-Mors-banner.jpg\"><\/a><script>cdmtrack_view(104783);<\/script>\n<p>En af dem byder p\u00e5 17 h\u00f8ns i seks forskellige racer &#8211; og tre medlemmer af bestyrelsen i det, der efter en sammenl\u00e6gning nu hedder Fjerkr\u00e6klubben Thy-Mors.<\/p>\n<p>&#8211; Vi f\u00e5r forh\u00e5bentlig det ud af det, at vi kan tegne nogle medlemmer til vores forening. Mange har jo h\u00f8ns hjemme i haven, og de f\u00e5r m\u00e5ske \u00f8jnene op for, at der er en forening for raceavl, lyder det fra Stefan S\u00f8ndergaard, da han forklarer, hvorfor en forening for h\u00f8ns er at finde i Nyk\u00f8bings g\u00e5gade.<\/p>\n<p>Og s\u00e5 giver han sig tid til Victor Emil og lillebror Malthe William. De to drenge fra Hinnerup er p\u00e5 bes\u00f8g hos bedstefor\u00e6ldrene, og nu ser de n\u00e6rmere p\u00e5 den st\u00f8rste af de seks racer.<\/p>\n<a class=\"dvrt-link\" onClick=\"cdmtrack_click(104786,jQuery(this));return false\" href=\"https:\/\/limfjordsteatret.dk\/events\/tobias-dybvad-mit-bedste-onemanshow\/\"><img decoding=\"async\" style=\"width:100%;\" src=\"https:\/\/kunmedierne.dk\/mors\/wp-content\/uploads\/2023\/10\/aarskortLim_KunMors_1100x125.jpg\"><\/a><script>cdmtrack_view(104786);<\/script>\n<p>Stefan S\u00f8ndergaard tager et af de n\u00f8genhalsede fjerkr\u00e6 ud af sit bur. Han beroliger med, at man ikke risikerer at blive bidt. Til geng\u00e6ld kan man v\u00e6re heldig en dag at blive m\u00e6t.<\/p>\n<p>&#8211; Der kan blive en ordentlig grydefuld suppe ud af s\u00e5dan en, siger han.<\/p>\n<p>&nbsp;<\/p>\n<p><strong>Forening for biodiversitet<\/strong><\/p>\n<p>Kort efter g\u00e5r turen videre for de to drenge og deres bedstefor\u00e6ldre. Og hvis de n\u00e5r hele vejen igennem alle foreninger, kommer de til at sove godt over de mange indtryk.<\/p>\n<p>Det kunne for eksempel v\u00e6re nogle fra Haveselskabet, der lige som de mange andre ogs\u00e5 er med for at g\u00f8re opm\u00e6rksom p\u00e5 sig selv. Det s\u00f8rger Ketty Olsen og J\u00f8rgen Kristensen for &#8211; blandt andet med uddeling af oplysningsmateriale og vilde fr\u00f8 til haven.<\/p>\n<a class=\"dvrt-link\" onClick=\"cdmtrack_click(104787,jQuery(this));return false\" href=\"https:\/\/www.jyskebank.dk\/kontakt\/afdelingsinfo?departmentid=11890\"><img decoding=\"async\" style=\"width:100%;\" src=\"https:\/\/kunmedierne.dk\/mors\/wp-content\/uploads\/2023\/10\/260325JyskeBankMorsNy-1.jpg\"><\/a><script>cdmtrack_view(104787);<\/script>\n<p>Det sidste er en trend, der vinder frem i disse \u00e5r. Et stigende antal haveejere planter til fordel for de insekter, der engang var s\u00e5 mange af, s\u00e5 de igen kan indtr\u00e6de i naturens orden.<\/p>\n<p>&#8211; Det er m\u00e5ske ikke s\u00e5 meget her p\u00e5 Mors endnu, men selvf\u00f8lgelig er der nogen, der g\u00e5r op i det med biodiversitet, lyder det fra J\u00f8rgen, inden Ketty supplerer<\/p>\n<p>&#8211; Og det er absolut noget, vi t\u00e6nker ind i vores arrangementer.<\/p>\n<p>&nbsp;<\/p>\n<p><strong>En tradition for folkedanserne<\/strong><\/p>\n<p>L\u00e6ngere oppe i g\u00e5gaden m\u00f8der man folkedansere. Et par af dem, Hanne og Aksel, tager j\u00e6vnligt en spadseretur rundt for at blive &#8211; og set bliver de af de mange g\u00e6ster i g\u00e5gaden.<\/p>\n<p>Gerda Juul Jensen, formand for Mors\u00f8 Folkedanserforening, fort\u00e6ller da ogs\u00e5, at det er noget n\u00e6r en tradition at v\u00e6re med p\u00e5 Foreningernes Dag.<\/p>\n<a class=\"dvrt-link\" onClick=\"cdmtrack_click(104783,jQuery(this));return false\" href=\"https:\/\/konpap.dk\/\"><img decoding=\"async\" style=\"width:100%;\" src=\"https:\/\/kunmedierne.dk\/mors\/wp-content\/uploads\/2023\/10\/Kun-Mors-banner.jpg\"><\/a><script>cdmtrack_view(104783);<\/script>\n<p>&#8211; Jeg tror ikke, at vi f\u00e5r s\u00e5 mange til at danse folkedans, men vi f\u00e5r vist, at vi er p\u00e5 Mors, siger hun og s\u00e6tter ord p\u00e5, hvad man f\u00e5r ud af at g\u00e5 til folkedans.<\/p>\n<p>&#8211; Man m\u00f8der en masse mennesker og har nogle hyggelige timer sammen, lyder det om det f\u00e6llesskab, der ogs\u00e5 nyder godt af de nye muligheder p\u00e5 den tidligere Fr\u00f8slev Skole.<\/p>\n<p>&#8211; Der er vi rigtig glade for at v\u00e6re. Det er utrolig sk\u00f8nt, siger hun.<\/p>\n<p>&nbsp;<\/p>\n<p><strong>Seks flere end sidste \u00e5r<\/strong><\/p>\n<p>De ser dog ogs\u00e5 ud til at nyde at v\u00e6re i g\u00e5gaden. Her er vejret lige s\u00e5 fint som hum\u00f8ret p\u00e5 de mange stande, der over fire timer for demonstreret nogle af de mange tilbud for morsingboerne.<\/p>\n<p>Det er Frivilligcenter Mors, der st\u00e5r bag den \u00e5rlige dag for \u00f8ens foreninger. Og noget tyder p\u00e5, at opbakningen til den ikke har set sin top endnu. Sidste \u00e5r vendte det \u00e5rlige arrangement tilbage efter to \u00e5rs coronapause. Det var med 17 stande.<\/p>\n<p>Fredag viste 23 af \u00f8ens foreninger sig frem.<\/p>\n<a class=\"dvrt-link\" onClick=\"cdmtrack_click(104786,jQuery(this));return false\" href=\"https:\/\/limfjordsteatret.dk\/events\/tobias-dybvad-mit-bedste-onemanshow\/\"><img decoding=\"async\" style=\"width:100%;\" src=\"https:\/\/kunmedierne.dk\/mors\/wp-content\/uploads\/2023\/10\/aarskortLim_KunMors_1100x125.jpg\"><\/a><script>cdmtrack_view(104786);<\/script>\n<div id=\"attachment_95205\" style=\"width: 780px\" class=\"wp-caption alignleft\"><img loading=\"lazy\" decoding=\"async\" aria-describedby=\"caption-attachment-95205\" class=\"wp-image-95205 size-full\" src=\"https:\/\/kunmedierne.dk\/mors\/wp-content\/uploads\/2023\/05\/230519-foreningernes-dag-4.jpg\" alt=\"\" width=\"770\" height=\"513\" srcset=\"https:\/\/kunmedierne.dk\/mors\/wp-content\/uploads\/2023\/05\/230519-foreningernes-dag-4.jpg 770w, https:\/\/kunmedierne.dk\/mors\/wp-content\/uploads\/2023\/05\/230519-foreningernes-dag-4-300x200.jpg 300w, https:\/\/kunmedierne.dk\/mors\/wp-content\/uploads\/2023\/05\/230519-foreningernes-dag-4-768x512.jpg 768w, https:\/\/kunmedierne.dk\/mors\/wp-content\/uploads\/2023\/05\/230519-foreningernes-dag-4-360x240.jpg 360w, https:\/\/kunmedierne.dk\/mors\/wp-content\/uploads\/2023\/05\/230519-foreningernes-dag-4-600x400.jpg 600w\" sizes=\"auto, (max-width: 770px) 100vw, 770px\" \/><p id=\"caption-attachment-95205\" class=\"wp-caption-text\">N\u00f8genhalset Siebenb\u00fcrger egner sig godt til h\u00f8nsek\u00f8dssuppe.<\/p><\/div>\n<a class=\"dvrt-link\" onClick=\"cdmtrack_click(104786,jQuery(this));return false\" href=\"https:\/\/limfjordsteatret.dk\/events\/tobias-dybvad-mit-bedste-onemanshow\/\"><img decoding=\"async\" style=\"width:100%;\" src=\"https:\/\/kunmedierne.dk\/mors\/wp-content\/uploads\/2023\/10\/aarskortLim_KunMors_1100x125.jpg\"><\/a><script>cdmtrack_view(104786);<\/script>\n<div id=\"attachment_95204\" style=\"width: 780px\" class=\"wp-caption alignleft\"><img loading=\"lazy\" decoding=\"async\" aria-describedby=\"caption-attachment-95204\" class=\"wp-image-95204 size-full\" src=\"https:\/\/kunmedierne.dk\/mors\/wp-content\/uploads\/2023\/05\/230519-foreningernes-dag-3.jpg\" alt=\"\" width=\"770\" height=\"513\" srcset=\"https:\/\/kunmedierne.dk\/mors\/wp-content\/uploads\/2023\/05\/230519-foreningernes-dag-3.jpg 770w, https:\/\/kunmedierne.dk\/mors\/wp-content\/uploads\/2023\/05\/230519-foreningernes-dag-3-300x200.jpg 300w, https:\/\/kunmedierne.dk\/mors\/wp-content\/uploads\/2023\/05\/230519-foreningernes-dag-3-768x512.jpg 768w, https:\/\/kunmedierne.dk\/mors\/wp-content\/uploads\/2023\/05\/230519-foreningernes-dag-3-360x240.jpg 360w, https:\/\/kunmedierne.dk\/mors\/wp-content\/uploads\/2023\/05\/230519-foreningernes-dag-3-600x400.jpg 600w\" sizes=\"auto, (max-width: 770px) 100vw, 770px\" \/><p id=\"caption-attachment-95204\" class=\"wp-caption-text\">Haveselskabets Mors\u00f8-afdeling var p\u00e5 plads med vilde fr\u00f8 til haven.<\/p><\/div>\n<a class=\"dvrt-link\" onClick=\"cdmtrack_click(104781,jQuery(this));return false\" href=\"https:\/\/www.fmspks.dk\/\"><img decoding=\"async\" style=\"width:100%;\" src=\"https:\/\/kunmedierne.dk\/mors\/wp-content\/uploads\/2022\/02\/vip-froeslev-mollerup-sparekasse.jpg\"><\/a><script>cdmtrack_view(104781);<\/script>\n<div id=\"attachment_95207\" style=\"width: 780px\" class=\"wp-caption alignleft\"><img loading=\"lazy\" decoding=\"async\" aria-describedby=\"caption-attachment-95207\" class=\"wp-image-95207 size-full\" src=\"https:\/\/kunmedierne.dk\/mors\/wp-content\/uploads\/2023\/05\/230519-foreningernes-dag-6.jpg\" alt=\"\" width=\"770\" height=\"513\" srcset=\"https:\/\/kunmedierne.dk\/mors\/wp-content\/uploads\/2023\/05\/230519-foreningernes-dag-6.jpg 770w, https:\/\/kunmedierne.dk\/mors\/wp-content\/uploads\/2023\/05\/230519-foreningernes-dag-6-300x200.jpg 300w, https:\/\/kunmedierne.dk\/mors\/wp-content\/uploads\/2023\/05\/230519-foreningernes-dag-6-768x512.jpg 768w, https:\/\/kunmedierne.dk\/mors\/wp-content\/uploads\/2023\/05\/230519-foreningernes-dag-6-360x240.jpg 360w, https:\/\/kunmedierne.dk\/mors\/wp-content\/uploads\/2023\/05\/230519-foreningernes-dag-6-600x400.jpg 600w\" sizes=\"auto, (max-width: 770px) 100vw, 770px\" \/><p id=\"caption-attachment-95207\" class=\"wp-caption-text\">Folkedanserne fik vist sig selv og de flotte dragter frem.<\/p><\/div>\n<a class=\"dvrt-link\" onClick=\"cdmtrack_click(104780,jQuery(this));return false\" href=\"https:\/\/www.spard.dk\/\"><img decoding=\"async\" style=\"width:100%;\" src=\"https:\/\/kunmedierne.dk\/mors\/wp-content\/uploads\/2023\/12\/sparekassen-dk-maj25.gif\"><\/a><script>cdmtrack_view(104780);<\/script>\n<div id=\"attachment_95202\" style=\"width: 780px\" class=\"wp-caption alignleft\"><img loading=\"lazy\" decoding=\"async\" aria-describedby=\"caption-attachment-95202\" class=\"wp-image-95202 size-full\" src=\"https:\/\/kunmedierne.dk\/mors\/wp-content\/uploads\/2023\/05\/230519-foreningernes-dag-1.jpg\" alt=\"\" width=\"770\" height=\"513\" srcset=\"https:\/\/kunmedierne.dk\/mors\/wp-content\/uploads\/2023\/05\/230519-foreningernes-dag-1.jpg 770w, https:\/\/kunmedierne.dk\/mors\/wp-content\/uploads\/2023\/05\/230519-foreningernes-dag-1-300x200.jpg 300w, https:\/\/kunmedierne.dk\/mors\/wp-content\/uploads\/2023\/05\/230519-foreningernes-dag-1-768x512.jpg 768w, https:\/\/kunmedierne.dk\/mors\/wp-content\/uploads\/2023\/05\/230519-foreningernes-dag-1-360x240.jpg 360w, https:\/\/kunmedierne.dk\/mors\/wp-content\/uploads\/2023\/05\/230519-foreningernes-dag-1-600x400.jpg 600w\" sizes=\"auto, (max-width: 770px) 100vw, 770px\" \/><p id=\"caption-attachment-95202\" class=\"wp-caption-text\">P\u00e5 Kirketorvet var der mulighed for at pr\u00f8ve crossfit.<\/p><\/div>\n<a class=\"dvrt-link\" onClick=\"cdmtrack_click(104781,jQuery(this));return false\" href=\"https:\/\/www.fmspks.dk\/\"><img decoding=\"async\" style=\"width:100%;\" src=\"https:\/\/kunmedierne.dk\/mors\/wp-content\/uploads\/2022\/02\/vip-froeslev-mollerup-sparekasse.jpg\"><\/a><script>cdmtrack_view(104781);<\/script>\n<div id=\"attachment_95203\" style=\"width: 780px\" class=\"wp-caption alignleft\"><img loading=\"lazy\" decoding=\"async\" aria-describedby=\"caption-attachment-95203\" class=\"wp-image-95203 size-full\" src=\"https:\/\/kunmedierne.dk\/mors\/wp-content\/uploads\/2023\/05\/230519-foreningernes-dag-2.jpg\" alt=\"\" width=\"770\" height=\"513\" srcset=\"https:\/\/kunmedierne.dk\/mors\/wp-content\/uploads\/2023\/05\/230519-foreningernes-dag-2.jpg 770w, https:\/\/kunmedierne.dk\/mors\/wp-content\/uploads\/2023\/05\/230519-foreningernes-dag-2-300x200.jpg 300w, https:\/\/kunmedierne.dk\/mors\/wp-content\/uploads\/2023\/05\/230519-foreningernes-dag-2-768x512.jpg 768w, https:\/\/kunmedierne.dk\/mors\/wp-content\/uploads\/2023\/05\/230519-foreningernes-dag-2-360x240.jpg 360w, https:\/\/kunmedierne.dk\/mors\/wp-content\/uploads\/2023\/05\/230519-foreningernes-dag-2-600x400.jpg 600w\" sizes=\"auto, (max-width: 770px) 100vw, 770px\" \/><p id=\"caption-attachment-95203\" class=\"wp-caption-text\">Ogs\u00e5 Mors\u00f8 Garden var p\u00e5 plads til Foreningernes Dag.<\/p><\/div>\n","protected":false},"excerpt":{"rendered":"<p>G\u00c5GADEN: &#8211; Jeg har pr\u00f8vet at holde en slange! Victor Emil er ikke s\u00e5 nem at imponere. For n\u00e5r man allerede som dreng ved, hvordan et rigtigt krybdyr f\u00f8les at r\u00f8re ved, skal der mere end en stor h\u00f8ne til at sl\u00e5 en ud af kurs. Ogs\u00e5 selv om det er N\u00f8genhalset Siebenb\u00fcrger af tysk [&hellip;]<\/p>\n","protected":false},"author":8,"featured_media":95206,"comment_status":"closed","ping_status":"open","sticky":false,"template":"","format":"standard","meta":{"_acf_changed":false,"footnotes":""},"categories":[51],"tags":[196],"class_list":["post-95199","post","type-post","status-publish","format-standard","has-post-thumbnail","hentry","category-lokalt","tag-foreningsliv"],"acf":[],"yoast_head":"<!-- This site is optimized with the Yoast SEO plugin v26.8 - https:\/\/yoast.com\/product\/yoast-seo-wordpress\/ -->\n<title>Fra n\u00f8genhalse til folkedansere: G\u00e5gaden var fyldt med s\u00e6rlige tilbud - Mors<\/title>\n<meta name=\"robots\" content=\"index, follow, max-snippet:-1, max-image-preview:large, max-video-preview:-1\" \/>\n<link rel=\"canonical\" href=\"https:\/\/kunmedierne.dk\/mors\/fra-noegenhalse-til-folkedansere-gaagaden-var-fyldt-med-saerlige-tilbud\/\" \/>\n<meta property=\"og:locale\" content=\"da_DK\" \/>\n<meta property=\"og:type\" content=\"article\" \/>\n<meta property=\"og:title\" content=\"Fra n\u00f8genhalse til folkedansere: G\u00e5gaden var fyldt med s\u00e6rlige tilbud - Mors\" \/>\n<meta property=\"og:description\" content=\"G\u00c5GADEN: &#8211; Jeg har pr\u00f8vet at holde en slange! Victor Emil er ikke s\u00e5 nem at imponere. For n\u00e5r man allerede som dreng ved, hvordan et rigtigt krybdyr f\u00f8les at r\u00f8re ved, skal der mere end en stor h\u00f8ne til at sl\u00e5 en ud af kurs. Ogs\u00e5 selv om det er N\u00f8genhalset Siebenb\u00fcrger af tysk [&hellip;]\" \/>\n<meta property=\"og:url\" content=\"https:\/\/kunmedierne.dk\/mors\/fra-noegenhalse-til-folkedansere-gaagaden-var-fyldt-med-saerlige-tilbud\/\" \/>\n<meta property=\"og:site_name\" content=\"Mors\" \/>\n<meta property=\"article:published_time\" content=\"2023-05-19T14:32:44+00:00\" \/>\n<meta property=\"article:modified_time\" content=\"2024-08-12T11:18:08+00:00\" \/>\n<meta property=\"og:image\" content=\"https:\/\/kunmedierne.dk\/mors\/wp-content\/uploads\/2023\/05\/230519-foreningernes-dag-5.jpg\" \/>\n\t<meta property=\"og:image:width\" content=\"770\" \/>\n\t<meta property=\"og:image:height\" content=\"513\" \/>\n\t<meta property=\"og:image:type\" content=\"image\/jpeg\" \/>\n<meta name=\"author\" content=\"David H\u00f8jmark\" \/>\n<meta name=\"twitter:card\" content=\"summary_large_image\" \/>\n<meta name=\"twitter:label1\" content=\"Skrevet af\" \/>\n\t<meta name=\"twitter:data1\" content=\"David H\u00f8jmark\" \/>\n\t<meta name=\"twitter:label2\" content=\"Estimeret l\u00e6setid\" \/>\n\t<meta name=\"twitter:data2\" content=\"6 minutter\" \/>\n<script type=\"application\/ld+json\" class=\"yoast-schema-graph\">{\"@context\":\"https:\/\/schema.org\",\"@graph\":[{\"@type\":\"Article\",\"@id\":\"https:\/\/kunmedierne.dk\/mors\/fra-noegenhalse-til-folkedansere-gaagaden-var-fyldt-med-saerlige-tilbud\/#article\",\"isPartOf\":{\"@id\":\"https:\/\/kunmedierne.dk\/mors\/fra-noegenhalse-til-folkedansere-gaagaden-var-fyldt-med-saerlige-tilbud\/\"},\"author\":{\"name\":\"David H\u00f8jmark\",\"@id\":\"https:\/\/kunmedierne.dk\/mors\/#\/schema\/person\/5fe23251bf1d0abbcdc6f7896579d548\"},\"headline\":\"Fra n\u00f8genhalse til folkedansere: G\u00e5gaden var fyldt med s\u00e6rlige tilbud\",\"datePublished\":\"2023-05-19T14:32:44+00:00\",\"dateModified\":\"2024-08-12T11:18:08+00:00\",\"mainEntityOfPage\":{\"@id\":\"https:\/\/kunmedierne.dk\/mors\/fra-noegenhalse-til-folkedansere-gaagaden-var-fyldt-med-saerlige-tilbud\/\"},\"wordCount\":854,\"publisher\":{\"@id\":\"https:\/\/kunmedierne.dk\/mors\/#organization\"},\"image\":{\"@id\":\"https:\/\/kunmedierne.dk\/mors\/fra-noegenhalse-til-folkedansere-gaagaden-var-fyldt-med-saerlige-tilbud\/#primaryimage\"},\"thumbnailUrl\":\"https:\/\/kunmedierne.dk\/mors\/wp-content\/uploads\/2023\/05\/230519-foreningernes-dag-5.jpg\",\"keywords\":[\"Foreningsliv\"],\"articleSection\":[\"Lokalt\"],\"inLanguage\":\"da-DK\"},{\"@type\":\"WebPage\",\"@id\":\"https:\/\/kunmedierne.dk\/mors\/fra-noegenhalse-til-folkedansere-gaagaden-var-fyldt-med-saerlige-tilbud\/\",\"url\":\"https:\/\/kunmedierne.dk\/mors\/fra-noegenhalse-til-folkedansere-gaagaden-var-fyldt-med-saerlige-tilbud\/\",\"name\":\"Fra n\u00f8genhalse til folkedansere: G\u00e5gaden var fyldt med s\u00e6rlige tilbud - Mors\",\"isPartOf\":{\"@id\":\"https:\/\/kunmedierne.dk\/mors\/#website\"},\"primaryImageOfPage\":{\"@id\":\"https:\/\/kunmedierne.dk\/mors\/fra-noegenhalse-til-folkedansere-gaagaden-var-fyldt-med-saerlige-tilbud\/#primaryimage\"},\"image\":{\"@id\":\"https:\/\/kunmedierne.dk\/mors\/fra-noegenhalse-til-folkedansere-gaagaden-var-fyldt-med-saerlige-tilbud\/#primaryimage\"},\"thumbnailUrl\":\"https:\/\/kunmedierne.dk\/mors\/wp-content\/uploads\/2023\/05\/230519-foreningernes-dag-5.jpg\",\"datePublished\":\"2023-05-19T14:32:44+00:00\",\"dateModified\":\"2024-08-12T11:18:08+00:00\",\"breadcrumb\":{\"@id\":\"https:\/\/kunmedierne.dk\/mors\/fra-noegenhalse-til-folkedansere-gaagaden-var-fyldt-med-saerlige-tilbud\/#breadcrumb\"},\"inLanguage\":\"da-DK\",\"potentialAction\":[{\"@type\":\"ReadAction\",\"target\":[\"https:\/\/kunmedierne.dk\/mors\/fra-noegenhalse-til-folkedansere-gaagaden-var-fyldt-med-saerlige-tilbud\/\"]}]},{\"@type\":\"ImageObject\",\"inLanguage\":\"da-DK\",\"@id\":\"https:\/\/kunmedierne.dk\/mors\/fra-noegenhalse-til-folkedansere-gaagaden-var-fyldt-med-saerlige-tilbud\/#primaryimage\",\"url\":\"https:\/\/kunmedierne.dk\/mors\/wp-content\/uploads\/2023\/05\/230519-foreningernes-dag-5.jpg\",\"contentUrl\":\"https:\/\/kunmedierne.dk\/mors\/wp-content\/uploads\/2023\/05\/230519-foreningernes-dag-5.jpg\",\"width\":770,\"height\":513,\"caption\":\"Victor Emil og Malthe William l\u00e6rte om h\u00f8ns hos Fjerkr\u00e6klubben Thy-Mors.\"},{\"@type\":\"BreadcrumbList\",\"@id\":\"https:\/\/kunmedierne.dk\/mors\/fra-noegenhalse-til-folkedansere-gaagaden-var-fyldt-med-saerlige-tilbud\/#breadcrumb\",\"itemListElement\":[{\"@type\":\"ListItem\",\"position\":1,\"name\":\"Hjem\",\"item\":\"https:\/\/kunmedierne.dk\/mors\/\"},{\"@type\":\"ListItem\",\"position\":2,\"name\":\"Fra n\u00f8genhalse til folkedansere: G\u00e5gaden var fyldt med s\u00e6rlige tilbud\"}]},{\"@type\":\"WebSite\",\"@id\":\"https:\/\/kunmedierne.dk\/mors\/#website\",\"url\":\"https:\/\/kunmedierne.dk\/mors\/\",\"name\":\"Mors\",\"description\":\"et netmedie med journalistik om livet p\u00e5 Mors\",\"publisher\":{\"@id\":\"https:\/\/kunmedierne.dk\/mors\/#organization\"},\"potentialAction\":[{\"@type\":\"SearchAction\",\"target\":{\"@type\":\"EntryPoint\",\"urlTemplate\":\"https:\/\/kunmedierne.dk\/mors\/?s={search_term_string}\"},\"query-input\":{\"@type\":\"PropertyValueSpecification\",\"valueRequired\":true,\"valueName\":\"search_term_string\"}}],\"inLanguage\":\"da-DK\"},{\"@type\":\"Organization\",\"@id\":\"https:\/\/kunmedierne.dk\/mors\/#organization\",\"name\":\"Mors\",\"url\":\"https:\/\/kunmedierne.dk\/mors\/\",\"logo\":{\"@type\":\"ImageObject\",\"inLanguage\":\"da-DK\",\"@id\":\"https:\/\/kunmedierne.dk\/mors\/#\/schema\/logo\/image\/\",\"url\":\"https:\/\/kunmedierne.dk\/mors\/wp-content\/uploads\/2024\/08\/kunmors-logo.svg\",\"contentUrl\":\"https:\/\/kunmedierne.dk\/mors\/wp-content\/uploads\/2024\/08\/kunmors-logo.svg\",\"caption\":\"Mors\"},\"image\":{\"@id\":\"https:\/\/kunmedierne.dk\/mors\/#\/schema\/logo\/image\/\"}},{\"@type\":\"Person\",\"@id\":\"https:\/\/kunmedierne.dk\/mors\/#\/schema\/person\/5fe23251bf1d0abbcdc6f7896579d548\",\"name\":\"David H\u00f8jmark\",\"image\":{\"@type\":\"ImageObject\",\"inLanguage\":\"da-DK\",\"@id\":\"https:\/\/kunmedierne.dk\/mors\/#\/schema\/person\/image\/\",\"url\":\"https:\/\/secure.gravatar.com\/avatar\/4315d6fb9ef244d729989f5f90268eb08d5bf8a3d84402f595fa194bb35784fd?s=96&d=mm&r=g\",\"contentUrl\":\"https:\/\/secure.gravatar.com\/avatar\/4315d6fb9ef244d729989f5f90268eb08d5bf8a3d84402f595fa194bb35784fd?s=96&d=mm&r=g\",\"caption\":\"David H\u00f8jmark\"},\"sameAs\":[\"https:\/\/www.kunmedierne.dk\"],\"url\":\"https:\/\/kunmedierne.dk\/mors\/author\/david\/\"}]}<\/script>\n<!-- \/ Yoast SEO plugin. -->","yoast_head_json":{"title":"Fra n\u00f8genhalse til folkedansere: G\u00e5gaden var fyldt med s\u00e6rlige tilbud - Mors","robots":{"index":"index","follow":"follow","max-snippet":"max-snippet:-1","max-image-preview":"max-image-preview:large","max-video-preview":"max-video-preview:-1"},"canonical":"https:\/\/kunmedierne.dk\/mors\/fra-noegenhalse-til-folkedansere-gaagaden-var-fyldt-med-saerlige-tilbud\/","og_locale":"da_DK","og_type":"article","og_title":"Fra n\u00f8genhalse til folkedansere: G\u00e5gaden var fyldt med s\u00e6rlige tilbud - Mors","og_description":"G\u00c5GADEN: &#8211; Jeg har pr\u00f8vet at holde en slange! Victor Emil er ikke s\u00e5 nem at imponere. For n\u00e5r man allerede som dreng ved, hvordan et rigtigt krybdyr f\u00f8les at r\u00f8re ved, skal der mere end en stor h\u00f8ne til at sl\u00e5 en ud af kurs. Ogs\u00e5 selv om det er N\u00f8genhalset Siebenb\u00fcrger af tysk [&hellip;]","og_url":"https:\/\/kunmedierne.dk\/mors\/fra-noegenhalse-til-folkedansere-gaagaden-var-fyldt-med-saerlige-tilbud\/","og_site_name":"Mors","article_published_time":"2023-05-19T14:32:44+00:00","article_modified_time":"2024-08-12T11:18:08+00:00","og_image":[{"width":770,"height":513,"url":"https:\/\/kunmedierne.dk\/mors\/wp-content\/uploads\/2023\/05\/230519-foreningernes-dag-5.jpg","type":"image\/jpeg"}],"author":"David H\u00f8jmark","twitter_card":"summary_large_image","twitter_misc":{"Skrevet af":"David H\u00f8jmark","Estimeret l\u00e6setid":"6 minutter"},"schema":{"@context":"https:\/\/schema.org","@graph":[{"@type":"Article","@id":"https:\/\/kunmedierne.dk\/mors\/fra-noegenhalse-til-folkedansere-gaagaden-var-fyldt-med-saerlige-tilbud\/#article","isPartOf":{"@id":"https:\/\/kunmedierne.dk\/mors\/fra-noegenhalse-til-folkedansere-gaagaden-var-fyldt-med-saerlige-tilbud\/"},"author":{"name":"David H\u00f8jmark","@id":"https:\/\/kunmedierne.dk\/mors\/#\/schema\/person\/5fe23251bf1d0abbcdc6f7896579d548"},"headline":"Fra n\u00f8genhalse til folkedansere: G\u00e5gaden var fyldt med s\u00e6rlige tilbud","datePublished":"2023-05-19T14:32:44+00:00","dateModified":"2024-08-12T11:18:08+00:00","mainEntityOfPage":{"@id":"https:\/\/kunmedierne.dk\/mors\/fra-noegenhalse-til-folkedansere-gaagaden-var-fyldt-med-saerlige-tilbud\/"},"wordCount":854,"publisher":{"@id":"https:\/\/kunmedierne.dk\/mors\/#organization"},"image":{"@id":"https:\/\/kunmedierne.dk\/mors\/fra-noegenhalse-til-folkedansere-gaagaden-var-fyldt-med-saerlige-tilbud\/#primaryimage"},"thumbnailUrl":"https:\/\/kunmedierne.dk\/mors\/wp-content\/uploads\/2023\/05\/230519-foreningernes-dag-5.jpg","keywords":["Foreningsliv"],"articleSection":["Lokalt"],"inLanguage":"da-DK"},{"@type":"WebPage","@id":"https:\/\/kunmedierne.dk\/mors\/fra-noegenhalse-til-folkedansere-gaagaden-var-fyldt-med-saerlige-tilbud\/","url":"https:\/\/kunmedierne.dk\/mors\/fra-noegenhalse-til-folkedansere-gaagaden-var-fyldt-med-saerlige-tilbud\/","name":"Fra n\u00f8genhalse til folkedansere: G\u00e5gaden var fyldt med s\u00e6rlige tilbud - Mors","isPartOf":{"@id":"https:\/\/kunmedierne.dk\/mors\/#website"},"primaryImageOfPage":{"@id":"https:\/\/kunmedierne.dk\/mors\/fra-noegenhalse-til-folkedansere-gaagaden-var-fyldt-med-saerlige-tilbud\/#primaryimage"},"image":{"@id":"https:\/\/kunmedierne.dk\/mors\/fra-noegenhalse-til-folkedansere-gaagaden-var-fyldt-med-saerlige-tilbud\/#primaryimage"},"thumbnailUrl":"https:\/\/kunmedierne.dk\/mors\/wp-content\/uploads\/2023\/05\/230519-foreningernes-dag-5.jpg","datePublished":"2023-05-19T14:32:44+00:00","dateModified":"2024-08-12T11:18:08+00:00","breadcrumb":{"@id":"https:\/\/kunmedierne.dk\/mors\/fra-noegenhalse-til-folkedansere-gaagaden-var-fyldt-med-saerlige-tilbud\/#breadcrumb"},"inLanguage":"da-DK","potentialAction":[{"@type":"ReadAction","target":["https:\/\/kunmedierne.dk\/mors\/fra-noegenhalse-til-folkedansere-gaagaden-var-fyldt-med-saerlige-tilbud\/"]}]},{"@type":"ImageObject","inLanguage":"da-DK","@id":"https:\/\/kunmedierne.dk\/mors\/fra-noegenhalse-til-folkedansere-gaagaden-var-fyldt-med-saerlige-tilbud\/#primaryimage","url":"https:\/\/kunmedierne.dk\/mors\/wp-content\/uploads\/2023\/05\/230519-foreningernes-dag-5.jpg","contentUrl":"https:\/\/kunmedierne.dk\/mors\/wp-content\/uploads\/2023\/05\/230519-foreningernes-dag-5.jpg","width":770,"height":513,"caption":"Victor Emil og Malthe William l\u00e6rte om h\u00f8ns hos Fjerkr\u00e6klubben Thy-Mors."},{"@type":"BreadcrumbList","@id":"https:\/\/kunmedierne.dk\/mors\/fra-noegenhalse-til-folkedansere-gaagaden-var-fyldt-med-saerlige-tilbud\/#breadcrumb","itemListElement":[{"@type":"ListItem","position":1,"name":"Hjem","item":"https:\/\/kunmedierne.dk\/mors\/"},{"@type":"ListItem","position":2,"name":"Fra n\u00f8genhalse til folkedansere: G\u00e5gaden var fyldt med s\u00e6rlige tilbud"}]},{"@type":"WebSite","@id":"https:\/\/kunmedierne.dk\/mors\/#website","url":"https:\/\/kunmedierne.dk\/mors\/","name":"Mors","description":"et netmedie med journalistik om livet p\u00e5 Mors","publisher":{"@id":"https:\/\/kunmedierne.dk\/mors\/#organization"},"potentialAction":[{"@type":"SearchAction","target":{"@type":"EntryPoint","urlTemplate":"https:\/\/kunmedierne.dk\/mors\/?s={search_term_string}"},"query-input":{"@type":"PropertyValueSpecification","valueRequired":true,"valueName":"search_term_string"}}],"inLanguage":"da-DK"},{"@type":"Organization","@id":"https:\/\/kunmedierne.dk\/mors\/#organization","name":"Mors","url":"https:\/\/kunmedierne.dk\/mors\/","logo":{"@type":"ImageObject","inLanguage":"da-DK","@id":"https:\/\/kunmedierne.dk\/mors\/#\/schema\/logo\/image\/","url":"https:\/\/kunmedierne.dk\/mors\/wp-content\/uploads\/2024\/08\/kunmors-logo.svg","contentUrl":"https:\/\/kunmedierne.dk\/mors\/wp-content\/uploads\/2024\/08\/kunmors-logo.svg","caption":"Mors"},"image":{"@id":"https:\/\/kunmedierne.dk\/mors\/#\/schema\/logo\/image\/"}},{"@type":"Person","@id":"https:\/\/kunmedierne.dk\/mors\/#\/schema\/person\/5fe23251bf1d0abbcdc6f7896579d548","name":"David H\u00f8jmark","image":{"@type":"ImageObject","inLanguage":"da-DK","@id":"https:\/\/kunmedierne.dk\/mors\/#\/schema\/person\/image\/","url":"https:\/\/secure.gravatar.com\/avatar\/4315d6fb9ef244d729989f5f90268eb08d5bf8a3d84402f595fa194bb35784fd?s=96&d=mm&r=g","contentUrl":"https:\/\/secure.gravatar.com\/avatar\/4315d6fb9ef244d729989f5f90268eb08d5bf8a3d84402f595fa194bb35784fd?s=96&d=mm&r=g","caption":"David H\u00f8jmark"},"sameAs":["https:\/\/www.kunmedierne.dk"],"url":"https:\/\/kunmedierne.dk\/mors\/author\/david\/"}]}},"_links":{"self":[{"href":"https:\/\/kunmedierne.dk\/mors\/wp-json\/wp\/v2\/posts\/95199","targetHints":{"allow":["GET"]}}],"collection":[{"href":"https:\/\/kunmedierne.dk\/mors\/wp-json\/wp\/v2\/posts"}],"about":[{"href":"https:\/\/kunmedierne.dk\/mors\/wp-json\/wp\/v2\/types\/post"}],"author":[{"embeddable":true,"href":"https:\/\/kunmedierne.dk\/mors\/wp-json\/wp\/v2\/users\/8"}],"replies":[{"embeddable":true,"href":"https:\/\/kunmedierne.dk\/mors\/wp-json\/wp\/v2\/comments?post=95199"}],"version-history":[{"count":1,"href":"https:\/\/kunmedierne.dk\/mors\/wp-json\/wp\/v2\/posts\/95199\/revisions"}],"predecessor-version":[{"id":95208,"href":"https:\/\/kunmedierne.dk\/mors\/wp-json\/wp\/v2\/posts\/95199\/revisions\/95208"}],"wp:featuredmedia":[{"embeddable":true,"href":"https:\/\/kunmedierne.dk\/mors\/wp-json\/wp\/v2\/media\/95206"}],"wp:attachment":[{"href":"https:\/\/kunmedierne.dk\/mors\/wp-json\/wp\/v2\/media?parent=95199"}],"wp:term":[{"taxonomy":"category","embeddable":true,"href":"https:\/\/kunmedierne.dk\/mors\/wp-json\/wp\/v2\/categories?post=95199"},{"taxonomy":"post_tag","embeddable":true,"href":"https:\/\/kunmedierne.dk\/mors\/wp-json\/wp\/v2\/tags?post=95199"}],"curies":[{"name":"wp","href":"https:\/\/api.w.org\/{rel}","templated":true}]}}