{"id":95184,"date":"2023-05-19T14:30:55","date_gmt":"2023-05-19T12:30:55","guid":{"rendered":"https:\/\/kunmedierne.dk\/mors\/?p=95184"},"modified":"2024-08-12T13:18:08","modified_gmt":"2024-08-12T11:18:08","slug":"erhvervsmand-efter-lukning-af-restaurant-det-goer-ondt","status":"publish","type":"post","link":"https:\/\/kunmedierne.dk\/mors\/erhvervsmand-efter-lukning-af-restaurant-det-goer-ondt\/","title":{"rendered":"Erhvervsmand efter lukning af restaurant: &#8211; Det g\u00f8r ondt"},"content":{"rendered":"<p><b>NYK\u00d8BING<\/b>: Ambitionerne var store, men i sidste ende var der ikke g\u00e6ster nok til at f\u00f8re dem ud i livet.<\/p>\n<p>Det har de fire erhvervsfolk bag Steenbergs Hotel &amp; Brasserie m\u00e5ttet sande. Derfor har de nu taget konsekvensen og lukker restauranten p\u00e5 Pakhustorvet i Nyk\u00f8bing.<\/p>\n<p>Det er en beslutning, som den ene af dem, Jens Holmgaard Pedersen, beskriver som en, der g\u00f8r ondt.<\/p>\n<p>&#8211; Jeg tager det ogs\u00e5 som et personligt nederlag. Det er ikke, fordi jeg klynker, men det er klart, at n\u00e5r man har haft s\u00e5dan nogle ambitioner &#8211; og det s\u00e5 p\u00e5 den lange bane ikke lykkes &#8211; kan man selvf\u00f8lgelig ikke v\u00e6re tilfreds, hvis man har lidt konkurrencegen, siger han og tilf\u00f8jer:<\/p>\n<p>&#8211; Og selv om jeg ikke dyrker en masse sport, er jeg konkurrencemenneske.<\/p>\n<p>&nbsp;<\/p>\n<p><strong>Kan ikke geare op og ned<\/strong><\/p>\n<p>Det er mangel p\u00e5 g\u00e6ster i restauranten, der f\u00e5r ejerne til at tage konsekvensen og opsige fem fuldtidsansatte medarbejdere samt de timel\u00f8nnede ungarbejdere.<\/p>\n<p>&#8211; Set hen over et helt \u00e5r har vi ikke g\u00e6ster nok til at have det setup, siger Jens Holmgaard Pedersen.<\/p>\n<a class=\"dvrt-link\" onClick=\"cdmtrack_click(104787,jQuery(this));return false\" href=\"https:\/\/www.jyskebank.dk\/kontakt\/afdelingsinfo?departmentid=11890\"><img decoding=\"async\" style=\"width:100%;\" src=\"https:\/\/kunmedierne.dk\/mors\/wp-content\/uploads\/2023\/10\/260325JyskeBankMorsNy-1.jpg\"><\/a><script>cdmtrack_view(104787);<\/script>\n<p>&#8211; Vi kan jo ikke bare geare op og ned, som vi vil. De andre gode restauranter og bistroer, der ligger i vores n\u00e6romr\u00e5der, er privatejede og har selv h\u00e5nden p\u00e5 kogepladen. S\u00e5 de kan geare op og ned, og de kan ogs\u00e5 tage flere timer p\u00e5 en uge. Det kan vi jo ikke bede vores folk om, siger han og tilf\u00f8jer:<\/p>\n<p>&#8211; De kan skrue lidt ned i vinterperioden, men det kan vi ikke. Vi kan ikke bare fyre folk i vinteren og s\u00e5 regne med, at vi har et hold, n\u00e5r der kommer h\u00f8js\u00e6son.<\/p>\n<p>&nbsp;<\/p>\n<p><strong>God bel\u00e6gning p\u00e5 hotellet<\/strong><\/p>\n<p>Planen er derfor nu at drive hotellet videre som et Bed &amp; Breakfast-hotel med trust-bar og morgenmad. Det bliver med Morten Kristoffersen som hotelchef og med fortsat kapacitet p\u00e5 18 v\u00e6relser og to lejligheder.<\/p>\n<p>&#8211; Hotellet k\u00f8rer rigtig godt. Jeg vil tro, at vi har en af de bedste bel\u00e6gninger i omr\u00e5det. Is\u00e6r vores virksomhedsg\u00e6ster er glade for at bo centralt i byen. Men det er jo ikke n\u00f8dvendigvis nogen, der ogs\u00e5 bruger vores restaurant, for de dukker mange gange op sent om aftenen og skal have et sted at sove og f\u00e5 deres morgenmad, siger Jens Holmgaard Pedersen.<\/p>\n<a class=\"dvrt-link\" onClick=\"cdmtrack_click(147315,jQuery(this));return false\" href=\"https:\/\/sdrhaa.dk\/\"><img decoding=\"async\" style=\"width:100%;\" src=\"https:\/\/kunmedierne.dk\/mors\/wp-content\/uploads\/2025\/05\/260302Sdr-HaaDin-gebyrvenlige-sparekasse_mors-002.gif\"><\/a><script>cdmtrack_view(147315);<\/script>\n<p>Ejerne af det, der formentlig kommer til at hedde Hotel Steenberg, h\u00e5ber nu at kunne hj\u00e6lpe sine g\u00e6ster til spiseoplevelser ved at henvise til andre.<\/p>\n<p>&#8211; Vil vil s\u00f8ge samarbejde med nogle af de andre gode restauranter og bistroer, der er i byen og i n\u00e6romr\u00e5det, siger Jens Holmgaard Pedersen, der ogs\u00e5 l\u00e6gger op til en mulighed med at forpagte restauranten ud.<\/p>\n<p>&#8211; Men vi vil ikke leje ud til hvem som helst. Det skal ogs\u00e5 v\u00e6re seri\u00f8st. I sidste ende kommer vi jo til at l\u00e6gge lidt navn til, siger han.<\/p>\n<p>&nbsp;<\/p>\n<p><strong>To triste meddelelser<\/strong><\/p>\n<p>Det var i juni 2020, at de lokale erhvervsm\u00e6nd <a href=\"https:\/\/kunmedierne.dk\/mors\/vi-boed-torsdag-og-havde-en-handel-mandag\/\">overtog<\/a> det, der f\u00f8r hed Hotel Pakhuset og var ejet af Lotte og Per B\u00f8nding.<\/p>\n<p>I oktober samme \u00e5r meldte man ud om navneskiftet til Steensbergs Hotel &amp; Brasserie &#8211; og om ans\u00e6ttelsen af k\u00f8kkenchefen Allan Poulsen, der b\u00f8d ind med erfaring fra <a href=\"https:\/\/kunmedierne.dk\/mors\/pakhuset-skifter-navn-og-faar-nyt-koncept-med-stjernekok-som-koekkenchef\/\">restauranter med Michelin-stjerner<\/a>. Siden k\u00f8bte man ogs\u00e5 den store ejendom p\u00e5 Havnen 1 og kunne i februar 2022 melde om planer for <a href=\"https:\/\/kunmedierne.dk\/mors\/markant-bygning-klar-til-makeover-plan-a-er-hotelvaerelser\/\">udvidelse af hotelkapaciteten<\/a>.<\/p>\n<p>Allan Poulsen s\u00f8gte dog forholdsvist hurtigt videre, og pr 1. maj i \u00e5r valgte hotelchef Peter Schyum at s\u00f8ge nye udfordringer.<\/p>\n<p>&#8211; Derfor har vi ogs\u00e5 arbejdet med en anden l\u00f8sning. Det arbejde, han har st\u00e5et for, kan vi ikke l\u00f8fte &#8211; og vi har ikke nogen i huset, der kan det, siger Jens Holmgaard Pedersen, der i april ogs\u00e5 m\u00e5tte melde ud om <a href=\"https:\/\/kunmedierne.dk\/mors\/efter-opgivet-hotelprojekt-det-er-nemt-at-have-en-holdning-til-andre-folks-penge\/\">et opgivet projekt<\/a> i nabobygningen p\u00e5 Havnen 1.<\/p>\n<a class=\"dvrt-link\" onClick=\"cdmtrack_click(104785,jQuery(this));return false\" href=\"https:\/\/www.facebook.com\/lyndrups\"><img decoding=\"async\" style=\"width:100%;\" src=\"https:\/\/kunmedierne.dk\/mors\/wp-content\/uploads\/2022\/02\/vip-lyndrups-rengoering.jpg\"><\/a><script>cdmtrack_view(104785);<\/script>\n<p>Og nu kommer s\u00e5 lukningen af restauranten.<\/p>\n<p>&#8211; Det er da to triste meddelelser, det er det. Og det er \u00e6rgerligt, n\u00e5r vi har haft s\u00e5 store ambitioner. Men selv jeg m\u00e5 erkende, at jeg nok har v\u00e6ret lidt naiv. Opgaven har v\u00e6ret st\u00f8rre, end jeg regnede med, siger Jens Holmgaard Pedersen.<\/p>\n<p>&#8211; Men helt fra starten var det faktisk vores intention, at vi skulle have nogen til at forpagte hele huset. Og det havde vi ogs\u00e5, inden vi startede. Da vi overtog i 2020, havde vi egentlig ogs\u00e5 en aftale, men s\u00e5 sprang vedkommende fra igen, siger han.<\/p>\n<p>Sidste \u00e5bningsdag for restauranten er 24. juni.<\/p>\n<p>&nbsp;<\/p>\n<h5>L\u00c6S OGS\u00c5:<\/h5>\n<h5>12\/6-2020: <a href=\"https:\/\/kunmedierne.dk\/mors\/vi-boed-torsdag-og-havde-en-handel-mandag\/\">&#8211; Vi b\u00f8d torsdag og havde en handel mandag<\/a><\/h5>\n<h5>23\/20-2020: <a href=\"https:\/\/kunmedierne.dk\/mors\/pakhuset-skifter-navn-og-faar-nyt-koncept-med-stjernekok-som-koekkenchef\/\">Pakhuset skifter navn og f\u00e5r nyt koncept med stjernekok som k\u00f8kkenchef<\/a><\/h5>\n<h5>9\/2-2022: <a href=\"https:\/\/kunmedierne.dk\/mors\/markant-bygning-klar-til-makeover-plan-a-er-hotelvaerelser\/\">Markant bygning klar til makeover: &#8211; Plan A er hotelv\u00e6relser<\/a><\/h5>\n<h5>24\/4-2023: <a href=\"https:\/\/kunmedierne.dk\/mors\/steenbergs-dropper-hotelprojekt-paa-havnen\/\">Steenbergs dropper hotelprojekt p\u00e5 Havnen<\/a><\/h5>\n<h5>25\/4-2023:\u00a0<a href=\"https:\/\/kunmedierne.dk\/mors\/efter-opgivet-hotelprojekt-det-er-nemt-at-have-en-holdning-til-andre-folks-penge\/\">Efter opgivet hotelprojekt: &#8211; Det er nemt at have en holdning til andre folks penge<\/a><\/h5>\n","protected":false},"excerpt":{"rendered":"<p>NYK\u00d8BING: Ambitionerne var store, men i sidste ende var der ikke g\u00e6ster nok til at f\u00f8re dem ud i livet. Det har de fire erhvervsfolk bag Steenbergs Hotel &amp; Brasserie m\u00e5ttet sande. Derfor har de nu taget konsekvensen og lukker restauranten p\u00e5 Pakhustorvet i Nyk\u00f8bing. Det er en beslutning, som den ene af dem, Jens [&hellip;]<\/p>\n","protected":false},"author":8,"featured_media":95195,"comment_status":"closed","ping_status":"open","sticky":false,"template":"","format":"standard","meta":{"_acf_changed":false,"footnotes":""},"categories":[51],"tags":[159,171],"class_list":["post-95184","post","type-post","status-publish","format-standard","has-post-thumbnail","hentry","category-lokalt","tag-erhverv","tag-turisme"],"acf":[],"yoast_head":"<!-- This site is optimized with the Yoast SEO plugin v26.8 - https:\/\/yoast.com\/product\/yoast-seo-wordpress\/ -->\n<title>Erhvervsmand efter lukning af restaurant: - Det g\u00f8r ondt - Mors<\/title>\n<meta name=\"robots\" content=\"index, follow, max-snippet:-1, max-image-preview:large, max-video-preview:-1\" \/>\n<link rel=\"canonical\" href=\"https:\/\/kunmedierne.dk\/mors\/erhvervsmand-efter-lukning-af-restaurant-det-goer-ondt\/\" \/>\n<meta property=\"og:locale\" content=\"da_DK\" \/>\n<meta property=\"og:type\" content=\"article\" \/>\n<meta property=\"og:title\" content=\"Erhvervsmand efter lukning af restaurant: - Det g\u00f8r ondt - Mors\" \/>\n<meta property=\"og:description\" content=\"NYK\u00d8BING: Ambitionerne var store, men i sidste ende var der ikke g\u00e6ster nok til at f\u00f8re dem ud i livet. Det har de fire erhvervsfolk bag Steenbergs Hotel &amp; Brasserie m\u00e5ttet sande. Derfor har de nu taget konsekvensen og lukker restauranten p\u00e5 Pakhustorvet i Nyk\u00f8bing. Det er en beslutning, som den ene af dem, Jens [&hellip;]\" \/>\n<meta property=\"og:url\" content=\"https:\/\/kunmedierne.dk\/mors\/erhvervsmand-efter-lukning-af-restaurant-det-goer-ondt\/\" \/>\n<meta property=\"og:site_name\" content=\"Mors\" \/>\n<meta property=\"article:published_time\" content=\"2023-05-19T12:30:55+00:00\" \/>\n<meta property=\"article:modified_time\" content=\"2024-08-12T11:18:08+00:00\" \/>\n<meta property=\"og:image\" content=\"https:\/\/kunmedierne.dk\/mors\/wp-content\/uploads\/2023\/05\/IMG_0411.jpg\" \/>\n\t<meta property=\"og:image:width\" content=\"770\" \/>\n\t<meta property=\"og:image:height\" content=\"513\" \/>\n\t<meta property=\"og:image:type\" content=\"image\/jpeg\" \/>\n<meta name=\"author\" content=\"David H\u00f8jmark\" \/>\n<meta name=\"twitter:card\" content=\"summary_large_image\" \/>\n<meta name=\"twitter:label1\" content=\"Skrevet af\" \/>\n\t<meta name=\"twitter:data1\" content=\"David H\u00f8jmark\" \/>\n\t<meta name=\"twitter:label2\" content=\"Estimeret l\u00e6setid\" \/>\n\t<meta name=\"twitter:data2\" content=\"5 minutter\" \/>\n<script type=\"application\/ld+json\" class=\"yoast-schema-graph\">{\"@context\":\"https:\/\/schema.org\",\"@graph\":[{\"@type\":\"Article\",\"@id\":\"https:\/\/kunmedierne.dk\/mors\/erhvervsmand-efter-lukning-af-restaurant-det-goer-ondt\/#article\",\"isPartOf\":{\"@id\":\"https:\/\/kunmedierne.dk\/mors\/erhvervsmand-efter-lukning-af-restaurant-det-goer-ondt\/\"},\"author\":{\"name\":\"David H\u00f8jmark\",\"@id\":\"https:\/\/kunmedierne.dk\/mors\/#\/schema\/person\/5fe23251bf1d0abbcdc6f7896579d548\"},\"headline\":\"Erhvervsmand efter lukning af restaurant: &#8211; Det g\u00f8r ondt\",\"datePublished\":\"2023-05-19T12:30:55+00:00\",\"dateModified\":\"2024-08-12T11:18:08+00:00\",\"mainEntityOfPage\":{\"@id\":\"https:\/\/kunmedierne.dk\/mors\/erhvervsmand-efter-lukning-af-restaurant-det-goer-ondt\/\"},\"wordCount\":859,\"publisher\":{\"@id\":\"https:\/\/kunmedierne.dk\/mors\/#organization\"},\"image\":{\"@id\":\"https:\/\/kunmedierne.dk\/mors\/erhvervsmand-efter-lukning-af-restaurant-det-goer-ondt\/#primaryimage\"},\"thumbnailUrl\":\"https:\/\/kunmedierne.dk\/mors\/wp-content\/uploads\/2023\/05\/IMG_0411.jpg\",\"keywords\":[\"Erhverv\",\"Turisme\"],\"articleSection\":[\"Lokalt\"],\"inLanguage\":\"da-DK\"},{\"@type\":\"WebPage\",\"@id\":\"https:\/\/kunmedierne.dk\/mors\/erhvervsmand-efter-lukning-af-restaurant-det-goer-ondt\/\",\"url\":\"https:\/\/kunmedierne.dk\/mors\/erhvervsmand-efter-lukning-af-restaurant-det-goer-ondt\/\",\"name\":\"Erhvervsmand efter lukning af restaurant: - Det g\u00f8r ondt - Mors\",\"isPartOf\":{\"@id\":\"https:\/\/kunmedierne.dk\/mors\/#website\"},\"primaryImageOfPage\":{\"@id\":\"https:\/\/kunmedierne.dk\/mors\/erhvervsmand-efter-lukning-af-restaurant-det-goer-ondt\/#primaryimage\"},\"image\":{\"@id\":\"https:\/\/kunmedierne.dk\/mors\/erhvervsmand-efter-lukning-af-restaurant-det-goer-ondt\/#primaryimage\"},\"thumbnailUrl\":\"https:\/\/kunmedierne.dk\/mors\/wp-content\/uploads\/2023\/05\/IMG_0411.jpg\",\"datePublished\":\"2023-05-19T12:30:55+00:00\",\"dateModified\":\"2024-08-12T11:18:08+00:00\",\"breadcrumb\":{\"@id\":\"https:\/\/kunmedierne.dk\/mors\/erhvervsmand-efter-lukning-af-restaurant-det-goer-ondt\/#breadcrumb\"},\"inLanguage\":\"da-DK\",\"potentialAction\":[{\"@type\":\"ReadAction\",\"target\":[\"https:\/\/kunmedierne.dk\/mors\/erhvervsmand-efter-lukning-af-restaurant-det-goer-ondt\/\"]}]},{\"@type\":\"ImageObject\",\"inLanguage\":\"da-DK\",\"@id\":\"https:\/\/kunmedierne.dk\/mors\/erhvervsmand-efter-lukning-af-restaurant-det-goer-ondt\/#primaryimage\",\"url\":\"https:\/\/kunmedierne.dk\/mors\/wp-content\/uploads\/2023\/05\/IMG_0411.jpg\",\"contentUrl\":\"https:\/\/kunmedierne.dk\/mors\/wp-content\/uploads\/2023\/05\/IMG_0411.jpg\",\"width\":770,\"height\":513},{\"@type\":\"BreadcrumbList\",\"@id\":\"https:\/\/kunmedierne.dk\/mors\/erhvervsmand-efter-lukning-af-restaurant-det-goer-ondt\/#breadcrumb\",\"itemListElement\":[{\"@type\":\"ListItem\",\"position\":1,\"name\":\"Hjem\",\"item\":\"https:\/\/kunmedierne.dk\/mors\/\"},{\"@type\":\"ListItem\",\"position\":2,\"name\":\"Erhvervsmand efter lukning af restaurant: &#8211; Det g\u00f8r ondt\"}]},{\"@type\":\"WebSite\",\"@id\":\"https:\/\/kunmedierne.dk\/mors\/#website\",\"url\":\"https:\/\/kunmedierne.dk\/mors\/\",\"name\":\"Mors\",\"description\":\"et netmedie med journalistik om livet p\u00e5 Mors\",\"publisher\":{\"@id\":\"https:\/\/kunmedierne.dk\/mors\/#organization\"},\"potentialAction\":[{\"@type\":\"SearchAction\",\"target\":{\"@type\":\"EntryPoint\",\"urlTemplate\":\"https:\/\/kunmedierne.dk\/mors\/?s={search_term_string}\"},\"query-input\":{\"@type\":\"PropertyValueSpecification\",\"valueRequired\":true,\"valueName\":\"search_term_string\"}}],\"inLanguage\":\"da-DK\"},{\"@type\":\"Organization\",\"@id\":\"https:\/\/kunmedierne.dk\/mors\/#organization\",\"name\":\"Mors\",\"url\":\"https:\/\/kunmedierne.dk\/mors\/\",\"logo\":{\"@type\":\"ImageObject\",\"inLanguage\":\"da-DK\",\"@id\":\"https:\/\/kunmedierne.dk\/mors\/#\/schema\/logo\/image\/\",\"url\":\"https:\/\/kunmedierne.dk\/mors\/wp-content\/uploads\/2024\/08\/kunmors-logo.svg\",\"contentUrl\":\"https:\/\/kunmedierne.dk\/mors\/wp-content\/uploads\/2024\/08\/kunmors-logo.svg\",\"caption\":\"Mors\"},\"image\":{\"@id\":\"https:\/\/kunmedierne.dk\/mors\/#\/schema\/logo\/image\/\"}},{\"@type\":\"Person\",\"@id\":\"https:\/\/kunmedierne.dk\/mors\/#\/schema\/person\/5fe23251bf1d0abbcdc6f7896579d548\",\"name\":\"David H\u00f8jmark\",\"image\":{\"@type\":\"ImageObject\",\"inLanguage\":\"da-DK\",\"@id\":\"https:\/\/kunmedierne.dk\/mors\/#\/schema\/person\/image\/\",\"url\":\"https:\/\/secure.gravatar.com\/avatar\/4315d6fb9ef244d729989f5f90268eb08d5bf8a3d84402f595fa194bb35784fd?s=96&d=mm&r=g\",\"contentUrl\":\"https:\/\/secure.gravatar.com\/avatar\/4315d6fb9ef244d729989f5f90268eb08d5bf8a3d84402f595fa194bb35784fd?s=96&d=mm&r=g\",\"caption\":\"David H\u00f8jmark\"},\"sameAs\":[\"https:\/\/www.kunmedierne.dk\"],\"url\":\"https:\/\/kunmedierne.dk\/mors\/author\/david\/\"}]}<\/script>\n<!-- \/ Yoast SEO plugin. -->","yoast_head_json":{"title":"Erhvervsmand efter lukning af restaurant: - Det g\u00f8r ondt - Mors","robots":{"index":"index","follow":"follow","max-snippet":"max-snippet:-1","max-image-preview":"max-image-preview:large","max-video-preview":"max-video-preview:-1"},"canonical":"https:\/\/kunmedierne.dk\/mors\/erhvervsmand-efter-lukning-af-restaurant-det-goer-ondt\/","og_locale":"da_DK","og_type":"article","og_title":"Erhvervsmand efter lukning af restaurant: - Det g\u00f8r ondt - Mors","og_description":"NYK\u00d8BING: Ambitionerne var store, men i sidste ende var der ikke g\u00e6ster nok til at f\u00f8re dem ud i livet. Det har de fire erhvervsfolk bag Steenbergs Hotel &amp; Brasserie m\u00e5ttet sande. Derfor har de nu taget konsekvensen og lukker restauranten p\u00e5 Pakhustorvet i Nyk\u00f8bing. Det er en beslutning, som den ene af dem, Jens [&hellip;]","og_url":"https:\/\/kunmedierne.dk\/mors\/erhvervsmand-efter-lukning-af-restaurant-det-goer-ondt\/","og_site_name":"Mors","article_published_time":"2023-05-19T12:30:55+00:00","article_modified_time":"2024-08-12T11:18:08+00:00","og_image":[{"width":770,"height":513,"url":"https:\/\/kunmedierne.dk\/mors\/wp-content\/uploads\/2023\/05\/IMG_0411.jpg","type":"image\/jpeg"}],"author":"David H\u00f8jmark","twitter_card":"summary_large_image","twitter_misc":{"Skrevet af":"David H\u00f8jmark","Estimeret l\u00e6setid":"5 minutter"},"schema":{"@context":"https:\/\/schema.org","@graph":[{"@type":"Article","@id":"https:\/\/kunmedierne.dk\/mors\/erhvervsmand-efter-lukning-af-restaurant-det-goer-ondt\/#article","isPartOf":{"@id":"https:\/\/kunmedierne.dk\/mors\/erhvervsmand-efter-lukning-af-restaurant-det-goer-ondt\/"},"author":{"name":"David H\u00f8jmark","@id":"https:\/\/kunmedierne.dk\/mors\/#\/schema\/person\/5fe23251bf1d0abbcdc6f7896579d548"},"headline":"Erhvervsmand efter lukning af restaurant: &#8211; Det g\u00f8r ondt","datePublished":"2023-05-19T12:30:55+00:00","dateModified":"2024-08-12T11:18:08+00:00","mainEntityOfPage":{"@id":"https:\/\/kunmedierne.dk\/mors\/erhvervsmand-efter-lukning-af-restaurant-det-goer-ondt\/"},"wordCount":859,"publisher":{"@id":"https:\/\/kunmedierne.dk\/mors\/#organization"},"image":{"@id":"https:\/\/kunmedierne.dk\/mors\/erhvervsmand-efter-lukning-af-restaurant-det-goer-ondt\/#primaryimage"},"thumbnailUrl":"https:\/\/kunmedierne.dk\/mors\/wp-content\/uploads\/2023\/05\/IMG_0411.jpg","keywords":["Erhverv","Turisme"],"articleSection":["Lokalt"],"inLanguage":"da-DK"},{"@type":"WebPage","@id":"https:\/\/kunmedierne.dk\/mors\/erhvervsmand-efter-lukning-af-restaurant-det-goer-ondt\/","url":"https:\/\/kunmedierne.dk\/mors\/erhvervsmand-efter-lukning-af-restaurant-det-goer-ondt\/","name":"Erhvervsmand efter lukning af restaurant: - Det g\u00f8r ondt - Mors","isPartOf":{"@id":"https:\/\/kunmedierne.dk\/mors\/#website"},"primaryImageOfPage":{"@id":"https:\/\/kunmedierne.dk\/mors\/erhvervsmand-efter-lukning-af-restaurant-det-goer-ondt\/#primaryimage"},"image":{"@id":"https:\/\/kunmedierne.dk\/mors\/erhvervsmand-efter-lukning-af-restaurant-det-goer-ondt\/#primaryimage"},"thumbnailUrl":"https:\/\/kunmedierne.dk\/mors\/wp-content\/uploads\/2023\/05\/IMG_0411.jpg","datePublished":"2023-05-19T12:30:55+00:00","dateModified":"2024-08-12T11:18:08+00:00","breadcrumb":{"@id":"https:\/\/kunmedierne.dk\/mors\/erhvervsmand-efter-lukning-af-restaurant-det-goer-ondt\/#breadcrumb"},"inLanguage":"da-DK","potentialAction":[{"@type":"ReadAction","target":["https:\/\/kunmedierne.dk\/mors\/erhvervsmand-efter-lukning-af-restaurant-det-goer-ondt\/"]}]},{"@type":"ImageObject","inLanguage":"da-DK","@id":"https:\/\/kunmedierne.dk\/mors\/erhvervsmand-efter-lukning-af-restaurant-det-goer-ondt\/#primaryimage","url":"https:\/\/kunmedierne.dk\/mors\/wp-content\/uploads\/2023\/05\/IMG_0411.jpg","contentUrl":"https:\/\/kunmedierne.dk\/mors\/wp-content\/uploads\/2023\/05\/IMG_0411.jpg","width":770,"height":513},{"@type":"BreadcrumbList","@id":"https:\/\/kunmedierne.dk\/mors\/erhvervsmand-efter-lukning-af-restaurant-det-goer-ondt\/#breadcrumb","itemListElement":[{"@type":"ListItem","position":1,"name":"Hjem","item":"https:\/\/kunmedierne.dk\/mors\/"},{"@type":"ListItem","position":2,"name":"Erhvervsmand efter lukning af restaurant: &#8211; Det g\u00f8r ondt"}]},{"@type":"WebSite","@id":"https:\/\/kunmedierne.dk\/mors\/#website","url":"https:\/\/kunmedierne.dk\/mors\/","name":"Mors","description":"et netmedie med journalistik om livet p\u00e5 Mors","publisher":{"@id":"https:\/\/kunmedierne.dk\/mors\/#organization"},"potentialAction":[{"@type":"SearchAction","target":{"@type":"EntryPoint","urlTemplate":"https:\/\/kunmedierne.dk\/mors\/?s={search_term_string}"},"query-input":{"@type":"PropertyValueSpecification","valueRequired":true,"valueName":"search_term_string"}}],"inLanguage":"da-DK"},{"@type":"Organization","@id":"https:\/\/kunmedierne.dk\/mors\/#organization","name":"Mors","url":"https:\/\/kunmedierne.dk\/mors\/","logo":{"@type":"ImageObject","inLanguage":"da-DK","@id":"https:\/\/kunmedierne.dk\/mors\/#\/schema\/logo\/image\/","url":"https:\/\/kunmedierne.dk\/mors\/wp-content\/uploads\/2024\/08\/kunmors-logo.svg","contentUrl":"https:\/\/kunmedierne.dk\/mors\/wp-content\/uploads\/2024\/08\/kunmors-logo.svg","caption":"Mors"},"image":{"@id":"https:\/\/kunmedierne.dk\/mors\/#\/schema\/logo\/image\/"}},{"@type":"Person","@id":"https:\/\/kunmedierne.dk\/mors\/#\/schema\/person\/5fe23251bf1d0abbcdc6f7896579d548","name":"David H\u00f8jmark","image":{"@type":"ImageObject","inLanguage":"da-DK","@id":"https:\/\/kunmedierne.dk\/mors\/#\/schema\/person\/image\/","url":"https:\/\/secure.gravatar.com\/avatar\/4315d6fb9ef244d729989f5f90268eb08d5bf8a3d84402f595fa194bb35784fd?s=96&d=mm&r=g","contentUrl":"https:\/\/secure.gravatar.com\/avatar\/4315d6fb9ef244d729989f5f90268eb08d5bf8a3d84402f595fa194bb35784fd?s=96&d=mm&r=g","caption":"David H\u00f8jmark"},"sameAs":["https:\/\/www.kunmedierne.dk"],"url":"https:\/\/kunmedierne.dk\/mors\/author\/david\/"}]}},"_links":{"self":[{"href":"https:\/\/kunmedierne.dk\/mors\/wp-json\/wp\/v2\/posts\/95184","targetHints":{"allow":["GET"]}}],"collection":[{"href":"https:\/\/kunmedierne.dk\/mors\/wp-json\/wp\/v2\/posts"}],"about":[{"href":"https:\/\/kunmedierne.dk\/mors\/wp-json\/wp\/v2\/types\/post"}],"author":[{"embeddable":true,"href":"https:\/\/kunmedierne.dk\/mors\/wp-json\/wp\/v2\/users\/8"}],"replies":[{"embeddable":true,"href":"https:\/\/kunmedierne.dk\/mors\/wp-json\/wp\/v2\/comments?post=95184"}],"version-history":[{"count":3,"href":"https:\/\/kunmedierne.dk\/mors\/wp-json\/wp\/v2\/posts\/95184\/revisions"}],"predecessor-version":[{"id":95197,"href":"https:\/\/kunmedierne.dk\/mors\/wp-json\/wp\/v2\/posts\/95184\/revisions\/95197"}],"wp:featuredmedia":[{"embeddable":true,"href":"https:\/\/kunmedierne.dk\/mors\/wp-json\/wp\/v2\/media\/95195"}],"wp:attachment":[{"href":"https:\/\/kunmedierne.dk\/mors\/wp-json\/wp\/v2\/media?parent=95184"}],"wp:term":[{"taxonomy":"category","embeddable":true,"href":"https:\/\/kunmedierne.dk\/mors\/wp-json\/wp\/v2\/categories?post=95184"},{"taxonomy":"post_tag","embeddable":true,"href":"https:\/\/kunmedierne.dk\/mors\/wp-json\/wp\/v2\/tags?post=95184"}],"curies":[{"name":"wp","href":"https:\/\/api.w.org\/{rel}","templated":true}]}}