{"id":95096,"date":"2023-05-17T16:54:18","date_gmt":"2023-05-17T14:54:18","guid":{"rendered":"https:\/\/kunmedierne.dk\/mors\/?p=95096"},"modified":"2024-08-12T13:18:08","modified_gmt":"2024-08-12T11:18:08","slug":"store-folkelige-koncerter-paa-kulturmoedet","status":"publish","type":"post","link":"https:\/\/kunmedierne.dk\/mors\/store-folkelige-koncerter-paa-kulturmoedet\/","title":{"rendered":"Store folkelige koncerter p\u00e5 Kulturm\u00f8det"},"content":{"rendered":"<p><strong>KONCERTER:\u00a0<\/strong>To \u00e5r i tr\u00e6k har Kulturm\u00f8det Mors samlet flere\u00a0tusinde til store folkelige koncerter fredag og l\u00f8rdag aften foran Folkescenen. Jubil\u00e6ums\u00e5ret ser ikke ud til at blive en undtagelse.<\/p>\n<p>S\u00e5dan lyder forventningen fra Kulturm\u00f8det Mors, der i en pressemeddelelse pr\u00e6senterer, hvad der bliver beskrevet som &#8220;to af landets mest lysende musikalske stjerner&#8221; som g\u00e6ster til den store begivenhed i august.<\/p>\n<p>&#8220;Zar Paulo bringer med sin energifyldte dansksprogede rock et anmelderrost og medrivende liveshow, og himmelstormeren Eee Gee spiller vanvittig st\u00e6rke popsange, der har deres helt egen nordicana-lyd,&#8221; lyder det med forts\u00e6ttelsen:<\/p>\n<p>&#8220;Zar Paulo har l\u00e6nge v\u00e6ret p\u00e5 folks tunger som et af de nye bands, man skulle holde skarpt \u00f8je med. F\u00f8rste udspil fra albummet, singlen \u2019Klap For F\u00e6drelandet\u2019, fra januar 2022 fik vanvittig ros og blev k\u00e5ret til P3\u2019s Uundg\u00e5elige. Samme \u00e5r var Zar Paulo bl.a. support for The Minds Of 99. I april 2023 udgav bandet sit l\u00e6nge ventede debutalbum \u2019Elendig Software\u2019, som blev m\u00f8dt med flere 5-stjernede anmeldelser. Med en utrolig karismatisk forsanger, og et velspillende band er de klar til at v\u00e6lte Folkescenen l\u00f8rdag aften.&#8221;<\/p>\n<p>&nbsp;<\/p>\n<p><strong>Partnerskab med Vega<\/strong><\/p>\n<p>Fredagens koncert bliver pr\u00e6senteret s\u00e5dan:<\/p>\n<p>&#8220;Eee Gee er hoppet med hovedet f\u00f8rst direkte ind i en succesfuld karriere. Med vanvittig st\u00e6rke popsange, sin s\u00e6rlige nordicana-lyd, og \u00e6rlige tekster om at blive voksen, har hun fortryllet det danske publikum p\u00e5 ganske f\u00e5 \u00e5r. Sangene handler b\u00e5de om knust k\u00e6rlighed og indre konflikter, men Eee Gee giver tristheden en twist af selvironi og humor, som bringer en lethed ind i musikken.<\/p>\n<a class=\"dvrt-link\" onClick=\"cdmtrack_click(169437,jQuery(this));return false\" href=\"https:\/\/thymors.dk\/sponsorater\/15-til-faellesskabet?utm_source=kunmors&amp;utm_medium=annonce&amp;utm_campaign=sponsorater\"><img decoding=\"async\" style=\"width:100%;\" src=\"https:\/\/kunmedierne.dk\/mors\/wp-content\/uploads\/2026\/03\/260407ThyMors-energi_faellesskab_generel-1.jpg\"><\/a><script>cdmtrack_view(169437);<\/script>\n<p>Hun er det helt rigtige navn til den store samlende fest p\u00e5 Kulturm\u00f8det fredag aften. Hendes livekoncert favner med garanti p\u00e5 tv\u00e6rs af generationer og landsdele, og giver publikum rig mulighed for at synge med p\u00e5 hits som \u2019Killing It\u2019 og den nye single \u2019Perfect 10\u2019.&#8221;<\/p>\n<p>Kulturm\u00f8det Mors fort\u00e6ller ogs\u00e5, at koncerten med Eee Gee markerer et st\u00f8rre strategisk samarbejde imellem det k\u00f8benhavnske spillested Vega og Kulturm\u00f8det, der b\u00e5de omhandler fokus p\u00e5 den levende musik og sparring om agendaer og emner, hvor parterne i f\u00e6llesskab kan g\u00f8re en forskel for kulturen.<\/p>\n<p>&#8220;Eee Gee har selv blandet sig i debatten om mental trivsel p\u00e5 Instagram med budskabet om, at det er vigtigt at tale om mental sundhed i musikbranchen, og at det er benh\u00e5rdt at v\u00e6re musiker i en tid, hvor al musik er let tilg\u00e6ngelig. En udtalelse, der rammer plet i Kulturm\u00f8dets tema om trivsel og sundhed i kunsten,&#8221; lyder det.<\/p>\n<a class=\"dvrt-link\" onClick=\"cdmtrack_click(147315,jQuery(this));return false\" href=\"https:\/\/sdrhaa.dk\/\"><img decoding=\"async\" style=\"width:100%;\" src=\"https:\/\/kunmedierne.dk\/mors\/wp-content\/uploads\/2025\/05\/260302Sdr-HaaDin-gebyrvenlige-sparekasse_mors-002.gif\"><\/a><script>cdmtrack_view(147315);<\/script>\n<p>Partnerskabet gl\u00e6der ogs\u00e5 Trine Bang, direkt\u00f8r for Kulturm\u00f8det Mors.<\/p>\n<p>&#8211; For to \u00e5r siden introducerede vi de store samlende folkelige formater p\u00e5 Folkescenen for vores publikum. Her s\u00e5 vi, hvad livemusik virkelig kan r\u00f8re i folk, og hvad oplevelser i f\u00e6llesskab kan g\u00f8re. Det er nu blevet en fast tradition i Kulturm\u00f8dets program. Det g\u00f8r mig ekstra glad og stolt, at vi kan pr\u00e6sentere koncerten med Eee Gee sammen med s\u00e5 vigtig en kulturinstitution som Vega, siger hun.<\/p>\n<p>Eee Gee spiller fredag den 24. august kl. 23.00 og Zar Paulo spiller l\u00f8rdag den 25. august kl. 21.00.<\/p>\n<div id=\"attachment_95099\" style=\"width: 780px\" class=\"wp-caption alignleft\"><img loading=\"lazy\" decoding=\"async\" aria-describedby=\"caption-attachment-95099\" class=\"size-full wp-image-95099\" src=\"https:\/\/kunmedierne.dk\/mors\/wp-content\/uploads\/2023\/05\/ZP_2023_3ny.jpg\" alt=\"\" width=\"770\" height=\"513\" srcset=\"https:\/\/kunmedierne.dk\/mors\/wp-content\/uploads\/2023\/05\/ZP_2023_3ny.jpg 770w, https:\/\/kunmedierne.dk\/mors\/wp-content\/uploads\/2023\/05\/ZP_2023_3ny-300x200.jpg 300w, https:\/\/kunmedierne.dk\/mors\/wp-content\/uploads\/2023\/05\/ZP_2023_3ny-768x512.jpg 768w, https:\/\/kunmedierne.dk\/mors\/wp-content\/uploads\/2023\/05\/ZP_2023_3ny-360x240.jpg 360w, https:\/\/kunmedierne.dk\/mors\/wp-content\/uploads\/2023\/05\/ZP_2023_3ny-600x400.jpg 600w\" sizes=\"auto, (max-width: 770px) 100vw, 770px\" \/><p id=\"caption-attachment-95099\" class=\"wp-caption-text\">Zar Paulo f\u00e5r \u00e6ren af den store l\u00f8rdagskoncert. PR-foto.<\/p><\/div>\n","protected":false},"excerpt":{"rendered":"<p>KONCERTER:\u00a0To \u00e5r i tr\u00e6k har Kulturm\u00f8det Mors samlet flere\u00a0tusinde til store folkelige koncerter fredag og l\u00f8rdag aften foran Folkescenen. Jubil\u00e6ums\u00e5ret ser ikke ud til at blive en undtagelse. S\u00e5dan lyder forventningen fra Kulturm\u00f8det Mors, der i en pressemeddelelse pr\u00e6senterer, hvad der bliver beskrevet som &#8220;to af landets mest lysende musikalske stjerner&#8221; som g\u00e6ster til den [&hellip;]<\/p>\n","protected":false},"author":8,"featured_media":95098,"comment_status":"closed","ping_status":"open","sticky":false,"template":"","format":"standard","meta":{"_acf_changed":false,"footnotes":""},"categories":[49],"tags":[162,165],"class_list":["post-95096","post","type-post","status-publish","format-standard","has-post-thumbnail","hentry","category-kultur","tag-kulturmoedet","tag-musik"],"acf":[],"yoast_head":"<!-- This site is optimized with the Yoast SEO plugin v26.8 - https:\/\/yoast.com\/product\/yoast-seo-wordpress\/ -->\n<title>Store folkelige koncerter p\u00e5 Kulturm\u00f8det - Mors<\/title>\n<meta name=\"robots\" content=\"index, follow, max-snippet:-1, max-image-preview:large, max-video-preview:-1\" \/>\n<link rel=\"canonical\" href=\"https:\/\/kunmedierne.dk\/mors\/store-folkelige-koncerter-paa-kulturmoedet\/\" \/>\n<meta property=\"og:locale\" content=\"da_DK\" \/>\n<meta property=\"og:type\" content=\"article\" \/>\n<meta property=\"og:title\" content=\"Store folkelige koncerter p\u00e5 Kulturm\u00f8det - Mors\" \/>\n<meta property=\"og:description\" content=\"KONCERTER:\u00a0To \u00e5r i tr\u00e6k har Kulturm\u00f8det Mors samlet flere\u00a0tusinde til store folkelige koncerter fredag og l\u00f8rdag aften foran Folkescenen. Jubil\u00e6ums\u00e5ret ser ikke ud til at blive en undtagelse. S\u00e5dan lyder forventningen fra Kulturm\u00f8det Mors, der i en pressemeddelelse pr\u00e6senterer, hvad der bliver beskrevet som &#8220;to af landets mest lysende musikalske stjerner&#8221; som g\u00e6ster til den [&hellip;]\" \/>\n<meta property=\"og:url\" content=\"https:\/\/kunmedierne.dk\/mors\/store-folkelige-koncerter-paa-kulturmoedet\/\" \/>\n<meta property=\"og:site_name\" content=\"Mors\" \/>\n<meta property=\"article:published_time\" content=\"2023-05-17T14:54:18+00:00\" \/>\n<meta property=\"article:modified_time\" content=\"2024-08-12T11:18:08+00:00\" \/>\n<meta property=\"og:image\" content=\"https:\/\/kunmedierne.dk\/mors\/wp-content\/uploads\/2023\/05\/NiklasAdrianVindelev_SCAN_EEEGEE_3.jpg\" \/>\n\t<meta property=\"og:image:width\" content=\"770\" \/>\n\t<meta property=\"og:image:height\" content=\"513\" \/>\n\t<meta property=\"og:image:type\" content=\"image\/jpeg\" \/>\n<meta name=\"author\" content=\"David H\u00f8jmark\" \/>\n<meta name=\"twitter:card\" content=\"summary_large_image\" \/>\n<meta name=\"twitter:label1\" content=\"Skrevet af\" \/>\n\t<meta name=\"twitter:data1\" content=\"David H\u00f8jmark\" \/>\n\t<meta name=\"twitter:label2\" content=\"Estimeret l\u00e6setid\" \/>\n\t<meta name=\"twitter:data2\" content=\"4 minutter\" \/>\n<script type=\"application\/ld+json\" class=\"yoast-schema-graph\">{\"@context\":\"https:\/\/schema.org\",\"@graph\":[{\"@type\":\"Article\",\"@id\":\"https:\/\/kunmedierne.dk\/mors\/store-folkelige-koncerter-paa-kulturmoedet\/#article\",\"isPartOf\":{\"@id\":\"https:\/\/kunmedierne.dk\/mors\/store-folkelige-koncerter-paa-kulturmoedet\/\"},\"author\":{\"name\":\"David H\u00f8jmark\",\"@id\":\"https:\/\/kunmedierne.dk\/mors\/#\/schema\/person\/5fe23251bf1d0abbcdc6f7896579d548\"},\"headline\":\"Store folkelige koncerter p\u00e5 Kulturm\u00f8det\",\"datePublished\":\"2023-05-17T14:54:18+00:00\",\"dateModified\":\"2024-08-12T11:18:08+00:00\",\"mainEntityOfPage\":{\"@id\":\"https:\/\/kunmedierne.dk\/mors\/store-folkelige-koncerter-paa-kulturmoedet\/\"},\"wordCount\":575,\"publisher\":{\"@id\":\"https:\/\/kunmedierne.dk\/mors\/#organization\"},\"image\":{\"@id\":\"https:\/\/kunmedierne.dk\/mors\/store-folkelige-koncerter-paa-kulturmoedet\/#primaryimage\"},\"thumbnailUrl\":\"https:\/\/kunmedierne.dk\/mors\/wp-content\/uploads\/2023\/05\/NiklasAdrianVindelev_SCAN_EEEGEE_3.jpg\",\"keywords\":[\"Kulturm\u00f8det\",\"Musik\"],\"articleSection\":[\"Kultur\"],\"inLanguage\":\"da-DK\"},{\"@type\":\"WebPage\",\"@id\":\"https:\/\/kunmedierne.dk\/mors\/store-folkelige-koncerter-paa-kulturmoedet\/\",\"url\":\"https:\/\/kunmedierne.dk\/mors\/store-folkelige-koncerter-paa-kulturmoedet\/\",\"name\":\"Store folkelige koncerter p\u00e5 Kulturm\u00f8det - Mors\",\"isPartOf\":{\"@id\":\"https:\/\/kunmedierne.dk\/mors\/#website\"},\"primaryImageOfPage\":{\"@id\":\"https:\/\/kunmedierne.dk\/mors\/store-folkelige-koncerter-paa-kulturmoedet\/#primaryimage\"},\"image\":{\"@id\":\"https:\/\/kunmedierne.dk\/mors\/store-folkelige-koncerter-paa-kulturmoedet\/#primaryimage\"},\"thumbnailUrl\":\"https:\/\/kunmedierne.dk\/mors\/wp-content\/uploads\/2023\/05\/NiklasAdrianVindelev_SCAN_EEEGEE_3.jpg\",\"datePublished\":\"2023-05-17T14:54:18+00:00\",\"dateModified\":\"2024-08-12T11:18:08+00:00\",\"breadcrumb\":{\"@id\":\"https:\/\/kunmedierne.dk\/mors\/store-folkelige-koncerter-paa-kulturmoedet\/#breadcrumb\"},\"inLanguage\":\"da-DK\",\"potentialAction\":[{\"@type\":\"ReadAction\",\"target\":[\"https:\/\/kunmedierne.dk\/mors\/store-folkelige-koncerter-paa-kulturmoedet\/\"]}]},{\"@type\":\"ImageObject\",\"inLanguage\":\"da-DK\",\"@id\":\"https:\/\/kunmedierne.dk\/mors\/store-folkelige-koncerter-paa-kulturmoedet\/#primaryimage\",\"url\":\"https:\/\/kunmedierne.dk\/mors\/wp-content\/uploads\/2023\/05\/NiklasAdrianVindelev_SCAN_EEEGEE_3.jpg\",\"contentUrl\":\"https:\/\/kunmedierne.dk\/mors\/wp-content\/uploads\/2023\/05\/NiklasAdrianVindelev_SCAN_EEEGEE_3.jpg\",\"width\":770,\"height\":513,\"caption\":\"Eee Gee giver koncert p\u00e5 Kulturm\u00f8det. Foto: Niklas Adrian Vindelev.\"},{\"@type\":\"BreadcrumbList\",\"@id\":\"https:\/\/kunmedierne.dk\/mors\/store-folkelige-koncerter-paa-kulturmoedet\/#breadcrumb\",\"itemListElement\":[{\"@type\":\"ListItem\",\"position\":1,\"name\":\"Hjem\",\"item\":\"https:\/\/kunmedierne.dk\/mors\/\"},{\"@type\":\"ListItem\",\"position\":2,\"name\":\"Store folkelige koncerter p\u00e5 Kulturm\u00f8det\"}]},{\"@type\":\"WebSite\",\"@id\":\"https:\/\/kunmedierne.dk\/mors\/#website\",\"url\":\"https:\/\/kunmedierne.dk\/mors\/\",\"name\":\"Mors\",\"description\":\"et netmedie med journalistik om livet p\u00e5 Mors\",\"publisher\":{\"@id\":\"https:\/\/kunmedierne.dk\/mors\/#organization\"},\"potentialAction\":[{\"@type\":\"SearchAction\",\"target\":{\"@type\":\"EntryPoint\",\"urlTemplate\":\"https:\/\/kunmedierne.dk\/mors\/?s={search_term_string}\"},\"query-input\":{\"@type\":\"PropertyValueSpecification\",\"valueRequired\":true,\"valueName\":\"search_term_string\"}}],\"inLanguage\":\"da-DK\"},{\"@type\":\"Organization\",\"@id\":\"https:\/\/kunmedierne.dk\/mors\/#organization\",\"name\":\"Mors\",\"url\":\"https:\/\/kunmedierne.dk\/mors\/\",\"logo\":{\"@type\":\"ImageObject\",\"inLanguage\":\"da-DK\",\"@id\":\"https:\/\/kunmedierne.dk\/mors\/#\/schema\/logo\/image\/\",\"url\":\"https:\/\/kunmedierne.dk\/mors\/wp-content\/uploads\/2024\/08\/kunmors-logo.svg\",\"contentUrl\":\"https:\/\/kunmedierne.dk\/mors\/wp-content\/uploads\/2024\/08\/kunmors-logo.svg\",\"caption\":\"Mors\"},\"image\":{\"@id\":\"https:\/\/kunmedierne.dk\/mors\/#\/schema\/logo\/image\/\"}},{\"@type\":\"Person\",\"@id\":\"https:\/\/kunmedierne.dk\/mors\/#\/schema\/person\/5fe23251bf1d0abbcdc6f7896579d548\",\"name\":\"David H\u00f8jmark\",\"image\":{\"@type\":\"ImageObject\",\"inLanguage\":\"da-DK\",\"@id\":\"https:\/\/kunmedierne.dk\/mors\/#\/schema\/person\/image\/\",\"url\":\"https:\/\/secure.gravatar.com\/avatar\/4315d6fb9ef244d729989f5f90268eb08d5bf8a3d84402f595fa194bb35784fd?s=96&d=mm&r=g\",\"contentUrl\":\"https:\/\/secure.gravatar.com\/avatar\/4315d6fb9ef244d729989f5f90268eb08d5bf8a3d84402f595fa194bb35784fd?s=96&d=mm&r=g\",\"caption\":\"David H\u00f8jmark\"},\"sameAs\":[\"https:\/\/www.kunmedierne.dk\"],\"url\":\"https:\/\/kunmedierne.dk\/mors\/author\/david\/\"}]}<\/script>\n<!-- \/ Yoast SEO plugin. -->","yoast_head_json":{"title":"Store folkelige koncerter p\u00e5 Kulturm\u00f8det - Mors","robots":{"index":"index","follow":"follow","max-snippet":"max-snippet:-1","max-image-preview":"max-image-preview:large","max-video-preview":"max-video-preview:-1"},"canonical":"https:\/\/kunmedierne.dk\/mors\/store-folkelige-koncerter-paa-kulturmoedet\/","og_locale":"da_DK","og_type":"article","og_title":"Store folkelige koncerter p\u00e5 Kulturm\u00f8det - Mors","og_description":"KONCERTER:\u00a0To \u00e5r i tr\u00e6k har Kulturm\u00f8det Mors samlet flere\u00a0tusinde til store folkelige koncerter fredag og l\u00f8rdag aften foran Folkescenen. Jubil\u00e6ums\u00e5ret ser ikke ud til at blive en undtagelse. S\u00e5dan lyder forventningen fra Kulturm\u00f8det Mors, der i en pressemeddelelse pr\u00e6senterer, hvad der bliver beskrevet som &#8220;to af landets mest lysende musikalske stjerner&#8221; som g\u00e6ster til den [&hellip;]","og_url":"https:\/\/kunmedierne.dk\/mors\/store-folkelige-koncerter-paa-kulturmoedet\/","og_site_name":"Mors","article_published_time":"2023-05-17T14:54:18+00:00","article_modified_time":"2024-08-12T11:18:08+00:00","og_image":[{"width":770,"height":513,"url":"https:\/\/kunmedierne.dk\/mors\/wp-content\/uploads\/2023\/05\/NiklasAdrianVindelev_SCAN_EEEGEE_3.jpg","type":"image\/jpeg"}],"author":"David H\u00f8jmark","twitter_card":"summary_large_image","twitter_misc":{"Skrevet af":"David H\u00f8jmark","Estimeret l\u00e6setid":"4 minutter"},"schema":{"@context":"https:\/\/schema.org","@graph":[{"@type":"Article","@id":"https:\/\/kunmedierne.dk\/mors\/store-folkelige-koncerter-paa-kulturmoedet\/#article","isPartOf":{"@id":"https:\/\/kunmedierne.dk\/mors\/store-folkelige-koncerter-paa-kulturmoedet\/"},"author":{"name":"David H\u00f8jmark","@id":"https:\/\/kunmedierne.dk\/mors\/#\/schema\/person\/5fe23251bf1d0abbcdc6f7896579d548"},"headline":"Store folkelige koncerter p\u00e5 Kulturm\u00f8det","datePublished":"2023-05-17T14:54:18+00:00","dateModified":"2024-08-12T11:18:08+00:00","mainEntityOfPage":{"@id":"https:\/\/kunmedierne.dk\/mors\/store-folkelige-koncerter-paa-kulturmoedet\/"},"wordCount":575,"publisher":{"@id":"https:\/\/kunmedierne.dk\/mors\/#organization"},"image":{"@id":"https:\/\/kunmedierne.dk\/mors\/store-folkelige-koncerter-paa-kulturmoedet\/#primaryimage"},"thumbnailUrl":"https:\/\/kunmedierne.dk\/mors\/wp-content\/uploads\/2023\/05\/NiklasAdrianVindelev_SCAN_EEEGEE_3.jpg","keywords":["Kulturm\u00f8det","Musik"],"articleSection":["Kultur"],"inLanguage":"da-DK"},{"@type":"WebPage","@id":"https:\/\/kunmedierne.dk\/mors\/store-folkelige-koncerter-paa-kulturmoedet\/","url":"https:\/\/kunmedierne.dk\/mors\/store-folkelige-koncerter-paa-kulturmoedet\/","name":"Store folkelige koncerter p\u00e5 Kulturm\u00f8det - Mors","isPartOf":{"@id":"https:\/\/kunmedierne.dk\/mors\/#website"},"primaryImageOfPage":{"@id":"https:\/\/kunmedierne.dk\/mors\/store-folkelige-koncerter-paa-kulturmoedet\/#primaryimage"},"image":{"@id":"https:\/\/kunmedierne.dk\/mors\/store-folkelige-koncerter-paa-kulturmoedet\/#primaryimage"},"thumbnailUrl":"https:\/\/kunmedierne.dk\/mors\/wp-content\/uploads\/2023\/05\/NiklasAdrianVindelev_SCAN_EEEGEE_3.jpg","datePublished":"2023-05-17T14:54:18+00:00","dateModified":"2024-08-12T11:18:08+00:00","breadcrumb":{"@id":"https:\/\/kunmedierne.dk\/mors\/store-folkelige-koncerter-paa-kulturmoedet\/#breadcrumb"},"inLanguage":"da-DK","potentialAction":[{"@type":"ReadAction","target":["https:\/\/kunmedierne.dk\/mors\/store-folkelige-koncerter-paa-kulturmoedet\/"]}]},{"@type":"ImageObject","inLanguage":"da-DK","@id":"https:\/\/kunmedierne.dk\/mors\/store-folkelige-koncerter-paa-kulturmoedet\/#primaryimage","url":"https:\/\/kunmedierne.dk\/mors\/wp-content\/uploads\/2023\/05\/NiklasAdrianVindelev_SCAN_EEEGEE_3.jpg","contentUrl":"https:\/\/kunmedierne.dk\/mors\/wp-content\/uploads\/2023\/05\/NiklasAdrianVindelev_SCAN_EEEGEE_3.jpg","width":770,"height":513,"caption":"Eee Gee giver koncert p\u00e5 Kulturm\u00f8det. Foto: Niklas Adrian Vindelev."},{"@type":"BreadcrumbList","@id":"https:\/\/kunmedierne.dk\/mors\/store-folkelige-koncerter-paa-kulturmoedet\/#breadcrumb","itemListElement":[{"@type":"ListItem","position":1,"name":"Hjem","item":"https:\/\/kunmedierne.dk\/mors\/"},{"@type":"ListItem","position":2,"name":"Store folkelige koncerter p\u00e5 Kulturm\u00f8det"}]},{"@type":"WebSite","@id":"https:\/\/kunmedierne.dk\/mors\/#website","url":"https:\/\/kunmedierne.dk\/mors\/","name":"Mors","description":"et netmedie med journalistik om livet p\u00e5 Mors","publisher":{"@id":"https:\/\/kunmedierne.dk\/mors\/#organization"},"potentialAction":[{"@type":"SearchAction","target":{"@type":"EntryPoint","urlTemplate":"https:\/\/kunmedierne.dk\/mors\/?s={search_term_string}"},"query-input":{"@type":"PropertyValueSpecification","valueRequired":true,"valueName":"search_term_string"}}],"inLanguage":"da-DK"},{"@type":"Organization","@id":"https:\/\/kunmedierne.dk\/mors\/#organization","name":"Mors","url":"https:\/\/kunmedierne.dk\/mors\/","logo":{"@type":"ImageObject","inLanguage":"da-DK","@id":"https:\/\/kunmedierne.dk\/mors\/#\/schema\/logo\/image\/","url":"https:\/\/kunmedierne.dk\/mors\/wp-content\/uploads\/2024\/08\/kunmors-logo.svg","contentUrl":"https:\/\/kunmedierne.dk\/mors\/wp-content\/uploads\/2024\/08\/kunmors-logo.svg","caption":"Mors"},"image":{"@id":"https:\/\/kunmedierne.dk\/mors\/#\/schema\/logo\/image\/"}},{"@type":"Person","@id":"https:\/\/kunmedierne.dk\/mors\/#\/schema\/person\/5fe23251bf1d0abbcdc6f7896579d548","name":"David H\u00f8jmark","image":{"@type":"ImageObject","inLanguage":"da-DK","@id":"https:\/\/kunmedierne.dk\/mors\/#\/schema\/person\/image\/","url":"https:\/\/secure.gravatar.com\/avatar\/4315d6fb9ef244d729989f5f90268eb08d5bf8a3d84402f595fa194bb35784fd?s=96&d=mm&r=g","contentUrl":"https:\/\/secure.gravatar.com\/avatar\/4315d6fb9ef244d729989f5f90268eb08d5bf8a3d84402f595fa194bb35784fd?s=96&d=mm&r=g","caption":"David H\u00f8jmark"},"sameAs":["https:\/\/www.kunmedierne.dk"],"url":"https:\/\/kunmedierne.dk\/mors\/author\/david\/"}]}},"_links":{"self":[{"href":"https:\/\/kunmedierne.dk\/mors\/wp-json\/wp\/v2\/posts\/95096","targetHints":{"allow":["GET"]}}],"collection":[{"href":"https:\/\/kunmedierne.dk\/mors\/wp-json\/wp\/v2\/posts"}],"about":[{"href":"https:\/\/kunmedierne.dk\/mors\/wp-json\/wp\/v2\/types\/post"}],"author":[{"embeddable":true,"href":"https:\/\/kunmedierne.dk\/mors\/wp-json\/wp\/v2\/users\/8"}],"replies":[{"embeddable":true,"href":"https:\/\/kunmedierne.dk\/mors\/wp-json\/wp\/v2\/comments?post=95096"}],"version-history":[{"count":1,"href":"https:\/\/kunmedierne.dk\/mors\/wp-json\/wp\/v2\/posts\/95096\/revisions"}],"predecessor-version":[{"id":95100,"href":"https:\/\/kunmedierne.dk\/mors\/wp-json\/wp\/v2\/posts\/95096\/revisions\/95100"}],"wp:featuredmedia":[{"embeddable":true,"href":"https:\/\/kunmedierne.dk\/mors\/wp-json\/wp\/v2\/media\/95098"}],"wp:attachment":[{"href":"https:\/\/kunmedierne.dk\/mors\/wp-json\/wp\/v2\/media?parent=95096"}],"wp:term":[{"taxonomy":"category","embeddable":true,"href":"https:\/\/kunmedierne.dk\/mors\/wp-json\/wp\/v2\/categories?post=95096"},{"taxonomy":"post_tag","embeddable":true,"href":"https:\/\/kunmedierne.dk\/mors\/wp-json\/wp\/v2\/tags?post=95096"}],"curies":[{"name":"wp","href":"https:\/\/api.w.org\/{rel}","templated":true}]}}