{"id":94968,"date":"2023-05-16T11:43:40","date_gmt":"2023-05-16T09:43:40","guid":{"rendered":"https:\/\/kunmedierne.dk\/mors\/?p=94968"},"modified":"2024-08-12T13:18:09","modified_gmt":"2024-08-12T11:18:09","slug":"haervaerk-i-praestbro-anlaegget","status":"publish","type":"post","link":"https:\/\/kunmedierne.dk\/mors\/haervaerk-i-praestbro-anlaegget\/","title":{"rendered":"H\u00e6rv\u00e6rk i Pr\u00e6stbro Anl\u00e6gget"},"content":{"rendered":"<p><b><span data-contrast=\"auto\">H\u00c6RV\u00c6RK: <\/span><\/b><span data-contrast=\"auto\">Fuglesangen h\u00e6nger h\u00f8jt over anl\u00e6gget. Vinden er k\u00f8lig. To ladcykler, tre p\u00e6dagoger og ni glade vuggestueb\u00f8rn er netop ankommet til skovbrynet. Cykelhjelmene bliver klikket\u00a0op og lagt i cyklerne, og\u00a0de sm\u00e5 ben med termobukser, bev\u00e6ger sig vraltende ind ad den skovsti, der ender foran shelterpladsen. Det er ikke til at se, at der indimellem foreg\u00e5r noget her, der er knap s\u00e5 idyllisk.<\/span><span data-ccp-props=\"{&quot;201341983&quot;:0,&quot;335551550&quot;:0,&quot;335551620&quot;:0,&quot;335559739&quot;:160,&quot;335559740&quot;:259}\">\u00a0<\/span><\/p>\n<a class=\"dvrt-link\" onClick=\"cdmtrack_click(104787,jQuery(this));return false\" href=\"https:\/\/www.jyskebank.dk\/kontakt\/afdelingsinfo?departmentid=11890\"><img decoding=\"async\" style=\"width:100%;\" src=\"https:\/\/kunmedierne.dk\/mors\/wp-content\/uploads\/2023\/10\/260325JyskeBankMorsNy-1.jpg\"><\/a><script>cdmtrack_view(104787);<\/script>\n<p><span data-contrast=\"auto\">Den 15. maj 2023 modtog Midt- og Vestjyllands Politi en anmeldelse om h\u00e6rv\u00e6rk, der var blevet beg\u00e5et i netop Pr\u00e6stbro Anl\u00e6gget (Pr\u00e6stbrovej 373) der ligger i den vestlige udkant af \u00d8. J\u00f8lby. Lige her hvor de ni b\u00f8rnehaveb\u00f8rn nu l\u00f8ber grinende afsted i gr\u00e6sset og op ad bakkerne.<\/span><span data-ccp-props=\"{&quot;201341983&quot;:0,&quot;335551550&quot;:0,&quot;335551620&quot;:0,&quot;335559739&quot;:160,&quot;335559740&quot;:259}\">\u00a0<\/span><\/p>\n<p><span data-contrast=\"auto\">Pr\u00e6stbro Anl\u00e6gget omfatter et naturareal p\u00e5 ca. 3,6 ha, en stor shelter og en toiletbygning. De sidste seks \u00e5r har Midtmors Sport st\u00e5et for at vedligeholde og administrere anl\u00e6gget, der alts\u00e5 desv\u00e6rre flere gange er blevet udsat for h\u00e6rv\u00e6rk. Senest i gerningstidsrummet fra den 10. maj 2023 til den 11. maj 2023.<\/span><span data-ccp-props=\"{&quot;201341983&quot;:0,&quot;335551550&quot;:0,&quot;335551620&quot;:0,&quot;335559739&quot;:160,&quot;335559740&quot;:259}\">\u00a0<\/span><\/p>\n<p><span data-contrast=\"auto\">Midt- og Vestjyllands Politi oplyser til KunMors, at h\u00e6rv\u00e6rkspersonerne har ant\u00e6ndt og afbr\u00e6ndt en toiletb\u00f8rste, toiletpapir og et bord-b\u00e6nkes\u00e6t er blevet \u00f8delagt.<\/span><span data-ccp-props=\"{&quot;201341983&quot;:0,&quot;335551550&quot;:0,&quot;335551620&quot;:0,&quot;335559739&quot;:160,&quot;335559740&quot;:259}\">\u00a0<\/span><\/p>\n<p><span data-contrast=\"auto\">Keld Andersen er Centerleder i Midtmors Sport, og han er \u00e6rgerlig over det der er sket.<\/span><span data-ccp-props=\"{&quot;201341983&quot;:0,&quot;335551550&quot;:0,&quot;335551620&quot;:0,&quot;335559739&quot;:160,&quot;335559740&quot;:259}\">\u00a0<\/span><\/p>\n<p><span data-contrast=\"auto\">&#8211; I l\u00f8bet af onsdag i sidste uge, fik vi \u00f8delagt et bord-b\u00e6nkes\u00e6t. Men der var ogs\u00e5 fors\u00f8gt ildsp\u00e5s\u00e6ttelse af toiletbygningen. Jeg h\u00e5ber, det er nogen, der ikke lige ved, hvad de g\u00f8r. Det kunne jo have v\u00e6ret endt rigtig galt. Vi har som idr\u00e6tscenter p\u00e5taget os opgaven med at drifte Pr\u00e6stbro Anl\u00e6gget, og det er ikke en overskudsforretning. Men vi g\u00f8r det for at g\u00f8re noget for b\u00f8rnehaverne og skolerne, der bruger omr\u00e5det meget. N\u00e5r s\u00e5dan noget her sker, s\u00e5 er det trist for b\u00e5de friskolen, folkeskolen, b\u00f8rnehaverne og efterskolen, der har stor forn\u00f8jelse af at komme i anl\u00e6gget.<\/span><span data-ccp-props=\"{&quot;201341983&quot;:0,&quot;335551550&quot;:0,&quot;335551620&quot;:0,&quot;335559739&quot;:160,&quot;335559740&quot;:259}\">\u00a0<\/span><\/p>\n<a class=\"dvrt-link\" onClick=\"cdmtrack_click(104783,jQuery(this));return false\" href=\"https:\/\/konpap.dk\/\"><img decoding=\"async\" style=\"width:100%;\" src=\"https:\/\/kunmedierne.dk\/mors\/wp-content\/uploads\/2023\/10\/Kun-Mors-banner.jpg\"><\/a><script>cdmtrack_view(104783);<\/script>\n<p><span data-contrast=\"auto\">M\u00e5ske er det \u00f8delagte bord allerede fjernet. Det er i hvert tilf\u00e6lde ikke til at se, at der er sket store skader p\u00e5 hverken borde eller bygning. Men det kunne, som Centerleder Keld Andersen fort\u00e6ller, v\u00e6re endt v\u00e6rre end det gjorde.<\/span><span data-ccp-props=\"{&quot;201341983&quot;:0,&quot;335551550&quot;:0,&quot;335551620&quot;:0,&quot;335559739&quot;:160,&quot;335559740&quot;:259}\">\u00a0<\/span><\/p>\n<p><span data-contrast=\"auto\">&#8211; Der er ikke sket store skader, men toiletbygningen kunne have v\u00e6ret br\u00e6ndt ned. Det er ikke \u00f8konomien i det. Vi skal nok f\u00e5 k\u00f8bt et nyt bord-b\u00e6nkes\u00e6t. Men det er \u00e6rgerligt, at nogen skal \u00f8del\u00e6gge ting. Vi vil opfordre folk til at g\u00e5 en tur dernede og bekr\u00e6fte hinanden i at det er et dejligt sted at v\u00e6re. Vi vil ikke s\u00e6tte overv\u00e5gning op, selvom flere har skrevet til mig, at vi kunne g\u00f8re det, men s\u00e5 forsvinder hele id\u00e9en med stedet, fort\u00e6ller Centerleder Keld Andersen, og siger videre:<\/span><span data-ccp-props=\"{&quot;201341983&quot;:0,&quot;335551550&quot;:0,&quot;335551620&quot;:0,&quot;335559739&quot;:160,&quot;335559740&quot;:259}\">\u00a0<\/span><\/p>\n<p><span data-contrast=\"auto\">&#8211; Man m\u00e5 gerne drikke en \u00f8l, to eller tre i anl\u00e6gget. Det er kun hyggeligt, men det er trist, hvis man begynder at \u00f8del\u00e6gge det for andre. Vi skal ud og k\u00f8be nye ting, og s\u00e5 er vi n\u00f8dt til at l\u00e5se toiletbygningen i et stykke tid. Det er jo \u00e6rgerligt, men vi skal have ryddet op, f\u00f8r toilettet kan bruges igen.<\/span><span data-ccp-props=\"{&quot;201341983&quot;:0,&quot;335551550&quot;:0,&quot;335551620&quot;:0,&quot;335559739&quot;:160,&quot;335559740&quot;:259}\">\u00a0<\/span><\/p>\n<p><span data-contrast=\"auto\">Centerleder Keld Andersen har ingen id\u00e9 om, hvem der laver h\u00e6rv\u00e6rk i anl\u00e6gget, men han opfordrer alle til at blive ved med at bruge omr\u00e5det, og s\u00e5 h\u00e5ber han, at h\u00e6rv\u00e6rkspersonerne vil t\u00e6nke sig om en ekstra gang, inden id\u00e9en til at ud\u00f8ve h\u00e6rv\u00e6rk opst\u00e5r igen.<\/span><span data-ccp-props=\"{&quot;201341983&quot;:0,&quot;335551550&quot;:0,&quot;335551620&quot;:0,&quot;335559739&quot;:160,&quot;335559740&quot;:259}\">\u00a0<\/span><\/p>\n<a class=\"dvrt-link\" onClick=\"cdmtrack_click(104781,jQuery(this));return false\" href=\"https:\/\/www.fmspks.dk\/\"><img decoding=\"async\" style=\"width:100%;\" src=\"https:\/\/kunmedierne.dk\/mors\/wp-content\/uploads\/2022\/02\/vip-froeslev-mollerup-sparekasse.jpg\"><\/a><script>cdmtrack_view(104781);<\/script>\n<p><span data-contrast=\"auto\">Den runde grillrist, der h\u00e6nger over b\u00e5lstedet foran shelterbygningen, er ikke hvad den har v\u00e6ret, og tr\u00e6v\u00e6ggene i shelteren er tagget med kul-graffiti. Men luften, stilheden og smilene fra vuggestueb\u00f8rnene fejler intet. Toilettet er l\u00e5st nu, men skulle det blive n\u00f8dvendigt, s\u00e5 har institutionerne en n\u00f8gle til toiletbygningen, s\u00e5 de fortsat kan l\u00e5se sig ind. Men andre bes\u00f8gende i anl\u00e6gget m\u00e5 indtil videre knibe ballerne sammen. <\/span><span data-ccp-props=\"{&quot;201341983&quot;:0,&quot;335551550&quot;:0,&quot;335551620&quot;:0,&quot;335559739&quot;:160,&quot;335559740&quot;:259}\">\u00a0<\/span><\/p>\n<div id=\"attachment_94976\" style=\"width: 2570px\" class=\"wp-caption alignnone\"><img loading=\"lazy\" decoding=\"async\" aria-describedby=\"caption-attachment-94976\" class=\"size-full wp-image-94976\" src=\"https:\/\/kunmedierne.dk\/mors\/wp-content\/uploads\/2023\/05\/2-scaled.jpg\" alt=\"\" width=\"2560\" height=\"1707\" srcset=\"https:\/\/kunmedierne.dk\/mors\/wp-content\/uploads\/2023\/05\/2-scaled.jpg 2560w, https:\/\/kunmedierne.dk\/mors\/wp-content\/uploads\/2023\/05\/2-300x200.jpg 300w, https:\/\/kunmedierne.dk\/mors\/wp-content\/uploads\/2023\/05\/2-1024x683.jpg 1024w, https:\/\/kunmedierne.dk\/mors\/wp-content\/uploads\/2023\/05\/2-768x512.jpg 768w, https:\/\/kunmedierne.dk\/mors\/wp-content\/uploads\/2023\/05\/2-1536x1024.jpg 1536w, https:\/\/kunmedierne.dk\/mors\/wp-content\/uploads\/2023\/05\/2-2048x1365.jpg 2048w, https:\/\/kunmedierne.dk\/mors\/wp-content\/uploads\/2023\/05\/2-360x240.jpg 360w, https:\/\/kunmedierne.dk\/mors\/wp-content\/uploads\/2023\/05\/2-600x400.jpg 600w\" sizes=\"auto, (max-width: 2560px) 100vw, 2560px\" \/><p id=\"caption-attachment-94976\" class=\"wp-caption-text\">Toiletbygningen i Pr\u00e6stbro Anl\u00e6gget<\/p><\/div>\n","protected":false},"excerpt":{"rendered":"<p>H\u00c6RV\u00c6RK: Fuglesangen h\u00e6nger h\u00f8jt over anl\u00e6gget. Vinden er k\u00f8lig. To ladcykler, tre p\u00e6dagoger og ni glade vuggestueb\u00f8rn er netop ankommet til skovbrynet. Cykelhjelmene bliver klikket\u00a0op og lagt i cyklerne, og\u00a0de sm\u00e5 ben med termobukser, bev\u00e6ger sig vraltende ind ad den skovsti, der ender foran shelterpladsen. Det er ikke til at se, at der indimellem foreg\u00e5r [&hellip;]<\/p>\n","protected":false},"author":2507,"featured_media":94975,"comment_status":"closed","ping_status":"open","sticky":false,"template":"","format":"standard","meta":{"_acf_changed":false,"footnotes":""},"categories":[51],"tags":[],"class_list":["post-94968","post","type-post","status-publish","format-standard","has-post-thumbnail","hentry","category-lokalt"],"acf":[],"yoast_head":"<!-- This site is optimized with the Yoast SEO plugin v26.8 - https:\/\/yoast.com\/product\/yoast-seo-wordpress\/ -->\n<title>H\u00e6rv\u00e6rk i Pr\u00e6stbro Anl\u00e6gget - Mors<\/title>\n<meta name=\"robots\" content=\"index, follow, max-snippet:-1, max-image-preview:large, max-video-preview:-1\" \/>\n<link rel=\"canonical\" href=\"https:\/\/kunmedierne.dk\/mors\/haervaerk-i-praestbro-anlaegget\/\" \/>\n<meta property=\"og:locale\" content=\"da_DK\" \/>\n<meta property=\"og:type\" content=\"article\" \/>\n<meta property=\"og:title\" content=\"H\u00e6rv\u00e6rk i Pr\u00e6stbro Anl\u00e6gget - Mors\" \/>\n<meta property=\"og:description\" content=\"H\u00c6RV\u00c6RK: Fuglesangen h\u00e6nger h\u00f8jt over anl\u00e6gget. Vinden er k\u00f8lig. To ladcykler, tre p\u00e6dagoger og ni glade vuggestueb\u00f8rn er netop ankommet til skovbrynet. Cykelhjelmene bliver klikket\u00a0op og lagt i cyklerne, og\u00a0de sm\u00e5 ben med termobukser, bev\u00e6ger sig vraltende ind ad den skovsti, der ender foran shelterpladsen. Det er ikke til at se, at der indimellem foreg\u00e5r [&hellip;]\" \/>\n<meta property=\"og:url\" content=\"https:\/\/kunmedierne.dk\/mors\/haervaerk-i-praestbro-anlaegget\/\" \/>\n<meta property=\"og:site_name\" content=\"Mors\" \/>\n<meta property=\"article:published_time\" content=\"2023-05-16T09:43:40+00:00\" \/>\n<meta property=\"article:modified_time\" content=\"2024-08-12T11:18:09+00:00\" \/>\n<meta property=\"og:image\" content=\"https:\/\/kunmedierne.dk\/mors\/wp-content\/uploads\/2023\/05\/Midtmors-sport_solbjerg-scaled.jpg\" \/>\n\t<meta property=\"og:image:width\" content=\"2560\" \/>\n\t<meta property=\"og:image:height\" content=\"1707\" \/>\n\t<meta property=\"og:image:type\" content=\"image\/jpeg\" \/>\n<meta name=\"author\" content=\"Katrine Hedegaard\" \/>\n<meta name=\"twitter:card\" content=\"summary_large_image\" \/>\n<meta name=\"twitter:label1\" content=\"Skrevet af\" \/>\n\t<meta name=\"twitter:data1\" content=\"Katrine Hedegaard\" \/>\n\t<meta name=\"twitter:label2\" content=\"Estimeret l\u00e6setid\" \/>\n\t<meta name=\"twitter:data2\" content=\"4 minutter\" \/>\n<script type=\"application\/ld+json\" class=\"yoast-schema-graph\">{\"@context\":\"https:\/\/schema.org\",\"@graph\":[{\"@type\":\"Article\",\"@id\":\"https:\/\/kunmedierne.dk\/mors\/haervaerk-i-praestbro-anlaegget\/#article\",\"isPartOf\":{\"@id\":\"https:\/\/kunmedierne.dk\/mors\/haervaerk-i-praestbro-anlaegget\/\"},\"author\":{\"name\":\"Katrine Hedegaard\",\"@id\":\"https:\/\/kunmedierne.dk\/mors\/#\/schema\/person\/b2e62a38069b12365e53e087a8709c64\"},\"headline\":\"H\u00e6rv\u00e6rk i Pr\u00e6stbro Anl\u00e6gget\",\"datePublished\":\"2023-05-16T09:43:40+00:00\",\"dateModified\":\"2024-08-12T11:18:09+00:00\",\"mainEntityOfPage\":{\"@id\":\"https:\/\/kunmedierne.dk\/mors\/haervaerk-i-praestbro-anlaegget\/\"},\"wordCount\":733,\"publisher\":{\"@id\":\"https:\/\/kunmedierne.dk\/mors\/#organization\"},\"image\":{\"@id\":\"https:\/\/kunmedierne.dk\/mors\/haervaerk-i-praestbro-anlaegget\/#primaryimage\"},\"thumbnailUrl\":\"https:\/\/kunmedierne.dk\/mors\/wp-content\/uploads\/2023\/05\/Midtmors-sport_solbjerg-scaled.jpg\",\"articleSection\":[\"Lokalt\"],\"inLanguage\":\"da-DK\"},{\"@type\":\"WebPage\",\"@id\":\"https:\/\/kunmedierne.dk\/mors\/haervaerk-i-praestbro-anlaegget\/\",\"url\":\"https:\/\/kunmedierne.dk\/mors\/haervaerk-i-praestbro-anlaegget\/\",\"name\":\"H\u00e6rv\u00e6rk i Pr\u00e6stbro Anl\u00e6gget - Mors\",\"isPartOf\":{\"@id\":\"https:\/\/kunmedierne.dk\/mors\/#website\"},\"primaryImageOfPage\":{\"@id\":\"https:\/\/kunmedierne.dk\/mors\/haervaerk-i-praestbro-anlaegget\/#primaryimage\"},\"image\":{\"@id\":\"https:\/\/kunmedierne.dk\/mors\/haervaerk-i-praestbro-anlaegget\/#primaryimage\"},\"thumbnailUrl\":\"https:\/\/kunmedierne.dk\/mors\/wp-content\/uploads\/2023\/05\/Midtmors-sport_solbjerg-scaled.jpg\",\"datePublished\":\"2023-05-16T09:43:40+00:00\",\"dateModified\":\"2024-08-12T11:18:09+00:00\",\"breadcrumb\":{\"@id\":\"https:\/\/kunmedierne.dk\/mors\/haervaerk-i-praestbro-anlaegget\/#breadcrumb\"},\"inLanguage\":\"da-DK\",\"potentialAction\":[{\"@type\":\"ReadAction\",\"target\":[\"https:\/\/kunmedierne.dk\/mors\/haervaerk-i-praestbro-anlaegget\/\"]}]},{\"@type\":\"ImageObject\",\"inLanguage\":\"da-DK\",\"@id\":\"https:\/\/kunmedierne.dk\/mors\/haervaerk-i-praestbro-anlaegget\/#primaryimage\",\"url\":\"https:\/\/kunmedierne.dk\/mors\/wp-content\/uploads\/2023\/05\/Midtmors-sport_solbjerg-scaled.jpg\",\"contentUrl\":\"https:\/\/kunmedierne.dk\/mors\/wp-content\/uploads\/2023\/05\/Midtmors-sport_solbjerg-scaled.jpg\",\"width\":2560,\"height\":1707},{\"@type\":\"BreadcrumbList\",\"@id\":\"https:\/\/kunmedierne.dk\/mors\/haervaerk-i-praestbro-anlaegget\/#breadcrumb\",\"itemListElement\":[{\"@type\":\"ListItem\",\"position\":1,\"name\":\"Hjem\",\"item\":\"https:\/\/kunmedierne.dk\/mors\/\"},{\"@type\":\"ListItem\",\"position\":2,\"name\":\"H\u00e6rv\u00e6rk i Pr\u00e6stbro Anl\u00e6gget\"}]},{\"@type\":\"WebSite\",\"@id\":\"https:\/\/kunmedierne.dk\/mors\/#website\",\"url\":\"https:\/\/kunmedierne.dk\/mors\/\",\"name\":\"Mors\",\"description\":\"et netmedie med journalistik om livet p\u00e5 Mors\",\"publisher\":{\"@id\":\"https:\/\/kunmedierne.dk\/mors\/#organization\"},\"potentialAction\":[{\"@type\":\"SearchAction\",\"target\":{\"@type\":\"EntryPoint\",\"urlTemplate\":\"https:\/\/kunmedierne.dk\/mors\/?s={search_term_string}\"},\"query-input\":{\"@type\":\"PropertyValueSpecification\",\"valueRequired\":true,\"valueName\":\"search_term_string\"}}],\"inLanguage\":\"da-DK\"},{\"@type\":\"Organization\",\"@id\":\"https:\/\/kunmedierne.dk\/mors\/#organization\",\"name\":\"Mors\",\"url\":\"https:\/\/kunmedierne.dk\/mors\/\",\"logo\":{\"@type\":\"ImageObject\",\"inLanguage\":\"da-DK\",\"@id\":\"https:\/\/kunmedierne.dk\/mors\/#\/schema\/logo\/image\/\",\"url\":\"https:\/\/kunmedierne.dk\/mors\/wp-content\/uploads\/2024\/08\/kunmors-logo.svg\",\"contentUrl\":\"https:\/\/kunmedierne.dk\/mors\/wp-content\/uploads\/2024\/08\/kunmors-logo.svg\",\"caption\":\"Mors\"},\"image\":{\"@id\":\"https:\/\/kunmedierne.dk\/mors\/#\/schema\/logo\/image\/\"}},{\"@type\":\"Person\",\"@id\":\"https:\/\/kunmedierne.dk\/mors\/#\/schema\/person\/b2e62a38069b12365e53e087a8709c64\",\"name\":\"Katrine Hedegaard\",\"image\":{\"@type\":\"ImageObject\",\"inLanguage\":\"da-DK\",\"@id\":\"https:\/\/kunmedierne.dk\/mors\/#\/schema\/person\/image\/\",\"url\":\"https:\/\/secure.gravatar.com\/avatar\/18a5c72fa9148052fd3ed5a58b40fc83cfdc9811090e6e6eec9539af058edcc0?s=96&d=mm&r=g\",\"contentUrl\":\"https:\/\/secure.gravatar.com\/avatar\/18a5c72fa9148052fd3ed5a58b40fc83cfdc9811090e6e6eec9539af058edcc0?s=96&d=mm&r=g\",\"caption\":\"Katrine Hedegaard\"},\"url\":\"https:\/\/kunmedierne.dk\/mors\/author\/katrine\/\"}]}<\/script>\n<!-- \/ Yoast SEO plugin. -->","yoast_head_json":{"title":"H\u00e6rv\u00e6rk i Pr\u00e6stbro Anl\u00e6gget - Mors","robots":{"index":"index","follow":"follow","max-snippet":"max-snippet:-1","max-image-preview":"max-image-preview:large","max-video-preview":"max-video-preview:-1"},"canonical":"https:\/\/kunmedierne.dk\/mors\/haervaerk-i-praestbro-anlaegget\/","og_locale":"da_DK","og_type":"article","og_title":"H\u00e6rv\u00e6rk i Pr\u00e6stbro Anl\u00e6gget - Mors","og_description":"H\u00c6RV\u00c6RK: Fuglesangen h\u00e6nger h\u00f8jt over anl\u00e6gget. Vinden er k\u00f8lig. To ladcykler, tre p\u00e6dagoger og ni glade vuggestueb\u00f8rn er netop ankommet til skovbrynet. Cykelhjelmene bliver klikket\u00a0op og lagt i cyklerne, og\u00a0de sm\u00e5 ben med termobukser, bev\u00e6ger sig vraltende ind ad den skovsti, der ender foran shelterpladsen. Det er ikke til at se, at der indimellem foreg\u00e5r [&hellip;]","og_url":"https:\/\/kunmedierne.dk\/mors\/haervaerk-i-praestbro-anlaegget\/","og_site_name":"Mors","article_published_time":"2023-05-16T09:43:40+00:00","article_modified_time":"2024-08-12T11:18:09+00:00","og_image":[{"width":2560,"height":1707,"url":"https:\/\/kunmedierne.dk\/mors\/wp-content\/uploads\/2023\/05\/Midtmors-sport_solbjerg-scaled.jpg","type":"image\/jpeg"}],"author":"Katrine Hedegaard","twitter_card":"summary_large_image","twitter_misc":{"Skrevet af":"Katrine Hedegaard","Estimeret l\u00e6setid":"4 minutter"},"schema":{"@context":"https:\/\/schema.org","@graph":[{"@type":"Article","@id":"https:\/\/kunmedierne.dk\/mors\/haervaerk-i-praestbro-anlaegget\/#article","isPartOf":{"@id":"https:\/\/kunmedierne.dk\/mors\/haervaerk-i-praestbro-anlaegget\/"},"author":{"name":"Katrine Hedegaard","@id":"https:\/\/kunmedierne.dk\/mors\/#\/schema\/person\/b2e62a38069b12365e53e087a8709c64"},"headline":"H\u00e6rv\u00e6rk i Pr\u00e6stbro Anl\u00e6gget","datePublished":"2023-05-16T09:43:40+00:00","dateModified":"2024-08-12T11:18:09+00:00","mainEntityOfPage":{"@id":"https:\/\/kunmedierne.dk\/mors\/haervaerk-i-praestbro-anlaegget\/"},"wordCount":733,"publisher":{"@id":"https:\/\/kunmedierne.dk\/mors\/#organization"},"image":{"@id":"https:\/\/kunmedierne.dk\/mors\/haervaerk-i-praestbro-anlaegget\/#primaryimage"},"thumbnailUrl":"https:\/\/kunmedierne.dk\/mors\/wp-content\/uploads\/2023\/05\/Midtmors-sport_solbjerg-scaled.jpg","articleSection":["Lokalt"],"inLanguage":"da-DK"},{"@type":"WebPage","@id":"https:\/\/kunmedierne.dk\/mors\/haervaerk-i-praestbro-anlaegget\/","url":"https:\/\/kunmedierne.dk\/mors\/haervaerk-i-praestbro-anlaegget\/","name":"H\u00e6rv\u00e6rk i Pr\u00e6stbro Anl\u00e6gget - Mors","isPartOf":{"@id":"https:\/\/kunmedierne.dk\/mors\/#website"},"primaryImageOfPage":{"@id":"https:\/\/kunmedierne.dk\/mors\/haervaerk-i-praestbro-anlaegget\/#primaryimage"},"image":{"@id":"https:\/\/kunmedierne.dk\/mors\/haervaerk-i-praestbro-anlaegget\/#primaryimage"},"thumbnailUrl":"https:\/\/kunmedierne.dk\/mors\/wp-content\/uploads\/2023\/05\/Midtmors-sport_solbjerg-scaled.jpg","datePublished":"2023-05-16T09:43:40+00:00","dateModified":"2024-08-12T11:18:09+00:00","breadcrumb":{"@id":"https:\/\/kunmedierne.dk\/mors\/haervaerk-i-praestbro-anlaegget\/#breadcrumb"},"inLanguage":"da-DK","potentialAction":[{"@type":"ReadAction","target":["https:\/\/kunmedierne.dk\/mors\/haervaerk-i-praestbro-anlaegget\/"]}]},{"@type":"ImageObject","inLanguage":"da-DK","@id":"https:\/\/kunmedierne.dk\/mors\/haervaerk-i-praestbro-anlaegget\/#primaryimage","url":"https:\/\/kunmedierne.dk\/mors\/wp-content\/uploads\/2023\/05\/Midtmors-sport_solbjerg-scaled.jpg","contentUrl":"https:\/\/kunmedierne.dk\/mors\/wp-content\/uploads\/2023\/05\/Midtmors-sport_solbjerg-scaled.jpg","width":2560,"height":1707},{"@type":"BreadcrumbList","@id":"https:\/\/kunmedierne.dk\/mors\/haervaerk-i-praestbro-anlaegget\/#breadcrumb","itemListElement":[{"@type":"ListItem","position":1,"name":"Hjem","item":"https:\/\/kunmedierne.dk\/mors\/"},{"@type":"ListItem","position":2,"name":"H\u00e6rv\u00e6rk i Pr\u00e6stbro Anl\u00e6gget"}]},{"@type":"WebSite","@id":"https:\/\/kunmedierne.dk\/mors\/#website","url":"https:\/\/kunmedierne.dk\/mors\/","name":"Mors","description":"et netmedie med journalistik om livet p\u00e5 Mors","publisher":{"@id":"https:\/\/kunmedierne.dk\/mors\/#organization"},"potentialAction":[{"@type":"SearchAction","target":{"@type":"EntryPoint","urlTemplate":"https:\/\/kunmedierne.dk\/mors\/?s={search_term_string}"},"query-input":{"@type":"PropertyValueSpecification","valueRequired":true,"valueName":"search_term_string"}}],"inLanguage":"da-DK"},{"@type":"Organization","@id":"https:\/\/kunmedierne.dk\/mors\/#organization","name":"Mors","url":"https:\/\/kunmedierne.dk\/mors\/","logo":{"@type":"ImageObject","inLanguage":"da-DK","@id":"https:\/\/kunmedierne.dk\/mors\/#\/schema\/logo\/image\/","url":"https:\/\/kunmedierne.dk\/mors\/wp-content\/uploads\/2024\/08\/kunmors-logo.svg","contentUrl":"https:\/\/kunmedierne.dk\/mors\/wp-content\/uploads\/2024\/08\/kunmors-logo.svg","caption":"Mors"},"image":{"@id":"https:\/\/kunmedierne.dk\/mors\/#\/schema\/logo\/image\/"}},{"@type":"Person","@id":"https:\/\/kunmedierne.dk\/mors\/#\/schema\/person\/b2e62a38069b12365e53e087a8709c64","name":"Katrine Hedegaard","image":{"@type":"ImageObject","inLanguage":"da-DK","@id":"https:\/\/kunmedierne.dk\/mors\/#\/schema\/person\/image\/","url":"https:\/\/secure.gravatar.com\/avatar\/18a5c72fa9148052fd3ed5a58b40fc83cfdc9811090e6e6eec9539af058edcc0?s=96&d=mm&r=g","contentUrl":"https:\/\/secure.gravatar.com\/avatar\/18a5c72fa9148052fd3ed5a58b40fc83cfdc9811090e6e6eec9539af058edcc0?s=96&d=mm&r=g","caption":"Katrine Hedegaard"},"url":"https:\/\/kunmedierne.dk\/mors\/author\/katrine\/"}]}},"_links":{"self":[{"href":"https:\/\/kunmedierne.dk\/mors\/wp-json\/wp\/v2\/posts\/94968","targetHints":{"allow":["GET"]}}],"collection":[{"href":"https:\/\/kunmedierne.dk\/mors\/wp-json\/wp\/v2\/posts"}],"about":[{"href":"https:\/\/kunmedierne.dk\/mors\/wp-json\/wp\/v2\/types\/post"}],"author":[{"embeddable":true,"href":"https:\/\/kunmedierne.dk\/mors\/wp-json\/wp\/v2\/users\/2507"}],"replies":[{"embeddable":true,"href":"https:\/\/kunmedierne.dk\/mors\/wp-json\/wp\/v2\/comments?post=94968"}],"version-history":[{"count":4,"href":"https:\/\/kunmedierne.dk\/mors\/wp-json\/wp\/v2\/posts\/94968\/revisions"}],"predecessor-version":[{"id":94981,"href":"https:\/\/kunmedierne.dk\/mors\/wp-json\/wp\/v2\/posts\/94968\/revisions\/94981"}],"wp:featuredmedia":[{"embeddable":true,"href":"https:\/\/kunmedierne.dk\/mors\/wp-json\/wp\/v2\/media\/94975"}],"wp:attachment":[{"href":"https:\/\/kunmedierne.dk\/mors\/wp-json\/wp\/v2\/media?parent=94968"}],"wp:term":[{"taxonomy":"category","embeddable":true,"href":"https:\/\/kunmedierne.dk\/mors\/wp-json\/wp\/v2\/categories?post=94968"},{"taxonomy":"post_tag","embeddable":true,"href":"https:\/\/kunmedierne.dk\/mors\/wp-json\/wp\/v2\/tags?post=94968"}],"curies":[{"name":"wp","href":"https:\/\/api.w.org\/{rel}","templated":true}]}}