{"id":94907,"date":"2023-05-16T13:25:05","date_gmt":"2023-05-16T11:25:05","guid":{"rendered":"https:\/\/kunmedierne.dk\/mors\/?p=94907"},"modified":"2024-08-12T13:18:09","modified_gmt":"2024-08-12T11:18:09","slug":"ung-kult-modtager-alle-midler-i-aarets-ungepulje","status":"publish","type":"post","link":"https:\/\/kunmedierne.dk\/mors\/ung-kult-modtager-alle-midler-i-aarets-ungepulje\/","title":{"rendered":"Ung Kult modtager alle midler i \u00e5rets ungepulje"},"content":{"rendered":"<p><b><span data-contrast=\"auto\">UNG KULT:<\/span><\/b><span data-contrast=\"auto\"> Bestyrelsesleder Mia Lodahl Carlsens stemme smiler, da hun tager telefonen. Det er kun ganske f\u00e5 dage siden at hun modtog beskeden om, at Ung Kult (Ungdommens Kulturelle Platform) er blevet tildelt alle midler i ungepuljen 2023. Normalt bliver puljen fordelt administrativt, s\u00e5 de unge ans\u00f8gere kan komme hurtigt i gang med deres projekter, men fordi Ung Kult havde ans\u00f8gt om det fulde bel\u00f8b i puljen &#8211; 100.000 kr. &#8211; ville forvaltningen og udvalgsformand, Tore M\u00fcller, gerne have ans\u00f8gningen politisk behandlet. P\u00e5 udvalgsm\u00f8det i b\u00f8rn, kultur og turisme den 10. maj 2023 blev afg\u00f8relsen s\u00e5 truffet, og sp\u00e6ndingen hos Ung Kult blev afl\u00f8st af gl\u00e6de. Ung Kult har nu et \u00f8konomisk r\u00e5derum, der giver dem mulighed for at realisere dr\u00f8mmene for deres aktiviteter p\u00e5 Kulturm\u00f8det 2023.<\/span><span data-ccp-props=\"{&quot;201341983&quot;:0,&quot;335551550&quot;:0,&quot;335551620&quot;:0,&quot;335559739&quot;:160,&quot;335559740&quot;:259}\">\u00a0<\/span><\/p>\n<p><span data-contrast=\"auto\"><a class=\"dvrt-link\" onClick=\"cdmtrack_click(104781,jQuery(this));return false\" href=\"https:\/\/www.fmspks.dk\/\"><img decoding=\"async\" style=\"width:100%;\" src=\"https:\/\/kunmedierne.dk\/mors\/wp-content\/uploads\/2022\/02\/vip-froeslev-mollerup-sparekasse.jpg\"><\/a><script>cdmtrack_view(104781);<\/script><\/span><span data-ccp-props=\"{&quot;201341983&quot;:0,&quot;335551550&quot;:0,&quot;335551620&quot;:0,&quot;335559739&quot;:160,&quot;335559740&quot;:259}\">\u00a0<\/span><\/p>\n<p><span data-contrast=\"auto\">I 2022 stod Ung Kult for hele ungeprogrammet p\u00e5 Kulturm\u00f8det, og over 15.000 mennesker lagde hen over de tre dage vejen forbi ungeomr\u00e5det, Ung Kult. Og Bestyrelsesleder Mia Lodahl Carlsen lyder n\u00e6sten endnu gladere, mens hun siger:<\/span><span data-ccp-props=\"{&quot;201341983&quot;:0,&quot;335551550&quot;:0,&quot;335551620&quot;:0,&quot;335559739&quot;:160,&quot;335559740&quot;:259}\">\u00a0<\/span><\/p>\n<p><span data-contrast=\"auto\">&#8211; Jeg synes det er sk\u00f8nt, at vi har f\u00e5et alle de her penge. Vi er jo ikke det eneste ungeinitiativ her p\u00e5 \u00f8en. Der er mange ungeakt\u00f8rer p\u00e5 Mors, men det vi g\u00f8r p\u00e5 kulturm\u00f8det, det kommer rigtig mange unge p\u00e5 Mors til gavn. Vi har et meget simpelt fokus i Ung Kult. Vi vil vise unge, at kunst og kultur skabt af unge til unge er relevant uanset baggrund, k\u00f8n, etnicitet, politisk orientering og andet, der ellers ofte kan skille os ad som mennesker. Sidste \u00e5r s\u00e5 vi, at over 15.000 mennesker kom forbi vores pavillon, og de aktiviteter vi havde. Vi er bare enormt glade for at kommunen kan se, at det vi laver, er vigtigt. Vi er enormt glade for, at vi har f\u00e5et alle de her penge, s\u00e5 vi kan lave det her samlingssted for unge til kulturm\u00f8det igen.<\/span><br \/>\n<span data-ccp-props=\"{&quot;201341983&quot;:0,&quot;335551550&quot;:0,&quot;335551620&quot;:0,&quot;335559739&quot;:160,&quot;335559740&quot;:259}\">\u00a0<\/span><\/p>\n<p><span data-contrast=\"auto\">Bestyrelsesleder Mia Lodahl Carlsen st\u00e5r som afsender p\u00e5 den ans\u00f8gning, som Ung Kult sendte ind til kommunen. I ans\u00f8gningen stod der blandt andet: <\/span><span data-ccp-props=\"{&quot;201341983&quot;:0,&quot;335551550&quot;:0,&quot;335551620&quot;:0,&quot;335559739&quot;:160,&quot;335559740&quot;:259}\">\u00a0<\/span><\/p>\n<p><span data-contrast=\"auto\">&#8220;Kulturm\u00f8det Mors har i \u00e5r lanceret seks temaspor, alle med udgangspunktet i at v\u00e6re et \u201cNordisk forsamlingshus\u201d. Det er en vigtig dagsorden, men vi \u00f8nsker i Ung Kult at sikre, at det lokale engagement, der kommer fra de lokale unge, ikke bliver glemt. Det g\u00f8r vi med omdrejningspunktet; unges trivsel. Derfor vil Ung Kult igen i \u00e5r skabe et stort ungeomr\u00e5de med plads til b\u00e5de vigtige samtaler, underholdning og hygge. Vi vil i \u00e5r skabe et skr\u00e6ddersyet, st\u00e6rkt fagligt program fyldt med kulturelle oplevelser, n\u00e5r ungdomsuddannelserne, b\u00e5de STX, HHX, HF og FGU, bes\u00f8ger ungeomr\u00e5det Ung Kult fredag formiddag. (&#8230;) Vi ser en kedelig tendens til, at unge lukker sig om sig selv. Det kan v\u00e6re sv\u00e6rt at s\u00e6tte en finger p\u00e5 om det skyldes mobil afh\u00e6ngighed eller corona-isolation, men \u00e9n ting er sikkert; Ung Kult tilbyder st\u00e6rke f\u00e6llesskaber, som cementerer kulturens trivselsfremmende potentiale.&#8221;<\/span><span data-ccp-props=\"{&quot;201341983&quot;:0,&quot;335551550&quot;:0,&quot;335551620&quot;:0,&quot;335559739&quot;:160,&quot;335559740&quot;:259}\">\u00a0<\/span><\/p>\n<p><span data-contrast=\"auto\"><a class=\"dvrt-link\" onClick=\"cdmtrack_click(104781,jQuery(this));return false\" href=\"https:\/\/www.fmspks.dk\/\"><img decoding=\"async\" style=\"width:100%;\" src=\"https:\/\/kunmedierne.dk\/mors\/wp-content\/uploads\/2022\/02\/vip-froeslev-mollerup-sparekasse.jpg\"><\/a><script>cdmtrack_view(104781);<\/script><\/span><span data-ccp-props=\"{&quot;201341983&quot;:0,&quot;335551550&quot;:0,&quot;335551620&quot;:0,&quot;335559739&quot;:160,&quot;335559740&quot;:259}\">\u00a0<\/span><\/p>\n<p><span data-contrast=\"auto\">Inde p\u00e5 kommunen var\u00a0udvalgsformand Tore M\u00fcller ikke i tvivl om, at det var Ung Kult, der skulle have pengene i puljen i \u00e5r. Han fort\u00e6ller:<\/span><span data-ccp-props=\"{&quot;201341983&quot;:0,&quot;335551550&quot;:0,&quot;335551620&quot;:0,&quot;335559739&quot;:160,&quot;335559740&quot;:259}\">\u00a0<\/span><\/p>\n<p><span data-contrast=\"auto\">&#8211; Det vi synes der er godt og nyt ved den her ans\u00f8gning, det er, at Ung Kult gerne vil r\u00e6kke ud til nogle unge, de normalt ikke har fat i. Det kunne v\u00e6re STU-elever, FGU-elever eller andre unge, der ikke har v\u00e6ret s\u00e5 synlige i Ung Kults projekter. Det synes vi er interessant, og det vil vi gerne bakke op om. Hovedoverskriften p\u00e5 Ung Kults ans\u00f8gning er <\/span><i><span data-contrast=\"auto\">mistrivsel<\/span><\/i><span data-contrast=\"auto\">, og at de s\u00e6tter fokus p\u00e5 det vigtige emne til kulturm\u00f8det. Det kan vi kun bakke op om.<\/span><span data-ccp-props=\"{&quot;201341983&quot;:0,&quot;335551550&quot;:0,&quot;335551620&quot;:0,&quot;335559739&quot;:160,&quot;335559740&quot;:259}\">\u00a0<\/span><\/p>\n<p><span data-contrast=\"auto\">Mors\u00f8 Kommunes &#8220;ungepulje&#8221; er en pulje med midler til unge i alderen 14 til 25 \u00e5r, der \u00f8nsker at lave et projekt eller en aktivitet sammen med andre unge. Ans\u00f8gerne skal bo eller v\u00e6re under uddannelse p\u00e5 Mors. Form\u00e5let med puljen er at give unge p\u00e5 Mors mulighed for gennem aktiviteter og projekter at styrke f\u00e6llesskabet mellem unge samt give unge erfaring med at v\u00e6re aktive medborgere. Aktiviteterne der s\u00f8ges midler til, skal v\u00e6re inden for kultur, fritid, idr\u00e6t eller demokrati. Det kan v\u00e6re koncerter, billedkunst, film, teater, det skrevne og det talte ord, dans, installationskunst,<\/span><br \/>\n<span data-contrast=\"auto\">happenings, foredrag, workshops og anden kreativ aktivitet. Puljen er p\u00e5 100.000 kr. og administreres af Kultur og Fritid.<\/span><span data-ccp-props=\"{&quot;201341983&quot;:0,&quot;335551550&quot;:0,&quot;335551620&quot;:0,&quot;335559739&quot;:160,&quot;335559740&quot;:259}\">\u00a0<\/span><\/p>\n<p><span data-contrast=\"auto\">I telefonen fort\u00e6ller bestyrelsesleder Mia Lodahl Carlsen begejstret videre:<\/span><span data-ccp-props=\"{&quot;201341983&quot;:0,&quot;335551550&quot;:0,&quot;335551620&quot;:0,&quot;335559739&quot;:160,&quot;335559740&quot;:259}\">\u00a0<\/span><\/p>\n<p><span data-contrast=\"auto\">&#8211; I Ung Kult ser vi rigtig mange unge, der mangler f\u00e6llesskaber. Det er lettere at sidde hjemme med sin telefon, end at sp\u00f8rge nogen, om de vil m\u00f8de fysisk og lege. Det her er den vigtigste bevilling vi kunne f\u00e5. Nu kan vi lave et ungeomr\u00e5de p\u00e5 Kulturm\u00f8det, der er mindst lige s\u00e5 godt som sidste \u00e5r. Vi kan v\u00e6re med til at vise alle unge p\u00e5 Mors, og dem der kommer udefra, at kulturen kan v\u00e6re med til at lave rammen for trivselsfremmende f\u00e6llesskaber. Jeg gl\u00e6der mig helt vildt til at komme i gang.<\/span><span data-ccp-props=\"{&quot;201341983&quot;:0,&quot;335551550&quot;:0,&quot;335551620&quot;:0,&quot;335559739&quot;:160,&quot;335559740&quot;:259}\">\u00a0<\/span><\/p>\n<a class=\"dvrt-link\" onClick=\"cdmtrack_click(104785,jQuery(this));return false\" href=\"https:\/\/www.facebook.com\/lyndrups\"><img decoding=\"async\" style=\"width:100%;\" src=\"https:\/\/kunmedierne.dk\/mors\/wp-content\/uploads\/2022\/02\/vip-lyndrups-rengoering.jpg\"><\/a><script>cdmtrack_view(104785);<\/script>\n<div id=\"attachment_94982\" style=\"width: 2570px\" class=\"wp-caption alignnone\"><img loading=\"lazy\" decoding=\"async\" aria-describedby=\"caption-attachment-94982\" class=\"size-full wp-image-94982\" src=\"https:\/\/kunmedierne.dk\/mors\/wp-content\/uploads\/2023\/05\/print-Fotograf_Per_Bille-20220826DSA02295-scaled.jpg\" alt=\"\" width=\"2560\" height=\"1708\" srcset=\"https:\/\/kunmedierne.dk\/mors\/wp-content\/uploads\/2023\/05\/print-Fotograf_Per_Bille-20220826DSA02295-scaled.jpg 2560w, https:\/\/kunmedierne.dk\/mors\/wp-content\/uploads\/2023\/05\/print-Fotograf_Per_Bille-20220826DSA02295-300x200.jpg 300w, https:\/\/kunmedierne.dk\/mors\/wp-content\/uploads\/2023\/05\/print-Fotograf_Per_Bille-20220826DSA02295-1024x683.jpg 1024w, https:\/\/kunmedierne.dk\/mors\/wp-content\/uploads\/2023\/05\/print-Fotograf_Per_Bille-20220826DSA02295-768x512.jpg 768w, https:\/\/kunmedierne.dk\/mors\/wp-content\/uploads\/2023\/05\/print-Fotograf_Per_Bille-20220826DSA02295-1536x1025.jpg 1536w, https:\/\/kunmedierne.dk\/mors\/wp-content\/uploads\/2023\/05\/print-Fotograf_Per_Bille-20220826DSA02295-2048x1366.jpg 2048w, https:\/\/kunmedierne.dk\/mors\/wp-content\/uploads\/2023\/05\/print-Fotograf_Per_Bille-20220826DSA02295-360x240.jpg 360w, https:\/\/kunmedierne.dk\/mors\/wp-content\/uploads\/2023\/05\/print-Fotograf_Per_Bille-20220826DSA02295-600x400.jpg 600w\" sizes=\"auto, (max-width: 2560px) 100vw, 2560px\" \/><p id=\"caption-attachment-94982\" class=\"wp-caption-text\">Ung Kult Bar pavillonen, Kulturm\u00f8det (2022)<br \/>Fotograf: Per Bille<\/p><\/div>\n","protected":false},"excerpt":{"rendered":"<p>UNG KULT: Bestyrelsesleder Mia Lodahl Carlsens stemme smiler, da hun tager telefonen. Det er kun ganske f\u00e5 dage siden at hun modtog beskeden om, at Ung Kult (Ungdommens Kulturelle Platform) er blevet tildelt alle midler i ungepuljen 2023. Normalt bliver puljen fordelt administrativt, s\u00e5 de unge ans\u00f8gere kan komme hurtigt i gang med deres projekter, [&hellip;]<\/p>\n","protected":false},"author":2507,"featured_media":94984,"comment_status":"closed","ping_status":"open","sticky":false,"template":"","format":"standard","meta":{"_acf_changed":false,"footnotes":""},"categories":[49],"tags":[162],"class_list":["post-94907","post","type-post","status-publish","format-standard","has-post-thumbnail","hentry","category-kultur","tag-kulturmoedet"],"acf":[],"yoast_head":"<!-- This site is optimized with the Yoast SEO plugin v26.8 - https:\/\/yoast.com\/product\/yoast-seo-wordpress\/ -->\n<title>Ung Kult modtager alle midler i \u00e5rets ungepulje - Mors<\/title>\n<meta name=\"robots\" content=\"index, follow, max-snippet:-1, max-image-preview:large, max-video-preview:-1\" \/>\n<link rel=\"canonical\" href=\"https:\/\/kunmedierne.dk\/mors\/ung-kult-modtager-alle-midler-i-aarets-ungepulje\/\" \/>\n<meta property=\"og:locale\" content=\"da_DK\" \/>\n<meta property=\"og:type\" content=\"article\" \/>\n<meta property=\"og:title\" content=\"Ung Kult modtager alle midler i \u00e5rets ungepulje - Mors\" \/>\n<meta property=\"og:description\" content=\"UNG KULT: Bestyrelsesleder Mia Lodahl Carlsens stemme smiler, da hun tager telefonen. Det er kun ganske f\u00e5 dage siden at hun modtog beskeden om, at Ung Kult (Ungdommens Kulturelle Platform) er blevet tildelt alle midler i ungepuljen 2023. Normalt bliver puljen fordelt administrativt, s\u00e5 de unge ans\u00f8gere kan komme hurtigt i gang med deres projekter, [&hellip;]\" \/>\n<meta property=\"og:url\" content=\"https:\/\/kunmedierne.dk\/mors\/ung-kult-modtager-alle-midler-i-aarets-ungepulje\/\" \/>\n<meta property=\"og:site_name\" content=\"Mors\" \/>\n<meta property=\"article:published_time\" content=\"2023-05-16T11:25:05+00:00\" \/>\n<meta property=\"article:modified_time\" content=\"2024-08-12T11:18:09+00:00\" \/>\n<meta property=\"og:image\" content=\"https:\/\/kunmedierne.dk\/mors\/wp-content\/uploads\/2023\/05\/KM22-print-Fotograf_Per_Bille-20220826DSA02187-scaled.jpg\" \/>\n\t<meta property=\"og:image:width\" content=\"2560\" \/>\n\t<meta property=\"og:image:height\" content=\"1708\" \/>\n\t<meta property=\"og:image:type\" content=\"image\/jpeg\" \/>\n<meta name=\"author\" content=\"Katrine Hedegaard\" \/>\n<meta name=\"twitter:card\" content=\"summary_large_image\" \/>\n<meta name=\"twitter:label1\" content=\"Skrevet af\" \/>\n\t<meta name=\"twitter:data1\" content=\"Katrine Hedegaard\" \/>\n\t<meta name=\"twitter:label2\" content=\"Estimeret l\u00e6setid\" \/>\n\t<meta name=\"twitter:data2\" content=\"5 minutter\" \/>\n<script type=\"application\/ld+json\" class=\"yoast-schema-graph\">{\"@context\":\"https:\/\/schema.org\",\"@graph\":[{\"@type\":\"Article\",\"@id\":\"https:\/\/kunmedierne.dk\/mors\/ung-kult-modtager-alle-midler-i-aarets-ungepulje\/#article\",\"isPartOf\":{\"@id\":\"https:\/\/kunmedierne.dk\/mors\/ung-kult-modtager-alle-midler-i-aarets-ungepulje\/\"},\"author\":{\"name\":\"Katrine Hedegaard\",\"@id\":\"https:\/\/kunmedierne.dk\/mors\/#\/schema\/person\/b2e62a38069b12365e53e087a8709c64\"},\"headline\":\"Ung Kult modtager alle midler i \u00e5rets ungepulje\",\"datePublished\":\"2023-05-16T11:25:05+00:00\",\"dateModified\":\"2024-08-12T11:18:09+00:00\",\"mainEntityOfPage\":{\"@id\":\"https:\/\/kunmedierne.dk\/mors\/ung-kult-modtager-alle-midler-i-aarets-ungepulje\/\"},\"wordCount\":897,\"publisher\":{\"@id\":\"https:\/\/kunmedierne.dk\/mors\/#organization\"},\"image\":{\"@id\":\"https:\/\/kunmedierne.dk\/mors\/ung-kult-modtager-alle-midler-i-aarets-ungepulje\/#primaryimage\"},\"thumbnailUrl\":\"https:\/\/kunmedierne.dk\/mors\/wp-content\/uploads\/2023\/05\/KM22-print-Fotograf_Per_Bille-20220826DSA02187-scaled.jpg\",\"keywords\":[\"Kulturm\u00f8det\"],\"articleSection\":[\"Kultur\"],\"inLanguage\":\"da-DK\"},{\"@type\":\"WebPage\",\"@id\":\"https:\/\/kunmedierne.dk\/mors\/ung-kult-modtager-alle-midler-i-aarets-ungepulje\/\",\"url\":\"https:\/\/kunmedierne.dk\/mors\/ung-kult-modtager-alle-midler-i-aarets-ungepulje\/\",\"name\":\"Ung Kult modtager alle midler i \u00e5rets ungepulje - Mors\",\"isPartOf\":{\"@id\":\"https:\/\/kunmedierne.dk\/mors\/#website\"},\"primaryImageOfPage\":{\"@id\":\"https:\/\/kunmedierne.dk\/mors\/ung-kult-modtager-alle-midler-i-aarets-ungepulje\/#primaryimage\"},\"image\":{\"@id\":\"https:\/\/kunmedierne.dk\/mors\/ung-kult-modtager-alle-midler-i-aarets-ungepulje\/#primaryimage\"},\"thumbnailUrl\":\"https:\/\/kunmedierne.dk\/mors\/wp-content\/uploads\/2023\/05\/KM22-print-Fotograf_Per_Bille-20220826DSA02187-scaled.jpg\",\"datePublished\":\"2023-05-16T11:25:05+00:00\",\"dateModified\":\"2024-08-12T11:18:09+00:00\",\"breadcrumb\":{\"@id\":\"https:\/\/kunmedierne.dk\/mors\/ung-kult-modtager-alle-midler-i-aarets-ungepulje\/#breadcrumb\"},\"inLanguage\":\"da-DK\",\"potentialAction\":[{\"@type\":\"ReadAction\",\"target\":[\"https:\/\/kunmedierne.dk\/mors\/ung-kult-modtager-alle-midler-i-aarets-ungepulje\/\"]}]},{\"@type\":\"ImageObject\",\"inLanguage\":\"da-DK\",\"@id\":\"https:\/\/kunmedierne.dk\/mors\/ung-kult-modtager-alle-midler-i-aarets-ungepulje\/#primaryimage\",\"url\":\"https:\/\/kunmedierne.dk\/mors\/wp-content\/uploads\/2023\/05\/KM22-print-Fotograf_Per_Bille-20220826DSA02187-scaled.jpg\",\"contentUrl\":\"https:\/\/kunmedierne.dk\/mors\/wp-content\/uploads\/2023\/05\/KM22-print-Fotograf_Per_Bille-20220826DSA02187-scaled.jpg\",\"width\":2560,\"height\":1708,\"caption\":\"Kulturm\u00f8de (2022) Fotograf: Per Bille\"},{\"@type\":\"BreadcrumbList\",\"@id\":\"https:\/\/kunmedierne.dk\/mors\/ung-kult-modtager-alle-midler-i-aarets-ungepulje\/#breadcrumb\",\"itemListElement\":[{\"@type\":\"ListItem\",\"position\":1,\"name\":\"Hjem\",\"item\":\"https:\/\/kunmedierne.dk\/mors\/\"},{\"@type\":\"ListItem\",\"position\":2,\"name\":\"Ung Kult modtager alle midler i \u00e5rets ungepulje\"}]},{\"@type\":\"WebSite\",\"@id\":\"https:\/\/kunmedierne.dk\/mors\/#website\",\"url\":\"https:\/\/kunmedierne.dk\/mors\/\",\"name\":\"Mors\",\"description\":\"et netmedie med journalistik om livet p\u00e5 Mors\",\"publisher\":{\"@id\":\"https:\/\/kunmedierne.dk\/mors\/#organization\"},\"potentialAction\":[{\"@type\":\"SearchAction\",\"target\":{\"@type\":\"EntryPoint\",\"urlTemplate\":\"https:\/\/kunmedierne.dk\/mors\/?s={search_term_string}\"},\"query-input\":{\"@type\":\"PropertyValueSpecification\",\"valueRequired\":true,\"valueName\":\"search_term_string\"}}],\"inLanguage\":\"da-DK\"},{\"@type\":\"Organization\",\"@id\":\"https:\/\/kunmedierne.dk\/mors\/#organization\",\"name\":\"Mors\",\"url\":\"https:\/\/kunmedierne.dk\/mors\/\",\"logo\":{\"@type\":\"ImageObject\",\"inLanguage\":\"da-DK\",\"@id\":\"https:\/\/kunmedierne.dk\/mors\/#\/schema\/logo\/image\/\",\"url\":\"https:\/\/kunmedierne.dk\/mors\/wp-content\/uploads\/2024\/08\/kunmors-logo.svg\",\"contentUrl\":\"https:\/\/kunmedierne.dk\/mors\/wp-content\/uploads\/2024\/08\/kunmors-logo.svg\",\"caption\":\"Mors\"},\"image\":{\"@id\":\"https:\/\/kunmedierne.dk\/mors\/#\/schema\/logo\/image\/\"}},{\"@type\":\"Person\",\"@id\":\"https:\/\/kunmedierne.dk\/mors\/#\/schema\/person\/b2e62a38069b12365e53e087a8709c64\",\"name\":\"Katrine Hedegaard\",\"image\":{\"@type\":\"ImageObject\",\"inLanguage\":\"da-DK\",\"@id\":\"https:\/\/kunmedierne.dk\/mors\/#\/schema\/person\/image\/\",\"url\":\"https:\/\/secure.gravatar.com\/avatar\/18a5c72fa9148052fd3ed5a58b40fc83cfdc9811090e6e6eec9539af058edcc0?s=96&d=mm&r=g\",\"contentUrl\":\"https:\/\/secure.gravatar.com\/avatar\/18a5c72fa9148052fd3ed5a58b40fc83cfdc9811090e6e6eec9539af058edcc0?s=96&d=mm&r=g\",\"caption\":\"Katrine Hedegaard\"},\"url\":\"https:\/\/kunmedierne.dk\/mors\/author\/katrine\/\"}]}<\/script>\n<!-- \/ Yoast SEO plugin. -->","yoast_head_json":{"title":"Ung Kult modtager alle midler i \u00e5rets ungepulje - Mors","robots":{"index":"index","follow":"follow","max-snippet":"max-snippet:-1","max-image-preview":"max-image-preview:large","max-video-preview":"max-video-preview:-1"},"canonical":"https:\/\/kunmedierne.dk\/mors\/ung-kult-modtager-alle-midler-i-aarets-ungepulje\/","og_locale":"da_DK","og_type":"article","og_title":"Ung Kult modtager alle midler i \u00e5rets ungepulje - Mors","og_description":"UNG KULT: Bestyrelsesleder Mia Lodahl Carlsens stemme smiler, da hun tager telefonen. Det er kun ganske f\u00e5 dage siden at hun modtog beskeden om, at Ung Kult (Ungdommens Kulturelle Platform) er blevet tildelt alle midler i ungepuljen 2023. Normalt bliver puljen fordelt administrativt, s\u00e5 de unge ans\u00f8gere kan komme hurtigt i gang med deres projekter, [&hellip;]","og_url":"https:\/\/kunmedierne.dk\/mors\/ung-kult-modtager-alle-midler-i-aarets-ungepulje\/","og_site_name":"Mors","article_published_time":"2023-05-16T11:25:05+00:00","article_modified_time":"2024-08-12T11:18:09+00:00","og_image":[{"width":2560,"height":1708,"url":"https:\/\/kunmedierne.dk\/mors\/wp-content\/uploads\/2023\/05\/KM22-print-Fotograf_Per_Bille-20220826DSA02187-scaled.jpg","type":"image\/jpeg"}],"author":"Katrine Hedegaard","twitter_card":"summary_large_image","twitter_misc":{"Skrevet af":"Katrine Hedegaard","Estimeret l\u00e6setid":"5 minutter"},"schema":{"@context":"https:\/\/schema.org","@graph":[{"@type":"Article","@id":"https:\/\/kunmedierne.dk\/mors\/ung-kult-modtager-alle-midler-i-aarets-ungepulje\/#article","isPartOf":{"@id":"https:\/\/kunmedierne.dk\/mors\/ung-kult-modtager-alle-midler-i-aarets-ungepulje\/"},"author":{"name":"Katrine Hedegaard","@id":"https:\/\/kunmedierne.dk\/mors\/#\/schema\/person\/b2e62a38069b12365e53e087a8709c64"},"headline":"Ung Kult modtager alle midler i \u00e5rets ungepulje","datePublished":"2023-05-16T11:25:05+00:00","dateModified":"2024-08-12T11:18:09+00:00","mainEntityOfPage":{"@id":"https:\/\/kunmedierne.dk\/mors\/ung-kult-modtager-alle-midler-i-aarets-ungepulje\/"},"wordCount":897,"publisher":{"@id":"https:\/\/kunmedierne.dk\/mors\/#organization"},"image":{"@id":"https:\/\/kunmedierne.dk\/mors\/ung-kult-modtager-alle-midler-i-aarets-ungepulje\/#primaryimage"},"thumbnailUrl":"https:\/\/kunmedierne.dk\/mors\/wp-content\/uploads\/2023\/05\/KM22-print-Fotograf_Per_Bille-20220826DSA02187-scaled.jpg","keywords":["Kulturm\u00f8det"],"articleSection":["Kultur"],"inLanguage":"da-DK"},{"@type":"WebPage","@id":"https:\/\/kunmedierne.dk\/mors\/ung-kult-modtager-alle-midler-i-aarets-ungepulje\/","url":"https:\/\/kunmedierne.dk\/mors\/ung-kult-modtager-alle-midler-i-aarets-ungepulje\/","name":"Ung Kult modtager alle midler i \u00e5rets ungepulje - Mors","isPartOf":{"@id":"https:\/\/kunmedierne.dk\/mors\/#website"},"primaryImageOfPage":{"@id":"https:\/\/kunmedierne.dk\/mors\/ung-kult-modtager-alle-midler-i-aarets-ungepulje\/#primaryimage"},"image":{"@id":"https:\/\/kunmedierne.dk\/mors\/ung-kult-modtager-alle-midler-i-aarets-ungepulje\/#primaryimage"},"thumbnailUrl":"https:\/\/kunmedierne.dk\/mors\/wp-content\/uploads\/2023\/05\/KM22-print-Fotograf_Per_Bille-20220826DSA02187-scaled.jpg","datePublished":"2023-05-16T11:25:05+00:00","dateModified":"2024-08-12T11:18:09+00:00","breadcrumb":{"@id":"https:\/\/kunmedierne.dk\/mors\/ung-kult-modtager-alle-midler-i-aarets-ungepulje\/#breadcrumb"},"inLanguage":"da-DK","potentialAction":[{"@type":"ReadAction","target":["https:\/\/kunmedierne.dk\/mors\/ung-kult-modtager-alle-midler-i-aarets-ungepulje\/"]}]},{"@type":"ImageObject","inLanguage":"da-DK","@id":"https:\/\/kunmedierne.dk\/mors\/ung-kult-modtager-alle-midler-i-aarets-ungepulje\/#primaryimage","url":"https:\/\/kunmedierne.dk\/mors\/wp-content\/uploads\/2023\/05\/KM22-print-Fotograf_Per_Bille-20220826DSA02187-scaled.jpg","contentUrl":"https:\/\/kunmedierne.dk\/mors\/wp-content\/uploads\/2023\/05\/KM22-print-Fotograf_Per_Bille-20220826DSA02187-scaled.jpg","width":2560,"height":1708,"caption":"Kulturm\u00f8de (2022) Fotograf: Per Bille"},{"@type":"BreadcrumbList","@id":"https:\/\/kunmedierne.dk\/mors\/ung-kult-modtager-alle-midler-i-aarets-ungepulje\/#breadcrumb","itemListElement":[{"@type":"ListItem","position":1,"name":"Hjem","item":"https:\/\/kunmedierne.dk\/mors\/"},{"@type":"ListItem","position":2,"name":"Ung Kult modtager alle midler i \u00e5rets ungepulje"}]},{"@type":"WebSite","@id":"https:\/\/kunmedierne.dk\/mors\/#website","url":"https:\/\/kunmedierne.dk\/mors\/","name":"Mors","description":"et netmedie med journalistik om livet p\u00e5 Mors","publisher":{"@id":"https:\/\/kunmedierne.dk\/mors\/#organization"},"potentialAction":[{"@type":"SearchAction","target":{"@type":"EntryPoint","urlTemplate":"https:\/\/kunmedierne.dk\/mors\/?s={search_term_string}"},"query-input":{"@type":"PropertyValueSpecification","valueRequired":true,"valueName":"search_term_string"}}],"inLanguage":"da-DK"},{"@type":"Organization","@id":"https:\/\/kunmedierne.dk\/mors\/#organization","name":"Mors","url":"https:\/\/kunmedierne.dk\/mors\/","logo":{"@type":"ImageObject","inLanguage":"da-DK","@id":"https:\/\/kunmedierne.dk\/mors\/#\/schema\/logo\/image\/","url":"https:\/\/kunmedierne.dk\/mors\/wp-content\/uploads\/2024\/08\/kunmors-logo.svg","contentUrl":"https:\/\/kunmedierne.dk\/mors\/wp-content\/uploads\/2024\/08\/kunmors-logo.svg","caption":"Mors"},"image":{"@id":"https:\/\/kunmedierne.dk\/mors\/#\/schema\/logo\/image\/"}},{"@type":"Person","@id":"https:\/\/kunmedierne.dk\/mors\/#\/schema\/person\/b2e62a38069b12365e53e087a8709c64","name":"Katrine Hedegaard","image":{"@type":"ImageObject","inLanguage":"da-DK","@id":"https:\/\/kunmedierne.dk\/mors\/#\/schema\/person\/image\/","url":"https:\/\/secure.gravatar.com\/avatar\/18a5c72fa9148052fd3ed5a58b40fc83cfdc9811090e6e6eec9539af058edcc0?s=96&d=mm&r=g","contentUrl":"https:\/\/secure.gravatar.com\/avatar\/18a5c72fa9148052fd3ed5a58b40fc83cfdc9811090e6e6eec9539af058edcc0?s=96&d=mm&r=g","caption":"Katrine Hedegaard"},"url":"https:\/\/kunmedierne.dk\/mors\/author\/katrine\/"}]}},"_links":{"self":[{"href":"https:\/\/kunmedierne.dk\/mors\/wp-json\/wp\/v2\/posts\/94907","targetHints":{"allow":["GET"]}}],"collection":[{"href":"https:\/\/kunmedierne.dk\/mors\/wp-json\/wp\/v2\/posts"}],"about":[{"href":"https:\/\/kunmedierne.dk\/mors\/wp-json\/wp\/v2\/types\/post"}],"author":[{"embeddable":true,"href":"https:\/\/kunmedierne.dk\/mors\/wp-json\/wp\/v2\/users\/2507"}],"replies":[{"embeddable":true,"href":"https:\/\/kunmedierne.dk\/mors\/wp-json\/wp\/v2\/comments?post=94907"}],"version-history":[{"count":11,"href":"https:\/\/kunmedierne.dk\/mors\/wp-json\/wp\/v2\/posts\/94907\/revisions"}],"predecessor-version":[{"id":94991,"href":"https:\/\/kunmedierne.dk\/mors\/wp-json\/wp\/v2\/posts\/94907\/revisions\/94991"}],"wp:featuredmedia":[{"embeddable":true,"href":"https:\/\/kunmedierne.dk\/mors\/wp-json\/wp\/v2\/media\/94984"}],"wp:attachment":[{"href":"https:\/\/kunmedierne.dk\/mors\/wp-json\/wp\/v2\/media?parent=94907"}],"wp:term":[{"taxonomy":"category","embeddable":true,"href":"https:\/\/kunmedierne.dk\/mors\/wp-json\/wp\/v2\/categories?post=94907"},{"taxonomy":"post_tag","embeddable":true,"href":"https:\/\/kunmedierne.dk\/mors\/wp-json\/wp\/v2\/tags?post=94907"}],"curies":[{"name":"wp","href":"https:\/\/api.w.org\/{rel}","templated":true}]}}