{"id":93578,"date":"2023-04-24T18:06:04","date_gmt":"2023-04-24T16:06:04","guid":{"rendered":"https:\/\/kunmedierne.dk\/mors\/?p=93578"},"modified":"2024-08-12T13:18:15","modified_gmt":"2024-08-12T11:18:15","slug":"borgmester-om-ekstra-million-kulturmoedet-har-bevist-sig-selv","status":"publish","type":"post","link":"https:\/\/kunmedierne.dk\/mors\/borgmester-om-ekstra-million-kulturmoedet-har-bevist-sig-selv\/","title":{"rendered":"Borgmester om ekstra million: Kulturm\u00f8det har bevist sig selv"},"content":{"rendered":"<p><b>MORS<\/b>: En anerkendelse af de helt store &#8211; og et gedigent \u00f8konomisk rygst\u00f8d for Kulturm\u00f8det Mors.<\/p>\n<p>S\u00e5dan vurderer Hans Ejner Bertelsen (V), borgmester i Mors\u00f8 Kommune og formand for Kulturm\u00f8det Mors, dagens store nyhed om, at den \u00e5rlige kulturelle begivenhed p\u00e5 Mors nu er kommet p\u00e5 finansloven.<\/p>\n<p>Tidligere i dag blev finansloven pr\u00e6senteret p\u00e5 Christiansborg. Og blandt de mange milliarder kroner p\u00e5 statens budget var der ogs\u00e5 en million til Kulturm\u00f8det.<\/p>\n<p>&#8211; I min verden er det et tegn p\u00e5, at vi har Folkem\u00f8det p\u00e5 Bornholm &#8211; og p\u00e5 niveauet lige under ligger vi med Kulturm\u00f8det. Ellers kan vi ikke komme p\u00e5 en finanslov. Det er, fordi man har set, at det er p\u00e5 Mors, kulturdebatten k\u00f8rer i de tre dage, siger Hans Ejner Bertelsen.<\/p>\n<p>&nbsp;<\/p>\n<p><b>Politisk anerkendelse<\/b><\/p>\n<p>Pengene skal ses i den sammenh\u00e6ng, at budgettet for Kulturm\u00f8det Mors er p\u00e5 cirka seks millioner kroner. Der er alts\u00e5 relativt set tale om en stor h\u00e5ndsr\u00e6kning, som Hans Ejner Bertelsen ogs\u00e5 ser som et udtryk for den position, Kulturm\u00f8det har opn\u00e5et nationalt.<\/p>\n<p>&#8211; Vi har bevist, at vi er noget s\u00e6rligt, siger han.<\/p>\n<a class=\"dvrt-link\" onClick=\"cdmtrack_click(104780,jQuery(this));return false\" href=\"https:\/\/www.spard.dk\/\"><img decoding=\"async\" style=\"width:100%;\" src=\"https:\/\/kunmedierne.dk\/mors\/wp-content\/uploads\/2023\/12\/sparekassen-dk-maj25.gif\"><\/a><script>cdmtrack_view(104780);<\/script>\n<p>Samtidig sender han anerkendelse til de folketingsmedlemmer med lokal forankring, der i K\u00f8benhavn har argumenteret for at bringe Kulturm\u00f8det Mors p\u00e5 finansloven. Det g\u00e6lder eksempelvis Torsten Schack Pedersen, der har f\u00f8rt forhandlingerne for Venstre, mens ogs\u00e5 Mogens Jensen (S), der ogs\u00e5 sidder i bestyrelsen for Kulturm\u00f8det, f\u00e5r en tak med p\u00e5 vejen.<\/p>\n<p>&#8211; Det viser ogs\u00e5 vigtigheden af, at man har lokale politikere, som husker at tage deres omr\u00e5de med ind i forhandlingerne, siger Hans Ejner Bertelsen.<\/p>\n<p>&nbsp;<\/p>\n<p><b>Hvordan skal pengene bruges?<\/b><\/p>\n<p>Han har ikke opgivet tanken om, at Kulturm\u00f8det Mors kommer p\u00e5 finansloven igen i de f\u00f8lgende \u00e5r. Heller ikke selv om der som udgangspunkt er lagt op til, at det bliver ved den ene gang.<\/p>\n<p>&#8211; S\u00e5 m\u00e5 vi pr\u00f8ve at l\u00e6gge pres p\u00e5, om vi kan komme fast p\u00e5 finansloven, som nogle institutioner jo er. Vi har ogs\u00e5 dr\u00f8ftet i bestyrelsen, at det var \u00f8nskv\u00e6rdigt, siger han.<\/p>\n<p><i>Har I ogs\u00e5 allerede dr\u00f8ftet, hvordan man vil kunne se det p\u00e5 Kulturm\u00f8det?<br \/>\n<\/i><\/p>\n<p>&#8211; Nej, jeg har lige snakket kort med Trine Bang (direkt\u00f8r for Kulturm\u00f8det, red.), og vi har aftalt at m\u00f8des for at se, hvor det kan give det bedste aftryk. Vi har jo et budget for Kulturm\u00f8det i \u00e5r, men der er nogle fonde, der ikke har meldt tilbage endnu &#8211; og man er ogs\u00e5 n\u00f8dt til at justere ud fra det, s\u00e5 det kunne v\u00e6re nogle af de omr\u00e5der, der skal tilgodeses.<\/p>\n<a class=\"dvrt-link\" onClick=\"cdmtrack_click(104786,jQuery(this));return false\" href=\"https:\/\/limfjordsteatret.dk\/events\/tobias-dybvad-mit-bedste-onemanshow\/\"><img decoding=\"async\" style=\"width:100%;\" src=\"https:\/\/kunmedierne.dk\/mors\/wp-content\/uploads\/2023\/10\/aarskortLim_KunMors_1100x125.jpg\"><\/a><script>cdmtrack_view(104786);<\/script>\n<p>&#8211; Eksempelvis har vi et ret aktivt Ung Kult, som kunne have gavn af at komme med. Men den dr\u00f8ftelse tager vi, og vi har aftalt at m\u00f8des i denne eller n\u00e6ste uge.<\/p>\n<p><i>Vil man allerede kunne se det p\u00e5 Kulturm\u00f8det i \u00e5r?<\/i><\/p>\n<p>&#8211; Kulturm\u00f8det sidste \u00e5r var jo i min verden noget af det bedste, vi overhovedet har set programm\u00e6ssigt. S\u00e5 det er et sp\u00f8rgsm\u00e5l om at komme op p\u00e5 omgangsh\u00f8jde med det igen, siger Hans Ejner Bertelsen.<\/p>\n<p>Kulturm\u00f8det Mors 2023 finder sted i dagene 24.-26. august.<\/p>\n<p><strong>L\u00c6S OGS\u00c5: <a href=\"https:\/\/kunmedierne.dk\/mors\/kulturmoedet-mors-modtager-en-engangsbevilling-paa-1-million-kroner-i-2023\/\">Nu er det officielt: Kulturm\u00f8det Mors modtager en engangsbevilling p\u00e5 en million kroner i 2023<\/a><\/strong><\/p>\n","protected":false},"excerpt":{"rendered":"<p>MORS: En anerkendelse af de helt store &#8211; og et gedigent \u00f8konomisk rygst\u00f8d for Kulturm\u00f8det Mors. S\u00e5dan vurderer Hans Ejner Bertelsen (V), borgmester i Mors\u00f8 Kommune og formand for Kulturm\u00f8det Mors, dagens store nyhed om, at den \u00e5rlige kulturelle begivenhed p\u00e5 Mors nu er kommet p\u00e5 finansloven. Tidligere i dag blev finansloven pr\u00e6senteret p\u00e5 Christiansborg. [&hellip;]<\/p>\n","protected":false},"author":8,"featured_media":76671,"comment_status":"closed","ping_status":"open","sticky":false,"template":"","format":"standard","meta":{"_acf_changed":false,"footnotes":""},"categories":[49],"tags":[162],"class_list":["post-93578","post","type-post","status-publish","format-standard","has-post-thumbnail","hentry","category-kultur","tag-kulturmoedet"],"acf":[],"yoast_head":"<!-- This site is optimized with the Yoast SEO plugin v26.8 - https:\/\/yoast.com\/product\/yoast-seo-wordpress\/ -->\n<title>Borgmester om ekstra million: Kulturm\u00f8det har bevist sig selv - Mors<\/title>\n<meta name=\"robots\" content=\"index, follow, max-snippet:-1, max-image-preview:large, max-video-preview:-1\" \/>\n<link rel=\"canonical\" href=\"https:\/\/kunmedierne.dk\/mors\/borgmester-om-ekstra-million-kulturmoedet-har-bevist-sig-selv\/\" \/>\n<meta property=\"og:locale\" content=\"da_DK\" \/>\n<meta property=\"og:type\" content=\"article\" \/>\n<meta property=\"og:title\" content=\"Borgmester om ekstra million: Kulturm\u00f8det har bevist sig selv - Mors\" \/>\n<meta property=\"og:description\" content=\"MORS: En anerkendelse af de helt store &#8211; og et gedigent \u00f8konomisk rygst\u00f8d for Kulturm\u00f8det Mors. S\u00e5dan vurderer Hans Ejner Bertelsen (V), borgmester i Mors\u00f8 Kommune og formand for Kulturm\u00f8det Mors, dagens store nyhed om, at den \u00e5rlige kulturelle begivenhed p\u00e5 Mors nu er kommet p\u00e5 finansloven. Tidligere i dag blev finansloven pr\u00e6senteret p\u00e5 Christiansborg. [&hellip;]\" \/>\n<meta property=\"og:url\" content=\"https:\/\/kunmedierne.dk\/mors\/borgmester-om-ekstra-million-kulturmoedet-har-bevist-sig-selv\/\" \/>\n<meta property=\"og:site_name\" content=\"Mors\" \/>\n<meta property=\"article:published_time\" content=\"2023-04-24T16:06:04+00:00\" \/>\n<meta property=\"article:modified_time\" content=\"2024-08-12T11:18:15+00:00\" \/>\n<meta property=\"og:image\" content=\"https:\/\/kunmedierne.dk\/mors\/wp-content\/uploads\/2022\/08\/kulturmoedet-2022-.jpg\" \/>\n\t<meta property=\"og:image:width\" content=\"770\" \/>\n\t<meta property=\"og:image:height\" content=\"512\" \/>\n\t<meta property=\"og:image:type\" content=\"image\/jpeg\" \/>\n<meta name=\"author\" content=\"David H\u00f8jmark\" \/>\n<meta name=\"twitter:card\" content=\"summary_large_image\" \/>\n<meta name=\"twitter:label1\" content=\"Skrevet af\" \/>\n\t<meta name=\"twitter:data1\" content=\"David H\u00f8jmark\" \/>\n\t<meta name=\"twitter:label2\" content=\"Estimeret l\u00e6setid\" \/>\n\t<meta name=\"twitter:data2\" content=\"3 minutter\" \/>\n<script type=\"application\/ld+json\" class=\"yoast-schema-graph\">{\"@context\":\"https:\/\/schema.org\",\"@graph\":[{\"@type\":\"Article\",\"@id\":\"https:\/\/kunmedierne.dk\/mors\/borgmester-om-ekstra-million-kulturmoedet-har-bevist-sig-selv\/#article\",\"isPartOf\":{\"@id\":\"https:\/\/kunmedierne.dk\/mors\/borgmester-om-ekstra-million-kulturmoedet-har-bevist-sig-selv\/\"},\"author\":{\"name\":\"David H\u00f8jmark\",\"@id\":\"https:\/\/kunmedierne.dk\/mors\/#\/schema\/person\/5fe23251bf1d0abbcdc6f7896579d548\"},\"headline\":\"Borgmester om ekstra million: Kulturm\u00f8det har bevist sig selv\",\"datePublished\":\"2023-04-24T16:06:04+00:00\",\"dateModified\":\"2024-08-12T11:18:15+00:00\",\"mainEntityOfPage\":{\"@id\":\"https:\/\/kunmedierne.dk\/mors\/borgmester-om-ekstra-million-kulturmoedet-har-bevist-sig-selv\/\"},\"wordCount\":585,\"publisher\":{\"@id\":\"https:\/\/kunmedierne.dk\/mors\/#organization\"},\"image\":{\"@id\":\"https:\/\/kunmedierne.dk\/mors\/borgmester-om-ekstra-million-kulturmoedet-har-bevist-sig-selv\/#primaryimage\"},\"thumbnailUrl\":\"https:\/\/kunmedierne.dk\/mors\/wp-content\/uploads\/2022\/08\/kulturmoedet-2022-.jpg\",\"keywords\":[\"Kulturm\u00f8det\"],\"articleSection\":[\"Kultur\"],\"inLanguage\":\"da-DK\"},{\"@type\":\"WebPage\",\"@id\":\"https:\/\/kunmedierne.dk\/mors\/borgmester-om-ekstra-million-kulturmoedet-har-bevist-sig-selv\/\",\"url\":\"https:\/\/kunmedierne.dk\/mors\/borgmester-om-ekstra-million-kulturmoedet-har-bevist-sig-selv\/\",\"name\":\"Borgmester om ekstra million: Kulturm\u00f8det har bevist sig selv - Mors\",\"isPartOf\":{\"@id\":\"https:\/\/kunmedierne.dk\/mors\/#website\"},\"primaryImageOfPage\":{\"@id\":\"https:\/\/kunmedierne.dk\/mors\/borgmester-om-ekstra-million-kulturmoedet-har-bevist-sig-selv\/#primaryimage\"},\"image\":{\"@id\":\"https:\/\/kunmedierne.dk\/mors\/borgmester-om-ekstra-million-kulturmoedet-har-bevist-sig-selv\/#primaryimage\"},\"thumbnailUrl\":\"https:\/\/kunmedierne.dk\/mors\/wp-content\/uploads\/2022\/08\/kulturmoedet-2022-.jpg\",\"datePublished\":\"2023-04-24T16:06:04+00:00\",\"dateModified\":\"2024-08-12T11:18:15+00:00\",\"breadcrumb\":{\"@id\":\"https:\/\/kunmedierne.dk\/mors\/borgmester-om-ekstra-million-kulturmoedet-har-bevist-sig-selv\/#breadcrumb\"},\"inLanguage\":\"da-DK\",\"potentialAction\":[{\"@type\":\"ReadAction\",\"target\":[\"https:\/\/kunmedierne.dk\/mors\/borgmester-om-ekstra-million-kulturmoedet-har-bevist-sig-selv\/\"]}]},{\"@type\":\"ImageObject\",\"inLanguage\":\"da-DK\",\"@id\":\"https:\/\/kunmedierne.dk\/mors\/borgmester-om-ekstra-million-kulturmoedet-har-bevist-sig-selv\/#primaryimage\",\"url\":\"https:\/\/kunmedierne.dk\/mors\/wp-content\/uploads\/2022\/08\/kulturmoedet-2022-.jpg\",\"contentUrl\":\"https:\/\/kunmedierne.dk\/mors\/wp-content\/uploads\/2022\/08\/kulturmoedet-2022-.jpg\",\"width\":770,\"height\":512,\"caption\":\"Borgmester Hans Ejner Bertelsen (V) i selskab med Clement Kjersgaard under Kulturm\u00f8det 2022. Foto: Per Bille\"},{\"@type\":\"BreadcrumbList\",\"@id\":\"https:\/\/kunmedierne.dk\/mors\/borgmester-om-ekstra-million-kulturmoedet-har-bevist-sig-selv\/#breadcrumb\",\"itemListElement\":[{\"@type\":\"ListItem\",\"position\":1,\"name\":\"Hjem\",\"item\":\"https:\/\/kunmedierne.dk\/mors\/\"},{\"@type\":\"ListItem\",\"position\":2,\"name\":\"Borgmester om ekstra million: Kulturm\u00f8det har bevist sig selv\"}]},{\"@type\":\"WebSite\",\"@id\":\"https:\/\/kunmedierne.dk\/mors\/#website\",\"url\":\"https:\/\/kunmedierne.dk\/mors\/\",\"name\":\"Mors\",\"description\":\"et netmedie med journalistik om livet p\u00e5 Mors\",\"publisher\":{\"@id\":\"https:\/\/kunmedierne.dk\/mors\/#organization\"},\"potentialAction\":[{\"@type\":\"SearchAction\",\"target\":{\"@type\":\"EntryPoint\",\"urlTemplate\":\"https:\/\/kunmedierne.dk\/mors\/?s={search_term_string}\"},\"query-input\":{\"@type\":\"PropertyValueSpecification\",\"valueRequired\":true,\"valueName\":\"search_term_string\"}}],\"inLanguage\":\"da-DK\"},{\"@type\":\"Organization\",\"@id\":\"https:\/\/kunmedierne.dk\/mors\/#organization\",\"name\":\"Mors\",\"url\":\"https:\/\/kunmedierne.dk\/mors\/\",\"logo\":{\"@type\":\"ImageObject\",\"inLanguage\":\"da-DK\",\"@id\":\"https:\/\/kunmedierne.dk\/mors\/#\/schema\/logo\/image\/\",\"url\":\"https:\/\/kunmedierne.dk\/mors\/wp-content\/uploads\/2024\/08\/kunmors-logo.svg\",\"contentUrl\":\"https:\/\/kunmedierne.dk\/mors\/wp-content\/uploads\/2024\/08\/kunmors-logo.svg\",\"caption\":\"Mors\"},\"image\":{\"@id\":\"https:\/\/kunmedierne.dk\/mors\/#\/schema\/logo\/image\/\"}},{\"@type\":\"Person\",\"@id\":\"https:\/\/kunmedierne.dk\/mors\/#\/schema\/person\/5fe23251bf1d0abbcdc6f7896579d548\",\"name\":\"David H\u00f8jmark\",\"image\":{\"@type\":\"ImageObject\",\"inLanguage\":\"da-DK\",\"@id\":\"https:\/\/kunmedierne.dk\/mors\/#\/schema\/person\/image\/\",\"url\":\"https:\/\/secure.gravatar.com\/avatar\/4315d6fb9ef244d729989f5f90268eb08d5bf8a3d84402f595fa194bb35784fd?s=96&d=mm&r=g\",\"contentUrl\":\"https:\/\/secure.gravatar.com\/avatar\/4315d6fb9ef244d729989f5f90268eb08d5bf8a3d84402f595fa194bb35784fd?s=96&d=mm&r=g\",\"caption\":\"David H\u00f8jmark\"},\"sameAs\":[\"https:\/\/www.kunmedierne.dk\"],\"url\":\"https:\/\/kunmedierne.dk\/mors\/author\/david\/\"}]}<\/script>\n<!-- \/ Yoast SEO plugin. -->","yoast_head_json":{"title":"Borgmester om ekstra million: Kulturm\u00f8det har bevist sig selv - Mors","robots":{"index":"index","follow":"follow","max-snippet":"max-snippet:-1","max-image-preview":"max-image-preview:large","max-video-preview":"max-video-preview:-1"},"canonical":"https:\/\/kunmedierne.dk\/mors\/borgmester-om-ekstra-million-kulturmoedet-har-bevist-sig-selv\/","og_locale":"da_DK","og_type":"article","og_title":"Borgmester om ekstra million: Kulturm\u00f8det har bevist sig selv - Mors","og_description":"MORS: En anerkendelse af de helt store &#8211; og et gedigent \u00f8konomisk rygst\u00f8d for Kulturm\u00f8det Mors. S\u00e5dan vurderer Hans Ejner Bertelsen (V), borgmester i Mors\u00f8 Kommune og formand for Kulturm\u00f8det Mors, dagens store nyhed om, at den \u00e5rlige kulturelle begivenhed p\u00e5 Mors nu er kommet p\u00e5 finansloven. Tidligere i dag blev finansloven pr\u00e6senteret p\u00e5 Christiansborg. [&hellip;]","og_url":"https:\/\/kunmedierne.dk\/mors\/borgmester-om-ekstra-million-kulturmoedet-har-bevist-sig-selv\/","og_site_name":"Mors","article_published_time":"2023-04-24T16:06:04+00:00","article_modified_time":"2024-08-12T11:18:15+00:00","og_image":[{"width":770,"height":512,"url":"https:\/\/kunmedierne.dk\/mors\/wp-content\/uploads\/2022\/08\/kulturmoedet-2022-.jpg","type":"image\/jpeg"}],"author":"David H\u00f8jmark","twitter_card":"summary_large_image","twitter_misc":{"Skrevet af":"David H\u00f8jmark","Estimeret l\u00e6setid":"3 minutter"},"schema":{"@context":"https:\/\/schema.org","@graph":[{"@type":"Article","@id":"https:\/\/kunmedierne.dk\/mors\/borgmester-om-ekstra-million-kulturmoedet-har-bevist-sig-selv\/#article","isPartOf":{"@id":"https:\/\/kunmedierne.dk\/mors\/borgmester-om-ekstra-million-kulturmoedet-har-bevist-sig-selv\/"},"author":{"name":"David H\u00f8jmark","@id":"https:\/\/kunmedierne.dk\/mors\/#\/schema\/person\/5fe23251bf1d0abbcdc6f7896579d548"},"headline":"Borgmester om ekstra million: Kulturm\u00f8det har bevist sig selv","datePublished":"2023-04-24T16:06:04+00:00","dateModified":"2024-08-12T11:18:15+00:00","mainEntityOfPage":{"@id":"https:\/\/kunmedierne.dk\/mors\/borgmester-om-ekstra-million-kulturmoedet-har-bevist-sig-selv\/"},"wordCount":585,"publisher":{"@id":"https:\/\/kunmedierne.dk\/mors\/#organization"},"image":{"@id":"https:\/\/kunmedierne.dk\/mors\/borgmester-om-ekstra-million-kulturmoedet-har-bevist-sig-selv\/#primaryimage"},"thumbnailUrl":"https:\/\/kunmedierne.dk\/mors\/wp-content\/uploads\/2022\/08\/kulturmoedet-2022-.jpg","keywords":["Kulturm\u00f8det"],"articleSection":["Kultur"],"inLanguage":"da-DK"},{"@type":"WebPage","@id":"https:\/\/kunmedierne.dk\/mors\/borgmester-om-ekstra-million-kulturmoedet-har-bevist-sig-selv\/","url":"https:\/\/kunmedierne.dk\/mors\/borgmester-om-ekstra-million-kulturmoedet-har-bevist-sig-selv\/","name":"Borgmester om ekstra million: Kulturm\u00f8det har bevist sig selv - Mors","isPartOf":{"@id":"https:\/\/kunmedierne.dk\/mors\/#website"},"primaryImageOfPage":{"@id":"https:\/\/kunmedierne.dk\/mors\/borgmester-om-ekstra-million-kulturmoedet-har-bevist-sig-selv\/#primaryimage"},"image":{"@id":"https:\/\/kunmedierne.dk\/mors\/borgmester-om-ekstra-million-kulturmoedet-har-bevist-sig-selv\/#primaryimage"},"thumbnailUrl":"https:\/\/kunmedierne.dk\/mors\/wp-content\/uploads\/2022\/08\/kulturmoedet-2022-.jpg","datePublished":"2023-04-24T16:06:04+00:00","dateModified":"2024-08-12T11:18:15+00:00","breadcrumb":{"@id":"https:\/\/kunmedierne.dk\/mors\/borgmester-om-ekstra-million-kulturmoedet-har-bevist-sig-selv\/#breadcrumb"},"inLanguage":"da-DK","potentialAction":[{"@type":"ReadAction","target":["https:\/\/kunmedierne.dk\/mors\/borgmester-om-ekstra-million-kulturmoedet-har-bevist-sig-selv\/"]}]},{"@type":"ImageObject","inLanguage":"da-DK","@id":"https:\/\/kunmedierne.dk\/mors\/borgmester-om-ekstra-million-kulturmoedet-har-bevist-sig-selv\/#primaryimage","url":"https:\/\/kunmedierne.dk\/mors\/wp-content\/uploads\/2022\/08\/kulturmoedet-2022-.jpg","contentUrl":"https:\/\/kunmedierne.dk\/mors\/wp-content\/uploads\/2022\/08\/kulturmoedet-2022-.jpg","width":770,"height":512,"caption":"Borgmester Hans Ejner Bertelsen (V) i selskab med Clement Kjersgaard under Kulturm\u00f8det 2022. Foto: Per Bille"},{"@type":"BreadcrumbList","@id":"https:\/\/kunmedierne.dk\/mors\/borgmester-om-ekstra-million-kulturmoedet-har-bevist-sig-selv\/#breadcrumb","itemListElement":[{"@type":"ListItem","position":1,"name":"Hjem","item":"https:\/\/kunmedierne.dk\/mors\/"},{"@type":"ListItem","position":2,"name":"Borgmester om ekstra million: Kulturm\u00f8det har bevist sig selv"}]},{"@type":"WebSite","@id":"https:\/\/kunmedierne.dk\/mors\/#website","url":"https:\/\/kunmedierne.dk\/mors\/","name":"Mors","description":"et netmedie med journalistik om livet p\u00e5 Mors","publisher":{"@id":"https:\/\/kunmedierne.dk\/mors\/#organization"},"potentialAction":[{"@type":"SearchAction","target":{"@type":"EntryPoint","urlTemplate":"https:\/\/kunmedierne.dk\/mors\/?s={search_term_string}"},"query-input":{"@type":"PropertyValueSpecification","valueRequired":true,"valueName":"search_term_string"}}],"inLanguage":"da-DK"},{"@type":"Organization","@id":"https:\/\/kunmedierne.dk\/mors\/#organization","name":"Mors","url":"https:\/\/kunmedierne.dk\/mors\/","logo":{"@type":"ImageObject","inLanguage":"da-DK","@id":"https:\/\/kunmedierne.dk\/mors\/#\/schema\/logo\/image\/","url":"https:\/\/kunmedierne.dk\/mors\/wp-content\/uploads\/2024\/08\/kunmors-logo.svg","contentUrl":"https:\/\/kunmedierne.dk\/mors\/wp-content\/uploads\/2024\/08\/kunmors-logo.svg","caption":"Mors"},"image":{"@id":"https:\/\/kunmedierne.dk\/mors\/#\/schema\/logo\/image\/"}},{"@type":"Person","@id":"https:\/\/kunmedierne.dk\/mors\/#\/schema\/person\/5fe23251bf1d0abbcdc6f7896579d548","name":"David H\u00f8jmark","image":{"@type":"ImageObject","inLanguage":"da-DK","@id":"https:\/\/kunmedierne.dk\/mors\/#\/schema\/person\/image\/","url":"https:\/\/secure.gravatar.com\/avatar\/4315d6fb9ef244d729989f5f90268eb08d5bf8a3d84402f595fa194bb35784fd?s=96&d=mm&r=g","contentUrl":"https:\/\/secure.gravatar.com\/avatar\/4315d6fb9ef244d729989f5f90268eb08d5bf8a3d84402f595fa194bb35784fd?s=96&d=mm&r=g","caption":"David H\u00f8jmark"},"sameAs":["https:\/\/www.kunmedierne.dk"],"url":"https:\/\/kunmedierne.dk\/mors\/author\/david\/"}]}},"_links":{"self":[{"href":"https:\/\/kunmedierne.dk\/mors\/wp-json\/wp\/v2\/posts\/93578","targetHints":{"allow":["GET"]}}],"collection":[{"href":"https:\/\/kunmedierne.dk\/mors\/wp-json\/wp\/v2\/posts"}],"about":[{"href":"https:\/\/kunmedierne.dk\/mors\/wp-json\/wp\/v2\/types\/post"}],"author":[{"embeddable":true,"href":"https:\/\/kunmedierne.dk\/mors\/wp-json\/wp\/v2\/users\/8"}],"replies":[{"embeddable":true,"href":"https:\/\/kunmedierne.dk\/mors\/wp-json\/wp\/v2\/comments?post=93578"}],"version-history":[{"count":2,"href":"https:\/\/kunmedierne.dk\/mors\/wp-json\/wp\/v2\/posts\/93578\/revisions"}],"predecessor-version":[{"id":93580,"href":"https:\/\/kunmedierne.dk\/mors\/wp-json\/wp\/v2\/posts\/93578\/revisions\/93580"}],"wp:featuredmedia":[{"embeddable":true,"href":"https:\/\/kunmedierne.dk\/mors\/wp-json\/wp\/v2\/media\/76671"}],"wp:attachment":[{"href":"https:\/\/kunmedierne.dk\/mors\/wp-json\/wp\/v2\/media?parent=93578"}],"wp:term":[{"taxonomy":"category","embeddable":true,"href":"https:\/\/kunmedierne.dk\/mors\/wp-json\/wp\/v2\/categories?post=93578"},{"taxonomy":"post_tag","embeddable":true,"href":"https:\/\/kunmedierne.dk\/mors\/wp-json\/wp\/v2\/tags?post=93578"}],"curies":[{"name":"wp","href":"https:\/\/api.w.org\/{rel}","templated":true}]}}