{"id":93539,"date":"2023-04-25T10:03:22","date_gmt":"2023-04-25T08:03:22","guid":{"rendered":"https:\/\/kunmedierne.dk\/mors\/?p=93539"},"modified":"2024-08-12T13:18:15","modified_gmt":"2024-08-12T11:18:15","slug":"de-foerste-navne-er-klar-til-aarets-kulturmoede","status":"publish","type":"post","link":"https:\/\/kunmedierne.dk\/mors\/de-foerste-navne-er-klar-til-aarets-kulturmoede\/","title":{"rendered":"De f\u00f8rste navne er klar til \u00e5rets Kulturm\u00f8de"},"content":{"rendered":"<p><strong>KULTURM\u00d8DET:<\/strong> Den klassiske musik bliver st\u00e6rkt repr\u00e6senteret, n\u00e5r bl.a. sanger<strong> S\u00f8ren Huss <\/strong>g\u00e5r p\u00e5 scenen med det klassiske strygerensemble <strong>Who Killed Bambi<\/strong>. Super-cellostjernen <strong>Josefine Opsahl, <\/strong>der sidste \u00e5r modtog Kronprinsparrets Kulturelle Stjernedryspris, giver solokoncert, og <strong>Dreamers&#8217; Circus<\/strong> serverer folkemusik i absolut verdensklasse.<\/p>\n<a class=\"dvrt-link\" onClick=\"cdmtrack_click(169437,jQuery(this));return false\" href=\"https:\/\/thymors.dk\/sponsorater\/15-til-faellesskabet?utm_source=kunmors&amp;utm_medium=annonce&amp;utm_campaign=sponsorater\"><img decoding=\"async\" style=\"width:100%;\" src=\"https:\/\/kunmedierne.dk\/mors\/wp-content\/uploads\/2026\/03\/260407ThyMors-energi_faellesskab_generel-1.jpg\"><\/a><script>cdmtrack_view(169437);<\/script>\n<p>Kulturm\u00f8det skriver:<\/p>\n<p>&#8220;Publikum skal i \u00e5r forvente at komme helt t\u00e6t p\u00e5 musikken. Vi vil \u00e5bne d\u00f8ren til det musikalske maskinrum, og skabe nysgerrighed for den verden, der udfolder sig. Det sker, n\u00e5r vi kombinerer de store koncertoplevelser med intime formater, hvor publikum oplever kunstnerne og musikken i \u00f8jenh\u00f8jde, og hvor formidlingen af den klassiske musik er i centrum.&#8221;<\/p>\n<p>L\u00e6s mere om navnene til \u00e5rets program <a href=\"https:\/\/kulturmoedet.us8.list-manage.com\/track\/click?u=49f64d9463c4fbae450e017ab&amp;id=06470bec01&amp;e=31d2d0b6c3\">her\u00a0<\/a><\/p>\n","protected":false},"excerpt":{"rendered":"<p>KULTURM\u00d8DET: Den klassiske musik bliver st\u00e6rkt repr\u00e6senteret, n\u00e5r bl.a. sanger S\u00f8ren Huss g\u00e5r p\u00e5 scenen med det klassiske strygerensemble Who Killed Bambi. Super-cellostjernen Josefine Opsahl, der sidste \u00e5r modtog Kronprinsparrets Kulturelle Stjernedryspris, giver solokoncert, og Dreamers&#8217; Circus serverer folkemusik i absolut verdensklasse. Kulturm\u00f8det skriver: &#8220;Publikum skal i \u00e5r forvente at komme helt t\u00e6t p\u00e5 musikken. [&hellip;]<\/p>\n","protected":false},"author":2507,"featured_media":93540,"comment_status":"closed","ping_status":"open","sticky":false,"template":"","format":"standard","meta":{"_acf_changed":false,"footnotes":""},"categories":[49],"tags":[162],"class_list":["post-93539","post","type-post","status-publish","format-standard","has-post-thumbnail","hentry","category-kultur","tag-kulturmoedet"],"acf":[],"yoast_head":"<!-- This site is optimized with the Yoast SEO plugin v26.8 - https:\/\/yoast.com\/product\/yoast-seo-wordpress\/ -->\n<title>De f\u00f8rste navne er klar til \u00e5rets Kulturm\u00f8de - Mors<\/title>\n<meta name=\"robots\" content=\"index, follow, max-snippet:-1, max-image-preview:large, max-video-preview:-1\" \/>\n<link rel=\"canonical\" href=\"https:\/\/kunmedierne.dk\/mors\/de-foerste-navne-er-klar-til-aarets-kulturmoede\/\" \/>\n<meta property=\"og:locale\" content=\"da_DK\" \/>\n<meta property=\"og:type\" content=\"article\" \/>\n<meta property=\"og:title\" content=\"De f\u00f8rste navne er klar til \u00e5rets Kulturm\u00f8de - Mors\" \/>\n<meta property=\"og:description\" content=\"KULTURM\u00d8DET: Den klassiske musik bliver st\u00e6rkt repr\u00e6senteret, n\u00e5r bl.a. sanger S\u00f8ren Huss g\u00e5r p\u00e5 scenen med det klassiske strygerensemble Who Killed Bambi. Super-cellostjernen Josefine Opsahl, der sidste \u00e5r modtog Kronprinsparrets Kulturelle Stjernedryspris, giver solokoncert, og Dreamers&#8217; Circus serverer folkemusik i absolut verdensklasse. Kulturm\u00f8det skriver: &#8220;Publikum skal i \u00e5r forvente at komme helt t\u00e6t p\u00e5 musikken. [&hellip;]\" \/>\n<meta property=\"og:url\" content=\"https:\/\/kunmedierne.dk\/mors\/de-foerste-navne-er-klar-til-aarets-kulturmoede\/\" \/>\n<meta property=\"og:site_name\" content=\"Mors\" \/>\n<meta property=\"article:published_time\" content=\"2023-04-25T08:03:22+00:00\" \/>\n<meta property=\"article:modified_time\" content=\"2024-08-12T11:18:15+00:00\" \/>\n<meta property=\"og:image\" content=\"https:\/\/kunmedierne.dk\/mors\/wp-content\/uploads\/2023\/04\/ec028842-3722-06f9-f18c-ffbfb148a353.png\" \/>\n\t<meta property=\"og:image:width\" content=\"1200\" \/>\n\t<meta property=\"og:image:height\" content=\"675\" \/>\n\t<meta property=\"og:image:type\" content=\"image\/png\" \/>\n<meta name=\"author\" content=\"Katrine Hedegaard\" \/>\n<meta name=\"twitter:card\" content=\"summary_large_image\" \/>\n<meta name=\"twitter:label1\" content=\"Skrevet af\" \/>\n\t<meta name=\"twitter:data1\" content=\"Katrine Hedegaard\" \/>\n\t<meta name=\"twitter:label2\" content=\"Estimeret l\u00e6setid\" \/>\n\t<meta name=\"twitter:data2\" content=\"1 minut\" \/>\n<script type=\"application\/ld+json\" class=\"yoast-schema-graph\">{\"@context\":\"https:\/\/schema.org\",\"@graph\":[{\"@type\":\"Article\",\"@id\":\"https:\/\/kunmedierne.dk\/mors\/de-foerste-navne-er-klar-til-aarets-kulturmoede\/#article\",\"isPartOf\":{\"@id\":\"https:\/\/kunmedierne.dk\/mors\/de-foerste-navne-er-klar-til-aarets-kulturmoede\/\"},\"author\":{\"name\":\"Katrine Hedegaard\",\"@id\":\"https:\/\/kunmedierne.dk\/mors\/#\/schema\/person\/b2e62a38069b12365e53e087a8709c64\"},\"headline\":\"De f\u00f8rste navne er klar til \u00e5rets Kulturm\u00f8de\",\"datePublished\":\"2023-04-25T08:03:22+00:00\",\"dateModified\":\"2024-08-12T11:18:15+00:00\",\"mainEntityOfPage\":{\"@id\":\"https:\/\/kunmedierne.dk\/mors\/de-foerste-navne-er-klar-til-aarets-kulturmoede\/\"},\"wordCount\":134,\"publisher\":{\"@id\":\"https:\/\/kunmedierne.dk\/mors\/#organization\"},\"image\":{\"@id\":\"https:\/\/kunmedierne.dk\/mors\/de-foerste-navne-er-klar-til-aarets-kulturmoede\/#primaryimage\"},\"thumbnailUrl\":\"https:\/\/kunmedierne.dk\/mors\/wp-content\/uploads\/2023\/04\/ec028842-3722-06f9-f18c-ffbfb148a353.png\",\"keywords\":[\"Kulturm\u00f8det\"],\"articleSection\":[\"Kultur\"],\"inLanguage\":\"da-DK\"},{\"@type\":\"WebPage\",\"@id\":\"https:\/\/kunmedierne.dk\/mors\/de-foerste-navne-er-klar-til-aarets-kulturmoede\/\",\"url\":\"https:\/\/kunmedierne.dk\/mors\/de-foerste-navne-er-klar-til-aarets-kulturmoede\/\",\"name\":\"De f\u00f8rste navne er klar til \u00e5rets Kulturm\u00f8de - Mors\",\"isPartOf\":{\"@id\":\"https:\/\/kunmedierne.dk\/mors\/#website\"},\"primaryImageOfPage\":{\"@id\":\"https:\/\/kunmedierne.dk\/mors\/de-foerste-navne-er-klar-til-aarets-kulturmoede\/#primaryimage\"},\"image\":{\"@id\":\"https:\/\/kunmedierne.dk\/mors\/de-foerste-navne-er-klar-til-aarets-kulturmoede\/#primaryimage\"},\"thumbnailUrl\":\"https:\/\/kunmedierne.dk\/mors\/wp-content\/uploads\/2023\/04\/ec028842-3722-06f9-f18c-ffbfb148a353.png\",\"datePublished\":\"2023-04-25T08:03:22+00:00\",\"dateModified\":\"2024-08-12T11:18:15+00:00\",\"breadcrumb\":{\"@id\":\"https:\/\/kunmedierne.dk\/mors\/de-foerste-navne-er-klar-til-aarets-kulturmoede\/#breadcrumb\"},\"inLanguage\":\"da-DK\",\"potentialAction\":[{\"@type\":\"ReadAction\",\"target\":[\"https:\/\/kunmedierne.dk\/mors\/de-foerste-navne-er-klar-til-aarets-kulturmoede\/\"]}]},{\"@type\":\"ImageObject\",\"inLanguage\":\"da-DK\",\"@id\":\"https:\/\/kunmedierne.dk\/mors\/de-foerste-navne-er-klar-til-aarets-kulturmoede\/#primaryimage\",\"url\":\"https:\/\/kunmedierne.dk\/mors\/wp-content\/uploads\/2023\/04\/ec028842-3722-06f9-f18c-ffbfb148a353.png\",\"contentUrl\":\"https:\/\/kunmedierne.dk\/mors\/wp-content\/uploads\/2023\/04\/ec028842-3722-06f9-f18c-ffbfb148a353.png\",\"width\":1200,\"height\":675,\"caption\":\"Cello-superstjernen Josefine Opsahl g\u00e6ster Kulturm\u00f8det med solokoncert i Nyk\u00f8bing Mors Kirke\"},{\"@type\":\"BreadcrumbList\",\"@id\":\"https:\/\/kunmedierne.dk\/mors\/de-foerste-navne-er-klar-til-aarets-kulturmoede\/#breadcrumb\",\"itemListElement\":[{\"@type\":\"ListItem\",\"position\":1,\"name\":\"Hjem\",\"item\":\"https:\/\/kunmedierne.dk\/mors\/\"},{\"@type\":\"ListItem\",\"position\":2,\"name\":\"De f\u00f8rste navne er klar til \u00e5rets Kulturm\u00f8de\"}]},{\"@type\":\"WebSite\",\"@id\":\"https:\/\/kunmedierne.dk\/mors\/#website\",\"url\":\"https:\/\/kunmedierne.dk\/mors\/\",\"name\":\"Mors\",\"description\":\"et netmedie med journalistik om livet p\u00e5 Mors\",\"publisher\":{\"@id\":\"https:\/\/kunmedierne.dk\/mors\/#organization\"},\"potentialAction\":[{\"@type\":\"SearchAction\",\"target\":{\"@type\":\"EntryPoint\",\"urlTemplate\":\"https:\/\/kunmedierne.dk\/mors\/?s={search_term_string}\"},\"query-input\":{\"@type\":\"PropertyValueSpecification\",\"valueRequired\":true,\"valueName\":\"search_term_string\"}}],\"inLanguage\":\"da-DK\"},{\"@type\":\"Organization\",\"@id\":\"https:\/\/kunmedierne.dk\/mors\/#organization\",\"name\":\"Mors\",\"url\":\"https:\/\/kunmedierne.dk\/mors\/\",\"logo\":{\"@type\":\"ImageObject\",\"inLanguage\":\"da-DK\",\"@id\":\"https:\/\/kunmedierne.dk\/mors\/#\/schema\/logo\/image\/\",\"url\":\"https:\/\/kunmedierne.dk\/mors\/wp-content\/uploads\/2024\/08\/kunmors-logo.svg\",\"contentUrl\":\"https:\/\/kunmedierne.dk\/mors\/wp-content\/uploads\/2024\/08\/kunmors-logo.svg\",\"caption\":\"Mors\"},\"image\":{\"@id\":\"https:\/\/kunmedierne.dk\/mors\/#\/schema\/logo\/image\/\"}},{\"@type\":\"Person\",\"@id\":\"https:\/\/kunmedierne.dk\/mors\/#\/schema\/person\/b2e62a38069b12365e53e087a8709c64\",\"name\":\"Katrine Hedegaard\",\"image\":{\"@type\":\"ImageObject\",\"inLanguage\":\"da-DK\",\"@id\":\"https:\/\/kunmedierne.dk\/mors\/#\/schema\/person\/image\/\",\"url\":\"https:\/\/secure.gravatar.com\/avatar\/18a5c72fa9148052fd3ed5a58b40fc83cfdc9811090e6e6eec9539af058edcc0?s=96&d=mm&r=g\",\"contentUrl\":\"https:\/\/secure.gravatar.com\/avatar\/18a5c72fa9148052fd3ed5a58b40fc83cfdc9811090e6e6eec9539af058edcc0?s=96&d=mm&r=g\",\"caption\":\"Katrine Hedegaard\"},\"url\":\"https:\/\/kunmedierne.dk\/mors\/author\/katrine\/\"}]}<\/script>\n<!-- \/ Yoast SEO plugin. -->","yoast_head_json":{"title":"De f\u00f8rste navne er klar til \u00e5rets Kulturm\u00f8de - Mors","robots":{"index":"index","follow":"follow","max-snippet":"max-snippet:-1","max-image-preview":"max-image-preview:large","max-video-preview":"max-video-preview:-1"},"canonical":"https:\/\/kunmedierne.dk\/mors\/de-foerste-navne-er-klar-til-aarets-kulturmoede\/","og_locale":"da_DK","og_type":"article","og_title":"De f\u00f8rste navne er klar til \u00e5rets Kulturm\u00f8de - Mors","og_description":"KULTURM\u00d8DET: Den klassiske musik bliver st\u00e6rkt repr\u00e6senteret, n\u00e5r bl.a. sanger S\u00f8ren Huss g\u00e5r p\u00e5 scenen med det klassiske strygerensemble Who Killed Bambi. Super-cellostjernen Josefine Opsahl, der sidste \u00e5r modtog Kronprinsparrets Kulturelle Stjernedryspris, giver solokoncert, og Dreamers&#8217; Circus serverer folkemusik i absolut verdensklasse. Kulturm\u00f8det skriver: &#8220;Publikum skal i \u00e5r forvente at komme helt t\u00e6t p\u00e5 musikken. [&hellip;]","og_url":"https:\/\/kunmedierne.dk\/mors\/de-foerste-navne-er-klar-til-aarets-kulturmoede\/","og_site_name":"Mors","article_published_time":"2023-04-25T08:03:22+00:00","article_modified_time":"2024-08-12T11:18:15+00:00","og_image":[{"width":1200,"height":675,"url":"https:\/\/kunmedierne.dk\/mors\/wp-content\/uploads\/2023\/04\/ec028842-3722-06f9-f18c-ffbfb148a353.png","type":"image\/png"}],"author":"Katrine Hedegaard","twitter_card":"summary_large_image","twitter_misc":{"Skrevet af":"Katrine Hedegaard","Estimeret l\u00e6setid":"1 minut"},"schema":{"@context":"https:\/\/schema.org","@graph":[{"@type":"Article","@id":"https:\/\/kunmedierne.dk\/mors\/de-foerste-navne-er-klar-til-aarets-kulturmoede\/#article","isPartOf":{"@id":"https:\/\/kunmedierne.dk\/mors\/de-foerste-navne-er-klar-til-aarets-kulturmoede\/"},"author":{"name":"Katrine Hedegaard","@id":"https:\/\/kunmedierne.dk\/mors\/#\/schema\/person\/b2e62a38069b12365e53e087a8709c64"},"headline":"De f\u00f8rste navne er klar til \u00e5rets Kulturm\u00f8de","datePublished":"2023-04-25T08:03:22+00:00","dateModified":"2024-08-12T11:18:15+00:00","mainEntityOfPage":{"@id":"https:\/\/kunmedierne.dk\/mors\/de-foerste-navne-er-klar-til-aarets-kulturmoede\/"},"wordCount":134,"publisher":{"@id":"https:\/\/kunmedierne.dk\/mors\/#organization"},"image":{"@id":"https:\/\/kunmedierne.dk\/mors\/de-foerste-navne-er-klar-til-aarets-kulturmoede\/#primaryimage"},"thumbnailUrl":"https:\/\/kunmedierne.dk\/mors\/wp-content\/uploads\/2023\/04\/ec028842-3722-06f9-f18c-ffbfb148a353.png","keywords":["Kulturm\u00f8det"],"articleSection":["Kultur"],"inLanguage":"da-DK"},{"@type":"WebPage","@id":"https:\/\/kunmedierne.dk\/mors\/de-foerste-navne-er-klar-til-aarets-kulturmoede\/","url":"https:\/\/kunmedierne.dk\/mors\/de-foerste-navne-er-klar-til-aarets-kulturmoede\/","name":"De f\u00f8rste navne er klar til \u00e5rets Kulturm\u00f8de - Mors","isPartOf":{"@id":"https:\/\/kunmedierne.dk\/mors\/#website"},"primaryImageOfPage":{"@id":"https:\/\/kunmedierne.dk\/mors\/de-foerste-navne-er-klar-til-aarets-kulturmoede\/#primaryimage"},"image":{"@id":"https:\/\/kunmedierne.dk\/mors\/de-foerste-navne-er-klar-til-aarets-kulturmoede\/#primaryimage"},"thumbnailUrl":"https:\/\/kunmedierne.dk\/mors\/wp-content\/uploads\/2023\/04\/ec028842-3722-06f9-f18c-ffbfb148a353.png","datePublished":"2023-04-25T08:03:22+00:00","dateModified":"2024-08-12T11:18:15+00:00","breadcrumb":{"@id":"https:\/\/kunmedierne.dk\/mors\/de-foerste-navne-er-klar-til-aarets-kulturmoede\/#breadcrumb"},"inLanguage":"da-DK","potentialAction":[{"@type":"ReadAction","target":["https:\/\/kunmedierne.dk\/mors\/de-foerste-navne-er-klar-til-aarets-kulturmoede\/"]}]},{"@type":"ImageObject","inLanguage":"da-DK","@id":"https:\/\/kunmedierne.dk\/mors\/de-foerste-navne-er-klar-til-aarets-kulturmoede\/#primaryimage","url":"https:\/\/kunmedierne.dk\/mors\/wp-content\/uploads\/2023\/04\/ec028842-3722-06f9-f18c-ffbfb148a353.png","contentUrl":"https:\/\/kunmedierne.dk\/mors\/wp-content\/uploads\/2023\/04\/ec028842-3722-06f9-f18c-ffbfb148a353.png","width":1200,"height":675,"caption":"Cello-superstjernen Josefine Opsahl g\u00e6ster Kulturm\u00f8det med solokoncert i Nyk\u00f8bing Mors Kirke"},{"@type":"BreadcrumbList","@id":"https:\/\/kunmedierne.dk\/mors\/de-foerste-navne-er-klar-til-aarets-kulturmoede\/#breadcrumb","itemListElement":[{"@type":"ListItem","position":1,"name":"Hjem","item":"https:\/\/kunmedierne.dk\/mors\/"},{"@type":"ListItem","position":2,"name":"De f\u00f8rste navne er klar til \u00e5rets Kulturm\u00f8de"}]},{"@type":"WebSite","@id":"https:\/\/kunmedierne.dk\/mors\/#website","url":"https:\/\/kunmedierne.dk\/mors\/","name":"Mors","description":"et netmedie med journalistik om livet p\u00e5 Mors","publisher":{"@id":"https:\/\/kunmedierne.dk\/mors\/#organization"},"potentialAction":[{"@type":"SearchAction","target":{"@type":"EntryPoint","urlTemplate":"https:\/\/kunmedierne.dk\/mors\/?s={search_term_string}"},"query-input":{"@type":"PropertyValueSpecification","valueRequired":true,"valueName":"search_term_string"}}],"inLanguage":"da-DK"},{"@type":"Organization","@id":"https:\/\/kunmedierne.dk\/mors\/#organization","name":"Mors","url":"https:\/\/kunmedierne.dk\/mors\/","logo":{"@type":"ImageObject","inLanguage":"da-DK","@id":"https:\/\/kunmedierne.dk\/mors\/#\/schema\/logo\/image\/","url":"https:\/\/kunmedierne.dk\/mors\/wp-content\/uploads\/2024\/08\/kunmors-logo.svg","contentUrl":"https:\/\/kunmedierne.dk\/mors\/wp-content\/uploads\/2024\/08\/kunmors-logo.svg","caption":"Mors"},"image":{"@id":"https:\/\/kunmedierne.dk\/mors\/#\/schema\/logo\/image\/"}},{"@type":"Person","@id":"https:\/\/kunmedierne.dk\/mors\/#\/schema\/person\/b2e62a38069b12365e53e087a8709c64","name":"Katrine Hedegaard","image":{"@type":"ImageObject","inLanguage":"da-DK","@id":"https:\/\/kunmedierne.dk\/mors\/#\/schema\/person\/image\/","url":"https:\/\/secure.gravatar.com\/avatar\/18a5c72fa9148052fd3ed5a58b40fc83cfdc9811090e6e6eec9539af058edcc0?s=96&d=mm&r=g","contentUrl":"https:\/\/secure.gravatar.com\/avatar\/18a5c72fa9148052fd3ed5a58b40fc83cfdc9811090e6e6eec9539af058edcc0?s=96&d=mm&r=g","caption":"Katrine Hedegaard"},"url":"https:\/\/kunmedierne.dk\/mors\/author\/katrine\/"}]}},"_links":{"self":[{"href":"https:\/\/kunmedierne.dk\/mors\/wp-json\/wp\/v2\/posts\/93539","targetHints":{"allow":["GET"]}}],"collection":[{"href":"https:\/\/kunmedierne.dk\/mors\/wp-json\/wp\/v2\/posts"}],"about":[{"href":"https:\/\/kunmedierne.dk\/mors\/wp-json\/wp\/v2\/types\/post"}],"author":[{"embeddable":true,"href":"https:\/\/kunmedierne.dk\/mors\/wp-json\/wp\/v2\/users\/2507"}],"replies":[{"embeddable":true,"href":"https:\/\/kunmedierne.dk\/mors\/wp-json\/wp\/v2\/comments?post=93539"}],"version-history":[{"count":4,"href":"https:\/\/kunmedierne.dk\/mors\/wp-json\/wp\/v2\/posts\/93539\/revisions"}],"predecessor-version":[{"id":93544,"href":"https:\/\/kunmedierne.dk\/mors\/wp-json\/wp\/v2\/posts\/93539\/revisions\/93544"}],"wp:featuredmedia":[{"embeddable":true,"href":"https:\/\/kunmedierne.dk\/mors\/wp-json\/wp\/v2\/media\/93540"}],"wp:attachment":[{"href":"https:\/\/kunmedierne.dk\/mors\/wp-json\/wp\/v2\/media?parent=93539"}],"wp:term":[{"taxonomy":"category","embeddable":true,"href":"https:\/\/kunmedierne.dk\/mors\/wp-json\/wp\/v2\/categories?post=93539"},{"taxonomy":"post_tag","embeddable":true,"href":"https:\/\/kunmedierne.dk\/mors\/wp-json\/wp\/v2\/tags?post=93539"}],"curies":[{"name":"wp","href":"https:\/\/api.w.org\/{rel}","templated":true}]}}