{"id":9341,"date":"2020-02-27T11:46:16","date_gmt":"2020-02-27T10:46:16","guid":{"rendered":"https:\/\/kunmedierne.dk\/mors\/?p=9341"},"modified":"2024-08-12T14:06:25","modified_gmt":"2024-08-12T12:06:25","slug":"moed-kunmors-paa-foraarsmessen","status":"publish","type":"post","link":"https:\/\/kunmedierne.dk\/mors\/moed-kunmors-paa-foraarsmessen\/","title":{"rendered":"M\u00f8d KunMors p\u00e5 for\u00e5rsmessen"},"content":{"rendered":"<p><strong>NYK\u00d8BING<\/strong>: Vinterens f\u00f8rste sne er faldet, men for\u00e5ret er lige om hj\u00f8rnet.<\/p>\n<p>If\u00f8lge kalenderen sker skiftet i weekenden, og at der er noget om det, viser programmet i Sparekassen Thy Arena Mors. Her st\u00e5r den nemlig p\u00e5 to dage med for\u00e5rsmesse &#8211; som altid med arrang\u00f8r Gunnar Bruhn Simonsen i topform.<\/p>\n<p>&#8220;Det bliver en rigtig god messe! Vi bygger det op p\u00e5 en helt ny og sp\u00e6ndende m\u00e5de, s\u00e5 man skal bev\u00e6ge sig rundt og ikke st\u00e5 og kigge ud over det hele. Det bliver rigtig godt,&#8221; siger den rutinerede eventmager.<\/p>\n<p><img loading=\"lazy\" decoding=\"async\" class=\"alignright wp-image-9354\" src=\"https:\/\/kunmedierne.dk\/mors\/wp-content\/uploads\/2020\/02\/200227-for\u00e5rsmesse-h\u00f8j-209x300.jpg\" alt=\"\" width=\"500\" height=\"718\" srcset=\"https:\/\/kunmedierne.dk\/mors\/wp-content\/uploads\/2020\/02\/200227-for\u00e5rsmesse-h\u00f8j-209x300.jpg 209w, https:\/\/kunmedierne.dk\/mors\/wp-content\/uploads\/2020\/02\/200227-for\u00e5rsmesse-h\u00f8j-600x861.jpg 600w, https:\/\/kunmedierne.dk\/mors\/wp-content\/uploads\/2020\/02\/200227-for\u00e5rsmesse-h\u00f8j.jpg 616w\" sizes=\"auto, (max-width: 500px) 100vw, 500px\" \/>En nyhed p\u00e5 \u00e5rets messe er, at der er hele fire indgange til den: B\u00e5de Foyer 1 og Foyer 2 i den nye del af arenaen og de to indgange i det, der engang var Mors\u00f8 Ungdomsg\u00e5rd. Og fra alle fire indgange er der s\u00e5 adgang til de mange flotte udstillinger, smagspr\u00f8ver, varepr\u00f8ver og hvad der ellers bliver tilbudt fra firmaer, der serverer alt fra biler, musik, kajakker og meget andet &#8211; herimellem journalistik.<\/p>\n<p>KunMors er nemlig ogs\u00e5 p\u00e5 plads p\u00e5 messen. Vi d\u00e6kker den naturligvis med reportage b\u00e5de l\u00f8rdag og s\u00f8ndag &#8211; og samtidig giver vi messens g\u00e6ster mulighed for at hilse p\u00e5 og sp\u00f8rge ind til, hvad \u00f8ens nye medie egentlig er for noget.<\/p>\n<p>Og vi holder os ikke tilbage med gavmildheden. Ved at finde os p\u00e5 messen, kan man deltage i konkurrencen om gratis abonnementer &#8211; vi udlodder fem p\u00e5 hver en m\u00e5ned med adgang til alt indhold p\u00e5 KunMors. Og som en ekstra gulerod: Alle messeg\u00e6ster, der mellem messens \u00e5bning l\u00f8rdag klokken 10 og lukningen s\u00f8ndag klokken 16 tegner et abonnement p\u00e5 12 m\u00e5neder p\u00e5 KunMors, deltager i lodtr\u00e6kningen om en flot kurv fyldt med lokale l\u00e6kkerier fra <a href=\"https:\/\/prebensvinhandel.dk\/\" target=\"_blank\" rel=\"noopener noreferrer\">Prebens Vinhandel<\/a> &#8211; i vores \u00e5nd naturligvis kun med lokale r\u00e5varer!<\/p>\n<p>&nbsp;<\/p>\n","protected":false},"excerpt":{"rendered":"<p>NYK\u00d8BING: Vinterens f\u00f8rste sne er faldet, men for\u00e5ret er lige om hj\u00f8rnet. If\u00f8lge kalenderen sker skiftet i weekenden, og at der er noget om det, viser programmet i Sparekassen Thy Arena Mors. Her st\u00e5r den nemlig p\u00e5 to dage med for\u00e5rsmesse &#8211; som altid med arrang\u00f8r Gunnar Bruhn Simonsen i topform. &#8220;Det bliver en rigtig [&hellip;]<\/p>\n","protected":false},"author":8,"featured_media":9347,"comment_status":"open","ping_status":"open","sticky":false,"template":"","format":"standard","meta":{"_acf_changed":false,"footnotes":""},"categories":[51],"tags":[159,160],"class_list":["post-9341","post","type-post","status-publish","format-standard","has-post-thumbnail","hentry","category-lokalt","tag-erhverv","tag-handel"],"acf":[],"yoast_head":"<!-- This site is optimized with the Yoast SEO plugin v26.8 - https:\/\/yoast.com\/product\/yoast-seo-wordpress\/ -->\n<title>M\u00f8d KunMors p\u00e5 for\u00e5rsmessen - Mors<\/title>\n<meta name=\"robots\" content=\"index, follow, max-snippet:-1, max-image-preview:large, max-video-preview:-1\" \/>\n<link rel=\"canonical\" href=\"https:\/\/kunmedierne.dk\/mors\/moed-kunmors-paa-foraarsmessen\/\" \/>\n<meta property=\"og:locale\" content=\"da_DK\" \/>\n<meta property=\"og:type\" content=\"article\" \/>\n<meta property=\"og:title\" content=\"M\u00f8d KunMors p\u00e5 for\u00e5rsmessen - Mors\" \/>\n<meta property=\"og:description\" content=\"NYK\u00d8BING: Vinterens f\u00f8rste sne er faldet, men for\u00e5ret er lige om hj\u00f8rnet. If\u00f8lge kalenderen sker skiftet i weekenden, og at der er noget om det, viser programmet i Sparekassen Thy Arena Mors. Her st\u00e5r den nemlig p\u00e5 to dage med for\u00e5rsmesse &#8211; som altid med arrang\u00f8r Gunnar Bruhn Simonsen i topform. &#8220;Det bliver en rigtig [&hellip;]\" \/>\n<meta property=\"og:url\" content=\"https:\/\/kunmedierne.dk\/mors\/moed-kunmors-paa-foraarsmessen\/\" \/>\n<meta property=\"og:site_name\" content=\"Mors\" \/>\n<meta property=\"article:published_time\" content=\"2020-02-27T10:46:16+00:00\" \/>\n<meta property=\"article:modified_time\" content=\"2024-08-12T12:06:25+00:00\" \/>\n<meta property=\"og:image\" content=\"https:\/\/kunmedierne.dk\/mors\/wp-content\/uploads\/2020\/02\/200227-for\u00e5rsmesse.jpg\" \/>\n\t<meta property=\"og:image:width\" content=\"770\" \/>\n\t<meta property=\"og:image:height\" content=\"512\" \/>\n\t<meta property=\"og:image:type\" content=\"image\/jpeg\" \/>\n<meta name=\"author\" content=\"David H\u00f8jmark\" \/>\n<meta name=\"twitter:card\" content=\"summary_large_image\" \/>\n<meta name=\"twitter:label1\" content=\"Skrevet af\" \/>\n\t<meta name=\"twitter:data1\" content=\"David H\u00f8jmark\" \/>\n\t<meta name=\"twitter:label2\" content=\"Estimeret l\u00e6setid\" \/>\n\t<meta name=\"twitter:data2\" content=\"2 minutter\" \/>\n<script type=\"application\/ld+json\" class=\"yoast-schema-graph\">{\"@context\":\"https:\/\/schema.org\",\"@graph\":[{\"@type\":\"Article\",\"@id\":\"https:\/\/kunmedierne.dk\/mors\/moed-kunmors-paa-foraarsmessen\/#article\",\"isPartOf\":{\"@id\":\"https:\/\/kunmedierne.dk\/mors\/moed-kunmors-paa-foraarsmessen\/\"},\"author\":{\"name\":\"David H\u00f8jmark\",\"@id\":\"https:\/\/kunmedierne.dk\/mors\/#\/schema\/person\/5fe23251bf1d0abbcdc6f7896579d548\"},\"headline\":\"M\u00f8d KunMors p\u00e5 for\u00e5rsmessen\",\"datePublished\":\"2020-02-27T10:46:16+00:00\",\"dateModified\":\"2024-08-12T12:06:25+00:00\",\"mainEntityOfPage\":{\"@id\":\"https:\/\/kunmedierne.dk\/mors\/moed-kunmors-paa-foraarsmessen\/\"},\"wordCount\":325,\"commentCount\":0,\"publisher\":{\"@id\":\"https:\/\/kunmedierne.dk\/mors\/#organization\"},\"image\":{\"@id\":\"https:\/\/kunmedierne.dk\/mors\/moed-kunmors-paa-foraarsmessen\/#primaryimage\"},\"thumbnailUrl\":\"https:\/\/kunmedierne.dk\/mors\/wp-content\/uploads\/2020\/02\/200227-for\u00e5rsmesse.jpg\",\"keywords\":[\"Erhverv\",\"Handel\"],\"articleSection\":[\"Lokalt\"],\"inLanguage\":\"da-DK\",\"potentialAction\":[{\"@type\":\"CommentAction\",\"name\":\"Comment\",\"target\":[\"https:\/\/kunmedierne.dk\/mors\/moed-kunmors-paa-foraarsmessen\/#respond\"]}]},{\"@type\":\"WebPage\",\"@id\":\"https:\/\/kunmedierne.dk\/mors\/moed-kunmors-paa-foraarsmessen\/\",\"url\":\"https:\/\/kunmedierne.dk\/mors\/moed-kunmors-paa-foraarsmessen\/\",\"name\":\"M\u00f8d KunMors p\u00e5 for\u00e5rsmessen - Mors\",\"isPartOf\":{\"@id\":\"https:\/\/kunmedierne.dk\/mors\/#website\"},\"primaryImageOfPage\":{\"@id\":\"https:\/\/kunmedierne.dk\/mors\/moed-kunmors-paa-foraarsmessen\/#primaryimage\"},\"image\":{\"@id\":\"https:\/\/kunmedierne.dk\/mors\/moed-kunmors-paa-foraarsmessen\/#primaryimage\"},\"thumbnailUrl\":\"https:\/\/kunmedierne.dk\/mors\/wp-content\/uploads\/2020\/02\/200227-for\u00e5rsmesse.jpg\",\"datePublished\":\"2020-02-27T10:46:16+00:00\",\"dateModified\":\"2024-08-12T12:06:25+00:00\",\"breadcrumb\":{\"@id\":\"https:\/\/kunmedierne.dk\/mors\/moed-kunmors-paa-foraarsmessen\/#breadcrumb\"},\"inLanguage\":\"da-DK\",\"potentialAction\":[{\"@type\":\"ReadAction\",\"target\":[\"https:\/\/kunmedierne.dk\/mors\/moed-kunmors-paa-foraarsmessen\/\"]}]},{\"@type\":\"ImageObject\",\"inLanguage\":\"da-DK\",\"@id\":\"https:\/\/kunmedierne.dk\/mors\/moed-kunmors-paa-foraarsmessen\/#primaryimage\",\"url\":\"https:\/\/kunmedierne.dk\/mors\/wp-content\/uploads\/2020\/02\/200227-for\u00e5rsmesse.jpg\",\"contentUrl\":\"https:\/\/kunmedierne.dk\/mors\/wp-content\/uploads\/2020\/02\/200227-for\u00e5rsmesse.jpg\",\"width\":770,\"height\":512,\"caption\":\"For\u00e5rsmessen i Sparekassen Thy Arena Mors er lige om hj\u00f8rnet.\"},{\"@type\":\"BreadcrumbList\",\"@id\":\"https:\/\/kunmedierne.dk\/mors\/moed-kunmors-paa-foraarsmessen\/#breadcrumb\",\"itemListElement\":[{\"@type\":\"ListItem\",\"position\":1,\"name\":\"Hjem\",\"item\":\"https:\/\/kunmedierne.dk\/mors\/\"},{\"@type\":\"ListItem\",\"position\":2,\"name\":\"M\u00f8d KunMors p\u00e5 for\u00e5rsmessen\"}]},{\"@type\":\"WebSite\",\"@id\":\"https:\/\/kunmedierne.dk\/mors\/#website\",\"url\":\"https:\/\/kunmedierne.dk\/mors\/\",\"name\":\"Mors\",\"description\":\"et netmedie med journalistik om livet p\u00e5 Mors\",\"publisher\":{\"@id\":\"https:\/\/kunmedierne.dk\/mors\/#organization\"},\"potentialAction\":[{\"@type\":\"SearchAction\",\"target\":{\"@type\":\"EntryPoint\",\"urlTemplate\":\"https:\/\/kunmedierne.dk\/mors\/?s={search_term_string}\"},\"query-input\":{\"@type\":\"PropertyValueSpecification\",\"valueRequired\":true,\"valueName\":\"search_term_string\"}}],\"inLanguage\":\"da-DK\"},{\"@type\":\"Organization\",\"@id\":\"https:\/\/kunmedierne.dk\/mors\/#organization\",\"name\":\"Mors\",\"url\":\"https:\/\/kunmedierne.dk\/mors\/\",\"logo\":{\"@type\":\"ImageObject\",\"inLanguage\":\"da-DK\",\"@id\":\"https:\/\/kunmedierne.dk\/mors\/#\/schema\/logo\/image\/\",\"url\":\"https:\/\/kunmedierne.dk\/mors\/wp-content\/uploads\/2024\/08\/kunmors-logo.svg\",\"contentUrl\":\"https:\/\/kunmedierne.dk\/mors\/wp-content\/uploads\/2024\/08\/kunmors-logo.svg\",\"caption\":\"Mors\"},\"image\":{\"@id\":\"https:\/\/kunmedierne.dk\/mors\/#\/schema\/logo\/image\/\"}},{\"@type\":\"Person\",\"@id\":\"https:\/\/kunmedierne.dk\/mors\/#\/schema\/person\/5fe23251bf1d0abbcdc6f7896579d548\",\"name\":\"David H\u00f8jmark\",\"image\":{\"@type\":\"ImageObject\",\"inLanguage\":\"da-DK\",\"@id\":\"https:\/\/kunmedierne.dk\/mors\/#\/schema\/person\/image\/\",\"url\":\"https:\/\/secure.gravatar.com\/avatar\/4315d6fb9ef244d729989f5f90268eb08d5bf8a3d84402f595fa194bb35784fd?s=96&d=mm&r=g\",\"contentUrl\":\"https:\/\/secure.gravatar.com\/avatar\/4315d6fb9ef244d729989f5f90268eb08d5bf8a3d84402f595fa194bb35784fd?s=96&d=mm&r=g\",\"caption\":\"David H\u00f8jmark\"},\"sameAs\":[\"https:\/\/www.kunmedierne.dk\"],\"url\":\"https:\/\/kunmedierne.dk\/mors\/author\/david\/\"}]}<\/script>\n<!-- \/ Yoast SEO plugin. -->","yoast_head_json":{"title":"M\u00f8d KunMors p\u00e5 for\u00e5rsmessen - Mors","robots":{"index":"index","follow":"follow","max-snippet":"max-snippet:-1","max-image-preview":"max-image-preview:large","max-video-preview":"max-video-preview:-1"},"canonical":"https:\/\/kunmedierne.dk\/mors\/moed-kunmors-paa-foraarsmessen\/","og_locale":"da_DK","og_type":"article","og_title":"M\u00f8d KunMors p\u00e5 for\u00e5rsmessen - Mors","og_description":"NYK\u00d8BING: Vinterens f\u00f8rste sne er faldet, men for\u00e5ret er lige om hj\u00f8rnet. If\u00f8lge kalenderen sker skiftet i weekenden, og at der er noget om det, viser programmet i Sparekassen Thy Arena Mors. Her st\u00e5r den nemlig p\u00e5 to dage med for\u00e5rsmesse &#8211; som altid med arrang\u00f8r Gunnar Bruhn Simonsen i topform. &#8220;Det bliver en rigtig [&hellip;]","og_url":"https:\/\/kunmedierne.dk\/mors\/moed-kunmors-paa-foraarsmessen\/","og_site_name":"Mors","article_published_time":"2020-02-27T10:46:16+00:00","article_modified_time":"2024-08-12T12:06:25+00:00","og_image":[{"width":770,"height":512,"url":"https:\/\/kunmedierne.dk\/mors\/wp-content\/uploads\/2020\/02\/200227-for\u00e5rsmesse.jpg","type":"image\/jpeg"}],"author":"David H\u00f8jmark","twitter_card":"summary_large_image","twitter_misc":{"Skrevet af":"David H\u00f8jmark","Estimeret l\u00e6setid":"2 minutter"},"schema":{"@context":"https:\/\/schema.org","@graph":[{"@type":"Article","@id":"https:\/\/kunmedierne.dk\/mors\/moed-kunmors-paa-foraarsmessen\/#article","isPartOf":{"@id":"https:\/\/kunmedierne.dk\/mors\/moed-kunmors-paa-foraarsmessen\/"},"author":{"name":"David H\u00f8jmark","@id":"https:\/\/kunmedierne.dk\/mors\/#\/schema\/person\/5fe23251bf1d0abbcdc6f7896579d548"},"headline":"M\u00f8d KunMors p\u00e5 for\u00e5rsmessen","datePublished":"2020-02-27T10:46:16+00:00","dateModified":"2024-08-12T12:06:25+00:00","mainEntityOfPage":{"@id":"https:\/\/kunmedierne.dk\/mors\/moed-kunmors-paa-foraarsmessen\/"},"wordCount":325,"commentCount":0,"publisher":{"@id":"https:\/\/kunmedierne.dk\/mors\/#organization"},"image":{"@id":"https:\/\/kunmedierne.dk\/mors\/moed-kunmors-paa-foraarsmessen\/#primaryimage"},"thumbnailUrl":"https:\/\/kunmedierne.dk\/mors\/wp-content\/uploads\/2020\/02\/200227-for\u00e5rsmesse.jpg","keywords":["Erhverv","Handel"],"articleSection":["Lokalt"],"inLanguage":"da-DK","potentialAction":[{"@type":"CommentAction","name":"Comment","target":["https:\/\/kunmedierne.dk\/mors\/moed-kunmors-paa-foraarsmessen\/#respond"]}]},{"@type":"WebPage","@id":"https:\/\/kunmedierne.dk\/mors\/moed-kunmors-paa-foraarsmessen\/","url":"https:\/\/kunmedierne.dk\/mors\/moed-kunmors-paa-foraarsmessen\/","name":"M\u00f8d KunMors p\u00e5 for\u00e5rsmessen - Mors","isPartOf":{"@id":"https:\/\/kunmedierne.dk\/mors\/#website"},"primaryImageOfPage":{"@id":"https:\/\/kunmedierne.dk\/mors\/moed-kunmors-paa-foraarsmessen\/#primaryimage"},"image":{"@id":"https:\/\/kunmedierne.dk\/mors\/moed-kunmors-paa-foraarsmessen\/#primaryimage"},"thumbnailUrl":"https:\/\/kunmedierne.dk\/mors\/wp-content\/uploads\/2020\/02\/200227-for\u00e5rsmesse.jpg","datePublished":"2020-02-27T10:46:16+00:00","dateModified":"2024-08-12T12:06:25+00:00","breadcrumb":{"@id":"https:\/\/kunmedierne.dk\/mors\/moed-kunmors-paa-foraarsmessen\/#breadcrumb"},"inLanguage":"da-DK","potentialAction":[{"@type":"ReadAction","target":["https:\/\/kunmedierne.dk\/mors\/moed-kunmors-paa-foraarsmessen\/"]}]},{"@type":"ImageObject","inLanguage":"da-DK","@id":"https:\/\/kunmedierne.dk\/mors\/moed-kunmors-paa-foraarsmessen\/#primaryimage","url":"https:\/\/kunmedierne.dk\/mors\/wp-content\/uploads\/2020\/02\/200227-for\u00e5rsmesse.jpg","contentUrl":"https:\/\/kunmedierne.dk\/mors\/wp-content\/uploads\/2020\/02\/200227-for\u00e5rsmesse.jpg","width":770,"height":512,"caption":"For\u00e5rsmessen i Sparekassen Thy Arena Mors er lige om hj\u00f8rnet."},{"@type":"BreadcrumbList","@id":"https:\/\/kunmedierne.dk\/mors\/moed-kunmors-paa-foraarsmessen\/#breadcrumb","itemListElement":[{"@type":"ListItem","position":1,"name":"Hjem","item":"https:\/\/kunmedierne.dk\/mors\/"},{"@type":"ListItem","position":2,"name":"M\u00f8d KunMors p\u00e5 for\u00e5rsmessen"}]},{"@type":"WebSite","@id":"https:\/\/kunmedierne.dk\/mors\/#website","url":"https:\/\/kunmedierne.dk\/mors\/","name":"Mors","description":"et netmedie med journalistik om livet p\u00e5 Mors","publisher":{"@id":"https:\/\/kunmedierne.dk\/mors\/#organization"},"potentialAction":[{"@type":"SearchAction","target":{"@type":"EntryPoint","urlTemplate":"https:\/\/kunmedierne.dk\/mors\/?s={search_term_string}"},"query-input":{"@type":"PropertyValueSpecification","valueRequired":true,"valueName":"search_term_string"}}],"inLanguage":"da-DK"},{"@type":"Organization","@id":"https:\/\/kunmedierne.dk\/mors\/#organization","name":"Mors","url":"https:\/\/kunmedierne.dk\/mors\/","logo":{"@type":"ImageObject","inLanguage":"da-DK","@id":"https:\/\/kunmedierne.dk\/mors\/#\/schema\/logo\/image\/","url":"https:\/\/kunmedierne.dk\/mors\/wp-content\/uploads\/2024\/08\/kunmors-logo.svg","contentUrl":"https:\/\/kunmedierne.dk\/mors\/wp-content\/uploads\/2024\/08\/kunmors-logo.svg","caption":"Mors"},"image":{"@id":"https:\/\/kunmedierne.dk\/mors\/#\/schema\/logo\/image\/"}},{"@type":"Person","@id":"https:\/\/kunmedierne.dk\/mors\/#\/schema\/person\/5fe23251bf1d0abbcdc6f7896579d548","name":"David H\u00f8jmark","image":{"@type":"ImageObject","inLanguage":"da-DK","@id":"https:\/\/kunmedierne.dk\/mors\/#\/schema\/person\/image\/","url":"https:\/\/secure.gravatar.com\/avatar\/4315d6fb9ef244d729989f5f90268eb08d5bf8a3d84402f595fa194bb35784fd?s=96&d=mm&r=g","contentUrl":"https:\/\/secure.gravatar.com\/avatar\/4315d6fb9ef244d729989f5f90268eb08d5bf8a3d84402f595fa194bb35784fd?s=96&d=mm&r=g","caption":"David H\u00f8jmark"},"sameAs":["https:\/\/www.kunmedierne.dk"],"url":"https:\/\/kunmedierne.dk\/mors\/author\/david\/"}]}},"_links":{"self":[{"href":"https:\/\/kunmedierne.dk\/mors\/wp-json\/wp\/v2\/posts\/9341","targetHints":{"allow":["GET"]}}],"collection":[{"href":"https:\/\/kunmedierne.dk\/mors\/wp-json\/wp\/v2\/posts"}],"about":[{"href":"https:\/\/kunmedierne.dk\/mors\/wp-json\/wp\/v2\/types\/post"}],"author":[{"embeddable":true,"href":"https:\/\/kunmedierne.dk\/mors\/wp-json\/wp\/v2\/users\/8"}],"replies":[{"embeddable":true,"href":"https:\/\/kunmedierne.dk\/mors\/wp-json\/wp\/v2\/comments?post=9341"}],"version-history":[{"count":8,"href":"https:\/\/kunmedierne.dk\/mors\/wp-json\/wp\/v2\/posts\/9341\/revisions"}],"predecessor-version":[{"id":9611,"href":"https:\/\/kunmedierne.dk\/mors\/wp-json\/wp\/v2\/posts\/9341\/revisions\/9611"}],"wp:featuredmedia":[{"embeddable":true,"href":"https:\/\/kunmedierne.dk\/mors\/wp-json\/wp\/v2\/media\/9347"}],"wp:attachment":[{"href":"https:\/\/kunmedierne.dk\/mors\/wp-json\/wp\/v2\/media?parent=9341"}],"wp:term":[{"taxonomy":"category","embeddable":true,"href":"https:\/\/kunmedierne.dk\/mors\/wp-json\/wp\/v2\/categories?post=9341"},{"taxonomy":"post_tag","embeddable":true,"href":"https:\/\/kunmedierne.dk\/mors\/wp-json\/wp\/v2\/tags?post=9341"}],"curies":[{"name":"wp","href":"https:\/\/api.w.org\/{rel}","templated":true}]}}