{"id":9327,"date":"2020-02-27T09:35:10","date_gmt":"2020-02-27T08:35:10","guid":{"rendered":"https:\/\/kunmedierne.dk\/mors\/?p=9327"},"modified":"2024-08-12T14:06:25","modified_gmt":"2024-08-12T12:06:25","slug":"roen-saenker-sig-over-erslev-kaer-saadan-da","status":"publish","type":"post","link":"https:\/\/kunmedierne.dk\/mors\/roen-saenker-sig-over-erslev-kaer-saadan-da\/","title":{"rendered":"Roen s\u00e6nker sig over Erslev K\u00e6r &#8211; s\u00e5dan da&#8230;"},"content":{"rendered":"<p><strong>ERSLEV<\/strong>: Den v\u00e6rste frustration har lagt sig, og sindene er ikke l\u00e6ngere helt oppe i kog hos borgerne i Erslev og omegn.<\/p>\n<p>Det vurderer Johnny Vestergaard, nyvalgt formand for Erslev Beboer- &amp; Erhvervsforening oven p\u00e5 onsdag aftens generalforsamling, der var pr\u00e6get af den seneste tids uro omkring adgangen til Erslev K\u00e6r.<\/p>\n<p>For nylig blev den offentlige adgang til v\u00e5domr\u00e5det begr\u00e6nset med ops\u00e6tning af en r\u00e6kke skilte p\u00e5 vejene. De forb\u00f8d indk\u00f8rsel med motork\u00f8ret\u00f8jer, med mindre der var tale om arbejdsrelateret k\u00f8rsel. Det fik utilfredsheden frem i lys lue, og blandt andet p\u00e5 Facebook var der harmdirrende reaktioner p\u00e5 den indskr\u00e6nkede adgang.<\/p>\n<p>Men siden blev skiltningen \u00e6ndret til at tillade \u00e6rindek\u00f8rsel, og Johnny Vestergaard vurderer, at det har v\u00e6ret med til at d\u00e6mpe gemytterne.<\/p>\n<p>&#8220;De f\u00f8rste skilte var en fejl fra kommunen,&#8221; konstaterer han og supplerer, at deltagelsen p\u00e5 onsdagens generalforsamling fra en af lodsejerne, Lars M\u00f8rch, ogs\u00e5 var med til at \u00f8ge forst\u00e5elsen for, at lodsejerne ikke har gjort noget galt.<\/p>\n<p>&#8220;Alt er sket fuldst\u00e6ndig efter lov og regler,&#8221; siger Johnny Vestergaard og tilf\u00f8jer, at Erslev Beboer &amp; Erhvervsforening p\u00e5 den baggrund ikke vil g\u00f8re mere ved sagen.<\/p>\n<p>&nbsp;<\/p>\n<p><strong>Underskriftsindsamling p\u00e5 vej<\/strong><\/p>\n<p>Men det vil andre tilsyneladende. For selv om man kan sige, at uroen er d\u00e6mpet, er den ikke helt forsvundet. Johnny Vestergaard oplyser, at en r\u00e6kke borgere nu p\u00e5 egen h\u00e5nd og uden om den lokale beboerforening vil iv\u00e6rks\u00e6tte en underskriftsindsamling med det form\u00e5l at f\u00e5 Mors\u00f8 Kommune til at p\u00e5tage sig forpligtelserne til at vedligeholde de veje, der f\u00f8rer ned mod Erslev K\u00e6r.<\/p>\n<p>&#8220;Nu har de brugt 56 millioner kroner p\u00e5 at f\u00e5 vand og fugle derned. Hvorfor s\u00e5 ikke bruge lidt mere, s\u00e5 folk ogs\u00e5 kan komme ned og se det?&#8221; siger Johnny Vestergaard.<\/p>\n<p>Han overtog formandsposten i Erslev Beboer- &amp; Erhvervsforening fra Peter Riis, der ikke \u00f8nskede at forts\u00e6tte, men forbliver i bestyrelsen som sekret\u00e6r. Anders Salquist er n\u00e6stformand, Rasmus Kokkedal kasserer, mens bestyrelsens femte medlem er Pia Bull.<\/p>\n<p>&nbsp;<\/p>\n","protected":false},"excerpt":{"rendered":"<p>ERSLEV: Den v\u00e6rste frustration har lagt sig, og sindene er ikke l\u00e6ngere helt oppe i kog hos borgerne i Erslev og omegn. Det vurderer Johnny Vestergaard, nyvalgt formand for Erslev Beboer- &amp; Erhvervsforening oven p\u00e5 onsdag aftens generalforsamling, der var pr\u00e6get af den seneste tids uro omkring adgangen til Erslev K\u00e6r. For nylig blev den [&hellip;]<\/p>\n","protected":false},"author":8,"featured_media":8538,"comment_status":"open","ping_status":"open","sticky":false,"template":"","format":"standard","meta":{"_acf_changed":false,"footnotes":""},"categories":[51],"tags":[],"class_list":["post-9327","post","type-post","status-publish","format-standard","has-post-thumbnail","hentry","category-lokalt"],"acf":[],"yoast_head":"<!-- This site is optimized with the Yoast SEO plugin v26.8 - https:\/\/yoast.com\/product\/yoast-seo-wordpress\/ -->\n<title>Roen s\u00e6nker sig over Erslev K\u00e6r - s\u00e5dan da... - Mors<\/title>\n<meta name=\"robots\" content=\"index, follow, max-snippet:-1, max-image-preview:large, max-video-preview:-1\" \/>\n<link rel=\"canonical\" href=\"https:\/\/kunmedierne.dk\/mors\/roen-saenker-sig-over-erslev-kaer-saadan-da\/\" \/>\n<meta property=\"og:locale\" content=\"da_DK\" \/>\n<meta property=\"og:type\" content=\"article\" \/>\n<meta property=\"og:title\" content=\"Roen s\u00e6nker sig over Erslev K\u00e6r - s\u00e5dan da... - Mors\" \/>\n<meta property=\"og:description\" content=\"ERSLEV: Den v\u00e6rste frustration har lagt sig, og sindene er ikke l\u00e6ngere helt oppe i kog hos borgerne i Erslev og omegn. Det vurderer Johnny Vestergaard, nyvalgt formand for Erslev Beboer- &amp; Erhvervsforening oven p\u00e5 onsdag aftens generalforsamling, der var pr\u00e6get af den seneste tids uro omkring adgangen til Erslev K\u00e6r. For nylig blev den [&hellip;]\" \/>\n<meta property=\"og:url\" content=\"https:\/\/kunmedierne.dk\/mors\/roen-saenker-sig-over-erslev-kaer-saadan-da\/\" \/>\n<meta property=\"og:site_name\" content=\"Mors\" \/>\n<meta property=\"article:published_time\" content=\"2020-02-27T08:35:10+00:00\" \/>\n<meta property=\"article:modified_time\" content=\"2024-08-12T12:06:25+00:00\" \/>\n<meta property=\"og:image\" content=\"https:\/\/kunmedierne.dk\/mors\/wp-content\/uploads\/2020\/02\/200221-erslev-k\u00e6r-henny-hansen.jpg\" \/>\n\t<meta property=\"og:image:width\" content=\"770\" \/>\n\t<meta property=\"og:image:height\" content=\"513\" \/>\n\t<meta property=\"og:image:type\" content=\"image\/jpeg\" \/>\n<meta name=\"author\" content=\"David H\u00f8jmark\" \/>\n<meta name=\"twitter:card\" content=\"summary_large_image\" \/>\n<meta name=\"twitter:label1\" content=\"Skrevet af\" \/>\n\t<meta name=\"twitter:data1\" content=\"David H\u00f8jmark\" \/>\n\t<meta name=\"twitter:label2\" content=\"Estimeret l\u00e6setid\" \/>\n\t<meta name=\"twitter:data2\" content=\"2 minutter\" \/>\n<script type=\"application\/ld+json\" class=\"yoast-schema-graph\">{\"@context\":\"https:\/\/schema.org\",\"@graph\":[{\"@type\":\"Article\",\"@id\":\"https:\/\/kunmedierne.dk\/mors\/roen-saenker-sig-over-erslev-kaer-saadan-da\/#article\",\"isPartOf\":{\"@id\":\"https:\/\/kunmedierne.dk\/mors\/roen-saenker-sig-over-erslev-kaer-saadan-da\/\"},\"author\":{\"name\":\"David H\u00f8jmark\",\"@id\":\"https:\/\/kunmedierne.dk\/mors\/#\/schema\/person\/5fe23251bf1d0abbcdc6f7896579d548\"},\"headline\":\"Roen s\u00e6nker sig over Erslev K\u00e6r &#8211; s\u00e5dan da&#8230;\",\"datePublished\":\"2020-02-27T08:35:10+00:00\",\"dateModified\":\"2024-08-12T12:06:25+00:00\",\"mainEntityOfPage\":{\"@id\":\"https:\/\/kunmedierne.dk\/mors\/roen-saenker-sig-over-erslev-kaer-saadan-da\/\"},\"wordCount\":372,\"commentCount\":0,\"publisher\":{\"@id\":\"https:\/\/kunmedierne.dk\/mors\/#organization\"},\"image\":{\"@id\":\"https:\/\/kunmedierne.dk\/mors\/roen-saenker-sig-over-erslev-kaer-saadan-da\/#primaryimage\"},\"thumbnailUrl\":\"https:\/\/kunmedierne.dk\/mors\/wp-content\/uploads\/2020\/02\/200221-erslev-k\u00e6r-henny-hansen.jpg\",\"articleSection\":[\"Lokalt\"],\"inLanguage\":\"da-DK\",\"potentialAction\":[{\"@type\":\"CommentAction\",\"name\":\"Comment\",\"target\":[\"https:\/\/kunmedierne.dk\/mors\/roen-saenker-sig-over-erslev-kaer-saadan-da\/#respond\"]}]},{\"@type\":\"WebPage\",\"@id\":\"https:\/\/kunmedierne.dk\/mors\/roen-saenker-sig-over-erslev-kaer-saadan-da\/\",\"url\":\"https:\/\/kunmedierne.dk\/mors\/roen-saenker-sig-over-erslev-kaer-saadan-da\/\",\"name\":\"Roen s\u00e6nker sig over Erslev K\u00e6r - s\u00e5dan da... - Mors\",\"isPartOf\":{\"@id\":\"https:\/\/kunmedierne.dk\/mors\/#website\"},\"primaryImageOfPage\":{\"@id\":\"https:\/\/kunmedierne.dk\/mors\/roen-saenker-sig-over-erslev-kaer-saadan-da\/#primaryimage\"},\"image\":{\"@id\":\"https:\/\/kunmedierne.dk\/mors\/roen-saenker-sig-over-erslev-kaer-saadan-da\/#primaryimage\"},\"thumbnailUrl\":\"https:\/\/kunmedierne.dk\/mors\/wp-content\/uploads\/2020\/02\/200221-erslev-k\u00e6r-henny-hansen.jpg\",\"datePublished\":\"2020-02-27T08:35:10+00:00\",\"dateModified\":\"2024-08-12T12:06:25+00:00\",\"breadcrumb\":{\"@id\":\"https:\/\/kunmedierne.dk\/mors\/roen-saenker-sig-over-erslev-kaer-saadan-da\/#breadcrumb\"},\"inLanguage\":\"da-DK\",\"potentialAction\":[{\"@type\":\"ReadAction\",\"target\":[\"https:\/\/kunmedierne.dk\/mors\/roen-saenker-sig-over-erslev-kaer-saadan-da\/\"]}]},{\"@type\":\"ImageObject\",\"inLanguage\":\"da-DK\",\"@id\":\"https:\/\/kunmedierne.dk\/mors\/roen-saenker-sig-over-erslev-kaer-saadan-da\/#primaryimage\",\"url\":\"https:\/\/kunmedierne.dk\/mors\/wp-content\/uploads\/2020\/02\/200221-erslev-k\u00e6r-henny-hansen.jpg\",\"contentUrl\":\"https:\/\/kunmedierne.dk\/mors\/wp-content\/uploads\/2020\/02\/200221-erslev-k\u00e6r-henny-hansen.jpg\",\"width\":770,\"height\":513,\"caption\":\"Et af Henny Hansens billeder fra turen, der blotlagde de nye skilte. Nu er \\\"arbejdsk\u00f8rsel tilladt\\\" \u00e6ndret til \\\"\u00e6rindek\u00f8rsel tilladt\\\". Foto: Henny Hansen.\"},{\"@type\":\"BreadcrumbList\",\"@id\":\"https:\/\/kunmedierne.dk\/mors\/roen-saenker-sig-over-erslev-kaer-saadan-da\/#breadcrumb\",\"itemListElement\":[{\"@type\":\"ListItem\",\"position\":1,\"name\":\"Hjem\",\"item\":\"https:\/\/kunmedierne.dk\/mors\/\"},{\"@type\":\"ListItem\",\"position\":2,\"name\":\"Roen s\u00e6nker sig over Erslev K\u00e6r &#8211; s\u00e5dan da&#8230;\"}]},{\"@type\":\"WebSite\",\"@id\":\"https:\/\/kunmedierne.dk\/mors\/#website\",\"url\":\"https:\/\/kunmedierne.dk\/mors\/\",\"name\":\"Mors\",\"description\":\"et netmedie med journalistik om livet p\u00e5 Mors\",\"publisher\":{\"@id\":\"https:\/\/kunmedierne.dk\/mors\/#organization\"},\"potentialAction\":[{\"@type\":\"SearchAction\",\"target\":{\"@type\":\"EntryPoint\",\"urlTemplate\":\"https:\/\/kunmedierne.dk\/mors\/?s={search_term_string}\"},\"query-input\":{\"@type\":\"PropertyValueSpecification\",\"valueRequired\":true,\"valueName\":\"search_term_string\"}}],\"inLanguage\":\"da-DK\"},{\"@type\":\"Organization\",\"@id\":\"https:\/\/kunmedierne.dk\/mors\/#organization\",\"name\":\"Mors\",\"url\":\"https:\/\/kunmedierne.dk\/mors\/\",\"logo\":{\"@type\":\"ImageObject\",\"inLanguage\":\"da-DK\",\"@id\":\"https:\/\/kunmedierne.dk\/mors\/#\/schema\/logo\/image\/\",\"url\":\"https:\/\/kunmedierne.dk\/mors\/wp-content\/uploads\/2024\/08\/kunmors-logo.svg\",\"contentUrl\":\"https:\/\/kunmedierne.dk\/mors\/wp-content\/uploads\/2024\/08\/kunmors-logo.svg\",\"caption\":\"Mors\"},\"image\":{\"@id\":\"https:\/\/kunmedierne.dk\/mors\/#\/schema\/logo\/image\/\"}},{\"@type\":\"Person\",\"@id\":\"https:\/\/kunmedierne.dk\/mors\/#\/schema\/person\/5fe23251bf1d0abbcdc6f7896579d548\",\"name\":\"David H\u00f8jmark\",\"image\":{\"@type\":\"ImageObject\",\"inLanguage\":\"da-DK\",\"@id\":\"https:\/\/kunmedierne.dk\/mors\/#\/schema\/person\/image\/\",\"url\":\"https:\/\/secure.gravatar.com\/avatar\/4315d6fb9ef244d729989f5f90268eb08d5bf8a3d84402f595fa194bb35784fd?s=96&d=mm&r=g\",\"contentUrl\":\"https:\/\/secure.gravatar.com\/avatar\/4315d6fb9ef244d729989f5f90268eb08d5bf8a3d84402f595fa194bb35784fd?s=96&d=mm&r=g\",\"caption\":\"David H\u00f8jmark\"},\"sameAs\":[\"https:\/\/www.kunmedierne.dk\"],\"url\":\"https:\/\/kunmedierne.dk\/mors\/author\/david\/\"}]}<\/script>\n<!-- \/ Yoast SEO plugin. -->","yoast_head_json":{"title":"Roen s\u00e6nker sig over Erslev K\u00e6r - s\u00e5dan da... - Mors","robots":{"index":"index","follow":"follow","max-snippet":"max-snippet:-1","max-image-preview":"max-image-preview:large","max-video-preview":"max-video-preview:-1"},"canonical":"https:\/\/kunmedierne.dk\/mors\/roen-saenker-sig-over-erslev-kaer-saadan-da\/","og_locale":"da_DK","og_type":"article","og_title":"Roen s\u00e6nker sig over Erslev K\u00e6r - s\u00e5dan da... - Mors","og_description":"ERSLEV: Den v\u00e6rste frustration har lagt sig, og sindene er ikke l\u00e6ngere helt oppe i kog hos borgerne i Erslev og omegn. Det vurderer Johnny Vestergaard, nyvalgt formand for Erslev Beboer- &amp; Erhvervsforening oven p\u00e5 onsdag aftens generalforsamling, der var pr\u00e6get af den seneste tids uro omkring adgangen til Erslev K\u00e6r. For nylig blev den [&hellip;]","og_url":"https:\/\/kunmedierne.dk\/mors\/roen-saenker-sig-over-erslev-kaer-saadan-da\/","og_site_name":"Mors","article_published_time":"2020-02-27T08:35:10+00:00","article_modified_time":"2024-08-12T12:06:25+00:00","og_image":[{"width":770,"height":513,"url":"https:\/\/kunmedierne.dk\/mors\/wp-content\/uploads\/2020\/02\/200221-erslev-k\u00e6r-henny-hansen.jpg","type":"image\/jpeg"}],"author":"David H\u00f8jmark","twitter_card":"summary_large_image","twitter_misc":{"Skrevet af":"David H\u00f8jmark","Estimeret l\u00e6setid":"2 minutter"},"schema":{"@context":"https:\/\/schema.org","@graph":[{"@type":"Article","@id":"https:\/\/kunmedierne.dk\/mors\/roen-saenker-sig-over-erslev-kaer-saadan-da\/#article","isPartOf":{"@id":"https:\/\/kunmedierne.dk\/mors\/roen-saenker-sig-over-erslev-kaer-saadan-da\/"},"author":{"name":"David H\u00f8jmark","@id":"https:\/\/kunmedierne.dk\/mors\/#\/schema\/person\/5fe23251bf1d0abbcdc6f7896579d548"},"headline":"Roen s\u00e6nker sig over Erslev K\u00e6r &#8211; s\u00e5dan da&#8230;","datePublished":"2020-02-27T08:35:10+00:00","dateModified":"2024-08-12T12:06:25+00:00","mainEntityOfPage":{"@id":"https:\/\/kunmedierne.dk\/mors\/roen-saenker-sig-over-erslev-kaer-saadan-da\/"},"wordCount":372,"commentCount":0,"publisher":{"@id":"https:\/\/kunmedierne.dk\/mors\/#organization"},"image":{"@id":"https:\/\/kunmedierne.dk\/mors\/roen-saenker-sig-over-erslev-kaer-saadan-da\/#primaryimage"},"thumbnailUrl":"https:\/\/kunmedierne.dk\/mors\/wp-content\/uploads\/2020\/02\/200221-erslev-k\u00e6r-henny-hansen.jpg","articleSection":["Lokalt"],"inLanguage":"da-DK","potentialAction":[{"@type":"CommentAction","name":"Comment","target":["https:\/\/kunmedierne.dk\/mors\/roen-saenker-sig-over-erslev-kaer-saadan-da\/#respond"]}]},{"@type":"WebPage","@id":"https:\/\/kunmedierne.dk\/mors\/roen-saenker-sig-over-erslev-kaer-saadan-da\/","url":"https:\/\/kunmedierne.dk\/mors\/roen-saenker-sig-over-erslev-kaer-saadan-da\/","name":"Roen s\u00e6nker sig over Erslev K\u00e6r - s\u00e5dan da... - Mors","isPartOf":{"@id":"https:\/\/kunmedierne.dk\/mors\/#website"},"primaryImageOfPage":{"@id":"https:\/\/kunmedierne.dk\/mors\/roen-saenker-sig-over-erslev-kaer-saadan-da\/#primaryimage"},"image":{"@id":"https:\/\/kunmedierne.dk\/mors\/roen-saenker-sig-over-erslev-kaer-saadan-da\/#primaryimage"},"thumbnailUrl":"https:\/\/kunmedierne.dk\/mors\/wp-content\/uploads\/2020\/02\/200221-erslev-k\u00e6r-henny-hansen.jpg","datePublished":"2020-02-27T08:35:10+00:00","dateModified":"2024-08-12T12:06:25+00:00","breadcrumb":{"@id":"https:\/\/kunmedierne.dk\/mors\/roen-saenker-sig-over-erslev-kaer-saadan-da\/#breadcrumb"},"inLanguage":"da-DK","potentialAction":[{"@type":"ReadAction","target":["https:\/\/kunmedierne.dk\/mors\/roen-saenker-sig-over-erslev-kaer-saadan-da\/"]}]},{"@type":"ImageObject","inLanguage":"da-DK","@id":"https:\/\/kunmedierne.dk\/mors\/roen-saenker-sig-over-erslev-kaer-saadan-da\/#primaryimage","url":"https:\/\/kunmedierne.dk\/mors\/wp-content\/uploads\/2020\/02\/200221-erslev-k\u00e6r-henny-hansen.jpg","contentUrl":"https:\/\/kunmedierne.dk\/mors\/wp-content\/uploads\/2020\/02\/200221-erslev-k\u00e6r-henny-hansen.jpg","width":770,"height":513,"caption":"Et af Henny Hansens billeder fra turen, der blotlagde de nye skilte. Nu er \"arbejdsk\u00f8rsel tilladt\" \u00e6ndret til \"\u00e6rindek\u00f8rsel tilladt\". Foto: Henny Hansen."},{"@type":"BreadcrumbList","@id":"https:\/\/kunmedierne.dk\/mors\/roen-saenker-sig-over-erslev-kaer-saadan-da\/#breadcrumb","itemListElement":[{"@type":"ListItem","position":1,"name":"Hjem","item":"https:\/\/kunmedierne.dk\/mors\/"},{"@type":"ListItem","position":2,"name":"Roen s\u00e6nker sig over Erslev K\u00e6r &#8211; s\u00e5dan da&#8230;"}]},{"@type":"WebSite","@id":"https:\/\/kunmedierne.dk\/mors\/#website","url":"https:\/\/kunmedierne.dk\/mors\/","name":"Mors","description":"et netmedie med journalistik om livet p\u00e5 Mors","publisher":{"@id":"https:\/\/kunmedierne.dk\/mors\/#organization"},"potentialAction":[{"@type":"SearchAction","target":{"@type":"EntryPoint","urlTemplate":"https:\/\/kunmedierne.dk\/mors\/?s={search_term_string}"},"query-input":{"@type":"PropertyValueSpecification","valueRequired":true,"valueName":"search_term_string"}}],"inLanguage":"da-DK"},{"@type":"Organization","@id":"https:\/\/kunmedierne.dk\/mors\/#organization","name":"Mors","url":"https:\/\/kunmedierne.dk\/mors\/","logo":{"@type":"ImageObject","inLanguage":"da-DK","@id":"https:\/\/kunmedierne.dk\/mors\/#\/schema\/logo\/image\/","url":"https:\/\/kunmedierne.dk\/mors\/wp-content\/uploads\/2024\/08\/kunmors-logo.svg","contentUrl":"https:\/\/kunmedierne.dk\/mors\/wp-content\/uploads\/2024\/08\/kunmors-logo.svg","caption":"Mors"},"image":{"@id":"https:\/\/kunmedierne.dk\/mors\/#\/schema\/logo\/image\/"}},{"@type":"Person","@id":"https:\/\/kunmedierne.dk\/mors\/#\/schema\/person\/5fe23251bf1d0abbcdc6f7896579d548","name":"David H\u00f8jmark","image":{"@type":"ImageObject","inLanguage":"da-DK","@id":"https:\/\/kunmedierne.dk\/mors\/#\/schema\/person\/image\/","url":"https:\/\/secure.gravatar.com\/avatar\/4315d6fb9ef244d729989f5f90268eb08d5bf8a3d84402f595fa194bb35784fd?s=96&d=mm&r=g","contentUrl":"https:\/\/secure.gravatar.com\/avatar\/4315d6fb9ef244d729989f5f90268eb08d5bf8a3d84402f595fa194bb35784fd?s=96&d=mm&r=g","caption":"David H\u00f8jmark"},"sameAs":["https:\/\/www.kunmedierne.dk"],"url":"https:\/\/kunmedierne.dk\/mors\/author\/david\/"}]}},"_links":{"self":[{"href":"https:\/\/kunmedierne.dk\/mors\/wp-json\/wp\/v2\/posts\/9327","targetHints":{"allow":["GET"]}}],"collection":[{"href":"https:\/\/kunmedierne.dk\/mors\/wp-json\/wp\/v2\/posts"}],"about":[{"href":"https:\/\/kunmedierne.dk\/mors\/wp-json\/wp\/v2\/types\/post"}],"author":[{"embeddable":true,"href":"https:\/\/kunmedierne.dk\/mors\/wp-json\/wp\/v2\/users\/8"}],"replies":[{"embeddable":true,"href":"https:\/\/kunmedierne.dk\/mors\/wp-json\/wp\/v2\/comments?post=9327"}],"version-history":[{"count":2,"href":"https:\/\/kunmedierne.dk\/mors\/wp-json\/wp\/v2\/posts\/9327\/revisions"}],"predecessor-version":[{"id":9482,"href":"https:\/\/kunmedierne.dk\/mors\/wp-json\/wp\/v2\/posts\/9327\/revisions\/9482"}],"wp:featuredmedia":[{"embeddable":true,"href":"https:\/\/kunmedierne.dk\/mors\/wp-json\/wp\/v2\/media\/8538"}],"wp:attachment":[{"href":"https:\/\/kunmedierne.dk\/mors\/wp-json\/wp\/v2\/media?parent=9327"}],"wp:term":[{"taxonomy":"category","embeddable":true,"href":"https:\/\/kunmedierne.dk\/mors\/wp-json\/wp\/v2\/categories?post=9327"},{"taxonomy":"post_tag","embeddable":true,"href":"https:\/\/kunmedierne.dk\/mors\/wp-json\/wp\/v2\/tags?post=9327"}],"curies":[{"name":"wp","href":"https:\/\/api.w.org\/{rel}","templated":true}]}}