{"id":93207,"date":"2023-05-02T22:06:50","date_gmt":"2023-05-02T20:06:50","guid":{"rendered":"https:\/\/kunmedierne.dk\/mors\/?p=93207"},"modified":"2024-08-12T13:18:13","modified_gmt":"2024-08-12T11:18:13","slug":"kulturmoedet-praesenterer-anmelderroste-forfattere","status":"publish","type":"post","link":"https:\/\/kunmedierne.dk\/mors\/kulturmoedet-praesenterer-anmelderroste-forfattere\/","title":{"rendered":"Kulturm\u00f8det pr\u00e6senterer anmelderroste forfattere"},"content":{"rendered":"<p><strong>KULTURM\u00d8DET<\/strong>: Der er n\u00e6sten fire m\u00e5neder til Kulturm\u00f8det Mors, men allerede nu kan man se frem til indhold med fylde.<\/p>\n<p>Som altid venter et program med st\u00e6rke forfattere, der blandt andet kommer til Mors for at diskutere samfundet. Og seneste har Kulturm\u00f8et pr\u00e6senteret anmelderroste og markante forfattere til \u00e5rets program.<\/p>\n<a class=\"dvrt-link\" onClick=\"cdmtrack_click(104783,jQuery(this));return false\" href=\"https:\/\/konpap.dk\/\"><img decoding=\"async\" style=\"width:100%;\" src=\"https:\/\/kunmedierne.dk\/mors\/wp-content\/uploads\/2023\/10\/Kun-Mors-banner.jpg\"><\/a><script>cdmtrack_view(104783);<\/script>\n<p>&#8220;Vi har inviteret en r\u00e6kke forfattere, der p\u00e5 hver deres m\u00e5de giver en stemme til de mennesker, som vi ofte taler om, men sj\u00e6ldent med. Det er forfattere, der t\u00f8r starte den n\u00f8dvendige samtale om sv\u00e6re temaer, de bryder tabuer og insisterer p\u00e5 at blive h\u00f8rt &#8211; og gudskelov for det,&#8221; lyder det i en pressemeddelelse fra Kulturm\u00f8det Mors.<\/p>\n<p>Den pr\u00e6senterer seks af \u00e5rets deltagere s\u00e5dan:<\/p>\n<p><strong>&#8220;<\/strong>Glenn Bech\u00a0raser mod privilegieblindhed i sit manifest &#8216;Jeg anerkender ikke l\u00e6ngere jeres autoritet&#8217; (2022),\u00a0Anna Juul\u00a0har skrevet en hudl\u00f8st \u00e6rligt bog &#8220;Superskurk&#8221; (2023) om at leve med psykisk sygdom, og viser, at det gode liv ikke altid er \u00e9t, man kan g\u00f8re sig fortjent til. Forfatter\u00a0Caspar Eric\u00a0har cerebral parese og giver i sin aktuelle digtsamling &#8216;Nye balancer&#8217; (2023) et n\u00f8dvendigt indblik i, hvordan det er at leve med en handicappet krop i et samfund, der ser den anden vej.<\/p>\n<a class=\"dvrt-link\" onClick=\"cdmtrack_click(104787,jQuery(this));return false\" href=\"https:\/\/www.jyskebank.dk\/kontakt\/afdelingsinfo?departmentid=11890\"><img decoding=\"async\" style=\"width:100%;\" src=\"https:\/\/kunmedierne.dk\/mors\/wp-content\/uploads\/2023\/10\/260325JyskeBankMorsNy-1.jpg\"><\/a><script>cdmtrack_view(104787);<\/script>\n<p>Zakiya Ajmi\u00a0skriver i &#8216;Delvist M\u00f8bleret&#8217; (2022) om en r\u00e6kke privilegiel\u00f8se mennesker, der konstant bliver indhentet af deres fortid.\u00a0Kristian Leth insisterer p\u00e5 en verden fuld af h\u00e5b midt i en klimakrise, og er aktuel med &#8216;Fremtiden er der ogs\u00e5 i morgen&#8217; (2023), mens\u00a0Kim Bl\u00e6sbjerg\u00a0med bogen &#8216;De bedste familier&#8217; (2023) g\u00e5r t\u00e6t p\u00e5 tavshedskultur\u00a0i Vestjylland, og en af danmarkshistoriens st\u00f8rste milj\u00f8skandaler p\u00e5 kemifabrikken Cheminova i 1950\u00b4erne.&#8221;<\/p>\n<p>Kulturm\u00f8det Mors 2023 finder sted i dagene 24.-26. august.<\/p>\n<h5>L\u00c6S OGS\u00c5:<\/h5>\n<h5>14\/12-2022: <a href=\"https:\/\/kunmedierne.dk\/mors\/kulturmoedet-2023-fejrer-10-aars-jubilaeum-med-ambitioest-nordisk-program\/\">Kulturm\u00f8det 2023 fejrer 10 \u00e5rs-jubil\u00e6um med ambiti\u00f8st nordisk program<\/a><\/h5>\n<h5>24\/4-2023: <a href=\"https:\/\/kunmedierne.dk\/mors\/borgmester-om-ekstra-million-kulturmoedet-har-bevist-sig-selv\/\">Borgmester om ekstra million: Kulturm\u00f8det har bevist sig selv<\/a><\/h5>\n<h5>25\/4-2023: <a href=\"https:\/\/kunmedierne.dk\/mors\/de-foerste-navne-er-klar-til-aarets-kulturmoede\/\">De f\u00f8rste navne er klar til \u00e5rets Kulturm\u00f8de<\/a><\/h5>\n","protected":false},"excerpt":{"rendered":"<p>KULTURM\u00d8DET: Der er n\u00e6sten fire m\u00e5neder til Kulturm\u00f8det Mors, men allerede nu kan man se frem til indhold med fylde. Som altid venter et program med st\u00e6rke forfattere, der blandt andet kommer til Mors for at diskutere samfundet. Og seneste har Kulturm\u00f8et pr\u00e6senteret anmelderroste og markante forfattere til \u00e5rets program. &#8220;Vi har inviteret en r\u00e6kke [&hellip;]<\/p>\n","protected":false},"author":8,"featured_media":94102,"comment_status":"closed","ping_status":"open","sticky":false,"template":"","format":"standard","meta":{"_acf_changed":false,"footnotes":""},"categories":[49],"tags":[162],"class_list":["post-93207","post","type-post","status-publish","format-standard","has-post-thumbnail","hentry","category-kultur","tag-kulturmoedet"],"acf":[],"yoast_head":"<!-- This site is optimized with the Yoast SEO plugin v26.8 - https:\/\/yoast.com\/product\/yoast-seo-wordpress\/ -->\n<title>Kulturm\u00f8det pr\u00e6senterer anmelderroste forfattere - Mors<\/title>\n<meta name=\"robots\" content=\"index, follow, max-snippet:-1, max-image-preview:large, max-video-preview:-1\" \/>\n<link rel=\"canonical\" href=\"https:\/\/kunmedierne.dk\/mors\/kulturmoedet-praesenterer-anmelderroste-forfattere\/\" \/>\n<meta property=\"og:locale\" content=\"da_DK\" \/>\n<meta property=\"og:type\" content=\"article\" \/>\n<meta property=\"og:title\" content=\"Kulturm\u00f8det pr\u00e6senterer anmelderroste forfattere - Mors\" \/>\n<meta property=\"og:description\" content=\"KULTURM\u00d8DET: Der er n\u00e6sten fire m\u00e5neder til Kulturm\u00f8det Mors, men allerede nu kan man se frem til indhold med fylde. Som altid venter et program med st\u00e6rke forfattere, der blandt andet kommer til Mors for at diskutere samfundet. Og seneste har Kulturm\u00f8et pr\u00e6senteret anmelderroste og markante forfattere til \u00e5rets program. &#8220;Vi har inviteret en r\u00e6kke [&hellip;]\" \/>\n<meta property=\"og:url\" content=\"https:\/\/kunmedierne.dk\/mors\/kulturmoedet-praesenterer-anmelderroste-forfattere\/\" \/>\n<meta property=\"og:site_name\" content=\"Mors\" \/>\n<meta property=\"article:published_time\" content=\"2023-05-02T20:06:50+00:00\" \/>\n<meta property=\"article:modified_time\" content=\"2024-08-12T11:18:13+00:00\" \/>\n<meta property=\"og:image\" content=\"https:\/\/kunmedierne.dk\/mors\/wp-content\/uploads\/2023\/05\/kristian-leth.jpg\" \/>\n\t<meta property=\"og:image:width\" content=\"770\" \/>\n\t<meta property=\"og:image:height\" content=\"433\" \/>\n\t<meta property=\"og:image:type\" content=\"image\/jpeg\" \/>\n<meta name=\"author\" content=\"David H\u00f8jmark\" \/>\n<meta name=\"twitter:card\" content=\"summary_large_image\" \/>\n<meta name=\"twitter:label1\" content=\"Skrevet af\" \/>\n\t<meta name=\"twitter:data1\" content=\"David H\u00f8jmark\" \/>\n\t<meta name=\"twitter:label2\" content=\"Estimeret l\u00e6setid\" \/>\n\t<meta name=\"twitter:data2\" content=\"2 minutter\" \/>\n<script type=\"application\/ld+json\" class=\"yoast-schema-graph\">{\"@context\":\"https:\/\/schema.org\",\"@graph\":[{\"@type\":\"Article\",\"@id\":\"https:\/\/kunmedierne.dk\/mors\/kulturmoedet-praesenterer-anmelderroste-forfattere\/#article\",\"isPartOf\":{\"@id\":\"https:\/\/kunmedierne.dk\/mors\/kulturmoedet-praesenterer-anmelderroste-forfattere\/\"},\"author\":{\"name\":\"David H\u00f8jmark\",\"@id\":\"https:\/\/kunmedierne.dk\/mors\/#\/schema\/person\/5fe23251bf1d0abbcdc6f7896579d548\"},\"headline\":\"Kulturm\u00f8det pr\u00e6senterer anmelderroste forfattere\",\"datePublished\":\"2023-05-02T20:06:50+00:00\",\"dateModified\":\"2024-08-12T11:18:13+00:00\",\"mainEntityOfPage\":{\"@id\":\"https:\/\/kunmedierne.dk\/mors\/kulturmoedet-praesenterer-anmelderroste-forfattere\/\"},\"wordCount\":347,\"publisher\":{\"@id\":\"https:\/\/kunmedierne.dk\/mors\/#organization\"},\"image\":{\"@id\":\"https:\/\/kunmedierne.dk\/mors\/kulturmoedet-praesenterer-anmelderroste-forfattere\/#primaryimage\"},\"thumbnailUrl\":\"https:\/\/kunmedierne.dk\/mors\/wp-content\/uploads\/2023\/05\/kristian-leth.jpg\",\"keywords\":[\"Kulturm\u00f8det\"],\"articleSection\":[\"Kultur\"],\"inLanguage\":\"da-DK\"},{\"@type\":\"WebPage\",\"@id\":\"https:\/\/kunmedierne.dk\/mors\/kulturmoedet-praesenterer-anmelderroste-forfattere\/\",\"url\":\"https:\/\/kunmedierne.dk\/mors\/kulturmoedet-praesenterer-anmelderroste-forfattere\/\",\"name\":\"Kulturm\u00f8det pr\u00e6senterer anmelderroste forfattere - Mors\",\"isPartOf\":{\"@id\":\"https:\/\/kunmedierne.dk\/mors\/#website\"},\"primaryImageOfPage\":{\"@id\":\"https:\/\/kunmedierne.dk\/mors\/kulturmoedet-praesenterer-anmelderroste-forfattere\/#primaryimage\"},\"image\":{\"@id\":\"https:\/\/kunmedierne.dk\/mors\/kulturmoedet-praesenterer-anmelderroste-forfattere\/#primaryimage\"},\"thumbnailUrl\":\"https:\/\/kunmedierne.dk\/mors\/wp-content\/uploads\/2023\/05\/kristian-leth.jpg\",\"datePublished\":\"2023-05-02T20:06:50+00:00\",\"dateModified\":\"2024-08-12T11:18:13+00:00\",\"breadcrumb\":{\"@id\":\"https:\/\/kunmedierne.dk\/mors\/kulturmoedet-praesenterer-anmelderroste-forfattere\/#breadcrumb\"},\"inLanguage\":\"da-DK\",\"potentialAction\":[{\"@type\":\"ReadAction\",\"target\":[\"https:\/\/kunmedierne.dk\/mors\/kulturmoedet-praesenterer-anmelderroste-forfattere\/\"]}]},{\"@type\":\"ImageObject\",\"inLanguage\":\"da-DK\",\"@id\":\"https:\/\/kunmedierne.dk\/mors\/kulturmoedet-praesenterer-anmelderroste-forfattere\/#primaryimage\",\"url\":\"https:\/\/kunmedierne.dk\/mors\/wp-content\/uploads\/2023\/05\/kristian-leth.jpg\",\"contentUrl\":\"https:\/\/kunmedierne.dk\/mors\/wp-content\/uploads\/2023\/05\/kristian-leth.jpg\",\"width\":770,\"height\":433,\"caption\":\"Kristian Leth er blandt deltagerne p\u00e5 Kulturm\u00f8det Mors 2023. PR-foto.\"},{\"@type\":\"BreadcrumbList\",\"@id\":\"https:\/\/kunmedierne.dk\/mors\/kulturmoedet-praesenterer-anmelderroste-forfattere\/#breadcrumb\",\"itemListElement\":[{\"@type\":\"ListItem\",\"position\":1,\"name\":\"Hjem\",\"item\":\"https:\/\/kunmedierne.dk\/mors\/\"},{\"@type\":\"ListItem\",\"position\":2,\"name\":\"Kulturm\u00f8det pr\u00e6senterer anmelderroste forfattere\"}]},{\"@type\":\"WebSite\",\"@id\":\"https:\/\/kunmedierne.dk\/mors\/#website\",\"url\":\"https:\/\/kunmedierne.dk\/mors\/\",\"name\":\"Mors\",\"description\":\"et netmedie med journalistik om livet p\u00e5 Mors\",\"publisher\":{\"@id\":\"https:\/\/kunmedierne.dk\/mors\/#organization\"},\"potentialAction\":[{\"@type\":\"SearchAction\",\"target\":{\"@type\":\"EntryPoint\",\"urlTemplate\":\"https:\/\/kunmedierne.dk\/mors\/?s={search_term_string}\"},\"query-input\":{\"@type\":\"PropertyValueSpecification\",\"valueRequired\":true,\"valueName\":\"search_term_string\"}}],\"inLanguage\":\"da-DK\"},{\"@type\":\"Organization\",\"@id\":\"https:\/\/kunmedierne.dk\/mors\/#organization\",\"name\":\"Mors\",\"url\":\"https:\/\/kunmedierne.dk\/mors\/\",\"logo\":{\"@type\":\"ImageObject\",\"inLanguage\":\"da-DK\",\"@id\":\"https:\/\/kunmedierne.dk\/mors\/#\/schema\/logo\/image\/\",\"url\":\"https:\/\/kunmedierne.dk\/mors\/wp-content\/uploads\/2024\/08\/kunmors-logo.svg\",\"contentUrl\":\"https:\/\/kunmedierne.dk\/mors\/wp-content\/uploads\/2024\/08\/kunmors-logo.svg\",\"caption\":\"Mors\"},\"image\":{\"@id\":\"https:\/\/kunmedierne.dk\/mors\/#\/schema\/logo\/image\/\"}},{\"@type\":\"Person\",\"@id\":\"https:\/\/kunmedierne.dk\/mors\/#\/schema\/person\/5fe23251bf1d0abbcdc6f7896579d548\",\"name\":\"David H\u00f8jmark\",\"image\":{\"@type\":\"ImageObject\",\"inLanguage\":\"da-DK\",\"@id\":\"https:\/\/kunmedierne.dk\/mors\/#\/schema\/person\/image\/\",\"url\":\"https:\/\/secure.gravatar.com\/avatar\/4315d6fb9ef244d729989f5f90268eb08d5bf8a3d84402f595fa194bb35784fd?s=96&d=mm&r=g\",\"contentUrl\":\"https:\/\/secure.gravatar.com\/avatar\/4315d6fb9ef244d729989f5f90268eb08d5bf8a3d84402f595fa194bb35784fd?s=96&d=mm&r=g\",\"caption\":\"David H\u00f8jmark\"},\"sameAs\":[\"https:\/\/www.kunmedierne.dk\"],\"url\":\"https:\/\/kunmedierne.dk\/mors\/author\/david\/\"}]}<\/script>\n<!-- \/ Yoast SEO plugin. -->","yoast_head_json":{"title":"Kulturm\u00f8det pr\u00e6senterer anmelderroste forfattere - Mors","robots":{"index":"index","follow":"follow","max-snippet":"max-snippet:-1","max-image-preview":"max-image-preview:large","max-video-preview":"max-video-preview:-1"},"canonical":"https:\/\/kunmedierne.dk\/mors\/kulturmoedet-praesenterer-anmelderroste-forfattere\/","og_locale":"da_DK","og_type":"article","og_title":"Kulturm\u00f8det pr\u00e6senterer anmelderroste forfattere - Mors","og_description":"KULTURM\u00d8DET: Der er n\u00e6sten fire m\u00e5neder til Kulturm\u00f8det Mors, men allerede nu kan man se frem til indhold med fylde. Som altid venter et program med st\u00e6rke forfattere, der blandt andet kommer til Mors for at diskutere samfundet. Og seneste har Kulturm\u00f8et pr\u00e6senteret anmelderroste og markante forfattere til \u00e5rets program. &#8220;Vi har inviteret en r\u00e6kke [&hellip;]","og_url":"https:\/\/kunmedierne.dk\/mors\/kulturmoedet-praesenterer-anmelderroste-forfattere\/","og_site_name":"Mors","article_published_time":"2023-05-02T20:06:50+00:00","article_modified_time":"2024-08-12T11:18:13+00:00","og_image":[{"width":770,"height":433,"url":"https:\/\/kunmedierne.dk\/mors\/wp-content\/uploads\/2023\/05\/kristian-leth.jpg","type":"image\/jpeg"}],"author":"David H\u00f8jmark","twitter_card":"summary_large_image","twitter_misc":{"Skrevet af":"David H\u00f8jmark","Estimeret l\u00e6setid":"2 minutter"},"schema":{"@context":"https:\/\/schema.org","@graph":[{"@type":"Article","@id":"https:\/\/kunmedierne.dk\/mors\/kulturmoedet-praesenterer-anmelderroste-forfattere\/#article","isPartOf":{"@id":"https:\/\/kunmedierne.dk\/mors\/kulturmoedet-praesenterer-anmelderroste-forfattere\/"},"author":{"name":"David H\u00f8jmark","@id":"https:\/\/kunmedierne.dk\/mors\/#\/schema\/person\/5fe23251bf1d0abbcdc6f7896579d548"},"headline":"Kulturm\u00f8det pr\u00e6senterer anmelderroste forfattere","datePublished":"2023-05-02T20:06:50+00:00","dateModified":"2024-08-12T11:18:13+00:00","mainEntityOfPage":{"@id":"https:\/\/kunmedierne.dk\/mors\/kulturmoedet-praesenterer-anmelderroste-forfattere\/"},"wordCount":347,"publisher":{"@id":"https:\/\/kunmedierne.dk\/mors\/#organization"},"image":{"@id":"https:\/\/kunmedierne.dk\/mors\/kulturmoedet-praesenterer-anmelderroste-forfattere\/#primaryimage"},"thumbnailUrl":"https:\/\/kunmedierne.dk\/mors\/wp-content\/uploads\/2023\/05\/kristian-leth.jpg","keywords":["Kulturm\u00f8det"],"articleSection":["Kultur"],"inLanguage":"da-DK"},{"@type":"WebPage","@id":"https:\/\/kunmedierne.dk\/mors\/kulturmoedet-praesenterer-anmelderroste-forfattere\/","url":"https:\/\/kunmedierne.dk\/mors\/kulturmoedet-praesenterer-anmelderroste-forfattere\/","name":"Kulturm\u00f8det pr\u00e6senterer anmelderroste forfattere - Mors","isPartOf":{"@id":"https:\/\/kunmedierne.dk\/mors\/#website"},"primaryImageOfPage":{"@id":"https:\/\/kunmedierne.dk\/mors\/kulturmoedet-praesenterer-anmelderroste-forfattere\/#primaryimage"},"image":{"@id":"https:\/\/kunmedierne.dk\/mors\/kulturmoedet-praesenterer-anmelderroste-forfattere\/#primaryimage"},"thumbnailUrl":"https:\/\/kunmedierne.dk\/mors\/wp-content\/uploads\/2023\/05\/kristian-leth.jpg","datePublished":"2023-05-02T20:06:50+00:00","dateModified":"2024-08-12T11:18:13+00:00","breadcrumb":{"@id":"https:\/\/kunmedierne.dk\/mors\/kulturmoedet-praesenterer-anmelderroste-forfattere\/#breadcrumb"},"inLanguage":"da-DK","potentialAction":[{"@type":"ReadAction","target":["https:\/\/kunmedierne.dk\/mors\/kulturmoedet-praesenterer-anmelderroste-forfattere\/"]}]},{"@type":"ImageObject","inLanguage":"da-DK","@id":"https:\/\/kunmedierne.dk\/mors\/kulturmoedet-praesenterer-anmelderroste-forfattere\/#primaryimage","url":"https:\/\/kunmedierne.dk\/mors\/wp-content\/uploads\/2023\/05\/kristian-leth.jpg","contentUrl":"https:\/\/kunmedierne.dk\/mors\/wp-content\/uploads\/2023\/05\/kristian-leth.jpg","width":770,"height":433,"caption":"Kristian Leth er blandt deltagerne p\u00e5 Kulturm\u00f8det Mors 2023. PR-foto."},{"@type":"BreadcrumbList","@id":"https:\/\/kunmedierne.dk\/mors\/kulturmoedet-praesenterer-anmelderroste-forfattere\/#breadcrumb","itemListElement":[{"@type":"ListItem","position":1,"name":"Hjem","item":"https:\/\/kunmedierne.dk\/mors\/"},{"@type":"ListItem","position":2,"name":"Kulturm\u00f8det pr\u00e6senterer anmelderroste forfattere"}]},{"@type":"WebSite","@id":"https:\/\/kunmedierne.dk\/mors\/#website","url":"https:\/\/kunmedierne.dk\/mors\/","name":"Mors","description":"et netmedie med journalistik om livet p\u00e5 Mors","publisher":{"@id":"https:\/\/kunmedierne.dk\/mors\/#organization"},"potentialAction":[{"@type":"SearchAction","target":{"@type":"EntryPoint","urlTemplate":"https:\/\/kunmedierne.dk\/mors\/?s={search_term_string}"},"query-input":{"@type":"PropertyValueSpecification","valueRequired":true,"valueName":"search_term_string"}}],"inLanguage":"da-DK"},{"@type":"Organization","@id":"https:\/\/kunmedierne.dk\/mors\/#organization","name":"Mors","url":"https:\/\/kunmedierne.dk\/mors\/","logo":{"@type":"ImageObject","inLanguage":"da-DK","@id":"https:\/\/kunmedierne.dk\/mors\/#\/schema\/logo\/image\/","url":"https:\/\/kunmedierne.dk\/mors\/wp-content\/uploads\/2024\/08\/kunmors-logo.svg","contentUrl":"https:\/\/kunmedierne.dk\/mors\/wp-content\/uploads\/2024\/08\/kunmors-logo.svg","caption":"Mors"},"image":{"@id":"https:\/\/kunmedierne.dk\/mors\/#\/schema\/logo\/image\/"}},{"@type":"Person","@id":"https:\/\/kunmedierne.dk\/mors\/#\/schema\/person\/5fe23251bf1d0abbcdc6f7896579d548","name":"David H\u00f8jmark","image":{"@type":"ImageObject","inLanguage":"da-DK","@id":"https:\/\/kunmedierne.dk\/mors\/#\/schema\/person\/image\/","url":"https:\/\/secure.gravatar.com\/avatar\/4315d6fb9ef244d729989f5f90268eb08d5bf8a3d84402f595fa194bb35784fd?s=96&d=mm&r=g","contentUrl":"https:\/\/secure.gravatar.com\/avatar\/4315d6fb9ef244d729989f5f90268eb08d5bf8a3d84402f595fa194bb35784fd?s=96&d=mm&r=g","caption":"David H\u00f8jmark"},"sameAs":["https:\/\/www.kunmedierne.dk"],"url":"https:\/\/kunmedierne.dk\/mors\/author\/david\/"}]}},"_links":{"self":[{"href":"https:\/\/kunmedierne.dk\/mors\/wp-json\/wp\/v2\/posts\/93207","targetHints":{"allow":["GET"]}}],"collection":[{"href":"https:\/\/kunmedierne.dk\/mors\/wp-json\/wp\/v2\/posts"}],"about":[{"href":"https:\/\/kunmedierne.dk\/mors\/wp-json\/wp\/v2\/types\/post"}],"author":[{"embeddable":true,"href":"https:\/\/kunmedierne.dk\/mors\/wp-json\/wp\/v2\/users\/8"}],"replies":[{"embeddable":true,"href":"https:\/\/kunmedierne.dk\/mors\/wp-json\/wp\/v2\/comments?post=93207"}],"version-history":[{"count":2,"href":"https:\/\/kunmedierne.dk\/mors\/wp-json\/wp\/v2\/posts\/93207\/revisions"}],"predecessor-version":[{"id":94103,"href":"https:\/\/kunmedierne.dk\/mors\/wp-json\/wp\/v2\/posts\/93207\/revisions\/94103"}],"wp:featuredmedia":[{"embeddable":true,"href":"https:\/\/kunmedierne.dk\/mors\/wp-json\/wp\/v2\/media\/94102"}],"wp:attachment":[{"href":"https:\/\/kunmedierne.dk\/mors\/wp-json\/wp\/v2\/media?parent=93207"}],"wp:term":[{"taxonomy":"category","embeddable":true,"href":"https:\/\/kunmedierne.dk\/mors\/wp-json\/wp\/v2\/categories?post=93207"},{"taxonomy":"post_tag","embeddable":true,"href":"https:\/\/kunmedierne.dk\/mors\/wp-json\/wp\/v2\/tags?post=93207"}],"curies":[{"name":"wp","href":"https:\/\/api.w.org\/{rel}","templated":true}]}}